{"id":2050,"date":"2017-12-23T22:57:20","date_gmt":"2017-12-23T20:57:20","guid":{"rendered":"https:\/\/www.welovecycling.com\/es\/?p=2050"},"modified":"2017-12-23T22:57:20","modified_gmt":"2017-12-23T20:57:20","slug":"celebra-la-navidad-como-un-ciclista","status":"publish","type":"post","link":"https:\/\/www.welovecycling.com\/es\/2017\/12\/23\/celebra-la-navidad-como-un-ciclista\/","title":{"rendered":"Celebra la Navidad como un ciclista"},"content":{"rendered":"<p><strong>Las Navidades han llegado y entre tanta comida y bebida se hace dif\u00edcil salir en bicicleta. De todas formas tu todav\u00eda puedes tener tiempo ciclista de calidad. Solo tienes que elegir alguna de las actividades que te proponemos para estas fiestas.<\/strong><br \/>\n<!--more--><\/p>\n<h2><strong>Pro Cycling Manager 2017<\/strong><\/h2>\n<lite-youtube videoid=Q88V0DWrGok params=\"enablejsapi=1\" style=\"background-image: url('https:\/\/i.ytimg.com\/vi_webp\/Q88V0DWrGok\/maxresdefault.webp');\"><\/lite-youtube>\n<p>Ahora mismo no hay demasiados videojuegos ciclistas en los que elegir, pero el Pro Cycling Manager 2017 te permite dirigir un equipo profesional y disfrutar en m\u00e1s de 200 carreras alrededor del mundo, incluyendo el Tour de Francia o La Vuelta. Tu puedes fichar ciclistas, contratar entrenadores, negociar contratos y encontrar patrocinadores. Tambi\u00e9n puedes dise\u00f1ar estrategias para carreras de un d\u00eda o manejar a los ciclistas en tiempo real. El juego est\u00e1 disponible en PC, XBOX y PS4.<\/p>\n<h2><strong>This Road I Ride<\/strong><\/h2>\n<p><img decoding=\"async\" src=\"https:\/\/d2p6e6u75xmxt8.cloudfront.net\/2\/2017\/12\/thisroad.jpg\" \/><\/p>\n<p>La historia inspiradora de c\u00f3mo Juliana Buhring se convirti\u00f3 en la primera mujer en dar la vuelta al mundo en bicicleta, con s\u00f3lo unos meses de entrenamiento y un poco de apoyo. 28.968 kil\u00f3metros, 19 pa\u00edses, cuatro continentes, seis monta\u00f1as, un desierto y un cicl\u00f3n en 152 d\u00edas. El incre\u00edble viaje definitivamente sorprender\u00e1 a todos.<\/p>\n<h2><strong>A Sunday in Hell<\/strong><\/h2>\n<lite-youtube videoid=zxBTVU9JDrA params=\"enablejsapi=1\" style=\"background-image: url('https:\/\/i.ytimg.com\/vi_webp\/zxBTVU9JDrA\/maxresdefault.webp');\"><\/lite-youtube>\n<p>No nos digas que no te hacen ilusi\u00f3n las Cl\u00e1sicas de Primavera. Un domingo en el infierno es un documental sobre la m\u00e1s famosa de todas, la emblem\u00e1tica Paris-Roubaix. La pel\u00edcula cuenta la historia de una batalla entre dos legendarios rivales, Eddy Merckx y Roger De Vlaeminck. Aunque tal vez ya conozcas el resultado de la carrera, de todos modos ceder\u00e1s a la impresionante acci\u00f3n<\/p>\n<h2><strong>Zinn &amp; the Art of Road Bike Maintenance<\/strong><\/h2>\n<p><img decoding=\"async\" src=\"https:\/\/d2p6e6u75xmxt8.cloudfront.net\/2\/2017\/12\/ZR5_96dpi_400x500px_str2.jpg\" \/><\/p>\n<p>Lennard Zinn es el experto l\u00edder mundial en mantenimiento y reparaci\u00f3n de bicicletas. Y la \u00faltima edici\u00f3n de su biblia de reparaci\u00f3n de bicicletas es imprescindible para cualquier ciclista. Adem\u00e1s, las vacaciones de Navidad es el momento ideal para absorber toda la sabidur\u00eda.<\/p>\n<h2><strong>The Triplets of Belleville<\/strong><\/h2>\n<lite-youtube videoid=PZeWp1D8MlU params=\"enablejsapi=1\" style=\"background-image: url('https:\/\/i.ytimg.com\/vi_webp\/PZeWp1D8MlU\/maxresdefault.webp');\"><\/lite-youtube>\n<p>Champion es un ni\u00f1o peque\u00f1o que fue adoptado por su abuela Souza. Bajo su supervisi\u00f3n se convierte en un gran ciclista y uno de los favoritos del Tour de Francia. M\u00e1s tarde es secuestrado, sin embargo, y Madame Souza y su querido perro Bruno se unen con un viejo equipo de canto y baile de los d\u00edas de Fred Astaire para intentar rescatarlo. No te pierdas esta pel\u00edcula! Podr\u00eda ser considerada una pel\u00edcula de culto en un par de a\u00f1os.<\/p>\n","protected":false},"excerpt":{"rendered":"<p>Las Navidades han llegado y entre tanta comida y bebida se hace dif\u00edcil salir en bicicleta. De todas formas tu [&hellip;]<\/p>\n","protected":false},"author":29,"featured_media":2052,"comment_status":"open","ping_status":"open","sticky":false,"template":"","format":"standard","meta":{"footnotes":""},"categories":[7,8,9,6],"tags":[244],"global-categories":[],"class_list":["post-2050","post","type-post","status-publish","format-standard","has-post-thumbnail","hentry","category-carretera","category-life-style","category-mtb-aventura","category-urban","tag-navidad-ciclista"],"yoast_head":"<!-- This site is optimized with the Yoast SEO Premium plugin v25.3 (Yoast SEO v25.9) - https:\/\/yoast.com\/wordpress\/plugins\/seo\/ -->\n<title>Celebra la Navidad como un ciclista - \u0160koda We Love Cycling - Spain<\/title>\n<meta name=\"description\" content=\"Consejos para celebrar la Navidad como un ciclista cuando no puedes montar en bicicleta. Qu\u00e9 otras actividades te ayudan a pasar el tiempo.\" \/>\n<meta name=\"robots\" content=\"index, follow, max-snippet:-1, max-image-preview:large, max-video-preview:-1\" \/>\n<link rel=\"canonical\" href=\"https:\/\/www.welovecycling.com\/es\/2017\/12\/23\/celebra-la-navidad-como-un-ciclista\/\" \/>\n<meta property=\"og:locale\" content=\"es_ES\" \/>\n<meta property=\"og:type\" content=\"article\" \/>\n<meta property=\"og:title\" content=\"Celebra la Navidad como un ciclista\" \/>\n<meta property=\"og:description\" content=\"Consejos para celebrar la Navidad como un ciclista cuando no puedes montar en bicicleta. Qu\u00e9 otras actividades te ayudan a pasar el tiempo.\" \/>\n<meta property=\"og:url\" content=\"https:\/\/www.welovecycling.com\/es\/2017\/12\/23\/celebra-la-navidad-como-un-ciclista\/\" \/>\n<meta property=\"og:site_name\" content=\"\u0160koda We Love Cycling - Spain\" \/>\n<meta property=\"article:published_time\" content=\"2017-12-23T20:57:20+00:00\" \/>\n<meta property=\"og:image\" content=\"https:\/\/d2p6e6u75xmxt8.cloudfront.net\/6\/2017\/12\/profimedia-0212881440-1.jpg\" \/>\n\t<meta property=\"og:image:width\" content=\"1366\" \/>\n\t<meta property=\"og:image:height\" content=\"600\" \/>\n\t<meta property=\"og:image:type\" content=\"image\/jpeg\" \/>\n<meta name=\"author\" content=\"We Love Cycling Spain\" \/>\n<meta name=\"twitter:card\" content=\"summary_large_image\" \/>\n<meta name=\"twitter:label1\" content=\"Written by\" \/>\n\t<meta name=\"twitter:data1\" content=\"Monica Buck\" \/>\n\t<meta name=\"twitter:label2\" content=\"Est. reading time\" \/>\n\t<meta name=\"twitter:data2\" content=\"2 minutes\" \/>\n<script type=\"application\/ld+json\" class=\"yoast-schema-graph\">{\"@context\":\"https:\/\/schema.org\",\"@graph\":[{\"@type\":\"WebPage\",\"@id\":\"https:\/\/www.welovecycling.com\/es\/2017\/12\/23\/celebra-la-navidad-como-un-ciclista\/\",\"url\":\"https:\/\/www.welovecycling.com\/es\/2017\/12\/23\/celebra-la-navidad-como-un-ciclista\/\",\"name\":\"Celebra la Navidad como un ciclista - \u0160koda We Love Cycling - Spain\",\"isPartOf\":{\"@id\":\"https:\/\/www.welovecycling.com\/es\/#website\"},\"primaryImageOfPage\":{\"@id\":\"https:\/\/www.welovecycling.com\/es\/2017\/12\/23\/celebra-la-navidad-como-un-ciclista\/#primaryimage\"},\"image\":{\"@id\":\"https:\/\/www.welovecycling.com\/es\/2017\/12\/23\/celebra-la-navidad-como-un-ciclista\/#primaryimage\"},\"thumbnailUrl\":\"https:\/\/d2p6e6u75xmxt8.cloudfront.net\/6\/2017\/12\/profimedia-0212881440-1.jpg\",\"datePublished\":\"2017-12-23T20:57:20+00:00\",\"author\":{\"@id\":\"https:\/\/www.welovecycling.com\/es\/#\/schema\/person\/deb61715b5812698ee79fb96f343ccd4\"},\"description\":\"Consejos para celebrar la Navidad como un ciclista cuando no puedes montar en bicicleta. Qu\u00e9 otras actividades te ayudan a pasar el tiempo.\",\"breadcrumb\":{\"@id\":\"https:\/\/www.welovecycling.com\/es\/2017\/12\/23\/celebra-la-navidad-como-un-ciclista\/#breadcrumb\"},\"inLanguage\":\"es-ES\",\"potentialAction\":[{\"@type\":\"ReadAction\",\"target\":[\"https:\/\/www.welovecycling.com\/es\/2017\/12\/23\/celebra-la-navidad-como-un-ciclista\/\"]}]},{\"@type\":\"ImageObject\",\"inLanguage\":\"es-ES\",\"@id\":\"https:\/\/www.welovecycling.com\/es\/2017\/12\/23\/celebra-la-navidad-como-un-ciclista\/#primaryimage\",\"url\":\"https:\/\/d2p6e6u75xmxt8.cloudfront.net\/6\/2017\/12\/profimedia-0212881440-1.jpg\",\"contentUrl\":\"https:\/\/d2p6e6u75xmxt8.cloudfront.net\/6\/2017\/12\/profimedia-0212881440-1.jpg\",\"width\":1366,\"height\":600},{\"@type\":\"BreadcrumbList\",\"@id\":\"https:\/\/www.welovecycling.com\/es\/2017\/12\/23\/celebra-la-navidad-como-un-ciclista\/#breadcrumb\",\"itemListElement\":[{\"@type\":\"ListItem\",\"position\":1,\"name\":\"Home\",\"item\":\"https:\/\/www.welovecycling.com\/es\/\"},{\"@type\":\"ListItem\",\"position\":2,\"name\":\"Celebra la Navidad como un ciclista\"}]},{\"@type\":\"WebSite\",\"@id\":\"https:\/\/www.welovecycling.com\/es\/#website\",\"url\":\"https:\/\/www.welovecycling.com\/es\/\",\"name\":\"\u0160koda We Love Cycling - Spain\",\"description\":\"\u0160koda WeLoveCycling Spain\",\"potentialAction\":[{\"@type\":\"SearchAction\",\"target\":{\"@type\":\"EntryPoint\",\"urlTemplate\":\"https:\/\/www.welovecycling.com\/es\/?s={search_term_string}\"},\"query-input\":{\"@type\":\"PropertyValueSpecification\",\"valueRequired\":true,\"valueName\":\"search_term_string\"}}],\"inLanguage\":\"es-ES\"},{\"@type\":\"Person\",\"@id\":\"https:\/\/www.welovecycling.com\/es\/#\/schema\/person\/deb61715b5812698ee79fb96f343ccd4\",\"name\":\"We Love Cycling Spain\",\"image\":{\"@type\":\"ImageObject\",\"inLanguage\":\"es-ES\",\"@id\":\"https:\/\/www.welovecycling.com\/es\/#\/schema\/person\/image\/\",\"url\":\"https:\/\/secure.gravatar.com\/avatar\/c824b04e6df0e37a03219d0b6481672889df542894588964102459e46513159c?s=96&d=mm&r=g\",\"contentUrl\":\"https:\/\/secure.gravatar.com\/avatar\/c824b04e6df0e37a03219d0b6481672889df542894588964102459e46513159c?s=96&d=mm&r=g\",\"caption\":\"We Love Cycling Spain\"},\"url\":\"https:\/\/www.welovecycling.com\/es\/author\/amunoz\/\"}]}<\/script>\n<!-- \/ Yoast SEO Premium plugin. -->","yoast_head_json":{"title":"Celebra la Navidad como un ciclista - \u0160koda We Love Cycling - Spain","description":"Consejos para celebrar la Navidad como un ciclista cuando no puedes montar en bicicleta. Qu\u00e9 otras actividades te ayudan a pasar el tiempo.","robots":{"index":"index","follow":"follow","max-snippet":"max-snippet:-1","max-image-preview":"max-image-preview:large","max-video-preview":"max-video-preview:-1"},"canonical":"https:\/\/www.welovecycling.com\/es\/2017\/12\/23\/celebra-la-navidad-como-un-ciclista\/","og_locale":"es_ES","og_type":"article","og_title":"Celebra la Navidad como un ciclista","og_description":"Consejos para celebrar la Navidad como un ciclista cuando no puedes montar en bicicleta. Qu\u00e9 otras actividades te ayudan a pasar el tiempo.","og_url":"https:\/\/www.welovecycling.com\/es\/2017\/12\/23\/celebra-la-navidad-como-un-ciclista\/","og_site_name":"\u0160koda We Love Cycling - Spain","article_published_time":"2017-12-23T20:57:20+00:00","og_image":[{"width":1366,"height":600,"url":"https:\/\/d2p6e6u75xmxt8.cloudfront.net\/6\/2017\/12\/profimedia-0212881440-1.jpg","type":"image\/jpeg"}],"author":"We Love Cycling Spain","twitter_card":"summary_large_image","twitter_misc":{"Written by":"Monica Buck","Est. reading time":"2 minutes"},"schema":{"@context":"https:\/\/schema.org","@graph":[{"@type":"WebPage","@id":"https:\/\/www.welovecycling.com\/es\/2017\/12\/23\/celebra-la-navidad-como-un-ciclista\/","url":"https:\/\/www.welovecycling.com\/es\/2017\/12\/23\/celebra-la-navidad-como-un-ciclista\/","name":"Celebra la Navidad como un ciclista - \u0160koda We Love Cycling - Spain","isPartOf":{"@id":"https:\/\/www.welovecycling.com\/es\/#website"},"primaryImageOfPage":{"@id":"https:\/\/www.welovecycling.com\/es\/2017\/12\/23\/celebra-la-navidad-como-un-ciclista\/#primaryimage"},"image":{"@id":"https:\/\/www.welovecycling.com\/es\/2017\/12\/23\/celebra-la-navidad-como-un-ciclista\/#primaryimage"},"thumbnailUrl":"https:\/\/d2p6e6u75xmxt8.cloudfront.net\/6\/2017\/12\/profimedia-0212881440-1.jpg","datePublished":"2017-12-23T20:57:20+00:00","author":{"@id":"https:\/\/www.welovecycling.com\/es\/#\/schema\/person\/deb61715b5812698ee79fb96f343ccd4"},"description":"Consejos para celebrar la Navidad como un ciclista cuando no puedes montar en bicicleta. Qu\u00e9 otras actividades te ayudan a pasar el tiempo.","breadcrumb":{"@id":"https:\/\/www.welovecycling.com\/es\/2017\/12\/23\/celebra-la-navidad-como-un-ciclista\/#breadcrumb"},"inLanguage":"es-ES","potentialAction":[{"@type":"ReadAction","target":["https:\/\/www.welovecycling.com\/es\/2017\/12\/23\/celebra-la-navidad-como-un-ciclista\/"]}]},{"@type":"ImageObject","inLanguage":"es-ES","@id":"https:\/\/www.welovecycling.com\/es\/2017\/12\/23\/celebra-la-navidad-como-un-ciclista\/#primaryimage","url":"https:\/\/d2p6e6u75xmxt8.cloudfront.net\/6\/2017\/12\/profimedia-0212881440-1.jpg","contentUrl":"https:\/\/d2p6e6u75xmxt8.cloudfront.net\/6\/2017\/12\/profimedia-0212881440-1.jpg","width":1366,"height":600},{"@type":"BreadcrumbList","@id":"https:\/\/www.welovecycling.com\/es\/2017\/12\/23\/celebra-la-navidad-como-un-ciclista\/#breadcrumb","itemListElement":[{"@type":"ListItem","position":1,"name":"Home","item":"https:\/\/www.welovecycling.com\/es\/"},{"@type":"ListItem","position":2,"name":"Celebra la Navidad como un ciclista"}]},{"@type":"WebSite","@id":"https:\/\/www.welovecycling.com\/es\/#website","url":"https:\/\/www.welovecycling.com\/es\/","name":"\u0160koda We Love Cycling - Spain","description":"\u0160koda WeLoveCycling Spain","potentialAction":[{"@type":"SearchAction","target":{"@type":"EntryPoint","urlTemplate":"https:\/\/www.welovecycling.com\/es\/?s={search_term_string}"},"query-input":{"@type":"PropertyValueSpecification","valueRequired":true,"valueName":"search_term_string"}}],"inLanguage":"es-ES"},{"@type":"Person","@id":"https:\/\/www.welovecycling.com\/es\/#\/schema\/person\/deb61715b5812698ee79fb96f343ccd4","name":"We Love Cycling Spain","image":{"@type":"ImageObject","inLanguage":"es-ES","@id":"https:\/\/www.welovecycling.com\/es\/#\/schema\/person\/image\/","url":"https:\/\/secure.gravatar.com\/avatar\/c824b04e6df0e37a03219d0b6481672889df542894588964102459e46513159c?s=96&d=mm&r=g","contentUrl":"https:\/\/secure.gravatar.com\/avatar\/c824b04e6df0e37a03219d0b6481672889df542894588964102459e46513159c?s=96&d=mm&r=g","caption":"We Love Cycling Spain"},"url":"https:\/\/www.welovecycling.com\/es\/author\/amunoz\/"}]}},"_links":{"self":[{"href":"https:\/\/www.welovecycling.com\/es\/wp-json\/wp\/v2\/posts\/2050","targetHints":{"allow":["GET"]}}],"collection":[{"href":"https:\/\/www.welovecycling.com\/es\/wp-json\/wp\/v2\/posts"}],"about":[{"href":"https:\/\/www.welovecycling.com\/es\/wp-json\/wp\/v2\/types\/post"}],"author":[{"embeddable":true,"href":"https:\/\/www.welovecycling.com\/es\/wp-json\/wp\/v2\/users\/29"}],"replies":[{"embeddable":true,"href":"https:\/\/www.welovecycling.com\/es\/wp-json\/wp\/v2\/comments?post=2050"}],"version-history":[{"count":1,"href":"https:\/\/www.welovecycling.com\/es\/wp-json\/wp\/v2\/posts\/2050\/revisions"}],"predecessor-version":[{"id":2065,"href":"https:\/\/www.welovecycling.com\/es\/wp-json\/wp\/v2\/posts\/2050\/revisions\/2065"}],"wp:featuredmedia":[{"embeddable":true,"href":"https:\/\/www.welovecycling.com\/es\/wp-json\/wp\/v2\/media\/2052"}],"wp:attachment":[{"href":"https:\/\/www.welovecycling.com\/es\/wp-json\/wp\/v2\/media?parent=2050"}],"wp:term":[{"taxonomy":"category","embeddable":true,"href":"https:\/\/www.welovecycling.com\/es\/wp-json\/wp\/v2\/categories?post=2050"},{"taxonomy":"post_tag","embeddable":true,"href":"https:\/\/www.welovecycling.com\/es\/wp-json\/wp\/v2\/tags?post=2050"},{"taxonomy":"global-categories","embeddable":true,"href":"https:\/\/www.welovecycling.com\/es\/wp-json\/wp\/v2\/global-categories?post=2050"}],"curies":[{"name":"wp","href":"https:\/\/api.w.org\/{rel}","templated":true}]}}