{"id":1794,"date":"2017-11-14T12:40:47","date_gmt":"2017-11-14T10:40:47","guid":{"rendered":"https:\/\/www.welovecycling.com\/es\/?p=1794"},"modified":"2017-11-14T12:40:47","modified_gmt":"2017-11-14T10:40:47","slug":"el-velodromo-del-mont-ventoux","status":"publish","type":"post","link":"https:\/\/www.welovecycling.com\/es\/2017\/11\/14\/el-velodromo-del-mont-ventoux\/","title":{"rendered":"El vel\u00f3dromo del Mont Ventoux"},"content":{"rendered":"<p><strong>Un vel\u00f3dromo en el Mont Ventoux. Ese es el proyecto que quieren lanzar unos promotores franceses en la ciudad de Bedoin.<\/strong><br \/>\n<!--more--><\/p>\n<h2><strong>Pol\u00e9mica en\u00a0 B\u00e9doin<\/strong><\/h2>\n<p>B\u00e9doin, el pueblo de La Provenza que sirve de puerta de entrada al <strong>Mont Ventoux<\/strong>, est\u00e1 frente a una dif\u00edcil decisi\u00f3n. Est\u00e1n planeando construir un<strong> complejo ciclista en la ciudad<\/strong> y mientras algunos lo ven como una buena posibilidad para aumentar el turismo otros no ven claras las consecuencias que puede tener.<\/p>\n<p>Los vecinos se reunieron el pasado mes para debatir sobre los detalles de este proyecto tan ambicioso. El complejo comercial ocupar\u00eda <strong>30.000 metros cuadrados<\/strong> y estar\u00eda situado en una zona agr\u00edcola. El<strong> vel\u00f3dromo se construir\u00eda dentro de un centro comercial dedicado el ciclismo y tendr\u00eda una cuerda de 250 metros<\/strong> y una capacidad para 3.000 espectadores. Es decir, el equivalente a toda la poblaci\u00f3n. Adem\u00e1s construir\u00e1n un hotel de lujo con 100 habitaciones y una zona de restauraci\u00f3n y brasserie.<\/p>\n<p>El proyecto suena muy bien para cualquier ciclista, pero la oposici\u00f3n no est\u00e1 convencida. Se temen que el proyecto destrozar\u00e1 la relaci\u00f3n actual entre el pueblo y el ciclismo. Y har\u00e1 que el turismo masivo rompa con el encanto de un pueblo peque\u00f1o. <strong>Por eso la oposici\u00f3n ha pedido un referendum.\u00a0<\/strong><\/p>\n<p>Que piensas de este proyecto? Te gustar\u00eda visitarlo?<\/p>\n<h2><strong>Lo consigui\u00f3 Peter Sagan?!<\/strong><\/h2>\n<div class=\"embed-controller-wrapper\">\n<blockquote class=\"twitter-tweet\" data-width=\"500\" data-dnt=\"true\">\n<p lang=\"en\" dir=\"ltr\"><a href=\"https:\/\/twitter.com\/hashtag\/ThrowbackThursday?src=hash&amp;ref_src=twsrc%5Etfw\">#ThrowbackThursday<\/a> Trying to catch the frisbee before the @AmgenTOC <a href=\"https:\/\/t.co\/YauTT0vrYN\">pic.twitter.com\/YauTT0vrYN<\/a><\/p>\n<p>&mdash; Peter Sagan (@petosagan) <a href=\"https:\/\/twitter.com\/petosagan\/status\/926160480758059009?ref_src=twsrc%5Etfw\">November 2, 2017<\/a><\/p><\/blockquote>\n<p><script async data-src=\"https:\/\/platform.twitter.com\/widgets.js\" charset=\"utf-8\"><\/script><\/div>\n<h2><strong>La etiqueta ciclista<\/strong><\/h2>\n<div class=\"embed-controller-wrapper\">\n<blockquote class=\"twitter-tweet\" data-width=\"500\" data-dnt=\"true\">\n<p lang=\"en\" dir=\"ltr\">Fellow commuting cyclists, please fit mudguards. You may not mind a wet bum but you are spraying me with dirty water. It&#39;s good manners.<\/p>\n<p>&mdash; Grayson Perry (@Alan_Measles) <a href=\"https:\/\/twitter.com\/Alan_Measles\/status\/928915020318199808?ref_src=twsrc%5Etfw\">November 10, 2017<\/a><\/p><\/blockquote>\n<p><script async data-src=\"https:\/\/platform.twitter.com\/widgets.js\" charset=\"utf-8\"><\/script><\/div>\n<h2><strong>El ajuste perfecto<\/strong><\/h2>\n<p>https:\/\/www.instagram.com\/p\/Ba9Y4ipDueQ\/<\/p>\n<h2><strong>El adicto<\/strong><\/h2>\n<div class=\"embed-controller-wrapper\">\n<blockquote class=\"twitter-tweet\" data-width=\"500\" data-dnt=\"true\">\n<p lang=\"en\" dir=\"ltr\">First ride on <a href=\"https:\/\/twitter.com\/GoZwift?ref_src=twsrc%5Etfw\">@GoZwift<\/a>:<\/p>\n<p>Mom: Larry, it&#39;s time for dinner<br \/>Me: 10 minutes<br \/>Mom (+10 min): Larry!<br \/>Me: But Mom, I&#39;m in the leader&#39;s jersey!! \ud83d\ude02\ud83d\ude02\ud83d\ude02<\/p>\n<p>&mdash; Larry Warbasse (@larrywarbasse) <a href=\"https:\/\/twitter.com\/larrywarbasse\/status\/925131726833246209?ref_src=twsrc%5Etfw\">October 30, 2017<\/a><\/p><\/blockquote>\n<p><script async data-src=\"https:\/\/platform.twitter.com\/widgets.js\" charset=\"utf-8\"><\/script><\/div>\n<h2><strong>Ouch!<\/strong><\/h2>\n<div class=\"embed-controller-wrapper\">\n<blockquote class=\"twitter-tweet\" data-width=\"500\" data-dnt=\"true\">\n<p lang=\"en\" dir=\"ltr\">The moment I realised I could be sat at home with a brew, but this is how I choose to spend my Sundays.. <a href=\"https:\/\/t.co\/fDBxHSaFCx\">pic.twitter.com\/fDBxHSaFCx<\/a><\/p>\n<p>&mdash; MILADY MAKER!! \ud83c\udf37\ud83c\udf38\ud83c\udf1e (@elinorbarker) <a href=\"https:\/\/twitter.com\/elinorbarker\/status\/927258345924366337?ref_src=twsrc%5Etfw\">November 5, 2017<\/a><\/p><\/blockquote>\n<p><script async data-src=\"https:\/\/platform.twitter.com\/widgets.js\" charset=\"utf-8\"><\/script><\/div>\n","protected":false},"excerpt":{"rendered":"<p>Un vel\u00f3dromo en el Mont Ventoux. Ese es el proyecto que quieren lanzar unos promotores franceses en la ciudad de [&hellip;]<\/p>\n","protected":false},"author":29,"featured_media":1797,"comment_status":"open","ping_status":"open","sticky":false,"template":"","format":"standard","meta":{"footnotes":""},"categories":[7],"tags":[185,168,187,186],"global-categories":[],"class_list":["post-1794","post","type-post","status-publish","format-standard","has-post-thumbnail","hentry","category-carretera","tag-mont-ventoux","tag-tour","tag-turismo","tag-velodromo"],"yoast_head":"<!-- This site is optimized with the Yoast SEO Premium plugin v25.3 (Yoast SEO v25.9) - https:\/\/yoast.com\/wordpress\/plugins\/seo\/ -->\n<title>El vel\u00f3dromo del Mont Ventoux - \u0160koda We Love Cycling - Spain<\/title>\n<meta name=\"description\" content=\"Un vel\u00f3dromo en el Mont Ventoux. Ese es el debate que tienen los vecinos de Bedoin. La construcci\u00f3n de un centro comercial ciclista.\" \/>\n<meta name=\"robots\" content=\"index, follow, max-snippet:-1, max-image-preview:large, max-video-preview:-1\" \/>\n<link rel=\"canonical\" href=\"https:\/\/www.welovecycling.com\/es\/2017\/11\/14\/el-velodromo-del-mont-ventoux\/\" \/>\n<meta property=\"og:locale\" content=\"es_ES\" \/>\n<meta property=\"og:type\" content=\"article\" \/>\n<meta property=\"og:title\" content=\"El vel\u00f3dromo del Mont Ventoux\" \/>\n<meta property=\"og:description\" content=\"Un vel\u00f3dromo en el Mont Ventoux. Ese es el proyecto que quieren lanzar unos promotores franceses en la ciudad de Bedoin.\" \/>\n<meta property=\"og:url\" content=\"https:\/\/www.welovecycling.com\/es\/2017\/11\/14\/el-velodromo-del-mont-ventoux\/\" \/>\n<meta property=\"og:site_name\" content=\"\u0160koda We Love Cycling - Spain\" \/>\n<meta property=\"article:published_time\" content=\"2017-11-14T10:40:47+00:00\" \/>\n<meta property=\"og:image\" content=\"https:\/\/d2p6e6u75xmxt8.cloudfront.net\/6\/2017\/11\/profimedia-0234737708-1.jpg\" \/>\n\t<meta property=\"og:image:width\" content=\"1800\" \/>\n\t<meta property=\"og:image:height\" content=\"791\" \/>\n\t<meta property=\"og:image:type\" content=\"image\/jpeg\" \/>\n<meta name=\"author\" content=\"We Love Cycling Spain\" \/>\n<meta name=\"twitter:card\" content=\"summary_large_image\" \/>\n<meta name=\"twitter:title\" content=\"El vel\u00f3dromo del Mont Ventoux\" \/>\n<meta name=\"twitter:description\" content=\"Un vel\u00f3dromo en el Mont Ventoux. Ese es el proyecto que quieren lanzar unos promotores franceses en la ciudad de Bedoin.\" \/>\n<meta name=\"twitter:label1\" content=\"Written by\" \/>\n\t<meta name=\"twitter:data1\" content=\"Martin Mrazek\" \/>\n\t<meta name=\"twitter:label2\" content=\"Est. reading time\" \/>\n\t<meta name=\"twitter:data2\" content=\"1 minute\" \/>\n<script type=\"application\/ld+json\" class=\"yoast-schema-graph\">{\"@context\":\"https:\/\/schema.org\",\"@graph\":[{\"@type\":\"WebPage\",\"@id\":\"https:\/\/www.welovecycling.com\/es\/2017\/11\/14\/el-velodromo-del-mont-ventoux\/\",\"url\":\"https:\/\/www.welovecycling.com\/es\/2017\/11\/14\/el-velodromo-del-mont-ventoux\/\",\"name\":\"El vel\u00f3dromo del Mont Ventoux - \u0160koda We Love Cycling - Spain\",\"isPartOf\":{\"@id\":\"https:\/\/www.welovecycling.com\/es\/#website\"},\"primaryImageOfPage\":{\"@id\":\"https:\/\/www.welovecycling.com\/es\/2017\/11\/14\/el-velodromo-del-mont-ventoux\/#primaryimage\"},\"image\":{\"@id\":\"https:\/\/www.welovecycling.com\/es\/2017\/11\/14\/el-velodromo-del-mont-ventoux\/#primaryimage\"},\"thumbnailUrl\":\"https:\/\/d2p6e6u75xmxt8.cloudfront.net\/6\/2017\/11\/profimedia-0234737708-1.jpg\",\"datePublished\":\"2017-11-14T10:40:47+00:00\",\"author\":{\"@id\":\"https:\/\/www.welovecycling.com\/es\/#\/schema\/person\/deb61715b5812698ee79fb96f343ccd4\"},\"description\":\"Un vel\u00f3dromo en el Mont Ventoux. Ese es el debate que tienen los vecinos de Bedoin. La construcci\u00f3n de un centro comercial ciclista.\",\"breadcrumb\":{\"@id\":\"https:\/\/www.welovecycling.com\/es\/2017\/11\/14\/el-velodromo-del-mont-ventoux\/#breadcrumb\"},\"inLanguage\":\"es-ES\",\"potentialAction\":[{\"@type\":\"ReadAction\",\"target\":[\"https:\/\/www.welovecycling.com\/es\/2017\/11\/14\/el-velodromo-del-mont-ventoux\/\"]}]},{\"@type\":\"ImageObject\",\"inLanguage\":\"es-ES\",\"@id\":\"https:\/\/www.welovecycling.com\/es\/2017\/11\/14\/el-velodromo-del-mont-ventoux\/#primaryimage\",\"url\":\"https:\/\/d2p6e6u75xmxt8.cloudfront.net\/6\/2017\/11\/profimedia-0234737708-1.jpg\",\"contentUrl\":\"https:\/\/d2p6e6u75xmxt8.cloudfront.net\/6\/2017\/11\/profimedia-0234737708-1.jpg\",\"width\":1800,\"height\":791},{\"@type\":\"BreadcrumbList\",\"@id\":\"https:\/\/www.welovecycling.com\/es\/2017\/11\/14\/el-velodromo-del-mont-ventoux\/#breadcrumb\",\"itemListElement\":[{\"@type\":\"ListItem\",\"position\":1,\"name\":\"Home\",\"item\":\"https:\/\/www.welovecycling.com\/es\/\"},{\"@type\":\"ListItem\",\"position\":2,\"name\":\"El vel\u00f3dromo del Mont Ventoux\"}]},{\"@type\":\"WebSite\",\"@id\":\"https:\/\/www.welovecycling.com\/es\/#website\",\"url\":\"https:\/\/www.welovecycling.com\/es\/\",\"name\":\"\u0160koda We Love Cycling - Spain\",\"description\":\"\u0160koda WeLoveCycling Spain\",\"potentialAction\":[{\"@type\":\"SearchAction\",\"target\":{\"@type\":\"EntryPoint\",\"urlTemplate\":\"https:\/\/www.welovecycling.com\/es\/?s={search_term_string}\"},\"query-input\":{\"@type\":\"PropertyValueSpecification\",\"valueRequired\":true,\"valueName\":\"search_term_string\"}}],\"inLanguage\":\"es-ES\"},{\"@type\":\"Person\",\"@id\":\"https:\/\/www.welovecycling.com\/es\/#\/schema\/person\/deb61715b5812698ee79fb96f343ccd4\",\"name\":\"We Love Cycling Spain\",\"image\":{\"@type\":\"ImageObject\",\"inLanguage\":\"es-ES\",\"@id\":\"https:\/\/www.welovecycling.com\/es\/#\/schema\/person\/image\/\",\"url\":\"https:\/\/secure.gravatar.com\/avatar\/c824b04e6df0e37a03219d0b6481672889df542894588964102459e46513159c?s=96&d=mm&r=g\",\"contentUrl\":\"https:\/\/secure.gravatar.com\/avatar\/c824b04e6df0e37a03219d0b6481672889df542894588964102459e46513159c?s=96&d=mm&r=g\",\"caption\":\"We Love Cycling Spain\"},\"url\":\"https:\/\/www.welovecycling.com\/es\/author\/amunoz\/\"}]}<\/script>\n<!-- \/ Yoast SEO Premium plugin. -->","yoast_head_json":{"title":"El vel\u00f3dromo del Mont Ventoux - \u0160koda We Love Cycling - Spain","description":"Un vel\u00f3dromo en el Mont Ventoux. Ese es el debate que tienen los vecinos de Bedoin. La construcci\u00f3n de un centro comercial ciclista.","robots":{"index":"index","follow":"follow","max-snippet":"max-snippet:-1","max-image-preview":"max-image-preview:large","max-video-preview":"max-video-preview:-1"},"canonical":"https:\/\/www.welovecycling.com\/es\/2017\/11\/14\/el-velodromo-del-mont-ventoux\/","og_locale":"es_ES","og_type":"article","og_title":"El vel\u00f3dromo del Mont Ventoux","og_description":"Un vel\u00f3dromo en el Mont Ventoux. Ese es el proyecto que quieren lanzar unos promotores franceses en la ciudad de Bedoin.","og_url":"https:\/\/www.welovecycling.com\/es\/2017\/11\/14\/el-velodromo-del-mont-ventoux\/","og_site_name":"\u0160koda We Love Cycling - Spain","article_published_time":"2017-11-14T10:40:47+00:00","og_image":[{"width":1800,"height":791,"url":"https:\/\/d2p6e6u75xmxt8.cloudfront.net\/6\/2017\/11\/profimedia-0234737708-1.jpg","type":"image\/jpeg"}],"author":"We Love Cycling Spain","twitter_card":"summary_large_image","twitter_title":"El vel\u00f3dromo del Mont Ventoux","twitter_description":"Un vel\u00f3dromo en el Mont Ventoux. Ese es el proyecto que quieren lanzar unos promotores franceses en la ciudad de Bedoin.","twitter_misc":{"Written by":"Martin Mrazek","Est. reading time":"1 minute"},"schema":{"@context":"https:\/\/schema.org","@graph":[{"@type":"WebPage","@id":"https:\/\/www.welovecycling.com\/es\/2017\/11\/14\/el-velodromo-del-mont-ventoux\/","url":"https:\/\/www.welovecycling.com\/es\/2017\/11\/14\/el-velodromo-del-mont-ventoux\/","name":"El vel\u00f3dromo del Mont Ventoux - \u0160koda We Love Cycling - Spain","isPartOf":{"@id":"https:\/\/www.welovecycling.com\/es\/#website"},"primaryImageOfPage":{"@id":"https:\/\/www.welovecycling.com\/es\/2017\/11\/14\/el-velodromo-del-mont-ventoux\/#primaryimage"},"image":{"@id":"https:\/\/www.welovecycling.com\/es\/2017\/11\/14\/el-velodromo-del-mont-ventoux\/#primaryimage"},"thumbnailUrl":"https:\/\/d2p6e6u75xmxt8.cloudfront.net\/6\/2017\/11\/profimedia-0234737708-1.jpg","datePublished":"2017-11-14T10:40:47+00:00","author":{"@id":"https:\/\/www.welovecycling.com\/es\/#\/schema\/person\/deb61715b5812698ee79fb96f343ccd4"},"description":"Un vel\u00f3dromo en el Mont Ventoux. Ese es el debate que tienen los vecinos de Bedoin. La construcci\u00f3n de un centro comercial ciclista.","breadcrumb":{"@id":"https:\/\/www.welovecycling.com\/es\/2017\/11\/14\/el-velodromo-del-mont-ventoux\/#breadcrumb"},"inLanguage":"es-ES","potentialAction":[{"@type":"ReadAction","target":["https:\/\/www.welovecycling.com\/es\/2017\/11\/14\/el-velodromo-del-mont-ventoux\/"]}]},{"@type":"ImageObject","inLanguage":"es-ES","@id":"https:\/\/www.welovecycling.com\/es\/2017\/11\/14\/el-velodromo-del-mont-ventoux\/#primaryimage","url":"https:\/\/d2p6e6u75xmxt8.cloudfront.net\/6\/2017\/11\/profimedia-0234737708-1.jpg","contentUrl":"https:\/\/d2p6e6u75xmxt8.cloudfront.net\/6\/2017\/11\/profimedia-0234737708-1.jpg","width":1800,"height":791},{"@type":"BreadcrumbList","@id":"https:\/\/www.welovecycling.com\/es\/2017\/11\/14\/el-velodromo-del-mont-ventoux\/#breadcrumb","itemListElement":[{"@type":"ListItem","position":1,"name":"Home","item":"https:\/\/www.welovecycling.com\/es\/"},{"@type":"ListItem","position":2,"name":"El vel\u00f3dromo del Mont Ventoux"}]},{"@type":"WebSite","@id":"https:\/\/www.welovecycling.com\/es\/#website","url":"https:\/\/www.welovecycling.com\/es\/","name":"\u0160koda We Love Cycling - Spain","description":"\u0160koda WeLoveCycling Spain","potentialAction":[{"@type":"SearchAction","target":{"@type":"EntryPoint","urlTemplate":"https:\/\/www.welovecycling.com\/es\/?s={search_term_string}"},"query-input":{"@type":"PropertyValueSpecification","valueRequired":true,"valueName":"search_term_string"}}],"inLanguage":"es-ES"},{"@type":"Person","@id":"https:\/\/www.welovecycling.com\/es\/#\/schema\/person\/deb61715b5812698ee79fb96f343ccd4","name":"We Love Cycling Spain","image":{"@type":"ImageObject","inLanguage":"es-ES","@id":"https:\/\/www.welovecycling.com\/es\/#\/schema\/person\/image\/","url":"https:\/\/secure.gravatar.com\/avatar\/c824b04e6df0e37a03219d0b6481672889df542894588964102459e46513159c?s=96&d=mm&r=g","contentUrl":"https:\/\/secure.gravatar.com\/avatar\/c824b04e6df0e37a03219d0b6481672889df542894588964102459e46513159c?s=96&d=mm&r=g","caption":"We Love Cycling Spain"},"url":"https:\/\/www.welovecycling.com\/es\/author\/amunoz\/"}]}},"_links":{"self":[{"href":"https:\/\/www.welovecycling.com\/es\/wp-json\/wp\/v2\/posts\/1794","targetHints":{"allow":["GET"]}}],"collection":[{"href":"https:\/\/www.welovecycling.com\/es\/wp-json\/wp\/v2\/posts"}],"about":[{"href":"https:\/\/www.welovecycling.com\/es\/wp-json\/wp\/v2\/types\/post"}],"author":[{"embeddable":true,"href":"https:\/\/www.welovecycling.com\/es\/wp-json\/wp\/v2\/users\/29"}],"replies":[{"embeddable":true,"href":"https:\/\/www.welovecycling.com\/es\/wp-json\/wp\/v2\/comments?post=1794"}],"version-history":[{"count":2,"href":"https:\/\/www.welovecycling.com\/es\/wp-json\/wp\/v2\/posts\/1794\/revisions"}],"predecessor-version":[{"id":1813,"href":"https:\/\/www.welovecycling.com\/es\/wp-json\/wp\/v2\/posts\/1794\/revisions\/1813"}],"wp:featuredmedia":[{"embeddable":true,"href":"https:\/\/www.welovecycling.com\/es\/wp-json\/wp\/v2\/media\/1797"}],"wp:attachment":[{"href":"https:\/\/www.welovecycling.com\/es\/wp-json\/wp\/v2\/media?parent=1794"}],"wp:term":[{"taxonomy":"category","embeddable":true,"href":"https:\/\/www.welovecycling.com\/es\/wp-json\/wp\/v2\/categories?post=1794"},{"taxonomy":"post_tag","embeddable":true,"href":"https:\/\/www.welovecycling.com\/es\/wp-json\/wp\/v2\/tags?post=1794"},{"taxonomy":"global-categories","embeddable":true,"href":"https:\/\/www.welovecycling.com\/es\/wp-json\/wp\/v2\/global-categories?post=1794"}],"curies":[{"name":"wp","href":"https:\/\/api.w.org\/{rel}","templated":true}]}}