{"id":1775,"date":"2017-11-09T13:08:41","date_gmt":"2017-11-09T11:08:41","guid":{"rendered":"https:\/\/www.welovecycling.com\/es\/?p=1775"},"modified":"2017-11-17T12:19:39","modified_gmt":"2017-11-17T10:19:39","slug":"bicicleta-en-invierno","status":"publish","type":"post","link":"https:\/\/www.welovecycling.com\/es\/2017\/11\/09\/bicicleta-en-invierno\/","title":{"rendered":"\u00bfQu\u00e9 hacer con la bicicleta en invierno?"},"content":{"rendered":"<p><strong>Hay un mont\u00f3n de razones para no rodar en invierno. Hace fr\u00edo, hay poca luz, demasiada humedad y, lo peor de todo, en los lugares con heladas las carreteras estar\u00e1n llenas de sal y arena que se acaban &#8216;cargando&#8217; las bicicleta. As\u00ed que en We Love Cycling te vamos a dar nuestros argumentos para que sigas saliendo en invierno y puedas adaptar tu bici.<\/strong><!--more--><\/p>\n<h2><strong>Argumento mec\u00e1nico<\/strong><\/h2>\n<p>Cada mec\u00e1nico sabe lo malo que es el invierno y lo que puede perjudicar a su bici, pero eso no significa que necesites comprar una nueva para esta \u00e9poca del a\u00f1o. Gastaste un mont\u00f3n de dinero en la bici de tus sue\u00f1os y el invierno no tiene porqu\u00e9 hacer que dejes de utilizarla.<\/p>\n<p>Eso s\u00ed, necesitas <strong>cuidar la bici en invierno igual que en verano<\/strong>, aunque tienes que ser algo m\u00e1s concienzudo con algunos temas. En esta <a href=\"https:\/\/www.welovecycling.com\/wide\/2015\/01\/12\/bike-maintenance-winter\/\" target=\"_blank\" rel=\"noopener\">gu\u00eda de mantenimiento de la bicicleta<\/a> en invierno te lo explicamos. Adaptar la bicicleta al invierno es sencillo.<\/p>\n<h2><strong>Argumento realista<\/strong><\/h2>\n<p>El mantenimiento de la bici en invierno te puede desgastar a t\u00ed y a la propia bici, sobre todo si no tienes un taller con calefacci\u00f3n y debes limpiarla en el jard\u00edn. El agua se congela, los dedos se quedan sin sensibilidad y corres el riesgo de cortarte con el plato o los pi\u00f1ones.<\/p>\n<p>La soluci\u00f3n para los realistas en invierno pasa por comprarse <strong>un cuadro barato de aluminio<\/strong> de esos que no te preocupa que se salpiquen de la sal de la carretera. Adem\u00e1s, una bici barata tambi\u00e9n tienen componentes m\u00e1s baratos. As\u00ed que guarda tu S-Works Tarmac en el <a href=\"https:\/\/www.welovecycling.com\/wide\/2015\/12\/27\/putting-your-summer-bike-away-for-winter\/\">garaje <\/a>y ya disfrutar\u00e1s de ella cuando llegue la primavera.<\/p>\n<h2><strong>Argumento coleccionista<\/strong><\/h2>\n<p>Si el invierno significa una excusa para comprarte otra bici, eres un<strong> coleccionista<\/strong>. Al contrario de lo que se suele pensar, el coleccionista no compra bicis por que le gustan. Las compran porque cada una es un nuevo modelo de dise\u00f1o y tecnolog\u00eda.<\/p>\n<p>Con una parte realista y otra mec\u00e1nica, el coleccionista quiere una bicicleta construida para el invierno y que suponga un bajo mantenimiento para poder disfrutar de ella. Quiz\u00e1s una <strong>fixie<\/strong>, para calentar el cuerpo en las fr\u00edas ma\u00f1anas de invierno. O quiz\u00e1s un<strong> bicicleta holandesa de ciudad<\/strong>, con cubiertas de tacos y un gruesa capa de pintura sobre el cuadro de acero.<\/p>\n<p>Hay una bici cada cada ocasi\u00f3n, ya sea gravel, ciclocross, descenso&#8230; \u00bfPor que no tener otra bici para atravesar el duro invierno?<\/p>\n","protected":false},"excerpt":{"rendered":"<p>Hay un mont\u00f3n de razones para no rodar en invierno. Hace fr\u00edo, hay poca luz, demasiada humedad y, lo peor [&hellip;]<\/p>\n","protected":false},"author":29,"featured_media":1776,"comment_status":"open","ping_status":"open","sticky":false,"template":"","format":"standard","meta":{"footnotes":""},"categories":[7,9],"tags":[174],"global-categories":[],"class_list":["post-1775","post","type-post","status-publish","format-standard","has-post-thumbnail","hentry","category-carretera","category-mtb-aventura","tag-bicicleta-en-invierno"],"yoast_head":"<!-- This site is optimized with the Yoast SEO Premium plugin v25.3 (Yoast SEO v25.9) - https:\/\/yoast.com\/wordpress\/plugins\/seo\/ -->\n<title>\u00bfQu\u00e9 hacer con la bicicleta en invierno? - \u0160koda We Love Cycling - Spain<\/title>\n<meta name=\"description\" content=\"Qu\u00e9 hacer con la bicicleta en invierno. Te damos varios argumentos para seguir utilizando la bicicleta durante el invierno.\" \/>\n<meta name=\"robots\" content=\"index, follow, max-snippet:-1, max-image-preview:large, max-video-preview:-1\" \/>\n<link rel=\"canonical\" href=\"https:\/\/www.welovecycling.com\/es\/2017\/11\/09\/bicicleta-en-invierno\/\" \/>\n<meta property=\"og:locale\" content=\"es_ES\" \/>\n<meta property=\"og:type\" content=\"article\" \/>\n<meta property=\"og:title\" content=\"\u00bfQu\u00e9 hacer con la bicicleta en invierno?\" \/>\n<meta property=\"og:description\" content=\"Hay un mont\u00f3n de razones para no rodar en invierno. Hace fr\u00edo, hay poca luz, demasiada humedad, y, lo peor de todos, en los lugares con heladas las carreteras estar\u00e1n llenas de sal y arena que se acaban &#039;cargando&#039; las bicicleta. As\u00ed que en We Love Cycling te vamos a dar nuestros argumentos para que sigas saliendo en invierno y puedas adaptar tu bici.\" \/>\n<meta property=\"og:url\" content=\"https:\/\/www.welovecycling.com\/es\/2017\/11\/09\/bicicleta-en-invierno\/\" \/>\n<meta property=\"og:site_name\" content=\"\u0160koda We Love Cycling - Spain\" \/>\n<meta property=\"article:published_time\" content=\"2017-11-09T11:08:41+00:00\" \/>\n<meta property=\"article:modified_time\" content=\"2017-11-17T10:19:39+00:00\" \/>\n<meta property=\"og:image\" content=\"https:\/\/d2p6e6u75xmxt8.cloudfront.net\/6\/2017\/11\/profimedia-0161858312-1.jpg\" \/>\n\t<meta property=\"og:image:width\" content=\"1800\" \/>\n\t<meta property=\"og:image:height\" content=\"791\" \/>\n\t<meta property=\"og:image:type\" content=\"image\/jpeg\" \/>\n<meta name=\"author\" content=\"We Love Cycling Spain\" \/>\n<meta name=\"twitter:card\" content=\"summary_large_image\" \/>\n<meta name=\"twitter:title\" content=\"\u00bfQu\u00e9 hacer con la bicicleta en invierno?\" \/>\n<meta name=\"twitter:description\" content=\"Hay un mont\u00f3n de razones para no rodar en invierno. Hace fr\u00edo, hay poca luz, demasiada humedad, y, lo peor de todos, en los lugares con heladas las carreteras estar\u00e1n llenas de sal y arena que se acaban &#039;cargando&#039; las bicicleta. As\u00ed que en We Love Cycling te vamos a dar nuestros argumentos para que sigas saliendo en invierno y puedas adaptar tu bici.\" \/>\n<meta name=\"twitter:label1\" content=\"Written by\" \/>\n\t<meta name=\"twitter:data1\" content=\"Christopher Ashley\" \/>\n\t<meta name=\"twitter:label2\" content=\"Est. reading time\" \/>\n\t<meta name=\"twitter:data2\" content=\"2 minutes\" \/>\n<script type=\"application\/ld+json\" class=\"yoast-schema-graph\">{\"@context\":\"https:\/\/schema.org\",\"@graph\":[{\"@type\":\"WebPage\",\"@id\":\"https:\/\/www.welovecycling.com\/es\/2017\/11\/09\/bicicleta-en-invierno\/\",\"url\":\"https:\/\/www.welovecycling.com\/es\/2017\/11\/09\/bicicleta-en-invierno\/\",\"name\":\"\u00bfQu\u00e9 hacer con la bicicleta en invierno? - \u0160koda We Love Cycling - Spain\",\"isPartOf\":{\"@id\":\"https:\/\/www.welovecycling.com\/es\/#website\"},\"primaryImageOfPage\":{\"@id\":\"https:\/\/www.welovecycling.com\/es\/2017\/11\/09\/bicicleta-en-invierno\/#primaryimage\"},\"image\":{\"@id\":\"https:\/\/www.welovecycling.com\/es\/2017\/11\/09\/bicicleta-en-invierno\/#primaryimage\"},\"thumbnailUrl\":\"https:\/\/d2p6e6u75xmxt8.cloudfront.net\/6\/2017\/11\/profimedia-0161858312-1.jpg\",\"datePublished\":\"2017-11-09T11:08:41+00:00\",\"dateModified\":\"2017-11-17T10:19:39+00:00\",\"author\":{\"@id\":\"https:\/\/www.welovecycling.com\/es\/#\/schema\/person\/deb61715b5812698ee79fb96f343ccd4\"},\"description\":\"Qu\u00e9 hacer con la bicicleta en invierno. Te damos varios argumentos para seguir utilizando la bicicleta durante el invierno.\",\"breadcrumb\":{\"@id\":\"https:\/\/www.welovecycling.com\/es\/2017\/11\/09\/bicicleta-en-invierno\/#breadcrumb\"},\"inLanguage\":\"es-ES\",\"potentialAction\":[{\"@type\":\"ReadAction\",\"target\":[\"https:\/\/www.welovecycling.com\/es\/2017\/11\/09\/bicicleta-en-invierno\/\"]}]},{\"@type\":\"ImageObject\",\"inLanguage\":\"es-ES\",\"@id\":\"https:\/\/www.welovecycling.com\/es\/2017\/11\/09\/bicicleta-en-invierno\/#primaryimage\",\"url\":\"https:\/\/d2p6e6u75xmxt8.cloudfront.net\/6\/2017\/11\/profimedia-0161858312-1.jpg\",\"contentUrl\":\"https:\/\/d2p6e6u75xmxt8.cloudfront.net\/6\/2017\/11\/profimedia-0161858312-1.jpg\",\"width\":1800,\"height\":791},{\"@type\":\"BreadcrumbList\",\"@id\":\"https:\/\/www.welovecycling.com\/es\/2017\/11\/09\/bicicleta-en-invierno\/#breadcrumb\",\"itemListElement\":[{\"@type\":\"ListItem\",\"position\":1,\"name\":\"Home\",\"item\":\"https:\/\/www.welovecycling.com\/es\/\"},{\"@type\":\"ListItem\",\"position\":2,\"name\":\"\u00bfQu\u00e9 hacer con la bicicleta en invierno?\"}]},{\"@type\":\"WebSite\",\"@id\":\"https:\/\/www.welovecycling.com\/es\/#website\",\"url\":\"https:\/\/www.welovecycling.com\/es\/\",\"name\":\"\u0160koda We Love Cycling - Spain\",\"description\":\"\u0160koda WeLoveCycling Spain\",\"potentialAction\":[{\"@type\":\"SearchAction\",\"target\":{\"@type\":\"EntryPoint\",\"urlTemplate\":\"https:\/\/www.welovecycling.com\/es\/?s={search_term_string}\"},\"query-input\":{\"@type\":\"PropertyValueSpecification\",\"valueRequired\":true,\"valueName\":\"search_term_string\"}}],\"inLanguage\":\"es-ES\"},{\"@type\":\"Person\",\"@id\":\"https:\/\/www.welovecycling.com\/es\/#\/schema\/person\/deb61715b5812698ee79fb96f343ccd4\",\"name\":\"We Love Cycling Spain\",\"image\":{\"@type\":\"ImageObject\",\"inLanguage\":\"es-ES\",\"@id\":\"https:\/\/www.welovecycling.com\/es\/#\/schema\/person\/image\/\",\"url\":\"https:\/\/secure.gravatar.com\/avatar\/c824b04e6df0e37a03219d0b6481672889df542894588964102459e46513159c?s=96&d=mm&r=g\",\"contentUrl\":\"https:\/\/secure.gravatar.com\/avatar\/c824b04e6df0e37a03219d0b6481672889df542894588964102459e46513159c?s=96&d=mm&r=g\",\"caption\":\"We Love Cycling Spain\"},\"url\":\"https:\/\/www.welovecycling.com\/es\/author\/amunoz\/\"}]}<\/script>\n<!-- \/ Yoast SEO Premium plugin. -->","yoast_head_json":{"title":"\u00bfQu\u00e9 hacer con la bicicleta en invierno? - \u0160koda We Love Cycling - Spain","description":"Qu\u00e9 hacer con la bicicleta en invierno. Te damos varios argumentos para seguir utilizando la bicicleta durante el invierno.","robots":{"index":"index","follow":"follow","max-snippet":"max-snippet:-1","max-image-preview":"max-image-preview:large","max-video-preview":"max-video-preview:-1"},"canonical":"https:\/\/www.welovecycling.com\/es\/2017\/11\/09\/bicicleta-en-invierno\/","og_locale":"es_ES","og_type":"article","og_title":"\u00bfQu\u00e9 hacer con la bicicleta en invierno?","og_description":"Hay un mont\u00f3n de razones para no rodar en invierno. Hace fr\u00edo, hay poca luz, demasiada humedad, y, lo peor de todos, en los lugares con heladas las carreteras estar\u00e1n llenas de sal y arena que se acaban 'cargando' las bicicleta. As\u00ed que en We Love Cycling te vamos a dar nuestros argumentos para que sigas saliendo en invierno y puedas adaptar tu bici.","og_url":"https:\/\/www.welovecycling.com\/es\/2017\/11\/09\/bicicleta-en-invierno\/","og_site_name":"\u0160koda We Love Cycling - Spain","article_published_time":"2017-11-09T11:08:41+00:00","article_modified_time":"2017-11-17T10:19:39+00:00","og_image":[{"width":1800,"height":791,"url":"https:\/\/d2p6e6u75xmxt8.cloudfront.net\/6\/2017\/11\/profimedia-0161858312-1.jpg","type":"image\/jpeg"}],"author":"We Love Cycling Spain","twitter_card":"summary_large_image","twitter_title":"\u00bfQu\u00e9 hacer con la bicicleta en invierno?","twitter_description":"Hay un mont\u00f3n de razones para no rodar en invierno. Hace fr\u00edo, hay poca luz, demasiada humedad, y, lo peor de todos, en los lugares con heladas las carreteras estar\u00e1n llenas de sal y arena que se acaban 'cargando' las bicicleta. As\u00ed que en We Love Cycling te vamos a dar nuestros argumentos para que sigas saliendo en invierno y puedas adaptar tu bici.","twitter_misc":{"Written by":"Christopher Ashley","Est. reading time":"2 minutes"},"schema":{"@context":"https:\/\/schema.org","@graph":[{"@type":"WebPage","@id":"https:\/\/www.welovecycling.com\/es\/2017\/11\/09\/bicicleta-en-invierno\/","url":"https:\/\/www.welovecycling.com\/es\/2017\/11\/09\/bicicleta-en-invierno\/","name":"\u00bfQu\u00e9 hacer con la bicicleta en invierno? - \u0160koda We Love Cycling - Spain","isPartOf":{"@id":"https:\/\/www.welovecycling.com\/es\/#website"},"primaryImageOfPage":{"@id":"https:\/\/www.welovecycling.com\/es\/2017\/11\/09\/bicicleta-en-invierno\/#primaryimage"},"image":{"@id":"https:\/\/www.welovecycling.com\/es\/2017\/11\/09\/bicicleta-en-invierno\/#primaryimage"},"thumbnailUrl":"https:\/\/d2p6e6u75xmxt8.cloudfront.net\/6\/2017\/11\/profimedia-0161858312-1.jpg","datePublished":"2017-11-09T11:08:41+00:00","dateModified":"2017-11-17T10:19:39+00:00","author":{"@id":"https:\/\/www.welovecycling.com\/es\/#\/schema\/person\/deb61715b5812698ee79fb96f343ccd4"},"description":"Qu\u00e9 hacer con la bicicleta en invierno. Te damos varios argumentos para seguir utilizando la bicicleta durante el invierno.","breadcrumb":{"@id":"https:\/\/www.welovecycling.com\/es\/2017\/11\/09\/bicicleta-en-invierno\/#breadcrumb"},"inLanguage":"es-ES","potentialAction":[{"@type":"ReadAction","target":["https:\/\/www.welovecycling.com\/es\/2017\/11\/09\/bicicleta-en-invierno\/"]}]},{"@type":"ImageObject","inLanguage":"es-ES","@id":"https:\/\/www.welovecycling.com\/es\/2017\/11\/09\/bicicleta-en-invierno\/#primaryimage","url":"https:\/\/d2p6e6u75xmxt8.cloudfront.net\/6\/2017\/11\/profimedia-0161858312-1.jpg","contentUrl":"https:\/\/d2p6e6u75xmxt8.cloudfront.net\/6\/2017\/11\/profimedia-0161858312-1.jpg","width":1800,"height":791},{"@type":"BreadcrumbList","@id":"https:\/\/www.welovecycling.com\/es\/2017\/11\/09\/bicicleta-en-invierno\/#breadcrumb","itemListElement":[{"@type":"ListItem","position":1,"name":"Home","item":"https:\/\/www.welovecycling.com\/es\/"},{"@type":"ListItem","position":2,"name":"\u00bfQu\u00e9 hacer con la bicicleta en invierno?"}]},{"@type":"WebSite","@id":"https:\/\/www.welovecycling.com\/es\/#website","url":"https:\/\/www.welovecycling.com\/es\/","name":"\u0160koda We Love Cycling - Spain","description":"\u0160koda WeLoveCycling Spain","potentialAction":[{"@type":"SearchAction","target":{"@type":"EntryPoint","urlTemplate":"https:\/\/www.welovecycling.com\/es\/?s={search_term_string}"},"query-input":{"@type":"PropertyValueSpecification","valueRequired":true,"valueName":"search_term_string"}}],"inLanguage":"es-ES"},{"@type":"Person","@id":"https:\/\/www.welovecycling.com\/es\/#\/schema\/person\/deb61715b5812698ee79fb96f343ccd4","name":"We Love Cycling Spain","image":{"@type":"ImageObject","inLanguage":"es-ES","@id":"https:\/\/www.welovecycling.com\/es\/#\/schema\/person\/image\/","url":"https:\/\/secure.gravatar.com\/avatar\/c824b04e6df0e37a03219d0b6481672889df542894588964102459e46513159c?s=96&d=mm&r=g","contentUrl":"https:\/\/secure.gravatar.com\/avatar\/c824b04e6df0e37a03219d0b6481672889df542894588964102459e46513159c?s=96&d=mm&r=g","caption":"We Love Cycling Spain"},"url":"https:\/\/www.welovecycling.com\/es\/author\/amunoz\/"}]}},"_links":{"self":[{"href":"https:\/\/www.welovecycling.com\/es\/wp-json\/wp\/v2\/posts\/1775","targetHints":{"allow":["GET"]}}],"collection":[{"href":"https:\/\/www.welovecycling.com\/es\/wp-json\/wp\/v2\/posts"}],"about":[{"href":"https:\/\/www.welovecycling.com\/es\/wp-json\/wp\/v2\/types\/post"}],"author":[{"embeddable":true,"href":"https:\/\/www.welovecycling.com\/es\/wp-json\/wp\/v2\/users\/29"}],"replies":[{"embeddable":true,"href":"https:\/\/www.welovecycling.com\/es\/wp-json\/wp\/v2\/comments?post=1775"}],"version-history":[{"count":2,"href":"https:\/\/www.welovecycling.com\/es\/wp-json\/wp\/v2\/posts\/1775\/revisions"}],"predecessor-version":[{"id":1832,"href":"https:\/\/www.welovecycling.com\/es\/wp-json\/wp\/v2\/posts\/1775\/revisions\/1832"}],"wp:featuredmedia":[{"embeddable":true,"href":"https:\/\/www.welovecycling.com\/es\/wp-json\/wp\/v2\/media\/1776"}],"wp:attachment":[{"href":"https:\/\/www.welovecycling.com\/es\/wp-json\/wp\/v2\/media?parent=1775"}],"wp:term":[{"taxonomy":"category","embeddable":true,"href":"https:\/\/www.welovecycling.com\/es\/wp-json\/wp\/v2\/categories?post=1775"},{"taxonomy":"post_tag","embeddable":true,"href":"https:\/\/www.welovecycling.com\/es\/wp-json\/wp\/v2\/tags?post=1775"},{"taxonomy":"global-categories","embeddable":true,"href":"https:\/\/www.welovecycling.com\/es\/wp-json\/wp\/v2\/global-categories?post=1775"}],"curies":[{"name":"wp","href":"https:\/\/api.w.org\/{rel}","templated":true}]}}