{"id":1752,"date":"2017-11-06T19:25:41","date_gmt":"2017-11-06T17:25:41","guid":{"rendered":"https:\/\/www.welovecycling.com\/es\/?p=1752"},"modified":"2017-11-09T12:55:42","modified_gmt":"2017-11-09T10:55:42","slug":"campus-skoda-mtb-2017","status":"publish","type":"post","link":"https:\/\/www.welovecycling.com\/es\/2017\/11\/06\/campus-skoda-mtb-2017\/","title":{"rendered":"Cycling Campus MTB by \u0160koda 2017. Consigue tu plaza gratis"},"content":{"rendered":"<p><strong>\u0160koda da un paso m\u00e1s en su relaci\u00f3n con el ciclismo y organiza del 1 al 3 de diciembre Cycling Campus MTB by \u0160koda .\u00a0 La idea es dar a los aficionados al MTB la opci\u00f3n entrenar y aprender con las figuras m\u00e1s destacadas del ciclismo profesional durante dos noches y tres d\u00edas en Mar de Pulp\u00ed (Almer\u00eda) un entorno ideal para el ciclismo. Para ser uno de los 12 participantes solo tienes que inscribirte en el sorteo.\u00a0<\/strong><!--more--><\/p>\n<p>El Cycling Campus by <strong>\u0160koda <\/strong><strong>\u00a0<\/strong>arrancar\u00e1 el pr\u00f3ximo viernes 1 de diciembre y en el podr\u00e1n participar los 12 ganadores del sorteo que se va a efectuar a trav\u00e9s de la web <strong>We Love Cycling. Para inscribirte tienes del 8 al 16 de noviembre<\/strong>\u00a0para rellenar el formulario en este <a href=\"http:\/\/formularios.skoda.es\/sorteo_packciclista_campus_skoda\/?c=87618033\" target=\"_blank\" rel=\"noopener\">link<\/a>. Y el 21 de noviembre daremos a conocer el nombre de la <strong>docena de afortunados que podr\u00e1n participar en el Campus con los gastos pagados.<\/strong><\/p>\n<p>La mec\u00e1nica del Campus es sencilla. Por un lado <strong>rodar junto a ciclistas profesionales como ALBERTO CONTADOR y expertos en MTB<\/strong>, el s\u00e1bado y el domingo en la ma\u00f1ana, y por la otra aprender sobre nutrici\u00f3n y entrenamiento con las <strong>charlas y clases magistrales de los profesores del Campus el viernes y el s\u00e1bado por la tarde<\/strong>. De esta manera\u00a0 se espera que los participantes puedan disfrutar de una intensa y completa experiencia de bicicleta de monta\u00f1a. Adem\u00e1s est\u00e1 abierto a todos los tipos de ciclistas porque en cada salida se har\u00e1n grupos por niveles.<\/p>\n<p><a href=\"https:\/\/d2p6e6u75xmxt8.cloudfront.net\/6\/2017\/11\/skoda-GF-Priorat.jpg\"><img loading=\"lazy\" decoding=\"async\" class=\"aligncenter size-large wp-image-1724\" src=\"https:\/\/d2p6e6u75xmxt8.cloudfront.net\/6\/2017\/11\/skoda-GF-Priorat-1024x682.jpg\" alt=\"\" width=\"1024\" height=\"682\" srcset=\"https:\/\/d2p6e6u75xmxt8.cloudfront.net\/6\/2017\/11\/skoda-GF-Priorat-1024x682.jpg 1024w, https:\/\/d2p6e6u75xmxt8.cloudfront.net\/6\/2017\/11\/skoda-GF-Priorat-300x200.jpg 300w, https:\/\/d2p6e6u75xmxt8.cloudfront.net\/6\/2017\/11\/skoda-GF-Priorat-768x512.jpg 768w, https:\/\/d2p6e6u75xmxt8.cloudfront.net\/6\/2017\/11\/skoda-GF-Priorat-272x182.jpg 272w, https:\/\/d2p6e6u75xmxt8.cloudfront.net\/6\/2017\/11\/skoda-GF-Priorat.jpg 1600w\" sizes=\"auto, (max-width: 1024px) 100vw, 1024px\" \/><\/a><\/p>\n<p>Los asistentes podr\u00e1n t<strong>estar algunos de los \u00faltimos modelos de la gama de autom\u00f3viles \u0160koda <\/strong>, pensados especialmente para satisfacer las necesidades de los ciclistas m\u00e1s exigentes.<\/p>\n<p>Para asegurar las buenas condiciones meteorol\u00f3gicas del 1 al 3 de diciembre y un entorno ideal para la pr\u00e1ctica del MTB el Campus se ha ido hasta el <a href=\"http:\/\/mardepulpi.es\/\" target=\"_blank\" rel=\"noopener\">Hotel Mar de Pulp\u00ed en Almer\u00eda<\/a>, habitual lugar de concentraci\u00f3n de varios equipos profesionales de carretera y de MTB.<\/p>\n<p>Dos d\u00edas antes el Campus estar\u00e1 destinado a los periodistas expertos en motor y ciclismo de los medios m\u00e1s conocidos de Espa\u00f1a.<\/p>\n<h2><strong>Gen\u00e9tica\u00a0\u0160koda <\/strong><\/h2>\n<p>Que <strong>\u0160koda <\/strong><strong>\u00a0se haya puesto en marcha con este proyecto de Campus MTB<\/strong> no es nada extra\u00f1o. Desde su nacimiento en 1895 la marca ha tenido el ciclismo en su ADN. De hecho, pocos conocen que en sus or\u00edgenes la empresa checa comenz\u00f3 fabricando bicicletas, para posteriormente centrarse en la producci\u00f3n de autom\u00f3viles.<\/p>\n<p>Hoy <strong>\u0160koda <\/strong> sigue vinculada estrechamente al mundo de las dos ruedas como colaborador en pruebas de cicloturismo tanto de carretera como de MTB y que ayudan a tener cercan\u00eda con los participantes. Tambi\u00e9n es patrocinador principal del <strong>Tour de Francia y de La Vuelta a Espa\u00f1a<\/strong> y de varios de sus maillots.<\/p>\n<p><a href=\"https:\/\/d2p6e6u75xmxt8.cloudfront.net\/6\/2017\/09\/lavuelta.jpg\"><img loading=\"lazy\" decoding=\"async\" class=\"aligncenter size-large wp-image-1386\" src=\"https:\/\/d2p6e6u75xmxt8.cloudfront.net\/6\/2017\/09\/lavuelta-1024x536.jpg\" alt=\"\" width=\"1024\" height=\"536\" srcset=\"https:\/\/d2p6e6u75xmxt8.cloudfront.net\/6\/2017\/09\/lavuelta-1024x536.jpg 1024w, https:\/\/d2p6e6u75xmxt8.cloudfront.net\/6\/2017\/09\/lavuelta-300x157.jpg 300w, https:\/\/d2p6e6u75xmxt8.cloudfront.net\/6\/2017\/09\/lavuelta-768x402.jpg 768w, https:\/\/d2p6e6u75xmxt8.cloudfront.net\/6\/2017\/09\/lavuelta.jpg 1200w\" sizes=\"auto, (max-width: 1024px) 100vw, 1024px\" \/><\/a><\/p>\n<p>Desde hace un a\u00f1o, la marca cuenta adem\u00e1s con esta p\u00e1gina web, <strong>We Love Cycling (www.welovecycling.com\/es\/),<\/strong> un magazine online al que se suben semanalmente todo tipo de contenidos, art\u00edculos y aventuras sobre el mundo de las dos ruedas.<\/p>\n<p><a href=\"http:\/\/formularios.skoda.es\/sorteo_packciclista_campus_skoda\/?c=87618033\"><strong><u>PARTICIPA<\/u><\/strong><\/a><\/p>\n<h2><strong>Informaci\u00f3n<\/strong><\/h2>\n<p><strong>FECHAS<\/strong><br \/>\n&#8211; Participaci\u00f3n: del 8 al 16 de noviembre.<br \/>\n&#8211; Comunicaci\u00f3n ganadores: 21 de noviembre.<br \/>\n&#8211; Campus: 1 al 3 de diciembre.<\/p>\n<p><strong>LOCALIZACI\u00d3N<\/strong><br \/>\nHotel Mar de Pulp\u00ed, Almer\u00eda.<\/p>\n<p><strong>AGENDA<\/strong><br \/>\n*Puede sufrir modificaciones<br \/>\nLlegada el viernes 01\/12 sobre las 16h \u2013 Salida el domingo 03\/12 sobre las 16h.<\/p>\n<p><strong>VIERNES<\/strong><br \/>\n&#8211; Llegada a mediod\u00eda<br \/>\n&#8211; Tarde: dos charlas de 1 hora cada una<\/p>\n<p><strong>S\u00c1BADO<\/strong><br \/>\n&#8211; Briefing\/salida: 3-4 horas. Dos niveles distintos.<br \/>\n&#8211; Tarde: dos charlas de 1 hora cada una<\/p>\n<p><strong>DOMINGO<\/strong><br \/>\n&#8211; Briefing\/salida: 3-4 horas. Dos niveles distintos.<br \/>\n&#8211; Comida y despedida<\/p>\n<p><strong>ENLACES<\/strong>:<br \/>\n&#8211; We Love Cycling: www.welovecycling.com\/es\/<br \/>\n&#8211; SKODA: www.skoda.es<br \/>\n&#8211; Participaci\u00f3n:\u00a0<a href=\"http:\/\/formularios.skoda.es\/sorteo_packciclista_campus_skoda\/?c=87618033\">http:\/\/formularios.skoda.es\/sorteo_packciclista_campus_skoda\/?c=87618033<\/a><\/p>\n","protected":false},"excerpt":{"rendered":"<p>\u0160koda da un paso m\u00e1s en su relaci\u00f3n con el ciclismo y organiza del 1 al 3 de diciembre Cycling [&hellip;]<\/p>\n","protected":false},"author":29,"featured_media":1717,"comment_status":"open","ping_status":"open","sticky":false,"template":"","format":"standard","meta":{"footnotes":""},"categories":[9],"tags":[173,171,172,170],"global-categories":[],"class_list":["post-1752","post","type-post","status-publish","format-standard","has-post-thumbnail","hentry","category-mtb-aventura","tag-campus-ciclismo","tag-campus-mtb","tag-campus-mtb-2017","tag-campus-skoda"],"yoast_head":"<!-- This site is optimized with the Yoast SEO Premium plugin v25.3 (Yoast SEO v25.9) - https:\/\/yoast.com\/wordpress\/plugins\/seo\/ -->\n<title>Cycling Campus MTB by \u0160koda 2017. Consigue tu plaza gratis - \u0160koda We Love Cycling - Spain<\/title>\n<meta name=\"description\" content=\"El Campus Skoda MTB 2017 se celebrar\u00e1 del 1 al 3 de diciembre en Pulp\u00ed (Almer\u00eda). Para participar tienes que apuntarte en el sorteo en welovecycling.com\" \/>\n<meta name=\"robots\" content=\"index, follow, max-snippet:-1, max-image-preview:large, max-video-preview:-1\" \/>\n<link rel=\"canonical\" href=\"https:\/\/www.welovecycling.com\/es\/2017\/11\/06\/campus-skoda-mtb-2017\/\" \/>\n<meta property=\"og:locale\" content=\"es_ES\" \/>\n<meta property=\"og:type\" content=\"article\" \/>\n<meta property=\"og:title\" content=\"Campus \u0160koda MTB 2017. Consigue tu plaza gratis\" \/>\n<meta property=\"og:description\" content=\"\u0160koda da un paso m\u00e1s en su relaci\u00f3n con el ciclismo y organiza del 1 al 3 de diciembre Campus\u00a0\u0160koda MTB.\u00a0 La idea es dar a los aficionados al MTB la opci\u00f3n entrenar y aprender con las figuras m\u00e1s destacadas del ciclismo profesional durante dos noches y tres d\u00edas en Mar de Pulp\u00ed (Almer\u00eda) un entorno ideal para el ciclismo. Para participar solo tienes que inscribirte en el sorte\" \/>\n<meta property=\"og:url\" content=\"https:\/\/www.welovecycling.com\/es\/2017\/11\/06\/campus-skoda-mtb-2017\/\" \/>\n<meta property=\"og:site_name\" content=\"\u0160koda We Love Cycling - Spain\" \/>\n<meta property=\"article:published_time\" content=\"2017-11-06T17:25:41+00:00\" \/>\n<meta property=\"article:modified_time\" content=\"2017-11-09T10:55:42+00:00\" \/>\n<meta property=\"og:image\" content=\"https:\/\/d2p6e6u75xmxt8.cloudfront.net\/6\/2017\/10\/CYCLING_SKODA.jpg\" \/>\n\t<meta property=\"og:image:width\" content=\"1375\" \/>\n\t<meta property=\"og:image:height\" content=\"600\" \/>\n\t<meta property=\"og:image:type\" content=\"image\/jpeg\" \/>\n<meta name=\"author\" content=\"We Love Cycling Spain\" \/>\n<meta name=\"twitter:card\" content=\"summary_large_image\" \/>\n<meta name=\"twitter:title\" content=\"Campus \u0160koda MTB 2017. Consigue tu plaza gratis\" \/>\n<meta name=\"twitter:description\" content=\"\u0160koda da un paso m\u00e1s en su relaci\u00f3n con el ciclismo y organiza del 1 al 3 de diciembre Campus\u00a0\u0160koda MTB.\u00a0 La idea es dar a los aficionados al MTB la opci\u00f3n entrenar y aprender con las figuras m\u00e1s destacadas del ciclismo profesional durante dos noches y tres d\u00edas en Mar de Pulp\u00ed (Almer\u00eda) un entorno ideal para el ciclismo. Para participar solo tienes que inscribirte en el sorte\" \/>\n<meta name=\"twitter:label1\" content=\"Written by\" \/>\n\t<meta name=\"twitter:data1\" content=\"Luis Ortega @ciclored\" \/>\n\t<meta name=\"twitter:label2\" content=\"Est. reading time\" \/>\n\t<meta name=\"twitter:data2\" content=\"3 minutes\" \/>\n<script type=\"application\/ld+json\" class=\"yoast-schema-graph\">{\"@context\":\"https:\/\/schema.org\",\"@graph\":[{\"@type\":\"WebPage\",\"@id\":\"https:\/\/www.welovecycling.com\/es\/2017\/11\/06\/campus-skoda-mtb-2017\/\",\"url\":\"https:\/\/www.welovecycling.com\/es\/2017\/11\/06\/campus-skoda-mtb-2017\/\",\"name\":\"Cycling Campus MTB by \u0160koda 2017. Consigue tu plaza gratis - \u0160koda We Love Cycling - Spain\",\"isPartOf\":{\"@id\":\"https:\/\/www.welovecycling.com\/es\/#website\"},\"primaryImageOfPage\":{\"@id\":\"https:\/\/www.welovecycling.com\/es\/2017\/11\/06\/campus-skoda-mtb-2017\/#primaryimage\"},\"image\":{\"@id\":\"https:\/\/www.welovecycling.com\/es\/2017\/11\/06\/campus-skoda-mtb-2017\/#primaryimage\"},\"thumbnailUrl\":\"https:\/\/d2p6e6u75xmxt8.cloudfront.net\/6\/2017\/10\/CYCLING_SKODA.jpg\",\"datePublished\":\"2017-11-06T17:25:41+00:00\",\"dateModified\":\"2017-11-09T10:55:42+00:00\",\"author\":{\"@id\":\"https:\/\/www.welovecycling.com\/es\/#\/schema\/person\/deb61715b5812698ee79fb96f343ccd4\"},\"description\":\"El Campus Skoda MTB 2017 se celebrar\u00e1 del 1 al 3 de diciembre en Pulp\u00ed (Almer\u00eda). Para participar tienes que apuntarte en el sorteo en welovecycling.com\",\"breadcrumb\":{\"@id\":\"https:\/\/www.welovecycling.com\/es\/2017\/11\/06\/campus-skoda-mtb-2017\/#breadcrumb\"},\"inLanguage\":\"es-ES\",\"potentialAction\":[{\"@type\":\"ReadAction\",\"target\":[\"https:\/\/www.welovecycling.com\/es\/2017\/11\/06\/campus-skoda-mtb-2017\/\"]}]},{\"@type\":\"ImageObject\",\"inLanguage\":\"es-ES\",\"@id\":\"https:\/\/www.welovecycling.com\/es\/2017\/11\/06\/campus-skoda-mtb-2017\/#primaryimage\",\"url\":\"https:\/\/d2p6e6u75xmxt8.cloudfront.net\/6\/2017\/10\/CYCLING_SKODA.jpg\",\"contentUrl\":\"https:\/\/d2p6e6u75xmxt8.cloudfront.net\/6\/2017\/10\/CYCLING_SKODA.jpg\",\"width\":1375,\"height\":600},{\"@type\":\"BreadcrumbList\",\"@id\":\"https:\/\/www.welovecycling.com\/es\/2017\/11\/06\/campus-skoda-mtb-2017\/#breadcrumb\",\"itemListElement\":[{\"@type\":\"ListItem\",\"position\":1,\"name\":\"Home\",\"item\":\"https:\/\/www.welovecycling.com\/es\/\"},{\"@type\":\"ListItem\",\"position\":2,\"name\":\"Cycling Campus MTB by \u0160koda 2017. Consigue tu plaza gratis\"}]},{\"@type\":\"WebSite\",\"@id\":\"https:\/\/www.welovecycling.com\/es\/#website\",\"url\":\"https:\/\/www.welovecycling.com\/es\/\",\"name\":\"\u0160koda We Love Cycling - Spain\",\"description\":\"\u0160koda WeLoveCycling Spain\",\"potentialAction\":[{\"@type\":\"SearchAction\",\"target\":{\"@type\":\"EntryPoint\",\"urlTemplate\":\"https:\/\/www.welovecycling.com\/es\/?s={search_term_string}\"},\"query-input\":{\"@type\":\"PropertyValueSpecification\",\"valueRequired\":true,\"valueName\":\"search_term_string\"}}],\"inLanguage\":\"es-ES\"},{\"@type\":\"Person\",\"@id\":\"https:\/\/www.welovecycling.com\/es\/#\/schema\/person\/deb61715b5812698ee79fb96f343ccd4\",\"name\":\"We Love Cycling Spain\",\"image\":{\"@type\":\"ImageObject\",\"inLanguage\":\"es-ES\",\"@id\":\"https:\/\/www.welovecycling.com\/es\/#\/schema\/person\/image\/\",\"url\":\"https:\/\/secure.gravatar.com\/avatar\/c824b04e6df0e37a03219d0b6481672889df542894588964102459e46513159c?s=96&d=mm&r=g\",\"contentUrl\":\"https:\/\/secure.gravatar.com\/avatar\/c824b04e6df0e37a03219d0b6481672889df542894588964102459e46513159c?s=96&d=mm&r=g\",\"caption\":\"We Love Cycling Spain\"},\"url\":\"https:\/\/www.welovecycling.com\/es\/author\/amunoz\/\"}]}<\/script>\n<!-- \/ Yoast SEO Premium plugin. -->","yoast_head_json":{"title":"Cycling Campus MTB by \u0160koda 2017. Consigue tu plaza gratis - \u0160koda We Love Cycling - Spain","description":"El Campus Skoda MTB 2017 se celebrar\u00e1 del 1 al 3 de diciembre en Pulp\u00ed (Almer\u00eda). Para participar tienes que apuntarte en el sorteo en welovecycling.com","robots":{"index":"index","follow":"follow","max-snippet":"max-snippet:-1","max-image-preview":"max-image-preview:large","max-video-preview":"max-video-preview:-1"},"canonical":"https:\/\/www.welovecycling.com\/es\/2017\/11\/06\/campus-skoda-mtb-2017\/","og_locale":"es_ES","og_type":"article","og_title":"Campus \u0160koda MTB 2017. Consigue tu plaza gratis","og_description":"\u0160koda da un paso m\u00e1s en su relaci\u00f3n con el ciclismo y organiza del 1 al 3 de diciembre Campus\u00a0\u0160koda MTB.\u00a0 La idea es dar a los aficionados al MTB la opci\u00f3n entrenar y aprender con las figuras m\u00e1s destacadas del ciclismo profesional durante dos noches y tres d\u00edas en Mar de Pulp\u00ed (Almer\u00eda) un entorno ideal para el ciclismo. Para participar solo tienes que inscribirte en el sorte","og_url":"https:\/\/www.welovecycling.com\/es\/2017\/11\/06\/campus-skoda-mtb-2017\/","og_site_name":"\u0160koda We Love Cycling - Spain","article_published_time":"2017-11-06T17:25:41+00:00","article_modified_time":"2017-11-09T10:55:42+00:00","og_image":[{"width":1375,"height":600,"url":"https:\/\/d2p6e6u75xmxt8.cloudfront.net\/6\/2017\/10\/CYCLING_SKODA.jpg","type":"image\/jpeg"}],"author":"We Love Cycling Spain","twitter_card":"summary_large_image","twitter_title":"Campus \u0160koda MTB 2017. Consigue tu plaza gratis","twitter_description":"\u0160koda da un paso m\u00e1s en su relaci\u00f3n con el ciclismo y organiza del 1 al 3 de diciembre Campus\u00a0\u0160koda MTB.\u00a0 La idea es dar a los aficionados al MTB la opci\u00f3n entrenar y aprender con las figuras m\u00e1s destacadas del ciclismo profesional durante dos noches y tres d\u00edas en Mar de Pulp\u00ed (Almer\u00eda) un entorno ideal para el ciclismo. Para participar solo tienes que inscribirte en el sorte","twitter_misc":{"Written by":"Luis Ortega @ciclored","Est. reading time":"3 minutes"},"schema":{"@context":"https:\/\/schema.org","@graph":[{"@type":"WebPage","@id":"https:\/\/www.welovecycling.com\/es\/2017\/11\/06\/campus-skoda-mtb-2017\/","url":"https:\/\/www.welovecycling.com\/es\/2017\/11\/06\/campus-skoda-mtb-2017\/","name":"Cycling Campus MTB by \u0160koda 2017. Consigue tu plaza gratis - \u0160koda We Love Cycling - Spain","isPartOf":{"@id":"https:\/\/www.welovecycling.com\/es\/#website"},"primaryImageOfPage":{"@id":"https:\/\/www.welovecycling.com\/es\/2017\/11\/06\/campus-skoda-mtb-2017\/#primaryimage"},"image":{"@id":"https:\/\/www.welovecycling.com\/es\/2017\/11\/06\/campus-skoda-mtb-2017\/#primaryimage"},"thumbnailUrl":"https:\/\/d2p6e6u75xmxt8.cloudfront.net\/6\/2017\/10\/CYCLING_SKODA.jpg","datePublished":"2017-11-06T17:25:41+00:00","dateModified":"2017-11-09T10:55:42+00:00","author":{"@id":"https:\/\/www.welovecycling.com\/es\/#\/schema\/person\/deb61715b5812698ee79fb96f343ccd4"},"description":"El Campus Skoda MTB 2017 se celebrar\u00e1 del 1 al 3 de diciembre en Pulp\u00ed (Almer\u00eda). Para participar tienes que apuntarte en el sorteo en welovecycling.com","breadcrumb":{"@id":"https:\/\/www.welovecycling.com\/es\/2017\/11\/06\/campus-skoda-mtb-2017\/#breadcrumb"},"inLanguage":"es-ES","potentialAction":[{"@type":"ReadAction","target":["https:\/\/www.welovecycling.com\/es\/2017\/11\/06\/campus-skoda-mtb-2017\/"]}]},{"@type":"ImageObject","inLanguage":"es-ES","@id":"https:\/\/www.welovecycling.com\/es\/2017\/11\/06\/campus-skoda-mtb-2017\/#primaryimage","url":"https:\/\/d2p6e6u75xmxt8.cloudfront.net\/6\/2017\/10\/CYCLING_SKODA.jpg","contentUrl":"https:\/\/d2p6e6u75xmxt8.cloudfront.net\/6\/2017\/10\/CYCLING_SKODA.jpg","width":1375,"height":600},{"@type":"BreadcrumbList","@id":"https:\/\/www.welovecycling.com\/es\/2017\/11\/06\/campus-skoda-mtb-2017\/#breadcrumb","itemListElement":[{"@type":"ListItem","position":1,"name":"Home","item":"https:\/\/www.welovecycling.com\/es\/"},{"@type":"ListItem","position":2,"name":"Cycling Campus MTB by \u0160koda 2017. Consigue tu plaza gratis"}]},{"@type":"WebSite","@id":"https:\/\/www.welovecycling.com\/es\/#website","url":"https:\/\/www.welovecycling.com\/es\/","name":"\u0160koda We Love Cycling - Spain","description":"\u0160koda WeLoveCycling Spain","potentialAction":[{"@type":"SearchAction","target":{"@type":"EntryPoint","urlTemplate":"https:\/\/www.welovecycling.com\/es\/?s={search_term_string}"},"query-input":{"@type":"PropertyValueSpecification","valueRequired":true,"valueName":"search_term_string"}}],"inLanguage":"es-ES"},{"@type":"Person","@id":"https:\/\/www.welovecycling.com\/es\/#\/schema\/person\/deb61715b5812698ee79fb96f343ccd4","name":"We Love Cycling Spain","image":{"@type":"ImageObject","inLanguage":"es-ES","@id":"https:\/\/www.welovecycling.com\/es\/#\/schema\/person\/image\/","url":"https:\/\/secure.gravatar.com\/avatar\/c824b04e6df0e37a03219d0b6481672889df542894588964102459e46513159c?s=96&d=mm&r=g","contentUrl":"https:\/\/secure.gravatar.com\/avatar\/c824b04e6df0e37a03219d0b6481672889df542894588964102459e46513159c?s=96&d=mm&r=g","caption":"We Love Cycling Spain"},"url":"https:\/\/www.welovecycling.com\/es\/author\/amunoz\/"}]}},"_links":{"self":[{"href":"https:\/\/www.welovecycling.com\/es\/wp-json\/wp\/v2\/posts\/1752","targetHints":{"allow":["GET"]}}],"collection":[{"href":"https:\/\/www.welovecycling.com\/es\/wp-json\/wp\/v2\/posts"}],"about":[{"href":"https:\/\/www.welovecycling.com\/es\/wp-json\/wp\/v2\/types\/post"}],"author":[{"embeddable":true,"href":"https:\/\/www.welovecycling.com\/es\/wp-json\/wp\/v2\/users\/29"}],"replies":[{"embeddable":true,"href":"https:\/\/www.welovecycling.com\/es\/wp-json\/wp\/v2\/comments?post=1752"}],"version-history":[{"count":2,"href":"https:\/\/www.welovecycling.com\/es\/wp-json\/wp\/v2\/posts\/1752\/revisions"}],"predecessor-version":[{"id":1777,"href":"https:\/\/www.welovecycling.com\/es\/wp-json\/wp\/v2\/posts\/1752\/revisions\/1777"}],"wp:featuredmedia":[{"embeddable":true,"href":"https:\/\/www.welovecycling.com\/es\/wp-json\/wp\/v2\/media\/1717"}],"wp:attachment":[{"href":"https:\/\/www.welovecycling.com\/es\/wp-json\/wp\/v2\/media?parent=1752"}],"wp:term":[{"taxonomy":"category","embeddable":true,"href":"https:\/\/www.welovecycling.com\/es\/wp-json\/wp\/v2\/categories?post=1752"},{"taxonomy":"post_tag","embeddable":true,"href":"https:\/\/www.welovecycling.com\/es\/wp-json\/wp\/v2\/tags?post=1752"},{"taxonomy":"global-categories","embeddable":true,"href":"https:\/\/www.welovecycling.com\/es\/wp-json\/wp\/v2\/global-categories?post=1752"}],"curies":[{"name":"wp","href":"https:\/\/api.w.org\/{rel}","templated":true}]}}