{"id":1730,"date":"2017-11-03T18:28:44","date_gmt":"2017-11-03T16:28:44","guid":{"rendered":"https:\/\/www.welovecycling.com\/es\/?p=1730"},"modified":"2017-11-03T18:28:44","modified_gmt":"2017-11-03T16:28:44","slug":"fotos-de-la-leyenda-del-tour","status":"publish","type":"post","link":"https:\/\/www.welovecycling.com\/es\/2017\/11\/03\/fotos-de-la-leyenda-del-tour\/","title":{"rendered":"Las fotos m\u00edticas de la leyenda del Tour de Francia"},"content":{"rendered":"<p class=\"Textbody\" style=\"margin-bottom: .0001pt;\"><strong><span lang=\"EN-US\" style=\"color: black;\">Antes de los esc\u00e1ndalos de dopaje el Tour de Francia era visto como una de las competiciones deportivas m\u00e1s gloriosas del mundo. Ahora, con el ciclismo m\u00e1s limpio, est\u00e1 volviendo a ser considerado un deporte m\u00e1s glamouroso. Sin embargo, muchos aficionados todav\u00eda recuerdan aquel ciclismo del pasado en el que las gestas y los h\u00e9roes era indudables. Aqu\u00ed tiene una serie de fotograf\u00edas que nos trae el recuerdo de aquel tiempo.\u00a0<\/span><\/strong><!--more--><\/p>\n<p>&nbsp;<\/p>\n<figure id=\"attachment_161862\" aria-describedby=\"caption-attachment-161862\" style=\"width: 850px\" class=\"wp-caption alignnone\"><img loading=\"lazy\" decoding=\"async\" class=\"wp-image-1731 size-full\" src=\"https:\/\/d2p6e6u75xmxt8.cloudfront.net\/6\/2017\/11\/1-1.jpg\" alt=\"\" width=\"850\" height=\"610\" srcset=\"https:\/\/d2p6e6u75xmxt8.cloudfront.net\/6\/2017\/11\/1-1.jpg 850w, https:\/\/d2p6e6u75xmxt8.cloudfront.net\/6\/2017\/11\/1-1-300x215.jpg 300w, https:\/\/d2p6e6u75xmxt8.cloudfront.net\/6\/2017\/11\/1-1-768x551.jpg 768w\" sizes=\"auto, (max-width: 850px) 100vw, 850px\" \/><figcaption id=\"caption-attachment-161862\" class=\"wp-caption-text\">Octave Lapize empuja la bicicleta en la cima del Tourmalet en 1910. Fue la primera vez que el Tour coron\u00f3 esa m\u00edtica cima. Ese a\u00f1o Lapize gan\u00f3 el Tour.<\/figcaption><\/figure>\n<p>&nbsp;<\/p>\n<figure id=\"attachment_161863\" aria-describedby=\"caption-attachment-161863\" style=\"width: 850px\" class=\"wp-caption alignnone\"><img loading=\"lazy\" decoding=\"async\" class=\"wp-image-1733 size-full\" src=\"https:\/\/d2p6e6u75xmxt8.cloudfront.net\/6\/2017\/11\/2.jpg\" alt=\"\" width=\"850\" height=\"592\" srcset=\"https:\/\/d2p6e6u75xmxt8.cloudfront.net\/6\/2017\/11\/2.jpg 850w, https:\/\/d2p6e6u75xmxt8.cloudfront.net\/6\/2017\/11\/2-300x209.jpg 300w, https:\/\/d2p6e6u75xmxt8.cloudfront.net\/6\/2017\/11\/2-768x535.jpg 768w\" sizes=\"auto, (max-width: 850px) 100vw, 850px\" \/><figcaption id=\"caption-attachment-161863\" class=\"wp-caption-text\">El Tour no sali\u00f3 de Francia en sus primeras d\u00e9cadas. En 1951 los organizadores introdujeron el Puy de Dome y el Mount Ventoux. Esta fue la primera subida al Gigante de la Provenza. En la foto m\u00edticos como\u00a0 Hugo Koblet, Gino Bartali, Lucien Lazarid\u00e8s y Raphael G\u00e9miniani.<\/figcaption><\/figure>\n<figure id=\"attachment_161864\" aria-describedby=\"caption-attachment-161864\" style=\"width: 577px\" class=\"wp-caption alignnone\"><img loading=\"lazy\" decoding=\"async\" class=\"wp-image-1735 size-full\" src=\"https:\/\/d2p6e6u75xmxt8.cloudfront.net\/6\/2017\/11\/3.jpg\" alt=\"\" width=\"577\" height=\"600\" srcset=\"https:\/\/d2p6e6u75xmxt8.cloudfront.net\/6\/2017\/11\/3.jpg 577w, https:\/\/d2p6e6u75xmxt8.cloudfront.net\/6\/2017\/11\/3-289x300.jpg 289w\" sizes=\"auto, (max-width: 577px) 100vw, 577px\" \/><figcaption id=\"caption-attachment-161864\" class=\"wp-caption-text\">Aunque no era un escalador, Jacques Anquetil tambi\u00e9n dominaba la monta\u00f1a, pero eso venci\u00f3 cinco Tours de Francia (1963)<\/figcaption><\/figure>\n<p>&nbsp;<\/p>\n<figure id=\"attachment_161865\" aria-describedby=\"caption-attachment-161865\" style=\"width: 850px\" class=\"wp-caption alignnone\"><img loading=\"lazy\" decoding=\"async\" class=\"wp-image-1737 size-full\" src=\"https:\/\/d2p6e6u75xmxt8.cloudfront.net\/6\/2017\/11\/4.jpg\" alt=\"\" width=\"850\" height=\"603\" srcset=\"https:\/\/d2p6e6u75xmxt8.cloudfront.net\/6\/2017\/11\/4.jpg 850w, https:\/\/d2p6e6u75xmxt8.cloudfront.net\/6\/2017\/11\/4-300x213.jpg 300w, https:\/\/d2p6e6u75xmxt8.cloudfront.net\/6\/2017\/11\/4-768x545.jpg 768w\" sizes=\"auto, (max-width: 850px) 100vw, 850px\" \/><figcaption id=\"caption-attachment-161865\" class=\"wp-caption-text\">Hippolyte Aucouturier gan\u00f3 el segundo Tour de Francia en 1904, pero fue descalificado m\u00e1s tarde porque hab\u00eda comprado a la mayor\u00eda de los 87 ciclistas que participaron en la carrera. Henri Desgrange, fundador del Tour, lleg\u00f3 a preocuparse de que aquella pol\u00e9mica le arruinase la competici\u00f3n.\u00a0<\/figcaption><\/figure>\n<figure id=\"attachment_161866\" aria-describedby=\"caption-attachment-161866\" style=\"width: 590px\" class=\"wp-caption alignnone\"><img loading=\"lazy\" decoding=\"async\" class=\"wp-image-1739 size-full\" src=\"https:\/\/d2p6e6u75xmxt8.cloudfront.net\/6\/2017\/11\/5.jpg\" alt=\"\" width=\"590\" height=\"600\" srcset=\"https:\/\/d2p6e6u75xmxt8.cloudfront.net\/6\/2017\/11\/5.jpg 590w, https:\/\/d2p6e6u75xmxt8.cloudfront.net\/6\/2017\/11\/5-295x300.jpg 295w\" sizes=\"auto, (max-width: 590px) 100vw, 590px\" \/><figcaption id=\"caption-attachment-161866\" class=\"wp-caption-text\">Raymond Poulidor era un tipo duro. En 1968 todo lo iba bien hasta que choc\u00f3 contra una moto de prensa. Se levanto y volvi\u00f3 a montarse en la bici para acabar la carrera. Al d\u00eda siguiente comprob\u00f3 que sus lesiones eran demasiado graves y tuvo que abandonar.\u00a0<\/figcaption><\/figure>\n<figure id=\"attachment_161867\" aria-describedby=\"caption-attachment-161867\" style=\"width: 850px\" class=\"wp-caption alignnone\"><img loading=\"lazy\" decoding=\"async\" class=\"wp-image-1741 size-full\" src=\"https:\/\/d2p6e6u75xmxt8.cloudfront.net\/6\/2017\/11\/6.jpg\" alt=\"\" width=\"850\" height=\"849\" srcset=\"https:\/\/d2p6e6u75xmxt8.cloudfront.net\/6\/2017\/11\/6.jpg 850w, https:\/\/d2p6e6u75xmxt8.cloudfront.net\/6\/2017\/11\/6-150x150.jpg 150w, https:\/\/d2p6e6u75xmxt8.cloudfront.net\/6\/2017\/11\/6-300x300.jpg 300w, https:\/\/d2p6e6u75xmxt8.cloudfront.net\/6\/2017\/11\/6-768x767.jpg 768w\" sizes=\"auto, (max-width: 850px) 100vw, 850px\" \/><figcaption id=\"caption-attachment-161867\" class=\"wp-caption-text\">Eddy Merckx en 1969, cuando gan\u00f3 el primero de sus cinco Tour de Francia.<\/figcaption><\/figure>\n<p>&nbsp;<\/p>\n<figure id=\"attachment_161868\" aria-describedby=\"caption-attachment-161868\" style=\"width: 850px\" class=\"wp-caption alignnone\"><img loading=\"lazy\" decoding=\"async\" class=\"wp-image-1743 size-full\" src=\"https:\/\/d2p6e6u75xmxt8.cloudfront.net\/6\/2017\/11\/7.jpg\" alt=\"\" width=\"850\" height=\"566\" srcset=\"https:\/\/d2p6e6u75xmxt8.cloudfront.net\/6\/2017\/11\/7.jpg 850w, https:\/\/d2p6e6u75xmxt8.cloudfront.net\/6\/2017\/11\/7-300x200.jpg 300w, https:\/\/d2p6e6u75xmxt8.cloudfront.net\/6\/2017\/11\/7-768x511.jpg 768w, https:\/\/d2p6e6u75xmxt8.cloudfront.net\/6\/2017\/11\/7-272x182.jpg 272w\" sizes=\"auto, (max-width: 850px) 100vw, 850px\" \/><figcaption id=\"caption-attachment-161868\" class=\"wp-caption-text\">Los granjeros franceses aprovecharon la popularidad del Tour de Francia para hacer una huelga en 1974.\u00a0<\/figcaption><\/figure>\n<figure id=\"attachment_161869\" aria-describedby=\"caption-attachment-161869\" style=\"width: 850px\" class=\"wp-caption alignnone\"><img loading=\"lazy\" decoding=\"async\" class=\"wp-image-1745 size-full\" src=\"https:\/\/d2p6e6u75xmxt8.cloudfront.net\/6\/2017\/11\/8.jpg\" alt=\"\" width=\"850\" height=\"604\" srcset=\"https:\/\/d2p6e6u75xmxt8.cloudfront.net\/6\/2017\/11\/8.jpg 850w, https:\/\/d2p6e6u75xmxt8.cloudfront.net\/6\/2017\/11\/8-300x213.jpg 300w, https:\/\/d2p6e6u75xmxt8.cloudfront.net\/6\/2017\/11\/8-768x546.jpg 768w\" sizes=\"auto, (max-width: 850px) 100vw, 850px\" \/><figcaption id=\"caption-attachment-161869\" class=\"wp-caption-text\">Philippe Thys (a la derecha) marc\u00f3 un nuevo record de tres victorias en 1920. Desgrange dijo m\u00e1s tarde que si la guerra no hubiese robado a Thys sus mejores a\u00f1os seguramente habr\u00eda ganado m\u00e1s de tres Tours.\u00a0<\/figcaption><\/figure>\n<figure id=\"attachment_161870\" aria-describedby=\"caption-attachment-161870\" style=\"width: 650px\" class=\"wp-caption alignnone\"><img loading=\"lazy\" decoding=\"async\" class=\"wp-image-1747 size-full\" src=\"https:\/\/d2p6e6u75xmxt8.cloudfront.net\/6\/2017\/11\/9.jpg\" alt=\"\" width=\"650\" height=\"381\" srcset=\"https:\/\/d2p6e6u75xmxt8.cloudfront.net\/6\/2017\/11\/9.jpg 650w, https:\/\/d2p6e6u75xmxt8.cloudfront.net\/6\/2017\/11\/9-300x176.jpg 300w\" sizes=\"auto, (max-width: 650px) 100vw, 650px\" \/><figcaption id=\"caption-attachment-161870\" class=\"wp-caption-text\">Gino Bartali en la cima del Tourmalet. La II Guerra Mundial arrebato a Gino el piadoso sus mejores a\u00f1os como ciclista, pero lo sustituy\u00f3 por una haza\u00f1a m\u00e1s \u00e9pica. Salv\u00f3 la vida de m\u00e1s de 800 jud\u00edos.\u00a0<\/figcaption><\/figure>\n","protected":false},"excerpt":{"rendered":"<p>Antes de los esc\u00e1ndalos de dopaje el Tour de Francia era visto como una de las competiciones deportivas m\u00e1s gloriosas [&hellip;]<\/p>\n","protected":false},"author":29,"featured_media":1749,"comment_status":"open","ping_status":"open","sticky":false,"template":"","format":"standard","meta":{"footnotes":""},"categories":[7],"tags":[169,168,167],"global-categories":[],"class_list":["post-1730","post","type-post","status-publish","format-standard","has-post-thumbnail","hentry","category-carretera","tag-merckx","tag-tour","tag-tour-de-francia-fotos-historia-del-tour"],"yoast_head":"<!-- This site is optimized with the Yoast SEO Premium plugin v25.3 (Yoast SEO v25.9) - https:\/\/yoast.com\/wordpress\/plugins\/seo\/ -->\n<title>Las fotos m\u00edticas de la leyenda del Tour de Francia - \u0160koda We Love Cycling - Spain<\/title>\n<meta name=\"description\" content=\"El Tour siempre ha tenido una historia rozando la \u00e9pica. Aqu\u00ed tienes algunas de las fotos de la leyenda del Tour en sus a\u00f1os de gloria.\" \/>\n<meta name=\"robots\" content=\"index, follow, max-snippet:-1, max-image-preview:large, max-video-preview:-1\" \/>\n<link rel=\"canonical\" href=\"https:\/\/www.welovecycling.com\/es\/2017\/11\/03\/fotos-de-la-leyenda-del-tour\/\" \/>\n<meta property=\"og:locale\" content=\"es_ES\" \/>\n<meta property=\"og:type\" content=\"article\" \/>\n<meta property=\"og:title\" content=\"Las fotos m\u00edticas de la leyenda del Tour de Francia\" \/>\n<meta property=\"og:description\" content=\"El Tour siempre ha tenido una historia rozando la \u00e9pica. Aqu\u00ed tienes algunas de las fotos de la leyenda del Tour en sus a\u00f1os de gloria.\" \/>\n<meta property=\"og:url\" content=\"https:\/\/www.welovecycling.com\/es\/2017\/11\/03\/fotos-de-la-leyenda-del-tour\/\" \/>\n<meta property=\"og:site_name\" content=\"\u0160koda We Love Cycling - Spain\" \/>\n<meta property=\"article:published_time\" content=\"2017-11-03T16:28:44+00:00\" \/>\n<meta name=\"author\" content=\"We Love Cycling Spain\" \/>\n<meta name=\"twitter:card\" content=\"summary_large_image\" \/>\n<meta name=\"twitter:image\" content=\"https:\/\/d2p6e6u75xmxt8.cloudfront.net\/6\/2017\/11\/cvr1.jpg\" \/>\n<meta name=\"twitter:label1\" content=\"Written by\" \/>\n\t<meta name=\"twitter:data1\" content=\"Monica Buck\" \/>\n\t<meta name=\"twitter:label2\" content=\"Est. reading time\" \/>\n\t<meta name=\"twitter:data2\" content=\"2 minutes\" \/>\n<script type=\"application\/ld+json\" class=\"yoast-schema-graph\">{\"@context\":\"https:\/\/schema.org\",\"@graph\":[{\"@type\":\"WebPage\",\"@id\":\"https:\/\/www.welovecycling.com\/es\/2017\/11\/03\/fotos-de-la-leyenda-del-tour\/\",\"url\":\"https:\/\/www.welovecycling.com\/es\/2017\/11\/03\/fotos-de-la-leyenda-del-tour\/\",\"name\":\"Las fotos m\u00edticas de la leyenda del Tour de Francia - \u0160koda We Love Cycling - Spain\",\"isPartOf\":{\"@id\":\"https:\/\/www.welovecycling.com\/es\/#website\"},\"primaryImageOfPage\":{\"@id\":\"https:\/\/www.welovecycling.com\/es\/2017\/11\/03\/fotos-de-la-leyenda-del-tour\/#primaryimage\"},\"image\":{\"@id\":\"https:\/\/www.welovecycling.com\/es\/2017\/11\/03\/fotos-de-la-leyenda-del-tour\/#primaryimage\"},\"thumbnailUrl\":\"https:\/\/d2p6e6u75xmxt8.cloudfront.net\/6\/2017\/11\/cvr1.jpg\",\"datePublished\":\"2017-11-03T16:28:44+00:00\",\"author\":{\"@id\":\"https:\/\/www.welovecycling.com\/es\/#\/schema\/person\/deb61715b5812698ee79fb96f343ccd4\"},\"description\":\"El Tour siempre ha tenido una historia rozando la \u00e9pica. Aqu\u00ed tienes algunas de las fotos de la leyenda del Tour en sus a\u00f1os de gloria.\",\"breadcrumb\":{\"@id\":\"https:\/\/www.welovecycling.com\/es\/2017\/11\/03\/fotos-de-la-leyenda-del-tour\/#breadcrumb\"},\"inLanguage\":\"es-ES\",\"potentialAction\":[{\"@type\":\"ReadAction\",\"target\":[\"https:\/\/www.welovecycling.com\/es\/2017\/11\/03\/fotos-de-la-leyenda-del-tour\/\"]}]},{\"@type\":\"ImageObject\",\"inLanguage\":\"es-ES\",\"@id\":\"https:\/\/www.welovecycling.com\/es\/2017\/11\/03\/fotos-de-la-leyenda-del-tour\/#primaryimage\",\"url\":\"https:\/\/d2p6e6u75xmxt8.cloudfront.net\/6\/2017\/11\/cvr1.jpg\",\"contentUrl\":\"https:\/\/d2p6e6u75xmxt8.cloudfront.net\/6\/2017\/11\/cvr1.jpg\",\"width\":850,\"height\":371},{\"@type\":\"BreadcrumbList\",\"@id\":\"https:\/\/www.welovecycling.com\/es\/2017\/11\/03\/fotos-de-la-leyenda-del-tour\/#breadcrumb\",\"itemListElement\":[{\"@type\":\"ListItem\",\"position\":1,\"name\":\"Home\",\"item\":\"https:\/\/www.welovecycling.com\/es\/\"},{\"@type\":\"ListItem\",\"position\":2,\"name\":\"Las fotos m\u00edticas de la leyenda del Tour de Francia\"}]},{\"@type\":\"WebSite\",\"@id\":\"https:\/\/www.welovecycling.com\/es\/#website\",\"url\":\"https:\/\/www.welovecycling.com\/es\/\",\"name\":\"\u0160koda We Love Cycling - Spain\",\"description\":\"\u0160koda WeLoveCycling Spain\",\"potentialAction\":[{\"@type\":\"SearchAction\",\"target\":{\"@type\":\"EntryPoint\",\"urlTemplate\":\"https:\/\/www.welovecycling.com\/es\/?s={search_term_string}\"},\"query-input\":{\"@type\":\"PropertyValueSpecification\",\"valueRequired\":true,\"valueName\":\"search_term_string\"}}],\"inLanguage\":\"es-ES\"},{\"@type\":\"Person\",\"@id\":\"https:\/\/www.welovecycling.com\/es\/#\/schema\/person\/deb61715b5812698ee79fb96f343ccd4\",\"name\":\"We Love Cycling Spain\",\"image\":{\"@type\":\"ImageObject\",\"inLanguage\":\"es-ES\",\"@id\":\"https:\/\/www.welovecycling.com\/es\/#\/schema\/person\/image\/\",\"url\":\"https:\/\/secure.gravatar.com\/avatar\/c824b04e6df0e37a03219d0b6481672889df542894588964102459e46513159c?s=96&d=mm&r=g\",\"contentUrl\":\"https:\/\/secure.gravatar.com\/avatar\/c824b04e6df0e37a03219d0b6481672889df542894588964102459e46513159c?s=96&d=mm&r=g\",\"caption\":\"We Love Cycling Spain\"},\"url\":\"https:\/\/www.welovecycling.com\/es\/author\/amunoz\/\"}]}<\/script>\n<!-- \/ Yoast SEO Premium plugin. -->","yoast_head_json":{"title":"Las fotos m\u00edticas de la leyenda del Tour de Francia - \u0160koda We Love Cycling - Spain","description":"El Tour siempre ha tenido una historia rozando la \u00e9pica. Aqu\u00ed tienes algunas de las fotos de la leyenda del Tour en sus a\u00f1os de gloria.","robots":{"index":"index","follow":"follow","max-snippet":"max-snippet:-1","max-image-preview":"max-image-preview:large","max-video-preview":"max-video-preview:-1"},"canonical":"https:\/\/www.welovecycling.com\/es\/2017\/11\/03\/fotos-de-la-leyenda-del-tour\/","og_locale":"es_ES","og_type":"article","og_title":"Las fotos m\u00edticas de la leyenda del Tour de Francia","og_description":"El Tour siempre ha tenido una historia rozando la \u00e9pica. Aqu\u00ed tienes algunas de las fotos de la leyenda del Tour en sus a\u00f1os de gloria.","og_url":"https:\/\/www.welovecycling.com\/es\/2017\/11\/03\/fotos-de-la-leyenda-del-tour\/","og_site_name":"\u0160koda We Love Cycling - Spain","article_published_time":"2017-11-03T16:28:44+00:00","author":"We Love Cycling Spain","twitter_card":"summary_large_image","twitter_image":"https:\/\/d2p6e6u75xmxt8.cloudfront.net\/6\/2017\/11\/cvr1.jpg","twitter_misc":{"Written by":"Monica Buck","Est. reading time":"2 minutes"},"schema":{"@context":"https:\/\/schema.org","@graph":[{"@type":"WebPage","@id":"https:\/\/www.welovecycling.com\/es\/2017\/11\/03\/fotos-de-la-leyenda-del-tour\/","url":"https:\/\/www.welovecycling.com\/es\/2017\/11\/03\/fotos-de-la-leyenda-del-tour\/","name":"Las fotos m\u00edticas de la leyenda del Tour de Francia - \u0160koda We Love Cycling - Spain","isPartOf":{"@id":"https:\/\/www.welovecycling.com\/es\/#website"},"primaryImageOfPage":{"@id":"https:\/\/www.welovecycling.com\/es\/2017\/11\/03\/fotos-de-la-leyenda-del-tour\/#primaryimage"},"image":{"@id":"https:\/\/www.welovecycling.com\/es\/2017\/11\/03\/fotos-de-la-leyenda-del-tour\/#primaryimage"},"thumbnailUrl":"https:\/\/d2p6e6u75xmxt8.cloudfront.net\/6\/2017\/11\/cvr1.jpg","datePublished":"2017-11-03T16:28:44+00:00","author":{"@id":"https:\/\/www.welovecycling.com\/es\/#\/schema\/person\/deb61715b5812698ee79fb96f343ccd4"},"description":"El Tour siempre ha tenido una historia rozando la \u00e9pica. Aqu\u00ed tienes algunas de las fotos de la leyenda del Tour en sus a\u00f1os de gloria.","breadcrumb":{"@id":"https:\/\/www.welovecycling.com\/es\/2017\/11\/03\/fotos-de-la-leyenda-del-tour\/#breadcrumb"},"inLanguage":"es-ES","potentialAction":[{"@type":"ReadAction","target":["https:\/\/www.welovecycling.com\/es\/2017\/11\/03\/fotos-de-la-leyenda-del-tour\/"]}]},{"@type":"ImageObject","inLanguage":"es-ES","@id":"https:\/\/www.welovecycling.com\/es\/2017\/11\/03\/fotos-de-la-leyenda-del-tour\/#primaryimage","url":"https:\/\/d2p6e6u75xmxt8.cloudfront.net\/6\/2017\/11\/cvr1.jpg","contentUrl":"https:\/\/d2p6e6u75xmxt8.cloudfront.net\/6\/2017\/11\/cvr1.jpg","width":850,"height":371},{"@type":"BreadcrumbList","@id":"https:\/\/www.welovecycling.com\/es\/2017\/11\/03\/fotos-de-la-leyenda-del-tour\/#breadcrumb","itemListElement":[{"@type":"ListItem","position":1,"name":"Home","item":"https:\/\/www.welovecycling.com\/es\/"},{"@type":"ListItem","position":2,"name":"Las fotos m\u00edticas de la leyenda del Tour de Francia"}]},{"@type":"WebSite","@id":"https:\/\/www.welovecycling.com\/es\/#website","url":"https:\/\/www.welovecycling.com\/es\/","name":"\u0160koda We Love Cycling - Spain","description":"\u0160koda WeLoveCycling Spain","potentialAction":[{"@type":"SearchAction","target":{"@type":"EntryPoint","urlTemplate":"https:\/\/www.welovecycling.com\/es\/?s={search_term_string}"},"query-input":{"@type":"PropertyValueSpecification","valueRequired":true,"valueName":"search_term_string"}}],"inLanguage":"es-ES"},{"@type":"Person","@id":"https:\/\/www.welovecycling.com\/es\/#\/schema\/person\/deb61715b5812698ee79fb96f343ccd4","name":"We Love Cycling Spain","image":{"@type":"ImageObject","inLanguage":"es-ES","@id":"https:\/\/www.welovecycling.com\/es\/#\/schema\/person\/image\/","url":"https:\/\/secure.gravatar.com\/avatar\/c824b04e6df0e37a03219d0b6481672889df542894588964102459e46513159c?s=96&d=mm&r=g","contentUrl":"https:\/\/secure.gravatar.com\/avatar\/c824b04e6df0e37a03219d0b6481672889df542894588964102459e46513159c?s=96&d=mm&r=g","caption":"We Love Cycling Spain"},"url":"https:\/\/www.welovecycling.com\/es\/author\/amunoz\/"}]}},"_links":{"self":[{"href":"https:\/\/www.welovecycling.com\/es\/wp-json\/wp\/v2\/posts\/1730","targetHints":{"allow":["GET"]}}],"collection":[{"href":"https:\/\/www.welovecycling.com\/es\/wp-json\/wp\/v2\/posts"}],"about":[{"href":"https:\/\/www.welovecycling.com\/es\/wp-json\/wp\/v2\/types\/post"}],"author":[{"embeddable":true,"href":"https:\/\/www.welovecycling.com\/es\/wp-json\/wp\/v2\/users\/29"}],"replies":[{"embeddable":true,"href":"https:\/\/www.welovecycling.com\/es\/wp-json\/wp\/v2\/comments?post=1730"}],"version-history":[{"count":2,"href":"https:\/\/www.welovecycling.com\/es\/wp-json\/wp\/v2\/posts\/1730\/revisions"}],"predecessor-version":[{"id":1751,"href":"https:\/\/www.welovecycling.com\/es\/wp-json\/wp\/v2\/posts\/1730\/revisions\/1751"}],"wp:featuredmedia":[{"embeddable":true,"href":"https:\/\/www.welovecycling.com\/es\/wp-json\/wp\/v2\/media\/1749"}],"wp:attachment":[{"href":"https:\/\/www.welovecycling.com\/es\/wp-json\/wp\/v2\/media?parent=1730"}],"wp:term":[{"taxonomy":"category","embeddable":true,"href":"https:\/\/www.welovecycling.com\/es\/wp-json\/wp\/v2\/categories?post=1730"},{"taxonomy":"post_tag","embeddable":true,"href":"https:\/\/www.welovecycling.com\/es\/wp-json\/wp\/v2\/tags?post=1730"},{"taxonomy":"global-categories","embeddable":true,"href":"https:\/\/www.welovecycling.com\/es\/wp-json\/wp\/v2\/global-categories?post=1730"}],"curies":[{"name":"wp","href":"https:\/\/api.w.org\/{rel}","templated":true}]}}