{"id":1726,"date":"2017-11-03T10:43:19","date_gmt":"2017-11-03T08:43:19","guid":{"rendered":"https:\/\/www.welovecycling.com\/es\/?p=1726"},"modified":"2017-11-17T12:29:46","modified_gmt":"2017-11-17T10:29:46","slug":"ajustes-biomecanicos","status":"publish","type":"post","link":"https:\/\/www.welovecycling.com\/es\/2017\/11\/03\/ajustes-biomecanicos\/","title":{"rendered":"Ajustes biomec\u00e1nicos de urgencia"},"content":{"rendered":"<p><strong>Pagar por una biomec\u00e1nica para la bicicleta no es barato, pero a\u00fan as\u00ed siempre recomendamos que pidas consejo a un profesional si tienes dolores mientras montas en bici. Pero si los problemas son menores te explicamos como puedes solucionarnos t\u00fa mismo.<\/strong><!--more--><\/p>\n<h3><strong>Las rodillas Charlie Chaplin\u00a0<\/strong><\/h3>\n<p>Cuando pedaleas, tus rodillas apuntan hacia afuera, como hac\u00eda Chaplin en su famosa escena. Puede ser que para ti no sea un problema y no sientas dolor, pero est\u00e1s desperdiciando un mont\u00f3n de energ\u00eda. Adem\u00e1s, seguro que las piernas te queman cuando subes un repecho. No te preocupes, no es nada grave, seguramente l<strong>levar\u00e1s el sill\u00edn demasiado bajo.<\/strong><\/p>\n<p>La soluci\u00f3n al problema es ir<strong> subiendo poco a poco la altura del sill\u00edn<\/strong> hasta que las piernas vayan paralelas al cuadro en cada pedalada.\u00a0 De esta forma el pedaleo en cualquier cadencia ser\u00e1 m\u00e1s sencillo y ganar\u00e1s vatios extra.<\/p>\n<h3><strong>Manos dormidas<\/strong><\/h3>\n<p>Has visto en Youtube c\u00f3mo poner las manos en las manetas y en el manillar de la bici, pero a los 20 minutos est\u00e1n dormidas. Alguna fuerza indefinible hace que te duelan y el manillar est\u00e1 montado de forma correcta. Algo va mal, pero no sabes por donde acertar. La soluci\u00f3n est\u00e1 en el sill\u00edn.<\/p>\n<p><img loading=\"lazy\" decoding=\"async\" class=\"alignnone size-full wp-image-1727\" src=\"https:\/\/d2p6e6u75xmxt8.cloudfront.net\/6\/2017\/11\/profimedia-0317895773.jpg\" alt=\"\" width=\"1800\" height=\"1199\" srcset=\"https:\/\/d2p6e6u75xmxt8.cloudfront.net\/6\/2017\/11\/profimedia-0317895773.jpg 1800w, https:\/\/d2p6e6u75xmxt8.cloudfront.net\/6\/2017\/11\/profimedia-0317895773-300x200.jpg 300w, https:\/\/d2p6e6u75xmxt8.cloudfront.net\/6\/2017\/11\/profimedia-0317895773-768x512.jpg 768w, https:\/\/d2p6e6u75xmxt8.cloudfront.net\/6\/2017\/11\/profimedia-0317895773-1024x682.jpg 1024w, https:\/\/d2p6e6u75xmxt8.cloudfront.net\/6\/2017\/11\/profimedia-0317895773-272x182.jpg 272w\" sizes=\"auto, (max-width: 1800px) 100vw, 1800px\" \/><\/p>\n<p>Si el sill\u00edn esta demasiado retrasado o inclinado hacia abajo es muy posible que todo el peso del cuerpo est\u00e9 soportado por las manos. Solo con poner el sill\u00edn nivelado y a su distancia correcta se te quitar\u00e1 el adormecimiento de manos.<\/p>\n<h3><strong>Dolor en el cuello<\/strong><\/h3>\n<p>Mantener la vista en la carretera es algo obligatorio, pero si te<strong> duele el cuello<\/strong> es una tentaci\u00f3n bajar la cabeza para relajar la zona. As\u00ed te pondr\u00e1s en riesgo t\u00fa y todos los usuarios. Normalmente el problema es que vas demasiado largo en la bicicleta.<\/p>\n<p>Cuando montas en bici durante mucho tiempo el cuello se cansa, es problable que el problema se pueda solucionar con core y fortalecimiento, pero si llevas una bici nueva es muy problable que tengas que probar con una m\u00e1s corta.<\/p>\n<h3><strong>Fatiga lumbar y de cadera<\/strong><\/h3>\n<p>Hay una l\u00ednea muy fina entre el dolor y la fatiga, pero si te duele la zona lumbar y mueves demasiado las caderas es muy <strong>problable que el sill\u00edn est\u00e9 demasiado alto<\/strong>. Prueba a bajarlo 3 mil\u00edmetros cada vez y rueda en un circuito plano durante 10 minutos. Si te sigue doliendo b\u00e1jalo de nuevo.<\/p>\n<p>Si acabas pedaleando como Chaplin (ver m\u00e1s arriba) habr\u00e1s bajado el sill\u00edn demasiado r\u00e1pido. Lo dif\u00edcil de esta situaci\u00f3n es que est\u00e1s buscando un resultado negativo, no positivo. Es decir, la ausencia de dolor. Seguramente necesitar\u00e1s rodar 100 kil\u00f3metros para encontrar la altura adecuada.<\/p>\n<h3><strong>Rodillas torcidas<\/strong><\/h3>\n<p>La causa del dolor en la parte trasera de la rodilla o en la zona exterior es muy f\u00e1cil que sea un<strong> sill\u00edn demasiado alto<\/strong>. Deber\u00e1s ajustarlo de igual forma que cuando existe fatiga lumbar. Otra causa puede ser la posici\u00f3n de la zapatilla en los pedales.<\/p>\n<p>Tu cadencia no debe ser a pistones y de puntillas. F\u00edjate en los profesionales que empujan el pedal desde el tal\u00f3n y as\u00ed consiguen hacer trabajar a los m\u00fasculos de la pantorilla y sacar la potencia de isquiotibiales y gl\u00fateo, por lo que la zona de la rodilla reduce su estr\u00e9s.<\/p>\n","protected":false},"excerpt":{"rendered":"<p>Pagar por una biomec\u00e1nica para la bicicleta no es barato, pero a\u00fan as\u00ed siempre recomendamos que pidas consejo a un [&hellip;]<\/p>\n","protected":false},"author":29,"featured_media":1729,"comment_status":"open","ping_status":"open","sticky":false,"template":"","format":"standard","meta":{"footnotes":""},"categories":[7,9],"tags":[165,166],"global-categories":[],"class_list":["post-1726","post","type-post","status-publish","format-standard","has-post-thumbnail","hentry","category-carretera","category-mtb-aventura","tag-biomecanica","tag-biomecanica-ciclista"],"yoast_head":"<!-- This site is optimized with the Yoast SEO Premium plugin v25.3 (Yoast SEO v25.9) - https:\/\/yoast.com\/wordpress\/plugins\/seo\/ -->\n<title>Ajustes biomec\u00e1nicos de urgencia - \u0160koda We Love Cycling - Spain<\/title>\n<meta name=\"description\" content=\"Los ajustes biomec\u00e1nicos de urgencia que te pueden solucionar algunos de los dolores que se producen encima de la bicicleta.\" \/>\n<meta name=\"robots\" content=\"index, follow, max-snippet:-1, max-image-preview:large, max-video-preview:-1\" \/>\n<link rel=\"canonical\" href=\"https:\/\/www.welovecycling.com\/es\/2017\/11\/03\/ajustes-biomecanicos\/\" \/>\n<meta property=\"og:locale\" content=\"es_ES\" \/>\n<meta property=\"og:type\" content=\"article\" \/>\n<meta property=\"og:title\" content=\"Ajustes biomec\u00e1nicos de urgencia\" \/>\n<meta property=\"og:description\" content=\"Pagar por una biomec\u00e1nica para la bicicleta no es barato, pero a\u00fan as\u00ed siempre recomendamos que pidas consejo a un profesional si tienes dolores mientras montas en bici. Pero si los problemas son menores te explicamos como puedes solucionarnos tu mismo\" \/>\n<meta property=\"og:url\" content=\"https:\/\/www.welovecycling.com\/es\/2017\/11\/03\/ajustes-biomecanicos\/\" \/>\n<meta property=\"og:site_name\" content=\"\u0160koda We Love Cycling - Spain\" \/>\n<meta property=\"article:published_time\" content=\"2017-11-03T08:43:19+00:00\" \/>\n<meta property=\"article:modified_time\" content=\"2017-11-17T10:29:46+00:00\" \/>\n<meta property=\"og:image\" content=\"https:\/\/d2p6e6u75xmxt8.cloudfront.net\/6\/2017\/11\/cover_bikefit.jpg\" \/>\n\t<meta property=\"og:image:width\" content=\"1375\" \/>\n\t<meta property=\"og:image:height\" content=\"600\" \/>\n\t<meta property=\"og:image:type\" content=\"image\/jpeg\" \/>\n<meta name=\"author\" content=\"We Love Cycling Spain\" \/>\n<meta name=\"twitter:card\" content=\"summary_large_image\" \/>\n<meta name=\"twitter:title\" content=\"Ajustes biomec\u00e1nicos de urgencia\" \/>\n<meta name=\"twitter:description\" content=\"Pagar por una biomec\u00e1nica para la bicicleta no es barato, pero a\u00fan as\u00ed siempre recomendamos que pidas consejo a un profesional si tienes dolores mientras montas en bici. Pero si los problemas son menores te explicamos como puedes solucionarnos tu mismo\" \/>\n<meta name=\"twitter:label1\" content=\"Written by\" \/>\n\t<meta name=\"twitter:data1\" content=\"Christopher Ashley\" \/>\n\t<meta name=\"twitter:label2\" content=\"Est. reading time\" \/>\n\t<meta name=\"twitter:data2\" content=\"3 minutes\" \/>\n<script type=\"application\/ld+json\" class=\"yoast-schema-graph\">{\"@context\":\"https:\/\/schema.org\",\"@graph\":[{\"@type\":\"WebPage\",\"@id\":\"https:\/\/www.welovecycling.com\/es\/2017\/11\/03\/ajustes-biomecanicos\/\",\"url\":\"https:\/\/www.welovecycling.com\/es\/2017\/11\/03\/ajustes-biomecanicos\/\",\"name\":\"Ajustes biomec\u00e1nicos de urgencia - \u0160koda We Love Cycling - Spain\",\"isPartOf\":{\"@id\":\"https:\/\/www.welovecycling.com\/es\/#website\"},\"primaryImageOfPage\":{\"@id\":\"https:\/\/www.welovecycling.com\/es\/2017\/11\/03\/ajustes-biomecanicos\/#primaryimage\"},\"image\":{\"@id\":\"https:\/\/www.welovecycling.com\/es\/2017\/11\/03\/ajustes-biomecanicos\/#primaryimage\"},\"thumbnailUrl\":\"https:\/\/d2p6e6u75xmxt8.cloudfront.net\/6\/2017\/11\/cover_bikefit.jpg\",\"datePublished\":\"2017-11-03T08:43:19+00:00\",\"dateModified\":\"2017-11-17T10:29:46+00:00\",\"author\":{\"@id\":\"https:\/\/www.welovecycling.com\/es\/#\/schema\/person\/deb61715b5812698ee79fb96f343ccd4\"},\"description\":\"Los ajustes biomec\u00e1nicos de urgencia que te pueden solucionar algunos de los dolores que se producen encima de la bicicleta.\",\"breadcrumb\":{\"@id\":\"https:\/\/www.welovecycling.com\/es\/2017\/11\/03\/ajustes-biomecanicos\/#breadcrumb\"},\"inLanguage\":\"es-ES\",\"potentialAction\":[{\"@type\":\"ReadAction\",\"target\":[\"https:\/\/www.welovecycling.com\/es\/2017\/11\/03\/ajustes-biomecanicos\/\"]}]},{\"@type\":\"ImageObject\",\"inLanguage\":\"es-ES\",\"@id\":\"https:\/\/www.welovecycling.com\/es\/2017\/11\/03\/ajustes-biomecanicos\/#primaryimage\",\"url\":\"https:\/\/d2p6e6u75xmxt8.cloudfront.net\/6\/2017\/11\/cover_bikefit.jpg\",\"contentUrl\":\"https:\/\/d2p6e6u75xmxt8.cloudfront.net\/6\/2017\/11\/cover_bikefit.jpg\",\"width\":1375,\"height\":600},{\"@type\":\"BreadcrumbList\",\"@id\":\"https:\/\/www.welovecycling.com\/es\/2017\/11\/03\/ajustes-biomecanicos\/#breadcrumb\",\"itemListElement\":[{\"@type\":\"ListItem\",\"position\":1,\"name\":\"Home\",\"item\":\"https:\/\/www.welovecycling.com\/es\/\"},{\"@type\":\"ListItem\",\"position\":2,\"name\":\"Ajustes biomec\u00e1nicos de urgencia\"}]},{\"@type\":\"WebSite\",\"@id\":\"https:\/\/www.welovecycling.com\/es\/#website\",\"url\":\"https:\/\/www.welovecycling.com\/es\/\",\"name\":\"\u0160koda We Love Cycling - Spain\",\"description\":\"\u0160koda WeLoveCycling Spain\",\"potentialAction\":[{\"@type\":\"SearchAction\",\"target\":{\"@type\":\"EntryPoint\",\"urlTemplate\":\"https:\/\/www.welovecycling.com\/es\/?s={search_term_string}\"},\"query-input\":{\"@type\":\"PropertyValueSpecification\",\"valueRequired\":true,\"valueName\":\"search_term_string\"}}],\"inLanguage\":\"es-ES\"},{\"@type\":\"Person\",\"@id\":\"https:\/\/www.welovecycling.com\/es\/#\/schema\/person\/deb61715b5812698ee79fb96f343ccd4\",\"name\":\"We Love Cycling Spain\",\"image\":{\"@type\":\"ImageObject\",\"inLanguage\":\"es-ES\",\"@id\":\"https:\/\/www.welovecycling.com\/es\/#\/schema\/person\/image\/\",\"url\":\"https:\/\/secure.gravatar.com\/avatar\/c824b04e6df0e37a03219d0b6481672889df542894588964102459e46513159c?s=96&d=mm&r=g\",\"contentUrl\":\"https:\/\/secure.gravatar.com\/avatar\/c824b04e6df0e37a03219d0b6481672889df542894588964102459e46513159c?s=96&d=mm&r=g\",\"caption\":\"We Love Cycling Spain\"},\"url\":\"https:\/\/www.welovecycling.com\/es\/author\/amunoz\/\"}]}<\/script>\n<!-- \/ Yoast SEO Premium plugin. -->","yoast_head_json":{"title":"Ajustes biomec\u00e1nicos de urgencia - \u0160koda We Love Cycling - Spain","description":"Los ajustes biomec\u00e1nicos de urgencia que te pueden solucionar algunos de los dolores que se producen encima de la bicicleta.","robots":{"index":"index","follow":"follow","max-snippet":"max-snippet:-1","max-image-preview":"max-image-preview:large","max-video-preview":"max-video-preview:-1"},"canonical":"https:\/\/www.welovecycling.com\/es\/2017\/11\/03\/ajustes-biomecanicos\/","og_locale":"es_ES","og_type":"article","og_title":"Ajustes biomec\u00e1nicos de urgencia","og_description":"Pagar por una biomec\u00e1nica para la bicicleta no es barato, pero a\u00fan as\u00ed siempre recomendamos que pidas consejo a un profesional si tienes dolores mientras montas en bici. Pero si los problemas son menores te explicamos como puedes solucionarnos tu mismo","og_url":"https:\/\/www.welovecycling.com\/es\/2017\/11\/03\/ajustes-biomecanicos\/","og_site_name":"\u0160koda We Love Cycling - Spain","article_published_time":"2017-11-03T08:43:19+00:00","article_modified_time":"2017-11-17T10:29:46+00:00","og_image":[{"width":1375,"height":600,"url":"https:\/\/d2p6e6u75xmxt8.cloudfront.net\/6\/2017\/11\/cover_bikefit.jpg","type":"image\/jpeg"}],"author":"We Love Cycling Spain","twitter_card":"summary_large_image","twitter_title":"Ajustes biomec\u00e1nicos de urgencia","twitter_description":"Pagar por una biomec\u00e1nica para la bicicleta no es barato, pero a\u00fan as\u00ed siempre recomendamos que pidas consejo a un profesional si tienes dolores mientras montas en bici. Pero si los problemas son menores te explicamos como puedes solucionarnos tu mismo","twitter_misc":{"Written by":"Christopher Ashley","Est. reading time":"3 minutes"},"schema":{"@context":"https:\/\/schema.org","@graph":[{"@type":"WebPage","@id":"https:\/\/www.welovecycling.com\/es\/2017\/11\/03\/ajustes-biomecanicos\/","url":"https:\/\/www.welovecycling.com\/es\/2017\/11\/03\/ajustes-biomecanicos\/","name":"Ajustes biomec\u00e1nicos de urgencia - \u0160koda We Love Cycling - Spain","isPartOf":{"@id":"https:\/\/www.welovecycling.com\/es\/#website"},"primaryImageOfPage":{"@id":"https:\/\/www.welovecycling.com\/es\/2017\/11\/03\/ajustes-biomecanicos\/#primaryimage"},"image":{"@id":"https:\/\/www.welovecycling.com\/es\/2017\/11\/03\/ajustes-biomecanicos\/#primaryimage"},"thumbnailUrl":"https:\/\/d2p6e6u75xmxt8.cloudfront.net\/6\/2017\/11\/cover_bikefit.jpg","datePublished":"2017-11-03T08:43:19+00:00","dateModified":"2017-11-17T10:29:46+00:00","author":{"@id":"https:\/\/www.welovecycling.com\/es\/#\/schema\/person\/deb61715b5812698ee79fb96f343ccd4"},"description":"Los ajustes biomec\u00e1nicos de urgencia que te pueden solucionar algunos de los dolores que se producen encima de la bicicleta.","breadcrumb":{"@id":"https:\/\/www.welovecycling.com\/es\/2017\/11\/03\/ajustes-biomecanicos\/#breadcrumb"},"inLanguage":"es-ES","potentialAction":[{"@type":"ReadAction","target":["https:\/\/www.welovecycling.com\/es\/2017\/11\/03\/ajustes-biomecanicos\/"]}]},{"@type":"ImageObject","inLanguage":"es-ES","@id":"https:\/\/www.welovecycling.com\/es\/2017\/11\/03\/ajustes-biomecanicos\/#primaryimage","url":"https:\/\/d2p6e6u75xmxt8.cloudfront.net\/6\/2017\/11\/cover_bikefit.jpg","contentUrl":"https:\/\/d2p6e6u75xmxt8.cloudfront.net\/6\/2017\/11\/cover_bikefit.jpg","width":1375,"height":600},{"@type":"BreadcrumbList","@id":"https:\/\/www.welovecycling.com\/es\/2017\/11\/03\/ajustes-biomecanicos\/#breadcrumb","itemListElement":[{"@type":"ListItem","position":1,"name":"Home","item":"https:\/\/www.welovecycling.com\/es\/"},{"@type":"ListItem","position":2,"name":"Ajustes biomec\u00e1nicos de urgencia"}]},{"@type":"WebSite","@id":"https:\/\/www.welovecycling.com\/es\/#website","url":"https:\/\/www.welovecycling.com\/es\/","name":"\u0160koda We Love Cycling - Spain","description":"\u0160koda WeLoveCycling Spain","potentialAction":[{"@type":"SearchAction","target":{"@type":"EntryPoint","urlTemplate":"https:\/\/www.welovecycling.com\/es\/?s={search_term_string}"},"query-input":{"@type":"PropertyValueSpecification","valueRequired":true,"valueName":"search_term_string"}}],"inLanguage":"es-ES"},{"@type":"Person","@id":"https:\/\/www.welovecycling.com\/es\/#\/schema\/person\/deb61715b5812698ee79fb96f343ccd4","name":"We Love Cycling Spain","image":{"@type":"ImageObject","inLanguage":"es-ES","@id":"https:\/\/www.welovecycling.com\/es\/#\/schema\/person\/image\/","url":"https:\/\/secure.gravatar.com\/avatar\/c824b04e6df0e37a03219d0b6481672889df542894588964102459e46513159c?s=96&d=mm&r=g","contentUrl":"https:\/\/secure.gravatar.com\/avatar\/c824b04e6df0e37a03219d0b6481672889df542894588964102459e46513159c?s=96&d=mm&r=g","caption":"We Love Cycling Spain"},"url":"https:\/\/www.welovecycling.com\/es\/author\/amunoz\/"}]}},"_links":{"self":[{"href":"https:\/\/www.welovecycling.com\/es\/wp-json\/wp\/v2\/posts\/1726","targetHints":{"allow":["GET"]}}],"collection":[{"href":"https:\/\/www.welovecycling.com\/es\/wp-json\/wp\/v2\/posts"}],"about":[{"href":"https:\/\/www.welovecycling.com\/es\/wp-json\/wp\/v2\/types\/post"}],"author":[{"embeddable":true,"href":"https:\/\/www.welovecycling.com\/es\/wp-json\/wp\/v2\/users\/29"}],"replies":[{"embeddable":true,"href":"https:\/\/www.welovecycling.com\/es\/wp-json\/wp\/v2\/comments?post=1726"}],"version-history":[{"count":2,"href":"https:\/\/www.welovecycling.com\/es\/wp-json\/wp\/v2\/posts\/1726\/revisions"}],"predecessor-version":[{"id":1836,"href":"https:\/\/www.welovecycling.com\/es\/wp-json\/wp\/v2\/posts\/1726\/revisions\/1836"}],"wp:featuredmedia":[{"embeddable":true,"href":"https:\/\/www.welovecycling.com\/es\/wp-json\/wp\/v2\/media\/1729"}],"wp:attachment":[{"href":"https:\/\/www.welovecycling.com\/es\/wp-json\/wp\/v2\/media?parent=1726"}],"wp:term":[{"taxonomy":"category","embeddable":true,"href":"https:\/\/www.welovecycling.com\/es\/wp-json\/wp\/v2\/categories?post=1726"},{"taxonomy":"post_tag","embeddable":true,"href":"https:\/\/www.welovecycling.com\/es\/wp-json\/wp\/v2\/tags?post=1726"},{"taxonomy":"global-categories","embeddable":true,"href":"https:\/\/www.welovecycling.com\/es\/wp-json\/wp\/v2\/global-categories?post=1726"}],"curies":[{"name":"wp","href":"https:\/\/api.w.org\/{rel}","templated":true}]}}