{"id":1722,"date":"2017-11-02T18:34:48","date_gmt":"2017-11-02T16:34:48","guid":{"rendered":"https:\/\/www.welovecycling.com\/es\/?p=1722"},"modified":"2017-11-02T18:34:48","modified_gmt":"2017-11-02T16:34:48","slug":"la-skoda-gran-fondo-priorat-trek-abre-inscripciones","status":"publish","type":"post","link":"https:\/\/www.welovecycling.com\/es\/2017\/11\/02\/la-skoda-gran-fondo-priorat-trek-abre-inscripciones\/","title":{"rendered":"La \u0160koda Gran Fondo Priorat TREK abre inscripciones"},"content":{"rendered":"<p><strong>La \u0160koda Gran Fondo Priorat TREK disputar\u00e1 su tercera edici\u00f3n el 8 de abril. Ser\u00e1 la primera cita de la temporada de Gran Fondo Family que, a diferencia de las pruebas de Reus y San Sebasti\u00e1n, apuesta por la mountain bike. Una marcha cicloturista en bicicleta de monta\u00f1a que, de nuevo, recorrer\u00e1 los senderos y pistas de la regi\u00f3n tarraconense de El Priorat.<\/strong><!--more--><br \/>\nTras reunir en 2016 a 3.000 bikers en la l\u00ednea de salida,<strong> \u0160koda Gran Fondo Priorat TREK<\/strong> presenta el 2 de noviembre su nueva p\u00e1gina web y abre inscripciones a las 12:00 h. Ser\u00e1 el momento en que se pondr\u00e1n a la venta las 3.000 plazas disponibles para la edici\u00f3n 2018 (1.500 en Gran Fondo 98K y 1.500 en Gran Fondo 54K).<br \/>\nMaillot oficial.<\/p>\n<p><a href=\"https:\/\/d2p6e6u75xmxt8.cloudfront.net\/6\/2017\/11\/Maillot-Oficial-GFP-2018.jpg\"><img loading=\"lazy\" decoding=\"async\" class=\"aligncenter size-full wp-image-1723\" src=\"https:\/\/d2p6e6u75xmxt8.cloudfront.net\/6\/2017\/11\/Maillot-Oficial-GFP-2018.jpg\" alt=\"\" width=\"940\" height=\"847\" srcset=\"https:\/\/d2p6e6u75xmxt8.cloudfront.net\/6\/2017\/11\/Maillot-Oficial-GFP-2018.jpg 940w, https:\/\/d2p6e6u75xmxt8.cloudfront.net\/6\/2017\/11\/Maillot-Oficial-GFP-2018-300x270.jpg 300w, https:\/\/d2p6e6u75xmxt8.cloudfront.net\/6\/2017\/11\/Maillot-Oficial-GFP-2018-768x692.jpg 768w\" sizes=\"auto, (max-width: 940px) 100vw, 940px\" \/><\/a><br \/>\n<strong>\u0160koda Gran Fondo Priorat TREK<\/strong> ya tiene maillot oficial 2018. El dise\u00f1o de la prenda, que de nuevo llega de la mano de la marca italiana Santini, ha sido elegido entre tres opciones a trav\u00e9s de las redes sociales.<\/p>\n<p>El ganador es un maillot con un dise\u00f1o donde predomina el negro combinado con el amarillo que caracteriza a El Priorat. Adem\u00e1s, incorpora una trama con la cl\u00e1sica hoja que simboliza <strong>Gran Fondo Family<\/strong> en el pecho y el bolsillo trasero de la prenda<\/p>\n<p>M\u00e1s informaci\u00f3n: <a href=\"http:\/\/www.skodagranfondopriorat.com\/\">www.skodagranfondopriorat.com<\/a><\/p>\n","protected":false},"excerpt":{"rendered":"<p>La \u0160koda Gran Fondo Priorat TREK disputar\u00e1 su tercera edici\u00f3n el 8 de abril. Ser\u00e1 la primera cita de la [&hellip;]<\/p>\n","protected":false},"author":29,"featured_media":1724,"comment_status":"open","ping_status":"open","sticky":false,"template":"","format":"standard","meta":{"footnotes":""},"categories":[9],"tags":[164],"global-categories":[],"class_list":["post-1722","post","type-post","status-publish","format-standard","has-post-thumbnail","hentry","category-mtb-aventura","tag-skoda-gf-priorat"],"yoast_head":"<!-- This site is optimized with the Yoast SEO Premium plugin v25.3 (Yoast SEO v25.9) - https:\/\/yoast.com\/wordpress\/plugins\/seo\/ -->\n<title>La \u0160koda Gran Fondo Priorat TREK abre inscripciones - \u0160koda We Love Cycling - Spain<\/title>\n<meta name=\"description\" content=\"La \u0160koda Gran Fondo Priorat TREK disputar\u00e1 su tercera edici\u00f3n el 8 de abril. Ser\u00e1 la primera cita de la temporada de Gran Fondo Family\" \/>\n<meta name=\"robots\" content=\"index, follow, max-snippet:-1, max-image-preview:large, max-video-preview:-1\" \/>\n<link rel=\"canonical\" href=\"https:\/\/www.welovecycling.com\/es\/2017\/11\/02\/la-skoda-gran-fondo-priorat-trek-abre-inscripciones\/\" \/>\n<meta property=\"og:locale\" content=\"es_ES\" \/>\n<meta property=\"og:type\" content=\"article\" \/>\n<meta property=\"og:title\" content=\"La \u0160koda Gran Fondo Priorat TREK abre inscripciones\" \/>\n<meta property=\"og:description\" content=\"La \u0160koda Gran Fondo Priorat TREK disputar\u00e1 su tercera edici\u00f3n el 8 de abril. Ser\u00e1 la primera cita de la temporada de Gran Fondo Family\" \/>\n<meta property=\"og:url\" content=\"https:\/\/www.welovecycling.com\/es\/2017\/11\/02\/la-skoda-gran-fondo-priorat-trek-abre-inscripciones\/\" \/>\n<meta property=\"og:site_name\" content=\"\u0160koda We Love Cycling - Spain\" \/>\n<meta property=\"article:published_time\" content=\"2017-11-02T16:34:48+00:00\" \/>\n<meta property=\"og:image\" content=\"https:\/\/d2p6e6u75xmxt8.cloudfront.net\/6\/2017\/11\/skoda-GF-Priorat.jpg\" \/>\n\t<meta property=\"og:image:width\" content=\"1600\" \/>\n\t<meta property=\"og:image:height\" content=\"1066\" \/>\n\t<meta property=\"og:image:type\" content=\"image\/jpeg\" \/>\n<meta name=\"author\" content=\"We Love Cycling Spain\" \/>\n<meta name=\"twitter:card\" content=\"summary_large_image\" \/>\n<meta name=\"twitter:title\" content=\"La \u0160koda Gran Fondo Priorat TREK abre inscripciones\" \/>\n<meta name=\"twitter:description\" content=\"La \u0160koda Gran Fondo Priorat TREK disputar\u00e1 su tercera edici\u00f3n el 8 de abril. Ser\u00e1 la primera cita de la temporada de Gran Fondo Family\" \/>\n<meta name=\"twitter:label1\" content=\"Written by\" \/>\n\t<meta name=\"twitter:data1\" content=\"We Love Cycling Spain\" \/>\n\t<meta name=\"twitter:label2\" content=\"Est. reading time\" \/>\n\t<meta name=\"twitter:data2\" content=\"1 minute\" \/>\n<script type=\"application\/ld+json\" class=\"yoast-schema-graph\">{\"@context\":\"https:\/\/schema.org\",\"@graph\":[{\"@type\":\"WebPage\",\"@id\":\"https:\/\/www.welovecycling.com\/es\/2017\/11\/02\/la-skoda-gran-fondo-priorat-trek-abre-inscripciones\/\",\"url\":\"https:\/\/www.welovecycling.com\/es\/2017\/11\/02\/la-skoda-gran-fondo-priorat-trek-abre-inscripciones\/\",\"name\":\"La \u0160koda Gran Fondo Priorat TREK abre inscripciones - \u0160koda We Love Cycling - Spain\",\"isPartOf\":{\"@id\":\"https:\/\/www.welovecycling.com\/es\/#website\"},\"primaryImageOfPage\":{\"@id\":\"https:\/\/www.welovecycling.com\/es\/2017\/11\/02\/la-skoda-gran-fondo-priorat-trek-abre-inscripciones\/#primaryimage\"},\"image\":{\"@id\":\"https:\/\/www.welovecycling.com\/es\/2017\/11\/02\/la-skoda-gran-fondo-priorat-trek-abre-inscripciones\/#primaryimage\"},\"thumbnailUrl\":\"https:\/\/d2p6e6u75xmxt8.cloudfront.net\/6\/2017\/11\/skoda-GF-Priorat.jpg\",\"datePublished\":\"2017-11-02T16:34:48+00:00\",\"author\":{\"@id\":\"https:\/\/www.welovecycling.com\/es\/#\/schema\/person\/deb61715b5812698ee79fb96f343ccd4\"},\"description\":\"La \u0160koda Gran Fondo Priorat TREK disputar\u00e1 su tercera edici\u00f3n el 8 de abril. Ser\u00e1 la primera cita de la temporada de Gran Fondo Family\",\"breadcrumb\":{\"@id\":\"https:\/\/www.welovecycling.com\/es\/2017\/11\/02\/la-skoda-gran-fondo-priorat-trek-abre-inscripciones\/#breadcrumb\"},\"inLanguage\":\"es-ES\",\"potentialAction\":[{\"@type\":\"ReadAction\",\"target\":[\"https:\/\/www.welovecycling.com\/es\/2017\/11\/02\/la-skoda-gran-fondo-priorat-trek-abre-inscripciones\/\"]}]},{\"@type\":\"ImageObject\",\"inLanguage\":\"es-ES\",\"@id\":\"https:\/\/www.welovecycling.com\/es\/2017\/11\/02\/la-skoda-gran-fondo-priorat-trek-abre-inscripciones\/#primaryimage\",\"url\":\"https:\/\/d2p6e6u75xmxt8.cloudfront.net\/6\/2017\/11\/skoda-GF-Priorat.jpg\",\"contentUrl\":\"https:\/\/d2p6e6u75xmxt8.cloudfront.net\/6\/2017\/11\/skoda-GF-Priorat.jpg\",\"width\":1600,\"height\":1066},{\"@type\":\"BreadcrumbList\",\"@id\":\"https:\/\/www.welovecycling.com\/es\/2017\/11\/02\/la-skoda-gran-fondo-priorat-trek-abre-inscripciones\/#breadcrumb\",\"itemListElement\":[{\"@type\":\"ListItem\",\"position\":1,\"name\":\"Home\",\"item\":\"https:\/\/www.welovecycling.com\/es\/\"},{\"@type\":\"ListItem\",\"position\":2,\"name\":\"La \u0160koda Gran Fondo Priorat TREK abre inscripciones\"}]},{\"@type\":\"WebSite\",\"@id\":\"https:\/\/www.welovecycling.com\/es\/#website\",\"url\":\"https:\/\/www.welovecycling.com\/es\/\",\"name\":\"\u0160koda We Love Cycling - Spain\",\"description\":\"\u0160koda WeLoveCycling Spain\",\"potentialAction\":[{\"@type\":\"SearchAction\",\"target\":{\"@type\":\"EntryPoint\",\"urlTemplate\":\"https:\/\/www.welovecycling.com\/es\/?s={search_term_string}\"},\"query-input\":{\"@type\":\"PropertyValueSpecification\",\"valueRequired\":true,\"valueName\":\"search_term_string\"}}],\"inLanguage\":\"es-ES\"},{\"@type\":\"Person\",\"@id\":\"https:\/\/www.welovecycling.com\/es\/#\/schema\/person\/deb61715b5812698ee79fb96f343ccd4\",\"name\":\"We Love Cycling Spain\",\"image\":{\"@type\":\"ImageObject\",\"inLanguage\":\"es-ES\",\"@id\":\"https:\/\/www.welovecycling.com\/es\/#\/schema\/person\/image\/\",\"url\":\"https:\/\/secure.gravatar.com\/avatar\/c824b04e6df0e37a03219d0b6481672889df542894588964102459e46513159c?s=96&d=mm&r=g\",\"contentUrl\":\"https:\/\/secure.gravatar.com\/avatar\/c824b04e6df0e37a03219d0b6481672889df542894588964102459e46513159c?s=96&d=mm&r=g\",\"caption\":\"We Love Cycling Spain\"},\"url\":\"https:\/\/www.welovecycling.com\/es\/author\/amunoz\/\"}]}<\/script>\n<!-- \/ Yoast SEO Premium plugin. -->","yoast_head_json":{"title":"La \u0160koda Gran Fondo Priorat TREK abre inscripciones - \u0160koda We Love Cycling - Spain","description":"La \u0160koda Gran Fondo Priorat TREK disputar\u00e1 su tercera edici\u00f3n el 8 de abril. Ser\u00e1 la primera cita de la temporada de Gran Fondo Family","robots":{"index":"index","follow":"follow","max-snippet":"max-snippet:-1","max-image-preview":"max-image-preview:large","max-video-preview":"max-video-preview:-1"},"canonical":"https:\/\/www.welovecycling.com\/es\/2017\/11\/02\/la-skoda-gran-fondo-priorat-trek-abre-inscripciones\/","og_locale":"es_ES","og_type":"article","og_title":"La \u0160koda Gran Fondo Priorat TREK abre inscripciones","og_description":"La \u0160koda Gran Fondo Priorat TREK disputar\u00e1 su tercera edici\u00f3n el 8 de abril. Ser\u00e1 la primera cita de la temporada de Gran Fondo Family","og_url":"https:\/\/www.welovecycling.com\/es\/2017\/11\/02\/la-skoda-gran-fondo-priorat-trek-abre-inscripciones\/","og_site_name":"\u0160koda We Love Cycling - Spain","article_published_time":"2017-11-02T16:34:48+00:00","og_image":[{"width":1600,"height":1066,"url":"https:\/\/d2p6e6u75xmxt8.cloudfront.net\/6\/2017\/11\/skoda-GF-Priorat.jpg","type":"image\/jpeg"}],"author":"We Love Cycling Spain","twitter_card":"summary_large_image","twitter_title":"La \u0160koda Gran Fondo Priorat TREK abre inscripciones","twitter_description":"La \u0160koda Gran Fondo Priorat TREK disputar\u00e1 su tercera edici\u00f3n el 8 de abril. Ser\u00e1 la primera cita de la temporada de Gran Fondo Family","twitter_misc":{"Written by":"We Love Cycling Spain","Est. reading time":"1 minute"},"schema":{"@context":"https:\/\/schema.org","@graph":[{"@type":"WebPage","@id":"https:\/\/www.welovecycling.com\/es\/2017\/11\/02\/la-skoda-gran-fondo-priorat-trek-abre-inscripciones\/","url":"https:\/\/www.welovecycling.com\/es\/2017\/11\/02\/la-skoda-gran-fondo-priorat-trek-abre-inscripciones\/","name":"La \u0160koda Gran Fondo Priorat TREK abre inscripciones - \u0160koda We Love Cycling - Spain","isPartOf":{"@id":"https:\/\/www.welovecycling.com\/es\/#website"},"primaryImageOfPage":{"@id":"https:\/\/www.welovecycling.com\/es\/2017\/11\/02\/la-skoda-gran-fondo-priorat-trek-abre-inscripciones\/#primaryimage"},"image":{"@id":"https:\/\/www.welovecycling.com\/es\/2017\/11\/02\/la-skoda-gran-fondo-priorat-trek-abre-inscripciones\/#primaryimage"},"thumbnailUrl":"https:\/\/d2p6e6u75xmxt8.cloudfront.net\/6\/2017\/11\/skoda-GF-Priorat.jpg","datePublished":"2017-11-02T16:34:48+00:00","author":{"@id":"https:\/\/www.welovecycling.com\/es\/#\/schema\/person\/deb61715b5812698ee79fb96f343ccd4"},"description":"La \u0160koda Gran Fondo Priorat TREK disputar\u00e1 su tercera edici\u00f3n el 8 de abril. Ser\u00e1 la primera cita de la temporada de Gran Fondo Family","breadcrumb":{"@id":"https:\/\/www.welovecycling.com\/es\/2017\/11\/02\/la-skoda-gran-fondo-priorat-trek-abre-inscripciones\/#breadcrumb"},"inLanguage":"es-ES","potentialAction":[{"@type":"ReadAction","target":["https:\/\/www.welovecycling.com\/es\/2017\/11\/02\/la-skoda-gran-fondo-priorat-trek-abre-inscripciones\/"]}]},{"@type":"ImageObject","inLanguage":"es-ES","@id":"https:\/\/www.welovecycling.com\/es\/2017\/11\/02\/la-skoda-gran-fondo-priorat-trek-abre-inscripciones\/#primaryimage","url":"https:\/\/d2p6e6u75xmxt8.cloudfront.net\/6\/2017\/11\/skoda-GF-Priorat.jpg","contentUrl":"https:\/\/d2p6e6u75xmxt8.cloudfront.net\/6\/2017\/11\/skoda-GF-Priorat.jpg","width":1600,"height":1066},{"@type":"BreadcrumbList","@id":"https:\/\/www.welovecycling.com\/es\/2017\/11\/02\/la-skoda-gran-fondo-priorat-trek-abre-inscripciones\/#breadcrumb","itemListElement":[{"@type":"ListItem","position":1,"name":"Home","item":"https:\/\/www.welovecycling.com\/es\/"},{"@type":"ListItem","position":2,"name":"La \u0160koda Gran Fondo Priorat TREK abre inscripciones"}]},{"@type":"WebSite","@id":"https:\/\/www.welovecycling.com\/es\/#website","url":"https:\/\/www.welovecycling.com\/es\/","name":"\u0160koda We Love Cycling - Spain","description":"\u0160koda WeLoveCycling Spain","potentialAction":[{"@type":"SearchAction","target":{"@type":"EntryPoint","urlTemplate":"https:\/\/www.welovecycling.com\/es\/?s={search_term_string}"},"query-input":{"@type":"PropertyValueSpecification","valueRequired":true,"valueName":"search_term_string"}}],"inLanguage":"es-ES"},{"@type":"Person","@id":"https:\/\/www.welovecycling.com\/es\/#\/schema\/person\/deb61715b5812698ee79fb96f343ccd4","name":"We Love Cycling Spain","image":{"@type":"ImageObject","inLanguage":"es-ES","@id":"https:\/\/www.welovecycling.com\/es\/#\/schema\/person\/image\/","url":"https:\/\/secure.gravatar.com\/avatar\/c824b04e6df0e37a03219d0b6481672889df542894588964102459e46513159c?s=96&d=mm&r=g","contentUrl":"https:\/\/secure.gravatar.com\/avatar\/c824b04e6df0e37a03219d0b6481672889df542894588964102459e46513159c?s=96&d=mm&r=g","caption":"We Love Cycling Spain"},"url":"https:\/\/www.welovecycling.com\/es\/author\/amunoz\/"}]}},"_links":{"self":[{"href":"https:\/\/www.welovecycling.com\/es\/wp-json\/wp\/v2\/posts\/1722","targetHints":{"allow":["GET"]}}],"collection":[{"href":"https:\/\/www.welovecycling.com\/es\/wp-json\/wp\/v2\/posts"}],"about":[{"href":"https:\/\/www.welovecycling.com\/es\/wp-json\/wp\/v2\/types\/post"}],"author":[{"embeddable":true,"href":"https:\/\/www.welovecycling.com\/es\/wp-json\/wp\/v2\/users\/29"}],"replies":[{"embeddable":true,"href":"https:\/\/www.welovecycling.com\/es\/wp-json\/wp\/v2\/comments?post=1722"}],"version-history":[{"count":1,"href":"https:\/\/www.welovecycling.com\/es\/wp-json\/wp\/v2\/posts\/1722\/revisions"}],"predecessor-version":[{"id":1725,"href":"https:\/\/www.welovecycling.com\/es\/wp-json\/wp\/v2\/posts\/1722\/revisions\/1725"}],"wp:featuredmedia":[{"embeddable":true,"href":"https:\/\/www.welovecycling.com\/es\/wp-json\/wp\/v2\/media\/1724"}],"wp:attachment":[{"href":"https:\/\/www.welovecycling.com\/es\/wp-json\/wp\/v2\/media?parent=1722"}],"wp:term":[{"taxonomy":"category","embeddable":true,"href":"https:\/\/www.welovecycling.com\/es\/wp-json\/wp\/v2\/categories?post=1722"},{"taxonomy":"post_tag","embeddable":true,"href":"https:\/\/www.welovecycling.com\/es\/wp-json\/wp\/v2\/tags?post=1722"},{"taxonomy":"global-categories","embeddable":true,"href":"https:\/\/www.welovecycling.com\/es\/wp-json\/wp\/v2\/global-categories?post=1722"}],"curies":[{"name":"wp","href":"https:\/\/api.w.org\/{rel}","templated":true}]}}