{"id":1576,"date":"2017-10-18T00:27:11","date_gmt":"2017-10-17T22:27:11","guid":{"rendered":"https:\/\/www.welovecycling.com\/es\/?p=1576"},"modified":"2017-10-27T13:47:49","modified_gmt":"2017-10-27T11:47:49","slug":"los-records-ciclistas-de-strava","status":"publish","type":"post","link":"https:\/\/www.welovecycling.com\/es\/2017\/10\/18\/los-records-ciclistas-de-strava\/","title":{"rendered":"Los r\u00e9cords ciclistas de Strava"},"content":{"rendered":"<p><strong>La aplicaci\u00f3n Strava, que registra los entrenamientos de los ciclistas, se est\u00e1 haciendo m\u00e1s popular cada d\u00eda. Es tentador competir contra miles de ciclistas en tiempo real y a veces, incluso batirlos. Al menos durante un tiempo y marcar alguno de los r\u00e9cords ciclistas de Strava. Este es el aspecto m\u00e1s seductor de una aplicaci\u00f3n que se ha convertido en una gran base de datos y que reparte KOMs (Titulos de rey o reina de la monta\u00f1a). Adem\u00e1s muchos la utilizan para medir su rendimiento frente al de sus amigos ciclistas.<\/strong><!--more--><br \/>\nSTRAVA en sueco significa esfuerzo, y ese es el secreto. Adem\u00e1s, estos d\u00edas We Love Cycling est\u00e1 intentanto batir un record particular en STRAVA, pero todav\u00eda es pronto para contarlo. Muy pronto lo sabr\u00e1s. Mientras tanto te proponemos un listado de locuras que se est\u00e1n haciendo con STRAVA.\u00a0 .<\/p>\n<h2><strong>Mark Beaumont (La vuelta al mundo en bicicleta m\u00e1s r\u00e1pida)<\/strong><strong><br \/>\n<\/strong><\/h2>\n<p><a href=\"https:\/\/d2p6e6u75xmxt8.cloudfront.net\/6\/2017\/10\/Mark-Beaumont-strava-route.jpg\"><img loading=\"lazy\" decoding=\"async\" class=\"alignnone size-full wp-image-1577\" src=\"https:\/\/d2p6e6u75xmxt8.cloudfront.net\/6\/2017\/10\/Mark-Beaumont-strava-route.jpg\" alt=\"\" width=\"1500\" height=\"1099\" srcset=\"https:\/\/d2p6e6u75xmxt8.cloudfront.net\/6\/2017\/10\/Mark-Beaumont-strava-route.jpg 1500w, https:\/\/d2p6e6u75xmxt8.cloudfront.net\/6\/2017\/10\/Mark-Beaumont-strava-route-300x220.jpg 300w, https:\/\/d2p6e6u75xmxt8.cloudfront.net\/6\/2017\/10\/Mark-Beaumont-strava-route-768x563.jpg 768w, https:\/\/d2p6e6u75xmxt8.cloudfront.net\/6\/2017\/10\/Mark-Beaumont-strava-route-1024x750.jpg 1024w\" sizes=\"auto, (max-width: 1500px) 100vw, 1500px\" \/><\/a><\/p>\n<p>Este r\u00e9cord est\u00e1 todav\u00eda fresco y nadie lo ha batido en el momento que est\u00e1 escrito este art\u00edculo. El especialista en larga distancia\u00a0 aventurero escoc\u00e9s, Mark Beaumont complet\u00f3 su <a href=\"http:\/\/www.cyclingweekly.com\/news\/latest-news\/mark-beaumonts-amazing-round-world-cycle-record-strava-351742\">Vuelta al Mundo<\/a> en<strong> 78 d\u00edas 14 horas y 40 minutos,<\/strong> batiendo la marca anterior en 45 d\u00edas. Tambi\u00e9n estableci\u00f3 el r\u00e9cord de kil\u00f3metros recorridos en un mes. Beumont hac\u00eda una media de <strong>368 kil\u00f3metros por d\u00eda<\/strong> y permanenc\u00eda alrededor de 16 horas en el sill\u00edn. Dorm\u00eda solo unas 5 horas diarias. Celebr\u00f3 su triunfo llegando al Arco del Triunfo de Par\u00eds el 18 de septiembre y entr\u00f3 en el libro Guinnes de los R\u00e9cords.<\/p>\n<p>STRAVA <a href=\"https:\/\/www.strava.com\/athletes\/8288853\">profile<\/a><\/p>\n<h2><strong>Amanda Coker (Mayor distancia en un a\u00f1o)<\/strong><\/h2>\n<p><a href=\"https:\/\/d2p6e6u75xmxt8.cloudfront.net\/6\/2017\/10\/amanda-coker-feature.jpg\"><img loading=\"lazy\" decoding=\"async\" class=\"alignnone size-full wp-image-1579\" src=\"https:\/\/d2p6e6u75xmxt8.cloudfront.net\/6\/2017\/10\/amanda-coker-feature.jpg\" alt=\"\" width=\"1000\" height=\"636\" srcset=\"https:\/\/d2p6e6u75xmxt8.cloudfront.net\/6\/2017\/10\/amanda-coker-feature.jpg 1000w, https:\/\/d2p6e6u75xmxt8.cloudfront.net\/6\/2017\/10\/amanda-coker-feature-300x191.jpg 300w, https:\/\/d2p6e6u75xmxt8.cloudfront.net\/6\/2017\/10\/amanda-coker-feature-768x488.jpg 768w\" sizes=\"auto, (max-width: 1000px) 100vw, 1000px\" \/><\/a><\/p>\n<p>Esta atleta tiene una resistencia incre\u00edble. Con 24 a\u00f1os Amanda ha rodado en su bici durante un a\u00f1o, sin dejarlo ni un solo d\u00eda, una media de 381 kil\u00f3metros diarios. Ha batido <a href=\"https:\/\/www.bicycling.com\/rides\/records\/is-amanda-coker-for-real\/slide\/1\">su r\u00e9cord<\/a> despu\u00e9s de recuperarse de una lesi\u00f3n cerebral y en los <strong>365 d\u00edas complet\u00f3 138.403 kil\u00f3metros<\/strong>. Su distancia m\u00e1s larga fueron 486 kil\u00f3metros un d\u00eda y la m\u00e1s corta 88,5 kil\u00f3metros cuando rod\u00f3 durante el Hurac\u00e1n Hermine. Su trabajo concienzudo le ha llevado a estar en el Libro Guinness de los R\u00e9cords.<\/p>\n<p>STRAVA <a href=\"https:\/\/www.strava.com\/athletes\/10033054\">profile<\/a><\/p>\n<h2><strong>Torey Philipp (Subi\u00f3 un mill\u00f3n de pies en un a\u00f1o)<\/strong><\/h2>\n<p><a href=\"https:\/\/d2p6e6u75xmxt8.cloudfront.net\/6\/2017\/10\/20170125_PK_TOREY_0272.jpg\"><img loading=\"lazy\" decoding=\"async\" class=\"alignnone size-full wp-image-1581\" src=\"https:\/\/d2p6e6u75xmxt8.cloudfront.net\/6\/2017\/10\/20170125_PK_TOREY_0272.jpg\" alt=\"\" width=\"1140\" height=\"712\" srcset=\"https:\/\/d2p6e6u75xmxt8.cloudfront.net\/6\/2017\/10\/20170125_PK_TOREY_0272.jpg 1140w, https:\/\/d2p6e6u75xmxt8.cloudfront.net\/6\/2017\/10\/20170125_PK_TOREY_0272-300x187.jpg 300w, https:\/\/d2p6e6u75xmxt8.cloudfront.net\/6\/2017\/10\/20170125_PK_TOREY_0272-768x480.jpg 768w, https:\/\/d2p6e6u75xmxt8.cloudfront.net\/6\/2017\/10\/20170125_PK_TOREY_0272-1024x640.jpg 1024w\" sizes=\"auto, (max-width: 1140px) 100vw, 1140px\" \/><\/a><\/p>\n<p>Torey no solo tienen un look similar al de Peter Sagan, tambi\u00e9n tiene un carisma similar cuando se monta en la bici.La mayor\u00eda de sus entrenamientos los hace en las monta\u00f1as de los alrededores su ciudad, el Dorado, en el Norte de California, y solo dos semanas antes del final de 2016 se dio cuenta de que estaba a <strong>pocos metros de completar un mill\u00f3n de pies de desnivel, o lo que es lo mismo, 304 kil\u00f3metros<\/strong>. As\u00ed que hizo un plan de salidas con su entrenador, y a pese a algunos accidentes, consigui\u00f3 llegar a la m\u00edtica cifra de un mill\u00f3n de pies de desnivel subidos en un a\u00f1o. El tambi\u00e9n confes\u00f3 que al ver otros r\u00e9cords de STRAVA quiso hacer ese suyo. Eso s\u00ed, cuando no est\u00e1 subiendo monta\u00f1as se dedica a prepara su propia cerveza.<\/p>\n<p>STRAVA <a href=\"https:\/\/www.strava.com\/activities\/701844492\">profile<\/a><\/p>\n<h2><strong>Rebecca Rusch (Primera mujer en descender el Klimanjaro con MTB)<\/strong><\/h2>\n<p><a href=\"https:\/\/d2p6e6u75xmxt8.cloudfront.net\/6\/2017\/10\/Rebecca-Rusch-Patrick-Sweeney-Mountain-Biking-Kilimanjaro.jpg\"><img loading=\"lazy\" decoding=\"async\" class=\"alignnone size-full wp-image-1583\" src=\"https:\/\/d2p6e6u75xmxt8.cloudfront.net\/6\/2017\/10\/Rebecca-Rusch-Patrick-Sweeney-Mountain-Biking-Kilimanjaro.jpg\" alt=\"\" width=\"1200\" height=\"900\" srcset=\"https:\/\/d2p6e6u75xmxt8.cloudfront.net\/6\/2017\/10\/Rebecca-Rusch-Patrick-Sweeney-Mountain-Biking-Kilimanjaro.jpg 1200w, https:\/\/d2p6e6u75xmxt8.cloudfront.net\/6\/2017\/10\/Rebecca-Rusch-Patrick-Sweeney-Mountain-Biking-Kilimanjaro-300x225.jpg 300w, https:\/\/d2p6e6u75xmxt8.cloudfront.net\/6\/2017\/10\/Rebecca-Rusch-Patrick-Sweeney-Mountain-Biking-Kilimanjaro-768x576.jpg 768w, https:\/\/d2p6e6u75xmxt8.cloudfront.net\/6\/2017\/10\/Rebecca-Rusch-Patrick-Sweeney-Mountain-Biking-Kilimanjaro-1024x768.jpg 1024w\" sizes=\"auto, (max-width: 1200px) 100vw, 1200px\" \/><\/a><\/p>\n<p>Cuando alguien tiene como sobrenombre, &#8216;La Reina del Dolor&#8217; sabes que cualquier reto que le pongas te va a responder con un acepto y lo va a acabar consiguiendo. Rebecca y su compa\u00f1ero de aventuras Patrick Sweeney se tomaron seis d\u00edas para completar la ascensi\u00f3n y el descenso del Klimanjaro. Alcanza los 5.985 metros de altitud y para bajar hay que rodar durante 15 kil\u00f3metros y 1.600 metros de desnivel. La parte m\u00e1s dura del d\u00eda fue la ascensi\u00f3n de 2 horas y 28 minutos.<\/p>\n<p>STRAVA <a href=\"https:\/\/www.strava.com\/activities\/50317109\">profile<\/a><\/p>\n<h2><strong>Craig Cannon (R\u00e9cord de metros ascendidos en 48 horas)<\/strong><\/h2>\n<p><a href=\"https:\/\/d2p6e6u75xmxt8.cloudfront.net\/6\/2017\/10\/Strava_3407660b.jpg\"><img decoding=\"async\" class=\"alignnone size-full wp-image-1585\" src=\"https:\/\/d2p6e6u75xmxt8.cloudfront.net\/6\/2017\/10\/Strava_3407660b.jpg\" alt=\"\" \/><\/a><\/p>\n<p>El Everesting (subir la altitud del Everest en 24 horas) se ha hecho popular en los \u00faltimos a\u00f1os, sobre todo despu\u00e9s de la popularizaci\u00f3n de STRAVA (ya dijimos que resulta motivador a los ojos del p\u00fablico este tipo de competiciones). El r\u00e9cord de <strong>metros verticales subidos en 48 horas es una cifra incre\u00edble, 29,623.3 metros<\/strong>. El ciclista que consigui\u00f3 esta haza\u00f1a de resistencia fue Craig Cannon (USA) en Berkeley, California, entre el 7 y el 9 de agosto de 2015.<\/p>\n<p>STRAVA <a href=\"https:\/\/www.strava.com\/athletes\/1678058\">profile<\/a><\/p>\n","protected":false},"excerpt":{"rendered":"<p>La aplicaci\u00f3n Strava, que registra los entrenamientos de los ciclistas, se est\u00e1 haciendo m\u00e1s popular cada d\u00eda. Es tentador competir [&hellip;]<\/p>\n","protected":false},"author":29,"featured_media":1587,"comment_status":"open","ping_status":"open","sticky":false,"template":"","format":"standard","meta":{"footnotes":""},"categories":[7,9],"tags":[],"global-categories":[],"class_list":["post-1576","post","type-post","status-publish","format-standard","has-post-thumbnail","hentry","category-carretera","category-mtb-aventura"],"yoast_head":"<!-- This site is optimized with the Yoast SEO Premium plugin v25.3 (Yoast SEO v25.9) - https:\/\/yoast.com\/wordpress\/plugins\/seo\/ -->\n<title>Los r\u00e9cords ciclistas de Strava - \u0160koda We Love Cycling - Spain<\/title>\n<meta name=\"description\" content=\"Los r\u00e9cords ciclistas de Strava. La clasificaci\u00f3n de qui\u00e9n ha hecho m\u00e1s kil\u00f3metros en un a\u00f1o o quien ha subido m\u00e1s metros de desnivel.\" \/>\n<meta name=\"robots\" content=\"index, follow, max-snippet:-1, max-image-preview:large, max-video-preview:-1\" \/>\n<link rel=\"canonical\" href=\"https:\/\/www.welovecycling.com\/es\/2017\/10\/18\/los-records-ciclistas-de-strava\/\" \/>\n<meta property=\"og:locale\" content=\"es_ES\" \/>\n<meta property=\"og:type\" content=\"article\" \/>\n<meta property=\"og:title\" content=\"Los r\u00e9cords ciclistas de Strava\" \/>\n<meta property=\"og:description\" content=\"Los r\u00e9cords ciclistas de Strava. La clasificaci\u00f3n de qui\u00e9n ha hecho m\u00e1s kil\u00f3metros en un a\u00f1o o quien ha subido m\u00e1s metros de desnivel.\" \/>\n<meta property=\"og:url\" content=\"https:\/\/www.welovecycling.com\/es\/2017\/10\/18\/los-records-ciclistas-de-strava\/\" \/>\n<meta property=\"og:site_name\" content=\"\u0160koda We Love Cycling - Spain\" \/>\n<meta property=\"article:published_time\" content=\"2017-10-17T22:27:11+00:00\" \/>\n<meta property=\"article:modified_time\" content=\"2017-10-27T11:47:49+00:00\" \/>\n<meta property=\"og:image\" content=\"https:\/\/d2p6e6u75xmxt8.cloudfront.net\/6\/2017\/10\/profimedia-0344282731-1.jpg\" \/>\n\t<meta property=\"og:image:width\" content=\"1375\" \/>\n\t<meta property=\"og:image:height\" content=\"600\" \/>\n\t<meta property=\"og:image:type\" content=\"image\/jpeg\" \/>\n<meta name=\"author\" content=\"We Love Cycling Spain\" \/>\n<meta name=\"twitter:card\" content=\"summary_large_image\" \/>\n<meta name=\"twitter:label1\" content=\"Written by\" \/>\n\t<meta name=\"twitter:data1\" content=\"Frantiska Blazkova\" \/>\n\t<meta name=\"twitter:label2\" content=\"Est. reading time\" \/>\n\t<meta name=\"twitter:data2\" content=\"4 minutes\" \/>\n<script type=\"application\/ld+json\" class=\"yoast-schema-graph\">{\"@context\":\"https:\/\/schema.org\",\"@graph\":[{\"@type\":\"WebPage\",\"@id\":\"https:\/\/www.welovecycling.com\/es\/2017\/10\/18\/los-records-ciclistas-de-strava\/\",\"url\":\"https:\/\/www.welovecycling.com\/es\/2017\/10\/18\/los-records-ciclistas-de-strava\/\",\"name\":\"Los r\u00e9cords ciclistas de Strava - \u0160koda We Love Cycling - Spain\",\"isPartOf\":{\"@id\":\"https:\/\/www.welovecycling.com\/es\/#website\"},\"primaryImageOfPage\":{\"@id\":\"https:\/\/www.welovecycling.com\/es\/2017\/10\/18\/los-records-ciclistas-de-strava\/#primaryimage\"},\"image\":{\"@id\":\"https:\/\/www.welovecycling.com\/es\/2017\/10\/18\/los-records-ciclistas-de-strava\/#primaryimage\"},\"thumbnailUrl\":\"https:\/\/d2p6e6u75xmxt8.cloudfront.net\/6\/2017\/10\/profimedia-0344282731-1.jpg\",\"datePublished\":\"2017-10-17T22:27:11+00:00\",\"dateModified\":\"2017-10-27T11:47:49+00:00\",\"author\":{\"@id\":\"https:\/\/www.welovecycling.com\/es\/#\/schema\/person\/deb61715b5812698ee79fb96f343ccd4\"},\"description\":\"Los r\u00e9cords ciclistas de Strava. La clasificaci\u00f3n de qui\u00e9n ha hecho m\u00e1s kil\u00f3metros en un a\u00f1o o quien ha subido m\u00e1s metros de desnivel.\",\"breadcrumb\":{\"@id\":\"https:\/\/www.welovecycling.com\/es\/2017\/10\/18\/los-records-ciclistas-de-strava\/#breadcrumb\"},\"inLanguage\":\"es-ES\",\"potentialAction\":[{\"@type\":\"ReadAction\",\"target\":[\"https:\/\/www.welovecycling.com\/es\/2017\/10\/18\/los-records-ciclistas-de-strava\/\"]}]},{\"@type\":\"ImageObject\",\"inLanguage\":\"es-ES\",\"@id\":\"https:\/\/www.welovecycling.com\/es\/2017\/10\/18\/los-records-ciclistas-de-strava\/#primaryimage\",\"url\":\"https:\/\/d2p6e6u75xmxt8.cloudfront.net\/6\/2017\/10\/profimedia-0344282731-1.jpg\",\"contentUrl\":\"https:\/\/d2p6e6u75xmxt8.cloudfront.net\/6\/2017\/10\/profimedia-0344282731-1.jpg\",\"width\":1375,\"height\":600},{\"@type\":\"BreadcrumbList\",\"@id\":\"https:\/\/www.welovecycling.com\/es\/2017\/10\/18\/los-records-ciclistas-de-strava\/#breadcrumb\",\"itemListElement\":[{\"@type\":\"ListItem\",\"position\":1,\"name\":\"Home\",\"item\":\"https:\/\/www.welovecycling.com\/es\/\"},{\"@type\":\"ListItem\",\"position\":2,\"name\":\"Los r\u00e9cords ciclistas de Strava\"}]},{\"@type\":\"WebSite\",\"@id\":\"https:\/\/www.welovecycling.com\/es\/#website\",\"url\":\"https:\/\/www.welovecycling.com\/es\/\",\"name\":\"\u0160koda We Love Cycling - Spain\",\"description\":\"\u0160koda WeLoveCycling Spain\",\"potentialAction\":[{\"@type\":\"SearchAction\",\"target\":{\"@type\":\"EntryPoint\",\"urlTemplate\":\"https:\/\/www.welovecycling.com\/es\/?s={search_term_string}\"},\"query-input\":{\"@type\":\"PropertyValueSpecification\",\"valueRequired\":true,\"valueName\":\"search_term_string\"}}],\"inLanguage\":\"es-ES\"},{\"@type\":\"Person\",\"@id\":\"https:\/\/www.welovecycling.com\/es\/#\/schema\/person\/deb61715b5812698ee79fb96f343ccd4\",\"name\":\"We Love Cycling Spain\",\"image\":{\"@type\":\"ImageObject\",\"inLanguage\":\"es-ES\",\"@id\":\"https:\/\/www.welovecycling.com\/es\/#\/schema\/person\/image\/\",\"url\":\"https:\/\/secure.gravatar.com\/avatar\/c824b04e6df0e37a03219d0b6481672889df542894588964102459e46513159c?s=96&d=mm&r=g\",\"contentUrl\":\"https:\/\/secure.gravatar.com\/avatar\/c824b04e6df0e37a03219d0b6481672889df542894588964102459e46513159c?s=96&d=mm&r=g\",\"caption\":\"We Love Cycling Spain\"},\"url\":\"https:\/\/www.welovecycling.com\/es\/author\/amunoz\/\"}]}<\/script>\n<!-- \/ Yoast SEO Premium plugin. -->","yoast_head_json":{"title":"Los r\u00e9cords ciclistas de Strava - \u0160koda We Love Cycling - Spain","description":"Los r\u00e9cords ciclistas de Strava. La clasificaci\u00f3n de qui\u00e9n ha hecho m\u00e1s kil\u00f3metros en un a\u00f1o o quien ha subido m\u00e1s metros de desnivel.","robots":{"index":"index","follow":"follow","max-snippet":"max-snippet:-1","max-image-preview":"max-image-preview:large","max-video-preview":"max-video-preview:-1"},"canonical":"https:\/\/www.welovecycling.com\/es\/2017\/10\/18\/los-records-ciclistas-de-strava\/","og_locale":"es_ES","og_type":"article","og_title":"Los r\u00e9cords ciclistas de Strava","og_description":"Los r\u00e9cords ciclistas de Strava. La clasificaci\u00f3n de qui\u00e9n ha hecho m\u00e1s kil\u00f3metros en un a\u00f1o o quien ha subido m\u00e1s metros de desnivel.","og_url":"https:\/\/www.welovecycling.com\/es\/2017\/10\/18\/los-records-ciclistas-de-strava\/","og_site_name":"\u0160koda We Love Cycling - Spain","article_published_time":"2017-10-17T22:27:11+00:00","article_modified_time":"2017-10-27T11:47:49+00:00","og_image":[{"width":1375,"height":600,"url":"https:\/\/d2p6e6u75xmxt8.cloudfront.net\/6\/2017\/10\/profimedia-0344282731-1.jpg","type":"image\/jpeg"}],"author":"We Love Cycling Spain","twitter_card":"summary_large_image","twitter_misc":{"Written by":"Frantiska Blazkova","Est. reading time":"4 minutes"},"schema":{"@context":"https:\/\/schema.org","@graph":[{"@type":"WebPage","@id":"https:\/\/www.welovecycling.com\/es\/2017\/10\/18\/los-records-ciclistas-de-strava\/","url":"https:\/\/www.welovecycling.com\/es\/2017\/10\/18\/los-records-ciclistas-de-strava\/","name":"Los r\u00e9cords ciclistas de Strava - \u0160koda We Love Cycling - Spain","isPartOf":{"@id":"https:\/\/www.welovecycling.com\/es\/#website"},"primaryImageOfPage":{"@id":"https:\/\/www.welovecycling.com\/es\/2017\/10\/18\/los-records-ciclistas-de-strava\/#primaryimage"},"image":{"@id":"https:\/\/www.welovecycling.com\/es\/2017\/10\/18\/los-records-ciclistas-de-strava\/#primaryimage"},"thumbnailUrl":"https:\/\/d2p6e6u75xmxt8.cloudfront.net\/6\/2017\/10\/profimedia-0344282731-1.jpg","datePublished":"2017-10-17T22:27:11+00:00","dateModified":"2017-10-27T11:47:49+00:00","author":{"@id":"https:\/\/www.welovecycling.com\/es\/#\/schema\/person\/deb61715b5812698ee79fb96f343ccd4"},"description":"Los r\u00e9cords ciclistas de Strava. La clasificaci\u00f3n de qui\u00e9n ha hecho m\u00e1s kil\u00f3metros en un a\u00f1o o quien ha subido m\u00e1s metros de desnivel.","breadcrumb":{"@id":"https:\/\/www.welovecycling.com\/es\/2017\/10\/18\/los-records-ciclistas-de-strava\/#breadcrumb"},"inLanguage":"es-ES","potentialAction":[{"@type":"ReadAction","target":["https:\/\/www.welovecycling.com\/es\/2017\/10\/18\/los-records-ciclistas-de-strava\/"]}]},{"@type":"ImageObject","inLanguage":"es-ES","@id":"https:\/\/www.welovecycling.com\/es\/2017\/10\/18\/los-records-ciclistas-de-strava\/#primaryimage","url":"https:\/\/d2p6e6u75xmxt8.cloudfront.net\/6\/2017\/10\/profimedia-0344282731-1.jpg","contentUrl":"https:\/\/d2p6e6u75xmxt8.cloudfront.net\/6\/2017\/10\/profimedia-0344282731-1.jpg","width":1375,"height":600},{"@type":"BreadcrumbList","@id":"https:\/\/www.welovecycling.com\/es\/2017\/10\/18\/los-records-ciclistas-de-strava\/#breadcrumb","itemListElement":[{"@type":"ListItem","position":1,"name":"Home","item":"https:\/\/www.welovecycling.com\/es\/"},{"@type":"ListItem","position":2,"name":"Los r\u00e9cords ciclistas de Strava"}]},{"@type":"WebSite","@id":"https:\/\/www.welovecycling.com\/es\/#website","url":"https:\/\/www.welovecycling.com\/es\/","name":"\u0160koda We Love Cycling - Spain","description":"\u0160koda WeLoveCycling Spain","potentialAction":[{"@type":"SearchAction","target":{"@type":"EntryPoint","urlTemplate":"https:\/\/www.welovecycling.com\/es\/?s={search_term_string}"},"query-input":{"@type":"PropertyValueSpecification","valueRequired":true,"valueName":"search_term_string"}}],"inLanguage":"es-ES"},{"@type":"Person","@id":"https:\/\/www.welovecycling.com\/es\/#\/schema\/person\/deb61715b5812698ee79fb96f343ccd4","name":"We Love Cycling Spain","image":{"@type":"ImageObject","inLanguage":"es-ES","@id":"https:\/\/www.welovecycling.com\/es\/#\/schema\/person\/image\/","url":"https:\/\/secure.gravatar.com\/avatar\/c824b04e6df0e37a03219d0b6481672889df542894588964102459e46513159c?s=96&d=mm&r=g","contentUrl":"https:\/\/secure.gravatar.com\/avatar\/c824b04e6df0e37a03219d0b6481672889df542894588964102459e46513159c?s=96&d=mm&r=g","caption":"We Love Cycling Spain"},"url":"https:\/\/www.welovecycling.com\/es\/author\/amunoz\/"}]}},"_links":{"self":[{"href":"https:\/\/www.welovecycling.com\/es\/wp-json\/wp\/v2\/posts\/1576","targetHints":{"allow":["GET"]}}],"collection":[{"href":"https:\/\/www.welovecycling.com\/es\/wp-json\/wp\/v2\/posts"}],"about":[{"href":"https:\/\/www.welovecycling.com\/es\/wp-json\/wp\/v2\/types\/post"}],"author":[{"embeddable":true,"href":"https:\/\/www.welovecycling.com\/es\/wp-json\/wp\/v2\/users\/29"}],"replies":[{"embeddable":true,"href":"https:\/\/www.welovecycling.com\/es\/wp-json\/wp\/v2\/comments?post=1576"}],"version-history":[{"count":2,"href":"https:\/\/www.welovecycling.com\/es\/wp-json\/wp\/v2\/posts\/1576\/revisions"}],"predecessor-version":[{"id":1668,"href":"https:\/\/www.welovecycling.com\/es\/wp-json\/wp\/v2\/posts\/1576\/revisions\/1668"}],"wp:featuredmedia":[{"embeddable":true,"href":"https:\/\/www.welovecycling.com\/es\/wp-json\/wp\/v2\/media\/1587"}],"wp:attachment":[{"href":"https:\/\/www.welovecycling.com\/es\/wp-json\/wp\/v2\/media?parent=1576"}],"wp:term":[{"taxonomy":"category","embeddable":true,"href":"https:\/\/www.welovecycling.com\/es\/wp-json\/wp\/v2\/categories?post=1576"},{"taxonomy":"post_tag","embeddable":true,"href":"https:\/\/www.welovecycling.com\/es\/wp-json\/wp\/v2\/tags?post=1576"},{"taxonomy":"global-categories","embeddable":true,"href":"https:\/\/www.welovecycling.com\/es\/wp-json\/wp\/v2\/global-categories?post=1576"}],"curies":[{"name":"wp","href":"https:\/\/api.w.org\/{rel}","templated":true}]}}