{"id":1549,"date":"2017-10-13T13:36:50","date_gmt":"2017-10-13T11:36:50","guid":{"rendered":"https:\/\/www.welovecycling.com\/es\/?p=1549"},"modified":"2017-10-27T15:07:09","modified_gmt":"2017-10-27T13:07:09","slug":"skoda-gran-fondo-san-sebastian-2017","status":"publish","type":"post","link":"https:\/\/www.welovecycling.com\/es\/2017\/10\/13\/skoda-gran-fondo-san-sebastian-2017\/","title":{"rendered":"\u0160koda Gran Fondo San Sebastian 2017"},"content":{"rendered":"<p><strong>\u00bfQu\u00e9 puede hacer a 2.000 personas reunirse a las 08.00 de la ma\u00f1ana de un domingo? El ciclismo, claro. Esa fue la respuesta que tuvo la primera edici\u00f3n de la Skoda Gran Fondo San Sebastian 2017, que naci\u00f3 el domingo 8 de octubre y lo hizo desde el Vel\u00f3dromo de Anoeta desafiando al fr\u00edo de primera hora de la ma\u00f1ana. No era la fecha m\u00e1s &#8216;ciclista&#8217; del calendario, pero la pasi\u00f3n con la que se vive el cicloturismo en los \u00faltimos a\u00f1os super\u00f3 cualquier previsi\u00f3n.<\/strong><!--more--><\/p>\n<p>Para contaos la <strong>\u0160koda<\/strong> GF San Sebastian Trek nos hemos querido poner en la piel de los participantes. Los que tuvieron que sudar para superar los recorridos<strong> Gran Fondo y Medio Fondo<\/strong>. El primero superaba los 180 kil\u00f3metros y los 2.860 metros de desnivel. Y el segundo algo m\u00e1s de 120 kil\u00f3metros y 2.460 metros de desnivel. As\u00ed que ninguno de ellos se pod\u00eda considerar un simple paseo. Y es que el terreno por el que discurr\u00eda la marcha, entre Guipuzkoa y norte de Navarra lo dif\u00edcil es encontrar kil\u00f3metros llanos. <strong>Un rompepiernas continuo<\/strong> con puertos cortos y millones de repechos escondidos.<\/p>\n<p>Eso s\u00ed, como siempre, en la previa del s\u00e1bado tocaba recoger dorsales y darse un &#8216;garbeo&#8217; por la Feria para ver las nuevas Trek y &#8216;robar&#8217; alguna foto con <a href=\"https:\/\/www.instagram.com\/haimarzubeldia\/\"><strong>Haimar Zubeldia<\/strong><\/a>, el ya ex profesional del equipo <strong>Trek Segafredo<\/strong> que fue el encargado de apadrinar la marcha y cortar la cinta de inicio. Jugaba en casa. As\u00ed que el recorrido se lo conoc\u00eda de sobra. Tambi\u00e9n para probar el maillot azul de la marcha (esta vez iba a ser la Marea Azul).<\/p>\n<p><a href=\"https:\/\/d2p6e6u75xmxt8.cloudfront.net\/6\/2017\/10\/ziort-GF-San-Sebastian.jpg\"><img loading=\"lazy\" decoding=\"async\" class=\"aligncenter size-full wp-image-1554\" src=\"https:\/\/d2p6e6u75xmxt8.cloudfront.net\/6\/2017\/10\/ziort-GF-San-Sebastian.jpg\" alt=\"\" width=\"960\" height=\"715\" srcset=\"https:\/\/d2p6e6u75xmxt8.cloudfront.net\/6\/2017\/10\/ziort-GF-San-Sebastian.jpg 960w, https:\/\/d2p6e6u75xmxt8.cloudfront.net\/6\/2017\/10\/ziort-GF-San-Sebastian-300x223.jpg 300w, https:\/\/d2p6e6u75xmxt8.cloudfront.net\/6\/2017\/10\/ziort-GF-San-Sebastian-768x572.jpg 768w\" sizes=\"auto, (max-width: 960px) 100vw, 960px\" \/><\/a><\/p>\n<p>Y el s\u00e1bado, sobre todo para los que ven\u00edan desde lejos <strong>(el 47% de la participaci\u00f3n era de fuera del Pa\u00eds Vasco<\/strong>), como<strong><a href=\"https:\/\/www.instagram.com\/firdia38\/\" target=\"_blank\" rel=\"noopener\"> Juan Antonio<\/a>, que vino desde Consuegra (Toledo)<\/strong>, se antojaba ideal para conocer los puertos de la zona y Jaizkibel con su historia en la Cl\u00e1sica de San Sebasti\u00e1n como una cita obligada. Y para darse una vuelta por el Casco Viejo y probar algunos pintxos para coger fuerzas.<\/p>\n<h2><strong>A pedalear<\/strong><\/h2>\n<p>Madrug\u00f3n, aparcamiento cerca del Vel\u00f3dromo de Anoeta, maillot, chaleco, guantes para los m\u00e1s frioleros y a las 08.00 en los cajones de salida dispuestos a pedalear. Ese fue el recorrido com\u00fan de nuestros tres protagonistas. <strong>Imanol, que vive a 20 kil\u00f3metros de la salida\u00a0<\/strong>para rodar por carreteras bien conocidas,<strong> Juan Antonio y Ziortza<\/strong> para descubrir las &#8216;emboscadas&#8217; de la <strong>\u0160koda<\/strong>\u00a0<strong>GF San Sebastia<\/strong>n y los &#8216;repechitos&#8217; de la zona del norte de Navarra. Y es que el recorrido de la Gran Fondo estaba casi al 50% repartido entre Guipuzkoa y Navarra. <a href=\"https:\/\/www.instagram.com\/ziortzavilla\/\" target=\"_blank\" rel=\"noopener\"><strong>Ziortza<\/strong>,<strong>\u00a0campeona de Espa\u00f1a de Ultrafondo,<\/strong><span style=\"color: #000000;\">\u00a0<a href=\"https:\/\/www.instagram.com\/ziortzavilla\/\" target=\"_blank\" rel=\"noopener\">\u00a0lo define como<\/a><\/span><\/a>\u00a0una &#8220;etapa muy rompepiernas, a excepci\u00f3n de los 20 km finales desde Orio a meta, no hay zona llanas. Subidas tendidas y bajadas t\u00e9cnicas con emboscadas al m\u00e1s puro estilo basque country&#8221;<\/p>\n<p>Kil\u00f3metros iniciales en ligero ascenso para ir entrando en calor camino de <strong>Goizueta<\/strong>. Pelotones agrupados, por el carril derecho y siempre con el control de la Ertzaintza (o la GC en Navarra) delante para abrir paso y asegurar los cruces. Eso s\u00ed, los sem\u00e1foros tocaba respetarlos porque la marcha no estaba cerrada al tr\u00e1fico, sino controlada y con voluntarios en cada cruce echando una mano.\u00a0 La gran ventaja, como dice<strong> Imanol, &#8220;es que en el recorrido hab\u00eda solo una decena de sem\u00e1foros y que durante muchos kil\u00f3metros el tr\u00e1fico de coches era pr\u00e1cticamente inexistente, por lo que se pod\u00eda ir tranquilo&#8221;.<\/strong><\/p>\n<p><a href=\"https:\/\/d2p6e6u75xmxt8.cloudfront.net\/6\/2017\/10\/fg-skoda-2.jpg\"><img loading=\"lazy\" decoding=\"async\" class=\"aligncenter size-full wp-image-1555\" src=\"https:\/\/d2p6e6u75xmxt8.cloudfront.net\/6\/2017\/10\/fg-skoda-2.jpg\" alt=\"\" width=\"960\" height=\"960\" srcset=\"https:\/\/d2p6e6u75xmxt8.cloudfront.net\/6\/2017\/10\/fg-skoda-2.jpg 960w, https:\/\/d2p6e6u75xmxt8.cloudfront.net\/6\/2017\/10\/fg-skoda-2-150x150.jpg 150w, https:\/\/d2p6e6u75xmxt8.cloudfront.net\/6\/2017\/10\/fg-skoda-2-300x300.jpg 300w, https:\/\/d2p6e6u75xmxt8.cloudfront.net\/6\/2017\/10\/fg-skoda-2-768x768.jpg 768w\" sizes=\"auto, (max-width: 960px) 100vw, 960px\" \/><\/a><\/p>\n<p>Bosques de hayas y robles con las primeras hojas del oto\u00f1o en el suelo y a subir <strong>Basakabi, 15 kil\u00f3metros seg\u00fan el rut\u00f3metro pero solo siete de ellos de puerto real con desniveles entre el 5 y el 7%.<\/strong> Ideales para dar movimiento a las piernas y entrar en calor entre la niebla. Solo en el \u00faltimo kil\u00f3metro sali\u00f3 el sol. Hab\u00eda que coger ritmo porque la bajada hacia Gorriztar\u00e1n era el punto m\u00e1s &#8216;fr\u00edo&#8217; de todo el recorrido y peligroso por la humedad del asfalto. All\u00ed en el kil\u00f3metro 48 se bifurcaban las rutas. Los 1.000 ciclistas de la Gran Fondo hacia la izquierda para afrontar el puerto de Sald\u00edas y los 1.000 de la Medio Fondo a la derecha en direcci\u00f3n a Leitza y el largo descenso hasta Tolosa.<\/p>\n<h2><strong>La&#8217;trampa&#8217; de Sald\u00edas<\/strong><\/h2>\n<p>Camino de <strong>Sald\u00edas<\/strong> para la Gran Fondo estaba la primera &#8216;trampa&#8217;. De esas que los perfiles &#8216;mienten&#8217; con los desniveles medios. Terreno descendente y de repente giro a la derecha y una<strong> pared del 18%, que como te pillase con el plato metido hac\u00eda que &#8216;se te calara&#8217; la bici.<\/strong> A alguno incluso le toc\u00f3 echar pie a tierra. No le toc\u00f3 a <strong>Juan Antonio<\/strong> porque &#8220;ya me fue avisando Imanol de que quitase plato. La rampa sorprende porque no te la esperas. Se hace dur\u00edsima. Es quiz\u00e1s el \u00fanico tramo de la marcha en el que tienes que sufrir s\u00ed o s\u00ed&#8221;.<\/p>\n<p>Despu\u00e9s dos kil\u00f3metros a una media del 10% para terminar de rematar las piernas. Menos mal que el descansillo dejaba paso a kil\u00f3metros humanos al 5% para terminar Sald\u00edas y afrontar los kil\u00f3metros de falsos llanos y repechos hasta Lekumberri.<\/p>\n<p>Avituallamiento, patrocinado por <strong>Etixx con frutos secos, pasteles, bebidas isot\u00f3nicas, fruta&#8230;, y 93 kil\u00f3metros ya en el cuerpo y unos 1.400 metros de desnivel.<\/strong> Medio trabajo ya hecho. Y nada mas salir Uitzi, uno de esos puertos que con un pel\u00edn de fuerza se puede subir por completo a plato. Paso por <strong>Leitza (pueblo natal del Sky Mikel Nieve),<\/strong> uni\u00f3n con el recorrido de la Medio Fondo y largo descenso (salpicado de repechos, claro) para entrar de nuevo en Guipuzkoa por Tolosa.<\/p>\n<p>Y en todo el camino si consegu\u00edas tener ritmo para ir delante pod\u00edas tener el privilegio de conversar con un top ten del Tour como <strong>Haimar Zubeldia,<\/strong> que adem\u00e1s de invitado especial hizo la marcha al completo. Es m\u00e1s <strong>Juan Antonio<\/strong> nos dej\u00f3 claro que &#8220;no ha ganado ni un gramo. Se le ve\u00eda igual de fino que cuando estaba corriendo. Es de esos ciclistas que impresionan al ver la delgadez que tienen&#8221;.<\/p>\n<p><a href=\"https:\/\/d2p6e6u75xmxt8.cloudfront.net\/6\/2017\/10\/skodatrek-corte-cinta-zubeldia.jpg\"><img loading=\"lazy\" decoding=\"async\" class=\"aligncenter size-large wp-image-1560\" src=\"https:\/\/d2p6e6u75xmxt8.cloudfront.net\/6\/2017\/10\/skodatrek-corte-cinta-zubeldia-1024x569.jpg\" alt=\"\" width=\"1024\" height=\"569\" srcset=\"https:\/\/d2p6e6u75xmxt8.cloudfront.net\/6\/2017\/10\/skodatrek-corte-cinta-zubeldia-1024x569.jpg 1024w, https:\/\/d2p6e6u75xmxt8.cloudfront.net\/6\/2017\/10\/skodatrek-corte-cinta-zubeldia-300x167.jpg 300w, https:\/\/d2p6e6u75xmxt8.cloudfront.net\/6\/2017\/10\/skodatrek-corte-cinta-zubeldia-768x426.jpg 768w, https:\/\/d2p6e6u75xmxt8.cloudfront.net\/6\/2017\/10\/skodatrek-corte-cinta-zubeldia.jpg 1468w\" sizes=\"auto, (max-width: 1024px) 100vw, 1024px\" \/><\/a><\/p>\n<p>Desde all\u00ed hab\u00eda que volver a empezar a subir. Eso s\u00ed, ya con 16\/18 grados de temperatura. <strong>Alkiza<\/strong> con poco m\u00e1s de cuatro kil\u00f3metros al 6% es ideal para abrir boca antes del avituallamiento. Bajada rapid\u00edsima hacia Asteasu y subida al \u00faltimo puerto con nombre del recorrido, <strong>Andaz\u00e1rrate.<\/strong> Largo, con casi siete kil\u00f3metros, pero con desniveles continuos y sin grandes paradas. Premio de avituallamiento en el falso llano del descenso en Aia y desde all\u00ed 30 kil\u00f3metros a la meta que se presum\u00edan sencillos. Primero bajada y luego llanos, en teor\u00eda.<\/p>\n<h2><strong>Galarreta y meta<\/strong><\/h2>\n<p>Pero esa teor\u00eda si se trata de Guipuzkoa se rompe a cada metro. Repechos al paso por Orio y en toda la transici\u00f3n hasta <strong>Galarreta,<\/strong> que en condiciones normales es una subidita y que con 176 kil\u00f3metros en las piernas se convierte para algunos<strong> &#8220;que han estado de vacaciones ciclistas en agosto&#8221;, como dice Ziortza<\/strong>, en una pared infranqueable. Aunque te digan que a s\u00f3lo cuatro kil\u00f3metros esta la l\u00ednea de meta. La rampa del 8% hizo algo m\u00e1s queda\u00f1o.<\/p>\n<p>Y al llegar la charleta, el pasta party (con pasta o arroz con diversas salsas para elegir y tarde de postre), las duchas y para algunos <strong>m\u00e1s ganas de bici dando vueltas al Vel\u00f3dromo de Anoeta o como en el caso de Ziortza para terminar con 70 kil\u00f3metros de &#8216;regalo&#8217; hasta casa.<\/strong>\u00a0Ventajas de empezar y acabar el recorrido en un lugar tan ciclista como ese, que ya tienes todos los servicios incluidos.<\/p>\n<p><a href=\"https:\/\/d2p6e6u75xmxt8.cloudfront.net\/6\/2017\/10\/skodatrek-peloton.jpg\"><img loading=\"lazy\" decoding=\"async\" class=\"aligncenter size-large wp-image-1561\" src=\"https:\/\/d2p6e6u75xmxt8.cloudfront.net\/6\/2017\/10\/skodatrek-peloton-1024x588.jpg\" alt=\"\" width=\"1024\" height=\"588\" srcset=\"https:\/\/d2p6e6u75xmxt8.cloudfront.net\/6\/2017\/10\/skodatrek-peloton-1024x588.jpg 1024w, https:\/\/d2p6e6u75xmxt8.cloudfront.net\/6\/2017\/10\/skodatrek-peloton-300x172.jpg 300w, https:\/\/d2p6e6u75xmxt8.cloudfront.net\/6\/2017\/10\/skodatrek-peloton-768x441.jpg 768w, https:\/\/d2p6e6u75xmxt8.cloudfront.net\/6\/2017\/10\/skodatrek-peloton.jpg 1471w\" sizes=\"auto, (max-width: 1024px) 100vw, 1024px\" \/><\/a><\/p>\n<p>Al acabar la inevitable comparaci\u00f3n con su &#8216;hermana&#8217; <strong>Polar GF La Mussara,<\/strong> tambi\u00e9n patrocinada por Skoda. Ziortza, que ha hecho las dos, cree que la<strong> Skoda GF San Sebastian Trek<\/strong> &#8220;sigue la l\u00ednea de La Mussara en cuanto a datos, 2000 ciclistas el primer a\u00f1o es un \u00e9xito, pero esta tiene un recorrido m\u00e1s rompepiernas con el desnivel m\u00e1s repartido, terreno m\u00e1s sinuoso y bajadas m\u00e1s t\u00e9cnicas&#8221;.<\/p>\n","protected":false},"excerpt":{"rendered":"<p>\u00bfQu\u00e9 puede hacer a 2.000 personas reunirse a las 08.00 de la ma\u00f1ana de un domingo? El ciclismo, claro. Esa [&hellip;]<\/p>\n","protected":false},"author":29,"featured_media":1553,"comment_status":"open","ping_status":"open","sticky":false,"template":"","format":"standard","meta":{"footnotes":""},"categories":[7],"tags":[135,139,137,136,138,134],"global-categories":[],"class_list":["post-1549","post","type-post","status-publish","format-standard","has-post-thumbnail","hentry","category-carretera","tag-gf-san-sabastian","tag-gran-fondo-san-sebastian","tag-skoda-gf","tag-skoda-gf-san-sebastian","tag-skoda-gran-fondo","tag-skoda-gran-fondo-san-sebastian"],"yoast_head":"<!-- This site is optimized with the Yoast SEO Premium plugin v25.3 (Yoast SEO v25.9) - https:\/\/yoast.com\/wordpress\/plugins\/seo\/ -->\n<title>\u0160koda Gran Fondo San Sebastian 2017 - \u0160koda We Love Cycling - Spain<\/title>\n<meta name=\"description\" content=\"La \u0160koda Gran Fondo San Sebasti\u00e1n 2017 se disput\u00f3 el 8 de octubre con 2.000 ciclistas en su seno. Tres de ellos nos explican c\u00f3mo fue.\" \/>\n<meta name=\"robots\" content=\"index, follow, max-snippet:-1, max-image-preview:large, max-video-preview:-1\" \/>\n<link rel=\"canonical\" href=\"https:\/\/www.welovecycling.com\/es\/2017\/10\/13\/skoda-gran-fondo-san-sebastian-2017\/\" \/>\n<meta property=\"og:locale\" content=\"es_ES\" \/>\n<meta property=\"og:type\" content=\"article\" \/>\n<meta property=\"og:title\" content=\"\u0160koda Gran Fondo San Sebastian 2017\" \/>\n<meta property=\"og:description\" content=\"La \u0160koda Gran Fondo San Sebasti\u00e1n 2017 se disput\u00f3 el 8 de octubre con 2.000 ciclistas en su seno. Tres de ellos nos explican c\u00f3mo fue.\" \/>\n<meta property=\"og:url\" content=\"https:\/\/www.welovecycling.com\/es\/2017\/10\/13\/skoda-gran-fondo-san-sebastian-2017\/\" \/>\n<meta property=\"og:site_name\" content=\"\u0160koda We Love Cycling - Spain\" \/>\n<meta property=\"article:published_time\" content=\"2017-10-13T11:36:50+00:00\" \/>\n<meta property=\"article:modified_time\" content=\"2017-10-27T13:07:09+00:00\" \/>\n<meta property=\"og:image\" content=\"https:\/\/d2p6e6u75xmxt8.cloudfront.net\/6\/2017\/10\/gf-skoda-SS.jpg\" \/>\n\t<meta property=\"og:image:width\" content=\"940\" \/>\n\t<meta property=\"og:image:height\" content=\"788\" \/>\n\t<meta property=\"og:image:type\" content=\"image\/jpeg\" \/>\n<meta name=\"author\" content=\"We Love Cycling Spain\" \/>\n<meta name=\"twitter:card\" content=\"summary_large_image\" \/>\n<meta name=\"twitter:label1\" content=\"Written by\" \/>\n\t<meta name=\"twitter:data1\" content=\"Luis Ortega @ciclored\" \/>\n\t<meta name=\"twitter:label2\" content=\"Est. reading time\" \/>\n\t<meta name=\"twitter:data2\" content=\"7 minutes\" \/>\n<script type=\"application\/ld+json\" class=\"yoast-schema-graph\">{\"@context\":\"https:\/\/schema.org\",\"@graph\":[{\"@type\":\"WebPage\",\"@id\":\"https:\/\/www.welovecycling.com\/es\/2017\/10\/13\/skoda-gran-fondo-san-sebastian-2017\/\",\"url\":\"https:\/\/www.welovecycling.com\/es\/2017\/10\/13\/skoda-gran-fondo-san-sebastian-2017\/\",\"name\":\"\u0160koda Gran Fondo San Sebastian 2017 - \u0160koda We Love Cycling - Spain\",\"isPartOf\":{\"@id\":\"https:\/\/www.welovecycling.com\/es\/#website\"},\"primaryImageOfPage\":{\"@id\":\"https:\/\/www.welovecycling.com\/es\/2017\/10\/13\/skoda-gran-fondo-san-sebastian-2017\/#primaryimage\"},\"image\":{\"@id\":\"https:\/\/www.welovecycling.com\/es\/2017\/10\/13\/skoda-gran-fondo-san-sebastian-2017\/#primaryimage\"},\"thumbnailUrl\":\"https:\/\/d2p6e6u75xmxt8.cloudfront.net\/6\/2017\/10\/gf-skoda-SS.jpg\",\"datePublished\":\"2017-10-13T11:36:50+00:00\",\"dateModified\":\"2017-10-27T13:07:09+00:00\",\"author\":{\"@id\":\"https:\/\/www.welovecycling.com\/es\/#\/schema\/person\/deb61715b5812698ee79fb96f343ccd4\"},\"description\":\"La \u0160koda Gran Fondo San Sebasti\u00e1n 2017 se disput\u00f3 el 8 de octubre con 2.000 ciclistas en su seno. Tres de ellos nos explican c\u00f3mo fue.\",\"breadcrumb\":{\"@id\":\"https:\/\/www.welovecycling.com\/es\/2017\/10\/13\/skoda-gran-fondo-san-sebastian-2017\/#breadcrumb\"},\"inLanguage\":\"es-ES\",\"potentialAction\":[{\"@type\":\"ReadAction\",\"target\":[\"https:\/\/www.welovecycling.com\/es\/2017\/10\/13\/skoda-gran-fondo-san-sebastian-2017\/\"]}]},{\"@type\":\"ImageObject\",\"inLanguage\":\"es-ES\",\"@id\":\"https:\/\/www.welovecycling.com\/es\/2017\/10\/13\/skoda-gran-fondo-san-sebastian-2017\/#primaryimage\",\"url\":\"https:\/\/d2p6e6u75xmxt8.cloudfront.net\/6\/2017\/10\/gf-skoda-SS.jpg\",\"contentUrl\":\"https:\/\/d2p6e6u75xmxt8.cloudfront.net\/6\/2017\/10\/gf-skoda-SS.jpg\",\"width\":940,\"height\":788},{\"@type\":\"BreadcrumbList\",\"@id\":\"https:\/\/www.welovecycling.com\/es\/2017\/10\/13\/skoda-gran-fondo-san-sebastian-2017\/#breadcrumb\",\"itemListElement\":[{\"@type\":\"ListItem\",\"position\":1,\"name\":\"Home\",\"item\":\"https:\/\/www.welovecycling.com\/es\/\"},{\"@type\":\"ListItem\",\"position\":2,\"name\":\"\u0160koda Gran Fondo San Sebastian 2017\"}]},{\"@type\":\"WebSite\",\"@id\":\"https:\/\/www.welovecycling.com\/es\/#website\",\"url\":\"https:\/\/www.welovecycling.com\/es\/\",\"name\":\"\u0160koda We Love Cycling - Spain\",\"description\":\"\u0160koda WeLoveCycling Spain\",\"potentialAction\":[{\"@type\":\"SearchAction\",\"target\":{\"@type\":\"EntryPoint\",\"urlTemplate\":\"https:\/\/www.welovecycling.com\/es\/?s={search_term_string}\"},\"query-input\":{\"@type\":\"PropertyValueSpecification\",\"valueRequired\":true,\"valueName\":\"search_term_string\"}}],\"inLanguage\":\"es-ES\"},{\"@type\":\"Person\",\"@id\":\"https:\/\/www.welovecycling.com\/es\/#\/schema\/person\/deb61715b5812698ee79fb96f343ccd4\",\"name\":\"We Love Cycling Spain\",\"image\":{\"@type\":\"ImageObject\",\"inLanguage\":\"es-ES\",\"@id\":\"https:\/\/www.welovecycling.com\/es\/#\/schema\/person\/image\/\",\"url\":\"https:\/\/secure.gravatar.com\/avatar\/c824b04e6df0e37a03219d0b6481672889df542894588964102459e46513159c?s=96&d=mm&r=g\",\"contentUrl\":\"https:\/\/secure.gravatar.com\/avatar\/c824b04e6df0e37a03219d0b6481672889df542894588964102459e46513159c?s=96&d=mm&r=g\",\"caption\":\"We Love Cycling Spain\"},\"url\":\"https:\/\/www.welovecycling.com\/es\/author\/amunoz\/\"}]}<\/script>\n<!-- \/ Yoast SEO Premium plugin. -->","yoast_head_json":{"title":"\u0160koda Gran Fondo San Sebastian 2017 - \u0160koda We Love Cycling - Spain","description":"La \u0160koda Gran Fondo San Sebasti\u00e1n 2017 se disput\u00f3 el 8 de octubre con 2.000 ciclistas en su seno. Tres de ellos nos explican c\u00f3mo fue.","robots":{"index":"index","follow":"follow","max-snippet":"max-snippet:-1","max-image-preview":"max-image-preview:large","max-video-preview":"max-video-preview:-1"},"canonical":"https:\/\/www.welovecycling.com\/es\/2017\/10\/13\/skoda-gran-fondo-san-sebastian-2017\/","og_locale":"es_ES","og_type":"article","og_title":"\u0160koda Gran Fondo San Sebastian 2017","og_description":"La \u0160koda Gran Fondo San Sebasti\u00e1n 2017 se disput\u00f3 el 8 de octubre con 2.000 ciclistas en su seno. Tres de ellos nos explican c\u00f3mo fue.","og_url":"https:\/\/www.welovecycling.com\/es\/2017\/10\/13\/skoda-gran-fondo-san-sebastian-2017\/","og_site_name":"\u0160koda We Love Cycling - Spain","article_published_time":"2017-10-13T11:36:50+00:00","article_modified_time":"2017-10-27T13:07:09+00:00","og_image":[{"width":940,"height":788,"url":"https:\/\/d2p6e6u75xmxt8.cloudfront.net\/6\/2017\/10\/gf-skoda-SS.jpg","type":"image\/jpeg"}],"author":"We Love Cycling Spain","twitter_card":"summary_large_image","twitter_misc":{"Written by":"Luis Ortega @ciclored","Est. reading time":"7 minutes"},"schema":{"@context":"https:\/\/schema.org","@graph":[{"@type":"WebPage","@id":"https:\/\/www.welovecycling.com\/es\/2017\/10\/13\/skoda-gran-fondo-san-sebastian-2017\/","url":"https:\/\/www.welovecycling.com\/es\/2017\/10\/13\/skoda-gran-fondo-san-sebastian-2017\/","name":"\u0160koda Gran Fondo San Sebastian 2017 - \u0160koda We Love Cycling - Spain","isPartOf":{"@id":"https:\/\/www.welovecycling.com\/es\/#website"},"primaryImageOfPage":{"@id":"https:\/\/www.welovecycling.com\/es\/2017\/10\/13\/skoda-gran-fondo-san-sebastian-2017\/#primaryimage"},"image":{"@id":"https:\/\/www.welovecycling.com\/es\/2017\/10\/13\/skoda-gran-fondo-san-sebastian-2017\/#primaryimage"},"thumbnailUrl":"https:\/\/d2p6e6u75xmxt8.cloudfront.net\/6\/2017\/10\/gf-skoda-SS.jpg","datePublished":"2017-10-13T11:36:50+00:00","dateModified":"2017-10-27T13:07:09+00:00","author":{"@id":"https:\/\/www.welovecycling.com\/es\/#\/schema\/person\/deb61715b5812698ee79fb96f343ccd4"},"description":"La \u0160koda Gran Fondo San Sebasti\u00e1n 2017 se disput\u00f3 el 8 de octubre con 2.000 ciclistas en su seno. Tres de ellos nos explican c\u00f3mo fue.","breadcrumb":{"@id":"https:\/\/www.welovecycling.com\/es\/2017\/10\/13\/skoda-gran-fondo-san-sebastian-2017\/#breadcrumb"},"inLanguage":"es-ES","potentialAction":[{"@type":"ReadAction","target":["https:\/\/www.welovecycling.com\/es\/2017\/10\/13\/skoda-gran-fondo-san-sebastian-2017\/"]}]},{"@type":"ImageObject","inLanguage":"es-ES","@id":"https:\/\/www.welovecycling.com\/es\/2017\/10\/13\/skoda-gran-fondo-san-sebastian-2017\/#primaryimage","url":"https:\/\/d2p6e6u75xmxt8.cloudfront.net\/6\/2017\/10\/gf-skoda-SS.jpg","contentUrl":"https:\/\/d2p6e6u75xmxt8.cloudfront.net\/6\/2017\/10\/gf-skoda-SS.jpg","width":940,"height":788},{"@type":"BreadcrumbList","@id":"https:\/\/www.welovecycling.com\/es\/2017\/10\/13\/skoda-gran-fondo-san-sebastian-2017\/#breadcrumb","itemListElement":[{"@type":"ListItem","position":1,"name":"Home","item":"https:\/\/www.welovecycling.com\/es\/"},{"@type":"ListItem","position":2,"name":"\u0160koda Gran Fondo San Sebastian 2017"}]},{"@type":"WebSite","@id":"https:\/\/www.welovecycling.com\/es\/#website","url":"https:\/\/www.welovecycling.com\/es\/","name":"\u0160koda We Love Cycling - Spain","description":"\u0160koda WeLoveCycling Spain","potentialAction":[{"@type":"SearchAction","target":{"@type":"EntryPoint","urlTemplate":"https:\/\/www.welovecycling.com\/es\/?s={search_term_string}"},"query-input":{"@type":"PropertyValueSpecification","valueRequired":true,"valueName":"search_term_string"}}],"inLanguage":"es-ES"},{"@type":"Person","@id":"https:\/\/www.welovecycling.com\/es\/#\/schema\/person\/deb61715b5812698ee79fb96f343ccd4","name":"We Love Cycling Spain","image":{"@type":"ImageObject","inLanguage":"es-ES","@id":"https:\/\/www.welovecycling.com\/es\/#\/schema\/person\/image\/","url":"https:\/\/secure.gravatar.com\/avatar\/c824b04e6df0e37a03219d0b6481672889df542894588964102459e46513159c?s=96&d=mm&r=g","contentUrl":"https:\/\/secure.gravatar.com\/avatar\/c824b04e6df0e37a03219d0b6481672889df542894588964102459e46513159c?s=96&d=mm&r=g","caption":"We Love Cycling Spain"},"url":"https:\/\/www.welovecycling.com\/es\/author\/amunoz\/"}]}},"_links":{"self":[{"href":"https:\/\/www.welovecycling.com\/es\/wp-json\/wp\/v2\/posts\/1549","targetHints":{"allow":["GET"]}}],"collection":[{"href":"https:\/\/www.welovecycling.com\/es\/wp-json\/wp\/v2\/posts"}],"about":[{"href":"https:\/\/www.welovecycling.com\/es\/wp-json\/wp\/v2\/types\/post"}],"author":[{"embeddable":true,"href":"https:\/\/www.welovecycling.com\/es\/wp-json\/wp\/v2\/users\/29"}],"replies":[{"embeddable":true,"href":"https:\/\/www.welovecycling.com\/es\/wp-json\/wp\/v2\/comments?post=1549"}],"version-history":[{"count":2,"href":"https:\/\/www.welovecycling.com\/es\/wp-json\/wp\/v2\/posts\/1549\/revisions"}],"predecessor-version":[{"id":1672,"href":"https:\/\/www.welovecycling.com\/es\/wp-json\/wp\/v2\/posts\/1549\/revisions\/1672"}],"wp:featuredmedia":[{"embeddable":true,"href":"https:\/\/www.welovecycling.com\/es\/wp-json\/wp\/v2\/media\/1553"}],"wp:attachment":[{"href":"https:\/\/www.welovecycling.com\/es\/wp-json\/wp\/v2\/media?parent=1549"}],"wp:term":[{"taxonomy":"category","embeddable":true,"href":"https:\/\/www.welovecycling.com\/es\/wp-json\/wp\/v2\/categories?post=1549"},{"taxonomy":"post_tag","embeddable":true,"href":"https:\/\/www.welovecycling.com\/es\/wp-json\/wp\/v2\/tags?post=1549"},{"taxonomy":"global-categories","embeddable":true,"href":"https:\/\/www.welovecycling.com\/es\/wp-json\/wp\/v2\/global-categories?post=1549"}],"curies":[{"name":"wp","href":"https:\/\/api.w.org\/{rel}","templated":true}]}}