{"id":148,"date":"2017-02-03T10:22:14","date_gmt":"2017-02-03T10:22:14","guid":{"rendered":"https:\/\/www.welovecycling.com\/es\/?p=148"},"modified":"2017-02-22T17:33:49","modified_gmt":"2017-02-22T17:33:49","slug":"quince-grandes-ideas-hogar-adaptado-las-bicis","status":"publish","type":"post","link":"https:\/\/www.welovecycling.com\/es\/2017\/02\/03\/quince-grandes-ideas-hogar-adaptado-las-bicis\/","title":{"rendered":"Quince grandes ideas para un hogar adaptado a las bicis"},"content":{"rendered":"<p><strong>\u00bfTu amor por las bicis tambi\u00e9n se refleja en tu casa? \u00a1Pues as\u00ed tiene que ser! No escondas a tu &#8220;amada&#8221; en un cobertizo horrendo. Lee nuestra lista para descubrir c\u00f3mo adaptar tu hogar a tu pasi\u00f3n por las bicis. \u00a0<\/strong><\/p>\n<p><a href=\"https:\/\/d2p6e6u75xmxt8.cloudfront.net\/6\/2017\/02\/484848555.png\"><img loading=\"lazy\" decoding=\"async\" class=\"alignnone wp-image-150 size-full\" src=\"https:\/\/d2p6e6u75xmxt8.cloudfront.net\/6\/2017\/02\/484848555.png\" width=\"445\" height=\"425\" srcset=\"https:\/\/d2p6e6u75xmxt8.cloudfront.net\/6\/2017\/02\/484848555.png 445w, https:\/\/d2p6e6u75xmxt8.cloudfront.net\/6\/2017\/02\/484848555-300x287.png 300w\" sizes=\"auto, (max-width: 445px) 100vw, 445px\" \/><\/a><\/p>\n<p>\u00a1Eso s\u00ed es un garaje para bicis encantador!<\/p>\n<p><a href=\"https:\/\/d2p6e6u75xmxt8.cloudfront.net\/6\/2017\/02\/489787.png\"><img loading=\"lazy\" decoding=\"async\" class=\"alignnone wp-image-151 size-full\" src=\"https:\/\/d2p6e6u75xmxt8.cloudfront.net\/6\/2017\/02\/489787.png\" width=\"533\" height=\"380\" srcset=\"https:\/\/d2p6e6u75xmxt8.cloudfront.net\/6\/2017\/02\/489787.png 533w, https:\/\/d2p6e6u75xmxt8.cloudfront.net\/6\/2017\/02\/489787-300x214.png 300w\" sizes=\"auto, (max-width: 533px) 100vw, 533px\" \/><\/a><\/p>\n<p>La mejor versi\u00f3n de un aparcabicis.<\/p>\n<p><a href=\"https:\/\/d2p6e6u75xmxt8.cloudfront.net\/6\/2017\/02\/8487487-600x429.png\"><img loading=\"lazy\" decoding=\"async\" class=\"alignnone wp-image-152 size-full\" src=\"https:\/\/d2p6e6u75xmxt8.cloudfront.net\/6\/2017\/02\/8487487-600x429.png\" width=\"600\" height=\"429\" srcset=\"https:\/\/d2p6e6u75xmxt8.cloudfront.net\/6\/2017\/02\/8487487-600x429.png 600w, https:\/\/d2p6e6u75xmxt8.cloudfront.net\/6\/2017\/02\/8487487-600x429-300x215.png 300w\" sizes=\"auto, (max-width: 600px) 100vw, 600px\" \/><\/a><\/p>\n<p>\u00bfUn cobertizo? No&#8230; Una sala de estar para preciosidades como esta.<\/p>\n<p><a href=\"https:\/\/d2p6e6u75xmxt8.cloudfront.net\/6\/2017\/02\/45484-600x403.png\"><img loading=\"lazy\" decoding=\"async\" class=\"alignnone wp-image-153 size-full\" src=\"https:\/\/d2p6e6u75xmxt8.cloudfront.net\/6\/2017\/02\/45484-600x403.png\" width=\"600\" height=\"403\" srcset=\"https:\/\/d2p6e6u75xmxt8.cloudfront.net\/6\/2017\/02\/45484-600x403.png 600w, https:\/\/d2p6e6u75xmxt8.cloudfront.net\/6\/2017\/02\/45484-600x403-300x202.png 300w, https:\/\/d2p6e6u75xmxt8.cloudfront.net\/6\/2017\/02\/45484-600x403-272x182.png 272w\" sizes=\"auto, (max-width: 600px) 100vw, 600px\" \/><\/a><\/p>\n<p>Lo siento, tendr\u00e1s que quedarte con la cama de arriba.<\/p>\n<p><a href=\"https:\/\/d2p6e6u75xmxt8.cloudfront.net\/6\/2017\/02\/87487.png\"><img loading=\"lazy\" decoding=\"async\" class=\"alignnone wp-image-154 size-full\" src=\"https:\/\/d2p6e6u75xmxt8.cloudfront.net\/6\/2017\/02\/87487.png\" width=\"380\" height=\"492\" srcset=\"https:\/\/d2p6e6u75xmxt8.cloudfront.net\/6\/2017\/02\/87487.png 380w, https:\/\/d2p6e6u75xmxt8.cloudfront.net\/6\/2017\/02\/87487-232x300.png 232w\" sizes=\"auto, (max-width: 380px) 100vw, 380px\" \/><\/a><\/p>\n<p>Ese s\u00ed es un buen sitio para guardar la bici.<\/p>\n<p><a href=\"https:\/\/d2p6e6u75xmxt8.cloudfront.net\/6\/2017\/02\/48484854.png\"><img loading=\"lazy\" decoding=\"async\" class=\"alignnone wp-image-155 size-full\" src=\"https:\/\/d2p6e6u75xmxt8.cloudfront.net\/6\/2017\/02\/48484854.png\" width=\"380\" height=\"493\" srcset=\"https:\/\/d2p6e6u75xmxt8.cloudfront.net\/6\/2017\/02\/48484854.png 380w, https:\/\/d2p6e6u75xmxt8.cloudfront.net\/6\/2017\/02\/48484854-231x300.png 231w\" sizes=\"auto, (max-width: 380px) 100vw, 380px\" \/><\/a><\/p>\n<p>No ir\u00e1s a ver la tele con ese murci\u00e9lago observ\u00e1ndote, \u00bfverdad?<\/p>\n<p><a href=\"https:\/\/d2p6e6u75xmxt8.cloudfront.net\/6\/2017\/02\/54545454.png\"><br \/>\n<img loading=\"lazy\" decoding=\"async\" class=\"alignnone wp-image-161 size-full\" src=\"https:\/\/d2p6e6u75xmxt8.cloudfront.net\/6\/2017\/02\/484841451.png\" width=\"311\" height=\"469\" srcset=\"https:\/\/d2p6e6u75xmxt8.cloudfront.net\/6\/2017\/02\/484841451.png 311w, https:\/\/d2p6e6u75xmxt8.cloudfront.net\/6\/2017\/02\/484841451-199x300.png 199w\" sizes=\"auto, (max-width: 311px) 100vw, 311px\" \/><\/a><\/p>\n<p><a href=\"https:\/\/d2p6e6u75xmxt8.cloudfront.net\/6\/2017\/02\/54545454.png\"><img loading=\"lazy\" decoding=\"async\" class=\"alignnone size-full wp-image-156\" src=\"https:\/\/d2p6e6u75xmxt8.cloudfront.net\/6\/2017\/02\/54545454.png\" alt=\"\" width=\"565\" height=\"486\" srcset=\"https:\/\/d2p6e6u75xmxt8.cloudfront.net\/6\/2017\/02\/54545454.png 565w, https:\/\/d2p6e6u75xmxt8.cloudfront.net\/6\/2017\/02\/54545454-300x258.png 300w\" sizes=\"auto, (max-width: 565px) 100vw, 565px\" \/><\/a><\/p>\n<p>La cocina tambi\u00e9n puede estar adaptada a la bici.<\/p>\n<p><a href=\"https:\/\/d2p6e6u75xmxt8.cloudfront.net\/6\/2017\/02\/748784854.png\"><img loading=\"lazy\" decoding=\"async\" class=\"alignnone size-full wp-image-305\" src=\"https:\/\/d2p6e6u75xmxt8.cloudfront.net\/6\/2017\/02\/748784854.png\" alt=\"\" width=\"471\" height=\"493\" srcset=\"https:\/\/d2p6e6u75xmxt8.cloudfront.net\/6\/2017\/02\/748784854.png 471w, https:\/\/d2p6e6u75xmxt8.cloudfront.net\/6\/2017\/02\/748784854-287x300.png 287w\" sizes=\"auto, (max-width: 471px) 100vw, 471px\" \/><\/a><\/p>\n<p>Simply Clever.<\/p>\n<p><a href=\"https:\/\/d2p6e6u75xmxt8.cloudfront.net\/6\/2017\/02\/4545454441.png\"><img loading=\"lazy\" decoding=\"async\" class=\"alignnone size-full wp-image-306\" src=\"https:\/\/d2p6e6u75xmxt8.cloudfront.net\/6\/2017\/02\/4545454441.png\" alt=\"\" width=\"374\" height=\"490\" srcset=\"https:\/\/d2p6e6u75xmxt8.cloudfront.net\/6\/2017\/02\/4545454441.png 374w, https:\/\/d2p6e6u75xmxt8.cloudfront.net\/6\/2017\/02\/4545454441-229x300.png 229w\" sizes=\"auto, (max-width: 374px) 100vw, 374px\" \/><\/a><\/p>\n<p>\u00bfEso contar\u00eda como habitaci\u00f3n para bicicletas?<\/p>\n<p><a href=\"https:\/\/d2p6e6u75xmxt8.cloudfront.net\/6\/2017\/02\/7878455.png\"><img loading=\"lazy\" decoding=\"async\" class=\"alignnone size-full wp-image-307\" src=\"https:\/\/d2p6e6u75xmxt8.cloudfront.net\/6\/2017\/02\/7878455.png\" alt=\"\" width=\"357\" height=\"489\" srcset=\"https:\/\/d2p6e6u75xmxt8.cloudfront.net\/6\/2017\/02\/7878455.png 357w, https:\/\/d2p6e6u75xmxt8.cloudfront.net\/6\/2017\/02\/7878455-219x300.png 219w\" sizes=\"auto, (max-width: 357px) 100vw, 357px\" \/><\/a><\/p>\n<p>Olvida la naturaleza. \u00a1La vista perfecta es esta!<\/p>\n<p><a href=\"https:\/\/d2p6e6u75xmxt8.cloudfront.net\/6\/2017\/02\/878544541.png\"><img loading=\"lazy\" decoding=\"async\" class=\"alignnone wp-image-163 size-full\" src=\"https:\/\/d2p6e6u75xmxt8.cloudfront.net\/6\/2017\/02\/878544541.png\" width=\"323\" height=\"490\" srcset=\"https:\/\/d2p6e6u75xmxt8.cloudfront.net\/6\/2017\/02\/878544541.png 323w, https:\/\/d2p6e6u75xmxt8.cloudfront.net\/6\/2017\/02\/878544541-198x300.png 198w\" sizes=\"auto, (max-width: 323px) 100vw, 323px\" \/><\/a><\/p>\n<p>Necesitamos una mecedora para las bicis&#8230;<\/p>\n<p><a href=\"https:\/\/d2p6e6u75xmxt8.cloudfront.net\/6\/2017\/02\/151545-600x420.png\"><img loading=\"lazy\" decoding=\"async\" class=\"alignnone wp-image-162 size-full\" src=\"https:\/\/d2p6e6u75xmxt8.cloudfront.net\/6\/2017\/02\/151545-600x420.png\" width=\"600\" height=\"420\" srcset=\"https:\/\/d2p6e6u75xmxt8.cloudfront.net\/6\/2017\/02\/151545-600x420.png 600w, https:\/\/d2p6e6u75xmxt8.cloudfront.net\/6\/2017\/02\/151545-600x420-300x210.png 300w\" sizes=\"auto, (max-width: 600px) 100vw, 600px\" \/><\/a><\/p>\n<p>Alguien se toma esta adicci\u00f3n en serio.<\/p>\n<p><a href=\"https:\/\/d2p6e6u75xmxt8.cloudfront.net\/6\/2017\/02\/484841451.png\"><img loading=\"lazy\" decoding=\"async\" class=\"alignnone wp-image-161 size-full\" src=\"https:\/\/d2p6e6u75xmxt8.cloudfront.net\/6\/2017\/02\/484841451.png\" width=\"311\" height=\"469\" srcset=\"https:\/\/d2p6e6u75xmxt8.cloudfront.net\/6\/2017\/02\/484841451.png 311w, https:\/\/d2p6e6u75xmxt8.cloudfront.net\/6\/2017\/02\/484841451-199x300.png 199w\" sizes=\"auto, (max-width: 311px) 100vw, 311px\" \/><\/a><\/p>\n<p>No te deshagas de tu vieja bici. La puedes utilizar para decorar tu hogar con estilo.<\/p>\n<p><a href=\"https:\/\/d2p6e6u75xmxt8.cloudfront.net\/6\/2017\/02\/7848484.png\"><img loading=\"lazy\" decoding=\"async\" class=\"alignnone wp-image-160 size-full\" src=\"https:\/\/d2p6e6u75xmxt8.cloudfront.net\/6\/2017\/02\/7848484.png\" width=\"480\" height=\"495\" srcset=\"https:\/\/d2p6e6u75xmxt8.cloudfront.net\/6\/2017\/02\/7848484.png 480w, https:\/\/d2p6e6u75xmxt8.cloudfront.net\/6\/2017\/02\/7848484-291x300.png 291w\" sizes=\"auto, (max-width: 480px) 100vw, 480px\" \/><\/a><\/p>\n<p>\u00a1Nada de espect\u00e1culos de &#8220;streaptease&#8221; en esta casa!<\/p>\n<p><a href=\"https:\/\/d2p6e6u75xmxt8.cloudfront.net\/6\/2017\/02\/4848485.png\"><img loading=\"lazy\" decoding=\"async\" class=\"alignnone wp-image-159 size-full\" src=\"https:\/\/d2p6e6u75xmxt8.cloudfront.net\/6\/2017\/02\/4848485.png\" width=\"481\" height=\"315\" srcset=\"https:\/\/d2p6e6u75xmxt8.cloudfront.net\/6\/2017\/02\/4848485.png 481w, https:\/\/d2p6e6u75xmxt8.cloudfront.net\/6\/2017\/02\/4848485-300x196.png 300w\" sizes=\"auto, (max-width: 481px) 100vw, 481px\" \/><\/a><\/p>\n<p>\u00bfEso era un acuario?<\/p>\n","protected":false},"excerpt":{"rendered":"<p>\u00bfTu amor por las bicis tambi\u00e9n se refleja en tu casa? \u00a1Pues as\u00ed tiene que ser! No escondas a tu [&hellip;]<\/p>\n","protected":false},"author":29,"featured_media":149,"comment_status":"open","ping_status":"open","sticky":false,"template":"","format":"standard","meta":{"footnotes":""},"categories":[8],"tags":[],"global-categories":[],"class_list":["post-148","post","type-post","status-publish","format-standard","has-post-thumbnail","hentry","category-life-style"],"yoast_head":"<!-- This site is optimized with the Yoast SEO Premium plugin v25.3 (Yoast SEO v25.9) - https:\/\/yoast.com\/wordpress\/plugins\/seo\/ -->\n<title>Quince grandes ideas para un hogar adaptado a las bicis - \u0160koda We Love Cycling - Spain<\/title>\n<meta name=\"robots\" content=\"index, follow, max-snippet:-1, max-image-preview:large, max-video-preview:-1\" \/>\n<link rel=\"canonical\" href=\"https:\/\/www.welovecycling.com\/es\/2017\/02\/03\/quince-grandes-ideas-hogar-adaptado-las-bicis\/\" \/>\n<meta property=\"og:locale\" content=\"es_ES\" \/>\n<meta property=\"og:type\" content=\"article\" \/>\n<meta property=\"og:title\" content=\"Quince grandes ideas para un hogar adaptado a las bicis\" \/>\n<meta property=\"og:description\" content=\"\u00bfTu amor por las bicis tambi\u00e9n se refleja en tu casa? \u00a1Pues as\u00ed tiene que ser! No escondas a tu [&hellip;]\" \/>\n<meta property=\"og:url\" content=\"https:\/\/www.welovecycling.com\/es\/2017\/02\/03\/quince-grandes-ideas-hogar-adaptado-las-bicis\/\" \/>\n<meta property=\"og:site_name\" content=\"\u0160koda We Love Cycling - Spain\" \/>\n<meta property=\"article:published_time\" content=\"2017-02-03T10:22:14+00:00\" \/>\n<meta property=\"article:modified_time\" content=\"2017-02-22T17:33:49+00:00\" \/>\n<meta property=\"og:image\" content=\"https:\/\/d2p6e6u75xmxt8.cloudfront.net\/6\/2017\/02\/Isterarasdfmage1.jpg\" \/>\n\t<meta property=\"og:image:width\" content=\"950\" \/>\n\t<meta property=\"og:image:height\" content=\"350\" \/>\n\t<meta property=\"og:image:type\" content=\"image\/jpeg\" \/>\n<meta name=\"author\" content=\"We Love Cycling Spain\" \/>\n<meta name=\"twitter:card\" content=\"summary_large_image\" \/>\n<meta name=\"twitter:label1\" content=\"Written by\" \/>\n\t<meta name=\"twitter:data1\" content=\"We Love Cycling Spain\" \/>\n\t<meta name=\"twitter:label2\" content=\"Est. reading time\" \/>\n\t<meta name=\"twitter:data2\" content=\"1 minute\" \/>\n<script type=\"application\/ld+json\" class=\"yoast-schema-graph\">{\"@context\":\"https:\/\/schema.org\",\"@graph\":[{\"@type\":\"WebPage\",\"@id\":\"https:\/\/www.welovecycling.com\/es\/2017\/02\/03\/quince-grandes-ideas-hogar-adaptado-las-bicis\/\",\"url\":\"https:\/\/www.welovecycling.com\/es\/2017\/02\/03\/quince-grandes-ideas-hogar-adaptado-las-bicis\/\",\"name\":\"Quince grandes ideas para un hogar adaptado a las bicis - \u0160koda We Love Cycling - Spain\",\"isPartOf\":{\"@id\":\"https:\/\/www.welovecycling.com\/es\/#website\"},\"primaryImageOfPage\":{\"@id\":\"https:\/\/www.welovecycling.com\/es\/2017\/02\/03\/quince-grandes-ideas-hogar-adaptado-las-bicis\/#primaryimage\"},\"image\":{\"@id\":\"https:\/\/www.welovecycling.com\/es\/2017\/02\/03\/quince-grandes-ideas-hogar-adaptado-las-bicis\/#primaryimage\"},\"thumbnailUrl\":\"https:\/\/d2p6e6u75xmxt8.cloudfront.net\/6\/2017\/02\/Isterarasdfmage1.jpg\",\"datePublished\":\"2017-02-03T10:22:14+00:00\",\"dateModified\":\"2017-02-22T17:33:49+00:00\",\"author\":{\"@id\":\"https:\/\/www.welovecycling.com\/es\/#\/schema\/person\/deb61715b5812698ee79fb96f343ccd4\"},\"breadcrumb\":{\"@id\":\"https:\/\/www.welovecycling.com\/es\/2017\/02\/03\/quince-grandes-ideas-hogar-adaptado-las-bicis\/#breadcrumb\"},\"inLanguage\":\"es-ES\",\"potentialAction\":[{\"@type\":\"ReadAction\",\"target\":[\"https:\/\/www.welovecycling.com\/es\/2017\/02\/03\/quince-grandes-ideas-hogar-adaptado-las-bicis\/\"]}]},{\"@type\":\"ImageObject\",\"inLanguage\":\"es-ES\",\"@id\":\"https:\/\/www.welovecycling.com\/es\/2017\/02\/03\/quince-grandes-ideas-hogar-adaptado-las-bicis\/#primaryimage\",\"url\":\"https:\/\/d2p6e6u75xmxt8.cloudfront.net\/6\/2017\/02\/Isterarasdfmage1.jpg\",\"contentUrl\":\"https:\/\/d2p6e6u75xmxt8.cloudfront.net\/6\/2017\/02\/Isterarasdfmage1.jpg\",\"width\":950,\"height\":350},{\"@type\":\"BreadcrumbList\",\"@id\":\"https:\/\/www.welovecycling.com\/es\/2017\/02\/03\/quince-grandes-ideas-hogar-adaptado-las-bicis\/#breadcrumb\",\"itemListElement\":[{\"@type\":\"ListItem\",\"position\":1,\"name\":\"Home\",\"item\":\"https:\/\/www.welovecycling.com\/es\/\"},{\"@type\":\"ListItem\",\"position\":2,\"name\":\"Quince grandes ideas para un hogar adaptado a las bicis\"}]},{\"@type\":\"WebSite\",\"@id\":\"https:\/\/www.welovecycling.com\/es\/#website\",\"url\":\"https:\/\/www.welovecycling.com\/es\/\",\"name\":\"\u0160koda We Love Cycling - Spain\",\"description\":\"\u0160koda WeLoveCycling Spain\",\"potentialAction\":[{\"@type\":\"SearchAction\",\"target\":{\"@type\":\"EntryPoint\",\"urlTemplate\":\"https:\/\/www.welovecycling.com\/es\/?s={search_term_string}\"},\"query-input\":{\"@type\":\"PropertyValueSpecification\",\"valueRequired\":true,\"valueName\":\"search_term_string\"}}],\"inLanguage\":\"es-ES\"},{\"@type\":\"Person\",\"@id\":\"https:\/\/www.welovecycling.com\/es\/#\/schema\/person\/deb61715b5812698ee79fb96f343ccd4\",\"name\":\"We Love Cycling Spain\",\"image\":{\"@type\":\"ImageObject\",\"inLanguage\":\"es-ES\",\"@id\":\"https:\/\/www.welovecycling.com\/es\/#\/schema\/person\/image\/\",\"url\":\"https:\/\/secure.gravatar.com\/avatar\/c824b04e6df0e37a03219d0b6481672889df542894588964102459e46513159c?s=96&d=mm&r=g\",\"contentUrl\":\"https:\/\/secure.gravatar.com\/avatar\/c824b04e6df0e37a03219d0b6481672889df542894588964102459e46513159c?s=96&d=mm&r=g\",\"caption\":\"We Love Cycling Spain\"},\"url\":\"https:\/\/www.welovecycling.com\/es\/author\/amunoz\/\"}]}<\/script>\n<!-- \/ Yoast SEO Premium plugin. -->","yoast_head_json":{"title":"Quince grandes ideas para un hogar adaptado a las bicis - \u0160koda We Love Cycling - Spain","robots":{"index":"index","follow":"follow","max-snippet":"max-snippet:-1","max-image-preview":"max-image-preview:large","max-video-preview":"max-video-preview:-1"},"canonical":"https:\/\/www.welovecycling.com\/es\/2017\/02\/03\/quince-grandes-ideas-hogar-adaptado-las-bicis\/","og_locale":"es_ES","og_type":"article","og_title":"Quince grandes ideas para un hogar adaptado a las bicis","og_description":"\u00bfTu amor por las bicis tambi\u00e9n se refleja en tu casa? \u00a1Pues as\u00ed tiene que ser! No escondas a tu [&hellip;]","og_url":"https:\/\/www.welovecycling.com\/es\/2017\/02\/03\/quince-grandes-ideas-hogar-adaptado-las-bicis\/","og_site_name":"\u0160koda We Love Cycling - Spain","article_published_time":"2017-02-03T10:22:14+00:00","article_modified_time":"2017-02-22T17:33:49+00:00","og_image":[{"width":950,"height":350,"url":"https:\/\/d2p6e6u75xmxt8.cloudfront.net\/6\/2017\/02\/Isterarasdfmage1.jpg","type":"image\/jpeg"}],"author":"We Love Cycling Spain","twitter_card":"summary_large_image","twitter_misc":{"Written by":"We Love Cycling Spain","Est. reading time":"1 minute"},"schema":{"@context":"https:\/\/schema.org","@graph":[{"@type":"WebPage","@id":"https:\/\/www.welovecycling.com\/es\/2017\/02\/03\/quince-grandes-ideas-hogar-adaptado-las-bicis\/","url":"https:\/\/www.welovecycling.com\/es\/2017\/02\/03\/quince-grandes-ideas-hogar-adaptado-las-bicis\/","name":"Quince grandes ideas para un hogar adaptado a las bicis - \u0160koda We Love Cycling - Spain","isPartOf":{"@id":"https:\/\/www.welovecycling.com\/es\/#website"},"primaryImageOfPage":{"@id":"https:\/\/www.welovecycling.com\/es\/2017\/02\/03\/quince-grandes-ideas-hogar-adaptado-las-bicis\/#primaryimage"},"image":{"@id":"https:\/\/www.welovecycling.com\/es\/2017\/02\/03\/quince-grandes-ideas-hogar-adaptado-las-bicis\/#primaryimage"},"thumbnailUrl":"https:\/\/d2p6e6u75xmxt8.cloudfront.net\/6\/2017\/02\/Isterarasdfmage1.jpg","datePublished":"2017-02-03T10:22:14+00:00","dateModified":"2017-02-22T17:33:49+00:00","author":{"@id":"https:\/\/www.welovecycling.com\/es\/#\/schema\/person\/deb61715b5812698ee79fb96f343ccd4"},"breadcrumb":{"@id":"https:\/\/www.welovecycling.com\/es\/2017\/02\/03\/quince-grandes-ideas-hogar-adaptado-las-bicis\/#breadcrumb"},"inLanguage":"es-ES","potentialAction":[{"@type":"ReadAction","target":["https:\/\/www.welovecycling.com\/es\/2017\/02\/03\/quince-grandes-ideas-hogar-adaptado-las-bicis\/"]}]},{"@type":"ImageObject","inLanguage":"es-ES","@id":"https:\/\/www.welovecycling.com\/es\/2017\/02\/03\/quince-grandes-ideas-hogar-adaptado-las-bicis\/#primaryimage","url":"https:\/\/d2p6e6u75xmxt8.cloudfront.net\/6\/2017\/02\/Isterarasdfmage1.jpg","contentUrl":"https:\/\/d2p6e6u75xmxt8.cloudfront.net\/6\/2017\/02\/Isterarasdfmage1.jpg","width":950,"height":350},{"@type":"BreadcrumbList","@id":"https:\/\/www.welovecycling.com\/es\/2017\/02\/03\/quince-grandes-ideas-hogar-adaptado-las-bicis\/#breadcrumb","itemListElement":[{"@type":"ListItem","position":1,"name":"Home","item":"https:\/\/www.welovecycling.com\/es\/"},{"@type":"ListItem","position":2,"name":"Quince grandes ideas para un hogar adaptado a las bicis"}]},{"@type":"WebSite","@id":"https:\/\/www.welovecycling.com\/es\/#website","url":"https:\/\/www.welovecycling.com\/es\/","name":"\u0160koda We Love Cycling - Spain","description":"\u0160koda WeLoveCycling Spain","potentialAction":[{"@type":"SearchAction","target":{"@type":"EntryPoint","urlTemplate":"https:\/\/www.welovecycling.com\/es\/?s={search_term_string}"},"query-input":{"@type":"PropertyValueSpecification","valueRequired":true,"valueName":"search_term_string"}}],"inLanguage":"es-ES"},{"@type":"Person","@id":"https:\/\/www.welovecycling.com\/es\/#\/schema\/person\/deb61715b5812698ee79fb96f343ccd4","name":"We Love Cycling Spain","image":{"@type":"ImageObject","inLanguage":"es-ES","@id":"https:\/\/www.welovecycling.com\/es\/#\/schema\/person\/image\/","url":"https:\/\/secure.gravatar.com\/avatar\/c824b04e6df0e37a03219d0b6481672889df542894588964102459e46513159c?s=96&d=mm&r=g","contentUrl":"https:\/\/secure.gravatar.com\/avatar\/c824b04e6df0e37a03219d0b6481672889df542894588964102459e46513159c?s=96&d=mm&r=g","caption":"We Love Cycling Spain"},"url":"https:\/\/www.welovecycling.com\/es\/author\/amunoz\/"}]}},"_links":{"self":[{"href":"https:\/\/www.welovecycling.com\/es\/wp-json\/wp\/v2\/posts\/148","targetHints":{"allow":["GET"]}}],"collection":[{"href":"https:\/\/www.welovecycling.com\/es\/wp-json\/wp\/v2\/posts"}],"about":[{"href":"https:\/\/www.welovecycling.com\/es\/wp-json\/wp\/v2\/types\/post"}],"author":[{"embeddable":true,"href":"https:\/\/www.welovecycling.com\/es\/wp-json\/wp\/v2\/users\/29"}],"replies":[{"embeddable":true,"href":"https:\/\/www.welovecycling.com\/es\/wp-json\/wp\/v2\/comments?post=148"}],"version-history":[{"count":2,"href":"https:\/\/www.welovecycling.com\/es\/wp-json\/wp\/v2\/posts\/148\/revisions"}],"predecessor-version":[{"id":390,"href":"https:\/\/www.welovecycling.com\/es\/wp-json\/wp\/v2\/posts\/148\/revisions\/390"}],"wp:featuredmedia":[{"embeddable":true,"href":"https:\/\/www.welovecycling.com\/es\/wp-json\/wp\/v2\/media\/149"}],"wp:attachment":[{"href":"https:\/\/www.welovecycling.com\/es\/wp-json\/wp\/v2\/media?parent=148"}],"wp:term":[{"taxonomy":"category","embeddable":true,"href":"https:\/\/www.welovecycling.com\/es\/wp-json\/wp\/v2\/categories?post=148"},{"taxonomy":"post_tag","embeddable":true,"href":"https:\/\/www.welovecycling.com\/es\/wp-json\/wp\/v2\/tags?post=148"},{"taxonomy":"global-categories","embeddable":true,"href":"https:\/\/www.welovecycling.com\/es\/wp-json\/wp\/v2\/global-categories?post=148"}],"curies":[{"name":"wp","href":"https:\/\/api.w.org\/{rel}","templated":true}]}}