{"id":1473,"date":"2017-09-26T19:52:44","date_gmt":"2017-09-26T17:52:44","guid":{"rendered":"https:\/\/www.welovecycling.com\/es\/?p=1473"},"modified":"2017-09-26T19:52:44","modified_gmt":"2017-09-26T17:52:44","slug":"coche-de-apoyo-de-ciclistas","status":"publish","type":"post","link":"https:\/\/www.welovecycling.com\/es\/2017\/09\/26\/coche-de-apoyo-de-ciclistas\/","title":{"rendered":"As\u00ed debe circular el coche de apoyo de ciclistas"},"content":{"rendered":"<p><strong>Clubes, grupos de ciclistas, marchas cicloturistas\u2026 adem\u00e1s de en las carreras, los veh\u00edculos de acompa\u00f1amiento cada vez son m\u00e1s frecuentes cubriendo el itinerario de una comitiva ciclista.<\/strong><br \/>\n<!--more--><\/p>\n<p>Circular en<strong> grupo es una de las alternativas que m\u00e1s seguridad aporta a los practicantes del ciclismo<\/strong>, por razones relacionadas con la visibilidad frente a otros usuarios y por formar una unidad de movilidad que facilita las maniobras en la calzada, como giros, rotondas, incorporaciones\u2026 <strong>Cada vez es m\u00e1s frecuente que un autom\u00f3vil acompa\u00f1e a estos grupos, de manera especial cuando superan el n\u00famero de 50<\/strong>, momento en el que la nueva <strong>Ley de Tr\u00e1fico obliga a la utilizaci\u00f3n de un coche<\/strong> que, como poco, proteja la cola del pelot\u00f3n.<\/p>\n<p>En mayo de 2017 se adoptaron algunas medidas urgentes, mediante la modificaci\u00f3n del Reglamento de Tr\u00e1fico, para mejorar la seguridad vial de los ciclistas, pero ya desde enero de 2004 (Ley actualizada en 2015), se legisl\u00f3 sobre la presencia de coches de apoyo a los ciclistas. Desde<strong> 2004 se homolog\u00f3 una se\u00f1al identificativa, que deber\u00edan utilizar los veh\u00edculos de acompa\u00f1amiento<\/strong>, pero hay m\u00e1s normas que deben cumplir estos veh\u00edculos auxiliares.<\/p>\n<p><a href=\"https:\/\/d2p6e6u75xmxt8.cloudfront.net\/6\/2017\/09\/Cicloturismo-2.jpg\"><img loading=\"lazy\" decoding=\"async\" class=\"aligncenter size-full wp-image-1477\" src=\"https:\/\/d2p6e6u75xmxt8.cloudfront.net\/6\/2017\/09\/Cicloturismo-2.jpg\" alt=\"\" width=\"1000\" height=\"668\" srcset=\"https:\/\/d2p6e6u75xmxt8.cloudfront.net\/6\/2017\/09\/Cicloturismo-2.jpg 1000w, https:\/\/d2p6e6u75xmxt8.cloudfront.net\/6\/2017\/09\/Cicloturismo-2-300x200.jpg 300w, https:\/\/d2p6e6u75xmxt8.cloudfront.net\/6\/2017\/09\/Cicloturismo-2-768x513.jpg 768w, https:\/\/d2p6e6u75xmxt8.cloudfront.net\/6\/2017\/09\/Cicloturismo-2-272x182.jpg 272w\" sizes=\"auto, (max-width: 1000px) 100vw, 1000px\" \/><\/a><\/p>\n<p>En t\u00e9rminos generales,<strong> a partir de 50 ciclistas, las comitivas deber\u00e1n circular con veh\u00edculo de apoyo, dotado de la se\u00f1al V-22.<\/strong> (Art\u00edculo 15, anexo 2 del RGCIR). Estos veh\u00edculos de seguimiento de ciclistas, en el caso de que no exista v\u00eda o parte de ella que les est\u00e9 especialmente destinada, circular\u00e1n por<strong> el arc\u00e9n de su derecha si fuera transitable<\/strong> o, en caso contrario, utilizar\u00e1n la parte imprescindible de la calzada, siempre ce\u00f1idos a su derecha.<\/p>\n<p>En marchas cicloturistas organizadas y que dispongan de la correspondiente autorizaci\u00f3n legislativa, se dispondr\u00e1 de <strong>veh\u00edculos piloto que marquen tanto el principio, como el final de la march<\/strong>a, adem\u00e1s de los correspondientes veh\u00edculos de enlace y se\u00f1alizaci\u00f3n para garantizar las maniobras en cruces y giros del pelot\u00f3n. (Art\u00edculo 21, anexo 2 del RGCIR).<\/p>\n<p>Cualquier veh\u00edculo de a<strong>poyo podr\u00e1 circular por debajo de los l\u00edmites m\u00ednimos de velocidad de la v\u00eda<\/strong>, pero deber\u00e1n utilizar las luces indicadoras de emergencia\/warning. (Art\u00edculo 49 del RGCIR).<\/p>\n<h2><strong>Delante y detr\u00e1s<\/strong><\/h2>\n<p>Los autom\u00f3viles que circulan <strong>por delante<\/strong> de un pelot\u00f3n ciclista:<br \/>\n-Llevar\u00e1n un cartel con la inscripci\u00f3n<strong>\u00a0&#8220;Atenci\u00f3n: marcha ciclista&#8221;,<\/strong> que en ning\u00fan caso podr\u00e1 exceder la anchura del veh\u00edculo.<br \/>\n-Las motos o coches de enlace que precedan a la marcha deber\u00e1n portar una bandera roja.<br \/>\n-En el techo del veh\u00edculo deber\u00e1 instalarse un <strong>rotativo de se\u00f1alizaci\u00f3n de color naranja.<\/strong><br \/>\n-Durante el acompa\u00f1amiento a la comitiva se encender\u00e1n las <strong>luces de aver\u00eda y de cruce.<\/p>\n<p><a href=\"https:\/\/d2p6e6u75xmxt8.cloudfront.net\/6\/2017\/09\/Cicloturismo-6.jpg\"><img loading=\"lazy\" decoding=\"async\" class=\"aligncenter size-large wp-image-1476\" src=\"https:\/\/d2p6e6u75xmxt8.cloudfront.net\/6\/2017\/09\/Cicloturismo-6-1024x605.jpg\" alt=\"\" width=\"1024\" height=\"605\" srcset=\"https:\/\/d2p6e6u75xmxt8.cloudfront.net\/6\/2017\/09\/Cicloturismo-6-1024x605.jpg 1024w, https:\/\/d2p6e6u75xmxt8.cloudfront.net\/6\/2017\/09\/Cicloturismo-6-300x177.jpg 300w, https:\/\/d2p6e6u75xmxt8.cloudfront.net\/6\/2017\/09\/Cicloturismo-6-768x454.jpg 768w, https:\/\/d2p6e6u75xmxt8.cloudfront.net\/6\/2017\/09\/Cicloturismo-6-1920x1135.jpg 1920w, https:\/\/d2p6e6u75xmxt8.cloudfront.net\/6\/2017\/09\/Cicloturismo-6-1920x1135.jpg 1920w\" sizes=\"auto, (max-width: 1024px) 100vw, 1024px\" \/><\/a><br \/>\n<\/strong><\/p>\n<p>Veh\u00edculo de <strong>cola de pelot\u00f3n<\/strong>:<br \/>\n-Llevar\u00e1 el cartel de &#8220;Fin marcha ciclista&#8221;, que no exceder\u00e1 la anchura del veh\u00edculo.<br \/>\n-Portar\u00e1 una<strong> bandera verde.<\/strong><br \/>\n-En el techo del veh\u00edculo deber\u00e1 instalarse un rotativo de se\u00f1alizaci\u00f3n de color naranja.<br \/>\n-Durante el acompa\u00f1amiento a la comitiva se encender\u00e1n las luces de aver\u00eda y de cruce.<\/p>\n<h2><strong>Cartel V-22<br \/>\n<\/strong><\/h2>\n<p>Los veh\u00edculos que <strong>acompa\u00f1an a los ciclistas deben utilizar, de forma obligatoria, el cartel homologado con la nomenclatura V-22<\/strong>, que debe reunir los siguientes requisitos:<br \/>\n-Informa de la circulaci\u00f3n pr\u00f3xima de ciclistas.<br \/>\n-Deber\u00e1n utilizarlo en todo momento los<strong> veh\u00edculos de apoyo cuando circulen solo en funci\u00f3n y servicio de acompa\u00f1amiento a la circulaci\u00f3n de ciclistas.<\/p>\n<p><a href=\"https:\/\/d2p6e6u75xmxt8.cloudfront.net\/6\/2017\/09\/Cicloturismo-1.jpg\"><img loading=\"lazy\" decoding=\"async\" class=\"aligncenter size-large wp-image-1478\" src=\"https:\/\/d2p6e6u75xmxt8.cloudfront.net\/6\/2017\/09\/Cicloturismo-1-1024x615.jpg\" alt=\"\" width=\"1024\" height=\"615\" srcset=\"https:\/\/d2p6e6u75xmxt8.cloudfront.net\/6\/2017\/09\/Cicloturismo-1-1024x615.jpg 1024w, https:\/\/d2p6e6u75xmxt8.cloudfront.net\/6\/2017\/09\/Cicloturismo-1-300x180.jpg 300w, https:\/\/d2p6e6u75xmxt8.cloudfront.net\/6\/2017\/09\/Cicloturismo-1-768x461.jpg 768w, https:\/\/d2p6e6u75xmxt8.cloudfront.net\/6\/2017\/09\/Cicloturismo-1-1920x1154.jpg 1920w, https:\/\/d2p6e6u75xmxt8.cloudfront.net\/6\/2017\/09\/Cicloturismo-1-1920x1154.jpg 1920w\" sizes=\"auto, (max-width: 1024px) 100vw, 1024px\" \/><\/a><\/strong><br \/>\n-Se instalar\u00e1 en la parte superior del veh\u00edculo de acompa\u00f1amiento, de forma vertical y anclado al techo de forma que no exista riesgo de ca\u00edda. Se instalar\u00e1 como elemento supletorio adicional.<br \/>\n-Esta se\u00f1al tendr\u00e1 inscrita en la parte izquierda la se\u00f1al P-22 y en la parte derecha, la <strong>palabra CICLISTAS, debiendo ajustarse sus dimensiones, color, contenido y caracter\u00edsticas<\/strong> t\u00e9cnicas a lo que se indica en el gr\u00e1fico adjunto.<br \/>\n-Aunque no es obligatorio, en el nuevo Reglamento de la DGT tambi\u00e9n se aconseja el uso del rotativo luminoso naranja sobre el veh\u00edculo.<br \/>\n-Esta se\u00f1alizaci\u00f3n especial s\u00f3lo deber\u00e1 utilizarse cuando el veh\u00edculo de apoyo est\u00e9 acompa\u00f1ando a ciclistas y ha de ser retirado cuando el veh\u00edculo no cumpla esta funci\u00f3n, para evitar la confusi\u00f3n al resto de usuarios de la v\u00eda.<\/p>\n<h2><strong><a href=\"https:\/\/d2p6e6u75xmxt8.cloudfront.net\/6\/2017\/09\/Cartel-V22.jpg\"><img loading=\"lazy\" decoding=\"async\" class=\"aligncenter size-large wp-image-1474\" src=\"https:\/\/d2p6e6u75xmxt8.cloudfront.net\/6\/2017\/09\/Cartel-V22-667x1024.jpg\" alt=\"\" width=\"667\" height=\"1024\" srcset=\"https:\/\/d2p6e6u75xmxt8.cloudfront.net\/6\/2017\/09\/Cartel-V22-667x1024.jpg 667w, https:\/\/d2p6e6u75xmxt8.cloudfront.net\/6\/2017\/09\/Cartel-V22-195x300.jpg 195w, https:\/\/d2p6e6u75xmxt8.cloudfront.net\/6\/2017\/09\/Cartel-V22.jpg 720w\" sizes=\"auto, (max-width: 667px) 100vw, 667px\" \/><\/a><\/strong><\/h2>\n","protected":false},"excerpt":{"rendered":"<p>Clubes, grupos de ciclistas, marchas cicloturistas\u2026 adem\u00e1s de en las carreras, los veh\u00edculos de acompa\u00f1amiento cada vez son m\u00e1s frecuentes [&hellip;]<\/p>\n","protected":false},"author":29,"featured_media":1475,"comment_status":"open","ping_status":"open","sticky":false,"template":"","format":"standard","meta":{"footnotes":""},"categories":[7,6],"tags":[112,114,113,115],"global-categories":[],"class_list":["post-1473","post","type-post","status-publish","format-standard","has-post-thumbnail","hentry","category-carretera","category-urban","tag-coche-apoyo-ciclistas","tag-como-debe-circular-coche-de-apoyo","tag-dgt-coche-apoyo-ciclismo","tag-normas-trafico-coche-apoyo-ciclismo"],"yoast_head":"<!-- This site is optimized with the Yoast SEO Premium plugin v25.3 (Yoast SEO v25.9) - https:\/\/yoast.com\/wordpress\/plugins\/seo\/ -->\n<title>As\u00ed debe circular el coche de apoyo de ciclistas - We love Cycling<\/title>\n<meta name=\"description\" content=\"As\u00ed debe circular el coche de apoyo de ciclistas. Normas de tr\u00e1fico que deben cumplir los coches de avituallamiento para ciclistas.\" \/>\n<meta name=\"robots\" content=\"index, follow, max-snippet:-1, max-image-preview:large, max-video-preview:-1\" \/>\n<link rel=\"canonical\" href=\"https:\/\/www.welovecycling.com\/es\/2017\/09\/26\/coche-de-apoyo-de-ciclistas\/\" \/>\n<meta property=\"og:locale\" content=\"es_ES\" \/>\n<meta property=\"og:type\" content=\"article\" \/>\n<meta property=\"og:title\" content=\"As\u00ed debe circular el coche de apoyo de ciclistas\" \/>\n<meta property=\"og:description\" content=\"As\u00ed debe circular el coche de apoyo de ciclistas. Normas de tr\u00e1fico que deben cumplir los coches de avituallamiento para ciclistas.\" \/>\n<meta property=\"og:url\" content=\"https:\/\/www.welovecycling.com\/es\/2017\/09\/26\/coche-de-apoyo-de-ciclistas\/\" \/>\n<meta property=\"og:site_name\" content=\"\u0160koda We Love Cycling - Spain\" \/>\n<meta property=\"article:published_time\" content=\"2017-09-26T17:52:44+00:00\" \/>\n<meta property=\"og:image\" content=\"https:\/\/d2p6e6u75xmxt8.cloudfront.net\/6\/2017\/09\/Cicloturismo-8.jpg\" \/>\n\t<meta property=\"og:image:width\" content=\"5184\" \/>\n\t<meta property=\"og:image:height\" content=\"2820\" \/>\n\t<meta property=\"og:image:type\" content=\"image\/jpeg\" \/>\n<meta name=\"author\" content=\"We Love Cycling Spain\" \/>\n<meta name=\"twitter:card\" content=\"summary_large_image\" \/>\n<meta name=\"twitter:title\" content=\"As\u00ed debe circular el coche de apoyo de ciclistas\" \/>\n<meta name=\"twitter:description\" content=\"As\u00ed debe circular el coche de apoyo de ciclistas. Normas de tr\u00e1fico que deben cumplir los coches de avituallamiento para ciclistas.\" \/>\n<meta name=\"twitter:label1\" content=\"Written by\" \/>\n\t<meta name=\"twitter:data1\" content=\"Ciclismo a Fondo\" \/>\n\t<meta name=\"twitter:label2\" content=\"Est. reading time\" \/>\n\t<meta name=\"twitter:data2\" content=\"4 minutes\" \/>\n<script type=\"application\/ld+json\" class=\"yoast-schema-graph\">{\"@context\":\"https:\/\/schema.org\",\"@graph\":[{\"@type\":\"WebPage\",\"@id\":\"https:\/\/www.welovecycling.com\/es\/2017\/09\/26\/coche-de-apoyo-de-ciclistas\/\",\"url\":\"https:\/\/www.welovecycling.com\/es\/2017\/09\/26\/coche-de-apoyo-de-ciclistas\/\",\"name\":\"As\u00ed debe circular el coche de apoyo de ciclistas - We love Cycling\",\"isPartOf\":{\"@id\":\"https:\/\/www.welovecycling.com\/es\/#website\"},\"primaryImageOfPage\":{\"@id\":\"https:\/\/www.welovecycling.com\/es\/2017\/09\/26\/coche-de-apoyo-de-ciclistas\/#primaryimage\"},\"image\":{\"@id\":\"https:\/\/www.welovecycling.com\/es\/2017\/09\/26\/coche-de-apoyo-de-ciclistas\/#primaryimage\"},\"thumbnailUrl\":\"https:\/\/d2p6e6u75xmxt8.cloudfront.net\/6\/2017\/09\/Cicloturismo-8.jpg\",\"datePublished\":\"2017-09-26T17:52:44+00:00\",\"author\":{\"@id\":\"https:\/\/www.welovecycling.com\/es\/#\/schema\/person\/deb61715b5812698ee79fb96f343ccd4\"},\"description\":\"As\u00ed debe circular el coche de apoyo de ciclistas. Normas de tr\u00e1fico que deben cumplir los coches de avituallamiento para ciclistas.\",\"breadcrumb\":{\"@id\":\"https:\/\/www.welovecycling.com\/es\/2017\/09\/26\/coche-de-apoyo-de-ciclistas\/#breadcrumb\"},\"inLanguage\":\"es-ES\",\"potentialAction\":[{\"@type\":\"ReadAction\",\"target\":[\"https:\/\/www.welovecycling.com\/es\/2017\/09\/26\/coche-de-apoyo-de-ciclistas\/\"]}]},{\"@type\":\"ImageObject\",\"inLanguage\":\"es-ES\",\"@id\":\"https:\/\/www.welovecycling.com\/es\/2017\/09\/26\/coche-de-apoyo-de-ciclistas\/#primaryimage\",\"url\":\"https:\/\/d2p6e6u75xmxt8.cloudfront.net\/6\/2017\/09\/Cicloturismo-8.jpg\",\"contentUrl\":\"https:\/\/d2p6e6u75xmxt8.cloudfront.net\/6\/2017\/09\/Cicloturismo-8.jpg\",\"width\":5184,\"height\":2820},{\"@type\":\"BreadcrumbList\",\"@id\":\"https:\/\/www.welovecycling.com\/es\/2017\/09\/26\/coche-de-apoyo-de-ciclistas\/#breadcrumb\",\"itemListElement\":[{\"@type\":\"ListItem\",\"position\":1,\"name\":\"Home\",\"item\":\"https:\/\/www.welovecycling.com\/es\/\"},{\"@type\":\"ListItem\",\"position\":2,\"name\":\"As\u00ed debe circular el coche de apoyo de ciclistas\"}]},{\"@type\":\"WebSite\",\"@id\":\"https:\/\/www.welovecycling.com\/es\/#website\",\"url\":\"https:\/\/www.welovecycling.com\/es\/\",\"name\":\"\u0160koda We Love Cycling - Spain\",\"description\":\"\u0160koda WeLoveCycling Spain\",\"potentialAction\":[{\"@type\":\"SearchAction\",\"target\":{\"@type\":\"EntryPoint\",\"urlTemplate\":\"https:\/\/www.welovecycling.com\/es\/?s={search_term_string}\"},\"query-input\":{\"@type\":\"PropertyValueSpecification\",\"valueRequired\":true,\"valueName\":\"search_term_string\"}}],\"inLanguage\":\"es-ES\"},{\"@type\":\"Person\",\"@id\":\"https:\/\/www.welovecycling.com\/es\/#\/schema\/person\/deb61715b5812698ee79fb96f343ccd4\",\"name\":\"We Love Cycling Spain\",\"image\":{\"@type\":\"ImageObject\",\"inLanguage\":\"es-ES\",\"@id\":\"https:\/\/www.welovecycling.com\/es\/#\/schema\/person\/image\/\",\"url\":\"https:\/\/secure.gravatar.com\/avatar\/c824b04e6df0e37a03219d0b6481672889df542894588964102459e46513159c?s=96&d=mm&r=g\",\"contentUrl\":\"https:\/\/secure.gravatar.com\/avatar\/c824b04e6df0e37a03219d0b6481672889df542894588964102459e46513159c?s=96&d=mm&r=g\",\"caption\":\"We Love Cycling Spain\"},\"url\":\"https:\/\/www.welovecycling.com\/es\/author\/amunoz\/\"}]}<\/script>\n<!-- \/ Yoast SEO Premium plugin. -->","yoast_head_json":{"title":"As\u00ed debe circular el coche de apoyo de ciclistas - We love Cycling","description":"As\u00ed debe circular el coche de apoyo de ciclistas. Normas de tr\u00e1fico que deben cumplir los coches de avituallamiento para ciclistas.","robots":{"index":"index","follow":"follow","max-snippet":"max-snippet:-1","max-image-preview":"max-image-preview:large","max-video-preview":"max-video-preview:-1"},"canonical":"https:\/\/www.welovecycling.com\/es\/2017\/09\/26\/coche-de-apoyo-de-ciclistas\/","og_locale":"es_ES","og_type":"article","og_title":"As\u00ed debe circular el coche de apoyo de ciclistas","og_description":"As\u00ed debe circular el coche de apoyo de ciclistas. Normas de tr\u00e1fico que deben cumplir los coches de avituallamiento para ciclistas.","og_url":"https:\/\/www.welovecycling.com\/es\/2017\/09\/26\/coche-de-apoyo-de-ciclistas\/","og_site_name":"\u0160koda We Love Cycling - Spain","article_published_time":"2017-09-26T17:52:44+00:00","og_image":[{"width":5184,"height":2820,"url":"https:\/\/d2p6e6u75xmxt8.cloudfront.net\/6\/2017\/09\/Cicloturismo-8.jpg","type":"image\/jpeg"}],"author":"We Love Cycling Spain","twitter_card":"summary_large_image","twitter_title":"As\u00ed debe circular el coche de apoyo de ciclistas","twitter_description":"As\u00ed debe circular el coche de apoyo de ciclistas. Normas de tr\u00e1fico que deben cumplir los coches de avituallamiento para ciclistas.","twitter_misc":{"Written by":"Ciclismo a Fondo","Est. reading time":"4 minutes"},"schema":{"@context":"https:\/\/schema.org","@graph":[{"@type":"WebPage","@id":"https:\/\/www.welovecycling.com\/es\/2017\/09\/26\/coche-de-apoyo-de-ciclistas\/","url":"https:\/\/www.welovecycling.com\/es\/2017\/09\/26\/coche-de-apoyo-de-ciclistas\/","name":"As\u00ed debe circular el coche de apoyo de ciclistas - We love Cycling","isPartOf":{"@id":"https:\/\/www.welovecycling.com\/es\/#website"},"primaryImageOfPage":{"@id":"https:\/\/www.welovecycling.com\/es\/2017\/09\/26\/coche-de-apoyo-de-ciclistas\/#primaryimage"},"image":{"@id":"https:\/\/www.welovecycling.com\/es\/2017\/09\/26\/coche-de-apoyo-de-ciclistas\/#primaryimage"},"thumbnailUrl":"https:\/\/d2p6e6u75xmxt8.cloudfront.net\/6\/2017\/09\/Cicloturismo-8.jpg","datePublished":"2017-09-26T17:52:44+00:00","author":{"@id":"https:\/\/www.welovecycling.com\/es\/#\/schema\/person\/deb61715b5812698ee79fb96f343ccd4"},"description":"As\u00ed debe circular el coche de apoyo de ciclistas. Normas de tr\u00e1fico que deben cumplir los coches de avituallamiento para ciclistas.","breadcrumb":{"@id":"https:\/\/www.welovecycling.com\/es\/2017\/09\/26\/coche-de-apoyo-de-ciclistas\/#breadcrumb"},"inLanguage":"es-ES","potentialAction":[{"@type":"ReadAction","target":["https:\/\/www.welovecycling.com\/es\/2017\/09\/26\/coche-de-apoyo-de-ciclistas\/"]}]},{"@type":"ImageObject","inLanguage":"es-ES","@id":"https:\/\/www.welovecycling.com\/es\/2017\/09\/26\/coche-de-apoyo-de-ciclistas\/#primaryimage","url":"https:\/\/d2p6e6u75xmxt8.cloudfront.net\/6\/2017\/09\/Cicloturismo-8.jpg","contentUrl":"https:\/\/d2p6e6u75xmxt8.cloudfront.net\/6\/2017\/09\/Cicloturismo-8.jpg","width":5184,"height":2820},{"@type":"BreadcrumbList","@id":"https:\/\/www.welovecycling.com\/es\/2017\/09\/26\/coche-de-apoyo-de-ciclistas\/#breadcrumb","itemListElement":[{"@type":"ListItem","position":1,"name":"Home","item":"https:\/\/www.welovecycling.com\/es\/"},{"@type":"ListItem","position":2,"name":"As\u00ed debe circular el coche de apoyo de ciclistas"}]},{"@type":"WebSite","@id":"https:\/\/www.welovecycling.com\/es\/#website","url":"https:\/\/www.welovecycling.com\/es\/","name":"\u0160koda We Love Cycling - Spain","description":"\u0160koda WeLoveCycling Spain","potentialAction":[{"@type":"SearchAction","target":{"@type":"EntryPoint","urlTemplate":"https:\/\/www.welovecycling.com\/es\/?s={search_term_string}"},"query-input":{"@type":"PropertyValueSpecification","valueRequired":true,"valueName":"search_term_string"}}],"inLanguage":"es-ES"},{"@type":"Person","@id":"https:\/\/www.welovecycling.com\/es\/#\/schema\/person\/deb61715b5812698ee79fb96f343ccd4","name":"We Love Cycling Spain","image":{"@type":"ImageObject","inLanguage":"es-ES","@id":"https:\/\/www.welovecycling.com\/es\/#\/schema\/person\/image\/","url":"https:\/\/secure.gravatar.com\/avatar\/c824b04e6df0e37a03219d0b6481672889df542894588964102459e46513159c?s=96&d=mm&r=g","contentUrl":"https:\/\/secure.gravatar.com\/avatar\/c824b04e6df0e37a03219d0b6481672889df542894588964102459e46513159c?s=96&d=mm&r=g","caption":"We Love Cycling Spain"},"url":"https:\/\/www.welovecycling.com\/es\/author\/amunoz\/"}]}},"_links":{"self":[{"href":"https:\/\/www.welovecycling.com\/es\/wp-json\/wp\/v2\/posts\/1473","targetHints":{"allow":["GET"]}}],"collection":[{"href":"https:\/\/www.welovecycling.com\/es\/wp-json\/wp\/v2\/posts"}],"about":[{"href":"https:\/\/www.welovecycling.com\/es\/wp-json\/wp\/v2\/types\/post"}],"author":[{"embeddable":true,"href":"https:\/\/www.welovecycling.com\/es\/wp-json\/wp\/v2\/users\/29"}],"replies":[{"embeddable":true,"href":"https:\/\/www.welovecycling.com\/es\/wp-json\/wp\/v2\/comments?post=1473"}],"version-history":[{"count":1,"href":"https:\/\/www.welovecycling.com\/es\/wp-json\/wp\/v2\/posts\/1473\/revisions"}],"predecessor-version":[{"id":1479,"href":"https:\/\/www.welovecycling.com\/es\/wp-json\/wp\/v2\/posts\/1473\/revisions\/1479"}],"wp:featuredmedia":[{"embeddable":true,"href":"https:\/\/www.welovecycling.com\/es\/wp-json\/wp\/v2\/media\/1475"}],"wp:attachment":[{"href":"https:\/\/www.welovecycling.com\/es\/wp-json\/wp\/v2\/media?parent=1473"}],"wp:term":[{"taxonomy":"category","embeddable":true,"href":"https:\/\/www.welovecycling.com\/es\/wp-json\/wp\/v2\/categories?post=1473"},{"taxonomy":"post_tag","embeddable":true,"href":"https:\/\/www.welovecycling.com\/es\/wp-json\/wp\/v2\/tags?post=1473"},{"taxonomy":"global-categories","embeddable":true,"href":"https:\/\/www.welovecycling.com\/es\/wp-json\/wp\/v2\/global-categories?post=1473"}],"curies":[{"name":"wp","href":"https:\/\/api.w.org\/{rel}","templated":true}]}}