{"id":1460,"date":"2017-09-25T11:49:15","date_gmt":"2017-09-25T09:49:15","guid":{"rendered":"https:\/\/www.welovecycling.com\/es\/?p=1460"},"modified":"2017-10-30T12:21:55","modified_gmt":"2017-10-30T10:21:55","slug":"las-novedades-de-unibike-2017-bicicletas-componentes-accesorios","status":"publish","type":"post","link":"https:\/\/www.welovecycling.com\/es\/2017\/09\/25\/las-novedades-de-unibike-2017-bicicletas-componentes-accesorios\/","title":{"rendered":"Las novedades de Unibike 2017. Bicicletas, componentes, accesorios&#8230;"},"content":{"rendered":"<p><strong>La Feria del ciclismo espa\u00f1ola reuni\u00f3 a miles de asistentes en los pabellones de Ifema (Madrid). All\u00ed pudimos conocer de primera mano las novedades de Unibike 2017 con respecto a las bicicletas, componentes y accesorios que se van a llevar en 2018. Desde las bicis de cualquier gama con motor, a ropa ciclista con nanotecnolog\u00eda o zapatillas que mejoran un 18% el rendimiento del ciclista.<\/strong><br \/>\n<!--more--><\/p>\n<h2><strong>Soudal llega a Espa\u00f1a<\/strong><\/h2>\n<p><a href=\"https:\/\/d2p6e6u75xmxt8.cloudfront.net\/6\/2017\/09\/limpieza-Soudal.jpg\"><img loading=\"lazy\" decoding=\"async\" class=\"aligncenter size-large wp-image-1461\" src=\"https:\/\/d2p6e6u75xmxt8.cloudfront.net\/6\/2017\/09\/limpieza-Soudal-1024x768.jpg\" alt=\"\" width=\"1024\" height=\"768\" srcset=\"https:\/\/d2p6e6u75xmxt8.cloudfront.net\/6\/2017\/09\/limpieza-Soudal-1024x768.jpg 1024w, https:\/\/d2p6e6u75xmxt8.cloudfront.net\/6\/2017\/09\/limpieza-Soudal-300x225.jpg 300w, https:\/\/d2p6e6u75xmxt8.cloudfront.net\/6\/2017\/09\/limpieza-Soudal-768x576.jpg 768w, https:\/\/d2p6e6u75xmxt8.cloudfront.net\/6\/2017\/09\/limpieza-Soudal.jpg 1280w\" sizes=\"auto, (max-width: 1024px) 100vw, 1024px\" \/><\/a><\/p>\n<p>Muchas veces los nombres de las marcas nos suenan por su relaci\u00f3n con el ciclismo, pero realmente no sabemos a lo que se dedican. Para el com\u00fan de los aficionados al ciclismo <strong>Soudal era solo el copatrocinador<\/strong> del hist\u00f3rico equipo belga <strong>Lotto.<\/strong> La empresa es el mayor fabricante europeo de selladores y adhesivos de construcci\u00f3n, pero ahora llegan a nuestro pa\u00eds con una gama de productos para la bicicleta. <strong>Desengrasantes, aceites, tefl\u00f3n, cera y pasta de montaje<\/strong>.<\/p>\n<p><a href=\"http:\/\/www.soudal.com\/soudalweb\/news.aspx?w=10&amp;p=324\" target=\"_blank\" rel=\"noopener\">Soudal.com<\/a><\/p>\n<h2><strong>La ropa con tejido inteligente<\/strong><\/h2>\n<p><a href=\"https:\/\/d2p6e6u75xmxt8.cloudfront.net\/6\/2017\/09\/Unibike-2017-ULB.jpg\"><img loading=\"lazy\" decoding=\"async\" class=\"aligncenter size-large wp-image-1462\" src=\"https:\/\/d2p6e6u75xmxt8.cloudfront.net\/6\/2017\/09\/Unibike-2017-ULB-1024x839.jpg\" alt=\"\" width=\"1024\" height=\"839\" srcset=\"https:\/\/d2p6e6u75xmxt8.cloudfront.net\/6\/2017\/09\/Unibike-2017-ULB-1024x839.jpg 1024w, https:\/\/d2p6e6u75xmxt8.cloudfront.net\/6\/2017\/09\/Unibike-2017-ULB-300x246.jpg 300w, https:\/\/d2p6e6u75xmxt8.cloudfront.net\/6\/2017\/09\/Unibike-2017-ULB-768x629.jpg 768w, https:\/\/d2p6e6u75xmxt8.cloudfront.net\/6\/2017\/09\/Unibike-2017-ULB.jpg 1280w\" sizes=\"auto, (max-width: 1024px) 100vw, 1024px\" \/><\/a>Si hay algo que molesta a un ciclista es mojarse cuando llueve, pasar fr\u00edo cuando las condiciones son extremas y encima llevar en el cuerpo un mont\u00f3n de capas de ropa que le hacen sentirse inc\u00f3modo. Esto se va a solucionar muy pronto con la aplicaci\u00f3n de la <strong>nanotecnolog\u00eda a los tejidos de la ropa ciclista<\/strong>. Los llamados tejidos inteligentes son capaces de, por ejemplo, <strong>hacer que una chaqueta fina sea a la vez impermeable para la lluvia y transpirable para evacuar el sudor mientras estamos dando pedales.<\/strong> En pocos meses la marca <strong>ULB Sport<\/strong> la tendr\u00e1 disponible.<\/p>\n<p><a href=\"http:\/\/ulbsports.es\/\">ulbsports.es<\/a><\/p>\n<h2><strong>Las zapatillas que ahorran energ\u00eda muscular<\/strong><\/h2>\n<p><a href=\"https:\/\/d2p6e6u75xmxt8.cloudfront.net\/6\/2017\/09\/zapatillas-18-mejora-Mavic.jpg\"><img loading=\"lazy\" decoding=\"async\" class=\"aligncenter size-large wp-image-1463\" src=\"https:\/\/d2p6e6u75xmxt8.cloudfront.net\/6\/2017\/09\/zapatillas-18-mejora-Mavic-1024x768.jpg\" alt=\"\" width=\"1024\" height=\"768\" srcset=\"https:\/\/d2p6e6u75xmxt8.cloudfront.net\/6\/2017\/09\/zapatillas-18-mejora-Mavic-1024x768.jpg 1024w, https:\/\/d2p6e6u75xmxt8.cloudfront.net\/6\/2017\/09\/zapatillas-18-mejora-Mavic-300x225.jpg 300w, https:\/\/d2p6e6u75xmxt8.cloudfront.net\/6\/2017\/09\/zapatillas-18-mejora-Mavic-768x576.jpg 768w, https:\/\/d2p6e6u75xmxt8.cloudfront.net\/6\/2017\/09\/zapatillas-18-mejora-Mavic.jpg 1280w\" sizes=\"auto, (max-width: 1024px) 100vw, 1024px\" \/><\/a>Se trata de pedalear y de que toda la fuerza que eres capaz de generar con las piernas se transmita a los pedales para ir lo m\u00e1s r\u00e1pido posible. Y la v\u00eda para unir tus energ\u00edas con los pedales son las zapatillas. Para no perder un gramo de esa fuerza Mavic ha desarrollado su modelo de <strong>zapatillas Comete Ultimate<\/strong> que aseguran <strong>que mejora la eficiencia de la pedalada un 18%<\/strong>. Para ello se basan en la carcasa Energy Shell Carbon, que en teor\u00eda permite transmitir toda la energ\u00eda del ciclista durante los 360\u00b0 de la pedalada.<\/p>\n<p><a href=\"http:\/\/engineerstalk.mavic.com\/es\/pedalada-mas-redonda-y-eficiente-con-el-zapatillas-comete-ultimate\/\">mavic.com<\/a><\/p>\n<h2><strong>Grupo con medidor de potencia incorporado<\/strong><\/h2>\n<p><a href=\"https:\/\/d2p6e6u75xmxt8.cloudfront.net\/6\/2017\/09\/Durace-con-potenciometro.jpg\"><img loading=\"lazy\" decoding=\"async\" class=\"aligncenter size-large wp-image-1464\" src=\"https:\/\/d2p6e6u75xmxt8.cloudfront.net\/6\/2017\/09\/Durace-con-potenciometro-1024x768.jpg\" alt=\"\" width=\"1024\" height=\"768\" srcset=\"https:\/\/d2p6e6u75xmxt8.cloudfront.net\/6\/2017\/09\/Durace-con-potenciometro-1024x768.jpg 1024w, https:\/\/d2p6e6u75xmxt8.cloudfront.net\/6\/2017\/09\/Durace-con-potenciometro-300x225.jpg 300w, https:\/\/d2p6e6u75xmxt8.cloudfront.net\/6\/2017\/09\/Durace-con-potenciometro-768x576.jpg 768w, https:\/\/d2p6e6u75xmxt8.cloudfront.net\/6\/2017\/09\/Durace-con-potenciometro.jpg 1280w\" sizes=\"auto, (max-width: 1024px) 100vw, 1024px\" \/><\/a>Los vatios son ahora la nueva forma de medir las fuerzas de los ciclistas. Se han popularizado tanto que era cuesti\u00f3n de tiempo que una marca los integrase ya en sus grupos de serie. Lo ha hecho <strong>Shimano con el nuevo Dura-Ace, que ofrece una edici\u00f3n con un medidor de potencia integrado en la biela propia del grupo<\/strong>. As\u00ed al comprar cualquier bici te puedes olvidar de qu\u00e9 tipo de potenci\u00f3metro le viene mejor y modificar cualquiera de sus componentes.<\/p>\n<p><a href=\"https:\/\/www.duraace.com\/global\/es\/power-meter\">duraace.com<\/a><\/p>\n<h2><strong>Bici de carretera ligera&#8230; y con discos<\/strong><\/h2>\n<p><a href=\"https:\/\/d2p6e6u75xmxt8.cloudfront.net\/6\/2017\/09\/Trek-Emonda-Discos.jpg\"><img loading=\"lazy\" decoding=\"async\" class=\"aligncenter size-large wp-image-1465\" src=\"https:\/\/d2p6e6u75xmxt8.cloudfront.net\/6\/2017\/09\/Trek-Emonda-Discos-1024x768.jpg\" alt=\"\" width=\"1024\" height=\"768\" srcset=\"https:\/\/d2p6e6u75xmxt8.cloudfront.net\/6\/2017\/09\/Trek-Emonda-Discos-1024x768.jpg 1024w, https:\/\/d2p6e6u75xmxt8.cloudfront.net\/6\/2017\/09\/Trek-Emonda-Discos-300x225.jpg 300w, https:\/\/d2p6e6u75xmxt8.cloudfront.net\/6\/2017\/09\/Trek-Emonda-Discos-768x576.jpg 768w, https:\/\/d2p6e6u75xmxt8.cloudfront.net\/6\/2017\/09\/Trek-Emonda-Discos.jpg 1280w\" sizes=\"auto, (max-width: 1024px) 100vw, 1024px\" \/><\/a>Una de las grandes pegas que pon\u00edan los ciclistas de carretera a los frenos de disco era su excesivo peso. Por eso hasta ahora solo se hab\u00edan utilizado para las versiones Aero o Gran Fondo de todas las marcas. Sin embargo Trek ha dado un paso m\u00e1s y para 2018 tendr\u00e1 la gama de su <strong>\u00c9monda, bicicleta ligera y escaladora<\/strong>, con freno de disco. La b\u00e1scula dice que el <strong>cuadro SLR Disc pesa 665 gramos, solo 25 m\u00e1s que su versi\u00f3n SLR para frenos sin disco,<\/strong>\u00a0y que la bici completa con el montaje tope gama llega a los 6,92 kilos sin pedales. Eso s\u00ed en su versi\u00f3n m\u00e1s avanzada, la Emonda SLR 8 Disc .<\/p>\n<p><a href=\"https:\/\/www.trekbikes.com\/es\/es_ES\/bicicletas\/bicicletas-de-carretera\/rendimiento-en-carretera\/%C3%A9monda\/%C3%A9monda-slr-8-disc\/p\/1471000-2018\/?colorCode=black_grey\">Trekbikes.com<\/a><\/p>\n<h2><strong>Ruedas macizas para no pinchar<\/strong><\/h2>\n<p><a href=\"https:\/\/d2p6e6u75xmxt8.cloudfront.net\/6\/2017\/09\/Ruedas-Antipinchazos-Tannus.jpg\"><img loading=\"lazy\" decoding=\"async\" class=\"aligncenter size-large wp-image-1466\" src=\"https:\/\/d2p6e6u75xmxt8.cloudfront.net\/6\/2017\/09\/Ruedas-Antipinchazos-Tannus-1024x768.jpg\" alt=\"\" width=\"1024\" height=\"768\" srcset=\"https:\/\/d2p6e6u75xmxt8.cloudfront.net\/6\/2017\/09\/Ruedas-Antipinchazos-Tannus-1024x768.jpg 1024w, https:\/\/d2p6e6u75xmxt8.cloudfront.net\/6\/2017\/09\/Ruedas-Antipinchazos-Tannus-300x225.jpg 300w, https:\/\/d2p6e6u75xmxt8.cloudfront.net\/6\/2017\/09\/Ruedas-Antipinchazos-Tannus-768x576.jpg 768w, https:\/\/d2p6e6u75xmxt8.cloudfront.net\/6\/2017\/09\/Ruedas-Antipinchazos-Tannus.jpg 1280w\" sizes=\"auto, (max-width: 1024px) 100vw, 1024px\" \/><\/a><\/p>\n<p>Olvidarte de pinchar. Ese ha sido el sue\u00f1o de cualquier ciclista. Unas ruedas con las que no pararse nunca a arreglar un inoportuno pinchazo. Sobre todo si el d\u00eda est\u00e1 lluvioso o hace fr\u00edo. La marca Tannus lleva desde hace unos a\u00f1os creando gomas macizas para las ruedas de carretera. Es decir, sin aire. Con las que es imposible pinchar, como puedes ver en la foto. Ahora tienen una gama para elegir dependiendo del peso del ciclista o de las condiciones del d\u00eda, lluvioso o seco, incluso tambi\u00e9n para bicis urbanas y el\u00e9ctricas.<\/p>\n<p><a href=\"http:\/\/tannustires.com\/\">Tannustires.com \u00a0<\/a><\/p>\n<h2><strong>La Ebike para kilometradas<\/strong><\/h2>\n<p><a href=\"https:\/\/d2p6e6u75xmxt8.cloudfront.net\/6\/2017\/09\/Ebike-Unibike-2017-3.jpg\"><img loading=\"lazy\" decoding=\"async\" class=\"aligncenter size-large wp-image-1468\" src=\"https:\/\/d2p6e6u75xmxt8.cloudfront.net\/6\/2017\/09\/Ebike-Unibike-2017-3-1024x768.jpg\" alt=\"\" width=\"1024\" height=\"768\" srcset=\"https:\/\/d2p6e6u75xmxt8.cloudfront.net\/6\/2017\/09\/Ebike-Unibike-2017-3-1024x768.jpg 1024w, https:\/\/d2p6e6u75xmxt8.cloudfront.net\/6\/2017\/09\/Ebike-Unibike-2017-3-300x225.jpg 300w, https:\/\/d2p6e6u75xmxt8.cloudfront.net\/6\/2017\/09\/Ebike-Unibike-2017-3-768x576.jpg 768w, https:\/\/d2p6e6u75xmxt8.cloudfront.net\/6\/2017\/09\/Ebike-Unibike-2017-3.jpg 1280w\" sizes=\"auto, (max-width: 1024px) 100vw, 1024px\" \/><\/a><\/p>\n<p>El gran problema que tienen la mayor\u00eda de las <strong>EBikes es su autonom\u00eda<\/strong>, es decir, los kil\u00f3metros que puedes hacer utilizando el motor que llevan incorporado. Y es que cuando se acaba la bater\u00eda toca cargar con una bicicleta m\u00e1s pesada de lo normal, de 15 a 20 kilos, solo con la potencia de tus piernas. Para solucionar esto la marca <strong>Riese&amp;Muller<\/strong> ha aportado una sencilla soluci\u00f3n, una <strong>bici con dos bater\u00edas de 500 Wh cada una<\/strong>. Con ellas aseguran que se pueden hacer sin problema etapas de m\u00e1s de 70 kil\u00f3metros con total garant\u00eda.<\/p>\n<p><a href=\"https:\/\/www.r-m.de\/es-es\/tecnologia\/dualbattery\/\" target=\"_blank\" rel=\"noopener\">r-m.de<\/a><\/p>\n<h2><strong>Radar para bicicletas<\/strong><\/h2>\n<p><a href=\"https:\/\/d2p6e6u75xmxt8.cloudfront.net\/6\/2017\/09\/Luces-Garmin.jpg\"><img loading=\"lazy\" decoding=\"async\" class=\"aligncenter size-large wp-image-1469\" src=\"https:\/\/d2p6e6u75xmxt8.cloudfront.net\/6\/2017\/09\/Luces-Garmin-1024x768.jpg\" alt=\"\" width=\"1024\" height=\"768\" srcset=\"https:\/\/d2p6e6u75xmxt8.cloudfront.net\/6\/2017\/09\/Luces-Garmin-1024x768.jpg 1024w, https:\/\/d2p6e6u75xmxt8.cloudfront.net\/6\/2017\/09\/Luces-Garmin-300x225.jpg 300w, https:\/\/d2p6e6u75xmxt8.cloudfront.net\/6\/2017\/09\/Luces-Garmin-768x576.jpg 768w, https:\/\/d2p6e6u75xmxt8.cloudfront.net\/6\/2017\/09\/Luces-Garmin.jpg 1280w\" sizes=\"auto, (max-width: 1024px) 100vw, 1024px\" \/><\/a><\/p>\n<p>La seguridad en la bicicleta se ha convertido en una obsesi\u00f3n. Tanto para las marcas como para los ciclistas. Es importante para circular seguro que te vean (las luces traseras se est\u00e1n extendiendo cada d\u00eda m\u00e1s) y sobre todo saber qu\u00e9 llevas detr\u00e1s. Por eso<strong> Garmin ha dise\u00f1ado un radar trasero para ciclistas<\/strong>, que<strong> te avisa cuando se acerca un coche<\/strong> por la espalda hasta 140 metros. Adem\u00e1s hace que la <strong>luz se intensifique y se haga parpadeante para alertar al veh\u00edculo<\/strong>.<\/p>\n<p><a href=\"https:\/\/buy.garmin.com\/es-ES\/ES\/p\/518151\" target=\"_blank\" rel=\"noopener\">Garmin.com<\/a><\/p>\n<h2><strong>Recuperador de piernas en casa<\/strong><\/h2>\n<p><a href=\"https:\/\/d2p6e6u75xmxt8.cloudfront.net\/6\/2017\/09\/recuperador-piernas-caraf.jpg\"><img loading=\"lazy\" decoding=\"async\" class=\"aligncenter size-large wp-image-1470\" src=\"https:\/\/d2p6e6u75xmxt8.cloudfront.net\/6\/2017\/09\/recuperador-piernas-caraf-1024x624.jpg\" alt=\"\" width=\"1024\" height=\"624\" srcset=\"https:\/\/d2p6e6u75xmxt8.cloudfront.net\/6\/2017\/09\/recuperador-piernas-caraf-1024x624.jpg 1024w, https:\/\/d2p6e6u75xmxt8.cloudfront.net\/6\/2017\/09\/recuperador-piernas-caraf-300x183.jpg 300w, https:\/\/d2p6e6u75xmxt8.cloudfront.net\/6\/2017\/09\/recuperador-piernas-caraf-768x468.jpg 768w, https:\/\/d2p6e6u75xmxt8.cloudfront.net\/6\/2017\/09\/recuperador-piernas-caraf.jpg 1280w\" sizes=\"auto, (max-width: 1024px) 100vw, 1024px\" \/><\/a><\/p>\n<p>En varios post subidos a Twitter por ciclistas profesionales les habr\u00e1s visto con esta especie de pantalones raros. Son de <strong>presoterapia, una t\u00e9cnica que hace que mediante el hinchado de zonas alternativas de estos &#8216;pantalones&#8217; se traduzcan en un masaje para las piernas del ciclista.<\/strong> Es decir, que mejoran el drenaje linf\u00e1tico y ayudan a la recuperaci\u00f3n tras un d\u00eda de ciclismo, y lo puedes hacer en tu propia casa.<\/p>\n<p><a href=\"http:\/\/caraf.es\/presoterapia-para-el-hogar-caraf\/\" target=\"_blank\" rel=\"noopener\">caraf.es<\/a><\/p>\n","protected":false},"excerpt":{"rendered":"<p>La Feria del ciclismo espa\u00f1ola reuni\u00f3 a miles de asistentes en los pabellones de Ifema (Madrid). All\u00ed pudimos conocer de [&hellip;]<\/p>\n","protected":false},"author":29,"featured_media":1465,"comment_status":"open","ping_status":"open","sticky":false,"template":"","format":"standard","meta":{"footnotes":""},"categories":[7,8,9,6],"tags":[111,110,109],"global-categories":[],"class_list":["post-1460","post","type-post","status-publish","format-standard","has-post-thumbnail","hentry","category-carretera","category-life-style","category-mtb-aventura","category-urban","tag-bicicletas-unibike-2017","tag-novedades-unibike-2017","tag-unibike-2017"],"yoast_head":"<!-- This site is optimized with the Yoast SEO Premium plugin v25.3 (Yoast SEO v25.9) - https:\/\/yoast.com\/wordpress\/plugins\/seo\/ -->\n<title>Las novedades de Unibike 2017. Bicicletas, componentes, accesorios... - \u0160koda We Love Cycling - Spain<\/title>\n<meta name=\"description\" content=\"Las novedades de Unibike 2017. Bicicletas, componentes y accesorios que marcar\u00e1n tendencia para la temporada 2018 de ciclismo.\" \/>\n<meta name=\"robots\" content=\"index, follow, max-snippet:-1, max-image-preview:large, max-video-preview:-1\" \/>\n<link rel=\"canonical\" href=\"https:\/\/www.welovecycling.com\/es\/2017\/09\/25\/las-novedades-de-unibike-2017-bicicletas-componentes-accesorios\/\" \/>\n<meta property=\"og:locale\" content=\"es_ES\" \/>\n<meta property=\"og:type\" content=\"article\" \/>\n<meta property=\"og:title\" content=\"Las novedades de Unibike 2017. Bicicletas, componentes, accesorios...\" \/>\n<meta property=\"og:description\" content=\"Las novedades de Unibike 2017. Bicicletas, componentes y accesorios que marcar\u00e1n tendencia para la temporada 2018 de ciclismo.\" \/>\n<meta property=\"og:url\" content=\"https:\/\/www.welovecycling.com\/es\/2017\/09\/25\/las-novedades-de-unibike-2017-bicicletas-componentes-accesorios\/\" \/>\n<meta property=\"og:site_name\" content=\"\u0160koda We Love Cycling - Spain\" \/>\n<meta property=\"article:published_time\" content=\"2017-09-25T09:49:15+00:00\" \/>\n<meta property=\"article:modified_time\" content=\"2017-10-30T10:21:55+00:00\" \/>\n<meta property=\"og:image\" content=\"https:\/\/d2p6e6u75xmxt8.cloudfront.net\/6\/2017\/09\/Trek-Emonda-Discos.jpg\" \/>\n\t<meta property=\"og:image:width\" content=\"1280\" \/>\n\t<meta property=\"og:image:height\" content=\"960\" \/>\n\t<meta property=\"og:image:type\" content=\"image\/jpeg\" \/>\n<meta name=\"author\" content=\"We Love Cycling Spain\" \/>\n<meta name=\"twitter:card\" content=\"summary_large_image\" \/>\n<meta name=\"twitter:title\" content=\"Las novedades de Unibike 2017. Bicicletas, componentes, accesorios...\" \/>\n<meta name=\"twitter:description\" content=\"Las novedades de Unibike 2017. Bicicletas, componentes y accesorios que marcar\u00e1n tendencia para la temporada 2018 de ciclismo.\" \/>\n<meta name=\"twitter:label1\" content=\"Written by\" \/>\n\t<meta name=\"twitter:data1\" content=\"Luis Ortega @ciclored\" \/>\n\t<meta name=\"twitter:label2\" content=\"Est. reading time\" \/>\n\t<meta name=\"twitter:data2\" content=\"5 minutes\" \/>\n<script type=\"application\/ld+json\" class=\"yoast-schema-graph\">{\"@context\":\"https:\/\/schema.org\",\"@graph\":[{\"@type\":\"WebPage\",\"@id\":\"https:\/\/www.welovecycling.com\/es\/2017\/09\/25\/las-novedades-de-unibike-2017-bicicletas-componentes-accesorios\/\",\"url\":\"https:\/\/www.welovecycling.com\/es\/2017\/09\/25\/las-novedades-de-unibike-2017-bicicletas-componentes-accesorios\/\",\"name\":\"Las novedades de Unibike 2017. Bicicletas, componentes, accesorios... - \u0160koda We Love Cycling - Spain\",\"isPartOf\":{\"@id\":\"https:\/\/www.welovecycling.com\/es\/#website\"},\"primaryImageOfPage\":{\"@id\":\"https:\/\/www.welovecycling.com\/es\/2017\/09\/25\/las-novedades-de-unibike-2017-bicicletas-componentes-accesorios\/#primaryimage\"},\"image\":{\"@id\":\"https:\/\/www.welovecycling.com\/es\/2017\/09\/25\/las-novedades-de-unibike-2017-bicicletas-componentes-accesorios\/#primaryimage\"},\"thumbnailUrl\":\"https:\/\/d2p6e6u75xmxt8.cloudfront.net\/6\/2017\/09\/Trek-Emonda-Discos.jpg\",\"datePublished\":\"2017-09-25T09:49:15+00:00\",\"dateModified\":\"2017-10-30T10:21:55+00:00\",\"author\":{\"@id\":\"https:\/\/www.welovecycling.com\/es\/#\/schema\/person\/deb61715b5812698ee79fb96f343ccd4\"},\"description\":\"Las novedades de Unibike 2017. Bicicletas, componentes y accesorios que marcar\u00e1n tendencia para la temporada 2018 de ciclismo.\",\"breadcrumb\":{\"@id\":\"https:\/\/www.welovecycling.com\/es\/2017\/09\/25\/las-novedades-de-unibike-2017-bicicletas-componentes-accesorios\/#breadcrumb\"},\"inLanguage\":\"es-ES\",\"potentialAction\":[{\"@type\":\"ReadAction\",\"target\":[\"https:\/\/www.welovecycling.com\/es\/2017\/09\/25\/las-novedades-de-unibike-2017-bicicletas-componentes-accesorios\/\"]}]},{\"@type\":\"ImageObject\",\"inLanguage\":\"es-ES\",\"@id\":\"https:\/\/www.welovecycling.com\/es\/2017\/09\/25\/las-novedades-de-unibike-2017-bicicletas-componentes-accesorios\/#primaryimage\",\"url\":\"https:\/\/d2p6e6u75xmxt8.cloudfront.net\/6\/2017\/09\/Trek-Emonda-Discos.jpg\",\"contentUrl\":\"https:\/\/d2p6e6u75xmxt8.cloudfront.net\/6\/2017\/09\/Trek-Emonda-Discos.jpg\",\"width\":1280,\"height\":960},{\"@type\":\"BreadcrumbList\",\"@id\":\"https:\/\/www.welovecycling.com\/es\/2017\/09\/25\/las-novedades-de-unibike-2017-bicicletas-componentes-accesorios\/#breadcrumb\",\"itemListElement\":[{\"@type\":\"ListItem\",\"position\":1,\"name\":\"Home\",\"item\":\"https:\/\/www.welovecycling.com\/es\/\"},{\"@type\":\"ListItem\",\"position\":2,\"name\":\"Las novedades de Unibike 2017. Bicicletas, componentes, accesorios&#8230;\"}]},{\"@type\":\"WebSite\",\"@id\":\"https:\/\/www.welovecycling.com\/es\/#website\",\"url\":\"https:\/\/www.welovecycling.com\/es\/\",\"name\":\"\u0160koda We Love Cycling - Spain\",\"description\":\"\u0160koda WeLoveCycling Spain\",\"potentialAction\":[{\"@type\":\"SearchAction\",\"target\":{\"@type\":\"EntryPoint\",\"urlTemplate\":\"https:\/\/www.welovecycling.com\/es\/?s={search_term_string}\"},\"query-input\":{\"@type\":\"PropertyValueSpecification\",\"valueRequired\":true,\"valueName\":\"search_term_string\"}}],\"inLanguage\":\"es-ES\"},{\"@type\":\"Person\",\"@id\":\"https:\/\/www.welovecycling.com\/es\/#\/schema\/person\/deb61715b5812698ee79fb96f343ccd4\",\"name\":\"We Love Cycling Spain\",\"image\":{\"@type\":\"ImageObject\",\"inLanguage\":\"es-ES\",\"@id\":\"https:\/\/www.welovecycling.com\/es\/#\/schema\/person\/image\/\",\"url\":\"https:\/\/secure.gravatar.com\/avatar\/c824b04e6df0e37a03219d0b6481672889df542894588964102459e46513159c?s=96&d=mm&r=g\",\"contentUrl\":\"https:\/\/secure.gravatar.com\/avatar\/c824b04e6df0e37a03219d0b6481672889df542894588964102459e46513159c?s=96&d=mm&r=g\",\"caption\":\"We Love Cycling Spain\"},\"url\":\"https:\/\/www.welovecycling.com\/es\/author\/amunoz\/\"}]}<\/script>\n<!-- \/ Yoast SEO Premium plugin. -->","yoast_head_json":{"title":"Las novedades de Unibike 2017. Bicicletas, componentes, accesorios... - \u0160koda We Love Cycling - Spain","description":"Las novedades de Unibike 2017. Bicicletas, componentes y accesorios que marcar\u00e1n tendencia para la temporada 2018 de ciclismo.","robots":{"index":"index","follow":"follow","max-snippet":"max-snippet:-1","max-image-preview":"max-image-preview:large","max-video-preview":"max-video-preview:-1"},"canonical":"https:\/\/www.welovecycling.com\/es\/2017\/09\/25\/las-novedades-de-unibike-2017-bicicletas-componentes-accesorios\/","og_locale":"es_ES","og_type":"article","og_title":"Las novedades de Unibike 2017. Bicicletas, componentes, accesorios...","og_description":"Las novedades de Unibike 2017. Bicicletas, componentes y accesorios que marcar\u00e1n tendencia para la temporada 2018 de ciclismo.","og_url":"https:\/\/www.welovecycling.com\/es\/2017\/09\/25\/las-novedades-de-unibike-2017-bicicletas-componentes-accesorios\/","og_site_name":"\u0160koda We Love Cycling - Spain","article_published_time":"2017-09-25T09:49:15+00:00","article_modified_time":"2017-10-30T10:21:55+00:00","og_image":[{"width":1280,"height":960,"url":"https:\/\/d2p6e6u75xmxt8.cloudfront.net\/6\/2017\/09\/Trek-Emonda-Discos.jpg","type":"image\/jpeg"}],"author":"We Love Cycling Spain","twitter_card":"summary_large_image","twitter_title":"Las novedades de Unibike 2017. Bicicletas, componentes, accesorios...","twitter_description":"Las novedades de Unibike 2017. Bicicletas, componentes y accesorios que marcar\u00e1n tendencia para la temporada 2018 de ciclismo.","twitter_misc":{"Written by":"Luis Ortega @ciclored","Est. reading time":"5 minutes"},"schema":{"@context":"https:\/\/schema.org","@graph":[{"@type":"WebPage","@id":"https:\/\/www.welovecycling.com\/es\/2017\/09\/25\/las-novedades-de-unibike-2017-bicicletas-componentes-accesorios\/","url":"https:\/\/www.welovecycling.com\/es\/2017\/09\/25\/las-novedades-de-unibike-2017-bicicletas-componentes-accesorios\/","name":"Las novedades de Unibike 2017. Bicicletas, componentes, accesorios... - \u0160koda We Love Cycling - Spain","isPartOf":{"@id":"https:\/\/www.welovecycling.com\/es\/#website"},"primaryImageOfPage":{"@id":"https:\/\/www.welovecycling.com\/es\/2017\/09\/25\/las-novedades-de-unibike-2017-bicicletas-componentes-accesorios\/#primaryimage"},"image":{"@id":"https:\/\/www.welovecycling.com\/es\/2017\/09\/25\/las-novedades-de-unibike-2017-bicicletas-componentes-accesorios\/#primaryimage"},"thumbnailUrl":"https:\/\/d2p6e6u75xmxt8.cloudfront.net\/6\/2017\/09\/Trek-Emonda-Discos.jpg","datePublished":"2017-09-25T09:49:15+00:00","dateModified":"2017-10-30T10:21:55+00:00","author":{"@id":"https:\/\/www.welovecycling.com\/es\/#\/schema\/person\/deb61715b5812698ee79fb96f343ccd4"},"description":"Las novedades de Unibike 2017. Bicicletas, componentes y accesorios que marcar\u00e1n tendencia para la temporada 2018 de ciclismo.","breadcrumb":{"@id":"https:\/\/www.welovecycling.com\/es\/2017\/09\/25\/las-novedades-de-unibike-2017-bicicletas-componentes-accesorios\/#breadcrumb"},"inLanguage":"es-ES","potentialAction":[{"@type":"ReadAction","target":["https:\/\/www.welovecycling.com\/es\/2017\/09\/25\/las-novedades-de-unibike-2017-bicicletas-componentes-accesorios\/"]}]},{"@type":"ImageObject","inLanguage":"es-ES","@id":"https:\/\/www.welovecycling.com\/es\/2017\/09\/25\/las-novedades-de-unibike-2017-bicicletas-componentes-accesorios\/#primaryimage","url":"https:\/\/d2p6e6u75xmxt8.cloudfront.net\/6\/2017\/09\/Trek-Emonda-Discos.jpg","contentUrl":"https:\/\/d2p6e6u75xmxt8.cloudfront.net\/6\/2017\/09\/Trek-Emonda-Discos.jpg","width":1280,"height":960},{"@type":"BreadcrumbList","@id":"https:\/\/www.welovecycling.com\/es\/2017\/09\/25\/las-novedades-de-unibike-2017-bicicletas-componentes-accesorios\/#breadcrumb","itemListElement":[{"@type":"ListItem","position":1,"name":"Home","item":"https:\/\/www.welovecycling.com\/es\/"},{"@type":"ListItem","position":2,"name":"Las novedades de Unibike 2017. Bicicletas, componentes, accesorios&#8230;"}]},{"@type":"WebSite","@id":"https:\/\/www.welovecycling.com\/es\/#website","url":"https:\/\/www.welovecycling.com\/es\/","name":"\u0160koda We Love Cycling - Spain","description":"\u0160koda WeLoveCycling Spain","potentialAction":[{"@type":"SearchAction","target":{"@type":"EntryPoint","urlTemplate":"https:\/\/www.welovecycling.com\/es\/?s={search_term_string}"},"query-input":{"@type":"PropertyValueSpecification","valueRequired":true,"valueName":"search_term_string"}}],"inLanguage":"es-ES"},{"@type":"Person","@id":"https:\/\/www.welovecycling.com\/es\/#\/schema\/person\/deb61715b5812698ee79fb96f343ccd4","name":"We Love Cycling Spain","image":{"@type":"ImageObject","inLanguage":"es-ES","@id":"https:\/\/www.welovecycling.com\/es\/#\/schema\/person\/image\/","url":"https:\/\/secure.gravatar.com\/avatar\/c824b04e6df0e37a03219d0b6481672889df542894588964102459e46513159c?s=96&d=mm&r=g","contentUrl":"https:\/\/secure.gravatar.com\/avatar\/c824b04e6df0e37a03219d0b6481672889df542894588964102459e46513159c?s=96&d=mm&r=g","caption":"We Love Cycling Spain"},"url":"https:\/\/www.welovecycling.com\/es\/author\/amunoz\/"}]}},"_links":{"self":[{"href":"https:\/\/www.welovecycling.com\/es\/wp-json\/wp\/v2\/posts\/1460","targetHints":{"allow":["GET"]}}],"collection":[{"href":"https:\/\/www.welovecycling.com\/es\/wp-json\/wp\/v2\/posts"}],"about":[{"href":"https:\/\/www.welovecycling.com\/es\/wp-json\/wp\/v2\/types\/post"}],"author":[{"embeddable":true,"href":"https:\/\/www.welovecycling.com\/es\/wp-json\/wp\/v2\/users\/29"}],"replies":[{"embeddable":true,"href":"https:\/\/www.welovecycling.com\/es\/wp-json\/wp\/v2\/comments?post=1460"}],"version-history":[{"count":2,"href":"https:\/\/www.welovecycling.com\/es\/wp-json\/wp\/v2\/posts\/1460\/revisions"}],"predecessor-version":[{"id":1695,"href":"https:\/\/www.welovecycling.com\/es\/wp-json\/wp\/v2\/posts\/1460\/revisions\/1695"}],"wp:featuredmedia":[{"embeddable":true,"href":"https:\/\/www.welovecycling.com\/es\/wp-json\/wp\/v2\/media\/1465"}],"wp:attachment":[{"href":"https:\/\/www.welovecycling.com\/es\/wp-json\/wp\/v2\/media?parent=1460"}],"wp:term":[{"taxonomy":"category","embeddable":true,"href":"https:\/\/www.welovecycling.com\/es\/wp-json\/wp\/v2\/categories?post=1460"},{"taxonomy":"post_tag","embeddable":true,"href":"https:\/\/www.welovecycling.com\/es\/wp-json\/wp\/v2\/tags?post=1460"},{"taxonomy":"global-categories","embeddable":true,"href":"https:\/\/www.welovecycling.com\/es\/wp-json\/wp\/v2\/global-categories?post=1460"}],"curies":[{"name":"wp","href":"https:\/\/api.w.org\/{rel}","templated":true}]}}