{"id":1437,"date":"2017-09-22T11:52:35","date_gmt":"2017-09-22T09:52:35","guid":{"rendered":"https:\/\/www.welovecycling.com\/es\/?p=1437"},"modified":"2017-10-30T12:38:53","modified_gmt":"2017-10-30T10:38:53","slug":"accesorios-bicicleta-eurobike-2017","status":"publish","type":"post","link":"https:\/\/www.welovecycling.com\/es\/2017\/09\/22\/accesorios-bicicleta-eurobike-2017\/","title":{"rendered":"Los 10 accesorios de bicicleta m\u00e1s novedosos de Eurobike 2017"},"content":{"rendered":"<p><strong>Con miles de visitantes cada a\u00f1o, la feria Eurobike de Friedrichshafen en Alemania, se convierte en una de las mayores exhibiciones del mundo de la bicicleta. Hemos seleccionado \u00a010 accesorios novedosos para la bicicleta que encontramos despu\u00e9s de una hora paseando entre hordas de empresarios emocionados.<\/strong><br \/>\n<!--more--><\/p>\n<h2><strong>Ojos de lobo<\/strong><\/h2>\n<p><a href=\"https:\/\/d2p6e6u75xmxt8.cloudfront.net\/6\/2017\/09\/21248583_1500430686704414_5131505302913600696_o.jpg\"><img loading=\"lazy\" decoding=\"async\" class=\"alignnone size-full wp-image-1438\" src=\"https:\/\/d2p6e6u75xmxt8.cloudfront.net\/6\/2017\/09\/21248583_1500430686704414_5131505302913600696_o.jpg\" alt=\"\" width=\"2048\" height=\"1365\" srcset=\"https:\/\/d2p6e6u75xmxt8.cloudfront.net\/6\/2017\/09\/21248583_1500430686704414_5131505302913600696_o.jpg 2048w, https:\/\/d2p6e6u75xmxt8.cloudfront.net\/6\/2017\/09\/21248583_1500430686704414_5131505302913600696_o-300x200.jpg 300w, https:\/\/d2p6e6u75xmxt8.cloudfront.net\/6\/2017\/09\/21248583_1500430686704414_5131505302913600696_o-768x512.jpg 768w, https:\/\/d2p6e6u75xmxt8.cloudfront.net\/6\/2017\/09\/21248583_1500430686704414_5131505302913600696_o-1024x683.jpg 1024w, https:\/\/d2p6e6u75xmxt8.cloudfront.net\/6\/2017\/09\/21248583_1500430686704414_5131505302913600696_o-1920x1280.jpg 1920w, https:\/\/d2p6e6u75xmxt8.cloudfront.net\/6\/2017\/09\/21248583_1500430686704414_5131505302913600696_o-272x182.jpg 272w, https:\/\/d2p6e6u75xmxt8.cloudfront.net\/6\/2017\/09\/21248583_1500430686704414_5131505302913600696_o-1920x1280.jpg 1920w\" sizes=\"auto, (max-width: 2048px) 100vw, 2048px\" \/><\/a><\/p>\n<p>El nuevo modelo de luz <strong>Blika<\/strong>, del fabricante alem\u00e1n Lupin, ofrece una corriente masiva de 2100 l\u00famenes, enfoque cercano y lejano, luz roja y verde, y mucho m\u00e1s. Su aplicaci\u00f3n especial le permite controlar la iluminaci\u00f3n mediante el tel\u00e9fono m\u00f3vil conectado a su manillar. Tambi\u00e9n puede predefinir sus perfiles personalizados para diferentes actividades deportivas. Con el sistema de cambio r\u00e1pido de clic delantero, <strong>la iluminaci\u00f3n es perfectamente flexible<\/strong>. De esta manera, puede convertir la l\u00e1mpara de cabeza en una l\u00e1mpara de casco r\u00e1pidamente y sin herramientas. No m\u00e1s excusas para volver a casa despu\u00e9s de perderse en la oscuridad.<\/p>\n<p><a href=\"http:\/\/www.lupine.de\">lupine.de<\/a><\/p>\n<h2><strong>Chaqueta reciclada<\/strong><\/h2>\n<p><a href=\"https:\/\/d2p6e6u75xmxt8.cloudfront.net\/6\/2017\/09\/21273561_1500430800037736_8162915655153197739_o.jpg\"><img loading=\"lazy\" decoding=\"async\" class=\"alignnone size-full wp-image-1440\" src=\"https:\/\/d2p6e6u75xmxt8.cloudfront.net\/6\/2017\/09\/21273561_1500430800037736_8162915655153197739_o.jpg\" alt=\"\" width=\"2048\" height=\"1365\" srcset=\"https:\/\/d2p6e6u75xmxt8.cloudfront.net\/6\/2017\/09\/21273561_1500430800037736_8162915655153197739_o.jpg 2048w, https:\/\/d2p6e6u75xmxt8.cloudfront.net\/6\/2017\/09\/21273561_1500430800037736_8162915655153197739_o-300x200.jpg 300w, https:\/\/d2p6e6u75xmxt8.cloudfront.net\/6\/2017\/09\/21273561_1500430800037736_8162915655153197739_o-768x512.jpg 768w, https:\/\/d2p6e6u75xmxt8.cloudfront.net\/6\/2017\/09\/21273561_1500430800037736_8162915655153197739_o-1024x683.jpg 1024w, https:\/\/d2p6e6u75xmxt8.cloudfront.net\/6\/2017\/09\/21273561_1500430800037736_8162915655153197739_o-1920x1280.jpg 1920w, https:\/\/d2p6e6u75xmxt8.cloudfront.net\/6\/2017\/09\/21273561_1500430800037736_8162915655153197739_o-272x182.jpg 272w, https:\/\/d2p6e6u75xmxt8.cloudfront.net\/6\/2017\/09\/21273561_1500430800037736_8162915655153197739_o-1920x1280.jpg 1920w\" sizes=\"auto, (max-width: 2048px) 100vw, 2048px\" \/><\/a><\/p>\n<p>Si eres una mujer que se preocupa por el medio ambiente y le gusta montar en bicicleta, esta prenda est\u00e1 hecha para t\u00ed. Creada en diciembre de 2009 por un equipo madre-hija, Nicola Orriss y Georgia Scott, la compa\u00f1\u00eda de Georgia en Dubl\u00edn <strong>utiliza c\u00e1maras de bici recicladas que se recogen en las tiendas locales<\/strong> de bicicletas de Dubl\u00edn. La Dublette, una <strong>chaqueta impermeable muy flexible<\/strong>, puede expandirse para ser usada sobre ropa voluminosa o sobre una mochila. Debe ser \u00fatil no s\u00f3lo para el ciclismo sino tambi\u00e9n para montar a caballo y senderismo. En caso de un pinchazo, utilice un pedazo de esta chaqueta como remiendo.<\/p>\n<p><a href=\"http:\/\/www.georgiaindublin.com\">georgiaindublin.com<\/a><\/p>\n<h2><strong>Bicicletas grandes para gente grande<\/strong><\/h2>\n<p><a href=\"https:\/\/d2p6e6u75xmxt8.cloudfront.net\/6\/2017\/09\/21319236_1500430693371080_2317391427273122015_o.jpg\"><img loading=\"lazy\" decoding=\"async\" class=\"alignnone size-full wp-image-1442\" src=\"https:\/\/d2p6e6u75xmxt8.cloudfront.net\/6\/2017\/09\/21319236_1500430693371080_2317391427273122015_o.jpg\" alt=\"\" width=\"2048\" height=\"1365\" srcset=\"https:\/\/d2p6e6u75xmxt8.cloudfront.net\/6\/2017\/09\/21319236_1500430693371080_2317391427273122015_o.jpg 2048w, https:\/\/d2p6e6u75xmxt8.cloudfront.net\/6\/2017\/09\/21319236_1500430693371080_2317391427273122015_o-300x200.jpg 300w, https:\/\/d2p6e6u75xmxt8.cloudfront.net\/6\/2017\/09\/21319236_1500430693371080_2317391427273122015_o-768x512.jpg 768w, https:\/\/d2p6e6u75xmxt8.cloudfront.net\/6\/2017\/09\/21319236_1500430693371080_2317391427273122015_o-1024x683.jpg 1024w, https:\/\/d2p6e6u75xmxt8.cloudfront.net\/6\/2017\/09\/21319236_1500430693371080_2317391427273122015_o-1920x1280.jpg 1920w, https:\/\/d2p6e6u75xmxt8.cloudfront.net\/6\/2017\/09\/21319236_1500430693371080_2317391427273122015_o-272x182.jpg 272w, https:\/\/d2p6e6u75xmxt8.cloudfront.net\/6\/2017\/09\/21319236_1500430693371080_2317391427273122015_o-1920x1280.jpg 1920w\" sizes=\"auto, (max-width: 2048px) 100vw, 2048px\" \/><\/a><\/p>\n<p>Los ciclistas grandes tambi\u00e9n se quieren divertir con la bicicleta. Desde USA, la compa\u00f1\u00eda Dirty Sixer ha fabricado a mano bicis especiales dise\u00f1adas para atletas altos, incluyendo estrellas de la NBA como <strong>Shaquille O&#8217;Neal<\/strong>. Las bicis est\u00e1n disponibles con ruedas de 32 y 36 pulgadas. Una locura.<\/p>\n<p><a href=\"http:\/\/www.dirtysixer.com\">dirtysixer.com<\/a><\/p>\n<h2><strong>Bicicleta GSD para llevar a tus hijos<\/strong><\/h2>\n<p><a href=\"https:\/\/d2p6e6u75xmxt8.cloudfront.net\/6\/2017\/09\/21316332_1500431090037707_2036486309334758083_o.jpg\"><img loading=\"lazy\" decoding=\"async\" class=\"alignnone size-full wp-image-1444\" src=\"https:\/\/d2p6e6u75xmxt8.cloudfront.net\/6\/2017\/09\/21316332_1500431090037707_2036486309334758083_o.jpg\" alt=\"\" width=\"2048\" height=\"1365\" srcset=\"https:\/\/d2p6e6u75xmxt8.cloudfront.net\/6\/2017\/09\/21316332_1500431090037707_2036486309334758083_o.jpg 2048w, https:\/\/d2p6e6u75xmxt8.cloudfront.net\/6\/2017\/09\/21316332_1500431090037707_2036486309334758083_o-300x200.jpg 300w, https:\/\/d2p6e6u75xmxt8.cloudfront.net\/6\/2017\/09\/21316332_1500431090037707_2036486309334758083_o-768x512.jpg 768w, https:\/\/d2p6e6u75xmxt8.cloudfront.net\/6\/2017\/09\/21316332_1500431090037707_2036486309334758083_o-1024x683.jpg 1024w, https:\/\/d2p6e6u75xmxt8.cloudfront.net\/6\/2017\/09\/21316332_1500431090037707_2036486309334758083_o-1920x1280.jpg 1920w, https:\/\/d2p6e6u75xmxt8.cloudfront.net\/6\/2017\/09\/21316332_1500431090037707_2036486309334758083_o-272x182.jpg 272w, https:\/\/d2p6e6u75xmxt8.cloudfront.net\/6\/2017\/09\/21316332_1500431090037707_2036486309334758083_o-1920x1280.jpg 1920w\" sizes=\"auto, (max-width: 2048px) 100vw, 2048px\" \/><\/a><\/p>\n<p>\u00bfDemasiado o demasiado poco para una sola bicicleta? Esa fue la cuesti\u00f3n con la bicicleta GSD Tern. El Tern GSD define una nueva categor\u00eda de bicicletas electr\u00f3nicas. Est\u00e1 dise\u00f1ado para llevar a dos ni\u00f1os o comida para una semana &#8211; hasta 180 kg en total. Sin embargo, esta bicicleta tiene s\u00f3lo 180 cm de largo, que es aproximadamente la longitud de una bicicleta promedio. Con una tecnolog\u00eda patentada de plegado, la bici queda reducida en un pack tan peque\u00f1o como para encajar en cualquier maletero como \u0160koda OCTAVIA COMBI.<\/p>\n<p><a href=\"http:\/\/ternbicycles.com\">ternbicycles.com<\/a><\/p>\n<h2><strong>Candado para bicicletas compartidas<\/strong><\/h2>\n<p><a href=\"https:\/\/d2p6e6u75xmxt8.cloudfront.net\/6\/2017\/09\/21319260_1500430966704386_1039512679906369941_o.jpg\"><img loading=\"lazy\" decoding=\"async\" class=\"alignnone size-full wp-image-1446\" src=\"https:\/\/d2p6e6u75xmxt8.cloudfront.net\/6\/2017\/09\/21319260_1500430966704386_1039512679906369941_o.jpg\" alt=\"\" width=\"2048\" height=\"1365\" srcset=\"https:\/\/d2p6e6u75xmxt8.cloudfront.net\/6\/2017\/09\/21319260_1500430966704386_1039512679906369941_o.jpg 2048w, https:\/\/d2p6e6u75xmxt8.cloudfront.net\/6\/2017\/09\/21319260_1500430966704386_1039512679906369941_o-300x200.jpg 300w, https:\/\/d2p6e6u75xmxt8.cloudfront.net\/6\/2017\/09\/21319260_1500430966704386_1039512679906369941_o-768x512.jpg 768w, https:\/\/d2p6e6u75xmxt8.cloudfront.net\/6\/2017\/09\/21319260_1500430966704386_1039512679906369941_o-1024x683.jpg 1024w, https:\/\/d2p6e6u75xmxt8.cloudfront.net\/6\/2017\/09\/21319260_1500430966704386_1039512679906369941_o-1920x1280.jpg 1920w, https:\/\/d2p6e6u75xmxt8.cloudfront.net\/6\/2017\/09\/21319260_1500430966704386_1039512679906369941_o-272x182.jpg 272w, https:\/\/d2p6e6u75xmxt8.cloudfront.net\/6\/2017\/09\/21319260_1500430966704386_1039512679906369941_o-1920x1280.jpg 1920w\" sizes=\"auto, (max-width: 2048px) 100vw, 2048px\" \/><\/a><\/p>\n<p>Con el n\u00famero de <strong>bicicletas compartidas<\/strong> creciendo en las ciudades se hac\u00eda necesario un sistema de candado para asegurarlas. La compa\u00f1\u00eda de seguros AXA ha aportado su propia soluci\u00f3n y se ajusta a las necesidades de este tipo de bicicletas. Su E-RL ha sido probado durante tres a\u00f1os.\u00a0Ya se ha utilizado para bloquear m\u00e1s de 20.000 bicicletas en las calles. La bicicleta puede ser f\u00e1cilmente abierta por su smartphone o con una tarjeta RFID (Identificaci\u00f3n de Radio Frecuencia). El sistema AXA Connect para empresas de alquiler de bicicletas en ciudad puede <strong>mostrar la posici\u00f3n actual de las bicis, o sonar una alarma cuando algunas de las bicicletas se mueven fuera de posici\u00f3n o cuando se mueven demasiado r\u00e1pido<\/strong>, lo que debe evitar que sean robadas.<\/p>\n<p><a href=\"http:\/\/www.axasecurity.com\">axasecurity.com<\/a><\/p>\n<h2><b>Collar\u00edn ultraligero<\/b><\/h2>\n<p><a href=\"https:\/\/d2p6e6u75xmxt8.cloudfront.net\/6\/2017\/09\/21273158_1500430956704387_4539012890877888367_o.jpg\"><img loading=\"lazy\" decoding=\"async\" class=\"alignnone size-full wp-image-1448\" src=\"https:\/\/d2p6e6u75xmxt8.cloudfront.net\/6\/2017\/09\/21273158_1500430956704387_4539012890877888367_o.jpg\" alt=\"\" width=\"2048\" height=\"1365\" srcset=\"https:\/\/d2p6e6u75xmxt8.cloudfront.net\/6\/2017\/09\/21273158_1500430956704387_4539012890877888367_o.jpg 2048w, https:\/\/d2p6e6u75xmxt8.cloudfront.net\/6\/2017\/09\/21273158_1500430956704387_4539012890877888367_o-300x200.jpg 300w, https:\/\/d2p6e6u75xmxt8.cloudfront.net\/6\/2017\/09\/21273158_1500430956704387_4539012890877888367_o-768x512.jpg 768w, https:\/\/d2p6e6u75xmxt8.cloudfront.net\/6\/2017\/09\/21273158_1500430956704387_4539012890877888367_o-1024x683.jpg 1024w, https:\/\/d2p6e6u75xmxt8.cloudfront.net\/6\/2017\/09\/21273158_1500430956704387_4539012890877888367_o-1920x1280.jpg 1920w, https:\/\/d2p6e6u75xmxt8.cloudfront.net\/6\/2017\/09\/21273158_1500430956704387_4539012890877888367_o-272x182.jpg 272w, https:\/\/d2p6e6u75xmxt8.cloudfront.net\/6\/2017\/09\/21273158_1500430956704387_4539012890877888367_o-1920x1280.jpg 1920w\" sizes=\"auto, (max-width: 2048px) 100vw, 2048px\" \/><\/a><\/p>\n<p>Dise\u00f1ado por el inventor del primer collar\u00edn para ciclistas, es de un 25 a un 38 por ciento m\u00e1s ligero que los modelos existentes. Es el primer collar\u00edn que utiliza el mismo material de construcci\u00f3n que los cascos de las bicicletas. Este moledo Ultralight DBX 3.5 fue probado para proteger el cuello y reduce el riesgo de una lesi\u00f3n seria en el cuello en hasta un 43 por ciento. El chasis es ajustable para la mayor\u00eda de los ciclistas mientras la estructura se mantiene r\u00edgida ayuda a difuminar la potencia de cualquier impacto, que es la clave para reducir las lesiones en el cuello.<\/p>\n<p><a href=\"http:\/\/www.leatt.com\">leatt.com<\/a><\/p>\n<h2><strong>Diferentes modelos de amarra-bicicletas<\/strong><\/h2>\n<p><a href=\"https:\/\/d2p6e6u75xmxt8.cloudfront.net\/6\/2017\/09\/21316412_1500430963371053_780675123700312481_o.jpg\"><img loading=\"lazy\" decoding=\"async\" class=\"alignnone size-full wp-image-1450\" src=\"https:\/\/d2p6e6u75xmxt8.cloudfront.net\/6\/2017\/09\/21316412_1500430963371053_780675123700312481_o.jpg\" alt=\"\" width=\"2048\" height=\"1365\" srcset=\"https:\/\/d2p6e6u75xmxt8.cloudfront.net\/6\/2017\/09\/21316412_1500430963371053_780675123700312481_o.jpg 2048w, https:\/\/d2p6e6u75xmxt8.cloudfront.net\/6\/2017\/09\/21316412_1500430963371053_780675123700312481_o-300x200.jpg 300w, https:\/\/d2p6e6u75xmxt8.cloudfront.net\/6\/2017\/09\/21316412_1500430963371053_780675123700312481_o-768x512.jpg 768w, https:\/\/d2p6e6u75xmxt8.cloudfront.net\/6\/2017\/09\/21316412_1500430963371053_780675123700312481_o-1024x683.jpg 1024w, https:\/\/d2p6e6u75xmxt8.cloudfront.net\/6\/2017\/09\/21316412_1500430963371053_780675123700312481_o-1920x1280.jpg 1920w, https:\/\/d2p6e6u75xmxt8.cloudfront.net\/6\/2017\/09\/21316412_1500430963371053_780675123700312481_o-272x182.jpg 272w, https:\/\/d2p6e6u75xmxt8.cloudfront.net\/6\/2017\/09\/21316412_1500430963371053_780675123700312481_o-1920x1280.jpg 1920w\" sizes=\"auto, (max-width: 2048px) 100vw, 2048px\" \/><\/a><\/p>\n<p>Dise\u00f1adores urbanos, cuidado! LockLock es un amarra-bicicletas diferente por dentro y por fuera y est\u00e1 dise\u00f1ado por el laboratorio de la bicicleta. Es agradable para los ciclistas, no obstruye los trabajos de limpieza de calles y es muy f\u00e1cil de instalar. Es supuestamente tambi\u00e9n m\u00e1s seguro que cualquier soluci\u00f3n utilizada en cualquier lugar hasta la fecha. \u00bfC\u00f3mo le gustar\u00eda tener los bastidores LockLock en sus ciudades?<\/p>\n<p><a href=\"http:\/\/www.durbanis.com\">durbanis.com<\/a><\/p>\n<h2><strong>Moto Parilla<\/strong><\/h2>\n<p><a href=\"https:\/\/d2p6e6u75xmxt8.cloudfront.net\/6\/2017\/09\/21316527_1500430690037747_6415934247633779638_o.jpg\"><img loading=\"lazy\" decoding=\"async\" class=\"alignnone size-full wp-image-1452\" src=\"https:\/\/d2p6e6u75xmxt8.cloudfront.net\/6\/2017\/09\/21316527_1500430690037747_6415934247633779638_o.jpg\" alt=\"\" width=\"2048\" height=\"1365\" srcset=\"https:\/\/d2p6e6u75xmxt8.cloudfront.net\/6\/2017\/09\/21316527_1500430690037747_6415934247633779638_o.jpg 2048w, https:\/\/d2p6e6u75xmxt8.cloudfront.net\/6\/2017\/09\/21316527_1500430690037747_6415934247633779638_o-300x200.jpg 300w, https:\/\/d2p6e6u75xmxt8.cloudfront.net\/6\/2017\/09\/21316527_1500430690037747_6415934247633779638_o-768x512.jpg 768w, https:\/\/d2p6e6u75xmxt8.cloudfront.net\/6\/2017\/09\/21316527_1500430690037747_6415934247633779638_o-1024x683.jpg 1024w, https:\/\/d2p6e6u75xmxt8.cloudfront.net\/6\/2017\/09\/21316527_1500430690037747_6415934247633779638_o-1920x1280.jpg 1920w, https:\/\/d2p6e6u75xmxt8.cloudfront.net\/6\/2017\/09\/21316527_1500430690037747_6415934247633779638_o-272x182.jpg 272w, https:\/\/d2p6e6u75xmxt8.cloudfront.net\/6\/2017\/09\/21316527_1500430690037747_6415934247633779638_o-1920x1280.jpg 1920w\" sizes=\"auto, (max-width: 2048px) 100vw, 2048px\" \/><\/a><\/p>\n<p>Si usted naci\u00f3 en Italia, probablemente sea aficionado a las motos y el f\u00fatbol. Sin embargo, las bicicletas tambi\u00e9n tienen su p\u00fablico. La compa\u00f1\u00eda de carbono de Italia dice que sus bicicletas monster est\u00e1n dise\u00f1adas para los ciclistas en busca de un veh\u00edculo el\u00e9ctrico futurista para rodar. Est\u00e1n pensadas para alguien al que le gusta distinguirse cuando sale con amigos para tomar una copa o un caf\u00e9. El fabricante italiano promete que al montar su SUV-como e-bike, experimentar\u00e1s una demostraci\u00f3n de energ\u00eda bajo control. En realidad, la velocidad est\u00e1 limitada a 32 km\/h, por lo que estar\u00eda mejor preparado para ser adelantado que los ciclistas de carretera de tipo medio.<\/p>\n<p><a href=\"http:\/\/www.motoparilla.it\">motoparilla.it<\/a><\/p>\n<h2><strong>Timbre magn\u00e9tico Nello<\/strong><\/h2>\n<p><a href=\"https:\/\/d2p6e6u75xmxt8.cloudfront.net\/6\/2017\/09\/21273149_1500430830037733_4934203764422575897_o.jpg\"><img loading=\"lazy\" decoding=\"async\" class=\"alignnone size-full wp-image-1454\" src=\"https:\/\/d2p6e6u75xmxt8.cloudfront.net\/6\/2017\/09\/21273149_1500430830037733_4934203764422575897_o.jpg\" alt=\"\" width=\"2048\" height=\"1365\" srcset=\"https:\/\/d2p6e6u75xmxt8.cloudfront.net\/6\/2017\/09\/21273149_1500430830037733_4934203764422575897_o.jpg 2048w, https:\/\/d2p6e6u75xmxt8.cloudfront.net\/6\/2017\/09\/21273149_1500430830037733_4934203764422575897_o-300x200.jpg 300w, https:\/\/d2p6e6u75xmxt8.cloudfront.net\/6\/2017\/09\/21273149_1500430830037733_4934203764422575897_o-768x512.jpg 768w, https:\/\/d2p6e6u75xmxt8.cloudfront.net\/6\/2017\/09\/21273149_1500430830037733_4934203764422575897_o-1024x683.jpg 1024w, https:\/\/d2p6e6u75xmxt8.cloudfront.net\/6\/2017\/09\/21273149_1500430830037733_4934203764422575897_o-1920x1280.jpg 1920w, https:\/\/d2p6e6u75xmxt8.cloudfront.net\/6\/2017\/09\/21273149_1500430830037733_4934203764422575897_o-272x182.jpg 272w, https:\/\/d2p6e6u75xmxt8.cloudfront.net\/6\/2017\/09\/21273149_1500430830037733_4934203764422575897_o-1920x1280.jpg 1920w\" sizes=\"auto, (max-width: 2048px) 100vw, 2048px\" \/><\/a><\/p>\n<p>Palomar es una empresa italiana que se encarga de crear productos innovadores para viajes. Por <strong>solo 20 euros tu puedes tener este sencillo timbre magn\u00e9tico de bicicleta de quita y pon<\/strong>. Creado por dise\u00f1adores italianos, se puede ajustar a manillares de cualquier talla o di\u00e1metro. Una vez has llegado al destino, el timbre Nello no ocupa espacio en el bolsillo. No te preocupes por ruidos raros, sin la conexi\u00f3n con el soporte magn\u00e9tico el timbre permanece en silencio aunque lo toques. Tambi\u00e9n ofrecen una luz magn\u00e9tica de tama\u00f1o similar. Ambas cosas pueden ser un buen regalo.<\/p>\n<p><a href=\"http:\/\/www.palomarweb.com\">palomarweb.com<\/a><\/p>\n<h2><strong>Lumberjack\u2019s friend<\/strong><\/h2>\n<p><a href=\"https:\/\/d2p6e6u75xmxt8.cloudfront.net\/6\/2017\/09\/21316259_1500430826704400_7636973653690973569_o.jpg\"><img loading=\"lazy\" decoding=\"async\" class=\"alignnone size-full wp-image-1456\" src=\"https:\/\/d2p6e6u75xmxt8.cloudfront.net\/6\/2017\/09\/21316259_1500430826704400_7636973653690973569_o.jpg\" alt=\"\" width=\"2048\" height=\"1365\" srcset=\"https:\/\/d2p6e6u75xmxt8.cloudfront.net\/6\/2017\/09\/21316259_1500430826704400_7636973653690973569_o.jpg 2048w, https:\/\/d2p6e6u75xmxt8.cloudfront.net\/6\/2017\/09\/21316259_1500430826704400_7636973653690973569_o-300x200.jpg 300w, https:\/\/d2p6e6u75xmxt8.cloudfront.net\/6\/2017\/09\/21316259_1500430826704400_7636973653690973569_o-768x512.jpg 768w, https:\/\/d2p6e6u75xmxt8.cloudfront.net\/6\/2017\/09\/21316259_1500430826704400_7636973653690973569_o-1024x683.jpg 1024w, https:\/\/d2p6e6u75xmxt8.cloudfront.net\/6\/2017\/09\/21316259_1500430826704400_7636973653690973569_o-1920x1280.jpg 1920w, https:\/\/d2p6e6u75xmxt8.cloudfront.net\/6\/2017\/09\/21316259_1500430826704400_7636973653690973569_o-272x182.jpg 272w, https:\/\/d2p6e6u75xmxt8.cloudfront.net\/6\/2017\/09\/21316259_1500430826704400_7636973653690973569_o-1920x1280.jpg 1920w\" sizes=\"auto, (max-width: 2048px) 100vw, 2048px\" \/><\/a><\/p>\n<p>Con los accesorios de la compa\u00f1\u00eda Aidoo procedentes de la ciudad alemana de Lahr, no hay rama o tronco que no pueda ser remolcado con su bicicleta. Si su pieza de madera se debe entregar sin retraso un d\u00eda de atasco como el viernes por la tarde, solo tienes que ponerla en este modelo de ligero remolque y pedalear.<\/p>\n<p><a href=\"http:\/\/aidoo-tec.de\">aidoo-tec.de<\/a><\/p>\n","protected":false},"excerpt":{"rendered":"<p>Con miles de visitantes cada a\u00f1o, la feria Eurobike de Friedrichshafen en Alemania, se convierte en una de las mayores [&hellip;]<\/p>\n","protected":false},"author":29,"featured_media":1458,"comment_status":"open","ping_status":"open","sticky":false,"template":"","format":"standard","meta":{"footnotes":""},"categories":[8,9,6],"tags":[108,106,107],"global-categories":[],"class_list":["post-1437","post","type-post","status-publish","format-standard","has-post-thumbnail","hentry","category-life-style","category-mtb-aventura","category-urban","tag-accesorios-ciclismo-eurobike","tag-eurobike","tag-eurobike-2017"],"yoast_head":"<!-- This site is optimized with the Yoast SEO Premium plugin v25.3 (Yoast SEO v25.9) - https:\/\/yoast.com\/wordpress\/plugins\/seo\/ -->\n<title>Los 10 accesorios de bicicleta m\u00e1s novedosos de Eurobike 2017 - \u0160koda We Love Cycling - Spain<\/title>\n<meta name=\"description\" content=\"Los 10 accesorios de bicicleta m\u00e1s novedosos de Eurobike 2017. Complementos que hacen la vida m\u00e1s f\u00e1cil y c\u00f3moda al ciclista.\" \/>\n<meta name=\"robots\" content=\"index, follow, max-snippet:-1, max-image-preview:large, max-video-preview:-1\" \/>\n<link rel=\"canonical\" href=\"https:\/\/www.welovecycling.com\/es\/2017\/09\/22\/accesorios-bicicleta-eurobike-2017\/\" \/>\n<meta property=\"og:locale\" content=\"es_ES\" \/>\n<meta property=\"og:type\" content=\"article\" \/>\n<meta property=\"og:title\" content=\"Los 10 accesorios de bicicleta m\u00e1s novedosos de Eurobike 2017.\" \/>\n<meta property=\"og:description\" content=\"Los 10 accesorios de bicicleta m\u00e1s novedosos de Eurobike 2017. Complementos que hacen la vida m\u00e1s f\u00e1cil y c\u00f3moda al ciclista.\" \/>\n<meta property=\"og:url\" content=\"https:\/\/www.welovecycling.com\/es\/2017\/09\/22\/accesorios-bicicleta-eurobike-2017\/\" \/>\n<meta property=\"og:site_name\" content=\"\u0160koda We Love Cycling - Spain\" \/>\n<meta property=\"article:published_time\" content=\"2017-09-22T09:52:35+00:00\" \/>\n<meta property=\"article:modified_time\" content=\"2017-10-30T10:38:53+00:00\" \/>\n<meta property=\"og:image\" content=\"https:\/\/d2p6e6u75xmxt8.cloudfront.net\/6\/2017\/09\/448484.jpg\" \/>\n\t<meta property=\"og:image:width\" content=\"1375\" \/>\n\t<meta property=\"og:image:height\" content=\"600\" \/>\n\t<meta property=\"og:image:type\" content=\"image\/jpeg\" \/>\n<meta name=\"author\" content=\"We Love Cycling Spain\" \/>\n<meta name=\"twitter:card\" content=\"summary_large_image\" \/>\n<meta name=\"twitter:title\" content=\"Los 10 accesorios de bicicleta m\u00e1s novedosos de Eurobike 2017.\" \/>\n<meta name=\"twitter:description\" content=\"Los 10 accesorios de bicicleta m\u00e1s novedosos de Eurobike 2017. Complementos que hacen la vida m\u00e1s f\u00e1cil y c\u00f3moda al ciclista.\" \/>\n<meta name=\"twitter:label1\" content=\"Written by\" \/>\n\t<meta name=\"twitter:data1\" content=\"Adam Marsal\" \/>\n\t<meta name=\"twitter:label2\" content=\"Est. reading time\" \/>\n\t<meta name=\"twitter:data2\" content=\"5 minutes\" \/>\n<script type=\"application\/ld+json\" class=\"yoast-schema-graph\">{\"@context\":\"https:\/\/schema.org\",\"@graph\":[{\"@type\":\"WebPage\",\"@id\":\"https:\/\/www.welovecycling.com\/es\/2017\/09\/22\/accesorios-bicicleta-eurobike-2017\/\",\"url\":\"https:\/\/www.welovecycling.com\/es\/2017\/09\/22\/accesorios-bicicleta-eurobike-2017\/\",\"name\":\"Los 10 accesorios de bicicleta m\u00e1s novedosos de Eurobike 2017 - \u0160koda We Love Cycling - Spain\",\"isPartOf\":{\"@id\":\"https:\/\/www.welovecycling.com\/es\/#website\"},\"primaryImageOfPage\":{\"@id\":\"https:\/\/www.welovecycling.com\/es\/2017\/09\/22\/accesorios-bicicleta-eurobike-2017\/#primaryimage\"},\"image\":{\"@id\":\"https:\/\/www.welovecycling.com\/es\/2017\/09\/22\/accesorios-bicicleta-eurobike-2017\/#primaryimage\"},\"thumbnailUrl\":\"https:\/\/d2p6e6u75xmxt8.cloudfront.net\/6\/2017\/09\/448484.jpg\",\"datePublished\":\"2017-09-22T09:52:35+00:00\",\"dateModified\":\"2017-10-30T10:38:53+00:00\",\"author\":{\"@id\":\"https:\/\/www.welovecycling.com\/es\/#\/schema\/person\/deb61715b5812698ee79fb96f343ccd4\"},\"description\":\"Los 10 accesorios de bicicleta m\u00e1s novedosos de Eurobike 2017. Complementos que hacen la vida m\u00e1s f\u00e1cil y c\u00f3moda al ciclista.\",\"breadcrumb\":{\"@id\":\"https:\/\/www.welovecycling.com\/es\/2017\/09\/22\/accesorios-bicicleta-eurobike-2017\/#breadcrumb\"},\"inLanguage\":\"es-ES\",\"potentialAction\":[{\"@type\":\"ReadAction\",\"target\":[\"https:\/\/www.welovecycling.com\/es\/2017\/09\/22\/accesorios-bicicleta-eurobike-2017\/\"]}]},{\"@type\":\"ImageObject\",\"inLanguage\":\"es-ES\",\"@id\":\"https:\/\/www.welovecycling.com\/es\/2017\/09\/22\/accesorios-bicicleta-eurobike-2017\/#primaryimage\",\"url\":\"https:\/\/d2p6e6u75xmxt8.cloudfront.net\/6\/2017\/09\/448484.jpg\",\"contentUrl\":\"https:\/\/d2p6e6u75xmxt8.cloudfront.net\/6\/2017\/09\/448484.jpg\",\"width\":1375,\"height\":600},{\"@type\":\"BreadcrumbList\",\"@id\":\"https:\/\/www.welovecycling.com\/es\/2017\/09\/22\/accesorios-bicicleta-eurobike-2017\/#breadcrumb\",\"itemListElement\":[{\"@type\":\"ListItem\",\"position\":1,\"name\":\"Home\",\"item\":\"https:\/\/www.welovecycling.com\/es\/\"},{\"@type\":\"ListItem\",\"position\":2,\"name\":\"Los 10 accesorios de bicicleta m\u00e1s novedosos de Eurobike 2017\"}]},{\"@type\":\"WebSite\",\"@id\":\"https:\/\/www.welovecycling.com\/es\/#website\",\"url\":\"https:\/\/www.welovecycling.com\/es\/\",\"name\":\"\u0160koda We Love Cycling - Spain\",\"description\":\"\u0160koda WeLoveCycling Spain\",\"potentialAction\":[{\"@type\":\"SearchAction\",\"target\":{\"@type\":\"EntryPoint\",\"urlTemplate\":\"https:\/\/www.welovecycling.com\/es\/?s={search_term_string}\"},\"query-input\":{\"@type\":\"PropertyValueSpecification\",\"valueRequired\":true,\"valueName\":\"search_term_string\"}}],\"inLanguage\":\"es-ES\"},{\"@type\":\"Person\",\"@id\":\"https:\/\/www.welovecycling.com\/es\/#\/schema\/person\/deb61715b5812698ee79fb96f343ccd4\",\"name\":\"We Love Cycling Spain\",\"image\":{\"@type\":\"ImageObject\",\"inLanguage\":\"es-ES\",\"@id\":\"https:\/\/www.welovecycling.com\/es\/#\/schema\/person\/image\/\",\"url\":\"https:\/\/secure.gravatar.com\/avatar\/c824b04e6df0e37a03219d0b6481672889df542894588964102459e46513159c?s=96&d=mm&r=g\",\"contentUrl\":\"https:\/\/secure.gravatar.com\/avatar\/c824b04e6df0e37a03219d0b6481672889df542894588964102459e46513159c?s=96&d=mm&r=g\",\"caption\":\"We Love Cycling Spain\"},\"url\":\"https:\/\/www.welovecycling.com\/es\/author\/amunoz\/\"}]}<\/script>\n<!-- \/ Yoast SEO Premium plugin. -->","yoast_head_json":{"title":"Los 10 accesorios de bicicleta m\u00e1s novedosos de Eurobike 2017 - \u0160koda We Love Cycling - Spain","description":"Los 10 accesorios de bicicleta m\u00e1s novedosos de Eurobike 2017. Complementos que hacen la vida m\u00e1s f\u00e1cil y c\u00f3moda al ciclista.","robots":{"index":"index","follow":"follow","max-snippet":"max-snippet:-1","max-image-preview":"max-image-preview:large","max-video-preview":"max-video-preview:-1"},"canonical":"https:\/\/www.welovecycling.com\/es\/2017\/09\/22\/accesorios-bicicleta-eurobike-2017\/","og_locale":"es_ES","og_type":"article","og_title":"Los 10 accesorios de bicicleta m\u00e1s novedosos de Eurobike 2017.","og_description":"Los 10 accesorios de bicicleta m\u00e1s novedosos de Eurobike 2017. Complementos que hacen la vida m\u00e1s f\u00e1cil y c\u00f3moda al ciclista.","og_url":"https:\/\/www.welovecycling.com\/es\/2017\/09\/22\/accesorios-bicicleta-eurobike-2017\/","og_site_name":"\u0160koda We Love Cycling - Spain","article_published_time":"2017-09-22T09:52:35+00:00","article_modified_time":"2017-10-30T10:38:53+00:00","og_image":[{"width":1375,"height":600,"url":"https:\/\/d2p6e6u75xmxt8.cloudfront.net\/6\/2017\/09\/448484.jpg","type":"image\/jpeg"}],"author":"We Love Cycling Spain","twitter_card":"summary_large_image","twitter_title":"Los 10 accesorios de bicicleta m\u00e1s novedosos de Eurobike 2017.","twitter_description":"Los 10 accesorios de bicicleta m\u00e1s novedosos de Eurobike 2017. Complementos que hacen la vida m\u00e1s f\u00e1cil y c\u00f3moda al ciclista.","twitter_misc":{"Written by":"Adam Marsal","Est. reading time":"5 minutes"},"schema":{"@context":"https:\/\/schema.org","@graph":[{"@type":"WebPage","@id":"https:\/\/www.welovecycling.com\/es\/2017\/09\/22\/accesorios-bicicleta-eurobike-2017\/","url":"https:\/\/www.welovecycling.com\/es\/2017\/09\/22\/accesorios-bicicleta-eurobike-2017\/","name":"Los 10 accesorios de bicicleta m\u00e1s novedosos de Eurobike 2017 - \u0160koda We Love Cycling - Spain","isPartOf":{"@id":"https:\/\/www.welovecycling.com\/es\/#website"},"primaryImageOfPage":{"@id":"https:\/\/www.welovecycling.com\/es\/2017\/09\/22\/accesorios-bicicleta-eurobike-2017\/#primaryimage"},"image":{"@id":"https:\/\/www.welovecycling.com\/es\/2017\/09\/22\/accesorios-bicicleta-eurobike-2017\/#primaryimage"},"thumbnailUrl":"https:\/\/d2p6e6u75xmxt8.cloudfront.net\/6\/2017\/09\/448484.jpg","datePublished":"2017-09-22T09:52:35+00:00","dateModified":"2017-10-30T10:38:53+00:00","author":{"@id":"https:\/\/www.welovecycling.com\/es\/#\/schema\/person\/deb61715b5812698ee79fb96f343ccd4"},"description":"Los 10 accesorios de bicicleta m\u00e1s novedosos de Eurobike 2017. Complementos que hacen la vida m\u00e1s f\u00e1cil y c\u00f3moda al ciclista.","breadcrumb":{"@id":"https:\/\/www.welovecycling.com\/es\/2017\/09\/22\/accesorios-bicicleta-eurobike-2017\/#breadcrumb"},"inLanguage":"es-ES","potentialAction":[{"@type":"ReadAction","target":["https:\/\/www.welovecycling.com\/es\/2017\/09\/22\/accesorios-bicicleta-eurobike-2017\/"]}]},{"@type":"ImageObject","inLanguage":"es-ES","@id":"https:\/\/www.welovecycling.com\/es\/2017\/09\/22\/accesorios-bicicleta-eurobike-2017\/#primaryimage","url":"https:\/\/d2p6e6u75xmxt8.cloudfront.net\/6\/2017\/09\/448484.jpg","contentUrl":"https:\/\/d2p6e6u75xmxt8.cloudfront.net\/6\/2017\/09\/448484.jpg","width":1375,"height":600},{"@type":"BreadcrumbList","@id":"https:\/\/www.welovecycling.com\/es\/2017\/09\/22\/accesorios-bicicleta-eurobike-2017\/#breadcrumb","itemListElement":[{"@type":"ListItem","position":1,"name":"Home","item":"https:\/\/www.welovecycling.com\/es\/"},{"@type":"ListItem","position":2,"name":"Los 10 accesorios de bicicleta m\u00e1s novedosos de Eurobike 2017"}]},{"@type":"WebSite","@id":"https:\/\/www.welovecycling.com\/es\/#website","url":"https:\/\/www.welovecycling.com\/es\/","name":"\u0160koda We Love Cycling - Spain","description":"\u0160koda WeLoveCycling Spain","potentialAction":[{"@type":"SearchAction","target":{"@type":"EntryPoint","urlTemplate":"https:\/\/www.welovecycling.com\/es\/?s={search_term_string}"},"query-input":{"@type":"PropertyValueSpecification","valueRequired":true,"valueName":"search_term_string"}}],"inLanguage":"es-ES"},{"@type":"Person","@id":"https:\/\/www.welovecycling.com\/es\/#\/schema\/person\/deb61715b5812698ee79fb96f343ccd4","name":"We Love Cycling Spain","image":{"@type":"ImageObject","inLanguage":"es-ES","@id":"https:\/\/www.welovecycling.com\/es\/#\/schema\/person\/image\/","url":"https:\/\/secure.gravatar.com\/avatar\/c824b04e6df0e37a03219d0b6481672889df542894588964102459e46513159c?s=96&d=mm&r=g","contentUrl":"https:\/\/secure.gravatar.com\/avatar\/c824b04e6df0e37a03219d0b6481672889df542894588964102459e46513159c?s=96&d=mm&r=g","caption":"We Love Cycling Spain"},"url":"https:\/\/www.welovecycling.com\/es\/author\/amunoz\/"}]}},"_links":{"self":[{"href":"https:\/\/www.welovecycling.com\/es\/wp-json\/wp\/v2\/posts\/1437","targetHints":{"allow":["GET"]}}],"collection":[{"href":"https:\/\/www.welovecycling.com\/es\/wp-json\/wp\/v2\/posts"}],"about":[{"href":"https:\/\/www.welovecycling.com\/es\/wp-json\/wp\/v2\/types\/post"}],"author":[{"embeddable":true,"href":"https:\/\/www.welovecycling.com\/es\/wp-json\/wp\/v2\/users\/29"}],"replies":[{"embeddable":true,"href":"https:\/\/www.welovecycling.com\/es\/wp-json\/wp\/v2\/comments?post=1437"}],"version-history":[{"count":2,"href":"https:\/\/www.welovecycling.com\/es\/wp-json\/wp\/v2\/posts\/1437\/revisions"}],"predecessor-version":[{"id":1697,"href":"https:\/\/www.welovecycling.com\/es\/wp-json\/wp\/v2\/posts\/1437\/revisions\/1697"}],"wp:featuredmedia":[{"embeddable":true,"href":"https:\/\/www.welovecycling.com\/es\/wp-json\/wp\/v2\/media\/1458"}],"wp:attachment":[{"href":"https:\/\/www.welovecycling.com\/es\/wp-json\/wp\/v2\/media?parent=1437"}],"wp:term":[{"taxonomy":"category","embeddable":true,"href":"https:\/\/www.welovecycling.com\/es\/wp-json\/wp\/v2\/categories?post=1437"},{"taxonomy":"post_tag","embeddable":true,"href":"https:\/\/www.welovecycling.com\/es\/wp-json\/wp\/v2\/tags?post=1437"},{"taxonomy":"global-categories","embeddable":true,"href":"https:\/\/www.welovecycling.com\/es\/wp-json\/wp\/v2\/global-categories?post=1437"}],"curies":[{"name":"wp","href":"https:\/\/api.w.org\/{rel}","templated":true}]}}