{"id":1426,"date":"2017-09-19T12:40:24","date_gmt":"2017-09-19T10:40:24","guid":{"rendered":"https:\/\/www.welovecycling.com\/es\/?p=1426"},"modified":"2017-10-30T12:49:08","modified_gmt":"2017-10-30T10:49:08","slug":"transportar-la-bicicleta-en-el-coche","status":"publish","type":"post","link":"https:\/\/www.welovecycling.com\/es\/2017\/09\/19\/transportar-la-bicicleta-en-el-coche\/","title":{"rendered":"\u00bfC\u00f3mo transportar la bicicleta en el coche?"},"content":{"rendered":"<p><strong>Si vives en una gran ciudad, o necesitas desplazarte a varios kil\u00f3metros de tu domicilio para<br \/>\nparticipar en una carrera o marcha cicloturista, te ver\u00e1s obligado a transportar tu bicicleta en<br \/>\nun veh\u00edculo<\/strong><strong>.<\/strong><br \/>\n<!--more--><\/p>\n<p>La mayor\u00eda de las personas no reflexionan sobre la importancia que tiene transportar la bicicleta en un veh\u00edculo de la manera correcta y, tanto por el tema de la seguridad, como por ciertos aspectos legales, habr\u00eda que prestarle una mayor atenci\u00f3n.<\/p>\n<h2><strong>Las cinco formas m\u00e1s habituales<\/strong><\/h2>\n<p><strong>Sobre el techo<\/strong>: Utilizando soportes y accesorios espec\u00edficos para cada modelo de veh\u00edculo.<\/p>\n<p>&#8211;<strong>Ventajas<\/strong>: no afecta a la capacidad del interior del veh\u00edculo, no se ensucia el equipaje.<br \/>\n&#8211;<strong>Inconvenientes<\/strong>: modifica la aerodin\u00e1mica del veh\u00edculo (m\u00e1s consumo), incide en las cualidades din\u00e1micas (peor estabilidad) y con bicicletas pesadas resulta costoso subirlas y bajarlas del techo. Queda limitada la altura para circular por aparcamientos.<\/p>\n<p><a href=\"https:\/\/d2p6e6u75xmxt8.cloudfront.net\/6\/2017\/09\/Transportar-bicis-3.jpg\"><img loading=\"lazy\" decoding=\"async\" class=\"aligncenter size-full wp-image-1435\" src=\"https:\/\/d2p6e6u75xmxt8.cloudfront.net\/6\/2017\/09\/Transportar-bicis-3.jpg\" alt=\"\" width=\"1000\" height=\"669\" srcset=\"https:\/\/d2p6e6u75xmxt8.cloudfront.net\/6\/2017\/09\/Transportar-bicis-3.jpg 1000w, https:\/\/d2p6e6u75xmxt8.cloudfront.net\/6\/2017\/09\/Transportar-bicis-3-300x201.jpg 300w, https:\/\/d2p6e6u75xmxt8.cloudfront.net\/6\/2017\/09\/Transportar-bicis-3-768x514.jpg 768w, https:\/\/d2p6e6u75xmxt8.cloudfront.net\/6\/2017\/09\/Transportar-bicis-3-272x182.jpg 272w\" sizes=\"auto, (max-width: 1000px) 100vw, 1000px\" \/><\/a><\/p>\n<p><strong>En el maletero<\/strong>: utilizando la capacidad de carga de algunos veh\u00edculos, sobre todo en versiones familiares o monovolumen, se pueden transportar en su interior una o varias bicicletas.<\/p>\n<p>&#8211;<strong>Ventajas:<\/strong> las bicicletas quedan muy protegidas y ocultas a la vista de amigos de lo ajeno, no se modifican las cualidades din\u00e1micas del autom\u00f3vil.<br \/>\n&#8211;<strong>Inconvenientes:<\/strong> se mancha y ara\u00f1a con facilidad en interior del maletero, es necesario desmontar las ruedas y nos quedamos sin capacidad en el maletero para llevar otro tipo de equipaje.<\/p>\n<p><strong>Sobre el port\u00f3n trasero<\/strong>: en veh\u00edculos con carrocer\u00edas de dos vol\u00famenes (compactos, familiares, SUV\u2026) se puede instalar un portabicicletas en el port\u00f3n trasero y ah\u00ed fijar las bicicletas.<\/p>\n<p>&#8211;<strong>Ventajas<\/strong>: no afecta a la capacidad del interior del veh\u00edculo, no se ensucia el equipaje.<br \/>\n&#8211;<strong>Inconvenientes<\/strong>: modifica la longitud del veh\u00edculo (peor maniobrabilidad), aumenta el peso sobre el eje trasero (peor estabilidad) y nos quita visibilidad por el retrovisor central. En caso de lluvia las bicicletas sufren salpicaduras de las ruedas posteriores. En la mayor\u00eda de los casos es necesario colocar un accesorio con la matr\u00edcula y la iluminaci\u00f3n posterior del veh\u00edculo por encima de las bicicletas.<\/p>\n<p><a href=\"https:\/\/d2p6e6u75xmxt8.cloudfront.net\/6\/2017\/09\/Transportar-bicis-5.jpg\"><img loading=\"lazy\" decoding=\"async\" class=\"aligncenter size-large wp-image-1428\" src=\"https:\/\/d2p6e6u75xmxt8.cloudfront.net\/6\/2017\/09\/Transportar-bicis-5-1024x683.jpg\" alt=\"\" width=\"1024\" height=\"683\" srcset=\"https:\/\/d2p6e6u75xmxt8.cloudfront.net\/6\/2017\/09\/Transportar-bicis-5-1024x683.jpg 1024w, https:\/\/d2p6e6u75xmxt8.cloudfront.net\/6\/2017\/09\/Transportar-bicis-5-300x200.jpg 300w, https:\/\/d2p6e6u75xmxt8.cloudfront.net\/6\/2017\/09\/Transportar-bicis-5-768x512.jpg 768w, https:\/\/d2p6e6u75xmxt8.cloudfront.net\/6\/2017\/09\/Transportar-bicis-5-272x182.jpg 272w, https:\/\/d2p6e6u75xmxt8.cloudfront.net\/6\/2017\/09\/Transportar-bicis-5.jpg 1200w\" sizes=\"auto, (max-width: 1024px) 100vw, 1024px\" \/><\/a><\/p>\n<p><strong>En la bola de remolque<\/strong>: mediante un porta bicicletas espec\u00edfico, se utiliza el enganche de bola trasero de un coche para transportar las bicicletas.<\/p>\n<p>&#8211;<strong>Ventajas<\/strong>: muy c\u00f3modo para colocar las bicicletas, se puede utilizar la capacidad de carga interior al completo.<br \/>\n&#8211;<strong>Inconvenientes:<\/strong> sistema costoso de adquirir y de instalar, alarga las medidas del veh\u00edculo y en caso de lluvia las bicicletas sufren salpicaduras de las ruedas posteriores del coche.<\/p>\n<p><strong>Dentro del coche<\/strong>, con los asientos plegados: la practicalidad de los autom\u00f3viles nos permiten plegar los asientos posteriores para aumentar la capacidad del maletero.<\/p>\n<p>&#8211;<strong>Ventaja<\/strong>s: se puede colocar la bicicleta sin quitar las ruedas o desmontando s\u00f3lo la delantera, es una operaci\u00f3n bastante r\u00e1pida.<br \/>\n&#8211;<strong>Inconvenientes<\/strong>: nos quedamos sin plazas para ocupantes y se merma la capacidad del maletero, hay que proteger el habit\u00e1culo con mantas para impedir manchas de grasa y es imprescindible utilizar cintas o gomas de amarre para fijar de manera s\u00f3lida la carga.<\/p>\n<h2><strong>No debes olvidar que:<\/strong><\/h2>\n<p>-La <strong>bicicleta debe ir siempre bien sujeta y amarrada.<\/strong><br \/>\n-Ning\u00fan objeto debe interferir en la visibilidad del conductor, ni ocultar la matr\u00edcula ni la iluminaci\u00f3n posterior.<br \/>\n-Las bicicletas no pueden sobresalir por delante o por detr\u00e1s del veh\u00edculo m\u00e1s de un 10% de su longitud total. Si superase las medidas consignadas en la ficha t\u00e9cnica del autom\u00f3vil hay que utilizar la placa identificativa V-20 de exceso de medidas (multa de 200 euros y tres puntos de tu carn\u00e9 de conducir en caso de no instalarla).<\/p>\n<p><a href=\"https:\/\/d2p6e6u75xmxt8.cloudfront.net\/6\/2017\/09\/Transportar-bicis-2.jpg\"><img loading=\"lazy\" decoding=\"async\" class=\"aligncenter size-large wp-image-1429\" src=\"https:\/\/d2p6e6u75xmxt8.cloudfront.net\/6\/2017\/09\/Transportar-bicis-2-1024x595.jpg\" alt=\"\" width=\"1024\" height=\"595\" srcset=\"https:\/\/d2p6e6u75xmxt8.cloudfront.net\/6\/2017\/09\/Transportar-bicis-2-1024x595.jpg 1024w, https:\/\/d2p6e6u75xmxt8.cloudfront.net\/6\/2017\/09\/Transportar-bicis-2-300x174.jpg 300w, https:\/\/d2p6e6u75xmxt8.cloudfront.net\/6\/2017\/09\/Transportar-bicis-2-768x446.jpg 768w, https:\/\/d2p6e6u75xmxt8.cloudfront.net\/6\/2017\/09\/Transportar-bicis-2.jpg 1200w\" sizes=\"auto, (max-width: 1024px) 100vw, 1024px\" \/><\/a><\/p>\n<p>Lo que dice el<strong> Reglamento General de Circulaci\u00f3n<\/strong>, art\u00edculo 14, respecto a la disposici\u00f3n de la carga:<br \/>\n1. La carga transportada en un veh\u00edculo, as\u00ed como los accesorios que se utilicen para su acondicionamiento o protecci\u00f3n, deben estar dispuestos y, si fuera necesario, sujetos de tal forma que no puedan:<br \/>\n\uf0b7 Arrastrar, caer total o parcialmente o desplazarse de manera peligrosa.<br \/>\n\uf0b7 Comprometer la estabilidad del veh\u00edculo.<br \/>\n\uf0b7 Producir ruido, polvo u otras molestias que puedan ser evitadas.<br \/>\n\uf0b7 Ocultar los dispositivos de alumbrado o de se\u00f1alizaci\u00f3n luminosa, las placas o distintivos obligatorios y las advertencias manuales de sus conductores.<\/p>\n<h2><strong>Necesitas un gran maletero<\/strong><\/h2>\n<p>Entre los aficionados generales a la pr\u00e1ctica del ciclismo es muy habitual que, al adquirir un veh\u00edculo, tengan en cuenta la posibilidad de <strong>poder transportar la bicicleta dentro del maletero<\/strong>, de manera que la bicicleta no se vea desde el exterior y no sea necesario recurrir al uso de accesorios exteriores para su montaje.<\/p>\n<p><a href=\"https:\/\/d2p6e6u75xmxt8.cloudfront.net\/6\/2017\/09\/Transportar-bicis-6.jpg\"><img loading=\"lazy\" decoding=\"async\" class=\"aligncenter size-large wp-image-1427\" src=\"https:\/\/d2p6e6u75xmxt8.cloudfront.net\/6\/2017\/09\/Transportar-bicis-6-1024x683.jpg\" alt=\"\" width=\"1024\" height=\"683\" srcset=\"https:\/\/d2p6e6u75xmxt8.cloudfront.net\/6\/2017\/09\/Transportar-bicis-6-1024x683.jpg 1024w, https:\/\/d2p6e6u75xmxt8.cloudfront.net\/6\/2017\/09\/Transportar-bicis-6-300x200.jpg 300w, https:\/\/d2p6e6u75xmxt8.cloudfront.net\/6\/2017\/09\/Transportar-bicis-6-768x512.jpg 768w, https:\/\/d2p6e6u75xmxt8.cloudfront.net\/6\/2017\/09\/Transportar-bicis-6-272x182.jpg 272w, https:\/\/d2p6e6u75xmxt8.cloudfront.net\/6\/2017\/09\/Transportar-bicis-6.jpg 1200w\" sizes=\"auto, (max-width: 1024px) 100vw, 1024px\" \/><\/a><\/p>\n<p>En diferentes pruebas que hemos realizado, y siempre dependiendo de las medidas de la anchura del veh\u00edculo (sobre todo las de su anchura) en maleteros que <strong>tienen una capacidad superior a 450 litros<\/strong> se pueden transportar bicicletas, desmontando las ruedas. <strong>\u0160koda<\/strong>, a la cabeza de todas las marcas mundiales respecto a la capacidad de carga de los maleteros, ofrece <strong>todos estos modelos, con infinidad de opciones <\/strong>en cuanto a precios y categor\u00edas, para que los aficionados al ciclismo dispongan de la opci\u00f3n que m\u00e1s se acomode a sus necesidades y econom\u00eda.<\/p>\n<table border=\"1\" width=\"301\" cellspacing=\"0\" cellpadding=\"7\">\n<colgroup>\n<col width=\"106\" \/>\n<col width=\"165\" \/> <\/colgroup>\n<tbody>\n<tr valign=\"TOP\">\n<td width=\"106\"><b>Modelo<\/b><\/td>\n<td width=\"165\"><b>Volumen<\/b><b> <\/b><b>(litros<\/b><span lang=\"en-US\"><b>)<\/b><\/span><b> maletero<\/b><\/td>\n<\/tr>\n<tr valign=\"TOP\">\n<td width=\"106\">\n<p lang=\"en-US\">Fabia Combi<\/p>\n<\/td>\n<td width=\"165\">\n<p lang=\"en-US\">530<\/p>\n<\/td>\n<\/tr>\n<tr valign=\"TOP\">\n<td width=\"106\">\n<p lang=\"en-US\">Rapid Spaceback<\/p>\n<\/td>\n<td width=\"165\">\n<p lang=\"en-US\">550<\/p>\n<\/td>\n<\/tr>\n<tr valign=\"TOP\">\n<td width=\"106\">\n<p lang=\"en-US\">Octavia Combi<\/p>\n<\/td>\n<td width=\"165\">\n<p lang=\"en-US\">\u00a0610<\/p>\n<\/td>\n<\/tr>\n<tr valign=\"TOP\">\n<td width=\"106\">\n<p lang=\"en-US\">Scout<\/p>\n<\/td>\n<td width=\"165\">\n<p lang=\"en-US\">610<\/p>\n<\/td>\n<\/tr>\n<tr valign=\"TOP\">\n<td width=\"106\">Superb Combi<\/td>\n<td width=\"165\">\n<p lang=\"en-US\">625<\/p>\n<\/td>\n<\/tr>\n<tr valign=\"TOP\">\n<td width=\"106\">Yeti<\/td>\n<td width=\"165\">\n<p lang=\"en-US\">510<\/p>\n<\/td>\n<\/tr>\n<tr valign=\"TOP\">\n<td width=\"106\">Kodiac<\/td>\n<td width=\"165\">\n<p lang=\"en-US\">560<\/p>\n<\/td>\n<\/tr>\n<tr valign=\"TOP\">\n<td width=\"106\">\n<p lang=\"en-US\">Karoq<\/p>\n<\/td>\n<td width=\"165\">\n<p lang=\"en-US\">521<\/p>\n<\/td>\n<\/tr>\n<\/tbody>\n<\/table>\n<p>&nbsp;<\/p>\n<h2><strong>Nuevo Karoq<\/strong><\/h2>\n<p>En la pasada edici\u00f3n de La Vuelta Ciclista a Espa\u00f1a un <strong>\u0160koda Karoq<\/strong> ha acompa\u00f1ado a Alberto Contador como veh\u00edculo de apoyo en la etapa contrarreloj individual de 40,2 km, que discurri\u00f3 entre el circuito de Navarra y termin\u00f3 en Logro\u00f1o. En este nuevo SUV fue a bordo el equipo t\u00e9cnico del ciclista y todos los recambios y utensilios para la asistencia del campe\u00f3n madrile\u00f1o.<\/p>\n<p><a href=\"https:\/\/d2p6e6u75xmxt8.cloudfront.net\/6\/2017\/09\/el-koda-karoq-acompanara-a-alberto-contador-en-la-contrarreloj-de-manana-de-la-vuelta2.jpg\"><img loading=\"lazy\" decoding=\"async\" class=\"aligncenter size-large wp-image-1341\" src=\"https:\/\/d2p6e6u75xmxt8.cloudfront.net\/6\/2017\/09\/el-koda-karoq-acompanara-a-alberto-contador-en-la-contrarreloj-de-manana-de-la-vuelta2-1024x683.jpg\" alt=\"\" width=\"1024\" height=\"683\" srcset=\"https:\/\/d2p6e6u75xmxt8.cloudfront.net\/6\/2017\/09\/el-koda-karoq-acompanara-a-alberto-contador-en-la-contrarreloj-de-manana-de-la-vuelta2-1024x683.jpg 1024w, https:\/\/d2p6e6u75xmxt8.cloudfront.net\/6\/2017\/09\/el-koda-karoq-acompanara-a-alberto-contador-en-la-contrarreloj-de-manana-de-la-vuelta2-300x200.jpg 300w, https:\/\/d2p6e6u75xmxt8.cloudfront.net\/6\/2017\/09\/el-koda-karoq-acompanara-a-alberto-contador-en-la-contrarreloj-de-manana-de-la-vuelta2-768x512.jpg 768w, https:\/\/d2p6e6u75xmxt8.cloudfront.net\/6\/2017\/09\/el-koda-karoq-acompanara-a-alberto-contador-en-la-contrarreloj-de-manana-de-la-vuelta2-1920x1280.jpg 1920w, https:\/\/d2p6e6u75xmxt8.cloudfront.net\/6\/2017\/09\/el-koda-karoq-acompanara-a-alberto-contador-en-la-contrarreloj-de-manana-de-la-vuelta2-272x182.jpg 272w, https:\/\/d2p6e6u75xmxt8.cloudfront.net\/6\/2017\/09\/el-koda-karoq-acompanara-a-alberto-contador-en-la-contrarreloj-de-manana-de-la-vuelta2-1920x1280.jpg 1920w\" sizes=\"auto, (max-width: 1024px) 100vw, 1024px\" \/><\/a><\/p>\n<p>Esta ha sido la primera aparici\u00f3n del nuevo Karoq en territorio espa\u00f1ol. El<strong> Karoq es un SUV<\/strong> compacto con un dise\u00f1o totalmente contempor\u00e1neo y muy din\u00e1mico, sobresaliente por su maletero y capacidad de carga, algo muy valorado por los practicantes de deportes activos y de aire libre.<\/p>\n<p>El Karoq se puede conseguir con cinco variantes de motor, que van de los <strong>115 CV (85 kW) a los 190 CV (140 kW)<\/strong> de potencia. Tambi\u00e9n son sobresalientes algunas soluciones adoptadas en su interior, como los asientos traseros VarioFlex, que ampl\u00edan la capacidad de carga hasta los 1.810 litros, y el pedal virtual para abrir el port\u00f3n trasero sin manos. El nuevo Karoq se pondr\u00e1<br \/>\na la venta en octubre de 2017.<\/p>\n","protected":false},"excerpt":{"rendered":"<p>Si vives en una gran ciudad, o necesitas desplazarte a varios kil\u00f3metros de tu domicilio para participar en una carrera [&hellip;]<\/p>\n","protected":false},"author":29,"featured_media":1430,"comment_status":"open","ping_status":"open","sticky":false,"template":"","format":"standard","meta":{"footnotes":""},"categories":[7,8,9],"tags":[105,104,102,103],"global-categories":[],"class_list":["post-1426","post","type-post","status-publish","format-standard","has-post-thumbnail","hentry","category-carretera","category-life-style","category-mtb-aventura","tag-bici-en-coche","tag-como-llevar-la-bici-en-coche","tag-maletero-bici","tag-maletero-coche-para-bici"],"yoast_head":"<!-- This site is optimized with the Yoast SEO Premium plugin v25.3 (Yoast SEO v25.9) - https:\/\/yoast.com\/wordpress\/plugins\/seo\/ -->\n<title>\u00bfC\u00f3mo transportar la bicicleta en el coche? - \u0160koda We Love Cycling - Spain<\/title>\n<meta name=\"description\" content=\"Como transportar la bicicleta en el coche. En este art\u00edculo te aclaramos las formas de llevar tu bici en el coche yl os veh\u00edculos m\u00e1s adecuados.\" \/>\n<meta name=\"robots\" content=\"index, follow, max-snippet:-1, max-image-preview:large, max-video-preview:-1\" \/>\n<link rel=\"canonical\" href=\"https:\/\/www.welovecycling.com\/es\/2017\/09\/19\/transportar-la-bicicleta-en-el-coche\/\" \/>\n<meta property=\"og:locale\" content=\"es_ES\" \/>\n<meta property=\"og:type\" content=\"article\" \/>\n<meta property=\"og:title\" content=\"\u00bfC\u00f3mo transportar la bicicleta en el coche?\" \/>\n<meta property=\"og:description\" content=\"Si vives en una gran ciudad, o necesitas desplazarte a varios kil\u00f3metros de tu domicilio para participar en una carrera o marcha cicloturista, te ver\u00e1s obligado a transportar tu bicicleta en un veh\u00edculo.\" \/>\n<meta property=\"og:url\" content=\"https:\/\/www.welovecycling.com\/es\/2017\/09\/19\/transportar-la-bicicleta-en-el-coche\/\" \/>\n<meta property=\"og:site_name\" content=\"\u0160koda We Love Cycling - Spain\" \/>\n<meta property=\"article:published_time\" content=\"2017-09-19T10:40:24+00:00\" \/>\n<meta property=\"article:modified_time\" content=\"2017-10-30T10:49:08+00:00\" \/>\n<meta property=\"og:image\" content=\"https:\/\/d2p6e6u75xmxt8.cloudfront.net\/6\/2017\/09\/Transportar-bicis-1.jpg\" \/>\n\t<meta property=\"og:image:width\" content=\"1200\" \/>\n\t<meta property=\"og:image:height\" content=\"764\" \/>\n\t<meta property=\"og:image:type\" content=\"image\/jpeg\" \/>\n<meta name=\"author\" content=\"We Love Cycling Spain\" \/>\n<meta name=\"twitter:card\" content=\"summary_large_image\" \/>\n<meta name=\"twitter:title\" content=\"\u00bfC\u00f3mo transportar la bicicleta en el coche?\" \/>\n<meta name=\"twitter:description\" content=\"Si vives en una gran ciudad, o necesitas desplazarte a varios kil\u00f3metros de tu domicilio para participar en una carrera o marcha cicloturista, te ver\u00e1s obligado a transportar tu bicicleta en un veh\u00edculo.\" \/>\n<meta name=\"twitter:label1\" content=\"Written by\" \/>\n\t<meta name=\"twitter:data1\" content=\"Pablo Bueno. Ciclismo a Fondo\" \/>\n\t<meta name=\"twitter:label2\" content=\"Est. reading time\" \/>\n\t<meta name=\"twitter:data2\" content=\"5 minutes\" \/>\n<script type=\"application\/ld+json\" class=\"yoast-schema-graph\">{\"@context\":\"https:\/\/schema.org\",\"@graph\":[{\"@type\":\"WebPage\",\"@id\":\"https:\/\/www.welovecycling.com\/es\/2017\/09\/19\/transportar-la-bicicleta-en-el-coche\/\",\"url\":\"https:\/\/www.welovecycling.com\/es\/2017\/09\/19\/transportar-la-bicicleta-en-el-coche\/\",\"name\":\"\u00bfC\u00f3mo transportar la bicicleta en el coche? - \u0160koda We Love Cycling - Spain\",\"isPartOf\":{\"@id\":\"https:\/\/www.welovecycling.com\/es\/#website\"},\"primaryImageOfPage\":{\"@id\":\"https:\/\/www.welovecycling.com\/es\/2017\/09\/19\/transportar-la-bicicleta-en-el-coche\/#primaryimage\"},\"image\":{\"@id\":\"https:\/\/www.welovecycling.com\/es\/2017\/09\/19\/transportar-la-bicicleta-en-el-coche\/#primaryimage\"},\"thumbnailUrl\":\"https:\/\/d2p6e6u75xmxt8.cloudfront.net\/6\/2017\/09\/Transportar-bicis-1.jpg\",\"datePublished\":\"2017-09-19T10:40:24+00:00\",\"dateModified\":\"2017-10-30T10:49:08+00:00\",\"author\":{\"@id\":\"https:\/\/www.welovecycling.com\/es\/#\/schema\/person\/deb61715b5812698ee79fb96f343ccd4\"},\"description\":\"Como transportar la bicicleta en el coche. En este art\u00edculo te aclaramos las formas de llevar tu bici en el coche yl os veh\u00edculos m\u00e1s adecuados.\",\"breadcrumb\":{\"@id\":\"https:\/\/www.welovecycling.com\/es\/2017\/09\/19\/transportar-la-bicicleta-en-el-coche\/#breadcrumb\"},\"inLanguage\":\"es-ES\",\"potentialAction\":[{\"@type\":\"ReadAction\",\"target\":[\"https:\/\/www.welovecycling.com\/es\/2017\/09\/19\/transportar-la-bicicleta-en-el-coche\/\"]}]},{\"@type\":\"ImageObject\",\"inLanguage\":\"es-ES\",\"@id\":\"https:\/\/www.welovecycling.com\/es\/2017\/09\/19\/transportar-la-bicicleta-en-el-coche\/#primaryimage\",\"url\":\"https:\/\/d2p6e6u75xmxt8.cloudfront.net\/6\/2017\/09\/Transportar-bicis-1.jpg\",\"contentUrl\":\"https:\/\/d2p6e6u75xmxt8.cloudfront.net\/6\/2017\/09\/Transportar-bicis-1.jpg\",\"width\":1200,\"height\":764},{\"@type\":\"BreadcrumbList\",\"@id\":\"https:\/\/www.welovecycling.com\/es\/2017\/09\/19\/transportar-la-bicicleta-en-el-coche\/#breadcrumb\",\"itemListElement\":[{\"@type\":\"ListItem\",\"position\":1,\"name\":\"Home\",\"item\":\"https:\/\/www.welovecycling.com\/es\/\"},{\"@type\":\"ListItem\",\"position\":2,\"name\":\"\u00bfC\u00f3mo transportar la bicicleta en el coche?\"}]},{\"@type\":\"WebSite\",\"@id\":\"https:\/\/www.welovecycling.com\/es\/#website\",\"url\":\"https:\/\/www.welovecycling.com\/es\/\",\"name\":\"\u0160koda We Love Cycling - Spain\",\"description\":\"\u0160koda WeLoveCycling Spain\",\"potentialAction\":[{\"@type\":\"SearchAction\",\"target\":{\"@type\":\"EntryPoint\",\"urlTemplate\":\"https:\/\/www.welovecycling.com\/es\/?s={search_term_string}\"},\"query-input\":{\"@type\":\"PropertyValueSpecification\",\"valueRequired\":true,\"valueName\":\"search_term_string\"}}],\"inLanguage\":\"es-ES\"},{\"@type\":\"Person\",\"@id\":\"https:\/\/www.welovecycling.com\/es\/#\/schema\/person\/deb61715b5812698ee79fb96f343ccd4\",\"name\":\"We Love Cycling Spain\",\"image\":{\"@type\":\"ImageObject\",\"inLanguage\":\"es-ES\",\"@id\":\"https:\/\/www.welovecycling.com\/es\/#\/schema\/person\/image\/\",\"url\":\"https:\/\/secure.gravatar.com\/avatar\/c824b04e6df0e37a03219d0b6481672889df542894588964102459e46513159c?s=96&d=mm&r=g\",\"contentUrl\":\"https:\/\/secure.gravatar.com\/avatar\/c824b04e6df0e37a03219d0b6481672889df542894588964102459e46513159c?s=96&d=mm&r=g\",\"caption\":\"We Love Cycling Spain\"},\"url\":\"https:\/\/www.welovecycling.com\/es\/author\/amunoz\/\"}]}<\/script>\n<!-- \/ Yoast SEO Premium plugin. -->","yoast_head_json":{"title":"\u00bfC\u00f3mo transportar la bicicleta en el coche? - \u0160koda We Love Cycling - Spain","description":"Como transportar la bicicleta en el coche. En este art\u00edculo te aclaramos las formas de llevar tu bici en el coche yl os veh\u00edculos m\u00e1s adecuados.","robots":{"index":"index","follow":"follow","max-snippet":"max-snippet:-1","max-image-preview":"max-image-preview:large","max-video-preview":"max-video-preview:-1"},"canonical":"https:\/\/www.welovecycling.com\/es\/2017\/09\/19\/transportar-la-bicicleta-en-el-coche\/","og_locale":"es_ES","og_type":"article","og_title":"\u00bfC\u00f3mo transportar la bicicleta en el coche?","og_description":"Si vives en una gran ciudad, o necesitas desplazarte a varios kil\u00f3metros de tu domicilio para participar en una carrera o marcha cicloturista, te ver\u00e1s obligado a transportar tu bicicleta en un veh\u00edculo.","og_url":"https:\/\/www.welovecycling.com\/es\/2017\/09\/19\/transportar-la-bicicleta-en-el-coche\/","og_site_name":"\u0160koda We Love Cycling - Spain","article_published_time":"2017-09-19T10:40:24+00:00","article_modified_time":"2017-10-30T10:49:08+00:00","og_image":[{"width":1200,"height":764,"url":"https:\/\/d2p6e6u75xmxt8.cloudfront.net\/6\/2017\/09\/Transportar-bicis-1.jpg","type":"image\/jpeg"}],"author":"We Love Cycling Spain","twitter_card":"summary_large_image","twitter_title":"\u00bfC\u00f3mo transportar la bicicleta en el coche?","twitter_description":"Si vives en una gran ciudad, o necesitas desplazarte a varios kil\u00f3metros de tu domicilio para participar en una carrera o marcha cicloturista, te ver\u00e1s obligado a transportar tu bicicleta en un veh\u00edculo.","twitter_misc":{"Written by":"Pablo Bueno. Ciclismo a Fondo","Est. reading time":"5 minutes"},"schema":{"@context":"https:\/\/schema.org","@graph":[{"@type":"WebPage","@id":"https:\/\/www.welovecycling.com\/es\/2017\/09\/19\/transportar-la-bicicleta-en-el-coche\/","url":"https:\/\/www.welovecycling.com\/es\/2017\/09\/19\/transportar-la-bicicleta-en-el-coche\/","name":"\u00bfC\u00f3mo transportar la bicicleta en el coche? - \u0160koda We Love Cycling - Spain","isPartOf":{"@id":"https:\/\/www.welovecycling.com\/es\/#website"},"primaryImageOfPage":{"@id":"https:\/\/www.welovecycling.com\/es\/2017\/09\/19\/transportar-la-bicicleta-en-el-coche\/#primaryimage"},"image":{"@id":"https:\/\/www.welovecycling.com\/es\/2017\/09\/19\/transportar-la-bicicleta-en-el-coche\/#primaryimage"},"thumbnailUrl":"https:\/\/d2p6e6u75xmxt8.cloudfront.net\/6\/2017\/09\/Transportar-bicis-1.jpg","datePublished":"2017-09-19T10:40:24+00:00","dateModified":"2017-10-30T10:49:08+00:00","author":{"@id":"https:\/\/www.welovecycling.com\/es\/#\/schema\/person\/deb61715b5812698ee79fb96f343ccd4"},"description":"Como transportar la bicicleta en el coche. En este art\u00edculo te aclaramos las formas de llevar tu bici en el coche yl os veh\u00edculos m\u00e1s adecuados.","breadcrumb":{"@id":"https:\/\/www.welovecycling.com\/es\/2017\/09\/19\/transportar-la-bicicleta-en-el-coche\/#breadcrumb"},"inLanguage":"es-ES","potentialAction":[{"@type":"ReadAction","target":["https:\/\/www.welovecycling.com\/es\/2017\/09\/19\/transportar-la-bicicleta-en-el-coche\/"]}]},{"@type":"ImageObject","inLanguage":"es-ES","@id":"https:\/\/www.welovecycling.com\/es\/2017\/09\/19\/transportar-la-bicicleta-en-el-coche\/#primaryimage","url":"https:\/\/d2p6e6u75xmxt8.cloudfront.net\/6\/2017\/09\/Transportar-bicis-1.jpg","contentUrl":"https:\/\/d2p6e6u75xmxt8.cloudfront.net\/6\/2017\/09\/Transportar-bicis-1.jpg","width":1200,"height":764},{"@type":"BreadcrumbList","@id":"https:\/\/www.welovecycling.com\/es\/2017\/09\/19\/transportar-la-bicicleta-en-el-coche\/#breadcrumb","itemListElement":[{"@type":"ListItem","position":1,"name":"Home","item":"https:\/\/www.welovecycling.com\/es\/"},{"@type":"ListItem","position":2,"name":"\u00bfC\u00f3mo transportar la bicicleta en el coche?"}]},{"@type":"WebSite","@id":"https:\/\/www.welovecycling.com\/es\/#website","url":"https:\/\/www.welovecycling.com\/es\/","name":"\u0160koda We Love Cycling - Spain","description":"\u0160koda WeLoveCycling Spain","potentialAction":[{"@type":"SearchAction","target":{"@type":"EntryPoint","urlTemplate":"https:\/\/www.welovecycling.com\/es\/?s={search_term_string}"},"query-input":{"@type":"PropertyValueSpecification","valueRequired":true,"valueName":"search_term_string"}}],"inLanguage":"es-ES"},{"@type":"Person","@id":"https:\/\/www.welovecycling.com\/es\/#\/schema\/person\/deb61715b5812698ee79fb96f343ccd4","name":"We Love Cycling Spain","image":{"@type":"ImageObject","inLanguage":"es-ES","@id":"https:\/\/www.welovecycling.com\/es\/#\/schema\/person\/image\/","url":"https:\/\/secure.gravatar.com\/avatar\/c824b04e6df0e37a03219d0b6481672889df542894588964102459e46513159c?s=96&d=mm&r=g","contentUrl":"https:\/\/secure.gravatar.com\/avatar\/c824b04e6df0e37a03219d0b6481672889df542894588964102459e46513159c?s=96&d=mm&r=g","caption":"We Love Cycling Spain"},"url":"https:\/\/www.welovecycling.com\/es\/author\/amunoz\/"}]}},"_links":{"self":[{"href":"https:\/\/www.welovecycling.com\/es\/wp-json\/wp\/v2\/posts\/1426","targetHints":{"allow":["GET"]}}],"collection":[{"href":"https:\/\/www.welovecycling.com\/es\/wp-json\/wp\/v2\/posts"}],"about":[{"href":"https:\/\/www.welovecycling.com\/es\/wp-json\/wp\/v2\/types\/post"}],"author":[{"embeddable":true,"href":"https:\/\/www.welovecycling.com\/es\/wp-json\/wp\/v2\/users\/29"}],"replies":[{"embeddable":true,"href":"https:\/\/www.welovecycling.com\/es\/wp-json\/wp\/v2\/comments?post=1426"}],"version-history":[{"count":2,"href":"https:\/\/www.welovecycling.com\/es\/wp-json\/wp\/v2\/posts\/1426\/revisions"}],"predecessor-version":[{"id":1698,"href":"https:\/\/www.welovecycling.com\/es\/wp-json\/wp\/v2\/posts\/1426\/revisions\/1698"}],"wp:featuredmedia":[{"embeddable":true,"href":"https:\/\/www.welovecycling.com\/es\/wp-json\/wp\/v2\/media\/1430"}],"wp:attachment":[{"href":"https:\/\/www.welovecycling.com\/es\/wp-json\/wp\/v2\/media?parent=1426"}],"wp:term":[{"taxonomy":"category","embeddable":true,"href":"https:\/\/www.welovecycling.com\/es\/wp-json\/wp\/v2\/categories?post=1426"},{"taxonomy":"post_tag","embeddable":true,"href":"https:\/\/www.welovecycling.com\/es\/wp-json\/wp\/v2\/tags?post=1426"},{"taxonomy":"global-categories","embeddable":true,"href":"https:\/\/www.welovecycling.com\/es\/wp-json\/wp\/v2\/global-categories?post=1426"}],"curies":[{"name":"wp","href":"https:\/\/api.w.org\/{rel}","templated":true}]}}