{"id":1396,"date":"2017-09-12T11:08:13","date_gmt":"2017-09-12T09:08:13","guid":{"rendered":"https:\/\/www.welovecycling.com\/es\/?p=1396"},"modified":"2017-09-12T11:54:45","modified_gmt":"2017-09-12T09:54:45","slug":"coche-de-avituallamiento","status":"publish","type":"post","link":"https:\/\/www.welovecycling.com\/es\/2017\/09\/12\/coche-de-avituallamiento\/","title":{"rendered":"Los coches de La Vuelta. As\u00ed es el veh\u00edculo de avituallamiento"},"content":{"rendered":"<p><strong>Cada vez que pasa la caravana de La Vuelta por delante los aficionados circulan decenas de coches. Todos tienen su funci\u00f3n, pero no son f\u00e1ciles de identificar. Los equipos tienen como m\u00ednimo cuatro veh\u00edculos, dos que van dentro de carrera y otros tantos fuera de ella, que se encargan de acudir a puntos de avituallamiento y a la zona de meta. Esa funci\u00f3n es la que os vamos a explicar<\/strong><strong>.<\/strong><br \/>\n<!--more--><\/p>\n<p>En La Vuelta 2017 los coches de equipo de <strong><a href=\"http:\/\/www.skoda.es\/\">\u0160koda<\/a><\/strong> ganaron por goleada, hasta 12 de los 22 conjuntos, m\u00e1s del 50%, emplearon el modelo <strong><a href=\"http:\/\/www.skoda.es\/\">Octavia<\/a><\/strong>\u00a0para dar apoyo a los ciclistas. Las interioridades de los veh\u00edculos de equipo 1 y 2, es decir, los dos que est\u00e1n autorizados por la organizaci\u00f3n para circular en carrera y al lado del<a href=\"https:\/\/www.welovecycling.com\/es\/2017\/08\/31\/la-vuelta-desde-dentro\/\" target=\"_blank\" rel=\"noopener noreferrer\"> pelot\u00f3n ya os lo explicamos en este reportaje con el Caja Rural &#8211; RGA<\/a>. Son los que est\u00e1n dotados de todas las emisoras para comunicarse con los ciclistas y recibir Radio Vuelta.<\/p>\n<p>Pero adem\u00e1s est\u00e1n los<strong> veh\u00edculos 3 y 4 (algunos conjuntos incluso tienen m\u00e1s)<\/strong> que tambi\u00e9n est\u00e1n acreditados por la organizaci\u00f3n pero que deben <strong>circular fuera de la competici\u00f3n<\/strong>. Un coche acude directamente al control<strong>\u00a0de avituallamiento oficial<\/strong> de la organizaci\u00f3n para dar la bolsa de comida y bebida a los ciclistas del equipo y para el otro su misi\u00f3n principal es ir\u00a0a <strong>varios puntos\u00a0de la etapa fijados de antemano<\/strong> por el director\u00a0y que pueden ser clave en el desarrollo de la etapa. All\u00ed esperan, siempre con una rueda de repuesto o un bid\u00f3n, por lo que pudiese pasar.<\/p>\n<p><a href=\"https:\/\/d2p6e6u75xmxt8.cloudfront.net\/6\/2017\/09\/caja-rural-bicis.jpg\"><img loading=\"lazy\" decoding=\"async\" class=\"aligncenter size-large wp-image-1402\" src=\"https:\/\/d2p6e6u75xmxt8.cloudfront.net\/6\/2017\/09\/caja-rural-bicis-1024x768.jpg\" alt=\"\" width=\"1024\" height=\"768\" srcset=\"https:\/\/d2p6e6u75xmxt8.cloudfront.net\/6\/2017\/09\/caja-rural-bicis-1024x768.jpg 1024w, https:\/\/d2p6e6u75xmxt8.cloudfront.net\/6\/2017\/09\/caja-rural-bicis-300x225.jpg 300w, https:\/\/d2p6e6u75xmxt8.cloudfront.net\/6\/2017\/09\/caja-rural-bicis-768x576.jpg 768w, https:\/\/d2p6e6u75xmxt8.cloudfront.net\/6\/2017\/09\/caja-rural-bicis.jpg 1280w\" sizes=\"auto, (max-width: 1024px) 100vw, 1024px\" \/><\/a><\/p>\n<p>Y para encontrar los lugares es obligatorio el <strong>uso del GPS para dar con el recorrido alternativo marcado por la organizaci\u00f3n<\/strong> y tener tiempo para <strong>llegar a la l\u00ednea de meta, donde la misi\u00f3n ser\u00e1 recibir al ciclista<\/strong>, auxiliarle, darle comida y bebida y, dependiendo de la etapa, incluso llevarle en coche hasta el autob\u00fas de equipo si ha llegado exhausto.<\/p>\n<p>Para todas estas misiones necesitan un coche amplio, con buen maletero en el que llevar avituallamiento y ropa de equipo, potente para llegar a tiempo a todos los sitios y con la capacidad de albergar en su parte superior una baca para colocar de<a href=\"http:\/\/manzanapostobonteam.com\/\" target=\"_blank\" rel=\"noopener noreferrer\"><strong> 7 a 9 bicicletas y hasta una decena de ruedas de repuesto<\/strong><\/a>. As\u00ed nos lo explica el auxiliar del Manzana Postob\u00f3n, <strong>Giovanni Remo<\/strong>, que ha debutado en esta Vuelta 2017 con <strong><a href=\"http:\/\/www.skoda.es\/\">\u0160koda<\/a><\/strong>\u00a0.<\/p>\n<div class=\"embed-controller-wrapper\">\n<div class=\"embed-wrapper\"><iframe title=\"Asi es el Skoda Octavia del Manzana Postobon\" width=\"500\" height=\"281\" data-src=\"https:\/\/www.youtube.com\/embed\/QFcSvIvm-Tw?feature=oembed\" frameborder=\"0\" allow=\"accelerometer; autoplay; clipboard-write; encrypted-media; gyroscope; picture-in-picture; web-share\" referrerpolicy=\"strict-origin-when-cross-origin\" allowfullscreen><\/iframe><\/div>\n<\/div>\n<p>El modelo Octavia Combi y el Supercombi es el que tambi\u00e9n ha convencido a FDJ, BMC, Caja Rural, Katusha, Lotto Soudal, Lotto-Jumbo, Trek Segafredo, Dimensi\u00f3n Data, Cofidis, Aqua Blue y Cannondale, Aunque en esta Vuelta se produjo la presentaci\u00f3n del modelo <strong>KAROQ\u00a0<\/strong>, que<a href=\"https:\/\/www.welovecycling.com\/es\/2017\/09\/06\/nuevo-skoda-karoq-acompana-alberto-contador-la-vuelta\/\" target=\"_blank\" rel=\"noopener noreferrer\"> Alberto Contador y su equipo Trek Segafredo emplearon el d\u00eda de la contrarreloj de Logro\u00f1o para su seguimiento especial<\/a>. No fue el \u00fanico, otro KAROQ estuvo en labores de organizaci\u00f3n durante toda la Vuelta 2017.<\/p>\n<p><a href=\"https:\/\/d2p6e6u75xmxt8.cloudfront.net\/6\/2017\/09\/coche-organizaci\u00f3n-rojo.jpg\"><img loading=\"lazy\" decoding=\"async\" class=\"aligncenter size-large wp-image-1404\" src=\"https:\/\/d2p6e6u75xmxt8.cloudfront.net\/6\/2017\/09\/coche-organizaci\u00f3n-rojo-1024x569.jpg\" alt=\"\" width=\"1024\" height=\"569\" srcset=\"https:\/\/d2p6e6u75xmxt8.cloudfront.net\/6\/2017\/09\/coche-organizaci\u00f3n-rojo.jpg 1024w, https:\/\/d2p6e6u75xmxt8.cloudfront.net\/6\/2017\/09\/coche-organizaci\u00f3n-rojo-300x167.jpg 300w, https:\/\/d2p6e6u75xmxt8.cloudfront.net\/6\/2017\/09\/coche-organizaci\u00f3n-rojo-768x427.jpg 768w\" sizes=\"auto, (max-width: 1024px) 100vw, 1024px\" \/><\/a><\/p>\n<p>Pero no son los \u00fanicos <strong><a href=\"http:\/\/www.skoda.es\/\">\u0160koda<\/a><\/strong> que se han visto durante La Vuelta 2017. La organizaci\u00f3n <a href=\"https:\/\/www.welovecycling.com\/es\/2017\/08\/09\/skoda-es-ciclismo\/\" target=\"_blank\" rel=\"noopener noreferrer\">ha empleado no menos de 80 coches para las diferentes misiones del d\u00eda a d\u00eda<\/a>. Desde los modelos <strong>Superb 2.0<\/strong> que lleva el director de carrera, Javier Guill\u00e9n, los directores t\u00e9cnicos, Fernando Escart\u00edn y Francisco Giner, que van pintados de rojo, a los de los comisarios y coches de organizaci\u00f3n e invitados, de color negro y siempre conducidos por ex ciclistas que conocen a la perfecci\u00f3n el reglamento de carrera y circulan dentro de la capsula de seguridad.<\/p>\n<p>Los modelos <strong>Octavia Combi y Supercombi<\/strong> tambi\u00e9n son los que utiliza Shimano en los coches azules de asistencia, que ruedan en carrera y se emplean como veh\u00edculos neutros que pueden apoyar a un ciclista de cualquier equipo que no tenga un coche propio cerca<br \/>\n<img loading=\"lazy\" decoding=\"async\" class=\"aligncenter size-large wp-image-1403\" src=\"https:\/\/d2p6e6u75xmxt8.cloudfront.net\/6\/2017\/09\/ETAPA-21-5.JPG-1024x678.jpg\" alt=\"\" width=\"1024\" height=\"678\" srcset=\"https:\/\/d2p6e6u75xmxt8.cloudfront.net\/6\/2017\/09\/ETAPA-21-5.JPG.jpg 1024w, https:\/\/d2p6e6u75xmxt8.cloudfront.net\/6\/2017\/09\/ETAPA-21-5.JPG-300x199.jpg 300w, https:\/\/d2p6e6u75xmxt8.cloudfront.net\/6\/2017\/09\/ETAPA-21-5.JPG-768x509.jpg 768w\" sizes=\"auto, (max-width: 1024px) 100vw, 1024px\" \/><\/p>\n","protected":false},"excerpt":{"rendered":"<p>Cada vez que pasa la caravana de La Vuelta por delante los aficionados circulan decenas de coches. Todos tienen su [&hellip;]<\/p>\n","protected":false},"author":29,"featured_media":1401,"comment_status":"open","ping_status":"open","sticky":false,"template":"","format":"standard","meta":{"footnotes":""},"categories":[7],"tags":[96,44,63,97],"global-categories":[],"class_list":["post-1396","post","type-post","status-publish","format-standard","has-post-thumbnail","hentry","category-carretera","tag-coches-la-vuelta","tag-la-vuelta","tag-la-vuelta-2017","tag-skoda-la-vuelta"],"yoast_head":"<!-- This site is optimized with the Yoast SEO Premium plugin v25.3 (Yoast SEO v25.9) - https:\/\/yoast.com\/wordpress\/plugins\/seo\/ -->\n<title>El coche de avituallamiento de La Vuelta. As\u00ed trabajan<\/title>\n<meta name=\"description\" content=\"El denominado coche de avituallamiento es el que emplean los equipos en La Vuelta para ir fuera de carrera. En esta edici\u00f3n 12 de ellos eran \u0160koda.\" \/>\n<meta name=\"robots\" content=\"index, follow, max-snippet:-1, max-image-preview:large, max-video-preview:-1\" \/>\n<link rel=\"canonical\" href=\"https:\/\/www.welovecycling.com\/es\/2017\/09\/12\/coche-de-avituallamiento\/\" \/>\n<meta property=\"og:locale\" content=\"es_ES\" \/>\n<meta property=\"og:type\" content=\"article\" \/>\n<meta property=\"og:title\" content=\"Los coches de La Vuelta. As\u00ed es el veh\u00edculo de avituallamiento\" \/>\n<meta property=\"og:description\" content=\"Cada vez que pasa la caravana de La Vuelta por delante los aficionados circulan decenas de coches. Todos tienen su funci\u00f3n, pero no son f\u00e1ciles de identificar. Los equipos tienen como m\u00ednimo cuatro veh\u00edculos, dos que van dentro de carrera y otros tantos fuera de ella, que se encargan de acudir a puntos de avituallamiento y a la zona de meta. Esa funci\u00f3n es la que os vamos a explicar.\" \/>\n<meta property=\"og:url\" content=\"https:\/\/www.welovecycling.com\/es\/2017\/09\/12\/coche-de-avituallamiento\/\" \/>\n<meta property=\"og:site_name\" content=\"\u0160koda We Love Cycling - Spain\" \/>\n<meta property=\"article:published_time\" content=\"2017-09-12T09:08:13+00:00\" \/>\n<meta property=\"article:modified_time\" content=\"2017-09-12T09:54:45+00:00\" \/>\n<meta property=\"og:image\" content=\"https:\/\/d2p6e6u75xmxt8.cloudfront.net\/6\/2017\/09\/VUELTA-17-COCHE-CANONDALE.jpg\" \/>\n\t<meta property=\"og:image:width\" content=\"2474\" \/>\n\t<meta property=\"og:image:height\" content=\"1554\" \/>\n\t<meta property=\"og:image:type\" content=\"image\/jpeg\" \/>\n<meta name=\"author\" content=\"We Love Cycling Spain\" \/>\n<meta name=\"twitter:card\" content=\"summary_large_image\" \/>\n<meta name=\"twitter:title\" content=\"Los coches de La Vuelta. As\u00ed es el veh\u00edculo de avituallamiento\" \/>\n<meta name=\"twitter:description\" content=\"Cada vez que pasa la caravana de La Vuelta por delante los aficionados circulan decenas de coches. Todos tienen su funci\u00f3n, pero no son f\u00e1ciles de identificar. Los equipos tienen como m\u00ednimo cuatro veh\u00edculos, dos que van dentro de carrera y otros tantos fuera de ella, que se encargan de acudir a puntos de avituallamiento y a la zona de meta. Esa funci\u00f3n es la que os vamos a explicar.\" \/>\n<meta name=\"twitter:label1\" content=\"Written by\" \/>\n\t<meta name=\"twitter:data1\" content=\"Luis Ortega  @ciclored\" \/>\n\t<meta name=\"twitter:label2\" content=\"Est. reading time\" \/>\n\t<meta name=\"twitter:data2\" content=\"3 minutes\" \/>\n<script type=\"application\/ld+json\" class=\"yoast-schema-graph\">{\"@context\":\"https:\/\/schema.org\",\"@graph\":[{\"@type\":\"WebPage\",\"@id\":\"https:\/\/www.welovecycling.com\/es\/2017\/09\/12\/coche-de-avituallamiento\/\",\"url\":\"https:\/\/www.welovecycling.com\/es\/2017\/09\/12\/coche-de-avituallamiento\/\",\"name\":\"El coche de avituallamiento de La Vuelta. As\u00ed trabajan\",\"isPartOf\":{\"@id\":\"https:\/\/www.welovecycling.com\/es\/#website\"},\"primaryImageOfPage\":{\"@id\":\"https:\/\/www.welovecycling.com\/es\/2017\/09\/12\/coche-de-avituallamiento\/#primaryimage\"},\"image\":{\"@id\":\"https:\/\/www.welovecycling.com\/es\/2017\/09\/12\/coche-de-avituallamiento\/#primaryimage\"},\"thumbnailUrl\":\"https:\/\/d2p6e6u75xmxt8.cloudfront.net\/6\/2017\/09\/VUELTA-17-COCHE-CANONDALE.jpg\",\"datePublished\":\"2017-09-12T09:08:13+00:00\",\"dateModified\":\"2017-09-12T09:54:45+00:00\",\"author\":{\"@id\":\"https:\/\/www.welovecycling.com\/es\/#\/schema\/person\/deb61715b5812698ee79fb96f343ccd4\"},\"description\":\"El denominado coche de avituallamiento es el que emplean los equipos en La Vuelta para ir fuera de carrera. En esta edici\u00f3n 12 de ellos eran \u0160koda.\",\"breadcrumb\":{\"@id\":\"https:\/\/www.welovecycling.com\/es\/2017\/09\/12\/coche-de-avituallamiento\/#breadcrumb\"},\"inLanguage\":\"es-ES\",\"potentialAction\":[{\"@type\":\"ReadAction\",\"target\":[\"https:\/\/www.welovecycling.com\/es\/2017\/09\/12\/coche-de-avituallamiento\/\"]}]},{\"@type\":\"ImageObject\",\"inLanguage\":\"es-ES\",\"@id\":\"https:\/\/www.welovecycling.com\/es\/2017\/09\/12\/coche-de-avituallamiento\/#primaryimage\",\"url\":\"https:\/\/d2p6e6u75xmxt8.cloudfront.net\/6\/2017\/09\/VUELTA-17-COCHE-CANONDALE.jpg\",\"contentUrl\":\"https:\/\/d2p6e6u75xmxt8.cloudfront.net\/6\/2017\/09\/VUELTA-17-COCHE-CANONDALE.jpg\",\"width\":2474,\"height\":1554},{\"@type\":\"BreadcrumbList\",\"@id\":\"https:\/\/www.welovecycling.com\/es\/2017\/09\/12\/coche-de-avituallamiento\/#breadcrumb\",\"itemListElement\":[{\"@type\":\"ListItem\",\"position\":1,\"name\":\"Home\",\"item\":\"https:\/\/www.welovecycling.com\/es\/\"},{\"@type\":\"ListItem\",\"position\":2,\"name\":\"Los coches de La Vuelta. As\u00ed es el veh\u00edculo de avituallamiento\"}]},{\"@type\":\"WebSite\",\"@id\":\"https:\/\/www.welovecycling.com\/es\/#website\",\"url\":\"https:\/\/www.welovecycling.com\/es\/\",\"name\":\"\u0160koda We Love Cycling - Spain\",\"description\":\"\u0160koda WeLoveCycling Spain\",\"potentialAction\":[{\"@type\":\"SearchAction\",\"target\":{\"@type\":\"EntryPoint\",\"urlTemplate\":\"https:\/\/www.welovecycling.com\/es\/?s={search_term_string}\"},\"query-input\":{\"@type\":\"PropertyValueSpecification\",\"valueRequired\":true,\"valueName\":\"search_term_string\"}}],\"inLanguage\":\"es-ES\"},{\"@type\":\"Person\",\"@id\":\"https:\/\/www.welovecycling.com\/es\/#\/schema\/person\/deb61715b5812698ee79fb96f343ccd4\",\"name\":\"We Love Cycling Spain\",\"image\":{\"@type\":\"ImageObject\",\"inLanguage\":\"es-ES\",\"@id\":\"https:\/\/www.welovecycling.com\/es\/#\/schema\/person\/image\/\",\"url\":\"https:\/\/secure.gravatar.com\/avatar\/c824b04e6df0e37a03219d0b6481672889df542894588964102459e46513159c?s=96&d=mm&r=g\",\"contentUrl\":\"https:\/\/secure.gravatar.com\/avatar\/c824b04e6df0e37a03219d0b6481672889df542894588964102459e46513159c?s=96&d=mm&r=g\",\"caption\":\"We Love Cycling Spain\"},\"url\":\"https:\/\/www.welovecycling.com\/es\/author\/amunoz\/\"}]}<\/script>\n<!-- \/ Yoast SEO Premium plugin. -->","yoast_head_json":{"title":"El coche de avituallamiento de La Vuelta. As\u00ed trabajan","description":"El denominado coche de avituallamiento es el que emplean los equipos en La Vuelta para ir fuera de carrera. En esta edici\u00f3n 12 de ellos eran \u0160koda.","robots":{"index":"index","follow":"follow","max-snippet":"max-snippet:-1","max-image-preview":"max-image-preview:large","max-video-preview":"max-video-preview:-1"},"canonical":"https:\/\/www.welovecycling.com\/es\/2017\/09\/12\/coche-de-avituallamiento\/","og_locale":"es_ES","og_type":"article","og_title":"Los coches de La Vuelta. As\u00ed es el veh\u00edculo de avituallamiento","og_description":"Cada vez que pasa la caravana de La Vuelta por delante los aficionados circulan decenas de coches. Todos tienen su funci\u00f3n, pero no son f\u00e1ciles de identificar. Los equipos tienen como m\u00ednimo cuatro veh\u00edculos, dos que van dentro de carrera y otros tantos fuera de ella, que se encargan de acudir a puntos de avituallamiento y a la zona de meta. Esa funci\u00f3n es la que os vamos a explicar.","og_url":"https:\/\/www.welovecycling.com\/es\/2017\/09\/12\/coche-de-avituallamiento\/","og_site_name":"\u0160koda We Love Cycling - Spain","article_published_time":"2017-09-12T09:08:13+00:00","article_modified_time":"2017-09-12T09:54:45+00:00","og_image":[{"width":2474,"height":1554,"url":"https:\/\/d2p6e6u75xmxt8.cloudfront.net\/6\/2017\/09\/VUELTA-17-COCHE-CANONDALE.jpg","type":"image\/jpeg"}],"author":"We Love Cycling Spain","twitter_card":"summary_large_image","twitter_title":"Los coches de La Vuelta. As\u00ed es el veh\u00edculo de avituallamiento","twitter_description":"Cada vez que pasa la caravana de La Vuelta por delante los aficionados circulan decenas de coches. Todos tienen su funci\u00f3n, pero no son f\u00e1ciles de identificar. Los equipos tienen como m\u00ednimo cuatro veh\u00edculos, dos que van dentro de carrera y otros tantos fuera de ella, que se encargan de acudir a puntos de avituallamiento y a la zona de meta. Esa funci\u00f3n es la que os vamos a explicar.","twitter_misc":{"Written by":"Luis Ortega  @ciclored","Est. reading time":"3 minutes"},"schema":{"@context":"https:\/\/schema.org","@graph":[{"@type":"WebPage","@id":"https:\/\/www.welovecycling.com\/es\/2017\/09\/12\/coche-de-avituallamiento\/","url":"https:\/\/www.welovecycling.com\/es\/2017\/09\/12\/coche-de-avituallamiento\/","name":"El coche de avituallamiento de La Vuelta. As\u00ed trabajan","isPartOf":{"@id":"https:\/\/www.welovecycling.com\/es\/#website"},"primaryImageOfPage":{"@id":"https:\/\/www.welovecycling.com\/es\/2017\/09\/12\/coche-de-avituallamiento\/#primaryimage"},"image":{"@id":"https:\/\/www.welovecycling.com\/es\/2017\/09\/12\/coche-de-avituallamiento\/#primaryimage"},"thumbnailUrl":"https:\/\/d2p6e6u75xmxt8.cloudfront.net\/6\/2017\/09\/VUELTA-17-COCHE-CANONDALE.jpg","datePublished":"2017-09-12T09:08:13+00:00","dateModified":"2017-09-12T09:54:45+00:00","author":{"@id":"https:\/\/www.welovecycling.com\/es\/#\/schema\/person\/deb61715b5812698ee79fb96f343ccd4"},"description":"El denominado coche de avituallamiento es el que emplean los equipos en La Vuelta para ir fuera de carrera. En esta edici\u00f3n 12 de ellos eran \u0160koda.","breadcrumb":{"@id":"https:\/\/www.welovecycling.com\/es\/2017\/09\/12\/coche-de-avituallamiento\/#breadcrumb"},"inLanguage":"es-ES","potentialAction":[{"@type":"ReadAction","target":["https:\/\/www.welovecycling.com\/es\/2017\/09\/12\/coche-de-avituallamiento\/"]}]},{"@type":"ImageObject","inLanguage":"es-ES","@id":"https:\/\/www.welovecycling.com\/es\/2017\/09\/12\/coche-de-avituallamiento\/#primaryimage","url":"https:\/\/d2p6e6u75xmxt8.cloudfront.net\/6\/2017\/09\/VUELTA-17-COCHE-CANONDALE.jpg","contentUrl":"https:\/\/d2p6e6u75xmxt8.cloudfront.net\/6\/2017\/09\/VUELTA-17-COCHE-CANONDALE.jpg","width":2474,"height":1554},{"@type":"BreadcrumbList","@id":"https:\/\/www.welovecycling.com\/es\/2017\/09\/12\/coche-de-avituallamiento\/#breadcrumb","itemListElement":[{"@type":"ListItem","position":1,"name":"Home","item":"https:\/\/www.welovecycling.com\/es\/"},{"@type":"ListItem","position":2,"name":"Los coches de La Vuelta. As\u00ed es el veh\u00edculo de avituallamiento"}]},{"@type":"WebSite","@id":"https:\/\/www.welovecycling.com\/es\/#website","url":"https:\/\/www.welovecycling.com\/es\/","name":"\u0160koda We Love Cycling - Spain","description":"\u0160koda WeLoveCycling Spain","potentialAction":[{"@type":"SearchAction","target":{"@type":"EntryPoint","urlTemplate":"https:\/\/www.welovecycling.com\/es\/?s={search_term_string}"},"query-input":{"@type":"PropertyValueSpecification","valueRequired":true,"valueName":"search_term_string"}}],"inLanguage":"es-ES"},{"@type":"Person","@id":"https:\/\/www.welovecycling.com\/es\/#\/schema\/person\/deb61715b5812698ee79fb96f343ccd4","name":"We Love Cycling Spain","image":{"@type":"ImageObject","inLanguage":"es-ES","@id":"https:\/\/www.welovecycling.com\/es\/#\/schema\/person\/image\/","url":"https:\/\/secure.gravatar.com\/avatar\/c824b04e6df0e37a03219d0b6481672889df542894588964102459e46513159c?s=96&d=mm&r=g","contentUrl":"https:\/\/secure.gravatar.com\/avatar\/c824b04e6df0e37a03219d0b6481672889df542894588964102459e46513159c?s=96&d=mm&r=g","caption":"We Love Cycling Spain"},"url":"https:\/\/www.welovecycling.com\/es\/author\/amunoz\/"}]}},"_links":{"self":[{"href":"https:\/\/www.welovecycling.com\/es\/wp-json\/wp\/v2\/posts\/1396","targetHints":{"allow":["GET"]}}],"collection":[{"href":"https:\/\/www.welovecycling.com\/es\/wp-json\/wp\/v2\/posts"}],"about":[{"href":"https:\/\/www.welovecycling.com\/es\/wp-json\/wp\/v2\/types\/post"}],"author":[{"embeddable":true,"href":"https:\/\/www.welovecycling.com\/es\/wp-json\/wp\/v2\/users\/29"}],"replies":[{"embeddable":true,"href":"https:\/\/www.welovecycling.com\/es\/wp-json\/wp\/v2\/comments?post=1396"}],"version-history":[{"count":2,"href":"https:\/\/www.welovecycling.com\/es\/wp-json\/wp\/v2\/posts\/1396\/revisions"}],"predecessor-version":[{"id":1408,"href":"https:\/\/www.welovecycling.com\/es\/wp-json\/wp\/v2\/posts\/1396\/revisions\/1408"}],"wp:featuredmedia":[{"embeddable":true,"href":"https:\/\/www.welovecycling.com\/es\/wp-json\/wp\/v2\/media\/1401"}],"wp:attachment":[{"href":"https:\/\/www.welovecycling.com\/es\/wp-json\/wp\/v2\/media?parent=1396"}],"wp:term":[{"taxonomy":"category","embeddable":true,"href":"https:\/\/www.welovecycling.com\/es\/wp-json\/wp\/v2\/categories?post=1396"},{"taxonomy":"post_tag","embeddable":true,"href":"https:\/\/www.welovecycling.com\/es\/wp-json\/wp\/v2\/tags?post=1396"},{"taxonomy":"global-categories","embeddable":true,"href":"https:\/\/www.welovecycling.com\/es\/wp-json\/wp\/v2\/global-categories?post=1396"}],"curies":[{"name":"wp","href":"https:\/\/api.w.org\/{rel}","templated":true}]}}