{"id":139,"date":"2017-02-03T10:09:51","date_gmt":"2017-02-03T10:09:51","guid":{"rendered":"https:\/\/www.welovecycling.com\/es\/?p=139"},"modified":"2017-02-22T17:33:05","modified_gmt":"2017-02-22T17:33:05","slug":"te-apetece-explorar-mundo-emprende-una-nueva-aventura-una-bicicaravana","status":"publish","type":"post","link":"https:\/\/www.welovecycling.com\/es\/2017\/02\/03\/te-apetece-explorar-mundo-emprende-una-nueva-aventura-una-bicicaravana\/","title":{"rendered":"\u00bfTe apetece explorar el mundo? Emprende una nueva aventura con una bicicaravana"},"content":{"rendered":"<p><strong>Existen tantas carreteras bonitas en el mundo&#8230; Desde pedalear con esfuerzo por fant\u00e1sticos paisajes monta\u00f1osos o practicar un ciclismo ocioso alrededor de lagos m\u00e1gicos, hasta recorrer antiguas ciudades hist\u00f3ricas. Te apetece verlo todo. Lo \u00fanico que necesitas para moverte sin preocupaciones es una bicicaravana. \u00bfBici\u2026 qu\u00e9? Lo has le\u00eddo bien. Cada vez hay m\u00e1s personas que pierden la cabeza por este modo tan peculiar de ciclismo. Para unos es m\u00e1s bien una inspiraci\u00f3n art\u00edstica, pero los hay que la perciben\u00a0como una opci\u00f3n de transporte.<\/strong><\/p>\n<p><span style=\"font-size: 18pt;\"><strong>Hecha para el festival Burning Man<\/strong><\/span><\/p>\n<p><a href=\"https:\/\/d2p6e6u75xmxt8.cloudfront.net\/6\/2017\/02\/paul_elkins1.jpg\"><img loading=\"lazy\" decoding=\"async\" class=\"alignnone size-full wp-image-141\" src=\"https:\/\/d2p6e6u75xmxt8.cloudfront.net\/6\/2017\/02\/paul_elkins1.jpg\" alt=\"\" width=\"1024\" height=\"653\" srcset=\"https:\/\/d2p6e6u75xmxt8.cloudfront.net\/6\/2017\/02\/paul_elkins1.jpg 1024w, https:\/\/d2p6e6u75xmxt8.cloudfront.net\/6\/2017\/02\/paul_elkins1-300x191.jpg 300w, https:\/\/d2p6e6u75xmxt8.cloudfront.net\/6\/2017\/02\/paul_elkins1-768x490.jpg 768w\" sizes=\"auto, (max-width: 1024px) 100vw, 1024px\" \/><\/a><\/p>\n<p>Las bicicaravanas permiten a los viajeros llegar a cualquier sitio, con una caravana en miniatura a rastras. Esta popularidad creciente proviene de la sencillez del dise\u00f1o y los bajos costes de mantenimiento. El dise\u00f1ador de bricolaje estadounidense Paul W. Elkins, conocido por sus numerosos veh\u00edculos innovadores, cre\u00f3 su propia bicicaravana con la intenci\u00f3n de llevarla al festival Burning Man que durante una semana se celebra en el desierto Black Rock de Nevada. La idea surgi\u00f3 del tema de ese a\u00f1o, &#8220;Esperanzas y miedos ante el futuro&#8221;. La mente de Paul, por entonces, se centraba en las noticias que alertaban de una potencial gripe aviar epid\u00e9mica. Fue un intento de mostrar c\u00f3mo uno puede vivir en una situaci\u00f3n vital n\u00f3mada posapocal\u00edptica.<\/p>\n<p><a href=\"https:\/\/d2p6e6u75xmxt8.cloudfront.net\/6\/2017\/02\/paul_elkins2.jpg\"><img loading=\"lazy\" decoding=\"async\" class=\"alignnone size-full wp-image-142\" src=\"https:\/\/d2p6e6u75xmxt8.cloudfront.net\/6\/2017\/02\/paul_elkins2.jpg\" alt=\"\" width=\"1024\" height=\"768\" srcset=\"https:\/\/d2p6e6u75xmxt8.cloudfront.net\/6\/2017\/02\/paul_elkins2.jpg 1024w, https:\/\/d2p6e6u75xmxt8.cloudfront.net\/6\/2017\/02\/paul_elkins2-300x225.jpg 300w, https:\/\/d2p6e6u75xmxt8.cloudfront.net\/6\/2017\/02\/paul_elkins2-768x576.jpg 768w\" sizes=\"auto, (max-width: 1024px) 100vw, 1024px\" \/><\/a><\/p>\n<p>La bicicaravana de Elkins est\u00e1 equipada con una cocina compacta, una mesa, un sistema de ventilaci\u00f3n y una cama plegable completa, con una peque\u00f1a ventana de burbuja que proporciona m\u00e1s espacio en la parte superior y la oportunidad de dormirse contemplando las estrellas en el cielo.<\/p>\n<p><a href=\"https:\/\/d2p6e6u75xmxt8.cloudfront.net\/6\/2017\/02\/paul_elkins4.jpg\"><img loading=\"lazy\" decoding=\"async\" class=\"alignnone size-full wp-image-143\" src=\"https:\/\/d2p6e6u75xmxt8.cloudfront.net\/6\/2017\/02\/paul_elkins4.jpg\" alt=\"\" width=\"1024\" height=\"768\" srcset=\"https:\/\/d2p6e6u75xmxt8.cloudfront.net\/6\/2017\/02\/paul_elkins4.jpg 1024w, https:\/\/d2p6e6u75xmxt8.cloudfront.net\/6\/2017\/02\/paul_elkins4-300x225.jpg 300w, https:\/\/d2p6e6u75xmxt8.cloudfront.net\/6\/2017\/02\/paul_elkins4-768x576.jpg 768w\" sizes=\"auto, (max-width: 1024px) 100vw, 1024px\" \/><\/a><br \/>\nLa bicicaravana solo utiliza recursos reciclables, con un horno de energ\u00eda solar, un sistema para calentar el agua solar, una turbina e\u00f3lica y luces que funcionan con energ\u00eda solar. La caravana puede soportar casi todas las condiciones meteorol\u00f3gicas, como la lluvia y el viento.<\/p>\n<p><span style=\"font-size: 18pt;\"><strong>Punto de vista art\u00edstico<\/strong><\/span><\/p>\n<p><a href=\"https:\/\/d2p6e6u75xmxt8.cloudfront.net\/6\/2017\/02\/kevin_cyr7.jpg\"><img loading=\"lazy\" decoding=\"async\" class=\"alignnone size-full wp-image-144\" src=\"https:\/\/d2p6e6u75xmxt8.cloudfront.net\/6\/2017\/02\/kevin_cyr7.jpg\" alt=\"\" width=\"900\" height=\"598\" srcset=\"https:\/\/d2p6e6u75xmxt8.cloudfront.net\/6\/2017\/02\/kevin_cyr7.jpg 900w, https:\/\/d2p6e6u75xmxt8.cloudfront.net\/6\/2017\/02\/kevin_cyr7-300x199.jpg 300w, https:\/\/d2p6e6u75xmxt8.cloudfront.net\/6\/2017\/02\/kevin_cyr7-768x510.jpg 768w, https:\/\/d2p6e6u75xmxt8.cloudfront.net\/6\/2017\/02\/kevin_cyr7-272x182.jpg 272w\" sizes=\"auto, (max-width: 900px) 100vw, 900px\" \/><\/a><\/p>\n<p>Un punto de vista m\u00e1s abierto de miras llega de la mano del artista estadounidense Kevin Cyr. A Kevin, que es de San Francisco, siempre le hab\u00edan interesado los veh\u00edculos de todo tipo, incluso los recreativos. Entre otros proyectos, se le ocurri\u00f3 la idea de construir una bicicaravana de tama\u00f1o natural. La pieza escultural funcional, construida en 2011, estaba hecha de chatarra y con unas pinturas inspiradas en su serie m\u00e1s reciente de pinturas y dibujos.<\/p>\n<p>Es muy parecida a las autocaravanas habituales, incluso en los m\u00ednimos detalles, como los reflectores, enchufes y laterales de imitaci\u00f3n madera. Para Cyr, la caravana es m\u00e1s bien una obra de arte escult\u00f3rica y no tanto un art\u00edculo recreativo funcional, pero ha demostrado definitivamente su viabilidad llev\u00e1ndola por diversas localidades.<\/p>\n<p><a href=\"https:\/\/d2p6e6u75xmxt8.cloudfront.net\/6\/2017\/02\/kevin_cyr12.jpg\"><img loading=\"lazy\" decoding=\"async\" class=\"alignnone size-full wp-image-145\" src=\"https:\/\/d2p6e6u75xmxt8.cloudfront.net\/6\/2017\/02\/kevin_cyr12.jpg\" alt=\"\" width=\"800\" height=\"646\" srcset=\"https:\/\/d2p6e6u75xmxt8.cloudfront.net\/6\/2017\/02\/kevin_cyr12.jpg 800w, https:\/\/d2p6e6u75xmxt8.cloudfront.net\/6\/2017\/02\/kevin_cyr12-300x242.jpg 300w, https:\/\/d2p6e6u75xmxt8.cloudfront.net\/6\/2017\/02\/kevin_cyr12-768x620.jpg 768w\" sizes=\"auto, (max-width: 800px) 100vw, 800px\" \/><\/a><\/p>\n<p>Si miras dentro, encontrar\u00e1s compartimentos parecidos a los de todas las caravanas y elementos habituales en ellas. Hay una cama bajo el techo, una estanter\u00eda ocupada por varios utensilios y una foto colgada en la pared o un rinc\u00f3n de cocina con su propio televisor. No hay duda de que la visi\u00f3n art\u00edstica de Kevin sintetiza numerosas visualizaciones, lo que demuestra el potencial de uso corriente.<\/p>\n<p>Puedes re\u00edrte ante tama\u00f1as ideas; sin embargo, empresas s\u00f3lidamente establecidas se plantean la bicicaravana como un posible producto comercial. Una de ellas es la alemana Dethleffs, cuyas adaptaciones de caravanas pueden verse durante los veranos en todas las autopistas europeas.<\/p>\n<p><a href=\"https:\/\/d2p6e6u75xmxt8.cloudfront.net\/6\/2017\/02\/kevin_cyr6.jpg\"><img loading=\"lazy\" decoding=\"async\" class=\"alignnone size-full wp-image-146\" src=\"https:\/\/d2p6e6u75xmxt8.cloudfront.net\/6\/2017\/02\/kevin_cyr6.jpg\" alt=\"\" width=\"900\" height=\"600\" srcset=\"https:\/\/d2p6e6u75xmxt8.cloudfront.net\/6\/2017\/02\/kevin_cyr6.jpg 900w, https:\/\/d2p6e6u75xmxt8.cloudfront.net\/6\/2017\/02\/kevin_cyr6-300x200.jpg 300w, https:\/\/d2p6e6u75xmxt8.cloudfront.net\/6\/2017\/02\/kevin_cyr6-768x512.jpg 768w, https:\/\/d2p6e6u75xmxt8.cloudfront.net\/6\/2017\/02\/kevin_cyr6-272x182.jpg 272w\" sizes=\"auto, (max-width: 900px) 100vw, 900px\" \/><\/a><\/p>\n<p>\u00bfTienes una bicicaravana? \u00bfConoces a alguien que tenga una? H\u00e1znoslo saber en los comentarios.<\/p>\n","protected":false},"excerpt":{"rendered":"<p>Existen tantas carreteras bonitas en el mundo&#8230; Desde pedalear con esfuerzo por fant\u00e1sticos paisajes monta\u00f1osos o practicar un ciclismo ocioso [&hellip;]<\/p>\n","protected":false},"author":29,"featured_media":140,"comment_status":"open","ping_status":"open","sticky":false,"template":"","format":"standard","meta":{"footnotes":""},"categories":[8],"tags":[],"global-categories":[],"class_list":["post-139","post","type-post","status-publish","format-standard","has-post-thumbnail","hentry","category-life-style"],"yoast_head":"<!-- This site is optimized with the Yoast SEO Premium plugin v25.3 (Yoast SEO v25.9) - https:\/\/yoast.com\/wordpress\/plugins\/seo\/ -->\n<title>\u00bfTe apetece explorar el mundo? Emprende una nueva aventura con una bicicaravana - \u0160koda We Love Cycling - Spain<\/title>\n<meta name=\"robots\" content=\"index, follow, max-snippet:-1, max-image-preview:large, max-video-preview:-1\" \/>\n<link rel=\"canonical\" href=\"https:\/\/www.welovecycling.com\/es\/2017\/02\/03\/te-apetece-explorar-mundo-emprende-una-nueva-aventura-una-bicicaravana\/\" \/>\n<meta property=\"og:locale\" content=\"es_ES\" \/>\n<meta property=\"og:type\" content=\"article\" \/>\n<meta property=\"og:title\" content=\"\u00bfTe apetece explorar el mundo? Emprende una nueva aventura con una bicicaravana\" \/>\n<meta property=\"og:description\" content=\"Existen tantas carreteras bonitas en el mundo&#8230; Desde pedalear con esfuerzo por fant\u00e1sticos paisajes monta\u00f1osos o practicar un ciclismo ocioso [&hellip;]\" \/>\n<meta property=\"og:url\" content=\"https:\/\/www.welovecycling.com\/es\/2017\/02\/03\/te-apetece-explorar-mundo-emprende-una-nueva-aventura-una-bicicaravana\/\" \/>\n<meta property=\"og:site_name\" content=\"\u0160koda We Love Cycling - Spain\" \/>\n<meta property=\"article:published_time\" content=\"2017-02-03T10:09:51+00:00\" \/>\n<meta property=\"article:modified_time\" content=\"2017-02-22T17:33:05+00:00\" \/>\n<meta property=\"og:image\" content=\"https:\/\/d2p6e6u75xmxt8.cloudfront.net\/6\/2017\/02\/242422442_424242424.jpg\" \/>\n\t<meta property=\"og:image:width\" content=\"1375\" \/>\n\t<meta property=\"og:image:height\" content=\"600\" \/>\n\t<meta property=\"og:image:type\" content=\"image\/jpeg\" \/>\n<meta name=\"author\" content=\"We Love Cycling Spain\" \/>\n<meta name=\"twitter:card\" content=\"summary_large_image\" \/>\n<meta name=\"twitter:label1\" content=\"Written by\" \/>\n\t<meta name=\"twitter:data1\" content=\"We Love Cycling Spain\" \/>\n\t<meta name=\"twitter:label2\" content=\"Est. reading time\" \/>\n\t<meta name=\"twitter:data2\" content=\"3 minutes\" \/>\n<script type=\"application\/ld+json\" class=\"yoast-schema-graph\">{\"@context\":\"https:\/\/schema.org\",\"@graph\":[{\"@type\":\"WebPage\",\"@id\":\"https:\/\/www.welovecycling.com\/es\/2017\/02\/03\/te-apetece-explorar-mundo-emprende-una-nueva-aventura-una-bicicaravana\/\",\"url\":\"https:\/\/www.welovecycling.com\/es\/2017\/02\/03\/te-apetece-explorar-mundo-emprende-una-nueva-aventura-una-bicicaravana\/\",\"name\":\"\u00bfTe apetece explorar el mundo? Emprende una nueva aventura con una bicicaravana - \u0160koda We Love Cycling - Spain\",\"isPartOf\":{\"@id\":\"https:\/\/www.welovecycling.com\/es\/#website\"},\"primaryImageOfPage\":{\"@id\":\"https:\/\/www.welovecycling.com\/es\/2017\/02\/03\/te-apetece-explorar-mundo-emprende-una-nueva-aventura-una-bicicaravana\/#primaryimage\"},\"image\":{\"@id\":\"https:\/\/www.welovecycling.com\/es\/2017\/02\/03\/te-apetece-explorar-mundo-emprende-una-nueva-aventura-una-bicicaravana\/#primaryimage\"},\"thumbnailUrl\":\"https:\/\/d2p6e6u75xmxt8.cloudfront.net\/6\/2017\/02\/242422442_424242424.jpg\",\"datePublished\":\"2017-02-03T10:09:51+00:00\",\"dateModified\":\"2017-02-22T17:33:05+00:00\",\"author\":{\"@id\":\"https:\/\/www.welovecycling.com\/es\/#\/schema\/person\/deb61715b5812698ee79fb96f343ccd4\"},\"breadcrumb\":{\"@id\":\"https:\/\/www.welovecycling.com\/es\/2017\/02\/03\/te-apetece-explorar-mundo-emprende-una-nueva-aventura-una-bicicaravana\/#breadcrumb\"},\"inLanguage\":\"es-ES\",\"potentialAction\":[{\"@type\":\"ReadAction\",\"target\":[\"https:\/\/www.welovecycling.com\/es\/2017\/02\/03\/te-apetece-explorar-mundo-emprende-una-nueva-aventura-una-bicicaravana\/\"]}]},{\"@type\":\"ImageObject\",\"inLanguage\":\"es-ES\",\"@id\":\"https:\/\/www.welovecycling.com\/es\/2017\/02\/03\/te-apetece-explorar-mundo-emprende-una-nueva-aventura-una-bicicaravana\/#primaryimage\",\"url\":\"https:\/\/d2p6e6u75xmxt8.cloudfront.net\/6\/2017\/02\/242422442_424242424.jpg\",\"contentUrl\":\"https:\/\/d2p6e6u75xmxt8.cloudfront.net\/6\/2017\/02\/242422442_424242424.jpg\",\"width\":1375,\"height\":600},{\"@type\":\"BreadcrumbList\",\"@id\":\"https:\/\/www.welovecycling.com\/es\/2017\/02\/03\/te-apetece-explorar-mundo-emprende-una-nueva-aventura-una-bicicaravana\/#breadcrumb\",\"itemListElement\":[{\"@type\":\"ListItem\",\"position\":1,\"name\":\"Home\",\"item\":\"https:\/\/www.welovecycling.com\/es\/\"},{\"@type\":\"ListItem\",\"position\":2,\"name\":\"\u00bfTe apetece explorar el mundo? Emprende una nueva aventura con una bicicaravana\"}]},{\"@type\":\"WebSite\",\"@id\":\"https:\/\/www.welovecycling.com\/es\/#website\",\"url\":\"https:\/\/www.welovecycling.com\/es\/\",\"name\":\"\u0160koda We Love Cycling - Spain\",\"description\":\"\u0160koda WeLoveCycling Spain\",\"potentialAction\":[{\"@type\":\"SearchAction\",\"target\":{\"@type\":\"EntryPoint\",\"urlTemplate\":\"https:\/\/www.welovecycling.com\/es\/?s={search_term_string}\"},\"query-input\":{\"@type\":\"PropertyValueSpecification\",\"valueRequired\":true,\"valueName\":\"search_term_string\"}}],\"inLanguage\":\"es-ES\"},{\"@type\":\"Person\",\"@id\":\"https:\/\/www.welovecycling.com\/es\/#\/schema\/person\/deb61715b5812698ee79fb96f343ccd4\",\"name\":\"We Love Cycling Spain\",\"image\":{\"@type\":\"ImageObject\",\"inLanguage\":\"es-ES\",\"@id\":\"https:\/\/www.welovecycling.com\/es\/#\/schema\/person\/image\/\",\"url\":\"https:\/\/secure.gravatar.com\/avatar\/c824b04e6df0e37a03219d0b6481672889df542894588964102459e46513159c?s=96&d=mm&r=g\",\"contentUrl\":\"https:\/\/secure.gravatar.com\/avatar\/c824b04e6df0e37a03219d0b6481672889df542894588964102459e46513159c?s=96&d=mm&r=g\",\"caption\":\"We Love Cycling Spain\"},\"url\":\"https:\/\/www.welovecycling.com\/es\/author\/amunoz\/\"}]}<\/script>\n<!-- \/ Yoast SEO Premium plugin. -->","yoast_head_json":{"title":"\u00bfTe apetece explorar el mundo? Emprende una nueva aventura con una bicicaravana - \u0160koda We Love Cycling - Spain","robots":{"index":"index","follow":"follow","max-snippet":"max-snippet:-1","max-image-preview":"max-image-preview:large","max-video-preview":"max-video-preview:-1"},"canonical":"https:\/\/www.welovecycling.com\/es\/2017\/02\/03\/te-apetece-explorar-mundo-emprende-una-nueva-aventura-una-bicicaravana\/","og_locale":"es_ES","og_type":"article","og_title":"\u00bfTe apetece explorar el mundo? Emprende una nueva aventura con una bicicaravana","og_description":"Existen tantas carreteras bonitas en el mundo&#8230; Desde pedalear con esfuerzo por fant\u00e1sticos paisajes monta\u00f1osos o practicar un ciclismo ocioso [&hellip;]","og_url":"https:\/\/www.welovecycling.com\/es\/2017\/02\/03\/te-apetece-explorar-mundo-emprende-una-nueva-aventura-una-bicicaravana\/","og_site_name":"\u0160koda We Love Cycling - Spain","article_published_time":"2017-02-03T10:09:51+00:00","article_modified_time":"2017-02-22T17:33:05+00:00","og_image":[{"width":1375,"height":600,"url":"https:\/\/d2p6e6u75xmxt8.cloudfront.net\/6\/2017\/02\/242422442_424242424.jpg","type":"image\/jpeg"}],"author":"We Love Cycling Spain","twitter_card":"summary_large_image","twitter_misc":{"Written by":"We Love Cycling Spain","Est. reading time":"3 minutes"},"schema":{"@context":"https:\/\/schema.org","@graph":[{"@type":"WebPage","@id":"https:\/\/www.welovecycling.com\/es\/2017\/02\/03\/te-apetece-explorar-mundo-emprende-una-nueva-aventura-una-bicicaravana\/","url":"https:\/\/www.welovecycling.com\/es\/2017\/02\/03\/te-apetece-explorar-mundo-emprende-una-nueva-aventura-una-bicicaravana\/","name":"\u00bfTe apetece explorar el mundo? Emprende una nueva aventura con una bicicaravana - \u0160koda We Love Cycling - Spain","isPartOf":{"@id":"https:\/\/www.welovecycling.com\/es\/#website"},"primaryImageOfPage":{"@id":"https:\/\/www.welovecycling.com\/es\/2017\/02\/03\/te-apetece-explorar-mundo-emprende-una-nueva-aventura-una-bicicaravana\/#primaryimage"},"image":{"@id":"https:\/\/www.welovecycling.com\/es\/2017\/02\/03\/te-apetece-explorar-mundo-emprende-una-nueva-aventura-una-bicicaravana\/#primaryimage"},"thumbnailUrl":"https:\/\/d2p6e6u75xmxt8.cloudfront.net\/6\/2017\/02\/242422442_424242424.jpg","datePublished":"2017-02-03T10:09:51+00:00","dateModified":"2017-02-22T17:33:05+00:00","author":{"@id":"https:\/\/www.welovecycling.com\/es\/#\/schema\/person\/deb61715b5812698ee79fb96f343ccd4"},"breadcrumb":{"@id":"https:\/\/www.welovecycling.com\/es\/2017\/02\/03\/te-apetece-explorar-mundo-emprende-una-nueva-aventura-una-bicicaravana\/#breadcrumb"},"inLanguage":"es-ES","potentialAction":[{"@type":"ReadAction","target":["https:\/\/www.welovecycling.com\/es\/2017\/02\/03\/te-apetece-explorar-mundo-emprende-una-nueva-aventura-una-bicicaravana\/"]}]},{"@type":"ImageObject","inLanguage":"es-ES","@id":"https:\/\/www.welovecycling.com\/es\/2017\/02\/03\/te-apetece-explorar-mundo-emprende-una-nueva-aventura-una-bicicaravana\/#primaryimage","url":"https:\/\/d2p6e6u75xmxt8.cloudfront.net\/6\/2017\/02\/242422442_424242424.jpg","contentUrl":"https:\/\/d2p6e6u75xmxt8.cloudfront.net\/6\/2017\/02\/242422442_424242424.jpg","width":1375,"height":600},{"@type":"BreadcrumbList","@id":"https:\/\/www.welovecycling.com\/es\/2017\/02\/03\/te-apetece-explorar-mundo-emprende-una-nueva-aventura-una-bicicaravana\/#breadcrumb","itemListElement":[{"@type":"ListItem","position":1,"name":"Home","item":"https:\/\/www.welovecycling.com\/es\/"},{"@type":"ListItem","position":2,"name":"\u00bfTe apetece explorar el mundo? Emprende una nueva aventura con una bicicaravana"}]},{"@type":"WebSite","@id":"https:\/\/www.welovecycling.com\/es\/#website","url":"https:\/\/www.welovecycling.com\/es\/","name":"\u0160koda We Love Cycling - Spain","description":"\u0160koda WeLoveCycling Spain","potentialAction":[{"@type":"SearchAction","target":{"@type":"EntryPoint","urlTemplate":"https:\/\/www.welovecycling.com\/es\/?s={search_term_string}"},"query-input":{"@type":"PropertyValueSpecification","valueRequired":true,"valueName":"search_term_string"}}],"inLanguage":"es-ES"},{"@type":"Person","@id":"https:\/\/www.welovecycling.com\/es\/#\/schema\/person\/deb61715b5812698ee79fb96f343ccd4","name":"We Love Cycling Spain","image":{"@type":"ImageObject","inLanguage":"es-ES","@id":"https:\/\/www.welovecycling.com\/es\/#\/schema\/person\/image\/","url":"https:\/\/secure.gravatar.com\/avatar\/c824b04e6df0e37a03219d0b6481672889df542894588964102459e46513159c?s=96&d=mm&r=g","contentUrl":"https:\/\/secure.gravatar.com\/avatar\/c824b04e6df0e37a03219d0b6481672889df542894588964102459e46513159c?s=96&d=mm&r=g","caption":"We Love Cycling Spain"},"url":"https:\/\/www.welovecycling.com\/es\/author\/amunoz\/"}]}},"_links":{"self":[{"href":"https:\/\/www.welovecycling.com\/es\/wp-json\/wp\/v2\/posts\/139","targetHints":{"allow":["GET"]}}],"collection":[{"href":"https:\/\/www.welovecycling.com\/es\/wp-json\/wp\/v2\/posts"}],"about":[{"href":"https:\/\/www.welovecycling.com\/es\/wp-json\/wp\/v2\/types\/post"}],"author":[{"embeddable":true,"href":"https:\/\/www.welovecycling.com\/es\/wp-json\/wp\/v2\/users\/29"}],"replies":[{"embeddable":true,"href":"https:\/\/www.welovecycling.com\/es\/wp-json\/wp\/v2\/comments?post=139"}],"version-history":[{"count":2,"href":"https:\/\/www.welovecycling.com\/es\/wp-json\/wp\/v2\/posts\/139\/revisions"}],"predecessor-version":[{"id":389,"href":"https:\/\/www.welovecycling.com\/es\/wp-json\/wp\/v2\/posts\/139\/revisions\/389"}],"wp:featuredmedia":[{"embeddable":true,"href":"https:\/\/www.welovecycling.com\/es\/wp-json\/wp\/v2\/media\/140"}],"wp:attachment":[{"href":"https:\/\/www.welovecycling.com\/es\/wp-json\/wp\/v2\/media?parent=139"}],"wp:term":[{"taxonomy":"category","embeddable":true,"href":"https:\/\/www.welovecycling.com\/es\/wp-json\/wp\/v2\/categories?post=139"},{"taxonomy":"post_tag","embeddable":true,"href":"https:\/\/www.welovecycling.com\/es\/wp-json\/wp\/v2\/tags?post=139"},{"taxonomy":"global-categories","embeddable":true,"href":"https:\/\/www.welovecycling.com\/es\/wp-json\/wp\/v2\/global-categories?post=139"}],"curies":[{"name":"wp","href":"https:\/\/api.w.org\/{rel}","templated":true}]}}