{"id":1385,"date":"2017-09-08T10:04:00","date_gmt":"2017-09-08T08:04:00","guid":{"rendered":"https:\/\/www.welovecycling.com\/es\/?p=1385"},"modified":"2017-09-12T16:59:01","modified_gmt":"2017-09-12T14:59:01","slug":"la-vuelta-se-termina-sigues-pedaleando","status":"publish","type":"post","link":"https:\/\/www.welovecycling.com\/es\/2017\/09\/08\/la-vuelta-se-termina-sigues-pedaleando\/","title":{"rendered":"La Vuelta se termina, pero t\u00fa sigues pedaleando."},"content":{"rendered":"<p><strong>V\u00edstete como un ciclista profesional con art\u00edculos oficiales\u00a0<\/strong><\/p>\n<p>Ya has visto a los ciclistas de La Vuelta, ahora puedes ser t\u00fa el que d\u00e9 vueltas como un profesional. <strong>\u0160koda<\/strong>, \u00a0<strong>coche oficial\u00a0de La Vuelta a Espa\u00f1a<\/strong>\u00a0<strong>sortea<\/strong>, entre otras cosas,<strong> el maillot oficial Santini<\/strong>. Aerodin\u00e1mico, flexible y con protecci\u00f3n para la transpiraci\u00f3n, exactamente como el que usaron los\u00a0profesionales. \u00a1Si\u00e9ntete un ciclista de competici\u00f3n!<\/p>\n<p>Adem\u00e1s, los packs de premios incluyen los siguientes productos:<\/p>\n<ul>\n<li>Maillot Oficial \u0160koda<\/li>\n<li>Peluche oficial de p\u00f3dium<\/li>\n<li>Casco \u0160koda profesional CRIMO con tecnolog\u00eda Inmold<\/li>\n<li>Cuollote \u0160koda<\/li>\n<li>Guantes de ciclista<\/li>\n<li>Luces<\/li>\n<li>Llavero de ciclista<\/li>\n<\/ul>\n<p>&nbsp;<\/p>\n<p>\u00a1Ap\u00fantate y recibe en tu domicilio este pack para fan\u00e1ticos del ciclismo!<\/p>\n<p><a href=\"http:\/\/formularios.skoda.es\/sorteo_packskoda_lavuelta17\/\"><strong><u>PARTICIPA EN EL SORTEO<\/u><\/strong><\/a><\/p>\n","protected":false},"excerpt":{"rendered":"<p>V\u00edstete como un ciclista profesional con art\u00edculos oficiales\u00a0 Ya has visto a los ciclistas de La Vuelta, ahora puedes ser [&hellip;]<\/p>\n","protected":false},"author":29,"featured_media":1386,"comment_status":"open","ping_status":"open","sticky":false,"template":"","format":"standard","meta":{"footnotes":""},"categories":[7],"tags":[],"global-categories":[],"class_list":["post-1385","post","type-post","status-publish","format-standard","has-post-thumbnail","hentry","category-carretera"],"yoast_head":"<!-- This site is optimized with the Yoast SEO Premium plugin v25.3 (Yoast SEO v25.9) - https:\/\/yoast.com\/wordpress\/plugins\/seo\/ -->\n<title>La Vuelta se termina, pero t\u00fa sigues pedaleando. - \u0160koda We Love Cycling - Spain<\/title>\n<meta name=\"robots\" content=\"index, follow, max-snippet:-1, max-image-preview:large, max-video-preview:-1\" \/>\n<link rel=\"canonical\" href=\"https:\/\/www.welovecycling.com\/es\/2017\/09\/08\/la-vuelta-se-termina-sigues-pedaleando\/\" \/>\n<meta property=\"og:locale\" content=\"es_ES\" \/>\n<meta property=\"og:type\" content=\"article\" \/>\n<meta property=\"og:title\" content=\"La Vuelta se termina, pero t\u00fa sigues pedaleando.\" \/>\n<meta property=\"og:description\" content=\"V\u00edstete como un ciclista profesional con art\u00edculos oficiales\u00a0 Ya has visto a los ciclistas de La Vuelta, ahora puedes ser [&hellip;]\" \/>\n<meta property=\"og:url\" content=\"https:\/\/www.welovecycling.com\/es\/2017\/09\/08\/la-vuelta-se-termina-sigues-pedaleando\/\" \/>\n<meta property=\"og:site_name\" content=\"\u0160koda We Love Cycling - Spain\" \/>\n<meta property=\"article:published_time\" content=\"2017-09-08T08:04:00+00:00\" \/>\n<meta property=\"article:modified_time\" content=\"2017-09-12T14:59:01+00:00\" \/>\n<meta property=\"og:image\" content=\"https:\/\/d2p6e6u75xmxt8.cloudfront.net\/6\/2017\/09\/lavuelta.jpg\" \/>\n\t<meta property=\"og:image:width\" content=\"1200\" \/>\n\t<meta property=\"og:image:height\" content=\"628\" \/>\n\t<meta property=\"og:image:type\" content=\"image\/jpeg\" \/>\n<meta name=\"author\" content=\"We Love Cycling Spain\" \/>\n<meta name=\"twitter:card\" content=\"summary_large_image\" \/>\n<meta name=\"twitter:label1\" content=\"Written by\" \/>\n\t<meta name=\"twitter:data1\" content=\"We Love Cycling Spain\" \/>\n\t<meta name=\"twitter:label2\" content=\"Est. reading time\" \/>\n\t<meta name=\"twitter:data2\" content=\"1 minute\" \/>\n<script type=\"application\/ld+json\" class=\"yoast-schema-graph\">{\"@context\":\"https:\/\/schema.org\",\"@graph\":[{\"@type\":\"WebPage\",\"@id\":\"https:\/\/www.welovecycling.com\/es\/2017\/09\/08\/la-vuelta-se-termina-sigues-pedaleando\/\",\"url\":\"https:\/\/www.welovecycling.com\/es\/2017\/09\/08\/la-vuelta-se-termina-sigues-pedaleando\/\",\"name\":\"La Vuelta se termina, pero t\u00fa sigues pedaleando. - \u0160koda We Love Cycling - Spain\",\"isPartOf\":{\"@id\":\"https:\/\/www.welovecycling.com\/es\/#website\"},\"primaryImageOfPage\":{\"@id\":\"https:\/\/www.welovecycling.com\/es\/2017\/09\/08\/la-vuelta-se-termina-sigues-pedaleando\/#primaryimage\"},\"image\":{\"@id\":\"https:\/\/www.welovecycling.com\/es\/2017\/09\/08\/la-vuelta-se-termina-sigues-pedaleando\/#primaryimage\"},\"thumbnailUrl\":\"https:\/\/d2p6e6u75xmxt8.cloudfront.net\/6\/2017\/09\/lavuelta.jpg\",\"datePublished\":\"2017-09-08T08:04:00+00:00\",\"dateModified\":\"2017-09-12T14:59:01+00:00\",\"author\":{\"@id\":\"https:\/\/www.welovecycling.com\/es\/#\/schema\/person\/deb61715b5812698ee79fb96f343ccd4\"},\"breadcrumb\":{\"@id\":\"https:\/\/www.welovecycling.com\/es\/2017\/09\/08\/la-vuelta-se-termina-sigues-pedaleando\/#breadcrumb\"},\"inLanguage\":\"es-ES\",\"potentialAction\":[{\"@type\":\"ReadAction\",\"target\":[\"https:\/\/www.welovecycling.com\/es\/2017\/09\/08\/la-vuelta-se-termina-sigues-pedaleando\/\"]}]},{\"@type\":\"ImageObject\",\"inLanguage\":\"es-ES\",\"@id\":\"https:\/\/www.welovecycling.com\/es\/2017\/09\/08\/la-vuelta-se-termina-sigues-pedaleando\/#primaryimage\",\"url\":\"https:\/\/d2p6e6u75xmxt8.cloudfront.net\/6\/2017\/09\/lavuelta.jpg\",\"contentUrl\":\"https:\/\/d2p6e6u75xmxt8.cloudfront.net\/6\/2017\/09\/lavuelta.jpg\",\"width\":1200,\"height\":628},{\"@type\":\"BreadcrumbList\",\"@id\":\"https:\/\/www.welovecycling.com\/es\/2017\/09\/08\/la-vuelta-se-termina-sigues-pedaleando\/#breadcrumb\",\"itemListElement\":[{\"@type\":\"ListItem\",\"position\":1,\"name\":\"Home\",\"item\":\"https:\/\/www.welovecycling.com\/es\/\"},{\"@type\":\"ListItem\",\"position\":2,\"name\":\"La Vuelta se termina, pero t\u00fa sigues pedaleando.\"}]},{\"@type\":\"WebSite\",\"@id\":\"https:\/\/www.welovecycling.com\/es\/#website\",\"url\":\"https:\/\/www.welovecycling.com\/es\/\",\"name\":\"\u0160koda We Love Cycling - Spain\",\"description\":\"\u0160koda WeLoveCycling Spain\",\"potentialAction\":[{\"@type\":\"SearchAction\",\"target\":{\"@type\":\"EntryPoint\",\"urlTemplate\":\"https:\/\/www.welovecycling.com\/es\/?s={search_term_string}\"},\"query-input\":{\"@type\":\"PropertyValueSpecification\",\"valueRequired\":true,\"valueName\":\"search_term_string\"}}],\"inLanguage\":\"es-ES\"},{\"@type\":\"Person\",\"@id\":\"https:\/\/www.welovecycling.com\/es\/#\/schema\/person\/deb61715b5812698ee79fb96f343ccd4\",\"name\":\"We Love Cycling Spain\",\"image\":{\"@type\":\"ImageObject\",\"inLanguage\":\"es-ES\",\"@id\":\"https:\/\/www.welovecycling.com\/es\/#\/schema\/person\/image\/\",\"url\":\"https:\/\/secure.gravatar.com\/avatar\/c824b04e6df0e37a03219d0b6481672889df542894588964102459e46513159c?s=96&d=mm&r=g\",\"contentUrl\":\"https:\/\/secure.gravatar.com\/avatar\/c824b04e6df0e37a03219d0b6481672889df542894588964102459e46513159c?s=96&d=mm&r=g\",\"caption\":\"We Love Cycling Spain\"},\"url\":\"https:\/\/www.welovecycling.com\/es\/author\/amunoz\/\"}]}<\/script>\n<!-- \/ Yoast SEO Premium plugin. -->","yoast_head_json":{"title":"La Vuelta se termina, pero t\u00fa sigues pedaleando. - \u0160koda We Love Cycling - Spain","robots":{"index":"index","follow":"follow","max-snippet":"max-snippet:-1","max-image-preview":"max-image-preview:large","max-video-preview":"max-video-preview:-1"},"canonical":"https:\/\/www.welovecycling.com\/es\/2017\/09\/08\/la-vuelta-se-termina-sigues-pedaleando\/","og_locale":"es_ES","og_type":"article","og_title":"La Vuelta se termina, pero t\u00fa sigues pedaleando.","og_description":"V\u00edstete como un ciclista profesional con art\u00edculos oficiales\u00a0 Ya has visto a los ciclistas de La Vuelta, ahora puedes ser [&hellip;]","og_url":"https:\/\/www.welovecycling.com\/es\/2017\/09\/08\/la-vuelta-se-termina-sigues-pedaleando\/","og_site_name":"\u0160koda We Love Cycling - Spain","article_published_time":"2017-09-08T08:04:00+00:00","article_modified_time":"2017-09-12T14:59:01+00:00","og_image":[{"width":1200,"height":628,"url":"https:\/\/d2p6e6u75xmxt8.cloudfront.net\/6\/2017\/09\/lavuelta.jpg","type":"image\/jpeg"}],"author":"We Love Cycling Spain","twitter_card":"summary_large_image","twitter_misc":{"Written by":"We Love Cycling Spain","Est. reading time":"1 minute"},"schema":{"@context":"https:\/\/schema.org","@graph":[{"@type":"WebPage","@id":"https:\/\/www.welovecycling.com\/es\/2017\/09\/08\/la-vuelta-se-termina-sigues-pedaleando\/","url":"https:\/\/www.welovecycling.com\/es\/2017\/09\/08\/la-vuelta-se-termina-sigues-pedaleando\/","name":"La Vuelta se termina, pero t\u00fa sigues pedaleando. - \u0160koda We Love Cycling - Spain","isPartOf":{"@id":"https:\/\/www.welovecycling.com\/es\/#website"},"primaryImageOfPage":{"@id":"https:\/\/www.welovecycling.com\/es\/2017\/09\/08\/la-vuelta-se-termina-sigues-pedaleando\/#primaryimage"},"image":{"@id":"https:\/\/www.welovecycling.com\/es\/2017\/09\/08\/la-vuelta-se-termina-sigues-pedaleando\/#primaryimage"},"thumbnailUrl":"https:\/\/d2p6e6u75xmxt8.cloudfront.net\/6\/2017\/09\/lavuelta.jpg","datePublished":"2017-09-08T08:04:00+00:00","dateModified":"2017-09-12T14:59:01+00:00","author":{"@id":"https:\/\/www.welovecycling.com\/es\/#\/schema\/person\/deb61715b5812698ee79fb96f343ccd4"},"breadcrumb":{"@id":"https:\/\/www.welovecycling.com\/es\/2017\/09\/08\/la-vuelta-se-termina-sigues-pedaleando\/#breadcrumb"},"inLanguage":"es-ES","potentialAction":[{"@type":"ReadAction","target":["https:\/\/www.welovecycling.com\/es\/2017\/09\/08\/la-vuelta-se-termina-sigues-pedaleando\/"]}]},{"@type":"ImageObject","inLanguage":"es-ES","@id":"https:\/\/www.welovecycling.com\/es\/2017\/09\/08\/la-vuelta-se-termina-sigues-pedaleando\/#primaryimage","url":"https:\/\/d2p6e6u75xmxt8.cloudfront.net\/6\/2017\/09\/lavuelta.jpg","contentUrl":"https:\/\/d2p6e6u75xmxt8.cloudfront.net\/6\/2017\/09\/lavuelta.jpg","width":1200,"height":628},{"@type":"BreadcrumbList","@id":"https:\/\/www.welovecycling.com\/es\/2017\/09\/08\/la-vuelta-se-termina-sigues-pedaleando\/#breadcrumb","itemListElement":[{"@type":"ListItem","position":1,"name":"Home","item":"https:\/\/www.welovecycling.com\/es\/"},{"@type":"ListItem","position":2,"name":"La Vuelta se termina, pero t\u00fa sigues pedaleando."}]},{"@type":"WebSite","@id":"https:\/\/www.welovecycling.com\/es\/#website","url":"https:\/\/www.welovecycling.com\/es\/","name":"\u0160koda We Love Cycling - Spain","description":"\u0160koda WeLoveCycling Spain","potentialAction":[{"@type":"SearchAction","target":{"@type":"EntryPoint","urlTemplate":"https:\/\/www.welovecycling.com\/es\/?s={search_term_string}"},"query-input":{"@type":"PropertyValueSpecification","valueRequired":true,"valueName":"search_term_string"}}],"inLanguage":"es-ES"},{"@type":"Person","@id":"https:\/\/www.welovecycling.com\/es\/#\/schema\/person\/deb61715b5812698ee79fb96f343ccd4","name":"We Love Cycling Spain","image":{"@type":"ImageObject","inLanguage":"es-ES","@id":"https:\/\/www.welovecycling.com\/es\/#\/schema\/person\/image\/","url":"https:\/\/secure.gravatar.com\/avatar\/c824b04e6df0e37a03219d0b6481672889df542894588964102459e46513159c?s=96&d=mm&r=g","contentUrl":"https:\/\/secure.gravatar.com\/avatar\/c824b04e6df0e37a03219d0b6481672889df542894588964102459e46513159c?s=96&d=mm&r=g","caption":"We Love Cycling Spain"},"url":"https:\/\/www.welovecycling.com\/es\/author\/amunoz\/"}]}},"_links":{"self":[{"href":"https:\/\/www.welovecycling.com\/es\/wp-json\/wp\/v2\/posts\/1385","targetHints":{"allow":["GET"]}}],"collection":[{"href":"https:\/\/www.welovecycling.com\/es\/wp-json\/wp\/v2\/posts"}],"about":[{"href":"https:\/\/www.welovecycling.com\/es\/wp-json\/wp\/v2\/types\/post"}],"author":[{"embeddable":true,"href":"https:\/\/www.welovecycling.com\/es\/wp-json\/wp\/v2\/users\/29"}],"replies":[{"embeddable":true,"href":"https:\/\/www.welovecycling.com\/es\/wp-json\/wp\/v2\/comments?post=1385"}],"version-history":[{"count":2,"href":"https:\/\/www.welovecycling.com\/es\/wp-json\/wp\/v2\/posts\/1385\/revisions"}],"predecessor-version":[{"id":1409,"href":"https:\/\/www.welovecycling.com\/es\/wp-json\/wp\/v2\/posts\/1385\/revisions\/1409"}],"wp:featuredmedia":[{"embeddable":true,"href":"https:\/\/www.welovecycling.com\/es\/wp-json\/wp\/v2\/media\/1386"}],"wp:attachment":[{"href":"https:\/\/www.welovecycling.com\/es\/wp-json\/wp\/v2\/media?parent=1385"}],"wp:term":[{"taxonomy":"category","embeddable":true,"href":"https:\/\/www.welovecycling.com\/es\/wp-json\/wp\/v2\/categories?post=1385"},{"taxonomy":"post_tag","embeddable":true,"href":"https:\/\/www.welovecycling.com\/es\/wp-json\/wp\/v2\/tags?post=1385"},{"taxonomy":"global-categories","embeddable":true,"href":"https:\/\/www.welovecycling.com\/es\/wp-json\/wp\/v2\/global-categories?post=1385"}],"curies":[{"name":"wp","href":"https:\/\/api.w.org\/{rel}","templated":true}]}}