{"id":1382,"date":"2017-09-08T10:07:53","date_gmt":"2017-09-08T08:07:53","guid":{"rendered":"https:\/\/www.welovecycling.com\/es\/?p=1382"},"modified":"2017-10-30T14:30:08","modified_gmt":"2017-10-30T12:30:08","slug":"los-desarrollos-de-la-vuelta-del-58-al-32","status":"publish","type":"post","link":"https:\/\/www.welovecycling.com\/es\/2017\/09\/08\/los-desarrollos-de-la-vuelta-del-58-al-32\/","title":{"rendered":"Los desarrollos de La Vuelta, del 58 al 32"},"content":{"rendered":"<p><strong>Aunque para el com\u00fan de los aficionados no tiene demasiada importancia, para los que pedalean es algo fundamental para entender c\u00f3mo va a ser cada etapa. El desarrollo de las bicicletas, es decir, la combinaci\u00f3n de platos y pi\u00f1ones, se modifica cada d\u00eda y ha ido cambiando con el paso de los a\u00f1os. Adem\u00e1s, en d\u00edas como el Angliru se utilizan desarrollos especiales, casi de mountain bike<\/strong><strong>.<\/strong><br \/>\n<!--more--><\/p>\n<p>Atr\u00e1s queda el &#8216;triste&#8217; <strong>53&#215;39 y 11&#215;25 que se utilizaba para casi todas las etapas en los a\u00f1os 90 o los 55&#215;42 y 11&#215;23 de los tiempos pret\u00e9ritos del ciclismo<\/strong>, es los que ve\u00eda a todos los ciclistas dar &#8216;chepazos&#8217; en casi cada puerto de monta\u00f1a. Por esas razones, sobre todo t\u00e9cnicas, las subidas de grandes desniveles mantenidos no llegaron al ciclismo hasta finales de los 90 y se han popularizado en este siglo XXI.<\/p>\n<p>Desde la invenci\u00f3n del &#8216;<strong>compact&#8217;, es decir, la posibilidad de montar un 50&#215;34 de plato<\/strong>, los desarrollos han ido tendiendo a ser m\u00e1s &#8216;humanos&#8217;, sobre todo cuando se pudo poner en la pi\u00f1onera un 28. Y las ascensiones, m\u00e1s &#8216;inhumanas&#8217;. Era el desarrollo ideal para superar el Angliru, el Mortirolo o el Zoncolan, las tres primeras subidas con desniveles mantenidos por encima del 12% durante varios kil\u00f3metros. All\u00ed donde los m\u00fasculos de los ciclistas se agotan.<\/p>\n<p><a href=\"https:\/\/d2p6e6u75xmxt8.cloudfront.net\/6\/2017\/09\/ETAPA-13-BICIS.JPG.jpg\"><img loading=\"lazy\" decoding=\"async\" class=\"aligncenter size-large wp-image-1390\" src=\"https:\/\/d2p6e6u75xmxt8.cloudfront.net\/6\/2017\/09\/ETAPA-13-BICIS.JPG-1024x505.jpg\" alt=\"\" width=\"1024\" height=\"505\" srcset=\"https:\/\/d2p6e6u75xmxt8.cloudfront.net\/6\/2017\/09\/ETAPA-13-BICIS.JPG-1024x505.jpg 1024w, https:\/\/d2p6e6u75xmxt8.cloudfront.net\/6\/2017\/09\/ETAPA-13-BICIS.JPG-300x148.jpg 300w, https:\/\/d2p6e6u75xmxt8.cloudfront.net\/6\/2017\/09\/ETAPA-13-BICIS.JPG-768x379.jpg 768w, https:\/\/d2p6e6u75xmxt8.cloudfront.net\/6\/2017\/09\/ETAPA-13-BICIS.JPG.jpg 1152w\" sizes=\"auto, (max-width: 1024px) 100vw, 1024px\" \/><\/a><\/p>\n<p>Quiz\u00e1s el primer &#8216;hito&#8217; en cuesti\u00f3n de desarrollos lo marc\u00f3 <strong>Juanjo Cobo y el Geox en La Vuelta de 2011<\/strong>, cuando super\u00f3 a <strong>Chris Froome en el Angliru con un 34&#215;32<\/strong> de m\u00e1ximo. Es decir, una multiplicaci\u00f3n propia de bicicleta de monta\u00f1a. \u00a0La cadencia de pedaleo y la agilidad, que hab\u00eda puesto de moda Lance Armstrong en su regreso al ciclismo despu\u00e9s de su enfermedad, se asentaban como la f\u00f3rmula m\u00e1s adecuada para superar este tipo de puertos.<\/p>\n<p>El problema empez\u00f3 a ser entonces c\u00f3mo combinar un desarrollo as\u00ed, <strong>50&#215;34 y 11&#215;32<\/strong> para etapas en las que adem\u00e1s de un puerto imposible hab\u00eda llanos y bajadas en las que el 50&#215;11 se quedaba demasiado corto con respecto a los que llevaban un <strong>54&#215;39 y 11&#215;25<\/strong>. Una soluci\u00f3n era cambiar de bicicleta poco antes de la subida, la otra lleg\u00f3, una vez m\u00e1s, con la t\u00e9cnica. <strong>Cassettes de hasta 11 coronas<\/strong>\u00a0y, sobre todo cambios traseros de &#8216;caja larga&#8217; permitieron que la cadena siempre fuese tensa y que, ahora mismo, los ciclistas puedan jugar con casi cualquier desarrollo. Eso s\u00ed, el trabajo para los mec\u00e1nicos se ha multiplicado.<\/p>\n<h2>\u00bfQu\u00e9 desarrollos se emplean ahora?<\/h2>\n<p>As\u00ed que muy poco tiene que ver el <strong>58&#215;42 y 11&#215;25<\/strong> que montaron varios de los favoritos en la crono de <strong>Logro\u00f1o<\/strong> para rodar a medias superiores a los 50 por hora, con los 50&#215;34 y 11&#215;32 que utilizaron\u00a0en Los Machucos los amantes del &#8216;molinillo&#8217; y que van a emplear casi todos\u00a0en la etapa del Angliru.<\/p>\n<p>Pero estos son los extremos.\u00a0La variedad de desarrollos y de opciones por ciclista se ve en etapas mixtas, con subidas duras, llanos y bajadas como los d\u00edas de <strong>Sierra Nevada con Haza Llanas y El Purche<\/strong>, el de La Pandera o la ascensi\u00f3n a Izoard en la \u00faltima jornada de monta\u00f1a del pasado Tour de Francia. Aqu\u00ed toca jugar a medir las fuerzas de cada ciclista, sus opciones de disputar la etapa y su tipo de pedaleo, con m\u00e1s o menos cadencia.<\/p>\n<p><a href=\"https:\/\/d2p6e6u75xmxt8.cloudfront.net\/6\/2017\/09\/La-Vuelta.-Chaves..jpg\"><img loading=\"lazy\" decoding=\"async\" class=\"aligncenter size-large wp-image-1391\" src=\"https:\/\/d2p6e6u75xmxt8.cloudfront.net\/6\/2017\/09\/La-Vuelta.-Chaves.-1024x576.jpg\" alt=\"\" width=\"1024\" height=\"576\" srcset=\"https:\/\/d2p6e6u75xmxt8.cloudfront.net\/6\/2017\/09\/La-Vuelta.-Chaves.-1024x576.jpg 1024w, https:\/\/d2p6e6u75xmxt8.cloudfront.net\/6\/2017\/09\/La-Vuelta.-Chaves.-300x169.jpg 300w, https:\/\/d2p6e6u75xmxt8.cloudfront.net\/6\/2017\/09\/La-Vuelta.-Chaves.-768x432.jpg 768w, https:\/\/d2p6e6u75xmxt8.cloudfront.net\/6\/2017\/09\/La-Vuelta.-Chaves.-1920x1080.jpg 1920w, https:\/\/d2p6e6u75xmxt8.cloudfront.net\/6\/2017\/09\/La-Vuelta.-Chaves.-1920x1080.jpg 1920w\" sizes=\"auto, (max-width: 1024px) 100vw, 1024px\" \/><\/a><\/p>\n<p>Las opciones van del <strong>54&#215;39 y 11&#215;28<\/strong> de los que andan m\u00e1s &#8216;atascados&#8217; a jugar con el <strong>53&#215;38 o 36<\/strong> en los platos y m\u00e1ximos de <strong>30 y 32<\/strong> en las coronas traseras. \u00a0Con un 54&#215;36 y 11&#215;32 <strong>Johan Esteban Chaves<\/strong> pudo aguantar sin problemas en el pelot\u00f3n durante los llanos jieneneses y luego atacar en la parte m\u00e1s dura de La Pandera, cuando el desnivel supera el 14% durante dos kil\u00f3metros. <strong>Froome<\/strong>, uno de los grandes aficionados al &#8216;molinillo&#8217;, emple\u00f3 el mismo aquel d\u00eda. Contador, que pedalea m\u00e1s de pie, suele optar por el 38 o 36 delante por 30 detr\u00e1s para ese tipo de etapas. La combinaci\u00f3n se hace casi infinita y cambia con cada ciclista. Y si no que se lo digan a <strong>Fabio Aru<\/strong>, que se quej\u00f3 amargamente de que los mec\u00e1nicos de Astan\u00e1 se hab\u00edan &#8216;olvidado&#8217; de poner el 36 en la etapa de Los Machucos. Incluso se puede probar con extremos como el<strong> 55&#215;36 y 11&#215;32 que emple\u00f3 Tony Martin<\/strong> en la etapa de Izoard. Todo un reto para la mec\u00e1nica\u00a0que ya es posible.<\/p>\n<p>Y para el futuro ya se est\u00e1 probando con pi\u00f1oneras de 12 coronas que aumentar\u00e1n las opciones e incluso bicicletas uniplato (como las que ya se emplean en MTB). Cambios que permitir\u00e1n descubrir nuevos puertos que hasta ahora parec\u00edan imposibles de subir.<\/p>\n","protected":false},"excerpt":{"rendered":"<p>Aunque para el com\u00fan de los aficionados no tiene demasiada importancia, para los que pedalean es algo fundamental para entender [&hellip;]<\/p>\n","protected":false},"author":29,"featured_media":1388,"comment_status":"open","ping_status":"open","sticky":false,"template":"","format":"standard","meta":{"footnotes":""},"categories":[7],"tags":[86,87,44,63],"global-categories":[],"class_list":["post-1382","post","type-post","status-publish","format-standard","has-post-thumbnail","hentry","category-carretera","tag-desarrollos-angliru","tag-desarrollos-la-vuelta","tag-la-vuelta","tag-la-vuelta-2017"],"yoast_head":"<!-- This site is optimized with the Yoast SEO Premium plugin v25.3 (Yoast SEO v25.9) - https:\/\/yoast.com\/wordpress\/plugins\/seo\/ -->\n<title>Los desarrollos de La Vuelta, del 58 al 32 - \u0160koda We Love Cycling - Spain<\/title>\n<meta name=\"description\" content=\"Los desarrollos de La Vuelta. Los ciclistas emplear\u00e1n desarrollos propios de MTB para la etapa del Angliru con un 34x32 de m\u00e1ximo.\" \/>\n<meta name=\"robots\" content=\"index, follow, max-snippet:-1, max-image-preview:large, max-video-preview:-1\" \/>\n<link rel=\"canonical\" href=\"https:\/\/www.welovecycling.com\/es\/2017\/09\/08\/los-desarrollos-de-la-vuelta-del-58-al-32\/\" \/>\n<meta property=\"og:locale\" content=\"es_ES\" \/>\n<meta property=\"og:type\" content=\"article\" \/>\n<meta property=\"og:title\" content=\"Los desarrollos de La Vuelta, del 58 al 32\" \/>\n<meta property=\"og:description\" content=\"Aunque para el com\u00fan de los aficionados no tiene demasiada importancia, para los que pedalean es algo fundamental para entender c\u00f3mo va a ser cada etapa. El desarrollo de las bicicletas, es decir, la combinaci\u00f3n de platos y pi\u00f1ones, se modifica cada d\u00eda y ha ido cambiando con el paso de los a\u00f1os. Adem\u00e1s, en d\u00edas como el Angliru se utilizan desarrollos especiales, casi de mountain bike.\" \/>\n<meta property=\"og:url\" content=\"https:\/\/www.welovecycling.com\/es\/2017\/09\/08\/los-desarrollos-de-la-vuelta-del-58-al-32\/\" \/>\n<meta property=\"og:site_name\" content=\"\u0160koda We Love Cycling - Spain\" \/>\n<meta property=\"article:published_time\" content=\"2017-09-08T08:07:53+00:00\" \/>\n<meta property=\"article:modified_time\" content=\"2017-10-30T12:30:08+00:00\" \/>\n<meta property=\"og:image\" content=\"https:\/\/d2p6e6u75xmxt8.cloudfront.net\/6\/2017\/09\/La-Vuelta.-Trek.jpg\" \/>\n\t<meta property=\"og:image:width\" content=\"1600\" \/>\n\t<meta property=\"og:image:height\" content=\"1200\" \/>\n\t<meta property=\"og:image:type\" content=\"image\/jpeg\" \/>\n<meta name=\"author\" content=\"We Love Cycling Spain\" \/>\n<meta name=\"twitter:card\" content=\"summary_large_image\" \/>\n<meta name=\"twitter:title\" content=\"Los desarrollos de La Vuelta, del 58 al 32\" \/>\n<meta name=\"twitter:description\" content=\"Aunque para el com\u00fan de los aficionados no tiene demasiada importancia, para los que pedalean es algo fundamental para entender c\u00f3mo va a ser cada etapa. El desarrollo de las bicicletas, es decir, la combinaci\u00f3n de platos y pi\u00f1ones, se modifica cada d\u00eda y ha ido cambiando con el paso de los a\u00f1os. Adem\u00e1s, en d\u00edas como el Angliru se utilizan desarrollos especiales, casi de mountain bike.\" \/>\n<meta name=\"twitter:label1\" content=\"Written by\" \/>\n\t<meta name=\"twitter:data1\" content=\"Luis Ortega  @ciclored\" \/>\n\t<meta name=\"twitter:label2\" content=\"Est. reading time\" \/>\n\t<meta name=\"twitter:data2\" content=\"4 minutes\" \/>\n<script type=\"application\/ld+json\" class=\"yoast-schema-graph\">{\"@context\":\"https:\/\/schema.org\",\"@graph\":[{\"@type\":\"WebPage\",\"@id\":\"https:\/\/www.welovecycling.com\/es\/2017\/09\/08\/los-desarrollos-de-la-vuelta-del-58-al-32\/\",\"url\":\"https:\/\/www.welovecycling.com\/es\/2017\/09\/08\/los-desarrollos-de-la-vuelta-del-58-al-32\/\",\"name\":\"Los desarrollos de La Vuelta, del 58 al 32 - \u0160koda We Love Cycling - Spain\",\"isPartOf\":{\"@id\":\"https:\/\/www.welovecycling.com\/es\/#website\"},\"primaryImageOfPage\":{\"@id\":\"https:\/\/www.welovecycling.com\/es\/2017\/09\/08\/los-desarrollos-de-la-vuelta-del-58-al-32\/#primaryimage\"},\"image\":{\"@id\":\"https:\/\/www.welovecycling.com\/es\/2017\/09\/08\/los-desarrollos-de-la-vuelta-del-58-al-32\/#primaryimage\"},\"thumbnailUrl\":\"https:\/\/d2p6e6u75xmxt8.cloudfront.net\/6\/2017\/09\/La-Vuelta.-Trek.jpg\",\"datePublished\":\"2017-09-08T08:07:53+00:00\",\"dateModified\":\"2017-10-30T12:30:08+00:00\",\"author\":{\"@id\":\"https:\/\/www.welovecycling.com\/es\/#\/schema\/person\/deb61715b5812698ee79fb96f343ccd4\"},\"description\":\"Los desarrollos de La Vuelta. Los ciclistas emplear\u00e1n desarrollos propios de MTB para la etapa del Angliru con un 34x32 de m\u00e1ximo.\",\"breadcrumb\":{\"@id\":\"https:\/\/www.welovecycling.com\/es\/2017\/09\/08\/los-desarrollos-de-la-vuelta-del-58-al-32\/#breadcrumb\"},\"inLanguage\":\"es-ES\",\"potentialAction\":[{\"@type\":\"ReadAction\",\"target\":[\"https:\/\/www.welovecycling.com\/es\/2017\/09\/08\/los-desarrollos-de-la-vuelta-del-58-al-32\/\"]}]},{\"@type\":\"ImageObject\",\"inLanguage\":\"es-ES\",\"@id\":\"https:\/\/www.welovecycling.com\/es\/2017\/09\/08\/los-desarrollos-de-la-vuelta-del-58-al-32\/#primaryimage\",\"url\":\"https:\/\/d2p6e6u75xmxt8.cloudfront.net\/6\/2017\/09\/La-Vuelta.-Trek.jpg\",\"contentUrl\":\"https:\/\/d2p6e6u75xmxt8.cloudfront.net\/6\/2017\/09\/La-Vuelta.-Trek.jpg\",\"width\":1600,\"height\":1200},{\"@type\":\"BreadcrumbList\",\"@id\":\"https:\/\/www.welovecycling.com\/es\/2017\/09\/08\/los-desarrollos-de-la-vuelta-del-58-al-32\/#breadcrumb\",\"itemListElement\":[{\"@type\":\"ListItem\",\"position\":1,\"name\":\"Home\",\"item\":\"https:\/\/www.welovecycling.com\/es\/\"},{\"@type\":\"ListItem\",\"position\":2,\"name\":\"Los desarrollos de La Vuelta, del 58 al 32\"}]},{\"@type\":\"WebSite\",\"@id\":\"https:\/\/www.welovecycling.com\/es\/#website\",\"url\":\"https:\/\/www.welovecycling.com\/es\/\",\"name\":\"\u0160koda We Love Cycling - Spain\",\"description\":\"\u0160koda WeLoveCycling Spain\",\"potentialAction\":[{\"@type\":\"SearchAction\",\"target\":{\"@type\":\"EntryPoint\",\"urlTemplate\":\"https:\/\/www.welovecycling.com\/es\/?s={search_term_string}\"},\"query-input\":{\"@type\":\"PropertyValueSpecification\",\"valueRequired\":true,\"valueName\":\"search_term_string\"}}],\"inLanguage\":\"es-ES\"},{\"@type\":\"Person\",\"@id\":\"https:\/\/www.welovecycling.com\/es\/#\/schema\/person\/deb61715b5812698ee79fb96f343ccd4\",\"name\":\"We Love Cycling Spain\",\"image\":{\"@type\":\"ImageObject\",\"inLanguage\":\"es-ES\",\"@id\":\"https:\/\/www.welovecycling.com\/es\/#\/schema\/person\/image\/\",\"url\":\"https:\/\/secure.gravatar.com\/avatar\/c824b04e6df0e37a03219d0b6481672889df542894588964102459e46513159c?s=96&d=mm&r=g\",\"contentUrl\":\"https:\/\/secure.gravatar.com\/avatar\/c824b04e6df0e37a03219d0b6481672889df542894588964102459e46513159c?s=96&d=mm&r=g\",\"caption\":\"We Love Cycling Spain\"},\"url\":\"https:\/\/www.welovecycling.com\/es\/author\/amunoz\/\"}]}<\/script>\n<!-- \/ Yoast SEO Premium plugin. -->","yoast_head_json":{"title":"Los desarrollos de La Vuelta, del 58 al 32 - \u0160koda We Love Cycling - Spain","description":"Los desarrollos de La Vuelta. Los ciclistas emplear\u00e1n desarrollos propios de MTB para la etapa del Angliru con un 34x32 de m\u00e1ximo.","robots":{"index":"index","follow":"follow","max-snippet":"max-snippet:-1","max-image-preview":"max-image-preview:large","max-video-preview":"max-video-preview:-1"},"canonical":"https:\/\/www.welovecycling.com\/es\/2017\/09\/08\/los-desarrollos-de-la-vuelta-del-58-al-32\/","og_locale":"es_ES","og_type":"article","og_title":"Los desarrollos de La Vuelta, del 58 al 32","og_description":"Aunque para el com\u00fan de los aficionados no tiene demasiada importancia, para los que pedalean es algo fundamental para entender c\u00f3mo va a ser cada etapa. El desarrollo de las bicicletas, es decir, la combinaci\u00f3n de platos y pi\u00f1ones, se modifica cada d\u00eda y ha ido cambiando con el paso de los a\u00f1os. Adem\u00e1s, en d\u00edas como el Angliru se utilizan desarrollos especiales, casi de mountain bike.","og_url":"https:\/\/www.welovecycling.com\/es\/2017\/09\/08\/los-desarrollos-de-la-vuelta-del-58-al-32\/","og_site_name":"\u0160koda We Love Cycling - Spain","article_published_time":"2017-09-08T08:07:53+00:00","article_modified_time":"2017-10-30T12:30:08+00:00","og_image":[{"width":1600,"height":1200,"url":"https:\/\/d2p6e6u75xmxt8.cloudfront.net\/6\/2017\/09\/La-Vuelta.-Trek.jpg","type":"image\/jpeg"}],"author":"We Love Cycling Spain","twitter_card":"summary_large_image","twitter_title":"Los desarrollos de La Vuelta, del 58 al 32","twitter_description":"Aunque para el com\u00fan de los aficionados no tiene demasiada importancia, para los que pedalean es algo fundamental para entender c\u00f3mo va a ser cada etapa. El desarrollo de las bicicletas, es decir, la combinaci\u00f3n de platos y pi\u00f1ones, se modifica cada d\u00eda y ha ido cambiando con el paso de los a\u00f1os. Adem\u00e1s, en d\u00edas como el Angliru se utilizan desarrollos especiales, casi de mountain bike.","twitter_misc":{"Written by":"Luis Ortega  @ciclored","Est. reading time":"4 minutes"},"schema":{"@context":"https:\/\/schema.org","@graph":[{"@type":"WebPage","@id":"https:\/\/www.welovecycling.com\/es\/2017\/09\/08\/los-desarrollos-de-la-vuelta-del-58-al-32\/","url":"https:\/\/www.welovecycling.com\/es\/2017\/09\/08\/los-desarrollos-de-la-vuelta-del-58-al-32\/","name":"Los desarrollos de La Vuelta, del 58 al 32 - \u0160koda We Love Cycling - Spain","isPartOf":{"@id":"https:\/\/www.welovecycling.com\/es\/#website"},"primaryImageOfPage":{"@id":"https:\/\/www.welovecycling.com\/es\/2017\/09\/08\/los-desarrollos-de-la-vuelta-del-58-al-32\/#primaryimage"},"image":{"@id":"https:\/\/www.welovecycling.com\/es\/2017\/09\/08\/los-desarrollos-de-la-vuelta-del-58-al-32\/#primaryimage"},"thumbnailUrl":"https:\/\/d2p6e6u75xmxt8.cloudfront.net\/6\/2017\/09\/La-Vuelta.-Trek.jpg","datePublished":"2017-09-08T08:07:53+00:00","dateModified":"2017-10-30T12:30:08+00:00","author":{"@id":"https:\/\/www.welovecycling.com\/es\/#\/schema\/person\/deb61715b5812698ee79fb96f343ccd4"},"description":"Los desarrollos de La Vuelta. Los ciclistas emplear\u00e1n desarrollos propios de MTB para la etapa del Angliru con un 34x32 de m\u00e1ximo.","breadcrumb":{"@id":"https:\/\/www.welovecycling.com\/es\/2017\/09\/08\/los-desarrollos-de-la-vuelta-del-58-al-32\/#breadcrumb"},"inLanguage":"es-ES","potentialAction":[{"@type":"ReadAction","target":["https:\/\/www.welovecycling.com\/es\/2017\/09\/08\/los-desarrollos-de-la-vuelta-del-58-al-32\/"]}]},{"@type":"ImageObject","inLanguage":"es-ES","@id":"https:\/\/www.welovecycling.com\/es\/2017\/09\/08\/los-desarrollos-de-la-vuelta-del-58-al-32\/#primaryimage","url":"https:\/\/d2p6e6u75xmxt8.cloudfront.net\/6\/2017\/09\/La-Vuelta.-Trek.jpg","contentUrl":"https:\/\/d2p6e6u75xmxt8.cloudfront.net\/6\/2017\/09\/La-Vuelta.-Trek.jpg","width":1600,"height":1200},{"@type":"BreadcrumbList","@id":"https:\/\/www.welovecycling.com\/es\/2017\/09\/08\/los-desarrollos-de-la-vuelta-del-58-al-32\/#breadcrumb","itemListElement":[{"@type":"ListItem","position":1,"name":"Home","item":"https:\/\/www.welovecycling.com\/es\/"},{"@type":"ListItem","position":2,"name":"Los desarrollos de La Vuelta, del 58 al 32"}]},{"@type":"WebSite","@id":"https:\/\/www.welovecycling.com\/es\/#website","url":"https:\/\/www.welovecycling.com\/es\/","name":"\u0160koda We Love Cycling - Spain","description":"\u0160koda WeLoveCycling Spain","potentialAction":[{"@type":"SearchAction","target":{"@type":"EntryPoint","urlTemplate":"https:\/\/www.welovecycling.com\/es\/?s={search_term_string}"},"query-input":{"@type":"PropertyValueSpecification","valueRequired":true,"valueName":"search_term_string"}}],"inLanguage":"es-ES"},{"@type":"Person","@id":"https:\/\/www.welovecycling.com\/es\/#\/schema\/person\/deb61715b5812698ee79fb96f343ccd4","name":"We Love Cycling Spain","image":{"@type":"ImageObject","inLanguage":"es-ES","@id":"https:\/\/www.welovecycling.com\/es\/#\/schema\/person\/image\/","url":"https:\/\/secure.gravatar.com\/avatar\/c824b04e6df0e37a03219d0b6481672889df542894588964102459e46513159c?s=96&d=mm&r=g","contentUrl":"https:\/\/secure.gravatar.com\/avatar\/c824b04e6df0e37a03219d0b6481672889df542894588964102459e46513159c?s=96&d=mm&r=g","caption":"We Love Cycling Spain"},"url":"https:\/\/www.welovecycling.com\/es\/author\/amunoz\/"}]}},"_links":{"self":[{"href":"https:\/\/www.welovecycling.com\/es\/wp-json\/wp\/v2\/posts\/1382","targetHints":{"allow":["GET"]}}],"collection":[{"href":"https:\/\/www.welovecycling.com\/es\/wp-json\/wp\/v2\/posts"}],"about":[{"href":"https:\/\/www.welovecycling.com\/es\/wp-json\/wp\/v2\/types\/post"}],"author":[{"embeddable":true,"href":"https:\/\/www.welovecycling.com\/es\/wp-json\/wp\/v2\/users\/29"}],"replies":[{"embeddable":true,"href":"https:\/\/www.welovecycling.com\/es\/wp-json\/wp\/v2\/comments?post=1382"}],"version-history":[{"count":2,"href":"https:\/\/www.welovecycling.com\/es\/wp-json\/wp\/v2\/posts\/1382\/revisions"}],"predecessor-version":[{"id":1707,"href":"https:\/\/www.welovecycling.com\/es\/wp-json\/wp\/v2\/posts\/1382\/revisions\/1707"}],"wp:featuredmedia":[{"embeddable":true,"href":"https:\/\/www.welovecycling.com\/es\/wp-json\/wp\/v2\/media\/1388"}],"wp:attachment":[{"href":"https:\/\/www.welovecycling.com\/es\/wp-json\/wp\/v2\/media?parent=1382"}],"wp:term":[{"taxonomy":"category","embeddable":true,"href":"https:\/\/www.welovecycling.com\/es\/wp-json\/wp\/v2\/categories?post=1382"},{"taxonomy":"post_tag","embeddable":true,"href":"https:\/\/www.welovecycling.com\/es\/wp-json\/wp\/v2\/tags?post=1382"},{"taxonomy":"global-categories","embeddable":true,"href":"https:\/\/www.welovecycling.com\/es\/wp-json\/wp\/v2\/global-categories?post=1382"}],"curies":[{"name":"wp","href":"https:\/\/api.w.org\/{rel}","templated":true}]}}