{"id":1349,"date":"2017-09-11T13:23:27","date_gmt":"2017-09-11T11:23:27","guid":{"rendered":"https:\/\/www.welovecycling.com\/es\/?p=1349"},"modified":"2017-10-30T14:23:44","modified_gmt":"2017-10-30T12:23:44","slug":"siete-viajes-en-bicicleta-en-europa","status":"publish","type":"post","link":"https:\/\/www.welovecycling.com\/es\/2017\/09\/11\/siete-viajes-en-bicicleta-en-europa\/","title":{"rendered":"Siete viajes ciclistas en Europa que no te debes perder"},"content":{"rendered":"<p><strong>Si amas el ciclismo aqu\u00ed tienes la lista de los siete viajes en bicicleta m\u00e1s interesantes en Europa. Los tienes de todos los tipos. Desde ruta tranquilas en las que se combina ciclismo, relajaci\u00f3n y buen vino a etapas complicadas\u00a0que te llevaran a los lugares m\u00edticos de la historia del ciclismo. Y, como no, subidas duras y emblem\u00e1ticas\u00a0en las que probar tus piernas. En nuestro mapa interactivo puedes ver todas las rutas.<\/strong><br \/>\n<!--more--><\/p>\n<h2><strong>Alpe d\u2019Huez, Francia<\/strong><\/h2>\n<p><a href=\"https:\/\/d2p6e6u75xmxt8.cloudfront.net\/6\/2017\/09\/Alpe-dHuez-climb.jpg\"><img loading=\"lazy\" decoding=\"async\" class=\"alignnone size-full wp-image-1351\" src=\"https:\/\/d2p6e6u75xmxt8.cloudfront.net\/6\/2017\/09\/Alpe-dHuez-climb.jpg\" alt=\"\" width=\"1920\" height=\"1281\" srcset=\"https:\/\/d2p6e6u75xmxt8.cloudfront.net\/6\/2017\/09\/Alpe-dHuez-climb.jpg 1920w, https:\/\/d2p6e6u75xmxt8.cloudfront.net\/6\/2017\/09\/Alpe-dHuez-climb-300x200.jpg 300w, https:\/\/d2p6e6u75xmxt8.cloudfront.net\/6\/2017\/09\/Alpe-dHuez-climb-768x512.jpg 768w, https:\/\/d2p6e6u75xmxt8.cloudfront.net\/6\/2017\/09\/Alpe-dHuez-climb-1024x683.jpg 1024w, https:\/\/d2p6e6u75xmxt8.cloudfront.net\/6\/2017\/09\/Alpe-dHuez-climb-272x182.jpg 272w, https:\/\/d2p6e6u75xmxt8.cloudfront.net\/6\/2017\/09\/Alpe-dHuez-climb-1920x1281.jpg 1920w\" sizes=\"auto, (max-width: 1920px) 100vw, 1920px\" \/><\/a><\/p>\n<p>No vas a encontrar una subida m\u00e1s ic\u00f3nica del ciclismo que la de Alpe d\u00b4Huez. La ascensi\u00f3n es de poco m\u00e1s de 13 kil\u00f3metros y unos 1.100 metros de desnivel, lo que da una media de 7,9%. Ofrece una bonita vista de las monta\u00f1as y de los valles de alrededor, pero sus 21 curvas son las que le convierten en el sin\u00f3mino del Tour de Francia. En verano, se calcula que cada d\u00eda suben Alpe d\u00b4Huez alrededor de 1000 ciclistas, lo que es para ellos una experiencia inolvidable y m\u00edtica.<\/p>\n<figure id=\"attachment_161102\" aria-describedby=\"caption-attachment-161102\" style=\"width: 587px\" class=\"wp-caption alignnone\"><a href=\"https:\/\/www.welovecycling.com\/wide\/ride-tested\/alpe-dhuez\/\"><img loading=\"lazy\" decoding=\"async\" class=\"wp-image-1353 size-full\" src=\"https:\/\/d2p6e6u75xmxt8.cloudfront.net\/6\/2017\/09\/alpdehuez.JPG.jpg\" alt=\"\" width=\"587\" height=\"443\" srcset=\"https:\/\/d2p6e6u75xmxt8.cloudfront.net\/6\/2017\/09\/alpdehuez.JPG.jpg 587w, https:\/\/d2p6e6u75xmxt8.cloudfront.net\/6\/2017\/09\/alpdehuez.JPG-300x226.jpg 300w\" sizes=\"auto, (max-width: 587px) 100vw, 587px\" \/><\/a><figcaption id=\"caption-attachment-161102\" class=\"wp-caption-text\">M\u00e1s detalles haciendo click en la foto.<\/figcaption><\/figure>\n<p>&nbsp;<\/p>\n<h2><strong>Ruta del Elba, Rep\u00fablica Checa<\/strong><\/h2>\n<p><a href=\"https:\/\/d2p6e6u75xmxt8.cloudfront.net\/6\/2017\/09\/elbe-cycling-route.JPG.jpg\"><img loading=\"lazy\" decoding=\"async\" class=\"alignnone size-full wp-image-1357\" src=\"https:\/\/d2p6e6u75xmxt8.cloudfront.net\/6\/2017\/09\/elbe-cycling-route.JPG.jpg\" alt=\"\" width=\"1600\" height=\"1200\" srcset=\"https:\/\/d2p6e6u75xmxt8.cloudfront.net\/6\/2017\/09\/elbe-cycling-route.JPG.jpg 1600w, https:\/\/d2p6e6u75xmxt8.cloudfront.net\/6\/2017\/09\/elbe-cycling-route.JPG-300x225.jpg 300w, https:\/\/d2p6e6u75xmxt8.cloudfront.net\/6\/2017\/09\/elbe-cycling-route.JPG-768x576.jpg 768w, https:\/\/d2p6e6u75xmxt8.cloudfront.net\/6\/2017\/09\/elbe-cycling-route.JPG-1024x768.jpg 1024w\" sizes=\"auto, (max-width: 1600px) 100vw, 1600px\" \/><\/a><br \/>\nLa Ruta Ciclista del Elba forma parte de una red internacional de rutas en bicicleta por toda Europa. Recorre unos 980 km desde M\u011bln\u00edk hasta \u00a0Cuxhaven en el Mar del Norte. Sigue el r\u00edo Elba a trav\u00e9s de una de la zonas m\u00e1s bellas de la Rep\u00fablica Checa y de Alemania y es una de las rutas ciclistas m\u00e1s populares para los ciclistas de ambos pa\u00edses. Nuestra parte favorita es 48,2 km de largo, va de Litom\u011b\u0159ice a D\u011b\u010d\u00edn. Es un paseo f\u00e1cil por lo que no debes evitar la subida al Castillo de St\u0159ekov en \u00dast\u00ed nad Labem, que ofrece una vista maravillosa sobre el valle del Elba y las tierras altas de Bohemia. El Jard\u00edn Ingl\u00e9s del Palacio Velk\u00e9 B\u0159ezno y el Jard\u00edn Barroco del Castillo D\u011b\u010d\u00edn tambi\u00e9n merecen una visita. La Ruta del Elba sirve para conocer el coraz\u00f3n de Europa.<\/p>\n<figure id=\"attachment_161109\" aria-describedby=\"caption-attachment-161109\" style=\"width: 632px\" class=\"wp-caption alignnone\"><a href=\"https:\/\/www.welovecycling.com\/wide\/ride-tested\/elbe-radweg-litomericeleitmeritz-decintetschen\/\"><img loading=\"lazy\" decoding=\"async\" class=\"wp-image-1359 size-full\" src=\"https:\/\/d2p6e6u75xmxt8.cloudfront.net\/6\/2017\/09\/5648974.JPG.jpg\" alt=\"\" width=\"632\" height=\"762\" srcset=\"https:\/\/d2p6e6u75xmxt8.cloudfront.net\/6\/2017\/09\/5648974.JPG.jpg 632w, https:\/\/d2p6e6u75xmxt8.cloudfront.net\/6\/2017\/09\/5648974.JPG-249x300.jpg 249w\" sizes=\"auto, (max-width: 632px) 100vw, 632px\" \/><\/a><figcaption id=\"caption-attachment-161109\" class=\"wp-caption-text\">M\u00e1s detalles haciendo click en la foto del mapa<\/figcaption><\/figure>\n<p>&nbsp;<\/p>\n<h2><strong>Glencoe &#8211; Ben Nevis,\u00a0Reino Unido<\/strong><\/h2>\n<p><a href=\"https:\/\/d2p6e6u75xmxt8.cloudfront.net\/6\/2017\/09\/glencoe-ben-nevis.jpg\"><img loading=\"lazy\" decoding=\"async\" class=\"alignnone size-full wp-image-1361\" src=\"https:\/\/d2p6e6u75xmxt8.cloudfront.net\/6\/2017\/09\/glencoe-ben-nevis.jpg\" alt=\"\" width=\"5184\" height=\"3456\" srcset=\"https:\/\/d2p6e6u75xmxt8.cloudfront.net\/6\/2017\/09\/glencoe-ben-nevis.jpg 5184w, https:\/\/d2p6e6u75xmxt8.cloudfront.net\/6\/2017\/09\/glencoe-ben-nevis-300x200.jpg 300w, https:\/\/d2p6e6u75xmxt8.cloudfront.net\/6\/2017\/09\/glencoe-ben-nevis-768x512.jpg 768w, https:\/\/d2p6e6u75xmxt8.cloudfront.net\/6\/2017\/09\/glencoe-ben-nevis-1024x683.jpg 1024w, https:\/\/d2p6e6u75xmxt8.cloudfront.net\/6\/2017\/09\/glencoe-ben-nevis-1920x1280.jpg 1920w, https:\/\/d2p6e6u75xmxt8.cloudfront.net\/6\/2017\/09\/glencoe-ben-nevis-272x182.jpg 272w, https:\/\/d2p6e6u75xmxt8.cloudfront.net\/6\/2017\/09\/glencoe-ben-nevis-1920x1280.jpg 1920w\" sizes=\"auto, (max-width: 5184px) 100vw, 5184px\" \/><\/a><br \/>\nEsta ruta de 83,3 km \u00a0con m\u00e1s de 2100 m de ascenso pasa por una de las zonas m\u00e1s impresionantes y llenas de historia del\u00a0norte del Reino Unido. La etapa\u00a0comienza en Glencoe, un lugar que recuerda un puerto de los Alpes a pesar de que est\u00e1 a s\u00f3lo 300 metros sobre el nivel del mar y rodeado de picos de solo 1000 metros. Esa diferencia de altura excepcional deja unos paisajes impresionantes. Desde all\u00ed se pedalea hacia la oscuridad de\u00a0Ben Nevis, la monta\u00f1a m\u00e1s alta de Gran Breta\u00f1a, que llega a los\u00a0a 1.343 metros por detr\u00e1s de Loch Linnhe. La ruta de vuelta\u00a0lleva a lo largo del hist\u00f3rico &#8220;Road to the Isles&#8221;, donde se pueden ver algunos de los paisajes m\u00e1s espectaculares del mundo, desde playas de arena hasta espectaculares colinas, bosques verdes y p\u00e1ramos de brezo.\u00a0Una ruta demasiado bella para no hacerla.<\/p>\n<figure id=\"attachment_161111\" aria-describedby=\"caption-attachment-161111\" style=\"width: 580px\" class=\"wp-caption alignnone\"><a href=\"https:\/\/www.welovecycling.com\/wide\/ride-tested\/glencoe-ben-nevis\/\"><img loading=\"lazy\" decoding=\"async\" class=\"size-full wp-image-1363\" src=\"https:\/\/d2p6e6u75xmxt8.cloudfront.net\/6\/2017\/09\/645854.JPG.jpg\" alt=\"\" width=\"580\" height=\"481\" srcset=\"https:\/\/d2p6e6u75xmxt8.cloudfront.net\/6\/2017\/09\/645854.JPG.jpg 580w, https:\/\/d2p6e6u75xmxt8.cloudfront.net\/6\/2017\/09\/645854.JPG-300x249.jpg 300w\" sizes=\"auto, (max-width: 580px) 100vw, 580px\" \/><\/a><figcaption id=\"caption-attachment-161111\" class=\"wp-caption-text\">M\u00e1s detalles haciendo click en la foto del mapa.<\/figcaption><\/figure>\n<p>&nbsp;<\/p>\n<h2><strong>Valle del Loira, Francia<\/strong><\/h2>\n<p><a href=\"https:\/\/d2p6e6u75xmxt8.cloudfront.net\/6\/2017\/09\/loire-valley-1.jpg\"><img loading=\"lazy\" decoding=\"async\" class=\"alignnone size-full wp-image-1365\" src=\"https:\/\/d2p6e6u75xmxt8.cloudfront.net\/6\/2017\/09\/loire-valley-1.jpg\" alt=\"\" width=\"1500\" height=\"1000\" srcset=\"https:\/\/d2p6e6u75xmxt8.cloudfront.net\/6\/2017\/09\/loire-valley-1.jpg 1500w, https:\/\/d2p6e6u75xmxt8.cloudfront.net\/6\/2017\/09\/loire-valley-1-300x200.jpg 300w, https:\/\/d2p6e6u75xmxt8.cloudfront.net\/6\/2017\/09\/loire-valley-1-768x512.jpg 768w, https:\/\/d2p6e6u75xmxt8.cloudfront.net\/6\/2017\/09\/loire-valley-1-1024x683.jpg 1024w, https:\/\/d2p6e6u75xmxt8.cloudfront.net\/6\/2017\/09\/loire-valley-1-272x182.jpg 272w\" sizes=\"auto, (max-width: 1500px) 100vw, 1500px\" \/><\/a><\/p>\n<p>El valle del Loira est\u00e1 situado en la zona oeste-central de Francia. Es conocido como el Jard\u00edn de Francia y es caracter\u00edstico por sus bellos paisajes y sus cantidad de buenos vinos. La ruta que hemos seleccionado empieza en Tour y discurre por 107 kil\u00f3metros en un ligero descenso a lo largo del Loira camino de Angers. En el recorrido se pueden probar los vinos locales, hacer paradas en peque\u00f1as ciudades y visitar los castillos hist\u00f3ricos que hay durante el recorrido. Es una ruta ideal para los amantes del relax, la bici y el buen vino.<\/p>\n<figure id=\"attachment_161113\" aria-describedby=\"caption-attachment-161113\" style=\"width: 651px\" class=\"wp-caption alignnone\"><a href=\"https:\/\/www.welovecycling.com\/wide\/ride-tested\/7-etappe-rsq2008-tours-angers\/\"><img loading=\"lazy\" decoding=\"async\" class=\"size-full wp-image-1367\" src=\"https:\/\/d2p6e6u75xmxt8.cloudfront.net\/6\/2017\/09\/475478455.JPG.jpg\" alt=\"\" width=\"651\" height=\"365\" srcset=\"https:\/\/d2p6e6u75xmxt8.cloudfront.net\/6\/2017\/09\/475478455.JPG.jpg 651w, https:\/\/d2p6e6u75xmxt8.cloudfront.net\/6\/2017\/09\/475478455.JPG-300x168.jpg 300w\" sizes=\"auto, (max-width: 651px) 100vw, 651px\" \/><\/a><figcaption id=\"caption-attachment-161113\" class=\"wp-caption-text\">M\u00e1s detalles haciendo click en la foto del mapa.<\/figcaption><\/figure>\n<p>&nbsp;<\/p>\n<h2><strong>Passo dello Stelvio, Italia<\/strong><\/h2>\n<p><a href=\"https:\/\/d2p6e6u75xmxt8.cloudfront.net\/6\/2017\/09\/Passo-dello-Stelvio.jpg\"><img loading=\"lazy\" decoding=\"async\" class=\"alignnone size-full wp-image-1369\" src=\"https:\/\/d2p6e6u75xmxt8.cloudfront.net\/6\/2017\/09\/Passo-dello-Stelvio.jpg\" alt=\"\" width=\"1280\" height=\"720\" srcset=\"https:\/\/d2p6e6u75xmxt8.cloudfront.net\/6\/2017\/09\/Passo-dello-Stelvio.jpg 1280w, https:\/\/d2p6e6u75xmxt8.cloudfront.net\/6\/2017\/09\/Passo-dello-Stelvio-300x169.jpg 300w, https:\/\/d2p6e6u75xmxt8.cloudfront.net\/6\/2017\/09\/Passo-dello-Stelvio-768x432.jpg 768w, https:\/\/d2p6e6u75xmxt8.cloudfront.net\/6\/2017\/09\/Passo-dello-Stelvio-1024x576.jpg 1024w\" sizes=\"auto, (max-width: 1280px) 100vw, 1280px\" \/><\/a><br \/>\nEl Passo dello Stelvio es una monta\u00f1a de los Dolomitas, la parte italiana de los Alpes y es conocida como una de las ascensiones m\u00e1s duras de Europa. Tiene varias ascensiones, toda duras y con premio al llegar a la cima. Nuestra favorita comienza en la peque\u00f1a ciudad suiza de Santa Maria Val\u00a0M\u00fcstair y en sus 16,5 kil\u00f3metros sube 1.400 metros de desnivel con una media del 11% para alcanzar la cima a 2.758 metros sobre el nivel del mar. All\u00ed podr\u00e1s ver la majestuosidad de las monta\u00f1as de Otler y los Alpes Zillertales. Despu\u00e9s, toca disfrutar en un impresionante descenso. Si te gustan los retos el Stelvio es la monta\u00f1a ideal.<\/p>\n<figure id=\"attachment_161115\" aria-describedby=\"caption-attachment-161115\" style=\"width: 552px\" class=\"wp-caption alignnone\"><a href=\"https:\/\/www.welovecycling.com\/wide\/ride-tested\/sta-maria-umbrailpas-stilfserjoch\/\"><img loading=\"lazy\" decoding=\"async\" class=\"wp-image-1371 size-full\" src=\"https:\/\/d2p6e6u75xmxt8.cloudfront.net\/6\/2017\/09\/4754754758745.JPG.jpg\" alt=\"\" width=\"552\" height=\"729\" srcset=\"https:\/\/d2p6e6u75xmxt8.cloudfront.net\/6\/2017\/09\/4754754758745.JPG.jpg 552w, https:\/\/d2p6e6u75xmxt8.cloudfront.net\/6\/2017\/09\/4754754758745.JPG-227x300.jpg 227w\" sizes=\"auto, (max-width: 552px) 100vw, 552px\" \/><\/a><figcaption id=\"caption-attachment-161115\" class=\"wp-caption-text\">M\u00e1s detalles haciendo click en la foto del mapa.<\/figcaption><\/figure>\n<p>&nbsp;<\/p>\n<h2><strong>Via Verde de la Sierra,\u00a0Espa\u00f1a<\/strong><\/h2>\n<p><a href=\"https:\/\/d2p6e6u75xmxt8.cloudfront.net\/6\/2017\/09\/Via-Verde-de-la-Sierra.jpg\"><img loading=\"lazy\" decoding=\"async\" class=\"alignnone size-full wp-image-1373\" src=\"https:\/\/d2p6e6u75xmxt8.cloudfront.net\/6\/2017\/09\/Via-Verde-de-la-Sierra.jpg\" alt=\"\" width=\"1200\" height=\"796\" srcset=\"https:\/\/d2p6e6u75xmxt8.cloudfront.net\/6\/2017\/09\/Via-Verde-de-la-Sierra.jpg 1200w, https:\/\/d2p6e6u75xmxt8.cloudfront.net\/6\/2017\/09\/Via-Verde-de-la-Sierra-300x199.jpg 300w, https:\/\/d2p6e6u75xmxt8.cloudfront.net\/6\/2017\/09\/Via-Verde-de-la-Sierra-768x509.jpg 768w, https:\/\/d2p6e6u75xmxt8.cloudfront.net\/6\/2017\/09\/Via-Verde-de-la-Sierra-1024x679.jpg 1024w\" sizes=\"auto, (max-width: 1200px) 100vw, 1200px\" \/><\/a><br \/>\nLa ruta tiene solo 37 kil\u00f3metros pero quiz\u00e1s es una de las mejores para hacer en Espa\u00f1a. Ofrece una amplia variedad de lugares interesantes para rodar en familia. La etapa atraviesa una de la zonas m\u00e1s bellas de Andaluc\u00eda y de sus paisajes de campo. Tendr\u00e1s que atravesar en bici unos 30 t\u00faneles, puentes y viaductos a trav\u00e9s de exuberantes valles, r\u00edos, prados, campos, y pasando por algunos de los monumentos naturales m\u00e1s cuidadosamente protegidos de Andaluc\u00eda. La mayor\u00eda de la gente comienza el viaje en el pueblo de Olvera y pedalea hasta Puerto Serrano, que es un descenso gradual de unos 1000 metros de desnivel. Si quieres hacer un viaje de ida y vuelta, es mejor comenzar Puerto Serrano, as\u00ed\u00a0la subida se afrontar\u00e1 de inicio.<\/p>\n<figure id=\"attachment_161117\" aria-describedby=\"caption-attachment-161117\" style=\"width: 579px\" class=\"wp-caption alignnone\"><a href=\"https:\/\/www.welovecycling.com\/wide\/ride-tested\/via-verde-de-la-sierra-de-puerto-serrano-a-olvera\/\"><img loading=\"lazy\" decoding=\"async\" class=\"wp-image-1375 size-full\" src=\"https:\/\/d2p6e6u75xmxt8.cloudfront.net\/6\/2017\/09\/547848.JPG.jpg\" alt=\"\" width=\"579\" height=\"321\" srcset=\"https:\/\/d2p6e6u75xmxt8.cloudfront.net\/6\/2017\/09\/547848.JPG.jpg 579w, https:\/\/d2p6e6u75xmxt8.cloudfront.net\/6\/2017\/09\/547848.JPG-300x166.jpg 300w\" sizes=\"auto, (max-width: 579px) 100vw, 579px\" \/><\/a><figcaption id=\"caption-attachment-161117\" class=\"wp-caption-text\">M\u00e1s detalles haciendo click en la foto del mapa.<\/figcaption><\/figure>\n<p>&nbsp;<\/p>\n<h2><strong>Li\u00e8ge \u2013 Bastogne &#8211; Li\u00e8ge, Belgica<\/strong><\/h2>\n<figure id=\"attachment_161118\" aria-describedby=\"caption-attachment-161118\" style=\"width: 1200px\" class=\"wp-caption alignnone\"><a href=\"https:\/\/d2p6e6u75xmxt8.cloudfront.net\/2\/2017\/09\/Li\u00e8ge-Bastogne-Li\u00e8ge.jpg\"><img loading=\"lazy\" decoding=\"async\" class=\"wp-image-1377 size-full\" src=\"https:\/\/d2p6e6u75xmxt8.cloudfront.net\/2\/2017\/09\/Li\u00e8ge-Bastogne-Li\u00e8ge.jpg\" alt=\"\" width=\"1200\" height=\"800\" \/><\/a><figcaption id=\"caption-attachment-161118\" class=\"wp-caption-text\">Click the photo for more details and GPS route<\/figcaption><\/figure>\n<p>La Lieja-Bastogne-Lieja, tambi\u00e9n conocida como &#8216;La Decana&#8217;, es una de las cl\u00e1sicas de un d\u00eda m\u00e1s antiguas de B\u00e9lgica. La distancia habitual suele ronda los 250 kil\u00f3metros. La carrera comienza en el centro de Lieja y baja por un recorrido rompepiernas durante 95 kil\u00f3metros hasta Bastogne, all\u00ed gira para hacer unos 163 kil\u00f3metros m\u00e1s de regreso a Lieja. Es una etapa larga con muchas subidas, algunas de ellas m\u00e1s duras que las del Tour de Francia, pero merece la pena. La provincia de Lieja es famosa por su car\u00e1cter en\u00e9rgico, all\u00ed nunca te vas a aburrir. Adem\u00e1s tiene zona de belleza natural como el valle del r\u00edo Mosa y sus campos verdes. Incluso visitar la ciudad de Lieja en bici tiene su encanto.<\/p>\n<figure id=\"attachment_161119\" aria-describedby=\"caption-attachment-161119\" style=\"width: 575px\" class=\"wp-caption alignnone\"><a href=\"https:\/\/www.welovecycling.com\/wide\/ride-tested\/liege-bastogne-liege-2013\/\"><img loading=\"lazy\" decoding=\"async\" class=\"wp-image-1379 size-full\" src=\"https:\/\/d2p6e6u75xmxt8.cloudfront.net\/6\/2017\/09\/451547848.JPG.jpg\" alt=\"\" width=\"575\" height=\"821\" srcset=\"https:\/\/d2p6e6u75xmxt8.cloudfront.net\/6\/2017\/09\/451547848.JPG.jpg 575w, https:\/\/d2p6e6u75xmxt8.cloudfront.net\/6\/2017\/09\/451547848.JPG-210x300.jpg 210w\" sizes=\"auto, (max-width: 575px) 100vw, 575px\" \/><\/a><figcaption id=\"caption-attachment-161119\" class=\"wp-caption-text\">M\u00e1s detalles haciendo click en la foto del mapa.<\/figcaption><\/figure>\n","protected":false},"excerpt":{"rendered":"<p>Si amas el ciclismo aqu\u00ed tienes la lista de los siete viajes en bicicleta m\u00e1s interesantes en Europa. Los tienes [&hellip;]<\/p>\n","protected":false},"author":29,"featured_media":1381,"comment_status":"open","ping_status":"open","sticky":false,"template":"","format":"standard","meta":{"footnotes":""},"categories":[7,8,9],"tags":[88,89],"global-categories":[],"class_list":["post-1349","post","type-post","status-publish","format-standard","has-post-thumbnail","hentry","category-carretera","category-life-style","category-mtb-aventura","tag-viajes-en-bicicleta","tag-viajes-en-bicicleta-europa"],"yoast_head":"<!-- This site is optimized with the Yoast SEO Premium plugin v25.3 (Yoast SEO v25.9) - https:\/\/yoast.com\/wordpress\/plugins\/seo\/ -->\n<title>Siete viajes en bicicleta en Europa que no te debes perder<\/title>\n<meta name=\"description\" content=\"Los siete viajes en bicicleta en Europa que no te debes perder. Desde las monta\u00f1as de Alpe d\u00b4Huez y Stelvio a los paseos por el Elba o Andaluc\u00eda.\" \/>\n<meta name=\"robots\" content=\"index, follow, max-snippet:-1, max-image-preview:large, max-video-preview:-1\" \/>\n<link rel=\"canonical\" href=\"https:\/\/www.welovecycling.com\/es\/2017\/09\/11\/siete-viajes-en-bicicleta-en-europa\/\" \/>\n<meta property=\"og:locale\" content=\"es_ES\" \/>\n<meta property=\"og:type\" content=\"article\" \/>\n<meta property=\"og:title\" content=\"Siete viajes ciclistas en Europa que no te debes perder\" \/>\n<meta property=\"og:description\" content=\"Los siete viajes en bicicleta en Europa que no te debes perder. Desde las monta\u00f1as de Alpe d\u00b4Huez y Stelvio a los paseos por el Elba o Andaluc\u00eda.\" \/>\n<meta property=\"og:url\" content=\"https:\/\/www.welovecycling.com\/es\/2017\/09\/11\/siete-viajes-en-bicicleta-en-europa\/\" \/>\n<meta property=\"og:site_name\" content=\"\u0160koda We Love Cycling - Spain\" \/>\n<meta property=\"article:published_time\" content=\"2017-09-11T11:23:27+00:00\" \/>\n<meta property=\"article:modified_time\" content=\"2017-10-30T12:23:44+00:00\" \/>\n<meta property=\"og:image\" content=\"https:\/\/d2p6e6u75xmxt8.cloudfront.net\/6\/2017\/09\/profimedia-0262834907-01.jpg\" \/>\n\t<meta property=\"og:image:width\" content=\"1375\" \/>\n\t<meta property=\"og:image:height\" content=\"600\" \/>\n\t<meta property=\"og:image:type\" content=\"image\/jpeg\" \/>\n<meta name=\"author\" content=\"We Love Cycling Spain\" \/>\n<meta name=\"twitter:card\" content=\"summary_large_image\" \/>\n<meta name=\"twitter:title\" content=\"Siete viajes ciclistas en Europa que no te debes perder\" \/>\n<meta name=\"twitter:description\" content=\"Los siete viajes en bicicleta en Europa que no te debes perder. Desde las monta\u00f1as de Alpe d\u00b4Huez y Stelvio a los paseos por el Elba o Andaluc\u00eda.\" \/>\n<meta name=\"twitter:label1\" content=\"Written by\" \/>\n\t<meta name=\"twitter:data1\" content=\"Jiri Kaloc\" \/>\n\t<meta name=\"twitter:label2\" content=\"Est. reading time\" \/>\n\t<meta name=\"twitter:data2\" content=\"6 minutes\" \/>\n<script type=\"application\/ld+json\" class=\"yoast-schema-graph\">{\"@context\":\"https:\/\/schema.org\",\"@graph\":[{\"@type\":\"WebPage\",\"@id\":\"https:\/\/www.welovecycling.com\/es\/2017\/09\/11\/siete-viajes-en-bicicleta-en-europa\/\",\"url\":\"https:\/\/www.welovecycling.com\/es\/2017\/09\/11\/siete-viajes-en-bicicleta-en-europa\/\",\"name\":\"Siete viajes en bicicleta en Europa que no te debes perder\",\"isPartOf\":{\"@id\":\"https:\/\/www.welovecycling.com\/es\/#website\"},\"primaryImageOfPage\":{\"@id\":\"https:\/\/www.welovecycling.com\/es\/2017\/09\/11\/siete-viajes-en-bicicleta-en-europa\/#primaryimage\"},\"image\":{\"@id\":\"https:\/\/www.welovecycling.com\/es\/2017\/09\/11\/siete-viajes-en-bicicleta-en-europa\/#primaryimage\"},\"thumbnailUrl\":\"https:\/\/d2p6e6u75xmxt8.cloudfront.net\/6\/2017\/09\/profimedia-0262834907-01.jpg\",\"datePublished\":\"2017-09-11T11:23:27+00:00\",\"dateModified\":\"2017-10-30T12:23:44+00:00\",\"author\":{\"@id\":\"https:\/\/www.welovecycling.com\/es\/#\/schema\/person\/deb61715b5812698ee79fb96f343ccd4\"},\"description\":\"Los siete viajes en bicicleta en Europa que no te debes perder. Desde las monta\u00f1as de Alpe d\u00b4Huez y Stelvio a los paseos por el Elba o Andaluc\u00eda.\",\"breadcrumb\":{\"@id\":\"https:\/\/www.welovecycling.com\/es\/2017\/09\/11\/siete-viajes-en-bicicleta-en-europa\/#breadcrumb\"},\"inLanguage\":\"es-ES\",\"potentialAction\":[{\"@type\":\"ReadAction\",\"target\":[\"https:\/\/www.welovecycling.com\/es\/2017\/09\/11\/siete-viajes-en-bicicleta-en-europa\/\"]}]},{\"@type\":\"ImageObject\",\"inLanguage\":\"es-ES\",\"@id\":\"https:\/\/www.welovecycling.com\/es\/2017\/09\/11\/siete-viajes-en-bicicleta-en-europa\/#primaryimage\",\"url\":\"https:\/\/d2p6e6u75xmxt8.cloudfront.net\/6\/2017\/09\/profimedia-0262834907-01.jpg\",\"contentUrl\":\"https:\/\/d2p6e6u75xmxt8.cloudfront.net\/6\/2017\/09\/profimedia-0262834907-01.jpg\",\"width\":1375,\"height\":600},{\"@type\":\"BreadcrumbList\",\"@id\":\"https:\/\/www.welovecycling.com\/es\/2017\/09\/11\/siete-viajes-en-bicicleta-en-europa\/#breadcrumb\",\"itemListElement\":[{\"@type\":\"ListItem\",\"position\":1,\"name\":\"Home\",\"item\":\"https:\/\/www.welovecycling.com\/es\/\"},{\"@type\":\"ListItem\",\"position\":2,\"name\":\"Siete viajes ciclistas en Europa que no te debes perder\"}]},{\"@type\":\"WebSite\",\"@id\":\"https:\/\/www.welovecycling.com\/es\/#website\",\"url\":\"https:\/\/www.welovecycling.com\/es\/\",\"name\":\"\u0160koda We Love Cycling - Spain\",\"description\":\"\u0160koda WeLoveCycling Spain\",\"potentialAction\":[{\"@type\":\"SearchAction\",\"target\":{\"@type\":\"EntryPoint\",\"urlTemplate\":\"https:\/\/www.welovecycling.com\/es\/?s={search_term_string}\"},\"query-input\":{\"@type\":\"PropertyValueSpecification\",\"valueRequired\":true,\"valueName\":\"search_term_string\"}}],\"inLanguage\":\"es-ES\"},{\"@type\":\"Person\",\"@id\":\"https:\/\/www.welovecycling.com\/es\/#\/schema\/person\/deb61715b5812698ee79fb96f343ccd4\",\"name\":\"We Love Cycling Spain\",\"image\":{\"@type\":\"ImageObject\",\"inLanguage\":\"es-ES\",\"@id\":\"https:\/\/www.welovecycling.com\/es\/#\/schema\/person\/image\/\",\"url\":\"https:\/\/secure.gravatar.com\/avatar\/c824b04e6df0e37a03219d0b6481672889df542894588964102459e46513159c?s=96&d=mm&r=g\",\"contentUrl\":\"https:\/\/secure.gravatar.com\/avatar\/c824b04e6df0e37a03219d0b6481672889df542894588964102459e46513159c?s=96&d=mm&r=g\",\"caption\":\"We Love Cycling Spain\"},\"url\":\"https:\/\/www.welovecycling.com\/es\/author\/amunoz\/\"}]}<\/script>\n<!-- \/ Yoast SEO Premium plugin. -->","yoast_head_json":{"title":"Siete viajes en bicicleta en Europa que no te debes perder","description":"Los siete viajes en bicicleta en Europa que no te debes perder. Desde las monta\u00f1as de Alpe d\u00b4Huez y Stelvio a los paseos por el Elba o Andaluc\u00eda.","robots":{"index":"index","follow":"follow","max-snippet":"max-snippet:-1","max-image-preview":"max-image-preview:large","max-video-preview":"max-video-preview:-1"},"canonical":"https:\/\/www.welovecycling.com\/es\/2017\/09\/11\/siete-viajes-en-bicicleta-en-europa\/","og_locale":"es_ES","og_type":"article","og_title":"Siete viajes ciclistas en Europa que no te debes perder","og_description":"Los siete viajes en bicicleta en Europa que no te debes perder. Desde las monta\u00f1as de Alpe d\u00b4Huez y Stelvio a los paseos por el Elba o Andaluc\u00eda.","og_url":"https:\/\/www.welovecycling.com\/es\/2017\/09\/11\/siete-viajes-en-bicicleta-en-europa\/","og_site_name":"\u0160koda We Love Cycling - Spain","article_published_time":"2017-09-11T11:23:27+00:00","article_modified_time":"2017-10-30T12:23:44+00:00","og_image":[{"width":1375,"height":600,"url":"https:\/\/d2p6e6u75xmxt8.cloudfront.net\/6\/2017\/09\/profimedia-0262834907-01.jpg","type":"image\/jpeg"}],"author":"We Love Cycling Spain","twitter_card":"summary_large_image","twitter_title":"Siete viajes ciclistas en Europa que no te debes perder","twitter_description":"Los siete viajes en bicicleta en Europa que no te debes perder. Desde las monta\u00f1as de Alpe d\u00b4Huez y Stelvio a los paseos por el Elba o Andaluc\u00eda.","twitter_misc":{"Written by":"Jiri Kaloc","Est. reading time":"6 minutes"},"schema":{"@context":"https:\/\/schema.org","@graph":[{"@type":"WebPage","@id":"https:\/\/www.welovecycling.com\/es\/2017\/09\/11\/siete-viajes-en-bicicleta-en-europa\/","url":"https:\/\/www.welovecycling.com\/es\/2017\/09\/11\/siete-viajes-en-bicicleta-en-europa\/","name":"Siete viajes en bicicleta en Europa que no te debes perder","isPartOf":{"@id":"https:\/\/www.welovecycling.com\/es\/#website"},"primaryImageOfPage":{"@id":"https:\/\/www.welovecycling.com\/es\/2017\/09\/11\/siete-viajes-en-bicicleta-en-europa\/#primaryimage"},"image":{"@id":"https:\/\/www.welovecycling.com\/es\/2017\/09\/11\/siete-viajes-en-bicicleta-en-europa\/#primaryimage"},"thumbnailUrl":"https:\/\/d2p6e6u75xmxt8.cloudfront.net\/6\/2017\/09\/profimedia-0262834907-01.jpg","datePublished":"2017-09-11T11:23:27+00:00","dateModified":"2017-10-30T12:23:44+00:00","author":{"@id":"https:\/\/www.welovecycling.com\/es\/#\/schema\/person\/deb61715b5812698ee79fb96f343ccd4"},"description":"Los siete viajes en bicicleta en Europa que no te debes perder. Desde las monta\u00f1as de Alpe d\u00b4Huez y Stelvio a los paseos por el Elba o Andaluc\u00eda.","breadcrumb":{"@id":"https:\/\/www.welovecycling.com\/es\/2017\/09\/11\/siete-viajes-en-bicicleta-en-europa\/#breadcrumb"},"inLanguage":"es-ES","potentialAction":[{"@type":"ReadAction","target":["https:\/\/www.welovecycling.com\/es\/2017\/09\/11\/siete-viajes-en-bicicleta-en-europa\/"]}]},{"@type":"ImageObject","inLanguage":"es-ES","@id":"https:\/\/www.welovecycling.com\/es\/2017\/09\/11\/siete-viajes-en-bicicleta-en-europa\/#primaryimage","url":"https:\/\/d2p6e6u75xmxt8.cloudfront.net\/6\/2017\/09\/profimedia-0262834907-01.jpg","contentUrl":"https:\/\/d2p6e6u75xmxt8.cloudfront.net\/6\/2017\/09\/profimedia-0262834907-01.jpg","width":1375,"height":600},{"@type":"BreadcrumbList","@id":"https:\/\/www.welovecycling.com\/es\/2017\/09\/11\/siete-viajes-en-bicicleta-en-europa\/#breadcrumb","itemListElement":[{"@type":"ListItem","position":1,"name":"Home","item":"https:\/\/www.welovecycling.com\/es\/"},{"@type":"ListItem","position":2,"name":"Siete viajes ciclistas en Europa que no te debes perder"}]},{"@type":"WebSite","@id":"https:\/\/www.welovecycling.com\/es\/#website","url":"https:\/\/www.welovecycling.com\/es\/","name":"\u0160koda We Love Cycling - Spain","description":"\u0160koda WeLoveCycling Spain","potentialAction":[{"@type":"SearchAction","target":{"@type":"EntryPoint","urlTemplate":"https:\/\/www.welovecycling.com\/es\/?s={search_term_string}"},"query-input":{"@type":"PropertyValueSpecification","valueRequired":true,"valueName":"search_term_string"}}],"inLanguage":"es-ES"},{"@type":"Person","@id":"https:\/\/www.welovecycling.com\/es\/#\/schema\/person\/deb61715b5812698ee79fb96f343ccd4","name":"We Love Cycling Spain","image":{"@type":"ImageObject","inLanguage":"es-ES","@id":"https:\/\/www.welovecycling.com\/es\/#\/schema\/person\/image\/","url":"https:\/\/secure.gravatar.com\/avatar\/c824b04e6df0e37a03219d0b6481672889df542894588964102459e46513159c?s=96&d=mm&r=g","contentUrl":"https:\/\/secure.gravatar.com\/avatar\/c824b04e6df0e37a03219d0b6481672889df542894588964102459e46513159c?s=96&d=mm&r=g","caption":"We Love Cycling Spain"},"url":"https:\/\/www.welovecycling.com\/es\/author\/amunoz\/"}]}},"_links":{"self":[{"href":"https:\/\/www.welovecycling.com\/es\/wp-json\/wp\/v2\/posts\/1349","targetHints":{"allow":["GET"]}}],"collection":[{"href":"https:\/\/www.welovecycling.com\/es\/wp-json\/wp\/v2\/posts"}],"about":[{"href":"https:\/\/www.welovecycling.com\/es\/wp-json\/wp\/v2\/types\/post"}],"author":[{"embeddable":true,"href":"https:\/\/www.welovecycling.com\/es\/wp-json\/wp\/v2\/users\/29"}],"replies":[{"embeddable":true,"href":"https:\/\/www.welovecycling.com\/es\/wp-json\/wp\/v2\/comments?post=1349"}],"version-history":[{"count":2,"href":"https:\/\/www.welovecycling.com\/es\/wp-json\/wp\/v2\/posts\/1349\/revisions"}],"predecessor-version":[{"id":1706,"href":"https:\/\/www.welovecycling.com\/es\/wp-json\/wp\/v2\/posts\/1349\/revisions\/1706"}],"wp:featuredmedia":[{"embeddable":true,"href":"https:\/\/www.welovecycling.com\/es\/wp-json\/wp\/v2\/media\/1381"}],"wp:attachment":[{"href":"https:\/\/www.welovecycling.com\/es\/wp-json\/wp\/v2\/media?parent=1349"}],"wp:term":[{"taxonomy":"category","embeddable":true,"href":"https:\/\/www.welovecycling.com\/es\/wp-json\/wp\/v2\/categories?post=1349"},{"taxonomy":"post_tag","embeddable":true,"href":"https:\/\/www.welovecycling.com\/es\/wp-json\/wp\/v2\/tags?post=1349"},{"taxonomy":"global-categories","embeddable":true,"href":"https:\/\/www.welovecycling.com\/es\/wp-json\/wp\/v2\/global-categories?post=1349"}],"curies":[{"name":"wp","href":"https:\/\/api.w.org\/{rel}","templated":true}]}}