{"id":1336,"date":"2017-09-06T14:03:55","date_gmt":"2017-09-06T12:03:55","guid":{"rendered":"https:\/\/www.welovecycling.com\/es\/?p=1336"},"modified":"2017-09-06T14:22:43","modified_gmt":"2017-09-06T12:22:43","slug":"nuevo-skoda-karoq-acompana-alberto-contador-la-vuelta","status":"publish","type":"post","link":"https:\/\/www.welovecycling.com\/es\/2017\/09\/06\/nuevo-skoda-karoq-acompana-alberto-contador-la-vuelta\/","title":{"rendered":"El nuevo \u0160koda Karoq acompa\u00f1a a Alberto Contador durante La Vuelta"},"content":{"rendered":"<p><strong>Una unidad del \u0160koda KAROQ acompa\u00f1\u00f3\u00a0a\u00a0Alberto Contador como veh\u00edculo de\u00a0apoyo\u00a0en la etapa contrarreloj individual del pasado martes en la Vuelta a Espa\u00f1a. El nuevo SUV de \u0160koda actu\u00f3 como veh\u00edculo de apoyo con recambios para la bicicleta y llev\u00f3 a bordo al equipo t\u00e9cnico del ciclista.<\/strong><br \/>\n<!--more--><\/p>\n<p>La aparici\u00f3n del nuevo \u0160koda KAROQ llega en un momento clave de &#8220;La Vuelta&#8221;. Tras la jornada de descanso de hoy, los ciclistas afrontaron una contrarreloj individual de 40,2 km\u00a0con inicio\u00a0en el Circuito de Navarra y\u00a0final\u00a0en Logro\u00f1o.\u00a0Fue\u00a0la 16\u00aa etapa de la competici\u00f3n, y<strong> Alberto Contador la disput\u00f3 acompa\u00f1ado en todo momento por el nuevo \u0160koda KAROQ, el nuevo SUV<\/strong> de la marca que destaca por su gran versatilidad y su enorme espacio, por lo que se convirti\u00f3 en el aliado perfecto de todo el equipo que dio\u00a0soporte al ciclista de Pinto.<u><\/u><u><\/u><\/p>\n<p>El nuevo \u0160koda KAROQ, que celebr\u00f3 su estreno mundial en Estocolmo a mediados de mayo, es un SUV compacto con un dise\u00f1o moderno y din\u00e1mico. Su dise\u00f1o caracterizado por elementos cristalinos es una verdadera representaci\u00f3n del nuevo ADN de la marca. Entre sus elementos m\u00e1s destacables est\u00e1 la capacidad del maletero de 1.630 litros, ideales para las necesidades de carga de un ciclista, los faros delanteros full-LED y un panel digital de instrumentos completamente programable, as\u00ed como en lo \u00faltimo en tecnolog\u00eda de Asistentes de Conducci\u00f3n.<\/p>\n<p><img loading=\"lazy\" decoding=\"async\" class=\"aligncenter size-large wp-image-1340\" src=\"https:\/\/d2p6e6u75xmxt8.cloudfront.net\/6\/2017\/09\/R5A1204.JPG-1024x683.jpg\" alt=\"\" width=\"1024\" height=\"683\" srcset=\"https:\/\/d2p6e6u75xmxt8.cloudfront.net\/6\/2017\/09\/R5A1204.JPG-1024x683.jpg 1024w, https:\/\/d2p6e6u75xmxt8.cloudfront.net\/6\/2017\/09\/R5A1204.JPG-300x200.jpg 300w, https:\/\/d2p6e6u75xmxt8.cloudfront.net\/6\/2017\/09\/R5A1204.JPG-768x512.jpg 768w, https:\/\/d2p6e6u75xmxt8.cloudfront.net\/6\/2017\/09\/R5A1204.JPG-1920x1280.jpg 1920w, https:\/\/d2p6e6u75xmxt8.cloudfront.net\/6\/2017\/09\/R5A1204.JPG-272x182.jpg 272w, https:\/\/d2p6e6u75xmxt8.cloudfront.net\/6\/2017\/09\/R5A1204.JPG-1920x1280.jpg 1920w\" sizes=\"auto, (max-width: 1024px) 100vw, 1024px\" \/><br \/>\n<u><\/u><u><\/u><\/p>\n<p>El veh\u00edculo cuenta con cinco variantes de motor, <strong>que van de los 115 CV (85 kW) a los 190 CV (140 kW) de potencia. El \u0160koda KAROQ<\/strong> tambi\u00e9n impresiona con soluciones inteligentes como los asientos traseros VarioFlex, que ampl\u00edan la capacidad de carga hasta los 1.810 litros, y el pedal virtual para abrir el port\u00f3n trasero sin manos. El lanzamiento de este SUV tendr\u00e1 lugar en octubre.<u><\/u><u><\/u><\/p>\n<p>La unidad del<strong> \u0160koda KAROQ que acompa\u00f1\u00f3 al l\u00edder del equipo Trek-Segafredo<\/strong> ha sido cedida espec\u00edficamente para este evento desde la central de la compa\u00f1\u00eda, en la Rep\u00fablica Checa, lo que remarca el fuerte e hist\u00f3rico compromiso de \u0160koda con el mundo del ciclismo. Antes de que empezara la producci\u00f3n de coches en 1905, los fundadores de la compa\u00f1\u00eda V\u00e1clav Laurin y V\u00e1clav Klement empezaron fabricando bicicletas, y este v\u00ednculo sigue vivo a d\u00eda de hoy. Actualmente, la marca es uno de los principales patrocinadores de competiciones relacionadas con el ciclismo. Adem\u00e1s del <strong>Tour de Francia y de La Vuelta a Espa\u00f1a, \u0160koda<\/strong> apoya todo tipo de pruebas ciclistas nacionales e internacionales, adem\u00e1s de otros eventos deportivos.<\/p>\n","protected":false},"excerpt":{"rendered":"<p>Una unidad del \u0160koda KAROQ acompa\u00f1\u00f3\u00a0a\u00a0Alberto Contador como veh\u00edculo de\u00a0apoyo\u00a0en la etapa contrarreloj individual del pasado martes en la Vuelta [&hellip;]<\/p>\n","protected":false},"author":29,"featured_media":1341,"comment_status":"open","ping_status":"open","sticky":false,"template":"","format":"standard","meta":{"footnotes":""},"categories":[7],"tags":[84,44,85],"global-categories":[],"class_list":["post-1336","post","type-post","status-publish","format-standard","has-post-thumbnail","hentry","category-carretera","tag-alberto-contador","tag-la-vuelta","tag-vuelta-20017"],"yoast_head":"<!-- This site is optimized with the Yoast SEO Premium plugin v25.3 (Yoast SEO v25.9) - https:\/\/yoast.com\/wordpress\/plugins\/seo\/ -->\n<title>El nuevo \u0160koda Karoq acompa\u00f1a a Alberto Contador durante La Vuelta - \u0160koda We Love Cycling - Spain<\/title>\n<meta name=\"description\" content=\"El \u0160koda Karoq acompa\u00f1a a Alberto Contador en la crono de La Vuelta a Espa\u00f1a. Fue la presentaci\u00f3n del nuevo modelo en Espa\u00f1a\" \/>\n<meta name=\"robots\" content=\"index, follow, max-snippet:-1, max-image-preview:large, max-video-preview:-1\" \/>\n<link rel=\"canonical\" href=\"https:\/\/www.welovecycling.com\/es\/2017\/09\/06\/nuevo-skoda-karoq-acompana-alberto-contador-la-vuelta\/\" \/>\n<meta property=\"og:locale\" content=\"es_ES\" \/>\n<meta property=\"og:type\" content=\"article\" \/>\n<meta property=\"og:title\" content=\"El nuevo \u0160koda Karoq acompa\u00f1a a Alberto Contador durante La Vuelta\" \/>\n<meta property=\"og:description\" content=\"Una unidad del \u0160koda KAROQ acompa\u00f1\u00f3 a Alberto Contador como veh\u00edculo de apoyo en la etapa contrarreloj individual del pasado martes en la Vuelta a Espa\u00f1a. El nuevo SUV de \u0160koda actu\u00f3 como veh\u00edculo de apoyo con recambios para la bicicleta y llev\u00f3 a bordo al equipo t\u00e9cnico del ciclista.\" \/>\n<meta property=\"og:url\" content=\"https:\/\/www.welovecycling.com\/es\/2017\/09\/06\/nuevo-skoda-karoq-acompana-alberto-contador-la-vuelta\/\" \/>\n<meta property=\"og:site_name\" content=\"\u0160koda We Love Cycling - Spain\" \/>\n<meta property=\"article:published_time\" content=\"2017-09-06T12:03:55+00:00\" \/>\n<meta property=\"article:modified_time\" content=\"2017-09-06T12:22:43+00:00\" \/>\n<meta property=\"og:image\" content=\"https:\/\/d2p6e6u75xmxt8.cloudfront.net\/6\/2017\/09\/el-koda-karoq-acompanara-a-alberto-contador-en-la-contrarreloj-de-manana-de-la-vuelta2.jpg\" \/>\n\t<meta property=\"og:image:width\" content=\"4000\" \/>\n\t<meta property=\"og:image:height\" content=\"2667\" \/>\n\t<meta property=\"og:image:type\" content=\"image\/jpeg\" \/>\n<meta name=\"author\" content=\"We Love Cycling Spain\" \/>\n<meta name=\"twitter:card\" content=\"summary_large_image\" \/>\n<meta name=\"twitter:title\" content=\"El nuevo \u0160koda Karoq acompa\u00f1a a Alberto Contador durante La Vuelta\" \/>\n<meta name=\"twitter:description\" content=\"Una unidad del \u0160koda KAROQ acompa\u00f1\u00f3 a Alberto Contador como veh\u00edculo de apoyo en la etapa contrarreloj individual del pasado martes en la Vuelta a Espa\u00f1a. El nuevo SUV de \u0160koda actu\u00f3 como veh\u00edculo de apoyo con recambios para la bicicleta y llev\u00f3 a bordo al equipo t\u00e9cnico del ciclista.\" \/>\n<meta name=\"twitter:label1\" content=\"Written by\" \/>\n\t<meta name=\"twitter:data1\" content=\"Alejandro Martin\" \/>\n\t<meta name=\"twitter:label2\" content=\"Est. reading time\" \/>\n\t<meta name=\"twitter:data2\" content=\"2 minutes\" \/>\n<script type=\"application\/ld+json\" class=\"yoast-schema-graph\">{\"@context\":\"https:\/\/schema.org\",\"@graph\":[{\"@type\":\"WebPage\",\"@id\":\"https:\/\/www.welovecycling.com\/es\/2017\/09\/06\/nuevo-skoda-karoq-acompana-alberto-contador-la-vuelta\/\",\"url\":\"https:\/\/www.welovecycling.com\/es\/2017\/09\/06\/nuevo-skoda-karoq-acompana-alberto-contador-la-vuelta\/\",\"name\":\"El nuevo \u0160koda Karoq acompa\u00f1a a Alberto Contador durante La Vuelta - \u0160koda We Love Cycling - Spain\",\"isPartOf\":{\"@id\":\"https:\/\/www.welovecycling.com\/es\/#website\"},\"primaryImageOfPage\":{\"@id\":\"https:\/\/www.welovecycling.com\/es\/2017\/09\/06\/nuevo-skoda-karoq-acompana-alberto-contador-la-vuelta\/#primaryimage\"},\"image\":{\"@id\":\"https:\/\/www.welovecycling.com\/es\/2017\/09\/06\/nuevo-skoda-karoq-acompana-alberto-contador-la-vuelta\/#primaryimage\"},\"thumbnailUrl\":\"https:\/\/d2p6e6u75xmxt8.cloudfront.net\/6\/2017\/09\/el-koda-karoq-acompanara-a-alberto-contador-en-la-contrarreloj-de-manana-de-la-vuelta2.jpg\",\"datePublished\":\"2017-09-06T12:03:55+00:00\",\"dateModified\":\"2017-09-06T12:22:43+00:00\",\"author\":{\"@id\":\"https:\/\/www.welovecycling.com\/es\/#\/schema\/person\/deb61715b5812698ee79fb96f343ccd4\"},\"description\":\"El \u0160koda Karoq acompa\u00f1a a Alberto Contador en la crono de La Vuelta a Espa\u00f1a. Fue la presentaci\u00f3n del nuevo modelo en Espa\u00f1a\",\"breadcrumb\":{\"@id\":\"https:\/\/www.welovecycling.com\/es\/2017\/09\/06\/nuevo-skoda-karoq-acompana-alberto-contador-la-vuelta\/#breadcrumb\"},\"inLanguage\":\"es-ES\",\"potentialAction\":[{\"@type\":\"ReadAction\",\"target\":[\"https:\/\/www.welovecycling.com\/es\/2017\/09\/06\/nuevo-skoda-karoq-acompana-alberto-contador-la-vuelta\/\"]}]},{\"@type\":\"ImageObject\",\"inLanguage\":\"es-ES\",\"@id\":\"https:\/\/www.welovecycling.com\/es\/2017\/09\/06\/nuevo-skoda-karoq-acompana-alberto-contador-la-vuelta\/#primaryimage\",\"url\":\"https:\/\/d2p6e6u75xmxt8.cloudfront.net\/6\/2017\/09\/el-koda-karoq-acompanara-a-alberto-contador-en-la-contrarreloj-de-manana-de-la-vuelta2.jpg\",\"contentUrl\":\"https:\/\/d2p6e6u75xmxt8.cloudfront.net\/6\/2017\/09\/el-koda-karoq-acompanara-a-alberto-contador-en-la-contrarreloj-de-manana-de-la-vuelta2.jpg\",\"width\":4000,\"height\":2667},{\"@type\":\"BreadcrumbList\",\"@id\":\"https:\/\/www.welovecycling.com\/es\/2017\/09\/06\/nuevo-skoda-karoq-acompana-alberto-contador-la-vuelta\/#breadcrumb\",\"itemListElement\":[{\"@type\":\"ListItem\",\"position\":1,\"name\":\"Home\",\"item\":\"https:\/\/www.welovecycling.com\/es\/\"},{\"@type\":\"ListItem\",\"position\":2,\"name\":\"El nuevo \u0160koda Karoq acompa\u00f1a a Alberto Contador durante La Vuelta\"}]},{\"@type\":\"WebSite\",\"@id\":\"https:\/\/www.welovecycling.com\/es\/#website\",\"url\":\"https:\/\/www.welovecycling.com\/es\/\",\"name\":\"\u0160koda We Love Cycling - Spain\",\"description\":\"\u0160koda WeLoveCycling Spain\",\"potentialAction\":[{\"@type\":\"SearchAction\",\"target\":{\"@type\":\"EntryPoint\",\"urlTemplate\":\"https:\/\/www.welovecycling.com\/es\/?s={search_term_string}\"},\"query-input\":{\"@type\":\"PropertyValueSpecification\",\"valueRequired\":true,\"valueName\":\"search_term_string\"}}],\"inLanguage\":\"es-ES\"},{\"@type\":\"Person\",\"@id\":\"https:\/\/www.welovecycling.com\/es\/#\/schema\/person\/deb61715b5812698ee79fb96f343ccd4\",\"name\":\"We Love Cycling Spain\",\"image\":{\"@type\":\"ImageObject\",\"inLanguage\":\"es-ES\",\"@id\":\"https:\/\/www.welovecycling.com\/es\/#\/schema\/person\/image\/\",\"url\":\"https:\/\/secure.gravatar.com\/avatar\/c824b04e6df0e37a03219d0b6481672889df542894588964102459e46513159c?s=96&d=mm&r=g\",\"contentUrl\":\"https:\/\/secure.gravatar.com\/avatar\/c824b04e6df0e37a03219d0b6481672889df542894588964102459e46513159c?s=96&d=mm&r=g\",\"caption\":\"We Love Cycling Spain\"},\"url\":\"https:\/\/www.welovecycling.com\/es\/author\/amunoz\/\"}]}<\/script>\n<!-- \/ Yoast SEO Premium plugin. -->","yoast_head_json":{"title":"El nuevo \u0160koda Karoq acompa\u00f1a a Alberto Contador durante La Vuelta - \u0160koda We Love Cycling - Spain","description":"El \u0160koda Karoq acompa\u00f1a a Alberto Contador en la crono de La Vuelta a Espa\u00f1a. Fue la presentaci\u00f3n del nuevo modelo en Espa\u00f1a","robots":{"index":"index","follow":"follow","max-snippet":"max-snippet:-1","max-image-preview":"max-image-preview:large","max-video-preview":"max-video-preview:-1"},"canonical":"https:\/\/www.welovecycling.com\/es\/2017\/09\/06\/nuevo-skoda-karoq-acompana-alberto-contador-la-vuelta\/","og_locale":"es_ES","og_type":"article","og_title":"El nuevo \u0160koda Karoq acompa\u00f1a a Alberto Contador durante La Vuelta","og_description":"Una unidad del \u0160koda KAROQ acompa\u00f1\u00f3 a Alberto Contador como veh\u00edculo de apoyo en la etapa contrarreloj individual del pasado martes en la Vuelta a Espa\u00f1a. El nuevo SUV de \u0160koda actu\u00f3 como veh\u00edculo de apoyo con recambios para la bicicleta y llev\u00f3 a bordo al equipo t\u00e9cnico del ciclista.","og_url":"https:\/\/www.welovecycling.com\/es\/2017\/09\/06\/nuevo-skoda-karoq-acompana-alberto-contador-la-vuelta\/","og_site_name":"\u0160koda We Love Cycling - Spain","article_published_time":"2017-09-06T12:03:55+00:00","article_modified_time":"2017-09-06T12:22:43+00:00","og_image":[{"width":4000,"height":2667,"url":"https:\/\/d2p6e6u75xmxt8.cloudfront.net\/6\/2017\/09\/el-koda-karoq-acompanara-a-alberto-contador-en-la-contrarreloj-de-manana-de-la-vuelta2.jpg","type":"image\/jpeg"}],"author":"We Love Cycling Spain","twitter_card":"summary_large_image","twitter_title":"El nuevo \u0160koda Karoq acompa\u00f1a a Alberto Contador durante La Vuelta","twitter_description":"Una unidad del \u0160koda KAROQ acompa\u00f1\u00f3 a Alberto Contador como veh\u00edculo de apoyo en la etapa contrarreloj individual del pasado martes en la Vuelta a Espa\u00f1a. El nuevo SUV de \u0160koda actu\u00f3 como veh\u00edculo de apoyo con recambios para la bicicleta y llev\u00f3 a bordo al equipo t\u00e9cnico del ciclista.","twitter_misc":{"Written by":"Alejandro Martin","Est. reading time":"2 minutes"},"schema":{"@context":"https:\/\/schema.org","@graph":[{"@type":"WebPage","@id":"https:\/\/www.welovecycling.com\/es\/2017\/09\/06\/nuevo-skoda-karoq-acompana-alberto-contador-la-vuelta\/","url":"https:\/\/www.welovecycling.com\/es\/2017\/09\/06\/nuevo-skoda-karoq-acompana-alberto-contador-la-vuelta\/","name":"El nuevo \u0160koda Karoq acompa\u00f1a a Alberto Contador durante La Vuelta - \u0160koda We Love Cycling - Spain","isPartOf":{"@id":"https:\/\/www.welovecycling.com\/es\/#website"},"primaryImageOfPage":{"@id":"https:\/\/www.welovecycling.com\/es\/2017\/09\/06\/nuevo-skoda-karoq-acompana-alberto-contador-la-vuelta\/#primaryimage"},"image":{"@id":"https:\/\/www.welovecycling.com\/es\/2017\/09\/06\/nuevo-skoda-karoq-acompana-alberto-contador-la-vuelta\/#primaryimage"},"thumbnailUrl":"https:\/\/d2p6e6u75xmxt8.cloudfront.net\/6\/2017\/09\/el-koda-karoq-acompanara-a-alberto-contador-en-la-contrarreloj-de-manana-de-la-vuelta2.jpg","datePublished":"2017-09-06T12:03:55+00:00","dateModified":"2017-09-06T12:22:43+00:00","author":{"@id":"https:\/\/www.welovecycling.com\/es\/#\/schema\/person\/deb61715b5812698ee79fb96f343ccd4"},"description":"El \u0160koda Karoq acompa\u00f1a a Alberto Contador en la crono de La Vuelta a Espa\u00f1a. Fue la presentaci\u00f3n del nuevo modelo en Espa\u00f1a","breadcrumb":{"@id":"https:\/\/www.welovecycling.com\/es\/2017\/09\/06\/nuevo-skoda-karoq-acompana-alberto-contador-la-vuelta\/#breadcrumb"},"inLanguage":"es-ES","potentialAction":[{"@type":"ReadAction","target":["https:\/\/www.welovecycling.com\/es\/2017\/09\/06\/nuevo-skoda-karoq-acompana-alberto-contador-la-vuelta\/"]}]},{"@type":"ImageObject","inLanguage":"es-ES","@id":"https:\/\/www.welovecycling.com\/es\/2017\/09\/06\/nuevo-skoda-karoq-acompana-alberto-contador-la-vuelta\/#primaryimage","url":"https:\/\/d2p6e6u75xmxt8.cloudfront.net\/6\/2017\/09\/el-koda-karoq-acompanara-a-alberto-contador-en-la-contrarreloj-de-manana-de-la-vuelta2.jpg","contentUrl":"https:\/\/d2p6e6u75xmxt8.cloudfront.net\/6\/2017\/09\/el-koda-karoq-acompanara-a-alberto-contador-en-la-contrarreloj-de-manana-de-la-vuelta2.jpg","width":4000,"height":2667},{"@type":"BreadcrumbList","@id":"https:\/\/www.welovecycling.com\/es\/2017\/09\/06\/nuevo-skoda-karoq-acompana-alberto-contador-la-vuelta\/#breadcrumb","itemListElement":[{"@type":"ListItem","position":1,"name":"Home","item":"https:\/\/www.welovecycling.com\/es\/"},{"@type":"ListItem","position":2,"name":"El nuevo \u0160koda Karoq acompa\u00f1a a Alberto Contador durante La Vuelta"}]},{"@type":"WebSite","@id":"https:\/\/www.welovecycling.com\/es\/#website","url":"https:\/\/www.welovecycling.com\/es\/","name":"\u0160koda We Love Cycling - Spain","description":"\u0160koda WeLoveCycling Spain","potentialAction":[{"@type":"SearchAction","target":{"@type":"EntryPoint","urlTemplate":"https:\/\/www.welovecycling.com\/es\/?s={search_term_string}"},"query-input":{"@type":"PropertyValueSpecification","valueRequired":true,"valueName":"search_term_string"}}],"inLanguage":"es-ES"},{"@type":"Person","@id":"https:\/\/www.welovecycling.com\/es\/#\/schema\/person\/deb61715b5812698ee79fb96f343ccd4","name":"We Love Cycling Spain","image":{"@type":"ImageObject","inLanguage":"es-ES","@id":"https:\/\/www.welovecycling.com\/es\/#\/schema\/person\/image\/","url":"https:\/\/secure.gravatar.com\/avatar\/c824b04e6df0e37a03219d0b6481672889df542894588964102459e46513159c?s=96&d=mm&r=g","contentUrl":"https:\/\/secure.gravatar.com\/avatar\/c824b04e6df0e37a03219d0b6481672889df542894588964102459e46513159c?s=96&d=mm&r=g","caption":"We Love Cycling Spain"},"url":"https:\/\/www.welovecycling.com\/es\/author\/amunoz\/"}]}},"_links":{"self":[{"href":"https:\/\/www.welovecycling.com\/es\/wp-json\/wp\/v2\/posts\/1336","targetHints":{"allow":["GET"]}}],"collection":[{"href":"https:\/\/www.welovecycling.com\/es\/wp-json\/wp\/v2\/posts"}],"about":[{"href":"https:\/\/www.welovecycling.com\/es\/wp-json\/wp\/v2\/types\/post"}],"author":[{"embeddable":true,"href":"https:\/\/www.welovecycling.com\/es\/wp-json\/wp\/v2\/users\/29"}],"replies":[{"embeddable":true,"href":"https:\/\/www.welovecycling.com\/es\/wp-json\/wp\/v2\/comments?post=1336"}],"version-history":[{"count":2,"href":"https:\/\/www.welovecycling.com\/es\/wp-json\/wp\/v2\/posts\/1336\/revisions"}],"predecessor-version":[{"id":1346,"href":"https:\/\/www.welovecycling.com\/es\/wp-json\/wp\/v2\/posts\/1336\/revisions\/1346"}],"wp:featuredmedia":[{"embeddable":true,"href":"https:\/\/www.welovecycling.com\/es\/wp-json\/wp\/v2\/media\/1341"}],"wp:attachment":[{"href":"https:\/\/www.welovecycling.com\/es\/wp-json\/wp\/v2\/media?parent=1336"}],"wp:term":[{"taxonomy":"category","embeddable":true,"href":"https:\/\/www.welovecycling.com\/es\/wp-json\/wp\/v2\/categories?post=1336"},{"taxonomy":"post_tag","embeddable":true,"href":"https:\/\/www.welovecycling.com\/es\/wp-json\/wp\/v2\/tags?post=1336"},{"taxonomy":"global-categories","embeddable":true,"href":"https:\/\/www.welovecycling.com\/es\/wp-json\/wp\/v2\/global-categories?post=1336"}],"curies":[{"name":"wp","href":"https:\/\/api.w.org\/{rel}","templated":true}]}}