{"id":1316,"date":"2017-09-05T22:31:06","date_gmt":"2017-09-05T20:31:06","guid":{"rendered":"https:\/\/www.welovecycling.com\/es\/?p=1316"},"modified":"2017-10-30T14:54:53","modified_gmt":"2017-10-30T12:54:53","slug":"la-vuelta-de-los-aficionados-asi-viven-la-carrera","status":"publish","type":"post","link":"https:\/\/www.welovecycling.com\/es\/2017\/09\/05\/la-vuelta-de-los-aficionados-asi-viven-la-carrera\/","title":{"rendered":"La Vuelta de los aficionados. As\u00ed viven la carrera"},"content":{"rendered":"<p><strong>En La Vuelta no solo pedalean los ciclistas profesionales. Cada d\u00eda decenas\u00a0de aficionados se echan a las cunetas con su bici para intentar imitar a sus \u00eddolos y realizar parte del recorrido de la etapa. Son los m\u00e1s visibles, sobre todo en las etapas de alta monta\u00f1a. Pero no los \u00fanicos. En coche, a pie, con nevera y silla, bocadillo en mano o incluso en caballo. Cualquier medio vale para disfrutar de La Vuelta y ver a los ciclistas desde cerca<\/strong><strong>.<\/strong><br \/>\n<!--more--><\/p>\n<p>Si algo bueno tiene el ciclismo es que sus aficionados tienen la capacidad de mimetizarse con sus ciclistas favoritos y sufrir en las mismas cuestas que ellos. Por eso La Vuelta es el escenario ideal para pasar de lo que se ve en televisi\u00f3n al pie de la cuneta. Lo que s\u00ed hay que diferenciar es entre el aficionado practicante y el que no lo es. Hasta eso influye a la hora de acudir a ver la carrera.<\/p>\n<h2><strong>Los que pedalean<\/strong><\/h2>\n<p>Para los que tienen el ciclismo como deporte habitual la mejor forma de ver<strong> La Vuelta es con su bici<\/strong>. Se elige una o varias etapas, normalmente con un puerto de monta\u00f1a importante como pas\u00f3 con<strong> La Pandera y Sierra Nevada<\/strong>, y el reto consiste hacer parte del recorrido que ese d\u00eda van a hacer los chicos del pelot\u00f3n, siempre unas horas antes, y despu\u00e9s ver la carrera en directo. Esta es la idea, pero hay varios caminos para llegar a hacerlo.<\/p>\n<p><a href=\"https:\/\/d2p6e6u75xmxt8.cloudfront.net\/6\/2017\/09\/La-Vuelta-etapa-15-3.JPG.jpg\"><img loading=\"lazy\" decoding=\"async\" class=\"aligncenter size-large wp-image-1321\" src=\"https:\/\/d2p6e6u75xmxt8.cloudfront.net\/6\/2017\/09\/La-Vuelta-etapa-15-3.JPG-1024x678.jpg\" alt=\"\" width=\"1024\" height=\"678\" srcset=\"https:\/\/d2p6e6u75xmxt8.cloudfront.net\/6\/2017\/09\/La-Vuelta-etapa-15-3.JPG-1024x678.jpg 1024w, https:\/\/d2p6e6u75xmxt8.cloudfront.net\/6\/2017\/09\/La-Vuelta-etapa-15-3.JPG-300x199.jpg 300w, https:\/\/d2p6e6u75xmxt8.cloudfront.net\/6\/2017\/09\/La-Vuelta-etapa-15-3.JPG-768x509.jpg 768w, https:\/\/d2p6e6u75xmxt8.cloudfront.net\/6\/2017\/09\/La-Vuelta-etapa-15-3.JPG.jpg 1280w\" sizes=\"auto, (max-width: 1024px) 100vw, 1024px\" \/><\/a><\/p>\n<p>Muchos optan por la soluci\u00f3n m\u00e1s sencilla, y es que se lo dejen todo organizado. <strong>Ya hay empresas de viajes que son Tour Operadores oficiales de La Vuelta y se encargan de ello<\/strong>. Desde la gesti\u00f3n de <strong>hoteles al dise\u00f1o de rutas, furgonetas de apoyo, traslados, avituallamientos e incluso pases VIP<\/strong> para la zona de meta. Eso asegura ciertos privilegios como el <strong>catering y la barra libre que ofrece La Vuelta<\/strong> a todos sus invitados, la posibilidad de ver la carrera en una zona cubierta (en la alta monta\u00f1a suele llover y hacer fr\u00edo), cambiarse de ropa y abrigarse cuando se corona el puerto, ver la etapa en las pantallas de televisi\u00f3n, pasar la l\u00ednea de meta en bici, fotografiarse en el podio e incluso una presentaci\u00f3n de c\u00f3mo funciona La Vuelta por dentro.<\/p>\n<p>Los pases<strong> VIP no s\u00f3lo valen para la zona de meta. Tambi\u00e9n para la l\u00ednea de salida<\/strong>. Dan acceso al Village con todos los regalos de los patrocinadores, las presentaciones y animaci\u00f3n oficial de La Vuelta, la posibilidad de conversar con ciclistas y directores y el acceso a la<strong> feria gastron\u00f3mica<\/strong>, que en esta edici\u00f3n va a cargo de Lugo, M\u00e1laga, Burgos y la ciudad de cada una de las salidas.<\/p>\n<p>Cubierta la etapa en bici toca <strong>disfrutar de la meta y vivir La Vuelta por dentro.<\/strong> Despu\u00e9s suele haber un veh\u00edculo de apoyo para bajarles al hotel y descansar para la etapa del d\u00eda siguiente. Los pelotones suelen ser de lo m\u00e1s internacional: australianos, norteamericanos, ingleses, colombianos, mexicanos, guatemaltecos&#8230; y espa\u00f1oles, claro. Entre los encargados de la organizaci\u00f3n, <a href=\"http:\/\/bikespain.com\/lavuelta\" target=\"_blank\" rel=\"noopener noreferrer\">Bike Spain<\/a>, <a href=\"http:\/\/www.ciclored.com\" target=\"_blank\" rel=\"noopener noreferrer\">Ciclored o<\/a>\u00a0<a href=\"http:\/\/www.cyclingcountry.com\/\" target=\"_blank\" rel=\"noopener noreferrer\">Cycling Country<\/a>.<\/p>\n<p><a href=\"https:\/\/d2p6e6u75xmxt8.cloudfront.net\/6\/2017\/09\/VUELTA-17-STAND-SKODA.jpg\"><img loading=\"lazy\" decoding=\"async\" class=\"aligncenter size-large wp-image-1323\" src=\"https:\/\/d2p6e6u75xmxt8.cloudfront.net\/6\/2017\/09\/VUELTA-17-STAND-SKODA-1024x679.jpg\" alt=\"\" width=\"1024\" height=\"679\" srcset=\"https:\/\/d2p6e6u75xmxt8.cloudfront.net\/6\/2017\/09\/VUELTA-17-STAND-SKODA-1024x679.jpg 1024w, https:\/\/d2p6e6u75xmxt8.cloudfront.net\/6\/2017\/09\/VUELTA-17-STAND-SKODA-300x199.jpg 300w, https:\/\/d2p6e6u75xmxt8.cloudfront.net\/6\/2017\/09\/VUELTA-17-STAND-SKODA-768x509.jpg 768w, https:\/\/d2p6e6u75xmxt8.cloudfront.net\/6\/2017\/09\/VUELTA-17-STAND-SKODA-1920x1273.jpg 1920w, https:\/\/d2p6e6u75xmxt8.cloudfront.net\/6\/2017\/09\/VUELTA-17-STAND-SKODA-1920x1273.jpg 1920w\" sizes=\"auto, (max-width: 1024px) 100vw, 1024px\" \/><\/a><\/p>\n<p>La otra opci\u00f3n es <strong>buscarse la vida, llenar el coche de amigos y lanzarse a los puertos.<\/strong> En primer lugar toca madrugar para encontrar un lugar en el que dejar el veh\u00edculo que no entorpezca la carrera. Despu\u00e9s mirar a la meteorolog\u00eda para ver que temperatura se espera, porque normalmente en las zonas m\u00e1s duras no suele haber nada a cubierto, y pedalear mochila a la espalda en busca de un lugar ideal para ver la etapa. M\u00f3vil en mano para fotografiar o grabar en v\u00eddeo el paso de la carrera&#8230; y para abajo en bici e intentar librar el atasco que suele generar La Vuelta.<\/p>\n<h2><strong>A pie de cuneta<\/strong><\/h2>\n<p>Para los aficionados que no pedalean el coche es la forma <strong>m\u00e1s r\u00e1pida de llegar a ver La Vuelta<\/strong>. Eso s\u00ed, exige horas de previsi\u00f3n y antelaci\u00f3n para buscar un buen sitio en el que aparcar, sobre todo en los d\u00edas de puertos, los que m\u00e1s p\u00fablico suelen concitar. <strong>Dependiendo del tipo de llegada el tr\u00e1fico se suele cerrar de dos a tres horas antes del paso de La Vuelta.<\/strong> En lugares de dif\u00edcil acceso, como ocurri\u00f3 en La Pandera, estaba incluso prohibido aparcar dentro los \u00faltimos ocho kil\u00f3metros de carrera, los m\u00e1s interesantes. As\u00ed que tocaba cargarse de comida, nevera y sillas y caminar cuesta arriba para esperar el paso de los ciclistas.<\/p>\n<figure id=\"attachment_1325\" aria-describedby=\"caption-attachment-1325\" style=\"width: 1024px\" class=\"wp-caption aligncenter\"><a href=\"https:\/\/d2p6e6u75xmxt8.cloudfront.net\/6\/2017\/09\/La-Vuelta-Aficionados.JPG.jpg\"><img loading=\"lazy\" decoding=\"async\" class=\"size-large wp-image-1325\" src=\"https:\/\/d2p6e6u75xmxt8.cloudfront.net\/6\/2017\/09\/La-Vuelta-Aficionados.JPG-1024x682.jpg\" alt=\"Foto La Vuleta\" width=\"1024\" height=\"682\" srcset=\"https:\/\/d2p6e6u75xmxt8.cloudfront.net\/6\/2017\/09\/La-Vuelta-Aficionados.JPG-1024x682.jpg 1024w, https:\/\/d2p6e6u75xmxt8.cloudfront.net\/6\/2017\/09\/La-Vuelta-Aficionados.JPG-300x200.jpg 300w, https:\/\/d2p6e6u75xmxt8.cloudfront.net\/6\/2017\/09\/La-Vuelta-Aficionados.JPG-768x512.jpg 768w, https:\/\/d2p6e6u75xmxt8.cloudfront.net\/6\/2017\/09\/La-Vuelta-Aficionados.JPG-272x182.jpg 272w, https:\/\/d2p6e6u75xmxt8.cloudfront.net\/6\/2017\/09\/La-Vuelta-Aficionados.JPG.jpg 1280w\" sizes=\"auto, (max-width: 1024px) 100vw, 1024px\" \/><\/a><figcaption id=\"caption-attachment-1325\" class=\"wp-caption-text\">Vuelta Espa\u00f1a 2017;10 Etapa, Caravaca De La Cruz-El Pozo Alimentacion 164,8 km<\/figcaption><\/figure>\n<p>Para ahorrarse todos estos tr\u00e1mites los aficionados pueden contactar con la organizaci\u00f3n para comprar un pase Vip. En d\u00edas como el de La Pandera resuelven de un plumazo todo los posibles problemas de log\u00edstica. En esa jornada el acceso <strong>VIP inclu\u00eda un autob\u00fas lanzadera desde Ja\u00e9n a la cima de La Pandera que evitaba hacer los \u00faltimos kil\u00f3metros a pie y daba acceso al catering de meta.<\/strong> Adem\u00e1s del retorno a Ja\u00e9n. Comodidad para no perderse nada de la carrera, con televisi\u00f3n incluida en la zona de meta.<\/p>\n<p>Lo que no cambia en ning\u00fan caso es la emoci\u00f3n con la que se ve la carrera. Aunque sean muchos minutos de espera para pocos de presencia de los ciclistas<strong>. Da igual. A pie de cuneta el aficionado puede ver con sus propios ojos y a pocos cent\u00edmetros lo que durante meses observa en la televisi\u00f3n<\/strong>. Se siente parte de la fiesta de La Vuelta. Grita, anima, se deja la garganta para dar apoyo a sus \u00eddolos. Y acumula fotos y v\u00eddeos que luego copar\u00e1n sus perfiles en las redes sociales.<\/p>\n<p>&nbsp;<\/p>\n","protected":false},"excerpt":{"rendered":"<p>En La Vuelta no solo pedalean los ciclistas profesionales. Cada d\u00eda decenas\u00a0de aficionados se echan a las cunetas con su [&hellip;]<\/p>\n","protected":false},"author":29,"featured_media":1320,"comment_status":"open","ping_status":"open","sticky":false,"template":"","format":"standard","meta":{"footnotes":""},"categories":[7],"tags":[44,63,79,80],"global-categories":[],"class_list":["post-1316","post","type-post","status-publish","format-standard","has-post-thumbnail","hentry","category-carretera","tag-la-vuelta","tag-la-vuelta-2017","tag-vuelta-aficionados","tag-vuelta-pase-vip"],"yoast_head":"<!-- This site is optimized with the Yoast SEO Premium plugin v25.3 (Yoast SEO v25.9) - https:\/\/yoast.com\/wordpress\/plugins\/seo\/ -->\n<title>La Vuelta de los aficionados. As\u00ed viven la carrera - \u0160koda We Love Cycling - Spain<\/title>\n<meta name=\"description\" content=\"La Vuelta de los aficionados. As\u00ed se vive La Vuelta desde el punto de vista de los que acuden a las cunetas para animar a los ciclistas.\" \/>\n<meta name=\"robots\" content=\"index, follow, max-snippet:-1, max-image-preview:large, max-video-preview:-1\" \/>\n<link rel=\"canonical\" href=\"https:\/\/www.welovecycling.com\/es\/2017\/09\/05\/la-vuelta-de-los-aficionados-asi-viven-la-carrera\/\" \/>\n<meta property=\"og:locale\" content=\"es_ES\" \/>\n<meta property=\"og:type\" content=\"article\" \/>\n<meta property=\"og:title\" content=\"La Vuelta de los aficionados. As\u00ed viven la carrera\" \/>\n<meta property=\"og:description\" content=\"En La Vuelta no solo pedalean los ciclistas profesionales. Cada d\u00eda decenas de aficionados se echan a las cunetas con su bici para intentar imitar a sus \u00eddolos y realizar parte del recorrido de la etapa. Son los m\u00e1s visibles, sobre todo en las etapas de alta monta\u00f1a. Pero no los \u00fanicos. En coche, a pie, con nevera y silla, bocadillo en mano o incluso en caballo. Cualquier medio vale para disfrutar de La Vuelta y ver a los ciclistas desde cerca.\" \/>\n<meta property=\"og:url\" content=\"https:\/\/www.welovecycling.com\/es\/2017\/09\/05\/la-vuelta-de-los-aficionados-asi-viven-la-carrera\/\" \/>\n<meta property=\"og:site_name\" content=\"\u0160koda We Love Cycling - Spain\" \/>\n<meta property=\"article:published_time\" content=\"2017-09-05T20:31:06+00:00\" \/>\n<meta property=\"article:modified_time\" content=\"2017-10-30T12:54:53+00:00\" \/>\n<meta property=\"og:image\" content=\"https:\/\/d2p6e6u75xmxt8.cloudfront.net\/6\/2017\/09\/La-Vuelta-Etapa-15-7.JPG.jpg\" \/>\n\t<meta property=\"og:image:width\" content=\"1280\" \/>\n\t<meta property=\"og:image:height\" content=\"848\" \/>\n\t<meta property=\"og:image:type\" content=\"image\/jpeg\" \/>\n<meta name=\"author\" content=\"We Love Cycling Spain\" \/>\n<meta name=\"twitter:card\" content=\"summary_large_image\" \/>\n<meta name=\"twitter:title\" content=\"La Vuelta de los aficionados. As\u00ed viven la carrera\" \/>\n<meta name=\"twitter:description\" content=\"En La Vuelta no solo pedalean los ciclistas profesionales. Cada d\u00eda decenas de aficionados se echan a las cunetas con su bici para intentar imitar a sus \u00eddolos y realizar parte del recorrido de la etapa. Son los m\u00e1s visibles, sobre todo en las etapas de alta monta\u00f1a. Pero no los \u00fanicos. En coche, a pie, con nevera y silla, bocadillo en mano o incluso en caballo. Cualquier medio vale para disfrutar de La Vuelta y ver a los ciclistas desde cerca.\" \/>\n<meta name=\"twitter:label1\" content=\"Written by\" \/>\n\t<meta name=\"twitter:data1\" content=\"Luis Ortega  @ciclored\" \/>\n\t<meta name=\"twitter:label2\" content=\"Est. reading time\" \/>\n\t<meta name=\"twitter:data2\" content=\"5 minutes\" \/>\n<script type=\"application\/ld+json\" class=\"yoast-schema-graph\">{\"@context\":\"https:\/\/schema.org\",\"@graph\":[{\"@type\":\"WebPage\",\"@id\":\"https:\/\/www.welovecycling.com\/es\/2017\/09\/05\/la-vuelta-de-los-aficionados-asi-viven-la-carrera\/\",\"url\":\"https:\/\/www.welovecycling.com\/es\/2017\/09\/05\/la-vuelta-de-los-aficionados-asi-viven-la-carrera\/\",\"name\":\"La Vuelta de los aficionados. As\u00ed viven la carrera - \u0160koda We Love Cycling - Spain\",\"isPartOf\":{\"@id\":\"https:\/\/www.welovecycling.com\/es\/#website\"},\"primaryImageOfPage\":{\"@id\":\"https:\/\/www.welovecycling.com\/es\/2017\/09\/05\/la-vuelta-de-los-aficionados-asi-viven-la-carrera\/#primaryimage\"},\"image\":{\"@id\":\"https:\/\/www.welovecycling.com\/es\/2017\/09\/05\/la-vuelta-de-los-aficionados-asi-viven-la-carrera\/#primaryimage\"},\"thumbnailUrl\":\"https:\/\/d2p6e6u75xmxt8.cloudfront.net\/6\/2017\/09\/La-Vuelta-Etapa-15-7.JPG.jpg\",\"datePublished\":\"2017-09-05T20:31:06+00:00\",\"dateModified\":\"2017-10-30T12:54:53+00:00\",\"author\":{\"@id\":\"https:\/\/www.welovecycling.com\/es\/#\/schema\/person\/deb61715b5812698ee79fb96f343ccd4\"},\"description\":\"La Vuelta de los aficionados. As\u00ed se vive La Vuelta desde el punto de vista de los que acuden a las cunetas para animar a los ciclistas.\",\"breadcrumb\":{\"@id\":\"https:\/\/www.welovecycling.com\/es\/2017\/09\/05\/la-vuelta-de-los-aficionados-asi-viven-la-carrera\/#breadcrumb\"},\"inLanguage\":\"es-ES\",\"potentialAction\":[{\"@type\":\"ReadAction\",\"target\":[\"https:\/\/www.welovecycling.com\/es\/2017\/09\/05\/la-vuelta-de-los-aficionados-asi-viven-la-carrera\/\"]}]},{\"@type\":\"ImageObject\",\"inLanguage\":\"es-ES\",\"@id\":\"https:\/\/www.welovecycling.com\/es\/2017\/09\/05\/la-vuelta-de-los-aficionados-asi-viven-la-carrera\/#primaryimage\",\"url\":\"https:\/\/d2p6e6u75xmxt8.cloudfront.net\/6\/2017\/09\/La-Vuelta-Etapa-15-7.JPG.jpg\",\"contentUrl\":\"https:\/\/d2p6e6u75xmxt8.cloudfront.net\/6\/2017\/09\/La-Vuelta-Etapa-15-7.JPG.jpg\",\"width\":1280,\"height\":848},{\"@type\":\"BreadcrumbList\",\"@id\":\"https:\/\/www.welovecycling.com\/es\/2017\/09\/05\/la-vuelta-de-los-aficionados-asi-viven-la-carrera\/#breadcrumb\",\"itemListElement\":[{\"@type\":\"ListItem\",\"position\":1,\"name\":\"Home\",\"item\":\"https:\/\/www.welovecycling.com\/es\/\"},{\"@type\":\"ListItem\",\"position\":2,\"name\":\"La Vuelta de los aficionados. As\u00ed viven la carrera\"}]},{\"@type\":\"WebSite\",\"@id\":\"https:\/\/www.welovecycling.com\/es\/#website\",\"url\":\"https:\/\/www.welovecycling.com\/es\/\",\"name\":\"\u0160koda We Love Cycling - Spain\",\"description\":\"\u0160koda WeLoveCycling Spain\",\"potentialAction\":[{\"@type\":\"SearchAction\",\"target\":{\"@type\":\"EntryPoint\",\"urlTemplate\":\"https:\/\/www.welovecycling.com\/es\/?s={search_term_string}\"},\"query-input\":{\"@type\":\"PropertyValueSpecification\",\"valueRequired\":true,\"valueName\":\"search_term_string\"}}],\"inLanguage\":\"es-ES\"},{\"@type\":\"Person\",\"@id\":\"https:\/\/www.welovecycling.com\/es\/#\/schema\/person\/deb61715b5812698ee79fb96f343ccd4\",\"name\":\"We Love Cycling Spain\",\"image\":{\"@type\":\"ImageObject\",\"inLanguage\":\"es-ES\",\"@id\":\"https:\/\/www.welovecycling.com\/es\/#\/schema\/person\/image\/\",\"url\":\"https:\/\/secure.gravatar.com\/avatar\/c824b04e6df0e37a03219d0b6481672889df542894588964102459e46513159c?s=96&d=mm&r=g\",\"contentUrl\":\"https:\/\/secure.gravatar.com\/avatar\/c824b04e6df0e37a03219d0b6481672889df542894588964102459e46513159c?s=96&d=mm&r=g\",\"caption\":\"We Love Cycling Spain\"},\"url\":\"https:\/\/www.welovecycling.com\/es\/author\/amunoz\/\"}]}<\/script>\n<!-- \/ Yoast SEO Premium plugin. -->","yoast_head_json":{"title":"La Vuelta de los aficionados. As\u00ed viven la carrera - \u0160koda We Love Cycling - Spain","description":"La Vuelta de los aficionados. As\u00ed se vive La Vuelta desde el punto de vista de los que acuden a las cunetas para animar a los ciclistas.","robots":{"index":"index","follow":"follow","max-snippet":"max-snippet:-1","max-image-preview":"max-image-preview:large","max-video-preview":"max-video-preview:-1"},"canonical":"https:\/\/www.welovecycling.com\/es\/2017\/09\/05\/la-vuelta-de-los-aficionados-asi-viven-la-carrera\/","og_locale":"es_ES","og_type":"article","og_title":"La Vuelta de los aficionados. As\u00ed viven la carrera","og_description":"En La Vuelta no solo pedalean los ciclistas profesionales. Cada d\u00eda decenas de aficionados se echan a las cunetas con su bici para intentar imitar a sus \u00eddolos y realizar parte del recorrido de la etapa. Son los m\u00e1s visibles, sobre todo en las etapas de alta monta\u00f1a. Pero no los \u00fanicos. En coche, a pie, con nevera y silla, bocadillo en mano o incluso en caballo. Cualquier medio vale para disfrutar de La Vuelta y ver a los ciclistas desde cerca.","og_url":"https:\/\/www.welovecycling.com\/es\/2017\/09\/05\/la-vuelta-de-los-aficionados-asi-viven-la-carrera\/","og_site_name":"\u0160koda We Love Cycling - Spain","article_published_time":"2017-09-05T20:31:06+00:00","article_modified_time":"2017-10-30T12:54:53+00:00","og_image":[{"width":1280,"height":848,"url":"https:\/\/d2p6e6u75xmxt8.cloudfront.net\/6\/2017\/09\/La-Vuelta-Etapa-15-7.JPG.jpg","type":"image\/jpeg"}],"author":"We Love Cycling Spain","twitter_card":"summary_large_image","twitter_title":"La Vuelta de los aficionados. As\u00ed viven la carrera","twitter_description":"En La Vuelta no solo pedalean los ciclistas profesionales. Cada d\u00eda decenas de aficionados se echan a las cunetas con su bici para intentar imitar a sus \u00eddolos y realizar parte del recorrido de la etapa. Son los m\u00e1s visibles, sobre todo en las etapas de alta monta\u00f1a. Pero no los \u00fanicos. En coche, a pie, con nevera y silla, bocadillo en mano o incluso en caballo. Cualquier medio vale para disfrutar de La Vuelta y ver a los ciclistas desde cerca.","twitter_misc":{"Written by":"Luis Ortega  @ciclored","Est. reading time":"5 minutes"},"schema":{"@context":"https:\/\/schema.org","@graph":[{"@type":"WebPage","@id":"https:\/\/www.welovecycling.com\/es\/2017\/09\/05\/la-vuelta-de-los-aficionados-asi-viven-la-carrera\/","url":"https:\/\/www.welovecycling.com\/es\/2017\/09\/05\/la-vuelta-de-los-aficionados-asi-viven-la-carrera\/","name":"La Vuelta de los aficionados. As\u00ed viven la carrera - \u0160koda We Love Cycling - Spain","isPartOf":{"@id":"https:\/\/www.welovecycling.com\/es\/#website"},"primaryImageOfPage":{"@id":"https:\/\/www.welovecycling.com\/es\/2017\/09\/05\/la-vuelta-de-los-aficionados-asi-viven-la-carrera\/#primaryimage"},"image":{"@id":"https:\/\/www.welovecycling.com\/es\/2017\/09\/05\/la-vuelta-de-los-aficionados-asi-viven-la-carrera\/#primaryimage"},"thumbnailUrl":"https:\/\/d2p6e6u75xmxt8.cloudfront.net\/6\/2017\/09\/La-Vuelta-Etapa-15-7.JPG.jpg","datePublished":"2017-09-05T20:31:06+00:00","dateModified":"2017-10-30T12:54:53+00:00","author":{"@id":"https:\/\/www.welovecycling.com\/es\/#\/schema\/person\/deb61715b5812698ee79fb96f343ccd4"},"description":"La Vuelta de los aficionados. As\u00ed se vive La Vuelta desde el punto de vista de los que acuden a las cunetas para animar a los ciclistas.","breadcrumb":{"@id":"https:\/\/www.welovecycling.com\/es\/2017\/09\/05\/la-vuelta-de-los-aficionados-asi-viven-la-carrera\/#breadcrumb"},"inLanguage":"es-ES","potentialAction":[{"@type":"ReadAction","target":["https:\/\/www.welovecycling.com\/es\/2017\/09\/05\/la-vuelta-de-los-aficionados-asi-viven-la-carrera\/"]}]},{"@type":"ImageObject","inLanguage":"es-ES","@id":"https:\/\/www.welovecycling.com\/es\/2017\/09\/05\/la-vuelta-de-los-aficionados-asi-viven-la-carrera\/#primaryimage","url":"https:\/\/d2p6e6u75xmxt8.cloudfront.net\/6\/2017\/09\/La-Vuelta-Etapa-15-7.JPG.jpg","contentUrl":"https:\/\/d2p6e6u75xmxt8.cloudfront.net\/6\/2017\/09\/La-Vuelta-Etapa-15-7.JPG.jpg","width":1280,"height":848},{"@type":"BreadcrumbList","@id":"https:\/\/www.welovecycling.com\/es\/2017\/09\/05\/la-vuelta-de-los-aficionados-asi-viven-la-carrera\/#breadcrumb","itemListElement":[{"@type":"ListItem","position":1,"name":"Home","item":"https:\/\/www.welovecycling.com\/es\/"},{"@type":"ListItem","position":2,"name":"La Vuelta de los aficionados. As\u00ed viven la carrera"}]},{"@type":"WebSite","@id":"https:\/\/www.welovecycling.com\/es\/#website","url":"https:\/\/www.welovecycling.com\/es\/","name":"\u0160koda We Love Cycling - Spain","description":"\u0160koda WeLoveCycling Spain","potentialAction":[{"@type":"SearchAction","target":{"@type":"EntryPoint","urlTemplate":"https:\/\/www.welovecycling.com\/es\/?s={search_term_string}"},"query-input":{"@type":"PropertyValueSpecification","valueRequired":true,"valueName":"search_term_string"}}],"inLanguage":"es-ES"},{"@type":"Person","@id":"https:\/\/www.welovecycling.com\/es\/#\/schema\/person\/deb61715b5812698ee79fb96f343ccd4","name":"We Love Cycling Spain","image":{"@type":"ImageObject","inLanguage":"es-ES","@id":"https:\/\/www.welovecycling.com\/es\/#\/schema\/person\/image\/","url":"https:\/\/secure.gravatar.com\/avatar\/c824b04e6df0e37a03219d0b6481672889df542894588964102459e46513159c?s=96&d=mm&r=g","contentUrl":"https:\/\/secure.gravatar.com\/avatar\/c824b04e6df0e37a03219d0b6481672889df542894588964102459e46513159c?s=96&d=mm&r=g","caption":"We Love Cycling Spain"},"url":"https:\/\/www.welovecycling.com\/es\/author\/amunoz\/"}]}},"_links":{"self":[{"href":"https:\/\/www.welovecycling.com\/es\/wp-json\/wp\/v2\/posts\/1316","targetHints":{"allow":["GET"]}}],"collection":[{"href":"https:\/\/www.welovecycling.com\/es\/wp-json\/wp\/v2\/posts"}],"about":[{"href":"https:\/\/www.welovecycling.com\/es\/wp-json\/wp\/v2\/types\/post"}],"author":[{"embeddable":true,"href":"https:\/\/www.welovecycling.com\/es\/wp-json\/wp\/v2\/users\/29"}],"replies":[{"embeddable":true,"href":"https:\/\/www.welovecycling.com\/es\/wp-json\/wp\/v2\/comments?post=1316"}],"version-history":[{"count":2,"href":"https:\/\/www.welovecycling.com\/es\/wp-json\/wp\/v2\/posts\/1316\/revisions"}],"predecessor-version":[{"id":1710,"href":"https:\/\/www.welovecycling.com\/es\/wp-json\/wp\/v2\/posts\/1316\/revisions\/1710"}],"wp:featuredmedia":[{"embeddable":true,"href":"https:\/\/www.welovecycling.com\/es\/wp-json\/wp\/v2\/media\/1320"}],"wp:attachment":[{"href":"https:\/\/www.welovecycling.com\/es\/wp-json\/wp\/v2\/media?parent=1316"}],"wp:term":[{"taxonomy":"category","embeddable":true,"href":"https:\/\/www.welovecycling.com\/es\/wp-json\/wp\/v2\/categories?post=1316"},{"taxonomy":"post_tag","embeddable":true,"href":"https:\/\/www.welovecycling.com\/es\/wp-json\/wp\/v2\/tags?post=1316"},{"taxonomy":"global-categories","embeddable":true,"href":"https:\/\/www.welovecycling.com\/es\/wp-json\/wp\/v2\/global-categories?post=1316"}],"curies":[{"name":"wp","href":"https:\/\/api.w.org\/{rel}","templated":true}]}}