{"id":1285,"date":"2017-08-31T20:13:42","date_gmt":"2017-08-31T18:13:42","guid":{"rendered":"https:\/\/www.welovecycling.com\/es\/?p=1285"},"modified":"2017-09-04T10:00:50","modified_gmt":"2017-09-04T08:00:50","slug":"la-vuelta-desde-dentro","status":"publish","type":"post","link":"https:\/\/www.welovecycling.com\/es\/2017\/08\/31\/la-vuelta-desde-dentro\/","title":{"rendered":"La Vuelta desde dentro. De escapada con David Arroyo y el Caja Rural-RGA"},"content":{"rendered":"<p><strong>La Vuelta desde dentro de un coche de equipo. El sue\u00f1o de cualquier aficionado. Y m\u00e1s si ese d\u00eda uno de sus ciclistas se mete en la fuga y te permite vivir toda la carrera en primera persona. Sucedi\u00f3 y le vamos a ir poniendo nombres. Etapa 12 de la Vuelta, Motril-Antequera. Coche 2, un <a href=\"http:\/\/www.skoda.es\/\">\u0160koda Octavia<\/a>, no pod\u00eda ser menos, del Team Caja Rural &#8211; RGA. Escapado, David Arroyo.<\/strong><br \/>\n<!--more--><\/p>\n<p>Lo primero es salir antes de que para la carrera\u00a0de la l\u00ednea de salida de Motril. El <strong>coche 2 del <a href=\"https:\/\/www.teamcajarural-segurosrga.com\/equipo-profesional-2\">Team Caja Rural<\/a><\/strong> lo lleva <strong>Jose Miguel Fern\u00e1ndez<\/strong>, segundo director del equipo, y nos acompa\u00f1a un mec\u00e1nico para solucionar cualquier cosa que pueda pasar en carrera. Y es que <strong>dentro del coche, adem\u00e1s de nueve bicis completas (una por cada ciclista del equipo en carrera) y cinco ruedas de recambio<\/strong>, caben las bolsas de agua de todos los corredores, comida y bebida para el avituallamiento y piezas mec\u00e1nicas y de recambio de cualquiera parte de la bici, excepto manillar y cuadro de recambio.<\/p>\n<p>La misi\u00f3n inicial es buscar un lugar a partir del kil\u00f3metro 25, cuando se abre el avituallamiento, para dar el primer bid\u00f3n a los corredores del equipo. Tenemos que llegar casi hasta el 35 para encontrar un repecho lo suficientemente duro como para que el pelot\u00f3n pase con poca velocidad y de tiempo a recoger el bid\u00f3n. <strong>El problema es que por aquel entonces todav\u00eda no se hab\u00eda formado la fuga del d\u00eda y el repecho de dos kil\u00f3metros al 6% parece llan<\/strong>o. La carrera pasa a 45 por hora y atrapar un bote de agua se convierte en una odisea y un arte.<\/p>\n<lite-youtube videoid=bWb29m-8gq0 params=\"enablejsapi=1\" style=\"background-image: url('https:\/\/i.ytimg.com\/vi_webp\/bWb29m-8gq0\/maxresdefault.webp');\"><\/lite-youtube>\n<p>Como todav\u00eda no hay fuga formada el coche 2 se marcha a cola de pelot\u00f3n. Tiempo necesario para que <strong>Josemi nos explique la paliza que llevan los coches en una gran vuelta. Lo podemos comprobrar nosotros mismos<\/strong>. Frenazos, acelerones, badenes, resaltos. Y a toda velocidad para llegar en el momento justo de avituallar a los corredores del equipo o solucionar su problema mec\u00e1nico.<\/p>\n<p>Y dentro con todas las conexiones del mundo. Primero la <strong>emisora<\/strong> que conecta a los corredores del equipo con los directores, el famoso pinganillo, que sirve para mandar \u00f3rdenes internas y dar a los ciclistas todas las referencias de lo que pasa en la carrera. <strong>Diferencias, pasos peligrosos, rotondas, avisos para recoger comida, para ir a por bidones.<br \/>\n<a href=\"https:\/\/d2p6e6u75xmxt8.cloudfront.net\/6\/2017\/08\/La-Vuelta-Caja-Rural-2.jpg\"><img loading=\"lazy\" decoding=\"async\" class=\"aligncenter size-large wp-image-1291\" src=\"https:\/\/d2p6e6u75xmxt8.cloudfront.net\/6\/2017\/08\/La-Vuelta-Caja-Rural-2-1024x768.jpg\" alt=\"\" width=\"1024\" height=\"768\" srcset=\"https:\/\/d2p6e6u75xmxt8.cloudfront.net\/6\/2017\/08\/La-Vuelta-Caja-Rural-2-1024x768.jpg 1024w, https:\/\/d2p6e6u75xmxt8.cloudfront.net\/6\/2017\/08\/La-Vuelta-Caja-Rural-2-300x225.jpg 300w, https:\/\/d2p6e6u75xmxt8.cloudfront.net\/6\/2017\/08\/La-Vuelta-Caja-Rural-2-768x576.jpg 768w, https:\/\/d2p6e6u75xmxt8.cloudfront.net\/6\/2017\/08\/La-Vuelta-Caja-Rural-2.jpg 1600w\" sizes=\"auto, (max-width: 1024px) 100vw, 1024px\" \/><\/a><br \/>\n<\/strong><strong>Por el otro siempre conectados a Radio Vuelta,<\/strong> que son los encargados de dar toda la informaci\u00f3n de la carrera y de los jueces a los equipos. A cola de pelot\u00f3n o de grupo de escapados no se puede avituallar cuando el coche o el ciclista quiera, tiene que autorizarlo el juez por la emisora despu\u00e9s de que el corredor levante la mano pidiendo asistencia.<\/p>\n<p>Y luego la <strong>conexi\u00f3n digital. Televisi\u00f3n por sat\u00e9lite<\/strong> para ver que est\u00e1 pasando en carrera. Una<strong> tablet<\/strong> con todo el recorrido de la etapa cargado para saber cuanto queda y los desniveles de los puertos, y el &#8216;peque\u00f1o truco&#8217; de Jose Miguel, un <strong>gps de bicicleta<\/strong> que da informaci\u00f3n sobre el desnivel instant\u00e1neo por el que est\u00e1n pasando, los kil\u00f3metros que se llevan de carrera o la velocidad\u00a0de ese momento.<\/p>\n<lite-youtube videoid=Wwko0gfa9KU params=\"enablejsapi=1\" style=\"background-image: url('https:\/\/i.ytimg.com\/vi_webp\/Wwko0gfa9KU\/maxresdefault.webp');\"><\/lite-youtube>\n<p>&nbsp;<\/p>\n<p><strong>Radio Vuelta canta que hay fuga del d\u00eda formada y con buenas noticias, entre los escapados\u00a0hay un dorsal del Caja Rural RGA, <a href=\"https:\/\/twitter.com\/davidarroyito\">David Arroyo<\/a><\/strong>. Primero 15 segundos, luego 40 y al final un minuto. Parece que el pelot\u00f3n deja margen a los catorce hombres en fuga. Y comienza la odisea. Ahora hay que adelantar a todo el pelot\u00f3n y a todos los coches de equipo para llegar al ciclista toledano y poder ser su apoyo durante la escapada. Y para rizar el rizo mientras que adelantamos al pelot\u00f3n hay que avituallar a los corredores. <strong>Frenazos, acelerones. Menos mal que el \u0160koda Octavia tiene un buen motor y &#8216;sprinta&#8217; cada vez que Josemi lo necesita.<\/strong><\/p>\n<p>Carreteras estrechas, paso por pueblos, rotondas&#8230; Cuesta lo suyo, pero llegamos a la fuga y por el camino se han quedado cinco bidones para los <strong>&#8216;Caja Rural&#8217; que van en el pelot\u00f3n<\/strong>. Lo primero es avisar a David Arroyo de que ya estamos ah\u00ed por la emisora de radio interna y de que cualquier cosa que necesite solo tiene que levantar la mano.<\/p>\n<lite-youtube videoid=kOfIHlF12Bs params=\"enablejsapi=1\" style=\"background-image: url('https:\/\/i.ytimg.com\/vi_webp\/kOfIHlF12Bs\/maxresdefault.webp');\"><\/lite-youtube>\n<p>Primer bid\u00f3n para <strong>David Arroyo y a darle referencias de c\u00f3mo es la subida al Alto del Le\u00f3n,<\/strong> la primera del d\u00eda\u00a0y donde los fugados empiezan a medir sus fuerzas y a mirarse la cara. Por detr\u00e1s el pelot\u00f3n est\u00e1 dejando hacer y en cuanto la escapada pasa de ocho minutos est\u00e1 cantando que van a ser ellos los que se disputar\u00e1n la etapa. Por eso es importante ir informando al toledano, en sus piernas tiene la opci\u00f3n de victoria para el Caja Rural.<\/p>\n<p>El Alto del Le\u00f3n no marca diferencias para los fugados. Dos bidones y dos geles para Arroyo en la bajada, que hacen a m\u00e1s de 80 por hora. Se cae<strong> Julien Duval, del Ag2R. Aver\u00eda la bicicleta Polanc, del UAE<\/strong>. Cosas de carrera. El pan nuestro de cada d\u00eda. Charla con el coche de <strong>Movistar, que conduce Pablo Lastras<\/strong>. &#8220;\u00bfEl tuyo va bien?&#8221; &#8220;El mio&#8230; bueno&#8221;. Mitad informaci\u00f3n, mitad jugar al despiste.<\/p>\n<p>Ahora toca recabar informaci\u00f3n sobre el <strong>Alto de Torca<\/strong>l, se corona a 20 de final y ser\u00e1 decisivo para la victoria. Tanto su ascenso como su bajada. Jose Miguel canta los datos a David Arroyo por la emisora interna. &#8220;Ocho kil\u00f3metros constantes con rampas del 7% y a morirse encima de la bici que hoy es tu d\u00eda&#8221;.<\/p>\n<p><img loading=\"lazy\" decoding=\"async\" class=\"aligncenter size-large wp-image-1292\" src=\"https:\/\/d2p6e6u75xmxt8.cloudfront.net\/6\/2017\/08\/La-Vuelta-Caja-Rural-1-1024x768.jpg\" alt=\"\" width=\"1024\" height=\"768\" srcset=\"https:\/\/d2p6e6u75xmxt8.cloudfront.net\/6\/2017\/08\/La-Vuelta-Caja-Rural-1-1024x768.jpg 1024w, https:\/\/d2p6e6u75xmxt8.cloudfront.net\/6\/2017\/08\/La-Vuelta-Caja-Rural-1-300x225.jpg 300w, https:\/\/d2p6e6u75xmxt8.cloudfront.net\/6\/2017\/08\/La-Vuelta-Caja-Rural-1-768x576.jpg 768w, https:\/\/d2p6e6u75xmxt8.cloudfront.net\/6\/2017\/08\/La-Vuelta-Caja-Rural-1.jpg 1600w\" sizes=\"auto, (max-width: 1024px) 100vw, 1024px\" \/><\/p>\n<p>Arranca\u00a0Marczynski y se rompe el grupo. <strong>Rojas, Fraile, Poljanski y Clemen<\/strong>t se quedan en un segundo grupo. Arroyo, sin embargo en el tercero. Es tiempo de transmitirle tranquilidad. &#8220;<strong>Eres diesel David, regula, regula&#8221;<\/strong>. Se abre la carrera y el coche puede llegar a su altura y gritarle. &#8220;Vamos David, que ves al grupo bueno. Van a 300 metros&#8221;.<\/p>\n<p>La carrera se lanza por delante y\u00a0<strong>Marczynski parece ya inalcanzabl<\/strong>e. En la cima del Alto del Torcal saca un minuto a los perseguidores y casi dos al grupo de <strong>David Arroyo<\/strong>. Toca bajar lo m\u00e1s r\u00e1pido posible pero sin riesgos. La etapa est\u00e1 inalcanzable. A\u00fan as\u00ed hay tiempo para que RTVE entreviste en directo a <strong>Jose Miguel<\/strong>. El trabajo de director tiene tambi\u00e9n eso, la relaci\u00f3n con los medios en plena carrera.<\/p>\n<lite-youtube videoid=9gTtuGVLDio params=\"enablejsapi=1\" style=\"background-image: url('https:\/\/i.ytimg.com\/vi_webp\/9gTtuGVLDio\/maxresdefault.webp');\"><\/lite-youtube>\n<p>&nbsp;<\/p>\n<p>Las tres primeras curvas de la bajada son peligrosas. <strong>Radio Vuelta canta el ataque de Contador<\/strong> y la televisi\u00f3n muestra la subida. Ahora hay que tener los ojos en la carretera que dice lo que va por delante y en la tele, que ense\u00f1a la ca\u00edda de Froome y c\u00f3mo la carrera se empieza a poner interesante para la general. <strong>A David Arroyo solo le queda esprintar por hacer entre los 10 primeros.<\/strong> Cada puesto se valora en La Vuelta. Tambi\u00e9n la clasificaci\u00f3n por equipos. Esta vez e<strong>l Caja Rural se ha quedado a las puertas<\/strong>. Segundo en la etapa por detr\u00e1s del Bora.<\/p>\n<p>David Arroyo hace d\u00e9cimo y el coche va a la zona de autobuses a esperar. Hay que hacer reflexi\u00f3n sobre lo ocurrido en la etapa. Reuni\u00f3n de directores con<strong> Eugenio Goicoechea<\/strong> para analizar los resultados. Objetivo, seguir trabajando para meterse en la fuga buena (han estado en casi todas las de La Vuelta) y, si hay opci\u00f3n, poder rematar.<\/p>\n<p>&nbsp;<\/p>\n","protected":false},"excerpt":{"rendered":"<p>La Vuelta desde dentro de un coche de equipo. El sue\u00f1o de cualquier aficionado. Y m\u00e1s si ese d\u00eda uno [&hellip;]<\/p>\n","protected":false},"author":29,"featured_media":1290,"comment_status":"open","ping_status":"open","sticky":false,"template":"","format":"standard","meta":{"footnotes":""},"categories":[7],"tags":[44,63,78],"global-categories":[],"class_list":["post-1285","post","type-post","status-publish","format-standard","has-post-thumbnail","hentry","category-carretera","tag-la-vuelta","tag-la-vuelta-2017","tag-la-vuelta-caja-rural"],"yoast_head":"<!-- This site is optimized with the Yoast SEO Premium plugin v25.3 (Yoast SEO v25.9) - https:\/\/yoast.com\/wordpress\/plugins\/seo\/ -->\n<title>La Vuelta desde dentro. De escapada con David Arroyo y el Caja Rural-RGA - \u0160koda We Love Cycling - Spain<\/title>\n<meta name=\"description\" content=\"La Vuelta desde dentro. As\u00ed se vive la Vuelta a Espa\u00f1a desde el coche Skoda del Caja Rural. Escapada junto a David Arroyo.\" \/>\n<meta name=\"robots\" content=\"index, follow, max-snippet:-1, max-image-preview:large, max-video-preview:-1\" \/>\n<link rel=\"canonical\" href=\"https:\/\/www.welovecycling.com\/es\/2017\/08\/31\/la-vuelta-desde-dentro\/\" \/>\n<meta property=\"og:locale\" content=\"es_ES\" \/>\n<meta property=\"og:type\" content=\"article\" \/>\n<meta property=\"og:title\" content=\"La Vuelta desde dentro. De escapada con David Arroyo y el Caja Rural-RGA\" \/>\n<meta property=\"og:description\" content=\"La Vuelta desde dentro de un coche de equipo. El sue\u00f1o de cualquier aficionado. Y m\u00e1s si ese d\u00eda uno de sus ciclistas se mete en la fuga y te permite vivir toda la carrera en primera persona. Sucedi\u00f3 y le vamos a ir poniendo nombres. Etapa 12 de la Vuelta, Motril-Antequera. Coche 2, un \u0160koda Octavia, no pod\u00eda ser menos, del Team Caja Rural - RGA. Escapado, David Arroyo.\" \/>\n<meta property=\"og:url\" content=\"https:\/\/www.welovecycling.com\/es\/2017\/08\/31\/la-vuelta-desde-dentro\/\" \/>\n<meta property=\"og:site_name\" content=\"\u0160koda We Love Cycling - Spain\" \/>\n<meta property=\"article:published_time\" content=\"2017-08-31T18:13:42+00:00\" \/>\n<meta property=\"article:modified_time\" content=\"2017-09-04T08:00:50+00:00\" \/>\n<meta property=\"og:image\" content=\"https:\/\/d2p6e6u75xmxt8.cloudfront.net\/6\/2017\/08\/la-vuelta-caja-rural-3.jpg\" \/>\n\t<meta property=\"og:image:width\" content=\"1280\" \/>\n\t<meta property=\"og:image:height\" content=\"960\" \/>\n\t<meta property=\"og:image:type\" content=\"image\/jpeg\" \/>\n<meta name=\"author\" content=\"We Love Cycling Spain\" \/>\n<meta name=\"twitter:card\" content=\"summary_large_image\" \/>\n<meta name=\"twitter:title\" content=\"La Vuelta desde dentro. De escapada con David Arroyo y el Caja Rural-RGA\" \/>\n<meta name=\"twitter:description\" content=\"La Vuelta desde dentro de un coche de equipo. El sue\u00f1o de cualquier aficionado. Y m\u00e1s si ese d\u00eda uno de sus ciclistas se mete en la fuga y te permite vivir toda la carrera en primera persona. Sucedi\u00f3 y le vamos a ir poniendo nombres. Etapa 12 de la Vuelta, Motril-Antequera. Coche 2, un \u0160koda Octavia, no pod\u00eda ser menos, del Team Caja Rural - RGA. Escapado, David Arroyo.\" \/>\n<meta name=\"twitter:label1\" content=\"Written by\" \/>\n\t<meta name=\"twitter:data1\" content=\"Luis Ortega  @ciclored\" \/>\n\t<meta name=\"twitter:label2\" content=\"Est. reading time\" \/>\n\t<meta name=\"twitter:data2\" content=\"7 minutes\" \/>\n<script type=\"application\/ld+json\" class=\"yoast-schema-graph\">{\"@context\":\"https:\/\/schema.org\",\"@graph\":[{\"@type\":\"WebPage\",\"@id\":\"https:\/\/www.welovecycling.com\/es\/2017\/08\/31\/la-vuelta-desde-dentro\/\",\"url\":\"https:\/\/www.welovecycling.com\/es\/2017\/08\/31\/la-vuelta-desde-dentro\/\",\"name\":\"La Vuelta desde dentro. De escapada con David Arroyo y el Caja Rural-RGA - \u0160koda We Love Cycling - Spain\",\"isPartOf\":{\"@id\":\"https:\/\/www.welovecycling.com\/es\/#website\"},\"primaryImageOfPage\":{\"@id\":\"https:\/\/www.welovecycling.com\/es\/2017\/08\/31\/la-vuelta-desde-dentro\/#primaryimage\"},\"image\":{\"@id\":\"https:\/\/www.welovecycling.com\/es\/2017\/08\/31\/la-vuelta-desde-dentro\/#primaryimage\"},\"thumbnailUrl\":\"https:\/\/d2p6e6u75xmxt8.cloudfront.net\/6\/2017\/08\/la-vuelta-caja-rural-3.jpg\",\"datePublished\":\"2017-08-31T18:13:42+00:00\",\"dateModified\":\"2017-09-04T08:00:50+00:00\",\"author\":{\"@id\":\"https:\/\/www.welovecycling.com\/es\/#\/schema\/person\/deb61715b5812698ee79fb96f343ccd4\"},\"description\":\"La Vuelta desde dentro. As\u00ed se vive la Vuelta a Espa\u00f1a desde el coche Skoda del Caja Rural. Escapada junto a David Arroyo.\",\"breadcrumb\":{\"@id\":\"https:\/\/www.welovecycling.com\/es\/2017\/08\/31\/la-vuelta-desde-dentro\/#breadcrumb\"},\"inLanguage\":\"es-ES\",\"potentialAction\":[{\"@type\":\"ReadAction\",\"target\":[\"https:\/\/www.welovecycling.com\/es\/2017\/08\/31\/la-vuelta-desde-dentro\/\"]}]},{\"@type\":\"ImageObject\",\"inLanguage\":\"es-ES\",\"@id\":\"https:\/\/www.welovecycling.com\/es\/2017\/08\/31\/la-vuelta-desde-dentro\/#primaryimage\",\"url\":\"https:\/\/d2p6e6u75xmxt8.cloudfront.net\/6\/2017\/08\/la-vuelta-caja-rural-3.jpg\",\"contentUrl\":\"https:\/\/d2p6e6u75xmxt8.cloudfront.net\/6\/2017\/08\/la-vuelta-caja-rural-3.jpg\",\"width\":1280,\"height\":960},{\"@type\":\"BreadcrumbList\",\"@id\":\"https:\/\/www.welovecycling.com\/es\/2017\/08\/31\/la-vuelta-desde-dentro\/#breadcrumb\",\"itemListElement\":[{\"@type\":\"ListItem\",\"position\":1,\"name\":\"Home\",\"item\":\"https:\/\/www.welovecycling.com\/es\/\"},{\"@type\":\"ListItem\",\"position\":2,\"name\":\"La Vuelta desde dentro. De escapada con David Arroyo y el Caja Rural-RGA\"}]},{\"@type\":\"WebSite\",\"@id\":\"https:\/\/www.welovecycling.com\/es\/#website\",\"url\":\"https:\/\/www.welovecycling.com\/es\/\",\"name\":\"\u0160koda We Love Cycling - Spain\",\"description\":\"\u0160koda WeLoveCycling Spain\",\"potentialAction\":[{\"@type\":\"SearchAction\",\"target\":{\"@type\":\"EntryPoint\",\"urlTemplate\":\"https:\/\/www.welovecycling.com\/es\/?s={search_term_string}\"},\"query-input\":{\"@type\":\"PropertyValueSpecification\",\"valueRequired\":true,\"valueName\":\"search_term_string\"}}],\"inLanguage\":\"es-ES\"},{\"@type\":\"Person\",\"@id\":\"https:\/\/www.welovecycling.com\/es\/#\/schema\/person\/deb61715b5812698ee79fb96f343ccd4\",\"name\":\"We Love Cycling Spain\",\"image\":{\"@type\":\"ImageObject\",\"inLanguage\":\"es-ES\",\"@id\":\"https:\/\/www.welovecycling.com\/es\/#\/schema\/person\/image\/\",\"url\":\"https:\/\/secure.gravatar.com\/avatar\/c824b04e6df0e37a03219d0b6481672889df542894588964102459e46513159c?s=96&d=mm&r=g\",\"contentUrl\":\"https:\/\/secure.gravatar.com\/avatar\/c824b04e6df0e37a03219d0b6481672889df542894588964102459e46513159c?s=96&d=mm&r=g\",\"caption\":\"We Love Cycling Spain\"},\"url\":\"https:\/\/www.welovecycling.com\/es\/author\/amunoz\/\"}]}<\/script>\n<!-- \/ Yoast SEO Premium plugin. -->","yoast_head_json":{"title":"La Vuelta desde dentro. De escapada con David Arroyo y el Caja Rural-RGA - \u0160koda We Love Cycling - Spain","description":"La Vuelta desde dentro. As\u00ed se vive la Vuelta a Espa\u00f1a desde el coche Skoda del Caja Rural. Escapada junto a David Arroyo.","robots":{"index":"index","follow":"follow","max-snippet":"max-snippet:-1","max-image-preview":"max-image-preview:large","max-video-preview":"max-video-preview:-1"},"canonical":"https:\/\/www.welovecycling.com\/es\/2017\/08\/31\/la-vuelta-desde-dentro\/","og_locale":"es_ES","og_type":"article","og_title":"La Vuelta desde dentro. De escapada con David Arroyo y el Caja Rural-RGA","og_description":"La Vuelta desde dentro de un coche de equipo. El sue\u00f1o de cualquier aficionado. Y m\u00e1s si ese d\u00eda uno de sus ciclistas se mete en la fuga y te permite vivir toda la carrera en primera persona. Sucedi\u00f3 y le vamos a ir poniendo nombres. Etapa 12 de la Vuelta, Motril-Antequera. Coche 2, un \u0160koda Octavia, no pod\u00eda ser menos, del Team Caja Rural - RGA. Escapado, David Arroyo.","og_url":"https:\/\/www.welovecycling.com\/es\/2017\/08\/31\/la-vuelta-desde-dentro\/","og_site_name":"\u0160koda We Love Cycling - Spain","article_published_time":"2017-08-31T18:13:42+00:00","article_modified_time":"2017-09-04T08:00:50+00:00","og_image":[{"width":1280,"height":960,"url":"https:\/\/d2p6e6u75xmxt8.cloudfront.net\/6\/2017\/08\/la-vuelta-caja-rural-3.jpg","type":"image\/jpeg"}],"author":"We Love Cycling Spain","twitter_card":"summary_large_image","twitter_title":"La Vuelta desde dentro. De escapada con David Arroyo y el Caja Rural-RGA","twitter_description":"La Vuelta desde dentro de un coche de equipo. El sue\u00f1o de cualquier aficionado. Y m\u00e1s si ese d\u00eda uno de sus ciclistas se mete en la fuga y te permite vivir toda la carrera en primera persona. Sucedi\u00f3 y le vamos a ir poniendo nombres. Etapa 12 de la Vuelta, Motril-Antequera. Coche 2, un \u0160koda Octavia, no pod\u00eda ser menos, del Team Caja Rural - RGA. Escapado, David Arroyo.","twitter_misc":{"Written by":"Luis Ortega  @ciclored","Est. reading time":"7 minutes"},"schema":{"@context":"https:\/\/schema.org","@graph":[{"@type":"WebPage","@id":"https:\/\/www.welovecycling.com\/es\/2017\/08\/31\/la-vuelta-desde-dentro\/","url":"https:\/\/www.welovecycling.com\/es\/2017\/08\/31\/la-vuelta-desde-dentro\/","name":"La Vuelta desde dentro. De escapada con David Arroyo y el Caja Rural-RGA - \u0160koda We Love Cycling - Spain","isPartOf":{"@id":"https:\/\/www.welovecycling.com\/es\/#website"},"primaryImageOfPage":{"@id":"https:\/\/www.welovecycling.com\/es\/2017\/08\/31\/la-vuelta-desde-dentro\/#primaryimage"},"image":{"@id":"https:\/\/www.welovecycling.com\/es\/2017\/08\/31\/la-vuelta-desde-dentro\/#primaryimage"},"thumbnailUrl":"https:\/\/d2p6e6u75xmxt8.cloudfront.net\/6\/2017\/08\/la-vuelta-caja-rural-3.jpg","datePublished":"2017-08-31T18:13:42+00:00","dateModified":"2017-09-04T08:00:50+00:00","author":{"@id":"https:\/\/www.welovecycling.com\/es\/#\/schema\/person\/deb61715b5812698ee79fb96f343ccd4"},"description":"La Vuelta desde dentro. As\u00ed se vive la Vuelta a Espa\u00f1a desde el coche Skoda del Caja Rural. Escapada junto a David Arroyo.","breadcrumb":{"@id":"https:\/\/www.welovecycling.com\/es\/2017\/08\/31\/la-vuelta-desde-dentro\/#breadcrumb"},"inLanguage":"es-ES","potentialAction":[{"@type":"ReadAction","target":["https:\/\/www.welovecycling.com\/es\/2017\/08\/31\/la-vuelta-desde-dentro\/"]}]},{"@type":"ImageObject","inLanguage":"es-ES","@id":"https:\/\/www.welovecycling.com\/es\/2017\/08\/31\/la-vuelta-desde-dentro\/#primaryimage","url":"https:\/\/d2p6e6u75xmxt8.cloudfront.net\/6\/2017\/08\/la-vuelta-caja-rural-3.jpg","contentUrl":"https:\/\/d2p6e6u75xmxt8.cloudfront.net\/6\/2017\/08\/la-vuelta-caja-rural-3.jpg","width":1280,"height":960},{"@type":"BreadcrumbList","@id":"https:\/\/www.welovecycling.com\/es\/2017\/08\/31\/la-vuelta-desde-dentro\/#breadcrumb","itemListElement":[{"@type":"ListItem","position":1,"name":"Home","item":"https:\/\/www.welovecycling.com\/es\/"},{"@type":"ListItem","position":2,"name":"La Vuelta desde dentro. De escapada con David Arroyo y el Caja Rural-RGA"}]},{"@type":"WebSite","@id":"https:\/\/www.welovecycling.com\/es\/#website","url":"https:\/\/www.welovecycling.com\/es\/","name":"\u0160koda We Love Cycling - Spain","description":"\u0160koda WeLoveCycling Spain","potentialAction":[{"@type":"SearchAction","target":{"@type":"EntryPoint","urlTemplate":"https:\/\/www.welovecycling.com\/es\/?s={search_term_string}"},"query-input":{"@type":"PropertyValueSpecification","valueRequired":true,"valueName":"search_term_string"}}],"inLanguage":"es-ES"},{"@type":"Person","@id":"https:\/\/www.welovecycling.com\/es\/#\/schema\/person\/deb61715b5812698ee79fb96f343ccd4","name":"We Love Cycling Spain","image":{"@type":"ImageObject","inLanguage":"es-ES","@id":"https:\/\/www.welovecycling.com\/es\/#\/schema\/person\/image\/","url":"https:\/\/secure.gravatar.com\/avatar\/c824b04e6df0e37a03219d0b6481672889df542894588964102459e46513159c?s=96&d=mm&r=g","contentUrl":"https:\/\/secure.gravatar.com\/avatar\/c824b04e6df0e37a03219d0b6481672889df542894588964102459e46513159c?s=96&d=mm&r=g","caption":"We Love Cycling Spain"},"url":"https:\/\/www.welovecycling.com\/es\/author\/amunoz\/"}]}},"_links":{"self":[{"href":"https:\/\/www.welovecycling.com\/es\/wp-json\/wp\/v2\/posts\/1285","targetHints":{"allow":["GET"]}}],"collection":[{"href":"https:\/\/www.welovecycling.com\/es\/wp-json\/wp\/v2\/posts"}],"about":[{"href":"https:\/\/www.welovecycling.com\/es\/wp-json\/wp\/v2\/types\/post"}],"author":[{"embeddable":true,"href":"https:\/\/www.welovecycling.com\/es\/wp-json\/wp\/v2\/users\/29"}],"replies":[{"embeddable":true,"href":"https:\/\/www.welovecycling.com\/es\/wp-json\/wp\/v2\/comments?post=1285"}],"version-history":[{"count":2,"href":"https:\/\/www.welovecycling.com\/es\/wp-json\/wp\/v2\/posts\/1285\/revisions"}],"predecessor-version":[{"id":1295,"href":"https:\/\/www.welovecycling.com\/es\/wp-json\/wp\/v2\/posts\/1285\/revisions\/1295"}],"wp:featuredmedia":[{"embeddable":true,"href":"https:\/\/www.welovecycling.com\/es\/wp-json\/wp\/v2\/media\/1290"}],"wp:attachment":[{"href":"https:\/\/www.welovecycling.com\/es\/wp-json\/wp\/v2\/media?parent=1285"}],"wp:term":[{"taxonomy":"category","embeddable":true,"href":"https:\/\/www.welovecycling.com\/es\/wp-json\/wp\/v2\/categories?post=1285"},{"taxonomy":"post_tag","embeddable":true,"href":"https:\/\/www.welovecycling.com\/es\/wp-json\/wp\/v2\/tags?post=1285"},{"taxonomy":"global-categories","embeddable":true,"href":"https:\/\/www.welovecycling.com\/es\/wp-json\/wp\/v2\/global-categories?post=1285"}],"curies":[{"name":"wp","href":"https:\/\/api.w.org\/{rel}","templated":true}]}}