{"id":1211,"date":"2017-08-22T00:25:47","date_gmt":"2017-08-21T22:25:47","guid":{"rendered":"https:\/\/www.welovecycling.com\/es\/?p=1211"},"modified":"2017-09-01T21:04:01","modified_gmt":"2017-09-01T19:04:01","slug":"asi-funciona-radio-vuelta","status":"publish","type":"post","link":"https:\/\/www.welovecycling.com\/es\/2017\/08\/22\/asi-funciona-radio-vuelta\/","title":{"rendered":"Las comunicaciones en las carreras ciclistas. As\u00ed funciona Radio Vuelta"},"content":{"rendered":"<p><strong>Uno de los pilares de la organizaci\u00f3n de una prueba ciclista es el servicio de comunicaciones.<br \/>\nLa coordinaci\u00f3n entre todas las personas que forman la caravana ciclista es clave para el buen<br \/>\ndesarrollo de una prueba. La informaci\u00f3n detallada de lo que acontezca es sin\u00f3nimo de orden y<br \/>\nseguridad. Vamos a desgranar los pormenores de una herramienta desconocida para quienes no<br \/>\nhan seguido desde dentro una competici\u00f3n.<\/strong><br \/>\n<!--more--><\/p>\n<p>Una de las singularidades de una prueba ciclista es la intervenci\u00f3n de un nutrido grupo de personas que desempe\u00f1an diversas funciones. <strong>Es un aspecto que engrandece y distingue a este deporte. No hay que olvidar que en una competici\u00f3n<\/strong>, adem\u00e1s de los ciclistas, participan numerosas personas con trabajos tan dispares como los organizadores, en todas sus facetas, m\u00e9dicos, enfermeros, Guardia Civil, conductores de veh\u00edculos, \u00e1rbitros, directores deportivos, mec\u00e1nicos, fisioterapeutas y quiromasajistas, periodistas, fot\u00f3grafos, c\u00e1maras, inform\u00e1ticos y un largo etc\u00e9tera. La comunicaci\u00f3n entre todas estas personas y la informaci\u00f3n, es vital dentro de una prueba ciclista.<\/p>\n<p>Desde la Uni\u00f3n Ciclista Internacional, para las pruebas internacionales y desde las diferentes federaciones nacionales, para las nacionales y auton\u00f3micas, <strong>se contempla en el reglamento de una carrera la obligatoriedad de llevar a cabo el servicio de radio vuelta.<\/strong> Otro aspecto importante en una prueba es la megafon\u00eda en la zona de salida y meta. Un buen equipo de megafon\u00eda y un locutor con experiencia son claves para el buen y animado desarrollo de los momentos previos a la salida as\u00ed como una entrega de premios en la que adem\u00e1s de los ciclistas, adquieren protagonismo los patrocinadores y autoridades. La informaci\u00f3n en la meta sobre el desarrollo de la carrera durante la espera de los ciclistas, es otro de los puntos importantes a desempe\u00f1ar por un buen locutor.<\/p>\n<h2><strong>El presidente del jurado t\u00e9cnico, el epicentro<\/strong><\/h2>\n<p>Lo primero que hay que conocer del servicio de comunicaciones en una prueba ciclista en carretera es que el epicentro de toda la informaci\u00f3n se desarrol<strong>la en el veh\u00edculo del presidente del jurado t\u00e9cnico, que es la m\u00e1xima autoridad deportiva de una competici\u00f3n<\/strong>. \u00c9ste veh\u00edculo ocupar\u00e1 la primera posici\u00f3n en la caravana de veh\u00edculos que circulan tras el pelot\u00f3n principal, salvo circunstancias excepcionales del final de carrera.<\/p>\n<p>Se puede apuntar que las comunicaciones en una prueba se establecen en tres apartados. <strong>El primero y el m\u00e1s importante, lo constituye la emisora que emite las informaciones<\/strong>. Como hemos mencionado siempre instalada en el veh\u00edculo del presidente del jurado t\u00e9cnico. A su vez, los comisarios adjuntos, tambi\u00e9n contar\u00e1n con una emisora para emitir en casos muy puntuales.<\/p>\n<p><a href=\"https:\/\/d2p6e6u75xmxt8.cloudfront.net\/6\/2017\/08\/radio-vuelta-2.jpg\"><img loading=\"lazy\" decoding=\"async\" class=\"aligncenter size-large wp-image-1214\" src=\"https:\/\/d2p6e6u75xmxt8.cloudfront.net\/6\/2017\/08\/radio-vuelta-2-1024x682.jpg\" alt=\"\" width=\"1024\" height=\"682\" srcset=\"https:\/\/d2p6e6u75xmxt8.cloudfront.net\/6\/2017\/08\/radio-vuelta-2-1024x682.jpg 1024w, https:\/\/d2p6e6u75xmxt8.cloudfront.net\/6\/2017\/08\/radio-vuelta-2-300x200.jpg 300w, https:\/\/d2p6e6u75xmxt8.cloudfront.net\/6\/2017\/08\/radio-vuelta-2-768x512.jpg 768w, https:\/\/d2p6e6u75xmxt8.cloudfront.net\/6\/2017\/08\/radio-vuelta-2-272x182.jpg 272w, https:\/\/d2p6e6u75xmxt8.cloudfront.net\/6\/2017\/08\/radio-vuelta-2.jpg 1280w\" sizes=\"auto, (max-width: 1024px) 100vw, 1024px\" \/><\/a><\/p>\n<p>Por otra parte,<strong> existe una serie de veh\u00edculos que ir\u00e1n comunicados entre s\u00ed<\/strong>. Ser\u00e1n el jurado t\u00e9cnico con sus respectivas motos-comisario, los organizadores, mandos de la Guardia Civil, m\u00e9dicos, veh\u00edculo cierre de carrera, etc. Para ello se necesitan como m\u00ednimo tres frecuencias exclusivas para su funci\u00f3n y que no pueden ser compartidas por nadie m\u00e1s. Una para emitir radio vuelta, otra para los comisarios y otra para organizaci\u00f3n.<\/p>\n<p>Otro de los puntos importantes a tener en cuenta esa comunicaci\u00f3n que el organizador tiene que mantener con el presidente del jurado t\u00e9cnico y el mando de las fuerzas de seguridad p\u00fablica. Por otra parte, todos los veh\u00edculos seguidores de la prueba contar\u00e1n con un aparato receptor por el que s\u00f3lo se recibe informaci\u00f3n no pudiendo trasmitir.<\/p>\n<p>La<strong> empresa encargada de las comunicaciones instalar\u00e1 emisoras y receptores en todos los veh\u00edculos que componen el equipo del Jurado T\u00e9cnico<\/strong> incluidas las motos de los comisarios- moto. Una buena comunicaci\u00f3n entre los miembros del jurado ser\u00e1 clave para la correcta ubicaci\u00f3n de los diferentes \u00e1rbitros as\u00ed como de las decisiones a tomar por \u00e9stos.<\/p>\n<p>La instalaci\u00f3n de repetidores es clave para garantizar el alcance de la se\u00f1al, ya que en un terreno monta\u00f1oso o si se alcanzan grandes distancias, \u00e9sta puede perderse. <strong>Los repetidores se instalan en helic\u00f3pteros o en veh\u00edculos estacionados en lo alto de una monta\u00f1a<\/strong>. Una buena instalaci\u00f3n de emisoras y antenas ser\u00e1 clave para evitar interferencias, teniendo en cuenta que en el veh\u00edculo principal se instalar\u00e1n tres o cuatro emisoras con frecuencias diferentes.<\/p>\n<p>El<strong> locutor de radio vuelta trasmitir\u00e1 las informaciones que el Presidente del Jurado T\u00e9cnico<\/strong> le indique y adem\u00e1s contar\u00e1 con una o dos motos de informaci\u00f3n en cabeza de carrera que ser\u00e1n las encargadas de trasmitirle los dorsales escapados, las diferencias entre ellos etc.<\/p>\n<p>El jurado t\u00e9cnico comunicar\u00e1 al locutor de radio vuelta el orden de paso de los diferentes premios de monta\u00f1a, metas volantes, etc. as\u00ed como todas las indicaciones necesarias para el buen desarrollo de la carrera como la ubicaci\u00f3n de los coches neutros, autorizaciones para que los veh\u00edculos de los directores deportivos se adelanten a los corredores escapados, etc. No menos importante son las llamadas de precauci\u00f3n ante cualquier situaci\u00f3n de peligro de la carretera, as\u00ed como los comunicados que el jurado t\u00e9cnico y la organizaci\u00f3n puedan emitir a los<br \/>\nseguidores de la prueba.<\/p>\n<h2><strong>La habilidad del locutor de Radio Vuelta<\/strong><\/h2>\n<p>Un<strong> locutor de radio vuelta debe ser h\u00e1bil, con grandes reflejos y estar alerta ante cualquier novedad. Tiene que ser buen conocedor de los diferentes maillots de los equipos que participan en la prueba para ser r\u00e1pido en cuanto a las llamadas a cola de pelot\u00f3n<\/strong>. Su aviso ante una ca\u00edda, un pinchazo, entrega de ropa, agua, etc. facilitar\u00e1 el trabajo a los equipos. Un buen locutor tiene que saber distinguir las diferentes llamadas y clasificarlas en ca\u00edda, pinchazo, indicando la rueda trasera o delantera, entrega de ropa, solicitud de avituallamiento o comunicarse con el director.<\/p>\n<p>\u00c9ste aspecto es muy importante para los directores deportivos en el momento de acudir al pelot\u00f3n y conocer de antemano el motivo de la llamada de su corredor. Desde la implantaci\u00f3n de las comunicaciones entre directores y corredores, este aspecto ha cambiado, aunque s\u00f3lo en pruebas profesionales.<\/p>\n<p>La <strong>informaci\u00f3n que trasmita el locutor de radio-vuelta debe ser clara y concisa.<\/strong> Sus detalles sobre la situaci\u00f3n de la carrera permitir\u00e1n a los directores deportivos preparar la estrategia m\u00e1s apropiada. Sus indicaciones sobre entradas a poblaci\u00f3n, comienzo de puerto o si la carrera se adentra en una carretera amplia o estrecha, son de vital importancia para ellos. La relaci\u00f3n de los dorsales ubicados en las diferentes escapadas se emitir\u00e1 dividiendo las cifras en su repetici\u00f3n, ejemplo: dorsal ciento sesenta y seis, uno, seis, seis. Es un error muy com\u00fan omitir<br \/>\n\u00e9ste dato, con las dificultades que ello conlleva para recepci\u00f3n dentro de un veh\u00edculo en el que se entremezclan m\u00faltiples ruidos. Repetir cada cierto tiempo la situaci\u00f3n de la carrera, con los dorsales que conforman las escapadas, el kil\u00f3metro por donde discurre la prueba y las poblaciones, son sin\u00f3nimos de un trabajo de calidad. Los apuntes sobre los corredores que pierden contacto de una escapada o los que enlazan con el pelot\u00f3n despu\u00e9s de un percance, tambi\u00e9n son importantes.<\/p>\n<p><a href=\"https:\/\/d2p6e6u75xmxt8.cloudfront.net\/6\/2017\/08\/radio-vuelta-3.jpg\"><img loading=\"lazy\" decoding=\"async\" class=\"aligncenter size-large wp-image-1215\" src=\"https:\/\/d2p6e6u75xmxt8.cloudfront.net\/6\/2017\/08\/radio-vuelta-3-1024x682.jpg\" alt=\"\" width=\"1024\" height=\"682\" srcset=\"https:\/\/d2p6e6u75xmxt8.cloudfront.net\/6\/2017\/08\/radio-vuelta-3-1024x682.jpg 1024w, https:\/\/d2p6e6u75xmxt8.cloudfront.net\/6\/2017\/08\/radio-vuelta-3-300x200.jpg 300w, https:\/\/d2p6e6u75xmxt8.cloudfront.net\/6\/2017\/08\/radio-vuelta-3-768x512.jpg 768w, https:\/\/d2p6e6u75xmxt8.cloudfront.net\/6\/2017\/08\/radio-vuelta-3-272x182.jpg 272w, https:\/\/d2p6e6u75xmxt8.cloudfront.net\/6\/2017\/08\/radio-vuelta-3.jpg 1280w\" sizes=\"auto, (max-width: 1024px) 100vw, 1024px\" \/><\/a><\/p>\n<p>Destacar tambi\u00e9n la funci\u00f3n de <strong>radio vuelta para trasmitir instrucciones a los veh\u00edculos que circulan en cabeza de carrera,<\/strong> as\u00ed como las llamadas a coches neutros, la detenci\u00f3n de los veh\u00edculos de directores deportivos cuando se reducen las diferencias de las escapadas, las llamadas a m\u00e9dico, ambulancia, etc.<\/p>\n<p>El<strong> locutor de radio vuelta tiene que estar siempre alerta de que le emisora por la que emite permanezca con corriente<\/strong>. Es un fallo muy com\u00fan que se pierda la comunicaci\u00f3n por \u00e9ste hecho que puede pasar inadvertido de forma moment\u00e1nea. En las pruebas internacionales las informaciones se repetir\u00e1n en franc\u00e9s o ingl\u00e9s.<\/p>\n<h2><strong>El pinganillo, elemento de seguridad<\/strong><\/h2>\n<p>Mucho se ha hablado de la utilizaci\u00f3n del com\u00fanmente llamado pinganillo. Cuenta con partidarios y detractores pero lo cierto es que es el m\u00e9todo de comunicaci\u00f3n entre directores deportivos y corredores que se ha implantado en los \u00faltimos a\u00f1os. <strong>Despu\u00e9s de extenderse en todas las categor\u00edas, La Uni\u00f3n Ciclista Internacional lo prohibi\u00f3, salvo en las cronos, para las categor\u00edas no profesionales<\/strong>. Consiste en una emisora instalada en el veh\u00edculo del director y unos ligeros walkie talkie con auriculares con doble funci\u00f3n emisor-receptor que lleva cada ciclista.<\/p>\n<p>La utilizaci\u00f3n del pinganillo va mucho m\u00e1s all\u00e1 que la mera comunicaci\u00f3n entre director y ciclista para trasmitirle instrucciones. <strong>Atesora m\u00faltiples funciones. Es un elemento que permite que el director mantenga su posici\u00f3n en la caravana de veh\u00edculos de equipos mientras habla con sus corredores<\/strong> y evita que tenga que llegar a la cola de pelot\u00f3n cada vez que quiere comunicarse con sus ciclistas con el consiguiente desbarajuste y peligro. Por otra parte es un m\u00e9todo eficaz para alertar a los ciclistas sobre peligros que se presenten en la carretera como irregularidadesdel firme, pasos estrechos u otras incidencias que surjan y se comuniquen por radio vuelta a los directores deportivos. Su correcta utilizaci\u00f3n evita siempre accidentes.<\/p>\n<p>Como resumen, quienes hemos seguido carreras sin radio-vuelta, hemos podido apreciar la tremenda diferencia a todos los niveles. La informaci\u00f3n es sin\u00f3nimo de tranquilidad y la forma de actuar de los directores deportivos es totalmente distinta.<\/p>\n","protected":false},"excerpt":{"rendered":"<p>Uno de los pilares de la organizaci\u00f3n de una prueba ciclista es el servicio de comunicaciones. La coordinaci\u00f3n entre todas [&hellip;]<\/p>\n","protected":false},"author":29,"featured_media":1213,"comment_status":"open","ping_status":"open","sticky":false,"template":"","format":"standard","meta":{"footnotes":""},"categories":[7],"tags":[44,63,69],"global-categories":[],"class_list":["post-1211","post","type-post","status-publish","format-standard","has-post-thumbnail","hentry","category-carretera","tag-la-vuelta","tag-la-vuelta-2017","tag-vuelta-2017"],"yoast_head":"<!-- This site is optimized with the Yoast SEO Premium plugin v25.3 (Yoast SEO v25.9) - https:\/\/yoast.com\/wordpress\/plugins\/seo\/ -->\n<title>Las comunicaciones en las carreras ciclistas. As\u00ed funciona Radio Vuelta - \u0160koda We Love Cycling - Spain<\/title>\n<meta name=\"description\" content=\"Asi funciona Radio Vuelta. Las comunicaciones dentro de las carreras ciclistas. Desde el director t\u00e9cnico a los directores de equipo.\" \/>\n<meta name=\"robots\" content=\"index, follow, max-snippet:-1, max-image-preview:large, max-video-preview:-1\" \/>\n<link rel=\"canonical\" href=\"https:\/\/www.welovecycling.com\/es\/2017\/08\/22\/asi-funciona-radio-vuelta\/\" \/>\n<meta property=\"og:locale\" content=\"es_ES\" \/>\n<meta property=\"og:type\" content=\"article\" \/>\n<meta property=\"og:title\" content=\"Las comunicaciones en las carreras ciclistas. As\u00ed funciona Radio Vuelta\" \/>\n<meta property=\"og:description\" content=\"Asi funciona Radio Vuelta. Las comunicaciones dentro de las carreras ciclistas. Desde el director t\u00e9cnico a los directores de equipo.\" \/>\n<meta property=\"og:url\" content=\"https:\/\/www.welovecycling.com\/es\/2017\/08\/22\/asi-funciona-radio-vuelta\/\" \/>\n<meta property=\"og:site_name\" content=\"\u0160koda We Love Cycling - Spain\" \/>\n<meta property=\"article:published_time\" content=\"2017-08-21T22:25:47+00:00\" \/>\n<meta property=\"article:modified_time\" content=\"2017-09-01T19:04:01+00:00\" \/>\n<meta property=\"og:image\" content=\"https:\/\/d2p6e6u75xmxt8.cloudfront.net\/6\/2017\/08\/radio-vuelta-1.jpg\" \/>\n\t<meta property=\"og:image:width\" content=\"1280\" \/>\n\t<meta property=\"og:image:height\" content=\"853\" \/>\n\t<meta property=\"og:image:type\" content=\"image\/jpeg\" \/>\n<meta name=\"author\" content=\"We Love Cycling Spain\" \/>\n<meta name=\"twitter:card\" content=\"summary_large_image\" \/>\n<meta name=\"twitter:title\" content=\"Las comunicaciones en las carreras ciclistas. As\u00ed funciona Radio Vuelta\" \/>\n<meta name=\"twitter:description\" content=\"Asi funciona Radio Vuelta. Las comunicaciones dentro de las carreras ciclistas. Desde el director t\u00e9cnico a los directores de equipo.\" \/>\n<meta name=\"twitter:label1\" content=\"Written by\" \/>\n\t<meta name=\"twitter:data1\" content=\"Ciclismo a Fondo\" \/>\n\t<meta name=\"twitter:label2\" content=\"Est. reading time\" \/>\n\t<meta name=\"twitter:data2\" content=\"8 minutes\" \/>\n<script type=\"application\/ld+json\" class=\"yoast-schema-graph\">{\"@context\":\"https:\/\/schema.org\",\"@graph\":[{\"@type\":\"WebPage\",\"@id\":\"https:\/\/www.welovecycling.com\/es\/2017\/08\/22\/asi-funciona-radio-vuelta\/\",\"url\":\"https:\/\/www.welovecycling.com\/es\/2017\/08\/22\/asi-funciona-radio-vuelta\/\",\"name\":\"Las comunicaciones en las carreras ciclistas. As\u00ed funciona Radio Vuelta - \u0160koda We Love Cycling - Spain\",\"isPartOf\":{\"@id\":\"https:\/\/www.welovecycling.com\/es\/#website\"},\"primaryImageOfPage\":{\"@id\":\"https:\/\/www.welovecycling.com\/es\/2017\/08\/22\/asi-funciona-radio-vuelta\/#primaryimage\"},\"image\":{\"@id\":\"https:\/\/www.welovecycling.com\/es\/2017\/08\/22\/asi-funciona-radio-vuelta\/#primaryimage\"},\"thumbnailUrl\":\"https:\/\/d2p6e6u75xmxt8.cloudfront.net\/6\/2017\/08\/radio-vuelta-1.jpg\",\"datePublished\":\"2017-08-21T22:25:47+00:00\",\"dateModified\":\"2017-09-01T19:04:01+00:00\",\"author\":{\"@id\":\"https:\/\/www.welovecycling.com\/es\/#\/schema\/person\/deb61715b5812698ee79fb96f343ccd4\"},\"description\":\"Asi funciona Radio Vuelta. Las comunicaciones dentro de las carreras ciclistas. Desde el director t\u00e9cnico a los directores de equipo.\",\"breadcrumb\":{\"@id\":\"https:\/\/www.welovecycling.com\/es\/2017\/08\/22\/asi-funciona-radio-vuelta\/#breadcrumb\"},\"inLanguage\":\"es-ES\",\"potentialAction\":[{\"@type\":\"ReadAction\",\"target\":[\"https:\/\/www.welovecycling.com\/es\/2017\/08\/22\/asi-funciona-radio-vuelta\/\"]}]},{\"@type\":\"ImageObject\",\"inLanguage\":\"es-ES\",\"@id\":\"https:\/\/www.welovecycling.com\/es\/2017\/08\/22\/asi-funciona-radio-vuelta\/#primaryimage\",\"url\":\"https:\/\/d2p6e6u75xmxt8.cloudfront.net\/6\/2017\/08\/radio-vuelta-1.jpg\",\"contentUrl\":\"https:\/\/d2p6e6u75xmxt8.cloudfront.net\/6\/2017\/08\/radio-vuelta-1.jpg\",\"width\":1280,\"height\":853},{\"@type\":\"BreadcrumbList\",\"@id\":\"https:\/\/www.welovecycling.com\/es\/2017\/08\/22\/asi-funciona-radio-vuelta\/#breadcrumb\",\"itemListElement\":[{\"@type\":\"ListItem\",\"position\":1,\"name\":\"Home\",\"item\":\"https:\/\/www.welovecycling.com\/es\/\"},{\"@type\":\"ListItem\",\"position\":2,\"name\":\"Las comunicaciones en las carreras ciclistas. As\u00ed funciona Radio Vuelta\"}]},{\"@type\":\"WebSite\",\"@id\":\"https:\/\/www.welovecycling.com\/es\/#website\",\"url\":\"https:\/\/www.welovecycling.com\/es\/\",\"name\":\"\u0160koda We Love Cycling - Spain\",\"description\":\"\u0160koda WeLoveCycling Spain\",\"potentialAction\":[{\"@type\":\"SearchAction\",\"target\":{\"@type\":\"EntryPoint\",\"urlTemplate\":\"https:\/\/www.welovecycling.com\/es\/?s={search_term_string}\"},\"query-input\":{\"@type\":\"PropertyValueSpecification\",\"valueRequired\":true,\"valueName\":\"search_term_string\"}}],\"inLanguage\":\"es-ES\"},{\"@type\":\"Person\",\"@id\":\"https:\/\/www.welovecycling.com\/es\/#\/schema\/person\/deb61715b5812698ee79fb96f343ccd4\",\"name\":\"We Love Cycling Spain\",\"image\":{\"@type\":\"ImageObject\",\"inLanguage\":\"es-ES\",\"@id\":\"https:\/\/www.welovecycling.com\/es\/#\/schema\/person\/image\/\",\"url\":\"https:\/\/secure.gravatar.com\/avatar\/c824b04e6df0e37a03219d0b6481672889df542894588964102459e46513159c?s=96&d=mm&r=g\",\"contentUrl\":\"https:\/\/secure.gravatar.com\/avatar\/c824b04e6df0e37a03219d0b6481672889df542894588964102459e46513159c?s=96&d=mm&r=g\",\"caption\":\"We Love Cycling Spain\"},\"url\":\"https:\/\/www.welovecycling.com\/es\/author\/amunoz\/\"}]}<\/script>\n<!-- \/ Yoast SEO Premium plugin. -->","yoast_head_json":{"title":"Las comunicaciones en las carreras ciclistas. As\u00ed funciona Radio Vuelta - \u0160koda We Love Cycling - Spain","description":"Asi funciona Radio Vuelta. Las comunicaciones dentro de las carreras ciclistas. Desde el director t\u00e9cnico a los directores de equipo.","robots":{"index":"index","follow":"follow","max-snippet":"max-snippet:-1","max-image-preview":"max-image-preview:large","max-video-preview":"max-video-preview:-1"},"canonical":"https:\/\/www.welovecycling.com\/es\/2017\/08\/22\/asi-funciona-radio-vuelta\/","og_locale":"es_ES","og_type":"article","og_title":"Las comunicaciones en las carreras ciclistas. As\u00ed funciona Radio Vuelta","og_description":"Asi funciona Radio Vuelta. Las comunicaciones dentro de las carreras ciclistas. Desde el director t\u00e9cnico a los directores de equipo.","og_url":"https:\/\/www.welovecycling.com\/es\/2017\/08\/22\/asi-funciona-radio-vuelta\/","og_site_name":"\u0160koda We Love Cycling - Spain","article_published_time":"2017-08-21T22:25:47+00:00","article_modified_time":"2017-09-01T19:04:01+00:00","og_image":[{"width":1280,"height":853,"url":"https:\/\/d2p6e6u75xmxt8.cloudfront.net\/6\/2017\/08\/radio-vuelta-1.jpg","type":"image\/jpeg"}],"author":"We Love Cycling Spain","twitter_card":"summary_large_image","twitter_title":"Las comunicaciones en las carreras ciclistas. As\u00ed funciona Radio Vuelta","twitter_description":"Asi funciona Radio Vuelta. Las comunicaciones dentro de las carreras ciclistas. Desde el director t\u00e9cnico a los directores de equipo.","twitter_misc":{"Written by":"Ciclismo a Fondo","Est. reading time":"8 minutes"},"schema":{"@context":"https:\/\/schema.org","@graph":[{"@type":"WebPage","@id":"https:\/\/www.welovecycling.com\/es\/2017\/08\/22\/asi-funciona-radio-vuelta\/","url":"https:\/\/www.welovecycling.com\/es\/2017\/08\/22\/asi-funciona-radio-vuelta\/","name":"Las comunicaciones en las carreras ciclistas. As\u00ed funciona Radio Vuelta - \u0160koda We Love Cycling - Spain","isPartOf":{"@id":"https:\/\/www.welovecycling.com\/es\/#website"},"primaryImageOfPage":{"@id":"https:\/\/www.welovecycling.com\/es\/2017\/08\/22\/asi-funciona-radio-vuelta\/#primaryimage"},"image":{"@id":"https:\/\/www.welovecycling.com\/es\/2017\/08\/22\/asi-funciona-radio-vuelta\/#primaryimage"},"thumbnailUrl":"https:\/\/d2p6e6u75xmxt8.cloudfront.net\/6\/2017\/08\/radio-vuelta-1.jpg","datePublished":"2017-08-21T22:25:47+00:00","dateModified":"2017-09-01T19:04:01+00:00","author":{"@id":"https:\/\/www.welovecycling.com\/es\/#\/schema\/person\/deb61715b5812698ee79fb96f343ccd4"},"description":"Asi funciona Radio Vuelta. Las comunicaciones dentro de las carreras ciclistas. Desde el director t\u00e9cnico a los directores de equipo.","breadcrumb":{"@id":"https:\/\/www.welovecycling.com\/es\/2017\/08\/22\/asi-funciona-radio-vuelta\/#breadcrumb"},"inLanguage":"es-ES","potentialAction":[{"@type":"ReadAction","target":["https:\/\/www.welovecycling.com\/es\/2017\/08\/22\/asi-funciona-radio-vuelta\/"]}]},{"@type":"ImageObject","inLanguage":"es-ES","@id":"https:\/\/www.welovecycling.com\/es\/2017\/08\/22\/asi-funciona-radio-vuelta\/#primaryimage","url":"https:\/\/d2p6e6u75xmxt8.cloudfront.net\/6\/2017\/08\/radio-vuelta-1.jpg","contentUrl":"https:\/\/d2p6e6u75xmxt8.cloudfront.net\/6\/2017\/08\/radio-vuelta-1.jpg","width":1280,"height":853},{"@type":"BreadcrumbList","@id":"https:\/\/www.welovecycling.com\/es\/2017\/08\/22\/asi-funciona-radio-vuelta\/#breadcrumb","itemListElement":[{"@type":"ListItem","position":1,"name":"Home","item":"https:\/\/www.welovecycling.com\/es\/"},{"@type":"ListItem","position":2,"name":"Las comunicaciones en las carreras ciclistas. As\u00ed funciona Radio Vuelta"}]},{"@type":"WebSite","@id":"https:\/\/www.welovecycling.com\/es\/#website","url":"https:\/\/www.welovecycling.com\/es\/","name":"\u0160koda We Love Cycling - Spain","description":"\u0160koda WeLoveCycling Spain","potentialAction":[{"@type":"SearchAction","target":{"@type":"EntryPoint","urlTemplate":"https:\/\/www.welovecycling.com\/es\/?s={search_term_string}"},"query-input":{"@type":"PropertyValueSpecification","valueRequired":true,"valueName":"search_term_string"}}],"inLanguage":"es-ES"},{"@type":"Person","@id":"https:\/\/www.welovecycling.com\/es\/#\/schema\/person\/deb61715b5812698ee79fb96f343ccd4","name":"We Love Cycling Spain","image":{"@type":"ImageObject","inLanguage":"es-ES","@id":"https:\/\/www.welovecycling.com\/es\/#\/schema\/person\/image\/","url":"https:\/\/secure.gravatar.com\/avatar\/c824b04e6df0e37a03219d0b6481672889df542894588964102459e46513159c?s=96&d=mm&r=g","contentUrl":"https:\/\/secure.gravatar.com\/avatar\/c824b04e6df0e37a03219d0b6481672889df542894588964102459e46513159c?s=96&d=mm&r=g","caption":"We Love Cycling Spain"},"url":"https:\/\/www.welovecycling.com\/es\/author\/amunoz\/"}]}},"_links":{"self":[{"href":"https:\/\/www.welovecycling.com\/es\/wp-json\/wp\/v2\/posts\/1211","targetHints":{"allow":["GET"]}}],"collection":[{"href":"https:\/\/www.welovecycling.com\/es\/wp-json\/wp\/v2\/posts"}],"about":[{"href":"https:\/\/www.welovecycling.com\/es\/wp-json\/wp\/v2\/types\/post"}],"author":[{"embeddable":true,"href":"https:\/\/www.welovecycling.com\/es\/wp-json\/wp\/v2\/users\/29"}],"replies":[{"embeddable":true,"href":"https:\/\/www.welovecycling.com\/es\/wp-json\/wp\/v2\/comments?post=1211"}],"version-history":[{"count":2,"href":"https:\/\/www.welovecycling.com\/es\/wp-json\/wp\/v2\/posts\/1211\/revisions"}],"predecessor-version":[{"id":1216,"href":"https:\/\/www.welovecycling.com\/es\/wp-json\/wp\/v2\/posts\/1211\/revisions\/1216"}],"wp:featuredmedia":[{"embeddable":true,"href":"https:\/\/www.welovecycling.com\/es\/wp-json\/wp\/v2\/media\/1213"}],"wp:attachment":[{"href":"https:\/\/www.welovecycling.com\/es\/wp-json\/wp\/v2\/media?parent=1211"}],"wp:term":[{"taxonomy":"category","embeddable":true,"href":"https:\/\/www.welovecycling.com\/es\/wp-json\/wp\/v2\/categories?post=1211"},{"taxonomy":"post_tag","embeddable":true,"href":"https:\/\/www.welovecycling.com\/es\/wp-json\/wp\/v2\/tags?post=1211"},{"taxonomy":"global-categories","embeddable":true,"href":"https:\/\/www.welovecycling.com\/es\/wp-json\/wp\/v2\/global-categories?post=1211"}],"curies":[{"name":"wp","href":"https:\/\/api.w.org\/{rel}","templated":true}]}}