{"id":1191,"date":"2017-08-17T14:39:10","date_gmt":"2017-08-17T12:39:10","guid":{"rendered":"https:\/\/www.welovecycling.com\/es\/?p=1191"},"modified":"2017-09-14T10:38:21","modified_gmt":"2017-09-14T08:38:21","slug":"puertos-duros-la-vuelta","status":"publish","type":"post","link":"https:\/\/www.welovecycling.com\/es\/2017\/08\/17\/puertos-duros-la-vuelta\/","title":{"rendered":"Los diez puertos m\u00e1s duros de La Vuelta en el Siglo XXI"},"content":{"rendered":"<p><strong><b>De la misma manera que han evolucionado las bicicletas, los m\u00e9todos de entrenamiento o la dieta de los ciclistas, tambi\u00e9n ha cambiado la estructura de las etapas y, sobre todo, la monta\u00f1a que se asciende en la ronda espa\u00f1ola por etapas.<\/b><\/strong><br \/>\n<!--more--><br \/>\nLa organizaci\u00f3n de la <strong>Vuelta<\/strong> es consciente de la desventaja de la prueba espa\u00f1ola con respecto al<strong> Giro de Italia y al Tour de Francia,<\/strong> ya que al disputarse en septiembre, casi al finalizar la temporada, las fuerzas de algunos corredores ya est\u00e1n muy justas. Por ello su estrategia en los \u00faltimos a\u00f1os ha sido acortar los kil\u00f3metros de las etapas y darle mayor protagonismo a la monta\u00f1a, incluyendo nuevos puertos y de mayor dureza.<\/p>\n<p>De la infinidad de puertos que se han disputado en la historia de la Vuelta, entre los que campan por el recuerdo de los aficionados cumbres m\u00edticas como los<strong> Lagos de Covadonga, Sierra Nevada, Navacerrada, Serranillos<\/strong>\u2026 hemos realizado una selecci\u00f3n de 10 ascensiones que han dotado de gran espectacularidad a la carrera espa\u00f1ola y que, siempre que se han disputado, han supuesto un hito importante en el desarrollo de las etapas<strong>.<\/strong><\/p>\n<p>VELEFIQUE<\/p>\n<table>\n<tbody>\n<tr>\n<td width=\"170\"><strong><b>Puerto<\/b><\/strong><\/td>\n<td width=\"106\"><strong><b>Velefique<\/b><\/strong><\/td>\n<\/tr>\n<tr>\n<td width=\"170\"><strong><b>Vertiente<\/b><\/strong><\/td>\n<td width=\"106\">Velefique<\/td>\n<\/tr>\n<tr>\n<td width=\"170\"><strong><b>Altitud<\/b><\/strong><\/td>\n<td width=\"106\">1830<\/td>\n<\/tr>\n<tr>\n<td width=\"170\"><strong><b>Km<\/b><\/strong><\/td>\n<td width=\"106\">15,3<\/td>\n<\/tr>\n<tr>\n<td width=\"170\"><strong><b>Desnivel<\/b><\/strong><\/td>\n<td width=\"106\">951<\/td>\n<\/tr>\n<tr>\n<td width=\"170\"><strong><b>%<\/b><\/strong><\/td>\n<td width=\"106\">6,2<\/td>\n<\/tr>\n<tr>\n<td width=\"170\"><strong><b>Provincia<\/b><\/strong><\/td>\n<td width=\"106\">Almer\u00eda<\/td>\n<\/tr>\n<\/tbody>\n<\/table>\n<p>&nbsp;<\/p>\n<p>Se le conoce como el <strong>Stelvio almeriense,<\/strong> debido a la sucesi\u00f3n de curvas en herradura que acumula en su trazado y sirve de mirador privilegiado sobre el Desierto de Tabernas.<\/p>\n<p>Desde 2004, a\u00f1o en el que se incluy\u00f3 por primera vez en la Vuelta, se ha disputado en 4 ocasiones, siendo los vencedores en su cumbre: Francisco Jos\u00e9 Larra (2004), Egoi Mart\u00ednez (2006), Ryder Hesjedal (2009) y Bingen Fern\u00e1ndez (2009, meta).<\/p>\n<p><a href=\"https:\/\/d2p6e6u75xmxt8.cloudfront.net\/6\/2017\/08\/Velefique.jpg\"><img loading=\"lazy\" decoding=\"async\" class=\"aligncenter size-full wp-image-1193\" src=\"https:\/\/d2p6e6u75xmxt8.cloudfront.net\/6\/2017\/08\/Velefique.jpg\" alt=\"\" width=\"655\" height=\"458\" srcset=\"https:\/\/d2p6e6u75xmxt8.cloudfront.net\/6\/2017\/08\/Velefique.jpg 655w, https:\/\/d2p6e6u75xmxt8.cloudfront.net\/6\/2017\/08\/Velefique-300x210.jpg 300w\" sizes=\"auto, (max-width: 655px) 100vw, 655px\" \/><\/a><\/p>\n<p><strong>MARABIO<\/strong><\/p>\n<table>\n<tbody>\n<tr>\n<td width=\"170\"><strong><b>Puerto<\/b><\/strong><\/td>\n<td width=\"106\"><strong><b>Marabio<\/b><\/strong><\/td>\n<\/tr>\n<tr>\n<td width=\"170\"><strong><b>Vertiente<\/b><\/strong><\/td>\n<td width=\"106\">Norte<\/td>\n<\/tr>\n<tr>\n<td width=\"170\"><strong><b>Altitud<\/b><\/strong><\/td>\n<td width=\"106\">1045<\/td>\n<\/tr>\n<tr>\n<td width=\"170\"><strong><b>Km<\/b><\/strong><\/td>\n<td width=\"106\">10,9<\/td>\n<\/tr>\n<tr>\n<td width=\"170\"><strong><b>Desnivel<\/b><\/strong><\/td>\n<td width=\"106\">745<\/td>\n<\/tr>\n<tr>\n<td width=\"170\"><strong><b>%<\/b><\/strong><\/td>\n<td width=\"106\">6,8<\/td>\n<\/tr>\n<tr>\n<td width=\"170\"><strong><b>Provincia<\/b><\/strong><\/td>\n<td width=\"106\">Asturias<\/td>\n<\/tr>\n<\/tbody>\n<\/table>\n<p>&nbsp;<\/p>\n<p>Este exigente puerto asturiano, que surca el valle existente entre el Cordal de Porcabezas y la Sierra de Tameza, sobresale tanto por su belleza como por la dureza de sus rampas que superan el 10% de inclinaci\u00f3n.<\/p>\n<p>Se ascendi\u00f3 por primera vez en la decimoquinta etapa de la <strong>Vuelta del a\u00f1o 2002 y fue \u00d3scar Pereiro<\/strong> el primer ciclista en pasar por su cumbre.<\/p>\n<p><strong>ANCARES<\/strong><\/p>\n<table>\n<tbody>\n<tr>\n<td width=\"170\"><strong><b>Puerto<\/b><\/strong><\/td>\n<td width=\"106\"><strong><b>Ancares<\/b><\/strong><\/td>\n<\/tr>\n<tr>\n<td width=\"170\"><strong><b>Vertiente<\/b><\/strong><\/td>\n<td width=\"106\">Pan do Zarco<\/td>\n<\/tr>\n<tr>\n<td width=\"170\"><strong><b>Altitud<\/b><\/strong><\/td>\n<td width=\"106\">1660<\/td>\n<\/tr>\n<tr>\n<td width=\"170\"><strong><b>Km<\/b><\/strong><\/td>\n<td width=\"106\">9,6<\/td>\n<\/tr>\n<tr>\n<td width=\"170\"><strong><b>Desnivel<\/b><\/strong><\/td>\n<td width=\"106\">874<\/td>\n<\/tr>\n<tr>\n<td width=\"170\"><strong><b>%<\/b><\/strong><\/td>\n<td width=\"106\">9,1<\/td>\n<\/tr>\n<tr>\n<td width=\"170\"><strong><b>Provincia<\/b><\/strong><\/td>\n<td width=\"106\">Lugo<\/td>\n<\/tr>\n<\/tbody>\n<\/table>\n<p>&nbsp;<\/p>\n<p>El periplo de la <strong>Vuelta<\/strong> por tierras gallegas ha llevado al pelot\u00f3n a recorrer la comarca hist\u00f3rica y natural de los Ancares, donde los paisajes nos transportan al pasado, entre villas diminutas salpicadas por el monte y carreteras muy complejas que atraviesan valles, vaguadas y monta\u00f1as.<\/p>\n<p>En <strong>2011<\/strong> se incluy\u00f3 por primera vez la <strong>escalada al puerto de Ancares, siendo Dani Moreno<\/strong> el primer ciclista en atravesar su cumbre; el pelot\u00f3n regres\u00f3 en 2012, esta vez para ascender las terribles rampas de la vertiente de Pan do Zarco, edici\u00f3n en la que el primero en llegar a la cima fue Purito Rodriguez, seguido por un Alberto Contador muy batallador.<\/p>\n<p><a href=\"https:\/\/d2p6e6u75xmxt8.cloudfront.net\/6\/2017\/08\/Ancares_do_Zarco.jpg\"><img loading=\"lazy\" decoding=\"async\" class=\"aligncenter size-full wp-image-1194\" src=\"https:\/\/d2p6e6u75xmxt8.cloudfront.net\/6\/2017\/08\/Ancares_do_Zarco.jpg\" alt=\"\" width=\"546\" height=\"572\" srcset=\"https:\/\/d2p6e6u75xmxt8.cloudfront.net\/6\/2017\/08\/Ancares_do_Zarco.jpg 546w, https:\/\/d2p6e6u75xmxt8.cloudfront.net\/6\/2017\/08\/Ancares_do_Zarco-286x300.jpg 286w\" sizes=\"auto, (max-width: 546px) 100vw, 546px\" \/><\/a><\/p>\n<p><strong>BOLA DEL MUNDO<\/strong><\/p>\n<table>\n<tbody>\n<tr>\n<td width=\"170\"><strong><b>Puerto<\/b><\/strong><\/td>\n<td width=\"106\"><strong><b>Bola del Mundo<\/b><\/strong><\/td>\n<\/tr>\n<tr>\n<td width=\"170\"><strong><b>Vertiente<\/b><\/strong><\/td>\n<td width=\"106\">Navacerrada<\/td>\n<\/tr>\n<tr>\n<td width=\"170\"><strong><b>Altitud<\/b><\/strong><\/td>\n<td width=\"106\">2262<\/td>\n<\/tr>\n<tr>\n<td width=\"170\"><strong><b>Km<\/b><\/strong><\/td>\n<td width=\"106\">3,4<\/td>\n<\/tr>\n<tr>\n<td width=\"170\"><strong><b>Desnivel<\/b><\/strong><\/td>\n<td width=\"106\">402<\/td>\n<\/tr>\n<tr>\n<td width=\"170\"><strong><b>%<\/b><\/strong><\/td>\n<td width=\"106\">11,8<\/td>\n<\/tr>\n<tr>\n<td width=\"170\"><strong><b>Provincia<\/b><\/strong><\/td>\n<td width=\"106\">Madrid<\/td>\n<\/tr>\n<\/tbody>\n<\/table>\n<p>&nbsp;<\/p>\n<p>De todas las cumbres que parec\u00edan imposibles de disputar en una gran carrera por etapas, sin duda la Bola del Mundo, lugar estrat\u00e9gico donde est\u00e1 ubicada una de las antenas de radiodifusi\u00f3n m\u00e1s importantes del siglo pasado, ha sido una de ellas.<\/p>\n<p>En 2010, capitalizando una apuesta personal de Javier Guill\u00e9n, el m\u00e1ximo responsable de la <strong>Vuelta a Espa\u00f1a, se llega por primera vez a esta cumbre, siendo Ezequiel Mosquera<\/strong> el vencedor, si bien no le bast\u00f3 este puesto para hacerse con aquella edici\u00f3n de la Vuelta que logr\u00f3 defender en la Bola del Mundo Nibali. Dos a\u00f1os despu\u00e9s, en 2012 la Vuelta regresa a esta cumbre madrile\u00f1a, situada por encima del puerto de Navacerrada, y es entonces Denis Menchov el vencedor.<\/p>\n<p><a href=\"https:\/\/d2p6e6u75xmxt8.cloudfront.net\/6\/2017\/08\/Bola-del-mundo.jpg\"><img loading=\"lazy\" decoding=\"async\" class=\"aligncenter size-full wp-image-1195\" src=\"https:\/\/d2p6e6u75xmxt8.cloudfront.net\/6\/2017\/08\/Bola-del-mundo.jpg\" alt=\"\" width=\"581\" height=\"772\" srcset=\"https:\/\/d2p6e6u75xmxt8.cloudfront.net\/6\/2017\/08\/Bola-del-mundo.jpg 581w, https:\/\/d2p6e6u75xmxt8.cloudfront.net\/6\/2017\/08\/Bola-del-mundo-226x300.jpg 226w\" sizes=\"auto, (max-width: 581px) 100vw, 581px\" \/><\/a><\/p>\n<p><strong>FARRAPONA<\/strong><\/p>\n<table>\n<tbody>\n<tr>\n<td width=\"170\"><strong><b>Puerto<\/b><\/strong><\/td>\n<td width=\"106\"><strong><b>Farrapona<\/b><\/strong><\/td>\n<\/tr>\n<tr>\n<td width=\"170\"><strong><b>Vertiente<\/b><\/strong><\/td>\n<td width=\"106\">Pola de Somiedo<\/td>\n<\/tr>\n<tr>\n<td width=\"170\"><strong><b>Altitud<\/b><\/strong><\/td>\n<td width=\"106\">1708<\/td>\n<\/tr>\n<tr>\n<td width=\"170\"><strong><b>Km<\/b><\/strong><\/td>\n<td width=\"106\">20<\/td>\n<\/tr>\n<tr>\n<td width=\"170\"><strong><b>Desnivel<\/b><\/strong><\/td>\n<td width=\"106\">1100<\/td>\n<\/tr>\n<tr>\n<td width=\"170\"><strong><b>%<\/b><\/strong><\/td>\n<td width=\"106\">5,5<\/td>\n<\/tr>\n<tr>\n<td width=\"170\"><strong><b>Provincia<\/b><\/strong><\/td>\n<td width=\"106\">Asturias<\/td>\n<\/tr>\n<\/tbody>\n<\/table>\n<p>&nbsp;<\/p>\n<p>Al l\u00edmite entre Asturias y Le\u00f3n se encuentra esta moderna cumbre ciclista, apuesta personal del alcalde de la cercana localidad de Pola de Somiedo, que tiene como principal atractivo servir de acceso a uno de los parajes naturales m\u00e1s espectaculares de toda la geograf\u00eda espa\u00f1ola: los lagos de Saliencia.<\/p>\n<p>Siempre ha sido final de etapa. En <strong>2011 gan\u00f3 Rein Taaramae,<\/strong> seguido muy de cerca por Juanjo Cobo, y en 2014 Alberto Contador, quien logr\u00f3 rentabilizar un ataque sobre Chris Froome.<\/p>\n<p><strong>ANGLIRU<\/strong><\/p>\n<table>\n<tbody>\n<tr>\n<td width=\"170\"><strong><b>Puerto<\/b><\/strong><\/td>\n<td width=\"106\"><strong><b>Angliru<\/b><\/strong><\/td>\n<\/tr>\n<tr>\n<td width=\"170\"><strong><b>Vertiente<\/b><\/strong><\/td>\n<td width=\"106\">Riosa<\/td>\n<\/tr>\n<tr>\n<td width=\"170\"><strong><b>Altitud<\/b><\/strong><\/td>\n<td width=\"106\">1555<\/td>\n<\/tr>\n<tr>\n<td width=\"170\"><strong><b>Km<\/b><\/strong><\/td>\n<td width=\"106\">13,1<\/td>\n<\/tr>\n<tr>\n<td width=\"170\"><strong><b>Desnivel<\/b><\/strong><\/td>\n<td width=\"106\">1255<\/td>\n<\/tr>\n<tr>\n<td width=\"170\"><strong><b>%<\/b><\/strong><\/td>\n<td width=\"106\">9,5<\/td>\n<\/tr>\n<tr>\n<td width=\"170\"><strong><b>Provincia<\/b><\/strong><\/td>\n<td width=\"106\">Asturias<\/td>\n<\/tr>\n<\/tbody>\n<\/table>\n<p>&nbsp;<\/p>\n<p>Esta carretera asturiana, asfaltada a finales del pasado siglo para dar acceso a las campas ganaderas situadas en las cumbres de la Sierra del Artamo y a un dep\u00f3sito de agua que se utiliza para la prevenci\u00f3n de incendios, ha sido escenario de las m\u00e1s duras batallas ciclistas, donde han quedado inmortalizados nombres como el de Jos\u00e9 Mar\u00eda Jimenez, el Chava.<\/p>\n<p>El <strong>Angliru se ha ascendido en 5 ocasiones,<\/strong> 1999 (Chava Jimenez), 2000 (Gilberto Simoni), 2002 (Roberto Heras), 2008 (Alberto Contador) y 2011 (Juanjo Cobo).<\/p>\n<p><a href=\"https:\/\/d2p6e6u75xmxt8.cloudfront.net\/6\/2017\/08\/Angliru.jpg\"><img loading=\"lazy\" decoding=\"async\" class=\"aligncenter size-full wp-image-1196\" src=\"https:\/\/d2p6e6u75xmxt8.cloudfront.net\/6\/2017\/08\/Angliru.jpg\" alt=\"\" width=\"717\" height=\"733\" srcset=\"https:\/\/d2p6e6u75xmxt8.cloudfront.net\/6\/2017\/08\/Angliru.jpg 717w, https:\/\/d2p6e6u75xmxt8.cloudfront.net\/6\/2017\/08\/Angliru-293x300.jpg 293w\" sizes=\"auto, (max-width: 717px) 100vw, 717px\" \/><\/a><\/p>\n<p><strong>LA PANDERA<\/strong><\/p>\n<table>\n<tbody>\n<tr>\n<td width=\"170\"><strong><b>Puerto<\/b><\/strong><\/td>\n<td width=\"106\"><strong><b>Pandera<\/b><\/strong><\/td>\n<\/tr>\n<tr>\n<td width=\"170\"><strong><b>Vertiente<\/b><\/strong><\/td>\n<td width=\"106\">Los Villares<\/td>\n<\/tr>\n<tr>\n<td width=\"170\"><strong><b>Altitud<\/b><\/strong><\/td>\n<td width=\"106\">1840<\/td>\n<\/tr>\n<tr>\n<td width=\"170\"><strong><b>Km<\/b><\/strong><\/td>\n<td width=\"106\">8<\/td>\n<\/tr>\n<tr>\n<td width=\"170\"><strong><b>Desnivel<\/b><\/strong><\/td>\n<td width=\"106\">647<\/td>\n<\/tr>\n<tr>\n<td width=\"170\"><strong><b>%<\/b><\/strong><\/td>\n<td width=\"106\">8,1<\/td>\n<\/tr>\n<tr>\n<td width=\"170\"><strong><b>Provincia<\/b><\/strong><\/td>\n<td width=\"106\">Ja\u00e9n<\/td>\n<\/tr>\n<\/tbody>\n<\/table>\n<p>&nbsp;<\/p>\n<p>Otra de las carreteras de uso militar que han sucumbido al encanto de la ronda espa\u00f1ola y que, desde 2002, se han incluido en el recorrido cuando la Vuelta atraviesa tierras andaluzas, es la subida a la Pandera.<\/p>\n<p>Ya se ha <strong>disputado en cuatro ocasiones,<\/strong> comenzando en 2001, con victoria de Roberto Heras. Se regres\u00f3 en 2003 (Alejandro Valverde), 2006 (Andrey Kashechkin) y 2009 (Damiano Cunego).<\/p>\n<p><strong>LA GALLINA<\/strong><\/p>\n<table>\n<tbody>\n<tr>\n<td width=\"170\"><strong><b>Puerto<\/b><\/strong><\/td>\n<td width=\"106\"><strong><b>La Gallina<\/b><\/strong><\/td>\n<\/tr>\n<tr>\n<td width=\"170\"><strong><b>Vertiente<\/b><\/strong><\/td>\n<td width=\"106\">St. Julia<\/td>\n<\/tr>\n<tr>\n<td width=\"170\"><strong><b>Altitud<\/b><\/strong><\/td>\n<td width=\"106\">1910<\/td>\n<\/tr>\n<tr>\n<td width=\"170\"><strong><b>Km<\/b><\/strong><\/td>\n<td width=\"106\">11,9<\/td>\n<\/tr>\n<tr>\n<td width=\"170\"><strong><b>Desnivel<\/b><\/strong><\/td>\n<td width=\"106\">9,82<\/td>\n<\/tr>\n<tr>\n<td width=\"170\"><strong><b>%<\/b><\/strong><\/td>\n<td width=\"106\">8,3<\/td>\n<\/tr>\n<tr>\n<td width=\"170\"><strong><b>Provincia<\/b><\/strong><\/td>\n<td width=\"106\">Andorra<\/td>\n<\/tr>\n<\/tbody>\n<\/table>\n<p>&nbsp;<\/p>\n<p>El Principado de Andorra ha apostado muy fuerte en los \u00faltimos a\u00f1os por el ciclismo, prueba de ello son la infinidad de itinerarios balizados que tienen tanto para bicicleta de carretera como de monta\u00f1a. Entre todos los puertos de moderna factura, dejando de lado los m\u00edticos Arcal\u00eds, Coll de Pal, la Comella\u2026 sobresale la Collada de la Gallina.<\/p>\n<p>Este<strong> puerto se ascendi\u00f3 por primera vez en 2013,<\/strong> edici\u00f3n en la que venci\u00f3 en su cima Daniele Ratto y se volvi\u00f3 a disputar en 2015, cuando Omar Fraile pas\u00f3 el primero por su cumbre.<\/p>\n<p><strong>SAN LORENZO<\/strong><\/p>\n<table>\n<tbody>\n<tr>\n<td width=\"170\"><strong><b>Puerto<\/b><\/strong><\/td>\n<td width=\"106\"><strong><b>San Lorenzo<\/b><\/strong><\/td>\n<\/tr>\n<tr>\n<td width=\"170\"><strong><b>Vertiente<\/b><\/strong><\/td>\n<td width=\"106\">Teverga<\/td>\n<\/tr>\n<tr>\n<td width=\"170\"><strong><b>Altitud<\/b><\/strong><\/td>\n<td width=\"106\">1347<\/td>\n<\/tr>\n<tr>\n<td width=\"170\"><strong><b>Km<\/b><\/strong><\/td>\n<td width=\"106\">11<\/td>\n<\/tr>\n<tr>\n<td width=\"170\"><strong><b>Desnivel<\/b><\/strong><\/td>\n<td width=\"106\">878<\/td>\n<\/tr>\n<tr>\n<td width=\"170\"><strong><b>%<\/b><\/strong><\/td>\n<td width=\"106\">8<\/td>\n<\/tr>\n<tr>\n<td width=\"170\"><strong><b>Provincia<\/b><\/strong><\/td>\n<td width=\"106\">Asturias<\/td>\n<\/tr>\n<\/tbody>\n<\/table>\n<p>&nbsp;<\/p>\n<p>Entre el valle de Somiedo y el de Teverga se encuentra este paso natural de monta\u00f1a que, a principio de este siglo, recibi\u00f3 un nuevo trazado y el asfaltado que permit\u00eda que se pudiera incluir en las etapas de monta\u00f1a de la Vuelta.<\/p>\n<p>Se <strong>asciende por ambas vertientes, siendo las dos de similar dureza<\/strong>, y hasta ahora se ha disputado en cuatro ocasiones: 2006 (David Arroyo), 2010 (Luis Le\u00f3n S\u00e1nchez), 2011 (Rein Taaramae) y 2012 (Thomas De Gendt).<\/p>\n<p><strong>LA COVATILLA<\/strong><\/p>\n<table>\n<tbody>\n<tr>\n<td width=\"170\"><strong><b>Puerto<\/b><\/strong><\/td>\n<td width=\"106\"><strong><b>Covatilla<\/b><\/strong><\/td>\n<\/tr>\n<tr>\n<td width=\"170\"><strong><b>Vertiente<\/b><\/strong><\/td>\n<td width=\"106\">La Hoya<\/td>\n<\/tr>\n<tr>\n<td width=\"170\"><strong><b>Altitud<\/b><\/strong><\/td>\n<td width=\"106\">1960<\/td>\n<\/tr>\n<tr>\n<td width=\"170\"><strong><b>Km<\/b><\/strong><\/td>\n<td width=\"106\">9<\/td>\n<\/tr>\n<tr>\n<td width=\"170\"><strong><b>Desnivel<\/b><\/strong><\/td>\n<td width=\"106\">725<\/td>\n<\/tr>\n<tr>\n<td width=\"170\"><strong><b>%<\/b><\/strong><\/td>\n<td width=\"106\">8,1<\/td>\n<\/tr>\n<tr>\n<td width=\"170\"><strong><b>Provincia<\/b><\/strong><\/td>\n<td width=\"106\">\u00c1vila<\/td>\n<\/tr>\n<\/tbody>\n<\/table>\n<p>&nbsp;<\/p>\n<p>Culminando la Sierra de B\u00e9jar se encuentra esta cima que sirve de acceso a la estaci\u00f3n de esqu\u00ed hom\u00f3nima, sobresaliendo por lo mantenido de su dureza y lo espectacular de los paisajes que se divisan a sus pies.<\/p>\n<p>Hasta ahora se ha <strong>disputado en cuatro ediciones de la Vuelta: 2002<\/strong> (Santi Blanco), 2004 (F\u00e9lix Rafael C\u00e1rdenas), 2006 (Danilo di Luca) y 2011 (Daniel Martin).<\/p>\n","protected":false},"excerpt":{"rendered":"<p>De la misma manera que han evolucionado las bicicletas, los m\u00e9todos de entrenamiento o la dieta de los ciclistas, tambi\u00e9n [&hellip;]<\/p>\n","protected":false},"author":29,"featured_media":1192,"comment_status":"open","ping_status":"open","sticky":false,"template":"","format":"standard","meta":{"footnotes":""},"categories":[7],"tags":[44,63,71],"global-categories":[],"class_list":["post-1191","post","type-post","status-publish","format-standard","has-post-thumbnail","hentry","category-carretera","tag-la-vuelta","tag-la-vuelta-2017","tag-puertos-la-vuelta-2017"],"yoast_head":"<!-- This site is optimized with the Yoast SEO Premium plugin v25.3 (Yoast SEO v25.9) - https:\/\/yoast.com\/wordpress\/plugins\/seo\/ -->\n<title>Los 10 puertos m\u00e1s duros de La Vuelta durante el Siglo XXI<\/title>\n<meta name=\"description\" content=\"Los diez puertos m\u00e1s duros de La Vuelta en el Siglo XXI. Las ascensiones que han hecho sufrir a los ciclistas de la Vuelta en los \u00faltimos tiempos.\" \/>\n<meta name=\"robots\" content=\"index, follow, max-snippet:-1, max-image-preview:large, max-video-preview:-1\" \/>\n<link rel=\"canonical\" href=\"https:\/\/www.welovecycling.com\/es\/2017\/08\/17\/puertos-duros-la-vuelta\/\" \/>\n<meta property=\"og:locale\" content=\"es_ES\" \/>\n<meta property=\"og:type\" content=\"article\" \/>\n<meta property=\"og:title\" content=\"Los diez puertos m\u00e1s duros de La Vuelta en el Siglo XXI\" \/>\n<meta property=\"og:description\" content=\"De la misma manera que han evolucionado las bicicletas, los m\u00e9todos de entrenamiento o la dieta de los ciclistas, tambi\u00e9n ha cambiado la estructura de las etapas y, sobre todo, la monta\u00f1a que se asciende en la ronda espa\u00f1ola por etapas.\" \/>\n<meta property=\"og:url\" content=\"https:\/\/www.welovecycling.com\/es\/2017\/08\/17\/puertos-duros-la-vuelta\/\" \/>\n<meta property=\"og:site_name\" content=\"\u0160koda We Love Cycling - Spain\" \/>\n<meta property=\"article:published_time\" content=\"2017-08-17T12:39:10+00:00\" \/>\n<meta property=\"article:modified_time\" content=\"2017-09-14T08:38:21+00:00\" \/>\n<meta property=\"og:image\" content=\"https:\/\/d2p6e6u75xmxt8.cloudfront.net\/6\/2017\/08\/10-puertos-mas-duros.jpg\" \/>\n\t<meta property=\"og:image:width\" content=\"1600\" \/>\n\t<meta property=\"og:image:height\" content=\"1200\" \/>\n\t<meta property=\"og:image:type\" content=\"image\/jpeg\" \/>\n<meta name=\"author\" content=\"We Love Cycling Spain\" \/>\n<meta name=\"twitter:card\" content=\"summary_large_image\" \/>\n<meta name=\"twitter:title\" content=\"Los diez puertos m\u00e1s duros de La Vuelta en el Siglo XXI\" \/>\n<meta name=\"twitter:description\" content=\"De la misma manera que han evolucionado las bicicletas, los m\u00e9todos de entrenamiento o la dieta de los ciclistas, tambi\u00e9n ha cambiado la estructura de las etapas y, sobre todo, la monta\u00f1a que se asciende en la ronda espa\u00f1ola por etapas.\" \/>\n<meta name=\"twitter:label1\" content=\"Written by\" \/>\n\t<meta name=\"twitter:data1\" content=\"Ciclismo a Fondo\" \/>\n\t<meta name=\"twitter:label2\" content=\"Est. reading time\" \/>\n\t<meta name=\"twitter:data2\" content=\"6 minutes\" \/>\n<script type=\"application\/ld+json\" class=\"yoast-schema-graph\">{\"@context\":\"https:\/\/schema.org\",\"@graph\":[{\"@type\":\"WebPage\",\"@id\":\"https:\/\/www.welovecycling.com\/es\/2017\/08\/17\/puertos-duros-la-vuelta\/\",\"url\":\"https:\/\/www.welovecycling.com\/es\/2017\/08\/17\/puertos-duros-la-vuelta\/\",\"name\":\"Los 10 puertos m\u00e1s duros de La Vuelta durante el Siglo XXI\",\"isPartOf\":{\"@id\":\"https:\/\/www.welovecycling.com\/es\/#website\"},\"primaryImageOfPage\":{\"@id\":\"https:\/\/www.welovecycling.com\/es\/2017\/08\/17\/puertos-duros-la-vuelta\/#primaryimage\"},\"image\":{\"@id\":\"https:\/\/www.welovecycling.com\/es\/2017\/08\/17\/puertos-duros-la-vuelta\/#primaryimage\"},\"thumbnailUrl\":\"https:\/\/d2p6e6u75xmxt8.cloudfront.net\/6\/2017\/08\/10-puertos-mas-duros.jpg\",\"datePublished\":\"2017-08-17T12:39:10+00:00\",\"dateModified\":\"2017-09-14T08:38:21+00:00\",\"author\":{\"@id\":\"https:\/\/www.welovecycling.com\/es\/#\/schema\/person\/deb61715b5812698ee79fb96f343ccd4\"},\"description\":\"Los diez puertos m\u00e1s duros de La Vuelta en el Siglo XXI. Las ascensiones que han hecho sufrir a los ciclistas de la Vuelta en los \u00faltimos tiempos.\",\"breadcrumb\":{\"@id\":\"https:\/\/www.welovecycling.com\/es\/2017\/08\/17\/puertos-duros-la-vuelta\/#breadcrumb\"},\"inLanguage\":\"es-ES\",\"potentialAction\":[{\"@type\":\"ReadAction\",\"target\":[\"https:\/\/www.welovecycling.com\/es\/2017\/08\/17\/puertos-duros-la-vuelta\/\"]}]},{\"@type\":\"ImageObject\",\"inLanguage\":\"es-ES\",\"@id\":\"https:\/\/www.welovecycling.com\/es\/2017\/08\/17\/puertos-duros-la-vuelta\/#primaryimage\",\"url\":\"https:\/\/d2p6e6u75xmxt8.cloudfront.net\/6\/2017\/08\/10-puertos-mas-duros.jpg\",\"contentUrl\":\"https:\/\/d2p6e6u75xmxt8.cloudfront.net\/6\/2017\/08\/10-puertos-mas-duros.jpg\",\"width\":1600,\"height\":1200},{\"@type\":\"BreadcrumbList\",\"@id\":\"https:\/\/www.welovecycling.com\/es\/2017\/08\/17\/puertos-duros-la-vuelta\/#breadcrumb\",\"itemListElement\":[{\"@type\":\"ListItem\",\"position\":1,\"name\":\"Home\",\"item\":\"https:\/\/www.welovecycling.com\/es\/\"},{\"@type\":\"ListItem\",\"position\":2,\"name\":\"Los diez puertos m\u00e1s duros de La Vuelta en el Siglo XXI\"}]},{\"@type\":\"WebSite\",\"@id\":\"https:\/\/www.welovecycling.com\/es\/#website\",\"url\":\"https:\/\/www.welovecycling.com\/es\/\",\"name\":\"\u0160koda We Love Cycling - Spain\",\"description\":\"\u0160koda WeLoveCycling Spain\",\"potentialAction\":[{\"@type\":\"SearchAction\",\"target\":{\"@type\":\"EntryPoint\",\"urlTemplate\":\"https:\/\/www.welovecycling.com\/es\/?s={search_term_string}\"},\"query-input\":{\"@type\":\"PropertyValueSpecification\",\"valueRequired\":true,\"valueName\":\"search_term_string\"}}],\"inLanguage\":\"es-ES\"},{\"@type\":\"Person\",\"@id\":\"https:\/\/www.welovecycling.com\/es\/#\/schema\/person\/deb61715b5812698ee79fb96f343ccd4\",\"name\":\"We Love Cycling Spain\",\"image\":{\"@type\":\"ImageObject\",\"inLanguage\":\"es-ES\",\"@id\":\"https:\/\/www.welovecycling.com\/es\/#\/schema\/person\/image\/\",\"url\":\"https:\/\/secure.gravatar.com\/avatar\/c824b04e6df0e37a03219d0b6481672889df542894588964102459e46513159c?s=96&d=mm&r=g\",\"contentUrl\":\"https:\/\/secure.gravatar.com\/avatar\/c824b04e6df0e37a03219d0b6481672889df542894588964102459e46513159c?s=96&d=mm&r=g\",\"caption\":\"We Love Cycling Spain\"},\"url\":\"https:\/\/www.welovecycling.com\/es\/author\/amunoz\/\"}]}<\/script>\n<!-- \/ Yoast SEO Premium plugin. -->","yoast_head_json":{"title":"Los 10 puertos m\u00e1s duros de La Vuelta durante el Siglo XXI","description":"Los diez puertos m\u00e1s duros de La Vuelta en el Siglo XXI. Las ascensiones que han hecho sufrir a los ciclistas de la Vuelta en los \u00faltimos tiempos.","robots":{"index":"index","follow":"follow","max-snippet":"max-snippet:-1","max-image-preview":"max-image-preview:large","max-video-preview":"max-video-preview:-1"},"canonical":"https:\/\/www.welovecycling.com\/es\/2017\/08\/17\/puertos-duros-la-vuelta\/","og_locale":"es_ES","og_type":"article","og_title":"Los diez puertos m\u00e1s duros de La Vuelta en el Siglo XXI","og_description":"De la misma manera que han evolucionado las bicicletas, los m\u00e9todos de entrenamiento o la dieta de los ciclistas, tambi\u00e9n ha cambiado la estructura de las etapas y, sobre todo, la monta\u00f1a que se asciende en la ronda espa\u00f1ola por etapas.","og_url":"https:\/\/www.welovecycling.com\/es\/2017\/08\/17\/puertos-duros-la-vuelta\/","og_site_name":"\u0160koda We Love Cycling - Spain","article_published_time":"2017-08-17T12:39:10+00:00","article_modified_time":"2017-09-14T08:38:21+00:00","og_image":[{"width":1600,"height":1200,"url":"https:\/\/d2p6e6u75xmxt8.cloudfront.net\/6\/2017\/08\/10-puertos-mas-duros.jpg","type":"image\/jpeg"}],"author":"We Love Cycling Spain","twitter_card":"summary_large_image","twitter_title":"Los diez puertos m\u00e1s duros de La Vuelta en el Siglo XXI","twitter_description":"De la misma manera que han evolucionado las bicicletas, los m\u00e9todos de entrenamiento o la dieta de los ciclistas, tambi\u00e9n ha cambiado la estructura de las etapas y, sobre todo, la monta\u00f1a que se asciende en la ronda espa\u00f1ola por etapas.","twitter_misc":{"Written by":"Ciclismo a Fondo","Est. reading time":"6 minutes"},"schema":{"@context":"https:\/\/schema.org","@graph":[{"@type":"WebPage","@id":"https:\/\/www.welovecycling.com\/es\/2017\/08\/17\/puertos-duros-la-vuelta\/","url":"https:\/\/www.welovecycling.com\/es\/2017\/08\/17\/puertos-duros-la-vuelta\/","name":"Los 10 puertos m\u00e1s duros de La Vuelta durante el Siglo XXI","isPartOf":{"@id":"https:\/\/www.welovecycling.com\/es\/#website"},"primaryImageOfPage":{"@id":"https:\/\/www.welovecycling.com\/es\/2017\/08\/17\/puertos-duros-la-vuelta\/#primaryimage"},"image":{"@id":"https:\/\/www.welovecycling.com\/es\/2017\/08\/17\/puertos-duros-la-vuelta\/#primaryimage"},"thumbnailUrl":"https:\/\/d2p6e6u75xmxt8.cloudfront.net\/6\/2017\/08\/10-puertos-mas-duros.jpg","datePublished":"2017-08-17T12:39:10+00:00","dateModified":"2017-09-14T08:38:21+00:00","author":{"@id":"https:\/\/www.welovecycling.com\/es\/#\/schema\/person\/deb61715b5812698ee79fb96f343ccd4"},"description":"Los diez puertos m\u00e1s duros de La Vuelta en el Siglo XXI. Las ascensiones que han hecho sufrir a los ciclistas de la Vuelta en los \u00faltimos tiempos.","breadcrumb":{"@id":"https:\/\/www.welovecycling.com\/es\/2017\/08\/17\/puertos-duros-la-vuelta\/#breadcrumb"},"inLanguage":"es-ES","potentialAction":[{"@type":"ReadAction","target":["https:\/\/www.welovecycling.com\/es\/2017\/08\/17\/puertos-duros-la-vuelta\/"]}]},{"@type":"ImageObject","inLanguage":"es-ES","@id":"https:\/\/www.welovecycling.com\/es\/2017\/08\/17\/puertos-duros-la-vuelta\/#primaryimage","url":"https:\/\/d2p6e6u75xmxt8.cloudfront.net\/6\/2017\/08\/10-puertos-mas-duros.jpg","contentUrl":"https:\/\/d2p6e6u75xmxt8.cloudfront.net\/6\/2017\/08\/10-puertos-mas-duros.jpg","width":1600,"height":1200},{"@type":"BreadcrumbList","@id":"https:\/\/www.welovecycling.com\/es\/2017\/08\/17\/puertos-duros-la-vuelta\/#breadcrumb","itemListElement":[{"@type":"ListItem","position":1,"name":"Home","item":"https:\/\/www.welovecycling.com\/es\/"},{"@type":"ListItem","position":2,"name":"Los diez puertos m\u00e1s duros de La Vuelta en el Siglo XXI"}]},{"@type":"WebSite","@id":"https:\/\/www.welovecycling.com\/es\/#website","url":"https:\/\/www.welovecycling.com\/es\/","name":"\u0160koda We Love Cycling - Spain","description":"\u0160koda WeLoveCycling Spain","potentialAction":[{"@type":"SearchAction","target":{"@type":"EntryPoint","urlTemplate":"https:\/\/www.welovecycling.com\/es\/?s={search_term_string}"},"query-input":{"@type":"PropertyValueSpecification","valueRequired":true,"valueName":"search_term_string"}}],"inLanguage":"es-ES"},{"@type":"Person","@id":"https:\/\/www.welovecycling.com\/es\/#\/schema\/person\/deb61715b5812698ee79fb96f343ccd4","name":"We Love Cycling Spain","image":{"@type":"ImageObject","inLanguage":"es-ES","@id":"https:\/\/www.welovecycling.com\/es\/#\/schema\/person\/image\/","url":"https:\/\/secure.gravatar.com\/avatar\/c824b04e6df0e37a03219d0b6481672889df542894588964102459e46513159c?s=96&d=mm&r=g","contentUrl":"https:\/\/secure.gravatar.com\/avatar\/c824b04e6df0e37a03219d0b6481672889df542894588964102459e46513159c?s=96&d=mm&r=g","caption":"We Love Cycling Spain"},"url":"https:\/\/www.welovecycling.com\/es\/author\/amunoz\/"}]}},"_links":{"self":[{"href":"https:\/\/www.welovecycling.com\/es\/wp-json\/wp\/v2\/posts\/1191","targetHints":{"allow":["GET"]}}],"collection":[{"href":"https:\/\/www.welovecycling.com\/es\/wp-json\/wp\/v2\/posts"}],"about":[{"href":"https:\/\/www.welovecycling.com\/es\/wp-json\/wp\/v2\/types\/post"}],"author":[{"embeddable":true,"href":"https:\/\/www.welovecycling.com\/es\/wp-json\/wp\/v2\/users\/29"}],"replies":[{"embeddable":true,"href":"https:\/\/www.welovecycling.com\/es\/wp-json\/wp\/v2\/comments?post=1191"}],"version-history":[{"count":2,"href":"https:\/\/www.welovecycling.com\/es\/wp-json\/wp\/v2\/posts\/1191\/revisions"}],"predecessor-version":[{"id":1199,"href":"https:\/\/www.welovecycling.com\/es\/wp-json\/wp\/v2\/posts\/1191\/revisions\/1199"}],"wp:featuredmedia":[{"embeddable":true,"href":"https:\/\/www.welovecycling.com\/es\/wp-json\/wp\/v2\/media\/1192"}],"wp:attachment":[{"href":"https:\/\/www.welovecycling.com\/es\/wp-json\/wp\/v2\/media?parent=1191"}],"wp:term":[{"taxonomy":"category","embeddable":true,"href":"https:\/\/www.welovecycling.com\/es\/wp-json\/wp\/v2\/categories?post=1191"},{"taxonomy":"post_tag","embeddable":true,"href":"https:\/\/www.welovecycling.com\/es\/wp-json\/wp\/v2\/tags?post=1191"},{"taxonomy":"global-categories","embeddable":true,"href":"https:\/\/www.welovecycling.com\/es\/wp-json\/wp\/v2\/global-categories?post=1191"}],"curies":[{"name":"wp","href":"https:\/\/api.w.org\/{rel}","templated":true}]}}