{"id":11770,"date":"2025-08-28T14:16:34","date_gmt":"2025-08-28T12:16:34","guid":{"rendered":"https:\/\/www.welovecycling.com\/es\/?p=11770"},"modified":"2025-08-28T11:12:36","modified_gmt":"2025-08-28T09:12:36","slug":"por-que-la-vuelta-es-mejor-que-el-tour-de-francia","status":"publish","type":"post","link":"https:\/\/www.welovecycling.com\/es\/2025\/08\/28\/por-que-la-vuelta-es-mejor-que-el-tour-de-francia\/","title":{"rendered":"Por qu\u00e9 La Vuelta es realmente mejor que el Tour de Francia"},"content":{"rendered":"<p style=\"font-weight: 400;\"><strong>Todo el mundo ama el Tour de Francia. Es la reina del baile del ciclismo profesional. El Super Bowl del sufrimiento. La \u00fanica vez que tu t\u00edo que \u201cantes pedaleaba un poco\u201d de repente tiene opiniones sobre vatios por kilo.<\/strong><\/p>\n<p><!--more--><\/p>\n<p style=\"font-weight: 400;\">Pero aqu\u00ed est\u00e1 la verdad, susurrada por los verdaderos aficionados y\u00a0que resuenan desde las monta\u00f1as espa\u00f1olas:<\/p>\n<p style=\"font-weight: 400;\">La Vuelta es en realidad mejor.<\/p>\n<p style=\"font-weight: 400;\">Yes. <a href=\"http:\/\/lavuelta.es\">The Vuelta a Espa\u00f1a<\/a><em>. <\/em>The late-summer chaos machine. The third Grand Tour. The one you sort of forget about until suddenly you\u2019re watching some guy named Juanpe solo up a goat path at 20% gradient while the commentary team yells in five languages.<\/p>\n<p>S\u00ed. <a href=\"http:\/\/lavuelta.es\">La Vuelta a Espa\u00f1a<\/a>. La m\u00e1quina del caos de finales de verano. La tercera Grand Vuelta. Aquella de la que te acuerdas solo cuando de repente ves a un tipo llamado Juanpe subiendo en solitario por un camino de cabras con un 20 % de pendiente mientras el equipo de comentaristas grita en cinco idiomas.<\/p>\n<p style=\"font-weight: 400;\">Desglosemos esto: porque aunque el Tour tenga el prestigio, la Vuelta tiene el drama. Y las tapas. Y las alucinaciones provocadas por el calor.<\/p>\n<h2><strong>1. La Vuelta no se preocupa por tus sentimientos<\/strong><\/h2>\n<p style=\"font-weight: 400;\">The Tour flirts with riders. It builds up. It teases. It gives you time to get comfortable before destroying you in the Alps.<\/p>\n<p style=\"font-weight: 400;\"><strong>The Vuelta?<br \/>\n<\/strong>Stage 3: surprise summit finish at 2,000 metres.<br \/>\nStage 5: \u201cOops, all climbs.\u201d<br \/>\nRest day? More like <em>&#8220;Active recovery, but make it unkind.&#8221;<\/em><\/p>\n<p style=\"font-weight: 400;\">It doesn&#8217;t ease in \u2014 it dropkicks you into the furnace and says, \u201cPedal, coward.\u201d<\/p>\n<p data-start=\"923\" data-end=\"1047\">El Tour coquetea con los corredores. Te prepara. Te tienta. Te da tiempo para acomodarte antes de destruirte en los Alpes.<\/p>\n<p data-start=\"1049\" data-end=\"1062\"><strong>\u00bfLa Vuelta?<\/strong><\/p>\n<p data-start=\"1065\" data-end=\"1117\">Etapa 3: final sorpresa en la cima a 2.000 metros.<br \/>\nEtapa 5: \u201cUps, todas subidas.\u201d<br \/>\nD\u00eda de descanso: m\u00e1s bien \u201cRecuperaci\u00f3n activa, pero sin piedad.\u201d<\/p>\n<p data-start=\"1224\" data-end=\"1317\">No te va introduciendo suavemente: te lanza directo al horno y te dice: \u201cPedalea, cobarde.\u201d<\/p>\n<h2><strong>2. Cada etapa se siente como lanzar una moneda al aire<\/strong><\/h2>\n<p data-start=\"1382\" data-end=\"1507\">\u00bfConoces esa sensaci\u00f3n en el Tour cuando se va una fuga y piensas: \u201cLa atrapar\u00e1n en 40 km y luego Poga\u010dar ganar\u00e1 otra vez\u201d?<\/p>\n<p data-start=\"1509\" data-end=\"1706\">La Vuelta dice: \u201cClaro, la fuga tiene 11 minutos y nadie persigue, porque los corredores de la general est\u00e1n demasiado ocupados atac\u00e1ndose entre ellos mientras cruzan a 38\u202f\u00b0C con viento cruzado.\u201d<\/p>\n<p data-start=\"1708\" data-end=\"1838\"><strong>Todo. Puede. Pasar.<\/strong><br data-start=\"1731\" data-end=\"1734\" \/>Sue\u00f1os enteros de la general se destruyen en martes aleatorios porque alguien calcul\u00f3 mal una rotonda.<\/p>\n<h2><strong>3. Las subidas son hermosamente implacables<\/strong><\/h2>\n<p data-start=\"1904\" data-end=\"1959\">Alpe d\u2019Huez? Rom\u00e1ntica.<br data-start=\"1927\" data-end=\"1930\" \/>Col du Tourmalet? Gloriosa.<\/p>\n<p data-start=\"1961\" data-end=\"2198\">Angliru?<br data-start=\"1969\" data-end=\"1972\" \/>Demoledora.<br data-start=\"1980\" data-end=\"1983\" \/>Las subidas de La Vuelta no son solo empinadas, son <em>algo personal<\/em>.<br data-start=\"2046\" data-end=\"2049\" \/>Estamos hablando de pendientes que hacen correr a Froome, girar las bicis hacia atr\u00e1s y llorar a hombres adultos mientras llevan 3.000\u20ac de carbono.<\/p>\n<p data-start=\"2200\" data-end=\"2351\">Sin horquillas. Sin ritmo. Solo <em>muros de dolor<\/em> con nombres como \u201cLos Machucos\u201d, \u201cLa Camperona\u201d y \u201cEsa donde cuestionas todas tus decisiones de vida.\u201d<\/p>\n<figure id=\"attachment_11772\" aria-describedby=\"caption-attachment-11772\" style=\"width: 990px\" class=\"wp-caption alignnone\"><a href=\"https:\/\/d2p6e6u75xmxt8.cloudfront.net\/6\/2025\/08\/Alto-del-Angliru-profimedia-0349131139.webp\"><img loading=\"lazy\" decoding=\"async\" class=\"wp-image-11772 size-full\" src=\"https:\/\/d2p6e6u75xmxt8.cloudfront.net\/6\/2025\/08\/Alto-del-Angliru-profimedia-0349131139.webp\" alt=\"Alto de'lAngliru\" width=\"990\" height=\"660\" srcset=\"https:\/\/d2p6e6u75xmxt8.cloudfront.net\/6\/2025\/08\/Alto-del-Angliru-profimedia-0349131139.webp 990w, https:\/\/d2p6e6u75xmxt8.cloudfront.net\/6\/2025\/08\/Alto-del-Angliru-profimedia-0349131139-300x200.webp 300w, https:\/\/d2p6e6u75xmxt8.cloudfront.net\/6\/2025\/08\/Alto-del-Angliru-profimedia-0349131139-768x512.webp 768w, https:\/\/d2p6e6u75xmxt8.cloudfront.net\/6\/2025\/08\/Alto-del-Angliru-profimedia-0349131139-400x267.webp 400w, https:\/\/d2p6e6u75xmxt8.cloudfront.net\/6\/2025\/08\/Alto-del-Angliru-profimedia-0349131139-272x182.webp 272w\" sizes=\"auto, (max-width: 990px) 100vw, 990px\" \/><\/a><figcaption id=\"caption-attachment-11772\" class=\"wp-caption-text\">Las subidas de La Vuelta no son solo empinadas, son <em>algo personal<\/em>. \u00a9 Profimedia<\/figcaption><\/figure>\n<h2><strong>4. El calor es la cuarta categor\u00eda<\/strong><\/h2>\n<p data-start=\"2397\" data-end=\"2463\">La Vuelta no necesita lluvia belga ni nieve alpina. Usa el sol como arma.<\/p>\n<p data-start=\"2465\" data-end=\"2534\">Los corredores no solo luchan contra las pendientes, luchan contra:<\/p>\n<ul data-start=\"2535\" data-end=\"2717\">\n<li data-start=\"2535\" data-end=\"2560\">\n<p data-start=\"2537\" data-end=\"2560\">Asfalto derriti\u00e9ndose<\/p>\n<\/li>\n<li data-start=\"2561\" data-end=\"2597\">\n<p data-start=\"2563\" data-end=\"2597\">Alucinaciones por deshidrataci\u00f3n<\/p>\n<\/li>\n<li data-start=\"2598\" data-end=\"2673\">\n<p data-start=\"2600\" data-end=\"2673\">Ese momento raro cuando tu gel se convierte en mermelada en el bolsillo<\/p>\n<\/li>\n<li data-start=\"2674\" data-end=\"2717\">\n<p data-start=\"2676\" data-end=\"2717\">Quemaduras solares a trav\u00e9s del maillot<\/p>\n<\/li>\n<\/ul>\n<p data-start=\"2719\" data-end=\"2773\">Para la Etapa 10, medio pelot\u00f3n est\u00e1 al 30\u202f% de sodio.<\/p>\n<p style=\"font-weight: 400;\">\n<h2><strong>5. El factor caos es delicioso<\/strong><\/h2>\n<p style=\"font-weight: 400;\">Remember the time a fan with a giant flag accidentally took down a breakaway? Or when a random stray cow joined the race? Or when a moto blocked the Angliru?<\/p>\n<p style=\"font-weight: 400;\"><strong>That\u2019s the Vuelta.<\/strong><\/p>\n<p style=\"font-weight: 400;\">It\u2019s <em>reality TV on bikes<\/em>. The production value is slightly shambolic. The crowd control is optimistic. But the entertainment? <strong>Chef\u2019s kiss.<\/p>\n<p><\/strong><\/p>\n<p data-start=\"2815\" data-end=\"2994\">\u00bfRecuerdas cuando un aficionado con una bandera gigante derrib\u00f3 accidentalmente una fuga? \u00bfO cuando una vaca perdida se uni\u00f3 a la carrera? \u00bfO cuando una moto bloque\u00f3 el Angliru?<\/p>\n<p data-start=\"2996\" data-end=\"3015\"><strong>Eso es La Vuelta.<\/strong><\/p>\n<p data-start=\"3017\" data-end=\"3179\">Es un reality show sobre ruedas. El valor de producci\u00f3n es ligeramente ca\u00f3tico. El control de multitudes es optimista. Pero el entretenimiento\u2026 una obra maestra.<\/p>\n<p style=\"font-weight: 400;\"><strong>\u00a0<\/strong><\/p>\n<h2><strong>6. La batalla por la general suele ser m\u00e1s picante<\/strong><\/h2>\n<p style=\"font-weight: 400;\">Seamos honestos: el Tour suele tener un favorito claro. <a href=\"https:\/\/www.welovecycling.com\/wide\/2025\/08\/11\/i-have-to-enjoy-the-moment-pogacar-targets-hilly-european-championships-while-counting-down-to-retirement\/\" target=\"_blank\" rel=\"noopener\">Poga\u010dar<\/a>, Vingegaard, Froome. Hay un arco narrativo.<\/p>\n<p style=\"font-weight: 400;\"><strong>\u00bfLa Vuelta?<\/strong><\/p>\n<ul>\n<li data-start=\"3363\" data-end=\"3388\">\n<p data-start=\"3365\" data-end=\"3388\">Semana 1: \u201cLo tiene.\u201d<\/p>\n<\/li>\n<li data-start=\"3389\" data-end=\"3424\">\n<p data-start=\"3391\" data-end=\"3424\">Semana 2: \u201cOh no, no lo tiene.\u201d<\/p>\n<\/li>\n<li data-start=\"3425\" data-end=\"3479\">\n<p data-start=\"3427\" data-end=\"3479\">Semana 3: \u201c\u00bfQui\u00e9n demonios es este tipo de rojo??\u201d<\/p>\n<\/li>\n<\/ul>\n<p style=\"font-weight: 400;\">Hay l\u00edderes sorpresa, implosiones y corredores que nunca hab\u00edas o\u00eddo mencionar hasta que de repente est\u00e1n a cinco minutos y todos buscan en Google \u201c\u00bfEste tipo es real?\u201d<\/p>\n<h2><strong>7. Los aficionados espa\u00f1oles son impredecibles en el mejor de los sentidos<\/strong><\/h2>\n<p style=\"font-weight: 400;\">\u00bfAficionados franceses? Elegantes. Reservados. Un poco asustados por los gendarmes.<\/p>\n<p style=\"font-weight: 400;\">\u00bfAficionados espa\u00f1oles? <strong>Alocados y encantadores.<br \/>\n<\/strong><\/p>\n<p data-start=\"3815\" data-end=\"4017\">Est\u00e1n en las vallas con chanclas, agitando sartenes, llevando capas, corriendo colinas al 20\u202f% solo para gritar \u201c\u00a1VAMOOOOSSS!\u201d a un cent\u00edmetro de tu cara.<\/p>\n<p data-start=\"4019\" data-end=\"4090\">Son el gel energ\u00e9tico de los espectadores.<br data-start=\"4061\" data-end=\"4064\" \/>Y los adoramos por ello.<\/p>\n<h2><strong>8. La Vuelta ama un giro argumental<\/strong><\/h2>\n<ul>\n<li>\n<p data-start=\"4137\" data-end=\"4294\">Chris Horner ganando a los 41? Ic\u00f3nico.<\/p>\n<\/li>\n<li>\n<p data-start=\"4137\" data-end=\"4294\">Rogli\u010d abandonando desde el liderato? Cl\u00e1sico.<\/p>\n<\/li>\n<li>\n<p data-start=\"4137\" data-end=\"4294\">Jumbo contra Jumbo en 2023? Una obra shakesperiana sobre ruedas.<\/p>\n<p data-start=\"4296\" data-end=\"4448\">Nunca es solo \u201ceste tipo gana.\u201d<br data-start=\"4327\" data-end=\"4330\" \/>Es \u201ceste tipo gana a menos que un perro rebelde, un desfallecimiento inoportuno o su propio compa\u00f1ero digan que no.\u201d<\/p>\n<p data-start=\"4450\" data-end=\"4527\">Ning\u00fan guionista podr\u00eda inventar los finales que La Vuelta ofrece cada a\u00f1o.<\/p>\n<\/li>\n<\/ul>\n<h2><strong>9. Es ciclismo puro, sin adornos<\/strong><\/h2>\n<p data-start=\"4571\" data-end=\"4748\">El Tour es un circo medi\u00e1tico global, y no nos malinterpretes, es incre\u00edble. Pero tambi\u00e9n viene con drones, helic\u00f3pteros, trajes y patrocinadores que quieren arcos narrativos.<\/p>\n<p data-start=\"4750\" data-end=\"4882\"><strong>\u00bfLa Vuelta?<\/strong><br data-start=\"4761\" data-end=\"4764\" \/>Es solo sobre bicicletas. Corredores. Calor. Monta\u00f1as.<br data-start=\"4818\" data-end=\"4821\" \/>Y el ocasional agricultor que no mueve sus ovejas a tiempo.<\/p>\n<p data-start=\"4884\" data-end=\"4995\">Sin vueltas ceremoniales. Sin Torre Eiffel. Solo 21 d\u00edas de \u201cespero que hayas comido suficiente arroz, hijo.\u201d<\/p>\n<h2><strong>La Gran Vuelta del pueblo<\/strong><\/h2>\n<p data-start=\"5034\" data-end=\"5538\">La Vuelta puede no ser la m\u00e1s famosa. Puede que no tenga las multitudes m\u00e1s grandes ni el podio m\u00e1s bonito. Pero lo que s\u00ed tiene es caos, coraz\u00f3n, sufrimiento e imprevisibilidad, de la manera m\u00e1s pura y gloriosa. Es el hermano peque\u00f1o raro que creci\u00f3 salvaje y nunca dej\u00f3 de pelear. Y cuando te encuentras gritando frente al televisor mientras alguien llamado Jes\u00fas ataca desde el 11.\u00ba puesto en la general con 30\u202fkm por recorrer, a 39\u202f\u00b0C, con un bid\u00f3n en los pantalones cortos, te das cuenta:<\/p>\n<p data-start=\"5540\" data-end=\"5563\"><strong data-start=\"5540\" data-end=\"5561\">Esto es ciclismo.<\/strong><\/p>\n","protected":false},"excerpt":{"rendered":"<p>Todo el mundo ama el Tour de Francia. Es la reina del baile del ciclismo profesional. El Super Bowl del [&hellip;]<\/p>\n","protected":false},"author":212,"featured_media":11775,"comment_status":"open","ping_status":"open","sticky":false,"template":"","format":"standard","meta":{"footnotes":""},"categories":[7],"tags":[2351,44,2352],"global-categories":[1164],"class_list":["post-11770","post","type-post","status-publish","format-standard","has-post-thumbnail","hentry","category-carretera","tag-cycling-fun","tag-la-vuelta","tag-la-vuelta-vs-tour-de-francia","global-categories-cycling"],"yoast_head":"<!-- This site is optimized with the Yoast SEO Premium plugin v25.3 (Yoast SEO v25.9) - https:\/\/yoast.com\/wordpress\/plugins\/seo\/ -->\n<title>Por qu\u00e9 La Vuelta es realmente mejor que el Tour de Francia - \u0160koda We Love Cycling - Spain<\/title>\n<meta name=\"description\" content=\"Descubre por qu\u00e9 la Vuelta a Espa\u00f1a supera al Tour de Francia en subidas extremas, calor y emoci\u00f3n. Una mirada divertida y apasionada a la intensidad del tercer Gran Tour.\" \/>\n<meta name=\"robots\" content=\"index, follow, max-snippet:-1, max-image-preview:large, max-video-preview:-1\" \/>\n<link rel=\"canonical\" href=\"https:\/\/www.welovecycling.com\/es\/2025\/08\/28\/por-que-la-vuelta-es-mejor-que-el-tour-de-francia\/\" \/>\n<meta property=\"og:locale\" content=\"es_ES\" \/>\n<meta property=\"og:type\" content=\"article\" \/>\n<meta property=\"og:title\" content=\"Por qu\u00e9 La Vuelta es realmente mejor que el Tour de Francia\" \/>\n<meta property=\"og:description\" content=\"Descubre por qu\u00e9 la Vuelta a Espa\u00f1a supera al Tour de Francia en subidas extremas, calor y emoci\u00f3n. Una mirada divertida y apasionada a la intensidad del tercer Gran Tour.\" \/>\n<meta property=\"og:url\" content=\"https:\/\/www.welovecycling.com\/es\/2025\/08\/28\/por-que-la-vuelta-es-mejor-que-el-tour-de-francia\/\" \/>\n<meta property=\"og:site_name\" content=\"\u0160koda We Love Cycling - Spain\" \/>\n<meta property=\"article:published_time\" content=\"2025-08-28T12:16:34+00:00\" \/>\n<meta property=\"og:image\" content=\"https:\/\/d2p6e6u75xmxt8.cloudfront.net\/6\/2025\/08\/2025-La-Vuelta-Peloton-Finish-profimedia-1030883109-CVR.webp\" \/>\n\t<meta property=\"og:image:width\" content=\"990\" \/>\n\t<meta property=\"og:image:height\" content=\"660\" \/>\n\t<meta property=\"og:image:type\" content=\"image\/webp\" \/>\n<meta name=\"author\" content=\"ericginer\" \/>\n<meta name=\"twitter:card\" content=\"summary_large_image\" \/>\n<meta name=\"twitter:label1\" content=\"Written by\" \/>\n\t<meta name=\"twitter:data1\" content=\"Monica Buck\" \/>\n\t<meta name=\"twitter:label2\" content=\"Est. reading time\" \/>\n\t<meta name=\"twitter:data2\" content=\"2\" \/>\n<script type=\"application\/ld+json\" class=\"yoast-schema-graph\">{\"@context\":\"https:\/\/schema.org\",\"@graph\":[{\"@type\":\"WebPage\",\"@id\":\"https:\/\/www.welovecycling.com\/es\/2025\/08\/28\/por-que-la-vuelta-es-mejor-que-el-tour-de-francia\/\",\"url\":\"https:\/\/www.welovecycling.com\/es\/2025\/08\/28\/por-que-la-vuelta-es-mejor-que-el-tour-de-francia\/\",\"name\":\"Por qu\u00e9 La Vuelta es realmente mejor que el Tour de Francia - \u0160koda We Love Cycling - Spain\",\"isPartOf\":{\"@id\":\"https:\/\/www.welovecycling.com\/es\/#website\"},\"primaryImageOfPage\":{\"@id\":\"https:\/\/www.welovecycling.com\/es\/2025\/08\/28\/por-que-la-vuelta-es-mejor-que-el-tour-de-francia\/#primaryimage\"},\"image\":{\"@id\":\"https:\/\/www.welovecycling.com\/es\/2025\/08\/28\/por-que-la-vuelta-es-mejor-que-el-tour-de-francia\/#primaryimage\"},\"thumbnailUrl\":\"https:\/\/d2p6e6u75xmxt8.cloudfront.net\/6\/2025\/08\/2025-La-Vuelta-Peloton-Finish-profimedia-1030883109-CVR.webp\",\"datePublished\":\"2025-08-28T12:16:34+00:00\",\"author\":{\"@id\":\"https:\/\/www.welovecycling.com\/es\/#\/schema\/person\/7bcdf0bff93d490868ce4d16141f62f8\"},\"description\":\"Descubre por qu\u00e9 la Vuelta a Espa\u00f1a supera al Tour de Francia en subidas extremas, calor y emoci\u00f3n. Una mirada divertida y apasionada a la intensidad del tercer Gran Tour.\",\"breadcrumb\":{\"@id\":\"https:\/\/www.welovecycling.com\/es\/2025\/08\/28\/por-que-la-vuelta-es-mejor-que-el-tour-de-francia\/#breadcrumb\"},\"inLanguage\":\"es-ES\",\"potentialAction\":[{\"@type\":\"ReadAction\",\"target\":[\"https:\/\/www.welovecycling.com\/es\/2025\/08\/28\/por-que-la-vuelta-es-mejor-que-el-tour-de-francia\/\"]}]},{\"@type\":\"ImageObject\",\"inLanguage\":\"es-ES\",\"@id\":\"https:\/\/www.welovecycling.com\/es\/2025\/08\/28\/por-que-la-vuelta-es-mejor-que-el-tour-de-francia\/#primaryimage\",\"url\":\"https:\/\/d2p6e6u75xmxt8.cloudfront.net\/6\/2025\/08\/2025-La-Vuelta-Peloton-Finish-profimedia-1030883109-CVR.webp\",\"contentUrl\":\"https:\/\/d2p6e6u75xmxt8.cloudfront.net\/6\/2025\/08\/2025-La-Vuelta-Peloton-Finish-profimedia-1030883109-CVR.webp\",\"width\":990,\"height\":660,\"caption\":\"La Vuelta\"},{\"@type\":\"BreadcrumbList\",\"@id\":\"https:\/\/www.welovecycling.com\/es\/2025\/08\/28\/por-que-la-vuelta-es-mejor-que-el-tour-de-francia\/#breadcrumb\",\"itemListElement\":[{\"@type\":\"ListItem\",\"position\":1,\"name\":\"Home\",\"item\":\"https:\/\/www.welovecycling.com\/es\/\"},{\"@type\":\"ListItem\",\"position\":2,\"name\":\"Por qu\u00e9 La Vuelta es realmente mejor que el Tour de Francia\"}]},{\"@type\":\"WebSite\",\"@id\":\"https:\/\/www.welovecycling.com\/es\/#website\",\"url\":\"https:\/\/www.welovecycling.com\/es\/\",\"name\":\"\u0160koda We Love Cycling - Spain\",\"description\":\"\u0160koda WeLoveCycling Spain\",\"potentialAction\":[{\"@type\":\"SearchAction\",\"target\":{\"@type\":\"EntryPoint\",\"urlTemplate\":\"https:\/\/www.welovecycling.com\/es\/?s={search_term_string}\"},\"query-input\":{\"@type\":\"PropertyValueSpecification\",\"valueRequired\":true,\"valueName\":\"search_term_string\"}}],\"inLanguage\":\"es-ES\"},{\"@type\":\"Person\",\"@id\":\"https:\/\/www.welovecycling.com\/es\/#\/schema\/person\/7bcdf0bff93d490868ce4d16141f62f8\",\"name\":\"ericginer\",\"image\":{\"@type\":\"ImageObject\",\"inLanguage\":\"es-ES\",\"@id\":\"https:\/\/www.welovecycling.com\/es\/#\/schema\/person\/image\/\",\"url\":\"https:\/\/secure.gravatar.com\/avatar\/f5f313955cd283a9ff8f72ee29ce434b5426abf5a8cd9195e137f0c0bf9cbbeb?s=96&d=mm&r=g\",\"contentUrl\":\"https:\/\/secure.gravatar.com\/avatar\/f5f313955cd283a9ff8f72ee29ce434b5426abf5a8cd9195e137f0c0bf9cbbeb?s=96&d=mm&r=g\",\"caption\":\"ericginer\"},\"url\":\"https:\/\/www.welovecycling.com\/es\/author\/ericginer\/\"}]}<\/script>\n<!-- \/ Yoast SEO Premium plugin. -->","yoast_head_json":{"title":"Por qu\u00e9 La Vuelta es realmente mejor que el Tour de Francia - \u0160koda We Love Cycling - Spain","description":"Descubre por qu\u00e9 la Vuelta a Espa\u00f1a supera al Tour de Francia en subidas extremas, calor y emoci\u00f3n. Una mirada divertida y apasionada a la intensidad del tercer Gran Tour.","robots":{"index":"index","follow":"follow","max-snippet":"max-snippet:-1","max-image-preview":"max-image-preview:large","max-video-preview":"max-video-preview:-1"},"canonical":"https:\/\/www.welovecycling.com\/es\/2025\/08\/28\/por-que-la-vuelta-es-mejor-que-el-tour-de-francia\/","og_locale":"es_ES","og_type":"article","og_title":"Por qu\u00e9 La Vuelta es realmente mejor que el Tour de Francia","og_description":"Descubre por qu\u00e9 la Vuelta a Espa\u00f1a supera al Tour de Francia en subidas extremas, calor y emoci\u00f3n. Una mirada divertida y apasionada a la intensidad del tercer Gran Tour.","og_url":"https:\/\/www.welovecycling.com\/es\/2025\/08\/28\/por-que-la-vuelta-es-mejor-que-el-tour-de-francia\/","og_site_name":"\u0160koda We Love Cycling - Spain","article_published_time":"2025-08-28T12:16:34+00:00","og_image":[{"width":990,"height":660,"url":"https:\/\/d2p6e6u75xmxt8.cloudfront.net\/6\/2025\/08\/2025-La-Vuelta-Peloton-Finish-profimedia-1030883109-CVR.webp","type":"image\/webp"}],"author":"ericginer","twitter_card":"summary_large_image","twitter_misc":{"Written by":"Monica Buck","Est. reading time":"2"},"schema":{"@context":"https:\/\/schema.org","@graph":[{"@type":"WebPage","@id":"https:\/\/www.welovecycling.com\/es\/2025\/08\/28\/por-que-la-vuelta-es-mejor-que-el-tour-de-francia\/","url":"https:\/\/www.welovecycling.com\/es\/2025\/08\/28\/por-que-la-vuelta-es-mejor-que-el-tour-de-francia\/","name":"Por qu\u00e9 La Vuelta es realmente mejor que el Tour de Francia - \u0160koda We Love Cycling - Spain","isPartOf":{"@id":"https:\/\/www.welovecycling.com\/es\/#website"},"primaryImageOfPage":{"@id":"https:\/\/www.welovecycling.com\/es\/2025\/08\/28\/por-que-la-vuelta-es-mejor-que-el-tour-de-francia\/#primaryimage"},"image":{"@id":"https:\/\/www.welovecycling.com\/es\/2025\/08\/28\/por-que-la-vuelta-es-mejor-que-el-tour-de-francia\/#primaryimage"},"thumbnailUrl":"https:\/\/d2p6e6u75xmxt8.cloudfront.net\/6\/2025\/08\/2025-La-Vuelta-Peloton-Finish-profimedia-1030883109-CVR.webp","datePublished":"2025-08-28T12:16:34+00:00","author":{"@id":"https:\/\/www.welovecycling.com\/es\/#\/schema\/person\/7bcdf0bff93d490868ce4d16141f62f8"},"description":"Descubre por qu\u00e9 la Vuelta a Espa\u00f1a supera al Tour de Francia en subidas extremas, calor y emoci\u00f3n. Una mirada divertida y apasionada a la intensidad del tercer Gran Tour.","breadcrumb":{"@id":"https:\/\/www.welovecycling.com\/es\/2025\/08\/28\/por-que-la-vuelta-es-mejor-que-el-tour-de-francia\/#breadcrumb"},"inLanguage":"es-ES","potentialAction":[{"@type":"ReadAction","target":["https:\/\/www.welovecycling.com\/es\/2025\/08\/28\/por-que-la-vuelta-es-mejor-que-el-tour-de-francia\/"]}]},{"@type":"ImageObject","inLanguage":"es-ES","@id":"https:\/\/www.welovecycling.com\/es\/2025\/08\/28\/por-que-la-vuelta-es-mejor-que-el-tour-de-francia\/#primaryimage","url":"https:\/\/d2p6e6u75xmxt8.cloudfront.net\/6\/2025\/08\/2025-La-Vuelta-Peloton-Finish-profimedia-1030883109-CVR.webp","contentUrl":"https:\/\/d2p6e6u75xmxt8.cloudfront.net\/6\/2025\/08\/2025-La-Vuelta-Peloton-Finish-profimedia-1030883109-CVR.webp","width":990,"height":660,"caption":"La Vuelta"},{"@type":"BreadcrumbList","@id":"https:\/\/www.welovecycling.com\/es\/2025\/08\/28\/por-que-la-vuelta-es-mejor-que-el-tour-de-francia\/#breadcrumb","itemListElement":[{"@type":"ListItem","position":1,"name":"Home","item":"https:\/\/www.welovecycling.com\/es\/"},{"@type":"ListItem","position":2,"name":"Por qu\u00e9 La Vuelta es realmente mejor que el Tour de Francia"}]},{"@type":"WebSite","@id":"https:\/\/www.welovecycling.com\/es\/#website","url":"https:\/\/www.welovecycling.com\/es\/","name":"\u0160koda We Love Cycling - Spain","description":"\u0160koda WeLoveCycling Spain","potentialAction":[{"@type":"SearchAction","target":{"@type":"EntryPoint","urlTemplate":"https:\/\/www.welovecycling.com\/es\/?s={search_term_string}"},"query-input":{"@type":"PropertyValueSpecification","valueRequired":true,"valueName":"search_term_string"}}],"inLanguage":"es-ES"},{"@type":"Person","@id":"https:\/\/www.welovecycling.com\/es\/#\/schema\/person\/7bcdf0bff93d490868ce4d16141f62f8","name":"ericginer","image":{"@type":"ImageObject","inLanguage":"es-ES","@id":"https:\/\/www.welovecycling.com\/es\/#\/schema\/person\/image\/","url":"https:\/\/secure.gravatar.com\/avatar\/f5f313955cd283a9ff8f72ee29ce434b5426abf5a8cd9195e137f0c0bf9cbbeb?s=96&d=mm&r=g","contentUrl":"https:\/\/secure.gravatar.com\/avatar\/f5f313955cd283a9ff8f72ee29ce434b5426abf5a8cd9195e137f0c0bf9cbbeb?s=96&d=mm&r=g","caption":"ericginer"},"url":"https:\/\/www.welovecycling.com\/es\/author\/ericginer\/"}]}},"_links":{"self":[{"href":"https:\/\/www.welovecycling.com\/es\/wp-json\/wp\/v2\/posts\/11770","targetHints":{"allow":["GET"]}}],"collection":[{"href":"https:\/\/www.welovecycling.com\/es\/wp-json\/wp\/v2\/posts"}],"about":[{"href":"https:\/\/www.welovecycling.com\/es\/wp-json\/wp\/v2\/types\/post"}],"author":[{"embeddable":true,"href":"https:\/\/www.welovecycling.com\/es\/wp-json\/wp\/v2\/users\/212"}],"replies":[{"embeddable":true,"href":"https:\/\/www.welovecycling.com\/es\/wp-json\/wp\/v2\/comments?post=11770"}],"version-history":[{"count":3,"href":"https:\/\/www.welovecycling.com\/es\/wp-json\/wp\/v2\/posts\/11770\/revisions"}],"predecessor-version":[{"id":11779,"href":"https:\/\/www.welovecycling.com\/es\/wp-json\/wp\/v2\/posts\/11770\/revisions\/11779"}],"wp:featuredmedia":[{"embeddable":true,"href":"https:\/\/www.welovecycling.com\/es\/wp-json\/wp\/v2\/media\/11775"}],"wp:attachment":[{"href":"https:\/\/www.welovecycling.com\/es\/wp-json\/wp\/v2\/media?parent=11770"}],"wp:term":[{"taxonomy":"category","embeddable":true,"href":"https:\/\/www.welovecycling.com\/es\/wp-json\/wp\/v2\/categories?post=11770"},{"taxonomy":"post_tag","embeddable":true,"href":"https:\/\/www.welovecycling.com\/es\/wp-json\/wp\/v2\/tags?post=11770"},{"taxonomy":"global-categories","embeddable":true,"href":"https:\/\/www.welovecycling.com\/es\/wp-json\/wp\/v2\/global-categories?post=11770"}],"curies":[{"name":"wp","href":"https:\/\/api.w.org\/{rel}","templated":true}]}}