{"id":11752,"date":"2025-08-22T14:34:34","date_gmt":"2025-08-22T12:34:34","guid":{"rendered":"https:\/\/www.welovecycling.com\/es\/?p=11752"},"modified":"2025-08-25T10:33:22","modified_gmt":"2025-08-25T08:33:22","slug":"vingegaard-busca-romper-su-sequia-en-la-vuelta","status":"publish","type":"post","link":"https:\/\/www.welovecycling.com\/es\/2025\/08\/22\/vingegaard-busca-romper-su-sequia-en-la-vuelta\/","title":{"rendered":"Jonas Vingegaard busca romper su sequ\u00eda en La Vuelta"},"content":{"rendered":"<p><strong>Jonas Vingegaard no ha ganado una gran vuelta desde su victoria en el Tour de Francia 2023, por lo que llega a la Vuelta Ciclista a Espa\u00f1a con hambre de victoria. Desde 2023, se ha visto afectado por lesiones y ha sido derrotado dos veces por Tadej Poga\u010dar en el Tour de Francia. Podr\u00eda haber ganado La Vuelta ese a\u00f1o, pero el sentimiento popular llev\u00f3 al equipo Jumbo-Visma (hoy Visma\u2013Lease a Bike) a pedirle a \u00e9l y a su entonces compa\u00f1ero Primo\u017e Rogli\u010d que dejaran de lado sus ambiciones personales para que Sepp Kuss se llevara la victoria.<\/strong><\/p>\n<p><!--more--><\/p>\n<h2><strong>El gran favorito de la general<\/strong><\/h2>\n<p>Rogli\u010d ya no est\u00e1, y Kuss vuelve a desempe\u00f1ar su papel habitual de gregario, por lo que el dan\u00e9s de 28 a\u00f1os cuenta este a\u00f1o con el liderazgo absoluto del equipo. M\u00e1s importante a\u00fan, su rendimiento en el Tour demostr\u00f3 que ha recuperado su mejor nivel. S\u00ed, fue adelantado por Poga\u010dar, pero el esloveno no pudo superarlo en las subidas como ocurri\u00f3 en 2024. Vingegaard tuvo una contrarreloj floja en el Tour, lo que lo puso en desventaja desde la primera semana de carrera. Eso, sin embargo, no deber\u00eda repetirse en la Vuelta.<\/p>\n<p>Sigue siendo el segundo mejor escalador del mundo, lo que encaja perfectamente con los trazados de esta Vuelta. La carrera recorre 3.151 km e incluye 11 finales en alto categorizados, algunos con pendientes de dos d\u00edgitos al final de ascensos largos y extenuantes, con tres etapas que proponen m\u00e1s de 4.000 m de desnivel. El mejor escalador ganar\u00e1 esta carrera, y ese deber\u00eda ser Vingegaard.<\/p>\n<p>&#8220;Estoy aqu\u00ed para ganar la general, y con el equipo que me respalda, eso parece un objetivo realista \u2014declar\u00f3 en el <a href=\"https:\/\/www.teamvismaleaseabike.com\/race-preview\/news\/team-visma-lease-a-bike-aiming-for-another-overall-victory-in-the-vuelta-a-espa%C3%B1a\/\">sitio web<\/a> del equipo\u2014. Hay muchas etapas donde se pueden crear diferencias, as\u00ed que es importante estar listo desde el principio. Estoy preparado y preferir\u00eda comenzar a competir de inmediato.&#8221;<\/p>\n<p>La escalada comienza en la primera semana, con duros finales de cumbre de categor\u00eda 1 en las etapas 7 y 8. Pero la etapa 13 podr\u00eda ser la \u00abla etapa de la suerte\u00bb la que decante la carrera. Con 202 km, es la m\u00e1s larga de La Vuelta, ofrece 3.964 m de desnivel, incluidas dos subidas de categor\u00eda 1 en los \u00faltimos 60 km, y finaliza con un puerto de categor\u00eda especial (HC) en la m\u00edtica Angliru (12,4 km al 10,1 %, con rampas de hasta el 23,5 %).<\/p>\n<h2><strong>Los aspirantes<\/strong><\/h2>\n<p>A mi juicio, solo hay un corredor en La Vuelta que podr\u00eda desafiar a Jonas Vingegaard, y ese es Jo\u00e3o Almeida, l\u00edder del UAE Team Emirates\u2013XRG. Seg\u00fan declar\u00f3 el propio equipo en su p\u00e1gina web, Almeida \u201cliderar\u00e1 las aspiraciones del equipo en la clasificaci\u00f3n general\u201d, pero \u201ccompartir\u00e1 el rol de liderazgo con el espa\u00f1ol Juan Ayuso, lo que ofrece al equipo m\u00faltiples opciones estrat\u00e9gicas a lo largo de las tres semanas de carrera\u201d. Entonces, \u00bfAlmeida es el l\u00edder y Ayuso el col\u00edder?<\/p>\n<p>\u00bfC\u00f3mo funciona eso, ling\u00fc\u00edsticamente hablando? Seg\u00fan <a href=\"https:\/\/www.merriam-webster.com\/dictionary\/co#:~:text=Kids%20Definition-,co%2D,with%20:%20together%20:%20joint%20:%20jointly\">Merriam-Webster<\/a>, el prefijo <em data-start=\"735\" data-end=\"740\">co-<\/em> significa \u201ccon, junto, conjuntamente\u201d, lo que tambi\u00e9n convertir\u00eda a Almeida en col\u00edder. Da la impresi\u00f3n de que no aprendieron nada de la \u201ccomedia\u201d del Giro de Italia en la que Ayuso parti\u00f3 como jefe de filas hasta que Isaac del Toro se visti\u00f3 de l\u00edder de la carrera y el equipo no resolvi\u00f3 el dilema hasta demasiado tarde. Esa procrastinaci\u00f3n y las posibles tensiones internas que gener\u00f3 pudieron haber contribuido a la derrota de Del Toro.<\/p>\n<figure id=\"attachment_11753\" aria-describedby=\"caption-attachment-11753\" style=\"width: 990px\" class=\"wp-caption alignnone\"><a href=\"https:\/\/d2p6e6u75xmxt8.cloudfront.net\/6\/2025\/08\/Joao-Almeida-profimedia-1013911097-CVR.webp\"><img loading=\"lazy\" decoding=\"async\" class=\"wp-image-11753 size-full\" src=\"https:\/\/d2p6e6u75xmxt8.cloudfront.net\/6\/2025\/08\/Joao-Almeida-profimedia-1013911097-CVR.webp\" alt=\"Joao Almeida\" width=\"990\" height=\"660\" srcset=\"https:\/\/d2p6e6u75xmxt8.cloudfront.net\/6\/2025\/08\/Joao-Almeida-profimedia-1013911097-CVR.webp 990w, https:\/\/d2p6e6u75xmxt8.cloudfront.net\/6\/2025\/08\/Joao-Almeida-profimedia-1013911097-CVR-300x200.webp 300w, https:\/\/d2p6e6u75xmxt8.cloudfront.net\/6\/2025\/08\/Joao-Almeida-profimedia-1013911097-CVR-768x512.webp 768w, https:\/\/d2p6e6u75xmxt8.cloudfront.net\/6\/2025\/08\/Joao-Almeida-profimedia-1013911097-CVR-400x267.webp 400w, https:\/\/d2p6e6u75xmxt8.cloudfront.net\/6\/2025\/08\/Joao-Almeida-profimedia-1013911097-CVR-272x182.webp 272w\" sizes=\"auto, (max-width: 990px) 100vw, 990px\" \/><\/a><figcaption id=\"caption-attachment-11753\" class=\"wp-caption-text\">Solo hay un corredor en la Vuelta que podr\u00eda desafiar a Vingegaard, y ese es Jo\u00e3o Almeida, el l\u00edder del UAE Team Emirates\u2013XRG. \u00a9 Profimedia<\/figcaption><\/figure>\n<p>&nbsp;<\/p>\n<p>En este caso, sin embargo, el UAE cubre sus apuestas debido a la fractura de costilla que Almeida sufri\u00f3 en la etapa 7 del Tour, que le oblig\u00f3 a abandonar dos jornadas m\u00e1s tarde. Puede que a\u00fan no est\u00e9 al cien por cien. Si recupera su mejor nivel, ser\u00e1 un rival formidable. Este a\u00f1o suma nueve victorias, incluidas las generales del Tour de Suiza, el Tour de Romand\u00eda y la Itzulia. Ayuso, por su parte, acumula cinco triunfos, entre ellos la general de la Tirreno-Adri\u00e1tico. Es un excelente escalador, pero todav\u00eda no est\u00e1 a la altura de Vingegaard o Almeida. Los dos ya han disputado juntos La Vuelta en 2022 y 2023, con un tercer puesto de Ayuso en la primera, a casi cinco minutos del ganador Remco Evenepoel, como \u00fanico podio.<\/p>\n<h2><strong>Los outsiders<\/strong><\/h2>\n<p>Con Richard Carapaz (EF Education\u2013EasyPost) fuera de la carrera por una enfermedad reciente, no parece que nadie pueda poner en apuros al tr\u00edo mencionado en la lucha por la general. Ben O\u2019Connor (Jayco AlUla), Egan Bernal (INEOS Grenadiers) y Jai Hindley (Red Bull\u2013BORA\u2013hansgrohe) podr\u00edan llevarse alguna etapa y quiz\u00e1 colarse en el podio final. Bernal e Hindley ya saben lo que es ganar una gran vuelta, pero el colombiano no ha vuelto al nivel previo al accidente que lo llev\u00f3 a ganar el Tour de Francia (2019) y el Giro de Italia. O\u2019Connor, segundo en la Vuelta del a\u00f1o pasado tras Rogli\u010d, llega este a\u00f1o con solo una victoria en la temporada, igual que en 2024. Luego fue subcampe\u00f3n mundial, as\u00ed que parece reservar su mejor forma para el tramo final del calendario.<\/p>\n<p>Hindley, que gan\u00f3 el Giro en 2022, abandon\u00f3 esta edici\u00f3n de la Corsa Rosa tras fracturarse una v\u00e9rtebra en una ca\u00edda, y solo ha corrido desde entonces la Vuelta a Burgos, donde fue 25\u00ba, lo que deja en duda su estado de forma. Sin embargo, su joven compa\u00f1ero Giulio Pellizzari, de 21 a\u00f1os, es un corredor a seguir: fue sexto en el Giro y cuarto en la Vuelta a Burgos, por delante de Bernal y Hindley. Ser\u00e1 uno de los nombres interesantes de observar durante toda la carrera.<\/p>\n<h2><strong>\u00bfY el maillot verde \u0160koda?<\/strong><\/h2>\n<p>Y luego est\u00e1 Tom Pidcock, del Q36.5. Es la primera vez que este equipo profesional participa en la Vuelta, gracias a una invitaci\u00f3n <em data-start=\"3367\" data-end=\"3378\">wild card<\/em>. Pidcock ya corri\u00f3 este a\u00f1o el Giro y termin\u00f3 16\u00ba. Es uno de los ciclistas m\u00e1s completos del pelot\u00f3n, aunque no es (todav\u00eda) un escalador puro. \u201cEl recorrido de este a\u00f1o es muy diverso pero sigue siendo t\u00edpico de la Vuelta, con muchas llegadas en alto. Hay varias etapas con perfiles que pueden favorecer a un corredor como yo\u201d, declar\u00f3 en la <a href=\"https:\/\/www.q36-5procycling.com\/q36-5-pro-cycling-team-vuelta-a-espana-2025-lineup\/\">web<\/a> del equipo. \u201cAprendimos del Giro y hemos tenido m\u00e1s tiempo para preparar a fondo esta carrera\u2026 Tengo curiosidad por ver qu\u00e9 puedo hacer en la clasificaci\u00f3n general.\u201d<\/p>\n<p data-start=\"3896\" data-end=\"4707\">El problema para Pidcock es que las etapas que mejor le sientan no incluyen las grandes jornadas de monta\u00f1a, donde probablemente ceder\u00e1 bastante tiempo frente a Vingegaard y compa\u00f1\u00eda. No obstante, hay abundantes etapas quebradas y de media monta\u00f1a en las que puede ser protagonista. Incluso podr\u00eda tener una opci\u00f3n de ganar el <strong data-start=\"4223\" data-end=\"4246\">maillot verde \u0160koda<\/strong>, ya que muchos finales en alto no favorecen a los sprinters. Adem\u00e1s, solo dos etapas \u2014la primera y la \u00faltima\u2014 se perfilan como llegadas masivas, con un m\u00e1ximo de 50 puntos para el vencedor. Sin embargo, Pidcock tendr\u00e1 que medirse con Mads Pedersen (Lidl\u2013Trek), que atraviesa un a\u00f1o espectacular con 13 victorias y cuatro maillots verdes, incluido el del Giro, y con Filippo Ganna (INEOS Grenadiers), siempre candidato a levantar los brazos en alguna jornada.<\/p>\n","protected":false},"excerpt":{"rendered":"<p>Jonas Vingegaard no ha ganado una gran vuelta desde su victoria en el Tour de Francia 2023, por lo que [&hellip;]<\/p>\n","protected":false},"author":212,"featured_media":11755,"comment_status":"open","ping_status":"open","sticky":false,"template":"","format":"standard","meta":{"footnotes":""},"categories":[7],"tags":[2344,2347,2345,2348,44,2346],"global-categories":[1164],"class_list":["post-11752","post","type-post","status-publish","format-standard","has-post-thumbnail","hentry","category-carretera","tag-2025-la-vuelta","tag-joao-almeida","tag-jonas-vingegaard","tag-juan-ayuso","tag-la-vuelta","tag-sepp-kuss","global-categories-cycling"],"yoast_head":"<!-- This site is optimized with the Yoast SEO Premium plugin v25.3 (Yoast SEO v25.9) - https:\/\/yoast.com\/wordpress\/plugins\/seo\/ -->\n<title>Jonas Vingegaard busca romper su sequ\u00eda en La Vuelta - \u0160koda We Love Cycling - Spain<\/title>\n<meta name=\"description\" content=\"Sigue la Vuelta a Espa\u00f1a 2025: descubre qui\u00e9n podr\u00eda ganar. An\u00e1lisis completo de la Vuelta: Jonas Vingegaard lidera, Almeida y Ayuso aspiran al podio, y Pidcock busca el maillot verde \u0160koda.\" \/>\n<meta name=\"robots\" content=\"index, follow, max-snippet:-1, max-image-preview:large, max-video-preview:-1\" \/>\n<link rel=\"canonical\" href=\"https:\/\/www.welovecycling.com\/es\/2025\/08\/22\/vingegaard-busca-romper-su-sequia-en-la-vuelta\/\" \/>\n<meta property=\"og:locale\" content=\"es_ES\" \/>\n<meta property=\"og:type\" content=\"article\" \/>\n<meta property=\"og:title\" content=\"Jonas Vingegaard busca romper su sequ\u00eda en La Vuelta\" \/>\n<meta property=\"og:description\" content=\"Sigue la Vuelta a Espa\u00f1a 2025: descubre qui\u00e9n podr\u00eda ganar. An\u00e1lisis completo de la Vuelta: Jonas Vingegaard lidera, Almeida y Ayuso aspiran al podio, y Pidcock busca el maillot verde \u0160koda.\" \/>\n<meta property=\"og:url\" content=\"https:\/\/www.welovecycling.com\/es\/2025\/08\/22\/vingegaard-busca-romper-su-sequia-en-la-vuelta\/\" \/>\n<meta property=\"og:site_name\" content=\"\u0160koda We Love Cycling - Spain\" \/>\n<meta property=\"article:published_time\" content=\"2025-08-22T12:34:34+00:00\" \/>\n<meta property=\"article:modified_time\" content=\"2025-08-25T08:33:22+00:00\" \/>\n<meta property=\"og:image\" content=\"https:\/\/d2p6e6u75xmxt8.cloudfront.net\/6\/2025\/08\/Jonas-Vingegaard-profimedia-1030581599-CVR.webp\" \/>\n\t<meta property=\"og:image:width\" content=\"990\" \/>\n\t<meta property=\"og:image:height\" content=\"660\" \/>\n\t<meta property=\"og:image:type\" content=\"image\/webp\" \/>\n<meta name=\"author\" content=\"ericginer\" \/>\n<meta name=\"twitter:card\" content=\"summary_large_image\" \/>\n<meta name=\"twitter:label1\" content=\"Written by\" \/>\n\t<meta name=\"twitter:data1\" content=\"Siegfried Mortkowitz\" \/>\n\t<meta name=\"twitter:label2\" content=\"Est. reading time\" \/>\n\t<meta name=\"twitter:data2\" content=\"3\" \/>\n<script type=\"application\/ld+json\" class=\"yoast-schema-graph\">{\"@context\":\"https:\/\/schema.org\",\"@graph\":[{\"@type\":\"WebPage\",\"@id\":\"https:\/\/www.welovecycling.com\/es\/2025\/08\/22\/vingegaard-busca-romper-su-sequia-en-la-vuelta\/\",\"url\":\"https:\/\/www.welovecycling.com\/es\/2025\/08\/22\/vingegaard-busca-romper-su-sequia-en-la-vuelta\/\",\"name\":\"Jonas Vingegaard busca romper su sequ\u00eda en La Vuelta - \u0160koda We Love Cycling - Spain\",\"isPartOf\":{\"@id\":\"https:\/\/www.welovecycling.com\/es\/#website\"},\"primaryImageOfPage\":{\"@id\":\"https:\/\/www.welovecycling.com\/es\/2025\/08\/22\/vingegaard-busca-romper-su-sequia-en-la-vuelta\/#primaryimage\"},\"image\":{\"@id\":\"https:\/\/www.welovecycling.com\/es\/2025\/08\/22\/vingegaard-busca-romper-su-sequia-en-la-vuelta\/#primaryimage\"},\"thumbnailUrl\":\"https:\/\/d2p6e6u75xmxt8.cloudfront.net\/6\/2025\/08\/Jonas-Vingegaard-profimedia-1030581599-CVR.webp\",\"datePublished\":\"2025-08-22T12:34:34+00:00\",\"dateModified\":\"2025-08-25T08:33:22+00:00\",\"author\":{\"@id\":\"https:\/\/www.welovecycling.com\/es\/#\/schema\/person\/7bcdf0bff93d490868ce4d16141f62f8\"},\"description\":\"Sigue la Vuelta a Espa\u00f1a 2025: descubre qui\u00e9n podr\u00eda ganar. An\u00e1lisis completo de la Vuelta: Jonas Vingegaard lidera, Almeida y Ayuso aspiran al podio, y Pidcock busca el maillot verde \u0160koda.\",\"breadcrumb\":{\"@id\":\"https:\/\/www.welovecycling.com\/es\/2025\/08\/22\/vingegaard-busca-romper-su-sequia-en-la-vuelta\/#breadcrumb\"},\"inLanguage\":\"es-ES\",\"potentialAction\":[{\"@type\":\"ReadAction\",\"target\":[\"https:\/\/www.welovecycling.com\/es\/2025\/08\/22\/vingegaard-busca-romper-su-sequia-en-la-vuelta\/\"]}]},{\"@type\":\"ImageObject\",\"inLanguage\":\"es-ES\",\"@id\":\"https:\/\/www.welovecycling.com\/es\/2025\/08\/22\/vingegaard-busca-romper-su-sequia-en-la-vuelta\/#primaryimage\",\"url\":\"https:\/\/d2p6e6u75xmxt8.cloudfront.net\/6\/2025\/08\/Jonas-Vingegaard-profimedia-1030581599-CVR.webp\",\"contentUrl\":\"https:\/\/d2p6e6u75xmxt8.cloudfront.net\/6\/2025\/08\/Jonas-Vingegaard-profimedia-1030581599-CVR.webp\",\"width\":990,\"height\":660,\"caption\":\"Jonas Vingegaard\"},{\"@type\":\"BreadcrumbList\",\"@id\":\"https:\/\/www.welovecycling.com\/es\/2025\/08\/22\/vingegaard-busca-romper-su-sequia-en-la-vuelta\/#breadcrumb\",\"itemListElement\":[{\"@type\":\"ListItem\",\"position\":1,\"name\":\"Home\",\"item\":\"https:\/\/www.welovecycling.com\/es\/\"},{\"@type\":\"ListItem\",\"position\":2,\"name\":\"Jonas Vingegaard busca romper su sequ\u00eda en La Vuelta\"}]},{\"@type\":\"WebSite\",\"@id\":\"https:\/\/www.welovecycling.com\/es\/#website\",\"url\":\"https:\/\/www.welovecycling.com\/es\/\",\"name\":\"\u0160koda We Love Cycling - Spain\",\"description\":\"\u0160koda WeLoveCycling Spain\",\"potentialAction\":[{\"@type\":\"SearchAction\",\"target\":{\"@type\":\"EntryPoint\",\"urlTemplate\":\"https:\/\/www.welovecycling.com\/es\/?s={search_term_string}\"},\"query-input\":{\"@type\":\"PropertyValueSpecification\",\"valueRequired\":true,\"valueName\":\"search_term_string\"}}],\"inLanguage\":\"es-ES\"},{\"@type\":\"Person\",\"@id\":\"https:\/\/www.welovecycling.com\/es\/#\/schema\/person\/7bcdf0bff93d490868ce4d16141f62f8\",\"name\":\"ericginer\",\"image\":{\"@type\":\"ImageObject\",\"inLanguage\":\"es-ES\",\"@id\":\"https:\/\/www.welovecycling.com\/es\/#\/schema\/person\/image\/\",\"url\":\"https:\/\/secure.gravatar.com\/avatar\/f5f313955cd283a9ff8f72ee29ce434b5426abf5a8cd9195e137f0c0bf9cbbeb?s=96&d=mm&r=g\",\"contentUrl\":\"https:\/\/secure.gravatar.com\/avatar\/f5f313955cd283a9ff8f72ee29ce434b5426abf5a8cd9195e137f0c0bf9cbbeb?s=96&d=mm&r=g\",\"caption\":\"ericginer\"},\"url\":\"https:\/\/www.welovecycling.com\/es\/author\/ericginer\/\"}]}<\/script>\n<!-- \/ Yoast SEO Premium plugin. -->","yoast_head_json":{"title":"Jonas Vingegaard busca romper su sequ\u00eda en La Vuelta - \u0160koda We Love Cycling - Spain","description":"Sigue la Vuelta a Espa\u00f1a 2025: descubre qui\u00e9n podr\u00eda ganar. An\u00e1lisis completo de la Vuelta: Jonas Vingegaard lidera, Almeida y Ayuso aspiran al podio, y Pidcock busca el maillot verde \u0160koda.","robots":{"index":"index","follow":"follow","max-snippet":"max-snippet:-1","max-image-preview":"max-image-preview:large","max-video-preview":"max-video-preview:-1"},"canonical":"https:\/\/www.welovecycling.com\/es\/2025\/08\/22\/vingegaard-busca-romper-su-sequia-en-la-vuelta\/","og_locale":"es_ES","og_type":"article","og_title":"Jonas Vingegaard busca romper su sequ\u00eda en La Vuelta","og_description":"Sigue la Vuelta a Espa\u00f1a 2025: descubre qui\u00e9n podr\u00eda ganar. An\u00e1lisis completo de la Vuelta: Jonas Vingegaard lidera, Almeida y Ayuso aspiran al podio, y Pidcock busca el maillot verde \u0160koda.","og_url":"https:\/\/www.welovecycling.com\/es\/2025\/08\/22\/vingegaard-busca-romper-su-sequia-en-la-vuelta\/","og_site_name":"\u0160koda We Love Cycling - Spain","article_published_time":"2025-08-22T12:34:34+00:00","article_modified_time":"2025-08-25T08:33:22+00:00","og_image":[{"width":990,"height":660,"url":"https:\/\/d2p6e6u75xmxt8.cloudfront.net\/6\/2025\/08\/Jonas-Vingegaard-profimedia-1030581599-CVR.webp","type":"image\/webp"}],"author":"ericginer","twitter_card":"summary_large_image","twitter_misc":{"Written by":"Siegfried Mortkowitz","Est. reading time":"3"},"schema":{"@context":"https:\/\/schema.org","@graph":[{"@type":"WebPage","@id":"https:\/\/www.welovecycling.com\/es\/2025\/08\/22\/vingegaard-busca-romper-su-sequia-en-la-vuelta\/","url":"https:\/\/www.welovecycling.com\/es\/2025\/08\/22\/vingegaard-busca-romper-su-sequia-en-la-vuelta\/","name":"Jonas Vingegaard busca romper su sequ\u00eda en La Vuelta - \u0160koda We Love Cycling - Spain","isPartOf":{"@id":"https:\/\/www.welovecycling.com\/es\/#website"},"primaryImageOfPage":{"@id":"https:\/\/www.welovecycling.com\/es\/2025\/08\/22\/vingegaard-busca-romper-su-sequia-en-la-vuelta\/#primaryimage"},"image":{"@id":"https:\/\/www.welovecycling.com\/es\/2025\/08\/22\/vingegaard-busca-romper-su-sequia-en-la-vuelta\/#primaryimage"},"thumbnailUrl":"https:\/\/d2p6e6u75xmxt8.cloudfront.net\/6\/2025\/08\/Jonas-Vingegaard-profimedia-1030581599-CVR.webp","datePublished":"2025-08-22T12:34:34+00:00","dateModified":"2025-08-25T08:33:22+00:00","author":{"@id":"https:\/\/www.welovecycling.com\/es\/#\/schema\/person\/7bcdf0bff93d490868ce4d16141f62f8"},"description":"Sigue la Vuelta a Espa\u00f1a 2025: descubre qui\u00e9n podr\u00eda ganar. An\u00e1lisis completo de la Vuelta: Jonas Vingegaard lidera, Almeida y Ayuso aspiran al podio, y Pidcock busca el maillot verde \u0160koda.","breadcrumb":{"@id":"https:\/\/www.welovecycling.com\/es\/2025\/08\/22\/vingegaard-busca-romper-su-sequia-en-la-vuelta\/#breadcrumb"},"inLanguage":"es-ES","potentialAction":[{"@type":"ReadAction","target":["https:\/\/www.welovecycling.com\/es\/2025\/08\/22\/vingegaard-busca-romper-su-sequia-en-la-vuelta\/"]}]},{"@type":"ImageObject","inLanguage":"es-ES","@id":"https:\/\/www.welovecycling.com\/es\/2025\/08\/22\/vingegaard-busca-romper-su-sequia-en-la-vuelta\/#primaryimage","url":"https:\/\/d2p6e6u75xmxt8.cloudfront.net\/6\/2025\/08\/Jonas-Vingegaard-profimedia-1030581599-CVR.webp","contentUrl":"https:\/\/d2p6e6u75xmxt8.cloudfront.net\/6\/2025\/08\/Jonas-Vingegaard-profimedia-1030581599-CVR.webp","width":990,"height":660,"caption":"Jonas Vingegaard"},{"@type":"BreadcrumbList","@id":"https:\/\/www.welovecycling.com\/es\/2025\/08\/22\/vingegaard-busca-romper-su-sequia-en-la-vuelta\/#breadcrumb","itemListElement":[{"@type":"ListItem","position":1,"name":"Home","item":"https:\/\/www.welovecycling.com\/es\/"},{"@type":"ListItem","position":2,"name":"Jonas Vingegaard busca romper su sequ\u00eda en La Vuelta"}]},{"@type":"WebSite","@id":"https:\/\/www.welovecycling.com\/es\/#website","url":"https:\/\/www.welovecycling.com\/es\/","name":"\u0160koda We Love Cycling - Spain","description":"\u0160koda WeLoveCycling Spain","potentialAction":[{"@type":"SearchAction","target":{"@type":"EntryPoint","urlTemplate":"https:\/\/www.welovecycling.com\/es\/?s={search_term_string}"},"query-input":{"@type":"PropertyValueSpecification","valueRequired":true,"valueName":"search_term_string"}}],"inLanguage":"es-ES"},{"@type":"Person","@id":"https:\/\/www.welovecycling.com\/es\/#\/schema\/person\/7bcdf0bff93d490868ce4d16141f62f8","name":"ericginer","image":{"@type":"ImageObject","inLanguage":"es-ES","@id":"https:\/\/www.welovecycling.com\/es\/#\/schema\/person\/image\/","url":"https:\/\/secure.gravatar.com\/avatar\/f5f313955cd283a9ff8f72ee29ce434b5426abf5a8cd9195e137f0c0bf9cbbeb?s=96&d=mm&r=g","contentUrl":"https:\/\/secure.gravatar.com\/avatar\/f5f313955cd283a9ff8f72ee29ce434b5426abf5a8cd9195e137f0c0bf9cbbeb?s=96&d=mm&r=g","caption":"ericginer"},"url":"https:\/\/www.welovecycling.com\/es\/author\/ericginer\/"}]}},"_links":{"self":[{"href":"https:\/\/www.welovecycling.com\/es\/wp-json\/wp\/v2\/posts\/11752","targetHints":{"allow":["GET"]}}],"collection":[{"href":"https:\/\/www.welovecycling.com\/es\/wp-json\/wp\/v2\/posts"}],"about":[{"href":"https:\/\/www.welovecycling.com\/es\/wp-json\/wp\/v2\/types\/post"}],"author":[{"embeddable":true,"href":"https:\/\/www.welovecycling.com\/es\/wp-json\/wp\/v2\/users\/212"}],"replies":[{"embeddable":true,"href":"https:\/\/www.welovecycling.com\/es\/wp-json\/wp\/v2\/comments?post=11752"}],"version-history":[{"count":4,"href":"https:\/\/www.welovecycling.com\/es\/wp-json\/wp\/v2\/posts\/11752\/revisions"}],"predecessor-version":[{"id":11759,"href":"https:\/\/www.welovecycling.com\/es\/wp-json\/wp\/v2\/posts\/11752\/revisions\/11759"}],"wp:featuredmedia":[{"embeddable":true,"href":"https:\/\/www.welovecycling.com\/es\/wp-json\/wp\/v2\/media\/11755"}],"wp:attachment":[{"href":"https:\/\/www.welovecycling.com\/es\/wp-json\/wp\/v2\/media?parent=11752"}],"wp:term":[{"taxonomy":"category","embeddable":true,"href":"https:\/\/www.welovecycling.com\/es\/wp-json\/wp\/v2\/categories?post=11752"},{"taxonomy":"post_tag","embeddable":true,"href":"https:\/\/www.welovecycling.com\/es\/wp-json\/wp\/v2\/tags?post=11752"},{"taxonomy":"global-categories","embeddable":true,"href":"https:\/\/www.welovecycling.com\/es\/wp-json\/wp\/v2\/global-categories?post=11752"}],"curies":[{"name":"wp","href":"https:\/\/api.w.org\/{rel}","templated":true}]}}