{"id":11637,"date":"2025-05-03T10:00:16","date_gmt":"2025-05-03T08:00:16","guid":{"rendered":"https:\/\/www.welovecycling.com\/es\/?p=11637"},"modified":"2025-05-03T10:00:16","modified_gmt":"2025-05-03T08:00:16","slug":"la-vuelta-femenina-2025-mira-a-demi-vollering","status":"publish","type":"post","link":"https:\/\/www.welovecycling.com\/es\/2025\/05\/03\/la-vuelta-femenina-2025-mira-a-demi-vollering\/","title":{"rendered":"La Vuelta Femenina 2025 mira a Demi Vollering"},"content":{"rendered":"<p><b>La relaci\u00f3n de idilio entre la Vuelta a Espa\u00f1a Femenina y Demi Vollering se extiende ya por tres a\u00f1os. La holandesa ha ido escalando un caj\u00f3n en el podio desde 2022, hasta subirse a los m\u00e1s alto en 2024. Atr\u00e1s queda la emocionante etapa de Lagos de Covadonga, cara a cara con Van Vleuten, o el &#8216;tranquilo&#8217; triunfo del a\u00f1o pasado frente a Riejane Markus. Siempre &#8216;arropada&#8217; por el potent\u00edsimo SD Worx.<\/b><\/p>\n<p><!--more--><\/p>\n<p class=\"\" data-start=\"172\" data-end=\"253\">Pero en la Vuelta Femenina de 2025, que arranca <strong>este domingo 4 de mayo en Barcelona,<\/strong> cambia todo el gui\u00f3n. En primer lugar por Vollering ya no compite para el SD Worx. Las desavenencias con el resto del equipo, que hicieron que perdiese el Tour 2024 frente a Kasia Niewiadoma, la llevaron a emprender el camino de salida hacia el FDJ Suez y a que entrase en escena <a href=\"https:\/\/www.procyclingstats.com\/rider\/anna-van-der-breggen\">Anna Van der Breggen<\/a>, ex directora del SD Worx, que volvi\u00f3 al profesionalismo despu\u00e9s de dos a\u00f1os sentada al volante del coche de equipo.<\/p>\n<p>Este movimiento ha tenido consecuencias en lo que llevamos de temporada de cl\u00e1sicas. Ya no hay dominio absoluto del SD Worx, entra en juego la estrategia y las victorias se reparten con grandes sorpresas, como la pasada Lieja, que fue a parar a la ciclista del <strong>AG Insurance Le Court.<\/strong> En las Ardenas la m\u00e1s regular ha sido <strong>Pieterse<\/strong>, con podios en Amstel, Flecha y Lieja, pero la holandesa no estar\u00e1 en La Vuelta despu\u00e9s de todo el invierno compitiendo el ciclocross.<\/p>\n<p>El pelot\u00f3n est\u00e1 &#8216;revuelto&#8217; y espera el patronaje de un equipo, sobre todo para las tres carreras de una semana, Vuelta, Giro y Tour. Ese papel lo debe asumir, en teor\u00eda, el FDJ de Demi Vollering, que para la Vuelta se ha tra\u00eddo como gregarias a dos grandes escaladoras,<strong> Labous y Muzic.<\/strong> Son el conjunto m\u00e1s potente, pero sin el dominio que podr\u00eda tener el SD Worx, as\u00ed que habr\u00e1 hueco para otras aspirantes, y sobre todo para jugar con la estrategia, porque la carrera dise\u00f1ada por Dori Ruano tiene un mill\u00f3n de emboscadas y terreno de alta monta\u00f1a, Laguna de Neila y Cotobello, para ver una bella competici\u00f3n.<\/p>\n<p>Para pelear frente a Vollering est\u00e1 <a href=\"https:\/\/www.welovecycling.com\/es\/2025\/01\/29\/temporada-ciclismo-femenino-2025\/\">Kasia Niewiadoma<\/a>. La polaca es la vigente ganadora del Tour, pero este a\u00f1o no ha brillado. Se cay\u00f3 en Strade Bianche y desde entonces ha sumado dos cuartos puestos en Flandes y Flecha Valona, aunque en Lieja se descolg\u00f3 demasiado pronto. A\u00fan as\u00ed, es una corredora de fondo que suele rendir muy bien al final de las grandes vueltas y la etapa de <a href=\"https:\/\/www.welovecycling.com\/es\/2025\/03\/13\/vuelta-femenina-2025\/\">Cotobello<\/a> puede ser su gran aliada.<\/p>\n<p><strong>Anna Van der Breggen con el SD Worx s<\/strong>iempre son aspirantes, aunque est\u00e1 por ver como reacciona la holandesa despu\u00e9s de los dos a\u00f1os de par\u00f3n. En La Vuelta a la Comunidad Valencia ya fue tercera y segunda en Strade Bianche, pero eso era marzo. Sino el equipo siempre tiene a la joven <strong>Mischa Bredewold,<\/strong> ganadora en Amstel, como aspirante por si fallase el plan A.<br \/>\n<a href=\"https:\/\/d2p6e6u75xmxt8.cloudfront.net\/6\/2025\/05\/vanderbreggen.webp\"><img loading=\"lazy\" decoding=\"async\" class=\"aligncenter size-full wp-image-11640\" src=\"https:\/\/d2p6e6u75xmxt8.cloudfront.net\/6\/2025\/05\/vanderbreggen.webp\" alt=\"\" width=\"1000\" height=\"667\" srcset=\"https:\/\/d2p6e6u75xmxt8.cloudfront.net\/6\/2025\/05\/vanderbreggen.webp 1000w, https:\/\/d2p6e6u75xmxt8.cloudfront.net\/6\/2025\/05\/vanderbreggen-300x200.webp 300w, https:\/\/d2p6e6u75xmxt8.cloudfront.net\/6\/2025\/05\/vanderbreggen-768x512.webp 768w, https:\/\/d2p6e6u75xmxt8.cloudfront.net\/6\/2025\/05\/vanderbreggen-400x267.webp 400w, https:\/\/d2p6e6u75xmxt8.cloudfront.net\/6\/2025\/05\/vanderbreggen-272x182.webp 272w\" sizes=\"auto, (max-width: 1000px) 100vw, 1000px\" \/><\/a><\/p>\n<p><strong>Movistar<\/strong> acude a esta Vuelta con dos ciclistas que aspiran, cuanto menos, al podio. <strong>Marlen Reusser<\/strong> tambi\u00e9n sali\u00f3 este a\u00f1o del SD Worx y siempre ha brillado en vueltas de una semana. Es cierto que no tiene la capacidad escaladora de sus rivales, pero es experta en ganar tiempo en etapas de media monta\u00f1a. A su lado <strong>Lianne Lippert<\/strong>, que acumula buenos puestos en Flandes y Flecha Valona.<\/p>\n<p>Para las primeras etapas habr\u00e1 que tener en cuenta al Visma Lease Bike, que llega con dos superclases, <strong>Marianne Vos, que ya ha ganado cuatro etapas en La Vuelta y Pauline Ferrand Prevod<\/strong>, que ha retornado al ciclismo de carretera en 2025 con una victoria de tanto relumbr\u00f3n como la Paris Roubaix. Ninguna parece capacitada para competir en la etapa final de Cotobello, pero ser\u00e1n protagonistas en las seis etapa restantes.<\/p>\n<p>La participaci\u00f3n espa\u00f1ola la encabeza la incombustible <strong>Mavi Garcia<\/strong> al frente de LIV Alula. Este a\u00f1o todav\u00eda no ha brillado y lleva sin competir desde marzo en Milan SanRemo esperando a La Vuelta. En el AG est\u00e1 Mireia Benito, que en 2024 fue la m\u00e1s combativa, mientras que en el Movistar a Sara Martin seguramente le tocar\u00e1 trabajar. Los dos equipos continentales, <strong><a href=\"https:\/\/www.fundacioneuskadi.eus\/equipo\/equipo-femenino\">Laboral Kutxa<\/a> y Eneicat,<\/strong> est\u00e1n ante su gran oportunidad del a\u00f1o.\u00a0 Entre ambos seis ciclistas nacionales m\u00e1s, con Ane Santesteban como referencia.<\/p>\n<p>&nbsp;<\/p>\n<hr class=\"\" data-start=\"1057\" data-end=\"1060\" \/>\n<h2 class=\"\" data-start=\"1062\" data-end=\"1103\">RECORRIDO: MONTA\u00d1A Y EMBOSCADAS<\/h2>\n<p>La Vuelta 2025 arranca el domingo 4 de mayo con la crono por equipos de Barcelona solo ocho kil\u00f3metros por la parte noble de la ciudad, de la Diagonal a Pedralbes, ser\u00e1 suficiente para abrir los primeros huecos en las favoritas.<\/p>\n<p>Las dos siguientes jornadas, lunes 5 y martes 6 de mayo, apuntan a llega al sprint, aunque en La Vuelta suelen aparecer los abanicos, como en las etapas de La Roda en 2023 y Zaragoza en 2024, que acaban siendo decisivas para el devenir de la carrera. La primera ir\u00e1de Sant Boi de Llobregat a Molins de Rei, todav\u00eda en los alrededores de Barcelona, y luego al d\u00eda siguiente entre Barbastro y Huesca por las planicies del norte de Arag\u00f3n. Entre las mujeres r\u00e1pidas, Vos y Paternoster.<\/p>\n<h2><strong>Emboscadas<\/strong><\/h2>\n<p>El mi\u00e9rcoles 7 de mayo llega una etapa propicia para emboscadas y para que las favoritas que no est\u00e9n atentas puedan perder tiempo. Las monta\u00f1as aragonesas y un territorio agreste pueden hacer el resto. Entre Pedrola y Borja se sube primero el <strong>Moncayo<\/strong>, un segunda que puede hacer diferencias y despu\u00e9s el Puerto del Buste, con la cima a solo 11 kil\u00f3metros (todos en bajada) hasta la l\u00ednea de meta de Borja.<\/p>\n<p>Ser\u00e1 la antesala de la primera llegada en alto, las m\u00edticas Lagunas de Neila burgalesas. Una etapa larga, de 120 kil\u00f3metros, con terreno complicado desde la salida de Golmayo, con un puerto previo, el segunda Alto de Rozavientos y sobre todo un final dur\u00edsimo en las <strong>Lagunas de Neila<\/strong>, que siempre hacen diferencias, tanto en la Vuelta a Burgos masculina como femenina.<\/p>\n<p><img loading=\"lazy\" decoding=\"async\" class=\"alignnone size-extra-large\" src=\"https:\/\/img.aso.fr\/core_app\/img-cycling-lvf-png\/5\/5097\/0:0,1771:1319-960-0-70\/9b929\" width=\"960\" height=\"715\" \/><\/p>\n<p>La pen\u00faltima etapa en la planicie palentina entre Becerril de Campos y Baltan\u00e1s no deber\u00eda tener incidencia en la general, salvo que aparezca el viento y haya equipos dispuestos a recuperar el tiempo perdido en la monta\u00f1a.<\/p>\n<h2><strong>Cotobello<\/strong><\/h2>\n<p>Todo desembocar\u00e1 en una jornada final de alt\u00edsima monta\u00f1a <a href=\"https:\/\/www.lavueltafemenina.es\/es\/etapa-7\">de 150 kil\u00f3metros,<\/a> una distancia poco habitual en el ciclismo femenino. Se sale de La Robla para descender el puerto de Pajares y entrar en Asturias. Dos puertos complicados como Colladona y Colladiella, con subidas duras y descensos peligrosos (sobre todo si hay lluvia) y un final en Cotobello con sus 10 kil\u00f3metros a una media del 8%, suficiente para recuperar m\u00e1s de un minuto y dinamitar la clasificaci\u00f3n general.<\/p>\n<p><img loading=\"lazy\" decoding=\"async\" class=\"alignnone size-extra-large\" src=\"https:\/\/img.aso.fr\/core_app\/img-cycling-lvf-png\/7\/5101\/0:0,2194:1293-960-0-70\/6dfac\" width=\"960\" height=\"566\" \/><\/p>\n<p><strong>Etapas:<\/strong><\/p>\n<p>\u00b7\u00a0Domingo 4 de mayo, 1\u00aa etapa: Barcelona Barcelona (contrarreloj por equipos, 8 km)<\/p>\n<p>\u00b7\u00a0Lunes 5 de mayo, 2\u00aa etapa: Molins de Rei Sant Boi de Llobregat (99 km)<\/p>\n<p>\u00b7\u00a0Martes 6 de mayo, 3\u00aa etapa: Barbastro Huesca (132 km)<\/p>\n<p>\u00b7\u00a0Mi\u00e9rcoles 7 de mayo, 4\u00aa etapa: Pedrola Borja (111 km)<\/p>\n<p>\u00b7\u00a0Jueves 8 de mayo, 5\u00aa etapa:\u00a0Golmayo\u00a0Lagunas de Neila (120 km)<\/p>\n<p>\u00b7\u00a0Viernes 9 de mayo, 6\u00aa etapa: Becerril de Campos Baltan\u00e1s (126 km)<\/p>\n<p>\u00b7\u00a0S\u00e1bado 10 de mayo, 7\u00aa etapa: La Robla\u00a0Cotobello. Asturias (152 km)<\/p>\n<p><img loading=\"lazy\" decoding=\"async\" class=\"alignnone size-extra-large\" src=\"https:\/\/img.aso.fr\/core_app\/img-cycling-lvf-png\/vf25-mapa-recorrido-rrss-1080x1350px\/5081\/0:0,2250:2813-2400-0-70\/c352a\" width=\"2400\" height=\"3001\" \/><\/p>\n","protected":false},"excerpt":{"rendered":"<p>La relaci\u00f3n de idilio entre la Vuelta a Espa\u00f1a Femenina y Demi Vollering se extiende ya por tres a\u00f1os. La [&hellip;]<\/p>\n","protected":false},"author":29,"featured_media":11639,"comment_status":"open","ping_status":"open","sticky":false,"template":"","format":"standard","meta":{"footnotes":""},"categories":[7],"tags":[],"global-categories":[1164],"class_list":["post-11637","post","type-post","status-publish","format-standard","has-post-thumbnail","hentry","category-carretera","global-categories-cycling"],"yoast_head":"<!-- This site is optimized with the Yoast SEO Premium plugin v25.3 (Yoast SEO v25.9) - https:\/\/yoast.com\/wordpress\/plugins\/seo\/ -->\n<title>La Vuelta Femenina 2025 mira a Demi Vollering - \u0160koda We Love Cycling - Spain<\/title>\n<meta name=\"description\" content=\"La Vuelta Femenina 2025 mira a Demi Vollering. La holandesa es la gran favorita frente a Van der Breggen y Niewiadoma.\" \/>\n<meta name=\"robots\" content=\"index, follow, max-snippet:-1, max-image-preview:large, max-video-preview:-1\" \/>\n<link rel=\"canonical\" href=\"https:\/\/www.welovecycling.com\/es\/2025\/05\/03\/la-vuelta-femenina-2025-mira-a-demi-vollering\/\" \/>\n<meta property=\"og:locale\" content=\"es_ES\" \/>\n<meta property=\"og:type\" content=\"article\" \/>\n<meta property=\"og:title\" content=\"La Vuelta Femenina 2025 mira a Demi Vollering\" \/>\n<meta property=\"og:description\" content=\"La Vuelta Femenina 2025 mira a Demi Vollering. La holandesa es la gran favorita frente a Van der Breggen y Niewiadoma.\" \/>\n<meta property=\"og:url\" content=\"https:\/\/www.welovecycling.com\/es\/2025\/05\/03\/la-vuelta-femenina-2025-mira-a-demi-vollering\/\" \/>\n<meta property=\"og:site_name\" content=\"\u0160koda We Love Cycling - Spain\" \/>\n<meta property=\"article:published_time\" content=\"2025-05-03T08:00:16+00:00\" \/>\n<meta property=\"og:image\" content=\"https:\/\/d2p6e6u75xmxt8.cloudfront.net\/6\/2025\/05\/vollering-2.webp\" \/>\n\t<meta property=\"og:image:width\" content=\"1000\" \/>\n\t<meta property=\"og:image:height\" content=\"667\" \/>\n\t<meta property=\"og:image:type\" content=\"image\/webp\" \/>\n<meta name=\"author\" content=\"We Love Cycling Spain\" \/>\n<meta name=\"twitter:card\" content=\"summary_large_image\" \/>\n<meta name=\"twitter:description\" content=\"La Vuelta Femenina 2025 mira a Demi Vollering. La holandesa es la gran favorita frente a Van der Breggen y Niewiadoma.\" \/>\n<meta name=\"twitter:label1\" content=\"Written by\" \/>\n\t<meta name=\"twitter:data1\" content=\"Luis Ortega @ciclored\" \/>\n\t<meta name=\"twitter:label2\" content=\"Est. reading time\" \/>\n\t<meta name=\"twitter:data2\" content=\"6 minutes\" \/>\n<script type=\"application\/ld+json\" class=\"yoast-schema-graph\">{\"@context\":\"https:\/\/schema.org\",\"@graph\":[{\"@type\":\"WebPage\",\"@id\":\"https:\/\/www.welovecycling.com\/es\/2025\/05\/03\/la-vuelta-femenina-2025-mira-a-demi-vollering\/\",\"url\":\"https:\/\/www.welovecycling.com\/es\/2025\/05\/03\/la-vuelta-femenina-2025-mira-a-demi-vollering\/\",\"name\":\"La Vuelta Femenina 2025 mira a Demi Vollering - \u0160koda We Love Cycling - Spain\",\"isPartOf\":{\"@id\":\"https:\/\/www.welovecycling.com\/es\/#website\"},\"primaryImageOfPage\":{\"@id\":\"https:\/\/www.welovecycling.com\/es\/2025\/05\/03\/la-vuelta-femenina-2025-mira-a-demi-vollering\/#primaryimage\"},\"image\":{\"@id\":\"https:\/\/www.welovecycling.com\/es\/2025\/05\/03\/la-vuelta-femenina-2025-mira-a-demi-vollering\/#primaryimage\"},\"thumbnailUrl\":\"https:\/\/d2p6e6u75xmxt8.cloudfront.net\/6\/2025\/05\/vollering-2.webp\",\"datePublished\":\"2025-05-03T08:00:16+00:00\",\"author\":{\"@id\":\"https:\/\/www.welovecycling.com\/es\/#\/schema\/person\/deb61715b5812698ee79fb96f343ccd4\"},\"description\":\"La Vuelta Femenina 2025 mira a Demi Vollering. La holandesa es la gran favorita frente a Van der Breggen y Niewiadoma.\",\"breadcrumb\":{\"@id\":\"https:\/\/www.welovecycling.com\/es\/2025\/05\/03\/la-vuelta-femenina-2025-mira-a-demi-vollering\/#breadcrumb\"},\"inLanguage\":\"es-ES\",\"potentialAction\":[{\"@type\":\"ReadAction\",\"target\":[\"https:\/\/www.welovecycling.com\/es\/2025\/05\/03\/la-vuelta-femenina-2025-mira-a-demi-vollering\/\"]}]},{\"@type\":\"ImageObject\",\"inLanguage\":\"es-ES\",\"@id\":\"https:\/\/www.welovecycling.com\/es\/2025\/05\/03\/la-vuelta-femenina-2025-mira-a-demi-vollering\/#primaryimage\",\"url\":\"https:\/\/d2p6e6u75xmxt8.cloudfront.net\/6\/2025\/05\/vollering-2.webp\",\"contentUrl\":\"https:\/\/d2p6e6u75xmxt8.cloudfront.net\/6\/2025\/05\/vollering-2.webp\",\"width\":1000,\"height\":667},{\"@type\":\"BreadcrumbList\",\"@id\":\"https:\/\/www.welovecycling.com\/es\/2025\/05\/03\/la-vuelta-femenina-2025-mira-a-demi-vollering\/#breadcrumb\",\"itemListElement\":[{\"@type\":\"ListItem\",\"position\":1,\"name\":\"Home\",\"item\":\"https:\/\/www.welovecycling.com\/es\/\"},{\"@type\":\"ListItem\",\"position\":2,\"name\":\"La Vuelta Femenina 2025 mira a Demi Vollering\"}]},{\"@type\":\"WebSite\",\"@id\":\"https:\/\/www.welovecycling.com\/es\/#website\",\"url\":\"https:\/\/www.welovecycling.com\/es\/\",\"name\":\"\u0160koda We Love Cycling - Spain\",\"description\":\"\u0160koda WeLoveCycling Spain\",\"potentialAction\":[{\"@type\":\"SearchAction\",\"target\":{\"@type\":\"EntryPoint\",\"urlTemplate\":\"https:\/\/www.welovecycling.com\/es\/?s={search_term_string}\"},\"query-input\":{\"@type\":\"PropertyValueSpecification\",\"valueRequired\":true,\"valueName\":\"search_term_string\"}}],\"inLanguage\":\"es-ES\"},{\"@type\":\"Person\",\"@id\":\"https:\/\/www.welovecycling.com\/es\/#\/schema\/person\/deb61715b5812698ee79fb96f343ccd4\",\"name\":\"We Love Cycling Spain\",\"image\":{\"@type\":\"ImageObject\",\"inLanguage\":\"es-ES\",\"@id\":\"https:\/\/www.welovecycling.com\/es\/#\/schema\/person\/image\/\",\"url\":\"https:\/\/secure.gravatar.com\/avatar\/c824b04e6df0e37a03219d0b6481672889df542894588964102459e46513159c?s=96&d=mm&r=g\",\"contentUrl\":\"https:\/\/secure.gravatar.com\/avatar\/c824b04e6df0e37a03219d0b6481672889df542894588964102459e46513159c?s=96&d=mm&r=g\",\"caption\":\"We Love Cycling Spain\"},\"url\":\"https:\/\/www.welovecycling.com\/es\/author\/amunoz\/\"}]}<\/script>\n<!-- \/ Yoast SEO Premium plugin. -->","yoast_head_json":{"title":"La Vuelta Femenina 2025 mira a Demi Vollering - \u0160koda We Love Cycling - Spain","description":"La Vuelta Femenina 2025 mira a Demi Vollering. La holandesa es la gran favorita frente a Van der Breggen y Niewiadoma.","robots":{"index":"index","follow":"follow","max-snippet":"max-snippet:-1","max-image-preview":"max-image-preview:large","max-video-preview":"max-video-preview:-1"},"canonical":"https:\/\/www.welovecycling.com\/es\/2025\/05\/03\/la-vuelta-femenina-2025-mira-a-demi-vollering\/","og_locale":"es_ES","og_type":"article","og_title":"La Vuelta Femenina 2025 mira a Demi Vollering","og_description":"La Vuelta Femenina 2025 mira a Demi Vollering. La holandesa es la gran favorita frente a Van der Breggen y Niewiadoma.","og_url":"https:\/\/www.welovecycling.com\/es\/2025\/05\/03\/la-vuelta-femenina-2025-mira-a-demi-vollering\/","og_site_name":"\u0160koda We Love Cycling - Spain","article_published_time":"2025-05-03T08:00:16+00:00","og_image":[{"width":1000,"height":667,"url":"https:\/\/d2p6e6u75xmxt8.cloudfront.net\/6\/2025\/05\/vollering-2.webp","type":"image\/webp"}],"author":"We Love Cycling Spain","twitter_card":"summary_large_image","twitter_description":"La Vuelta Femenina 2025 mira a Demi Vollering. La holandesa es la gran favorita frente a Van der Breggen y Niewiadoma.","twitter_misc":{"Written by":"Luis Ortega @ciclored","Est. reading time":"6 minutes"},"schema":{"@context":"https:\/\/schema.org","@graph":[{"@type":"WebPage","@id":"https:\/\/www.welovecycling.com\/es\/2025\/05\/03\/la-vuelta-femenina-2025-mira-a-demi-vollering\/","url":"https:\/\/www.welovecycling.com\/es\/2025\/05\/03\/la-vuelta-femenina-2025-mira-a-demi-vollering\/","name":"La Vuelta Femenina 2025 mira a Demi Vollering - \u0160koda We Love Cycling - Spain","isPartOf":{"@id":"https:\/\/www.welovecycling.com\/es\/#website"},"primaryImageOfPage":{"@id":"https:\/\/www.welovecycling.com\/es\/2025\/05\/03\/la-vuelta-femenina-2025-mira-a-demi-vollering\/#primaryimage"},"image":{"@id":"https:\/\/www.welovecycling.com\/es\/2025\/05\/03\/la-vuelta-femenina-2025-mira-a-demi-vollering\/#primaryimage"},"thumbnailUrl":"https:\/\/d2p6e6u75xmxt8.cloudfront.net\/6\/2025\/05\/vollering-2.webp","datePublished":"2025-05-03T08:00:16+00:00","author":{"@id":"https:\/\/www.welovecycling.com\/es\/#\/schema\/person\/deb61715b5812698ee79fb96f343ccd4"},"description":"La Vuelta Femenina 2025 mira a Demi Vollering. La holandesa es la gran favorita frente a Van der Breggen y Niewiadoma.","breadcrumb":{"@id":"https:\/\/www.welovecycling.com\/es\/2025\/05\/03\/la-vuelta-femenina-2025-mira-a-demi-vollering\/#breadcrumb"},"inLanguage":"es-ES","potentialAction":[{"@type":"ReadAction","target":["https:\/\/www.welovecycling.com\/es\/2025\/05\/03\/la-vuelta-femenina-2025-mira-a-demi-vollering\/"]}]},{"@type":"ImageObject","inLanguage":"es-ES","@id":"https:\/\/www.welovecycling.com\/es\/2025\/05\/03\/la-vuelta-femenina-2025-mira-a-demi-vollering\/#primaryimage","url":"https:\/\/d2p6e6u75xmxt8.cloudfront.net\/6\/2025\/05\/vollering-2.webp","contentUrl":"https:\/\/d2p6e6u75xmxt8.cloudfront.net\/6\/2025\/05\/vollering-2.webp","width":1000,"height":667},{"@type":"BreadcrumbList","@id":"https:\/\/www.welovecycling.com\/es\/2025\/05\/03\/la-vuelta-femenina-2025-mira-a-demi-vollering\/#breadcrumb","itemListElement":[{"@type":"ListItem","position":1,"name":"Home","item":"https:\/\/www.welovecycling.com\/es\/"},{"@type":"ListItem","position":2,"name":"La Vuelta Femenina 2025 mira a Demi Vollering"}]},{"@type":"WebSite","@id":"https:\/\/www.welovecycling.com\/es\/#website","url":"https:\/\/www.welovecycling.com\/es\/","name":"\u0160koda We Love Cycling - Spain","description":"\u0160koda WeLoveCycling Spain","potentialAction":[{"@type":"SearchAction","target":{"@type":"EntryPoint","urlTemplate":"https:\/\/www.welovecycling.com\/es\/?s={search_term_string}"},"query-input":{"@type":"PropertyValueSpecification","valueRequired":true,"valueName":"search_term_string"}}],"inLanguage":"es-ES"},{"@type":"Person","@id":"https:\/\/www.welovecycling.com\/es\/#\/schema\/person\/deb61715b5812698ee79fb96f343ccd4","name":"We Love Cycling Spain","image":{"@type":"ImageObject","inLanguage":"es-ES","@id":"https:\/\/www.welovecycling.com\/es\/#\/schema\/person\/image\/","url":"https:\/\/secure.gravatar.com\/avatar\/c824b04e6df0e37a03219d0b6481672889df542894588964102459e46513159c?s=96&d=mm&r=g","contentUrl":"https:\/\/secure.gravatar.com\/avatar\/c824b04e6df0e37a03219d0b6481672889df542894588964102459e46513159c?s=96&d=mm&r=g","caption":"We Love Cycling Spain"},"url":"https:\/\/www.welovecycling.com\/es\/author\/amunoz\/"}]}},"_links":{"self":[{"href":"https:\/\/www.welovecycling.com\/es\/wp-json\/wp\/v2\/posts\/11637","targetHints":{"allow":["GET"]}}],"collection":[{"href":"https:\/\/www.welovecycling.com\/es\/wp-json\/wp\/v2\/posts"}],"about":[{"href":"https:\/\/www.welovecycling.com\/es\/wp-json\/wp\/v2\/types\/post"}],"author":[{"embeddable":true,"href":"https:\/\/www.welovecycling.com\/es\/wp-json\/wp\/v2\/users\/29"}],"replies":[{"embeddable":true,"href":"https:\/\/www.welovecycling.com\/es\/wp-json\/wp\/v2\/comments?post=11637"}],"version-history":[{"count":2,"href":"https:\/\/www.welovecycling.com\/es\/wp-json\/wp\/v2\/posts\/11637\/revisions"}],"predecessor-version":[{"id":11641,"href":"https:\/\/www.welovecycling.com\/es\/wp-json\/wp\/v2\/posts\/11637\/revisions\/11641"}],"wp:featuredmedia":[{"embeddable":true,"href":"https:\/\/www.welovecycling.com\/es\/wp-json\/wp\/v2\/media\/11639"}],"wp:attachment":[{"href":"https:\/\/www.welovecycling.com\/es\/wp-json\/wp\/v2\/media?parent=11637"}],"wp:term":[{"taxonomy":"category","embeddable":true,"href":"https:\/\/www.welovecycling.com\/es\/wp-json\/wp\/v2\/categories?post=11637"},{"taxonomy":"post_tag","embeddable":true,"href":"https:\/\/www.welovecycling.com\/es\/wp-json\/wp\/v2\/tags?post=11637"},{"taxonomy":"global-categories","embeddable":true,"href":"https:\/\/www.welovecycling.com\/es\/wp-json\/wp\/v2\/global-categories?post=11637"}],"curies":[{"name":"wp","href":"https:\/\/api.w.org\/{rel}","templated":true}]}}