{"id":11631,"date":"2025-04-29T23:00:24","date_gmt":"2025-04-29T21:00:24","guid":{"rendered":"https:\/\/www.welovecycling.com\/es\/?p=11631"},"modified":"2025-04-29T23:00:24","modified_gmt":"2025-04-29T21:00:24","slug":"skoda-titan-desert-morocco-20","status":"publish","type":"post","link":"https:\/\/www.welovecycling.com\/es\/2025\/04\/29\/skoda-titan-desert-morocco-20\/","title":{"rendered":"La \u0160koda Titan Desert Morocco celebra su 20\u00aa edici\u00f3n: Aventura y \u00c9pica en el Desierto"},"content":{"rendered":"<p><strong><span class=\"relative -mx-px my-[-0.2rem] rounded px-px py-[0.2rem] transition-colors duration-100 ease-in-out\">\u0160koda repite como el patrocinador principal de la \u0160koda Titan Desert Morocco 2025, una edici\u00f3n muy especial que celebra el 20\u00ba aniversario de la aventura del desierto.<\/span> <span class=\"relative -mx-px my-[-0.2rem] rounded px-px py-[0.2rem] transition-colors duration-100 ease-in-out\">Del 1 al 6 de mayo, 505 bikers se enfrentan a un recorrido de 620 kil\u00f3metros a trav\u00e9s del desierto marroqu\u00ed, reviviendo la esencia de las primeras ediciones con etapas que son aut\u00e9nticos desaf\u00edos y que combinan dunas, navegaci\u00f3n y autosuficiencia.<\/span><\/strong><\/p>\n<p><!--more--><\/p>\n<p class=\"\" data-start=\"172\" data-end=\"253\"><span class=\"relative -mx-px my-[-0.2rem] rounded px-px py-[0.2rem] transition-colors duration-100 ease-in-out\">Como ya hab\u00edamos analizado, la \u0160koda Titan Desert Morocco 2025 propone un <a href=\"https:\/\/www.welovecycling.com\/es\/2025\/01\/03\/skoda-titan-desert-2025\/\">trazado que rinde homenaje<\/a> a sus or\u00edgenes y recupera su esencia, con etapas que recorren paisajes emblem\u00e1ticos:<\/span>\u200b<\/p>\n<ul data-start=\"255\" data-end=\"1055\">\n<li class=\"\" data-start=\"255\" data-end=\"383\">\n<p class=\"\" data-start=\"257\" data-end=\"383\"><strong data-start=\"257\" data-end=\"297\">Etapa 1: <a href=\"https:\/\/skodatitandesertmorocco.titanworldseries.com\/recorrido\/?utm_source=chatgpt.com\">Merzouga \u2013 Merzouga<\/a> (91 km)<\/strong><br data-start=\"297\" data-end=\"300\" \/><span class=\"relative -mx-px my-[-0.2rem] rounded px-px py-[0.2rem] transition-colors duration-100 ease-in-out\">Un bucle alrededor de Merzouga que incluye el ic\u00f3nico paso por las dunas del Erg Chebbi, ofreciendo un inicio espectacular y exigente.<\/span>\u200b<\/p>\n<\/li>\n<li class=\"\" data-start=\"385\" data-end=\"518\">\n<p class=\"\" data-start=\"387\" data-end=\"518\"><strong data-start=\"387\" data-end=\"432\">Etapa 2: <a href=\"https:\/\/skodatitandesertmorocco.titanworldseries.com\/recorrido\/?utm_source=chatgpt.com\">Merzouga \u2013 Ait ben Said<\/a> (120 km)<\/strong><br data-start=\"432\" data-end=\"435\" \/><span class=\"relative -mx-px my-[-0.2rem] rounded px-px py-[0.2rem] transition-colors duration-100 ease-in-out\">Una jornada marcada por la navegaci\u00f3n y la dureza del terreno, rodando por las faldas de la cordillera del Atlas.<\/span>\u200b<\/p>\n<\/li>\n<li class=\"\" data-start=\"520\" data-end=\"654\">\n<p class=\"\" data-start=\"522\" data-end=\"654\"><strong data-start=\"522\" data-end=\"566\">Etapa 3: <a href=\"https:\/\/skodatitandesertmorocco.titanworldseries.com\/recorrido\/?utm_source=chatgpt.com\">Ait ben Said \u2013 Tazlarte<\/a> (90 km)<\/strong><br data-start=\"566\" data-end=\"569\" \/><span class=\"relative -mx-px my-[-0.2rem] rounded px-px py-[0.2rem] transition-colors duration-100 ease-in-out\">La \u00fanica etapa de monta\u00f1a, con 1.328 metros de desnivel y el tramo \u0160koda Challenge, una subida cronometrada que bonificar\u00e1 con 60 segundos al m\u00e1s r\u00e1pido y la m\u00e1s r\u00e1pida.<\/span>\u200b<\/p>\n<\/li>\n<li class=\"\" data-start=\"520\" data-end=\"654\">\n<p class=\"\" data-start=\"522\" data-end=\"654\"><strong data-start=\"658\" data-end=\"700\">Etapa 4: <a href=\"http:\/\/Diario AS+2\u0160koda We Love Cycling+2skodatitandesertmorocco.titanworldseries.com+2\">Tazlarte \u2013 Tafroukht<\/a> (104 km)<\/strong><br data-start=\"700\" data-end=\"703\" \/><span class=\"relative -mx-px my-[-0.2rem] rounded px-px py-[0.2rem] transition-colors duration-100 ease-in-out\">Inicio de la etapa marat\u00f3n, donde los participantes deber\u00e1n ser autosuficientes, sin asistencia externa ni comodidades habituales.<\/span>\u200b<\/p>\n<\/li>\n<li class=\"\" data-start=\"792\" data-end=\"924\">\n<p class=\"\" data-start=\"794\" data-end=\"924\"><strong data-start=\"794\" data-end=\"834\">Etapa 5: <a href=\"https:\/\/skodatitandesertmorocco.titanworldseries.com\/recorrido\/?utm_source=chatgpt.com\">Tafroukht \u2013 El Jorf<\/a> (91 km)<\/strong><br data-start=\"834\" data-end=\"837\" \/><span class=\"relative -mx-px my-[-0.2rem] rounded px-px py-[0.2rem] transition-colors duration-100 ease-in-out\">Segundo d\u00eda de la etapa marat\u00f3n, atravesando paisajes cl\u00e1sicos y desafiantes, con \u00e9nfasis en la navegaci\u00f3n.<\/span>\u200b<\/p>\n<\/li>\n<li class=\"\" data-start=\"926\" data-end=\"1055\">\n<p class=\"\" data-start=\"928\" data-end=\"1055\"><strong data-start=\"928\" data-end=\"965\">Etapa 6: <a href=\"https:\/\/skodatitandesertmorocco.titanworldseries.com\/recorrido\/\">El Jorf \u2013 Maadid<\/a> (61 km)<\/strong><br data-start=\"965\" data-end=\"968\" \/><span class=\"relative -mx-px my-[-0.2rem] rounded px-px py-[0.2rem] transition-colors duration-100 ease-in-out\">Una etapa final corta pero variada, con tramos de arena, piedra y un peque\u00f1o cord\u00f3n de dunas antes de llegar a la meta en Maadid.<\/span><\/p>\n<p><iframe loading=\"lazy\" title=\"OFFICIAL ROUTE I \u0160KODA TITAN DESERT MOROCCO 2025\" src=\"https:\/\/www.youtube-nocookie.com\/embed\/68mgxFyGmOg\" width=\"1200\" height=\"675\" frameborder=\"0\" allowfullscreen=\"allowfullscreen\"><\/iframe><\/li>\n<\/ul>\n<hr class=\"\" data-start=\"1057\" data-end=\"1060\" \/>\n<h2 class=\"\" data-start=\"1062\" data-end=\"1103\">\u0160koda Challenge: premiando el esfuerzo<\/h2>\n<p class=\"\" data-start=\"1105\" data-end=\"1230\"><span class=\"relative -mx-px my-[-0.2rem] rounded px-px py-[0.2rem] transition-colors duration-100 ease-in-out\">En la tercera etapa, los participantes se enfrentar\u00e1n al <strong>\u0160koda Challenge<\/strong>, una subida cronometrada que otorgar\u00e1 una bonificaci\u00f3n de 60 segundos en la clasificaci\u00f3n general al hombre y la mujer m\u00e1s r\u00e1pidos.<\/span> <span class=\"relative -mx-px my-[-0.2rem] rounded px-px py-[0.2rem] transition-colors duration-100 ease-in-out\">Este segmento destaca el compromiso de \u0160koda con el ciclismo y su apoyo a los desaf\u00edos que ponen a prueba la resistencia y habilidad de los ciclistas.<br \/>\n<\/span><\/p>\n<h2 class=\"\" data-start=\"1062\" data-end=\"1103\">\u0160koda Adventure: vuelta a los or\u00edgenes<\/h2>\n<div class=\"block-titan-plus-logo-y-texto normal-section no-padding-bottom block-visible\">\n<div class=\"wrap\">\n<div class=\"control\">\n<div class=\"texto\">\n<p>La <strong>\u0160koda Adventure<\/strong> es aquella categor\u00eda en la que no solo gana el que m\u00e1s corre, el que m\u00e1s watios mueve o el que lleva la bici m\u00e1s ligera. Premia a quien mejor se adapta a las condiciones, mejor compite de forma independiente y conoce c\u00f3mo cuidar y c\u00f3mo arreglar a su compa\u00f1era de batallas: la bicicleta.<\/p>\n<p>Para ser un \u0160koda Adventure el participante solo puede llevar un peque\u00f1o caj\u00f3n con todo lo necesario para la aventura, duerme siempre en una haima com\u00fan, como la de la etapa marat\u00f3n y solo tiene un espacio b\u00e1sico para reparar la bici. Pero sobre todo, no tiene ninguna ayuda externa. Solo se puede apoyar en otros Adventures y deber\u00e1 llevar siempre el maillot Adventure en todas las etapas.<\/p>\n<p><img loading=\"lazy\" decoding=\"async\" class=\"alignnone size-extra-large\" src=\"https:\/\/skodatitandesertmorocco.titanworldseries.com\/wp-content\/uploads\/2025\/01\/Marti_Milla-DSCF7530.jpg\" width=\"2048\" height=\"1365\" \/><\/p>\n<h2 class=\"\" data-start=\"1237\" data-end=\"1272\">Favoritos y aspirantes al t\u00edtulo<\/h2>\n<p class=\"\" data-start=\"1274\" data-end=\"1399\"><span class=\"relative -mx-px my-[-0.2rem] rounded px-px py-[0.2rem] transition-colors duration-100 ease-in-out\">En la categor\u00eda masculina, <strong>Luis Le\u00f3n S\u00e1nchez<\/strong> parte como favorito para revalidar su t\u00edtulo, respaldado por su experiencia y clase sobre la bicicleta.<\/span> <span class=\"relative -mx-px my-[-0.2rem] rounded px-px py-[0.2rem] transition-colors duration-100 ease-in-out\">Sin embargo, enfrentar\u00e1 la competencia de veteranos como Josep Betal\u00fa, tetracampe\u00f3n de la prueba, y de debutantes como Luis \u00c1ngel Mat\u00e9 y Andrey Amador, que buscar\u00e1n dejar su huella en el desierto.<\/span>\u200b<\/p>\n<p class=\"\" data-start=\"1401\" data-end=\"1526\"><span class=\"relative -mx-px my-[-0.2rem] rounded px-px py-[0.2rem] transition-colors duration-100 ease-in-out\">La ausencia de <strong>Tessa Kortekaas<\/strong> en la categor\u00eda femenina abre la puerta a nuevas aspirantes al t\u00edtulo.<\/span> <span class=\"relative -mx-px my-[-0.2rem] rounded px-px py-[0.2rem] transition-colors duration-100 ease-in-out\">Pili Fern\u00e1ndez, con varios podios en su haber, y Ramona Gabriel, bicampeona de la prueba, se perfilan como las principales candidatas, junto a corredoras como Annabel Fisher y Cristina Rico, que buscar\u00e1n sorprender en esta edici\u00f3n.<\/span>\u200b<\/p>\n<hr class=\"\" data-start=\"1528\" data-end=\"1531\" \/>\n<h2 class=\"\" data-start=\"1533\" data-end=\"1582\">Compromiso con la igualdad y la sostenibilidad<\/h2>\n<p class=\"\" data-start=\"1584\" data-end=\"1709\"><span class=\"relative -mx-px my-[-0.2rem] rounded px-px py-[0.2rem] transition-colors duration-100 ease-in-out\"><strong>\u0160koda<\/strong> reafirma su compromiso con la igualdad de g\u00e9nero a trav\u00e9s de la iniciativa SheTitan, que busca aumentar la participaci\u00f3n femenina en la carrera, con el objetivo de alcanzar las 100 mujeres en la l\u00ednea de salida.<\/span> <span class=\"relative -mx-px my-[-0.2rem] rounded px-px py-[0.2rem] transition-colors duration-100 ease-in-out\">Adem\u00e1s, se promueven acciones sostenibles y solidarias, como el programa Titan Life, que incluye iniciativas como &#8220;Residuos Cero&#8221; y apoyo a proyectos sociales en Marruecos.<\/span>\u200b<\/p>\n<hr class=\"\" data-start=\"1711\" data-end=\"1714\" \/>\n<p class=\"\" data-start=\"1716\" data-end=\"1841\"><span class=\"relative -mx-px my-[-0.2rem] rounded px-px py-[0.2rem] transition-colors duration-100 ease-in-out\">La <strong>\u0160koda Titan Desert Morocco 2025<\/strong> promete ser una edici\u00f3n inolvidable, combinando la esencia de la aventura con el esp\u00edritu de superaci\u00f3n que caracteriza a todos los Titanes.<\/span> <span class=\"relative -mx-px my-[-0.2rem] rounded px-px py-[0.2rem] transition-colors duration-100 ease-in-out\">\u0160koda, como patrocinador principal, celebra estos 20 a\u00f1os de historia y reafirma su compromiso con el ciclismo y los valores que representa esta emblem\u00e1tica carrera<\/span><\/p>\n<\/div>\n<\/div>\n<\/div>\n<\/div>\n","protected":false},"excerpt":{"rendered":"<p>\u0160koda repite como el patrocinador principal de la \u0160koda Titan Desert Morocco 2025, una edici\u00f3n muy especial que celebra el [&hellip;]<\/p>\n","protected":false},"author":29,"featured_media":11635,"comment_status":"open","ping_status":"open","sticky":false,"template":"","format":"standard","meta":{"footnotes":""},"categories":[9],"tags":[],"global-categories":[],"class_list":["post-11631","post","type-post","status-publish","format-standard","has-post-thumbnail","hentry","category-mtb-aventura"],"yoast_head":"<!-- This site is optimized with the Yoast SEO Premium plugin v25.3 (Yoast SEO v25.9) - https:\/\/yoast.com\/wordpress\/plugins\/seo\/ -->\n<title>La \u0160koda Titan Desert Morocco celebra su 20\u00aa edici\u00f3n: Aventura y \u00c9pica en el Desierto - \u0160koda We Love Cycling - Spain<\/title>\n<meta name=\"description\" content=\"\u0160koda repite como el patrocinador principal de la \u0160koda Titan Desert Morocco 2025, una edici\u00f3n muy especial que celebra el 20\u00ba aniversario de la aventura del desierto\" \/>\n<meta name=\"robots\" content=\"index, follow, max-snippet:-1, max-image-preview:large, max-video-preview:-1\" \/>\n<link rel=\"canonical\" href=\"https:\/\/www.welovecycling.com\/es\/2025\/04\/29\/skoda-titan-desert-morocco-20\/\" \/>\n<meta property=\"og:locale\" content=\"es_ES\" \/>\n<meta property=\"og:type\" content=\"article\" \/>\n<meta property=\"og:title\" content=\"La \u0160koda Titan Desert Morocco celebra su 20\u00aa edici\u00f3n: Aventura y \u00c9pica en el Desierto\" \/>\n<meta property=\"og:description\" content=\"\u0160koda repite como el patrocinador principal de la \u0160koda Titan Desert Morocco 2025, una edici\u00f3n muy especial que celebra el 20\u00ba aniversario de la aventura del desierto\" \/>\n<meta property=\"og:url\" content=\"https:\/\/www.welovecycling.com\/es\/2025\/04\/29\/skoda-titan-desert-morocco-20\/\" \/>\n<meta property=\"og:site_name\" content=\"\u0160koda We Love Cycling - Spain\" \/>\n<meta property=\"article:published_time\" content=\"2025-04-29T21:00:24+00:00\" \/>\n<meta property=\"og:image\" content=\"https:\/\/d2p6e6u75xmxt8.cloudfront.net\/6\/2025\/04\/recorrido-skoda-titan-desert-morocco-2025.webp\" \/>\n\t<meta property=\"og:image:width\" content=\"1200\" \/>\n\t<meta property=\"og:image:height\" content=\"800\" \/>\n\t<meta property=\"og:image:type\" content=\"image\/webp\" \/>\n<meta name=\"author\" content=\"We Love Cycling Spain\" \/>\n<meta name=\"twitter:card\" content=\"summary_large_image\" \/>\n<meta name=\"twitter:description\" content=\"\u0160koda repite como el patrocinador principal de la \u0160koda Titan Desert Morocco 2025, una edici\u00f3n muy especial que celebra el 20\u00ba aniversario de la aventura del desierto\" \/>\n<meta name=\"twitter:label1\" content=\"Written by\" \/>\n\t<meta name=\"twitter:data1\" content=\"Luis Ortega @ciclored\" \/>\n\t<meta name=\"twitter:label2\" content=\"Est. reading time\" \/>\n\t<meta name=\"twitter:data2\" content=\"4 minutes\" \/>\n<script type=\"application\/ld+json\" class=\"yoast-schema-graph\">{\"@context\":\"https:\/\/schema.org\",\"@graph\":[{\"@type\":\"WebPage\",\"@id\":\"https:\/\/www.welovecycling.com\/es\/2025\/04\/29\/skoda-titan-desert-morocco-20\/\",\"url\":\"https:\/\/www.welovecycling.com\/es\/2025\/04\/29\/skoda-titan-desert-morocco-20\/\",\"name\":\"La \u0160koda Titan Desert Morocco celebra su 20\u00aa edici\u00f3n: Aventura y \u00c9pica en el Desierto - \u0160koda We Love Cycling - Spain\",\"isPartOf\":{\"@id\":\"https:\/\/www.welovecycling.com\/es\/#website\"},\"primaryImageOfPage\":{\"@id\":\"https:\/\/www.welovecycling.com\/es\/2025\/04\/29\/skoda-titan-desert-morocco-20\/#primaryimage\"},\"image\":{\"@id\":\"https:\/\/www.welovecycling.com\/es\/2025\/04\/29\/skoda-titan-desert-morocco-20\/#primaryimage\"},\"thumbnailUrl\":\"https:\/\/d2p6e6u75xmxt8.cloudfront.net\/6\/2025\/04\/recorrido-skoda-titan-desert-morocco-2025.webp\",\"datePublished\":\"2025-04-29T21:00:24+00:00\",\"author\":{\"@id\":\"https:\/\/www.welovecycling.com\/es\/#\/schema\/person\/deb61715b5812698ee79fb96f343ccd4\"},\"description\":\"\u0160koda repite como el patrocinador principal de la \u0160koda Titan Desert Morocco 2025, una edici\u00f3n muy especial que celebra el 20\u00ba aniversario de la aventura del desierto\",\"breadcrumb\":{\"@id\":\"https:\/\/www.welovecycling.com\/es\/2025\/04\/29\/skoda-titan-desert-morocco-20\/#breadcrumb\"},\"inLanguage\":\"es-ES\",\"potentialAction\":[{\"@type\":\"ReadAction\",\"target\":[\"https:\/\/www.welovecycling.com\/es\/2025\/04\/29\/skoda-titan-desert-morocco-20\/\"]}]},{\"@type\":\"ImageObject\",\"inLanguage\":\"es-ES\",\"@id\":\"https:\/\/www.welovecycling.com\/es\/2025\/04\/29\/skoda-titan-desert-morocco-20\/#primaryimage\",\"url\":\"https:\/\/d2p6e6u75xmxt8.cloudfront.net\/6\/2025\/04\/recorrido-skoda-titan-desert-morocco-2025.webp\",\"contentUrl\":\"https:\/\/d2p6e6u75xmxt8.cloudfront.net\/6\/2025\/04\/recorrido-skoda-titan-desert-morocco-2025.webp\",\"width\":1200,\"height\":800},{\"@type\":\"BreadcrumbList\",\"@id\":\"https:\/\/www.welovecycling.com\/es\/2025\/04\/29\/skoda-titan-desert-morocco-20\/#breadcrumb\",\"itemListElement\":[{\"@type\":\"ListItem\",\"position\":1,\"name\":\"Home\",\"item\":\"https:\/\/www.welovecycling.com\/es\/\"},{\"@type\":\"ListItem\",\"position\":2,\"name\":\"La \u0160koda Titan Desert Morocco celebra su 20\u00aa edici\u00f3n: Aventura y \u00c9pica en el Desierto\"}]},{\"@type\":\"WebSite\",\"@id\":\"https:\/\/www.welovecycling.com\/es\/#website\",\"url\":\"https:\/\/www.welovecycling.com\/es\/\",\"name\":\"\u0160koda We Love Cycling - Spain\",\"description\":\"\u0160koda WeLoveCycling Spain\",\"potentialAction\":[{\"@type\":\"SearchAction\",\"target\":{\"@type\":\"EntryPoint\",\"urlTemplate\":\"https:\/\/www.welovecycling.com\/es\/?s={search_term_string}\"},\"query-input\":{\"@type\":\"PropertyValueSpecification\",\"valueRequired\":true,\"valueName\":\"search_term_string\"}}],\"inLanguage\":\"es-ES\"},{\"@type\":\"Person\",\"@id\":\"https:\/\/www.welovecycling.com\/es\/#\/schema\/person\/deb61715b5812698ee79fb96f343ccd4\",\"name\":\"We Love Cycling Spain\",\"image\":{\"@type\":\"ImageObject\",\"inLanguage\":\"es-ES\",\"@id\":\"https:\/\/www.welovecycling.com\/es\/#\/schema\/person\/image\/\",\"url\":\"https:\/\/secure.gravatar.com\/avatar\/c824b04e6df0e37a03219d0b6481672889df542894588964102459e46513159c?s=96&d=mm&r=g\",\"contentUrl\":\"https:\/\/secure.gravatar.com\/avatar\/c824b04e6df0e37a03219d0b6481672889df542894588964102459e46513159c?s=96&d=mm&r=g\",\"caption\":\"We Love Cycling Spain\"},\"url\":\"https:\/\/www.welovecycling.com\/es\/author\/amunoz\/\"}]}<\/script>\n<!-- \/ Yoast SEO Premium plugin. -->","yoast_head_json":{"title":"La \u0160koda Titan Desert Morocco celebra su 20\u00aa edici\u00f3n: Aventura y \u00c9pica en el Desierto - \u0160koda We Love Cycling - Spain","description":"\u0160koda repite como el patrocinador principal de la \u0160koda Titan Desert Morocco 2025, una edici\u00f3n muy especial que celebra el 20\u00ba aniversario de la aventura del desierto","robots":{"index":"index","follow":"follow","max-snippet":"max-snippet:-1","max-image-preview":"max-image-preview:large","max-video-preview":"max-video-preview:-1"},"canonical":"https:\/\/www.welovecycling.com\/es\/2025\/04\/29\/skoda-titan-desert-morocco-20\/","og_locale":"es_ES","og_type":"article","og_title":"La \u0160koda Titan Desert Morocco celebra su 20\u00aa edici\u00f3n: Aventura y \u00c9pica en el Desierto","og_description":"\u0160koda repite como el patrocinador principal de la \u0160koda Titan Desert Morocco 2025, una edici\u00f3n muy especial que celebra el 20\u00ba aniversario de la aventura del desierto","og_url":"https:\/\/www.welovecycling.com\/es\/2025\/04\/29\/skoda-titan-desert-morocco-20\/","og_site_name":"\u0160koda We Love Cycling - Spain","article_published_time":"2025-04-29T21:00:24+00:00","og_image":[{"width":1200,"height":800,"url":"https:\/\/d2p6e6u75xmxt8.cloudfront.net\/6\/2025\/04\/recorrido-skoda-titan-desert-morocco-2025.webp","type":"image\/webp"}],"author":"We Love Cycling Spain","twitter_card":"summary_large_image","twitter_description":"\u0160koda repite como el patrocinador principal de la \u0160koda Titan Desert Morocco 2025, una edici\u00f3n muy especial que celebra el 20\u00ba aniversario de la aventura del desierto","twitter_misc":{"Written by":"Luis Ortega @ciclored","Est. reading time":"4 minutes"},"schema":{"@context":"https:\/\/schema.org","@graph":[{"@type":"WebPage","@id":"https:\/\/www.welovecycling.com\/es\/2025\/04\/29\/skoda-titan-desert-morocco-20\/","url":"https:\/\/www.welovecycling.com\/es\/2025\/04\/29\/skoda-titan-desert-morocco-20\/","name":"La \u0160koda Titan Desert Morocco celebra su 20\u00aa edici\u00f3n: Aventura y \u00c9pica en el Desierto - \u0160koda We Love Cycling - Spain","isPartOf":{"@id":"https:\/\/www.welovecycling.com\/es\/#website"},"primaryImageOfPage":{"@id":"https:\/\/www.welovecycling.com\/es\/2025\/04\/29\/skoda-titan-desert-morocco-20\/#primaryimage"},"image":{"@id":"https:\/\/www.welovecycling.com\/es\/2025\/04\/29\/skoda-titan-desert-morocco-20\/#primaryimage"},"thumbnailUrl":"https:\/\/d2p6e6u75xmxt8.cloudfront.net\/6\/2025\/04\/recorrido-skoda-titan-desert-morocco-2025.webp","datePublished":"2025-04-29T21:00:24+00:00","author":{"@id":"https:\/\/www.welovecycling.com\/es\/#\/schema\/person\/deb61715b5812698ee79fb96f343ccd4"},"description":"\u0160koda repite como el patrocinador principal de la \u0160koda Titan Desert Morocco 2025, una edici\u00f3n muy especial que celebra el 20\u00ba aniversario de la aventura del desierto","breadcrumb":{"@id":"https:\/\/www.welovecycling.com\/es\/2025\/04\/29\/skoda-titan-desert-morocco-20\/#breadcrumb"},"inLanguage":"es-ES","potentialAction":[{"@type":"ReadAction","target":["https:\/\/www.welovecycling.com\/es\/2025\/04\/29\/skoda-titan-desert-morocco-20\/"]}]},{"@type":"ImageObject","inLanguage":"es-ES","@id":"https:\/\/www.welovecycling.com\/es\/2025\/04\/29\/skoda-titan-desert-morocco-20\/#primaryimage","url":"https:\/\/d2p6e6u75xmxt8.cloudfront.net\/6\/2025\/04\/recorrido-skoda-titan-desert-morocco-2025.webp","contentUrl":"https:\/\/d2p6e6u75xmxt8.cloudfront.net\/6\/2025\/04\/recorrido-skoda-titan-desert-morocco-2025.webp","width":1200,"height":800},{"@type":"BreadcrumbList","@id":"https:\/\/www.welovecycling.com\/es\/2025\/04\/29\/skoda-titan-desert-morocco-20\/#breadcrumb","itemListElement":[{"@type":"ListItem","position":1,"name":"Home","item":"https:\/\/www.welovecycling.com\/es\/"},{"@type":"ListItem","position":2,"name":"La \u0160koda Titan Desert Morocco celebra su 20\u00aa edici\u00f3n: Aventura y \u00c9pica en el Desierto"}]},{"@type":"WebSite","@id":"https:\/\/www.welovecycling.com\/es\/#website","url":"https:\/\/www.welovecycling.com\/es\/","name":"\u0160koda We Love Cycling - Spain","description":"\u0160koda WeLoveCycling Spain","potentialAction":[{"@type":"SearchAction","target":{"@type":"EntryPoint","urlTemplate":"https:\/\/www.welovecycling.com\/es\/?s={search_term_string}"},"query-input":{"@type":"PropertyValueSpecification","valueRequired":true,"valueName":"search_term_string"}}],"inLanguage":"es-ES"},{"@type":"Person","@id":"https:\/\/www.welovecycling.com\/es\/#\/schema\/person\/deb61715b5812698ee79fb96f343ccd4","name":"We Love Cycling Spain","image":{"@type":"ImageObject","inLanguage":"es-ES","@id":"https:\/\/www.welovecycling.com\/es\/#\/schema\/person\/image\/","url":"https:\/\/secure.gravatar.com\/avatar\/c824b04e6df0e37a03219d0b6481672889df542894588964102459e46513159c?s=96&d=mm&r=g","contentUrl":"https:\/\/secure.gravatar.com\/avatar\/c824b04e6df0e37a03219d0b6481672889df542894588964102459e46513159c?s=96&d=mm&r=g","caption":"We Love Cycling Spain"},"url":"https:\/\/www.welovecycling.com\/es\/author\/amunoz\/"}]}},"_links":{"self":[{"href":"https:\/\/www.welovecycling.com\/es\/wp-json\/wp\/v2\/posts\/11631","targetHints":{"allow":["GET"]}}],"collection":[{"href":"https:\/\/www.welovecycling.com\/es\/wp-json\/wp\/v2\/posts"}],"about":[{"href":"https:\/\/www.welovecycling.com\/es\/wp-json\/wp\/v2\/types\/post"}],"author":[{"embeddable":true,"href":"https:\/\/www.welovecycling.com\/es\/wp-json\/wp\/v2\/users\/29"}],"replies":[{"embeddable":true,"href":"https:\/\/www.welovecycling.com\/es\/wp-json\/wp\/v2\/comments?post=11631"}],"version-history":[{"count":2,"href":"https:\/\/www.welovecycling.com\/es\/wp-json\/wp\/v2\/posts\/11631\/revisions"}],"predecessor-version":[{"id":11636,"href":"https:\/\/www.welovecycling.com\/es\/wp-json\/wp\/v2\/posts\/11631\/revisions\/11636"}],"wp:featuredmedia":[{"embeddable":true,"href":"https:\/\/www.welovecycling.com\/es\/wp-json\/wp\/v2\/media\/11635"}],"wp:attachment":[{"href":"https:\/\/www.welovecycling.com\/es\/wp-json\/wp\/v2\/media?parent=11631"}],"wp:term":[{"taxonomy":"category","embeddable":true,"href":"https:\/\/www.welovecycling.com\/es\/wp-json\/wp\/v2\/categories?post=11631"},{"taxonomy":"post_tag","embeddable":true,"href":"https:\/\/www.welovecycling.com\/es\/wp-json\/wp\/v2\/tags?post=11631"},{"taxonomy":"global-categories","embeddable":true,"href":"https:\/\/www.welovecycling.com\/es\/wp-json\/wp\/v2\/global-categories?post=11631"}],"curies":[{"name":"wp","href":"https:\/\/api.w.org\/{rel}","templated":true}]}}