{"id":11623,"date":"2025-04-17T11:41:51","date_gmt":"2025-04-17T09:41:51","guid":{"rendered":"https:\/\/www.welovecycling.com\/es\/?p=11623"},"modified":"2025-04-17T11:41:51","modified_gmt":"2025-04-17T09:41:51","slug":"adoquines-paris-roubaix","status":"publish","type":"post","link":"https:\/\/www.welovecycling.com\/es\/2025\/04\/17\/adoquines-paris-roubaix\/","title":{"rendered":"Los adoquines cinco estrellas de Paris Roubaix"},"content":{"rendered":"<p><strong>&#8220;Duele hasta andar por ellos&#8221;. La frase no es de ning\u00fan ciclista profesional, sino de los aficionados que cada segundo domingo de abril pisan sobre los adoquines m\u00e1s famosos de la Paris Roubaix para ver en directo la carrera. Los 2400 metros del Bosque de Arenberg est\u00e1n tan &#8216;mal&#8217; colocados que es casi imposible andar tranquilo por ellos, imag\u00ednate si los tienes que hacer en bici de carretera.<\/strong><\/p>\n<p><!--more--><\/p>\n<p>Llegas all\u00ed y te ves obligado a sacar el m\u00f3vil y fotografiar o grabar esa barbaridad, que de vez en cuando se encargan de restaurar los de la asociaci\u00f3n <strong>Les Amis de Paris Roubaix<\/strong>. Y es que la esencia de la carrera de adoquines est\u00e1 ah\u00ed, en Arenberg. Porque el tramo no es de los originarios, sino que se incluy\u00f3 casi 70 a\u00f1os despu\u00e9s de la primera edici\u00f3n, pero lleg\u00f3 para salvar la esencia de la prueba.<\/p>\n<p>En el 67 la victoria se la llev\u00f3 el velocista Jan Janssen en un sprint masivo de en el vel\u00f3dromo de Roubaix. Casi 15 ciclistas llegaron con opciones de ganar. Demasiados. La dureza de una carrera m\u00edtica se hab\u00eda visto castigada por el desarrollismo, que asfaltaba tramos de adoquines para los coches. Solo quedaban 22 kil\u00f3metros en los 260 de la prueba. Demasiado poco. Hab\u00eda que hacer algo.<\/p>\n<p>Goddet, por entonces tambi\u00e9n jefe del Tour, que ya se hab\u00eda hecho con la prueba, pidi\u00f3 m\u00e1s madera. All\u00ed apareci\u00f3 Jean <a href=\"https:\/\/es.wikipedia.org\/wiki\/Jean_Stablinski\">Stablinki,<\/a> gregario de Anquetil, inmigrante polaco y antiguo minero en la regi\u00f3n por la que transcurre la Paris Roubaix, el Norte de Calais. Dio la idea de pasar por ese camino abandonado que antes utilizaban los carros mineros. Al principio surgieron dudas porque era demasiado complicado, pero ya saben aquello del <a href=\"https:\/\/www.welovecycling.com\/es\/2020\/09\/03\/tour-pirineos-1910\/\"><strong>Tourmalet lleno de nieve<\/strong> <\/a>y el telegrama de <strong>&#8216;Si, es ciclable&#8217;,<\/strong> pues lo mismo pero sesenta a\u00f1os despu\u00e9s.<\/p>\n<p><a href=\"https:\/\/d2p6e6u75xmxt8.cloudfront.net\/6\/2022\/04\/Paris_roubaix_2022_7.jpg\"><img loading=\"lazy\" decoding=\"async\" class=\"aligncenter size-large wp-image-8766\" src=\"https:\/\/d2p6e6u75xmxt8.cloudfront.net\/6\/2022\/04\/Paris_roubaix_2022_7-1024x765.jpg\" alt=\"\" width=\"1024\" height=\"765\" srcset=\"https:\/\/d2p6e6u75xmxt8.cloudfront.net\/6\/2022\/04\/Paris_roubaix_2022_7-1024x765.jpg 1024w, https:\/\/d2p6e6u75xmxt8.cloudfront.net\/6\/2022\/04\/Paris_roubaix_2022_7-300x224.jpg 300w, https:\/\/d2p6e6u75xmxt8.cloudfront.net\/6\/2022\/04\/Paris_roubaix_2022_7-768x574.jpg 768w, https:\/\/d2p6e6u75xmxt8.cloudfront.net\/6\/2022\/04\/Paris_roubaix_2022_7-1536x1148.jpg 1536w, https:\/\/d2p6e6u75xmxt8.cloudfront.net\/6\/2022\/04\/Paris_roubaix_2022_7-2048x1531.jpg 2048w, https:\/\/d2p6e6u75xmxt8.cloudfront.net\/6\/2022\/04\/Paris_roubaix_2022_7-1920x1435.jpg 1920w, https:\/\/d2p6e6u75xmxt8.cloudfront.net\/6\/2022\/04\/Paris_roubaix_2022_7-1920x1435.jpg 1920w\" sizes=\"auto, (max-width: 1024px) 100vw, 1024px\" \/><\/a><\/p>\n<p>La locura de <strong>Arenberg<\/strong> se introdujo en la edici\u00f3n de 1968, la primera que venci\u00f3 <strong>Eddy Merckx<\/strong> y caus\u00f3 furor. Pese a que estaba a 90 kil\u00f3metros de la meta rompi\u00f3 la carrera en mil pedazos, Arenberg recuper\u00f3 la dureza de Roubaix y sus tramos de adoquines han ido creciendo hasta los 30 actuales, con 55 kil\u00f3metros de los 260 repletos de piedras. El premio para Stablinski fue dar nombre al <strong>Vel\u00f3dromo descubierto de Roubaix,<\/strong> donde acaba todos los a\u00f1os la carrera. El pueblo de <strong>Wallers,<\/strong> donde arranca el tramo, tambi\u00e9n le recuerda con una asociaci\u00f3n de fans y hasta una cerveza propia, que se suele vender cada segundo domingo de abril.<\/p>\n<p>&nbsp;<\/p>\n<h2><strong>El club de los cinco estrellas<\/strong><\/h2>\n<p>Los tramos de adoquines de Roubaix est\u00e1n clasificados por estrellas. Desde solo una, el m\u00e1s sencillo, el que da acceso al Vel\u00f3dromo y es un enlosetado con los nombres de todos los ganadores de la carrera, a los tramos de cinco estrellas, solo tres en toda la carrera. La clasificaci\u00f3n depende de una mezcla de longitud, rotura de adoqu\u00edn y posibilidad de escapatoria de cada tramo de adoquines.<\/p>\n<p>Aunque la organizaci\u00f3n da cinco estrellas a <strong>Mons en Pevel\u00e9, Carrefour del Arbre<\/strong> y <strong>Bosque de Arenberg<\/strong>, este \u00faltimo deber\u00eda tener seis o siete (y esto es una apreciaci\u00f3n personal) porque en los 2,4 kil\u00f3metros de longitud, la primera mitad un 1% para abajo y los \u00faltimos un 1% hacia arriba, no hay un lado &#8216;bueno&#8217; para afrontarlo. Da igual ir por el centro que por los laterales adoquinados, el cualquier parte puedes encontrar huecos del tama\u00f1o de una pelota de tenis entre piedra y piedra. Esto supone que la bici avance con mayor dificultad, que, pese a la secci\u00f3n de 32 de cubierta que llevan ya todos los profesionales, la rueda se meta dentro y que sea f\u00e1cil pinchar.<\/p>\n<p>Para salir indemne del <strong>Bosque de Arenberg<\/strong> el \u00fanico truco es ir lo m\u00e1s r\u00e1pido posible (como si esto fuese f\u00e1cil). Vatios y m\u00e1s vatios para que la velocidad haga que la bici &#8216;flote&#8217; por encima de los adoquines. Las escapatorias est\u00e1n valladas. Solo hay que aplicar fuerza a los pedales. Mucha, eso si. De lo contrario corres el riesgo que la rueda vaya chocando con cada piedra, fren\u00e1ndose, y con riesgo de pinchar a cada paso.<\/p>\n<p>Es tan complicado pasarlo que, pese a estar a 90 kil\u00f3metros de meta, siempre hace que la carrera se rompa en mil pedazos. En este 2025, por ejemplo, ya dej\u00f3 un grupo de cinco corredores por delante, aunque despu\u00e9s en la transici\u00f3n entre un tramo y otro de adoquines se volviesen a juntar. Pero quien sufre en Arenberg, como le pas\u00f3 en este a\u00f1o a Wout Van Aert, acaba explotando despu\u00e9s.<\/p>\n<figure id=\"attachment_10375\" aria-describedby=\"caption-attachment-10375\" style=\"width: 990px\" class=\"wp-caption aligncenter\"><a href=\"https:\/\/d2p6e6u75xmxt8.cloudfront.net\/6\/2023\/11\/Paris-Roubaix-Cobbles-Cycling-profimedia-0769212404.webp\"><img loading=\"lazy\" decoding=\"async\" class=\"size-full wp-image-10375\" src=\"https:\/\/d2p6e6u75xmxt8.cloudfront.net\/6\/2023\/11\/Paris-Roubaix-Cobbles-Cycling-profimedia-0769212404.webp\" alt=\"Paris-Roubaix\" width=\"990\" height=\"660\" srcset=\"https:\/\/d2p6e6u75xmxt8.cloudfront.net\/6\/2023\/11\/Paris-Roubaix-Cobbles-Cycling-profimedia-0769212404.webp 990w, https:\/\/d2p6e6u75xmxt8.cloudfront.net\/6\/2023\/11\/Paris-Roubaix-Cobbles-Cycling-profimedia-0769212404-300x200.webp 300w, https:\/\/d2p6e6u75xmxt8.cloudfront.net\/6\/2023\/11\/Paris-Roubaix-Cobbles-Cycling-profimedia-0769212404-768x512.webp 768w, https:\/\/d2p6e6u75xmxt8.cloudfront.net\/6\/2023\/11\/Paris-Roubaix-Cobbles-Cycling-profimedia-0769212404-400x267.webp 400w, https:\/\/d2p6e6u75xmxt8.cloudfront.net\/6\/2023\/11\/Paris-Roubaix-Cobbles-Cycling-profimedia-0769212404-272x182.webp 272w\" sizes=\"auto, (max-width: 990px) 100vw, 990px\" \/><\/a><figcaption id=\"caption-attachment-10375\" class=\"wp-caption-text\">Paris-Roubaix, one of the cobblestone classics.<\/figcaption><\/figure>\n<p>El siguiente tramo de cinco estrellas es del de <strong>Mons en Pevel\u00e9<\/strong>. Su clasificaci\u00f3n se debe sobre todo a la longitud, tres kil\u00f3metros y a las dos curvas de 90 grados, que provocan que la dificultad en pasarlas a gran velocidad sea m\u00e1xima. No es de los m\u00e1s rotos de la carrera, aunque en su parte final solo se puede circular r\u00e1pido por el centro, ya que los laterales est\u00e1n demasiado rotos. El gran problema es sortear las <a href=\"https:\/\/www.welovecycling.com\/es\/2024\/04\/08\/van-der-poel-roubaix\/\">dos curvas sin tocar el freno.<\/a> Porque si la bici se queda parada es casi imposible volver a arrancar y coger al resto de ciclistas que no han tocado el freno.<\/p>\n<p>La salida de Mons en Pevel\u00e9 est\u00e1 a casi 40 kil\u00f3metros de meta y tiene un repechito corto de asfalto al 6%, un aut\u00e9ntico puerto para el trazado de Roubaix, ideal para lanzar el ataque si no has soltado a tus compa\u00f1eros de escapada.<\/p>\n<p>Y cuando solo quedan 19 kil\u00f3metros para la meta llega el tramo de cinco estrellas de Carrefour d&#8217;Abre, el m\u00e1s decisivo para la carrera desde que se incluy\u00f3 en 1958. Sus cinco estrellas se deben a su longitud, dos kil\u00f3metros, al tramo central que est\u00e1 rot\u00edsimo y a las tres curvas complicadas de afrontar, sobre todo la \u00faltima a izquierdas. Tambi\u00e9n porque su inicio est\u00e1 a solo 500 metros del final de un cuatro estrellas, <strong>Camphin en Pevel\u00e9<\/strong>, y a su salida solo hay 50 metros de asfalto hasta el siguiente tramo, el de <strong>Gruson<\/strong>.<br \/>\n<a href=\"https:\/\/d2p6e6u75xmxt8.cloudfront.net\/6\/2022\/04\/Paris_roubaix_2022_1.jpg\"><img loading=\"lazy\" decoding=\"async\" class=\"aligncenter size-full wp-image-8767\" src=\"https:\/\/d2p6e6u75xmxt8.cloudfront.net\/6\/2022\/04\/Paris_roubaix_2022_1.jpg\" alt=\"\" width=\"1024\" height=\"828\" srcset=\"https:\/\/d2p6e6u75xmxt8.cloudfront.net\/6\/2022\/04\/Paris_roubaix_2022_1.jpg 1024w, https:\/\/d2p6e6u75xmxt8.cloudfront.net\/6\/2022\/04\/Paris_roubaix_2022_1-300x243.jpg 300w, https:\/\/d2p6e6u75xmxt8.cloudfront.net\/6\/2022\/04\/Paris_roubaix_2022_1-768x621.jpg 768w\" sizes=\"auto, (max-width: 1024px) 100vw, 1024px\" \/><\/a><br \/>\nOtro de los grandes problemas de <strong>Carrefour del Arbre<\/strong> es que es muy estrecho y que se agolpan aficionados en la cuneta. Cuando est\u00e1 seco la escapatoria es una gran zona para rodar r\u00e1pido, pero con tanto p\u00fablico es un riesgo, as\u00ed que hay que afrontar el tramo por el centro de adoqu\u00edn. Bajarse para adelantar por el lado &#8216;malo&#8217; supone meter m\u00e1s de una centena de vatios extra y aumentar el riesgo de pinchar.<\/p>\n<p>En <strong>Carrefour del Arbre<\/strong> han atacado los m\u00e1s m\u00edticos. Desde Roger de Vlaeminck a Tom Boonen, los \u00fanicos ciclistas del mundo con cuatro triunfos en Paris Roubaix. Tambi\u00e9n sol\u00eda hacerlo Musseuw en su triplete triunfal o Eddy Merckx.<\/p>\n","protected":false},"excerpt":{"rendered":"<p>&#8220;Duele hasta andar por ellos&#8221;. La frase no es de ning\u00fan ciclista profesional, sino de los aficionados que cada segundo [&hellip;]<\/p>\n","protected":false},"author":29,"featured_media":8769,"comment_status":"open","ping_status":"open","sticky":false,"template":"","format":"standard","meta":{"footnotes":""},"categories":[7],"tags":[],"global-categories":[1164],"class_list":["post-11623","post","type-post","status-publish","format-standard","has-post-thumbnail","hentry","category-carretera","global-categories-cycling"],"yoast_head":"<!-- This site is optimized with the Yoast SEO Premium plugin v25.3 (Yoast SEO v25.9) - https:\/\/yoast.com\/wordpress\/plugins\/seo\/ -->\n<title>Los adoquines cinco estrellas de Paris Roubaix - \u0160koda We Love Cycling - Spain<\/title>\n<meta name=\"description\" content=\"Los adoquines cinco estrellas de Paris Roubaix. Bosque de Arenberg, Mons en Pevel\u00e9 y Carrefour del Arbre.\" \/>\n<meta name=\"robots\" content=\"index, follow, max-snippet:-1, max-image-preview:large, max-video-preview:-1\" \/>\n<link rel=\"canonical\" href=\"https:\/\/www.welovecycling.com\/es\/2025\/04\/17\/adoquines-paris-roubaix\/\" \/>\n<meta property=\"og:locale\" content=\"es_ES\" \/>\n<meta property=\"og:type\" content=\"article\" \/>\n<meta property=\"og:title\" content=\"Los adoquines cinco estrellas de Paris Roubaix\" \/>\n<meta property=\"og:description\" content=\"Los adoquines cinco estrellas de Paris Roubaix. Bosque de Arenberg, Mons en Pevel\u00e9 y Carrefour del Arbre.\" \/>\n<meta property=\"og:url\" content=\"https:\/\/www.welovecycling.com\/es\/2025\/04\/17\/adoquines-paris-roubaix\/\" \/>\n<meta property=\"og:site_name\" content=\"\u0160koda We Love Cycling - Spain\" \/>\n<meta property=\"article:published_time\" content=\"2025-04-17T09:41:51+00:00\" \/>\n<meta property=\"og:image\" content=\"https:\/\/d2p6e6u75xmxt8.cloudfront.net\/6\/2022\/04\/Paris_roubaix_2022_5.jpg\" \/>\n\t<meta property=\"og:image:width\" content=\"1280\" \/>\n\t<meta property=\"og:image:height\" content=\"1082\" \/>\n\t<meta property=\"og:image:type\" content=\"image\/jpeg\" \/>\n<meta name=\"author\" content=\"We Love Cycling Spain\" \/>\n<meta name=\"twitter:card\" content=\"summary_large_image\" \/>\n<meta name=\"twitter:description\" content=\"Los adoquines cinco estrellas de Paris Roubaix. Bosque de Arenberg, Mons en Pevel\u00e9 y Carrefour del Arbre.\" \/>\n<meta name=\"twitter:label1\" content=\"Written by\" \/>\n\t<meta name=\"twitter:data1\" content=\"Luis Ortega @ciclored\" \/>\n\t<meta name=\"twitter:label2\" content=\"Est. reading time\" \/>\n\t<meta name=\"twitter:data2\" content=\"6 minutes\" \/>\n<script type=\"application\/ld+json\" class=\"yoast-schema-graph\">{\"@context\":\"https:\/\/schema.org\",\"@graph\":[{\"@type\":\"WebPage\",\"@id\":\"https:\/\/www.welovecycling.com\/es\/2025\/04\/17\/adoquines-paris-roubaix\/\",\"url\":\"https:\/\/www.welovecycling.com\/es\/2025\/04\/17\/adoquines-paris-roubaix\/\",\"name\":\"Los adoquines cinco estrellas de Paris Roubaix - \u0160koda We Love Cycling - Spain\",\"isPartOf\":{\"@id\":\"https:\/\/www.welovecycling.com\/es\/#website\"},\"primaryImageOfPage\":{\"@id\":\"https:\/\/www.welovecycling.com\/es\/2025\/04\/17\/adoquines-paris-roubaix\/#primaryimage\"},\"image\":{\"@id\":\"https:\/\/www.welovecycling.com\/es\/2025\/04\/17\/adoquines-paris-roubaix\/#primaryimage\"},\"thumbnailUrl\":\"https:\/\/d2p6e6u75xmxt8.cloudfront.net\/6\/2022\/04\/Paris_roubaix_2022_5.jpg\",\"datePublished\":\"2025-04-17T09:41:51+00:00\",\"author\":{\"@id\":\"https:\/\/www.welovecycling.com\/es\/#\/schema\/person\/deb61715b5812698ee79fb96f343ccd4\"},\"description\":\"Los adoquines cinco estrellas de Paris Roubaix. Bosque de Arenberg, Mons en Pevel\u00e9 y Carrefour del Arbre.\",\"breadcrumb\":{\"@id\":\"https:\/\/www.welovecycling.com\/es\/2025\/04\/17\/adoquines-paris-roubaix\/#breadcrumb\"},\"inLanguage\":\"es-ES\",\"potentialAction\":[{\"@type\":\"ReadAction\",\"target\":[\"https:\/\/www.welovecycling.com\/es\/2025\/04\/17\/adoquines-paris-roubaix\/\"]}]},{\"@type\":\"ImageObject\",\"inLanguage\":\"es-ES\",\"@id\":\"https:\/\/www.welovecycling.com\/es\/2025\/04\/17\/adoquines-paris-roubaix\/#primaryimage\",\"url\":\"https:\/\/d2p6e6u75xmxt8.cloudfront.net\/6\/2022\/04\/Paris_roubaix_2022_5.jpg\",\"contentUrl\":\"https:\/\/d2p6e6u75xmxt8.cloudfront.net\/6\/2022\/04\/Paris_roubaix_2022_5.jpg\",\"width\":1280,\"height\":1082},{\"@type\":\"BreadcrumbList\",\"@id\":\"https:\/\/www.welovecycling.com\/es\/2025\/04\/17\/adoquines-paris-roubaix\/#breadcrumb\",\"itemListElement\":[{\"@type\":\"ListItem\",\"position\":1,\"name\":\"Home\",\"item\":\"https:\/\/www.welovecycling.com\/es\/\"},{\"@type\":\"ListItem\",\"position\":2,\"name\":\"Los adoquines cinco estrellas de Paris Roubaix\"}]},{\"@type\":\"WebSite\",\"@id\":\"https:\/\/www.welovecycling.com\/es\/#website\",\"url\":\"https:\/\/www.welovecycling.com\/es\/\",\"name\":\"\u0160koda We Love Cycling - Spain\",\"description\":\"\u0160koda WeLoveCycling Spain\",\"potentialAction\":[{\"@type\":\"SearchAction\",\"target\":{\"@type\":\"EntryPoint\",\"urlTemplate\":\"https:\/\/www.welovecycling.com\/es\/?s={search_term_string}\"},\"query-input\":{\"@type\":\"PropertyValueSpecification\",\"valueRequired\":true,\"valueName\":\"search_term_string\"}}],\"inLanguage\":\"es-ES\"},{\"@type\":\"Person\",\"@id\":\"https:\/\/www.welovecycling.com\/es\/#\/schema\/person\/deb61715b5812698ee79fb96f343ccd4\",\"name\":\"We Love Cycling Spain\",\"image\":{\"@type\":\"ImageObject\",\"inLanguage\":\"es-ES\",\"@id\":\"https:\/\/www.welovecycling.com\/es\/#\/schema\/person\/image\/\",\"url\":\"https:\/\/secure.gravatar.com\/avatar\/c824b04e6df0e37a03219d0b6481672889df542894588964102459e46513159c?s=96&d=mm&r=g\",\"contentUrl\":\"https:\/\/secure.gravatar.com\/avatar\/c824b04e6df0e37a03219d0b6481672889df542894588964102459e46513159c?s=96&d=mm&r=g\",\"caption\":\"We Love Cycling Spain\"},\"url\":\"https:\/\/www.welovecycling.com\/es\/author\/amunoz\/\"}]}<\/script>\n<!-- \/ Yoast SEO Premium plugin. -->","yoast_head_json":{"title":"Los adoquines cinco estrellas de Paris Roubaix - \u0160koda We Love Cycling - Spain","description":"Los adoquines cinco estrellas de Paris Roubaix. Bosque de Arenberg, Mons en Pevel\u00e9 y Carrefour del Arbre.","robots":{"index":"index","follow":"follow","max-snippet":"max-snippet:-1","max-image-preview":"max-image-preview:large","max-video-preview":"max-video-preview:-1"},"canonical":"https:\/\/www.welovecycling.com\/es\/2025\/04\/17\/adoquines-paris-roubaix\/","og_locale":"es_ES","og_type":"article","og_title":"Los adoquines cinco estrellas de Paris Roubaix","og_description":"Los adoquines cinco estrellas de Paris Roubaix. Bosque de Arenberg, Mons en Pevel\u00e9 y Carrefour del Arbre.","og_url":"https:\/\/www.welovecycling.com\/es\/2025\/04\/17\/adoquines-paris-roubaix\/","og_site_name":"\u0160koda We Love Cycling - Spain","article_published_time":"2025-04-17T09:41:51+00:00","og_image":[{"width":1280,"height":1082,"url":"https:\/\/d2p6e6u75xmxt8.cloudfront.net\/6\/2022\/04\/Paris_roubaix_2022_5.jpg","type":"image\/jpeg"}],"author":"We Love Cycling Spain","twitter_card":"summary_large_image","twitter_description":"Los adoquines cinco estrellas de Paris Roubaix. Bosque de Arenberg, Mons en Pevel\u00e9 y Carrefour del Arbre.","twitter_misc":{"Written by":"Luis Ortega @ciclored","Est. reading time":"6 minutes"},"schema":{"@context":"https:\/\/schema.org","@graph":[{"@type":"WebPage","@id":"https:\/\/www.welovecycling.com\/es\/2025\/04\/17\/adoquines-paris-roubaix\/","url":"https:\/\/www.welovecycling.com\/es\/2025\/04\/17\/adoquines-paris-roubaix\/","name":"Los adoquines cinco estrellas de Paris Roubaix - \u0160koda We Love Cycling - Spain","isPartOf":{"@id":"https:\/\/www.welovecycling.com\/es\/#website"},"primaryImageOfPage":{"@id":"https:\/\/www.welovecycling.com\/es\/2025\/04\/17\/adoquines-paris-roubaix\/#primaryimage"},"image":{"@id":"https:\/\/www.welovecycling.com\/es\/2025\/04\/17\/adoquines-paris-roubaix\/#primaryimage"},"thumbnailUrl":"https:\/\/d2p6e6u75xmxt8.cloudfront.net\/6\/2022\/04\/Paris_roubaix_2022_5.jpg","datePublished":"2025-04-17T09:41:51+00:00","author":{"@id":"https:\/\/www.welovecycling.com\/es\/#\/schema\/person\/deb61715b5812698ee79fb96f343ccd4"},"description":"Los adoquines cinco estrellas de Paris Roubaix. Bosque de Arenberg, Mons en Pevel\u00e9 y Carrefour del Arbre.","breadcrumb":{"@id":"https:\/\/www.welovecycling.com\/es\/2025\/04\/17\/adoquines-paris-roubaix\/#breadcrumb"},"inLanguage":"es-ES","potentialAction":[{"@type":"ReadAction","target":["https:\/\/www.welovecycling.com\/es\/2025\/04\/17\/adoquines-paris-roubaix\/"]}]},{"@type":"ImageObject","inLanguage":"es-ES","@id":"https:\/\/www.welovecycling.com\/es\/2025\/04\/17\/adoquines-paris-roubaix\/#primaryimage","url":"https:\/\/d2p6e6u75xmxt8.cloudfront.net\/6\/2022\/04\/Paris_roubaix_2022_5.jpg","contentUrl":"https:\/\/d2p6e6u75xmxt8.cloudfront.net\/6\/2022\/04\/Paris_roubaix_2022_5.jpg","width":1280,"height":1082},{"@type":"BreadcrumbList","@id":"https:\/\/www.welovecycling.com\/es\/2025\/04\/17\/adoquines-paris-roubaix\/#breadcrumb","itemListElement":[{"@type":"ListItem","position":1,"name":"Home","item":"https:\/\/www.welovecycling.com\/es\/"},{"@type":"ListItem","position":2,"name":"Los adoquines cinco estrellas de Paris Roubaix"}]},{"@type":"WebSite","@id":"https:\/\/www.welovecycling.com\/es\/#website","url":"https:\/\/www.welovecycling.com\/es\/","name":"\u0160koda We Love Cycling - Spain","description":"\u0160koda WeLoveCycling Spain","potentialAction":[{"@type":"SearchAction","target":{"@type":"EntryPoint","urlTemplate":"https:\/\/www.welovecycling.com\/es\/?s={search_term_string}"},"query-input":{"@type":"PropertyValueSpecification","valueRequired":true,"valueName":"search_term_string"}}],"inLanguage":"es-ES"},{"@type":"Person","@id":"https:\/\/www.welovecycling.com\/es\/#\/schema\/person\/deb61715b5812698ee79fb96f343ccd4","name":"We Love Cycling Spain","image":{"@type":"ImageObject","inLanguage":"es-ES","@id":"https:\/\/www.welovecycling.com\/es\/#\/schema\/person\/image\/","url":"https:\/\/secure.gravatar.com\/avatar\/c824b04e6df0e37a03219d0b6481672889df542894588964102459e46513159c?s=96&d=mm&r=g","contentUrl":"https:\/\/secure.gravatar.com\/avatar\/c824b04e6df0e37a03219d0b6481672889df542894588964102459e46513159c?s=96&d=mm&r=g","caption":"We Love Cycling Spain"},"url":"https:\/\/www.welovecycling.com\/es\/author\/amunoz\/"}]}},"_links":{"self":[{"href":"https:\/\/www.welovecycling.com\/es\/wp-json\/wp\/v2\/posts\/11623","targetHints":{"allow":["GET"]}}],"collection":[{"href":"https:\/\/www.welovecycling.com\/es\/wp-json\/wp\/v2\/posts"}],"about":[{"href":"https:\/\/www.welovecycling.com\/es\/wp-json\/wp\/v2\/types\/post"}],"author":[{"embeddable":true,"href":"https:\/\/www.welovecycling.com\/es\/wp-json\/wp\/v2\/users\/29"}],"replies":[{"embeddable":true,"href":"https:\/\/www.welovecycling.com\/es\/wp-json\/wp\/v2\/comments?post=11623"}],"version-history":[{"count":4,"href":"https:\/\/www.welovecycling.com\/es\/wp-json\/wp\/v2\/posts\/11623\/revisions"}],"predecessor-version":[{"id":11627,"href":"https:\/\/www.welovecycling.com\/es\/wp-json\/wp\/v2\/posts\/11623\/revisions\/11627"}],"wp:featuredmedia":[{"embeddable":true,"href":"https:\/\/www.welovecycling.com\/es\/wp-json\/wp\/v2\/media\/8769"}],"wp:attachment":[{"href":"https:\/\/www.welovecycling.com\/es\/wp-json\/wp\/v2\/media?parent=11623"}],"wp:term":[{"taxonomy":"category","embeddable":true,"href":"https:\/\/www.welovecycling.com\/es\/wp-json\/wp\/v2\/categories?post=11623"},{"taxonomy":"post_tag","embeddable":true,"href":"https:\/\/www.welovecycling.com\/es\/wp-json\/wp\/v2\/tags?post=11623"},{"taxonomy":"global-categories","embeddable":true,"href":"https:\/\/www.welovecycling.com\/es\/wp-json\/wp\/v2\/global-categories?post=11623"}],"curies":[{"name":"wp","href":"https:\/\/api.w.org\/{rel}","templated":true}]}}