{"id":11617,"date":"2025-04-14T09:11:58","date_gmt":"2025-04-14T07:11:58","guid":{"rendered":"https:\/\/www.welovecycling.com\/es\/?p=11617"},"modified":"2025-04-14T09:11:58","modified_gmt":"2025-04-14T07:11:58","slug":"almeida-luce-galones-en-la-itzulia-2025","status":"publish","type":"post","link":"https:\/\/www.welovecycling.com\/es\/2025\/04\/14\/almeida-luce-galones-en-la-itzulia-2025\/","title":{"rendered":"Almeida luce galones en la Itzulia 2025"},"content":{"rendered":"<p><strong>En la Itzulia 2025 faltaban los cuatro grandes dominadores de pruebas por etapas. Pogacar enfrascado entre Flandes y Roubaix, Vingegaard recuper\u00e1ndose de la ca\u00edda de Par\u00eds Niza, Roglic con las piernas en alto despu\u00e9s de la Volta y Remco Evenepoel de concentraci\u00f3n en Sierra Nevada ultimando su vuelta a la carretera tras su segunda clav\u00edcula rota en nueve meses. Era la oportunidad de los que casi nunca ganan y Almeida tir\u00f3 de galones y &#8216;puestometro&#8217;.<\/strong><\/p>\n<p><!--more--><\/p>\n<p>Porque el portugu\u00e9s, unos de los mejores gregarios de <a href=\"https:\/\/www.welovecycling.com\/es\/2024\/07\/08\/pogacar-escribe-el-guion-del-tour\/\">Pogacar<\/a> cuando coincide con el esloveno en carrera, no es de los que gana f\u00e1cil. No es r\u00e1pido y su motor es diesel puro. Si est\u00e1n los m\u00e1ximos favoritos puede dar relevos en cabeza o sufrir a cola de grupo cuando hay aceleraciones. Sin ellos, es el &#8216;rey del mambo&#8217;.<\/p>\n<p>En la Itzulia Almeida se llev\u00f3 las dos etapas clave, la cuarta, con meta en<a href=\"https:\/\/itzulia.eus\/clasificaciones\/etapa-4-2025\/\"> Markina<\/a>, a la que lleg\u00f3 solo despu\u00e9s de atacar en las rampas imposibles de Ixua y\u00a0 jugarse el tipo en la bajada. Les meti\u00f3 28 segundos al grupo de favoritos entre los que estaba el hasta entonces l\u00edder Schachmann, que llevaba el amarillo desde la crono del primer d\u00eda en Vitoria. El portugu\u00e9s, ya de amarillo, aguant\u00f3 con los mejores al d\u00eda siguiente en la exhibici\u00f3n de Ben Healy en Gernika, en otra etapa quebrada y con final en bajada.<\/p>\n<p>Quedaba la cl\u00e1sica etapa final de Eibar, con siete puertos de monta\u00f1a, los dos \u00faltimos <a href=\"https:\/\/www.altimetrias.net\/aspbk\/verPerfilusu.asp?id=479\">Ixua,<\/a> que se sub\u00eda por la misma vertiente que en la etapa cuarta y <strong>Trabakua,<\/strong> para finalizar bajando hacia Eibar. Fue otro d\u00eda de agua, fr\u00edo, bajadas complicadas y ataque de Almeida, que realmente no lo necesitaba y que se pod\u00eda haber quedado tranquilo con el resto de los favoritos. Pero aceler\u00f3, solt\u00f3 a Schachmann, que estaba a solo 30 segundos y se llev\u00f3 a rueda a Enric Mas, con el que ten\u00eda un margen de m\u00e1s de un minuto y medio.<\/p>\n<p>Entre ambos hicieron camino. Por detr\u00e1s solo estaba Healy, que ven\u00eda de la escapada y Del Toro, que tampoco iba a trabajar para atrapar a su compa\u00f1ero. Aramburu y\u00a0 Jegat solo peleaban por la etapa y Schachmann con Lipowitz, hasta entonces tercero, pronto estuvieron a m\u00e1s de un minuto.<\/p>\n<p>Entonces ocurri\u00f3 el momento viral de la Itzulia, con un Enric Mas hambriento de victorias pidiendo a Almeida colaborar para poder \u00e9l llevarse la victoria de etapa y el portugu\u00e9s la general. No hubo acuerdo. Almeida no necesitaba a M\u00e1s y sab\u00eda que en el duelo de lentos era algo m\u00e1s r\u00e1pido al sprint. Venci\u00f3 el corredor del UAE en Eibar, que alarga el dominio del equipo en pruebas por etapas.<\/p>\n<h2><strong>La etapa de Aramburu y las locuras de Healy<\/strong><\/h2>\n<p>La Iztulia 2025 nos permiti\u00f3 ver el resurgir de Aramburu, que este a\u00f1o ha cambiado los colores del Movistar por los del Cofidis. El vasco va de l\u00edder a este tipo de carreras y tiene margen suficiente para optar a casi todas las etapas gracias a su punta de velocidad. Sobre todo cuando no est\u00e1n en liza <strong>Roglic y Pogacar.<\/strong> Lo aprovech\u00f3, aunque la suya fue una victoria con pol\u00e9mica en el repecho final de Beasain. Lleg\u00f3 primero, pero tom\u00f3 la rotonda por el lado bueno, por el no se pod\u00eda pasar. Los jueces le sancionaron y le dieron la victoria a Gregoire, pero luego la organizaci\u00f3n rectific\u00f3 y reconoci\u00f3 que hab\u00eda se\u00f1alizado mal el recorrido y Aramburu recuper\u00f3 el triunfo.<\/p>\n<p><a href=\"https:\/\/d2p6e6u75xmxt8.cloudfront.net\/6\/2025\/04\/Aramburu.webp\"><img loading=\"lazy\" decoding=\"async\" class=\"aligncenter size-large wp-image-11621\" src=\"https:\/\/d2p6e6u75xmxt8.cloudfront.net\/6\/2025\/04\/Aramburu-1024x683.webp\" alt=\"\" width=\"1024\" height=\"683\" srcset=\"https:\/\/d2p6e6u75xmxt8.cloudfront.net\/6\/2025\/04\/Aramburu-1024x683.webp 1024w, https:\/\/d2p6e6u75xmxt8.cloudfront.net\/6\/2025\/04\/Aramburu-300x200.webp 300w, https:\/\/d2p6e6u75xmxt8.cloudfront.net\/6\/2025\/04\/Aramburu-768x512.webp 768w, https:\/\/d2p6e6u75xmxt8.cloudfront.net\/6\/2025\/04\/Aramburu-1536x1024.webp 1536w, https:\/\/d2p6e6u75xmxt8.cloudfront.net\/6\/2025\/04\/Aramburu-1920x1280.webp 1920w, https:\/\/d2p6e6u75xmxt8.cloudfront.net\/6\/2025\/04\/Aramburu-400x267.webp 400w, https:\/\/d2p6e6u75xmxt8.cloudfront.net\/6\/2025\/04\/Aramburu-272x182.webp 272w, https:\/\/d2p6e6u75xmxt8.cloudfront.net\/6\/2025\/04\/Aramburu.webp 2048w, https:\/\/d2p6e6u75xmxt8.cloudfront.net\/6\/2025\/04\/Aramburu-1920x1280.webp 1920w\" sizes=\"auto, (max-width: 1024px) 100vw, 1024px\" \/><\/a><\/p>\n<p>Ben Healy es otro corredor al que los trazados del Pa\u00eds Vasco le vienen con anillo al dedo. Perdi\u00f3 tiempo los primeros d\u00edas para tener margen y se la jug\u00f3 la pen\u00faltima jornada con una escapada lejana. El solo mantuvo a un pelot\u00f3n de 30 ciclistas a casi dos minutos para llevarse un triunfo de calidad. Al d\u00eda siguiente lo volvi\u00f3 a intentar y solo Enric Mas y Almeida pudieron con \u00e9l. El rendimiento de Healy le ponen como aspirante para las Ardenas. Aunque all\u00ed se encontrar\u00e1 con <strong>Remco Evenpoel y Tadej Pogacar<\/strong>, demasiado para \u00e9l.<\/p>\n","protected":false},"excerpt":{"rendered":"<p>En la Itzulia 2025 faltaban los cuatro grandes dominadores de pruebas por etapas. Pogacar enfrascado entre Flandes y Roubaix, Vingegaard [&hellip;]<\/p>\n","protected":false},"author":29,"featured_media":11620,"comment_status":"open","ping_status":"open","sticky":false,"template":"","format":"standard","meta":{"footnotes":""},"categories":[7],"tags":[],"global-categories":[1164],"class_list":["post-11617","post","type-post","status-publish","format-standard","has-post-thumbnail","hentry","category-carretera","global-categories-cycling"],"yoast_head":"<!-- This site is optimized with the Yoast SEO Premium plugin v25.3 (Yoast SEO v25.9) - https:\/\/yoast.com\/wordpress\/plugins\/seo\/ -->\n<title>Almeida luce galones en la Itzulia 2025 - \u0160koda We Love Cycling - Spain<\/title>\n<meta name=\"description\" content=\"Almeida luce galones en la Itzulia 2025 y se lleva la carrera por delante de Enric Mas y un renacido Schachmann.\" \/>\n<meta name=\"robots\" content=\"index, follow, max-snippet:-1, max-image-preview:large, max-video-preview:-1\" \/>\n<link rel=\"canonical\" href=\"https:\/\/www.welovecycling.com\/es\/2025\/04\/14\/almeida-luce-galones-en-la-itzulia-2025\/\" \/>\n<meta property=\"og:locale\" content=\"es_ES\" \/>\n<meta property=\"og:type\" content=\"article\" \/>\n<meta property=\"og:title\" content=\"Almeida luce galones en la Itzulia 2025\" \/>\n<meta property=\"og:description\" content=\"Almeida luce galones en la Itzulia 2025 y se lleva la carrera por delante de Enric Mas y un renacido Schachmann.\" \/>\n<meta property=\"og:url\" content=\"https:\/\/www.welovecycling.com\/es\/2025\/04\/14\/almeida-luce-galones-en-la-itzulia-2025\/\" \/>\n<meta property=\"og:site_name\" content=\"\u0160koda We Love Cycling - Spain\" \/>\n<meta property=\"article:published_time\" content=\"2025-04-14T07:11:58+00:00\" \/>\n<meta property=\"og:image\" content=\"https:\/\/d2p6e6u75xmxt8.cloudfront.net\/6\/2025\/04\/Almeida.webp\" \/>\n\t<meta property=\"og:image:width\" content=\"2000\" \/>\n\t<meta property=\"og:image:height\" content=\"1333\" \/>\n\t<meta property=\"og:image:type\" content=\"image\/webp\" \/>\n<meta name=\"author\" content=\"We Love Cycling Spain\" \/>\n<meta name=\"twitter:card\" content=\"summary_large_image\" \/>\n<meta name=\"twitter:label1\" content=\"Written by\" \/>\n\t<meta name=\"twitter:data1\" content=\"Luis Ortega @Ciclored\" \/>\n\t<meta name=\"twitter:label2\" content=\"Est. reading time\" \/>\n\t<meta name=\"twitter:data2\" content=\"4 minutes\" \/>\n<script type=\"application\/ld+json\" class=\"yoast-schema-graph\">{\"@context\":\"https:\/\/schema.org\",\"@graph\":[{\"@type\":\"WebPage\",\"@id\":\"https:\/\/www.welovecycling.com\/es\/2025\/04\/14\/almeida-luce-galones-en-la-itzulia-2025\/\",\"url\":\"https:\/\/www.welovecycling.com\/es\/2025\/04\/14\/almeida-luce-galones-en-la-itzulia-2025\/\",\"name\":\"Almeida luce galones en la Itzulia 2025 - \u0160koda We Love Cycling - Spain\",\"isPartOf\":{\"@id\":\"https:\/\/www.welovecycling.com\/es\/#website\"},\"primaryImageOfPage\":{\"@id\":\"https:\/\/www.welovecycling.com\/es\/2025\/04\/14\/almeida-luce-galones-en-la-itzulia-2025\/#primaryimage\"},\"image\":{\"@id\":\"https:\/\/www.welovecycling.com\/es\/2025\/04\/14\/almeida-luce-galones-en-la-itzulia-2025\/#primaryimage\"},\"thumbnailUrl\":\"https:\/\/d2p6e6u75xmxt8.cloudfront.net\/6\/2025\/04\/Almeida.webp\",\"datePublished\":\"2025-04-14T07:11:58+00:00\",\"author\":{\"@id\":\"https:\/\/www.welovecycling.com\/es\/#\/schema\/person\/deb61715b5812698ee79fb96f343ccd4\"},\"description\":\"Almeida luce galones en la Itzulia 2025 y se lleva la carrera por delante de Enric Mas y un renacido Schachmann.\",\"breadcrumb\":{\"@id\":\"https:\/\/www.welovecycling.com\/es\/2025\/04\/14\/almeida-luce-galones-en-la-itzulia-2025\/#breadcrumb\"},\"inLanguage\":\"es-ES\",\"potentialAction\":[{\"@type\":\"ReadAction\",\"target\":[\"https:\/\/www.welovecycling.com\/es\/2025\/04\/14\/almeida-luce-galones-en-la-itzulia-2025\/\"]}]},{\"@type\":\"ImageObject\",\"inLanguage\":\"es-ES\",\"@id\":\"https:\/\/www.welovecycling.com\/es\/2025\/04\/14\/almeida-luce-galones-en-la-itzulia-2025\/#primaryimage\",\"url\":\"https:\/\/d2p6e6u75xmxt8.cloudfront.net\/6\/2025\/04\/Almeida.webp\",\"contentUrl\":\"https:\/\/d2p6e6u75xmxt8.cloudfront.net\/6\/2025\/04\/Almeida.webp\",\"width\":2000,\"height\":1333},{\"@type\":\"BreadcrumbList\",\"@id\":\"https:\/\/www.welovecycling.com\/es\/2025\/04\/14\/almeida-luce-galones-en-la-itzulia-2025\/#breadcrumb\",\"itemListElement\":[{\"@type\":\"ListItem\",\"position\":1,\"name\":\"Home\",\"item\":\"https:\/\/www.welovecycling.com\/es\/\"},{\"@type\":\"ListItem\",\"position\":2,\"name\":\"Almeida luce galones en la Itzulia 2025\"}]},{\"@type\":\"WebSite\",\"@id\":\"https:\/\/www.welovecycling.com\/es\/#website\",\"url\":\"https:\/\/www.welovecycling.com\/es\/\",\"name\":\"\u0160koda We Love Cycling - Spain\",\"description\":\"\u0160koda WeLoveCycling Spain\",\"potentialAction\":[{\"@type\":\"SearchAction\",\"target\":{\"@type\":\"EntryPoint\",\"urlTemplate\":\"https:\/\/www.welovecycling.com\/es\/?s={search_term_string}\"},\"query-input\":{\"@type\":\"PropertyValueSpecification\",\"valueRequired\":true,\"valueName\":\"search_term_string\"}}],\"inLanguage\":\"es-ES\"},{\"@type\":\"Person\",\"@id\":\"https:\/\/www.welovecycling.com\/es\/#\/schema\/person\/deb61715b5812698ee79fb96f343ccd4\",\"name\":\"We Love Cycling Spain\",\"image\":{\"@type\":\"ImageObject\",\"inLanguage\":\"es-ES\",\"@id\":\"https:\/\/www.welovecycling.com\/es\/#\/schema\/person\/image\/\",\"url\":\"https:\/\/secure.gravatar.com\/avatar\/c824b04e6df0e37a03219d0b6481672889df542894588964102459e46513159c?s=96&d=mm&r=g\",\"contentUrl\":\"https:\/\/secure.gravatar.com\/avatar\/c824b04e6df0e37a03219d0b6481672889df542894588964102459e46513159c?s=96&d=mm&r=g\",\"caption\":\"We Love Cycling Spain\"},\"url\":\"https:\/\/www.welovecycling.com\/es\/author\/amunoz\/\"}]}<\/script>\n<!-- \/ Yoast SEO Premium plugin. -->","yoast_head_json":{"title":"Almeida luce galones en la Itzulia 2025 - \u0160koda We Love Cycling - Spain","description":"Almeida luce galones en la Itzulia 2025 y se lleva la carrera por delante de Enric Mas y un renacido Schachmann.","robots":{"index":"index","follow":"follow","max-snippet":"max-snippet:-1","max-image-preview":"max-image-preview:large","max-video-preview":"max-video-preview:-1"},"canonical":"https:\/\/www.welovecycling.com\/es\/2025\/04\/14\/almeida-luce-galones-en-la-itzulia-2025\/","og_locale":"es_ES","og_type":"article","og_title":"Almeida luce galones en la Itzulia 2025","og_description":"Almeida luce galones en la Itzulia 2025 y se lleva la carrera por delante de Enric Mas y un renacido Schachmann.","og_url":"https:\/\/www.welovecycling.com\/es\/2025\/04\/14\/almeida-luce-galones-en-la-itzulia-2025\/","og_site_name":"\u0160koda We Love Cycling - Spain","article_published_time":"2025-04-14T07:11:58+00:00","og_image":[{"width":2000,"height":1333,"url":"https:\/\/d2p6e6u75xmxt8.cloudfront.net\/6\/2025\/04\/Almeida.webp","type":"image\/webp"}],"author":"We Love Cycling Spain","twitter_card":"summary_large_image","twitter_misc":{"Written by":"Luis Ortega @Ciclored","Est. reading time":"4 minutes"},"schema":{"@context":"https:\/\/schema.org","@graph":[{"@type":"WebPage","@id":"https:\/\/www.welovecycling.com\/es\/2025\/04\/14\/almeida-luce-galones-en-la-itzulia-2025\/","url":"https:\/\/www.welovecycling.com\/es\/2025\/04\/14\/almeida-luce-galones-en-la-itzulia-2025\/","name":"Almeida luce galones en la Itzulia 2025 - \u0160koda We Love Cycling - Spain","isPartOf":{"@id":"https:\/\/www.welovecycling.com\/es\/#website"},"primaryImageOfPage":{"@id":"https:\/\/www.welovecycling.com\/es\/2025\/04\/14\/almeida-luce-galones-en-la-itzulia-2025\/#primaryimage"},"image":{"@id":"https:\/\/www.welovecycling.com\/es\/2025\/04\/14\/almeida-luce-galones-en-la-itzulia-2025\/#primaryimage"},"thumbnailUrl":"https:\/\/d2p6e6u75xmxt8.cloudfront.net\/6\/2025\/04\/Almeida.webp","datePublished":"2025-04-14T07:11:58+00:00","author":{"@id":"https:\/\/www.welovecycling.com\/es\/#\/schema\/person\/deb61715b5812698ee79fb96f343ccd4"},"description":"Almeida luce galones en la Itzulia 2025 y se lleva la carrera por delante de Enric Mas y un renacido Schachmann.","breadcrumb":{"@id":"https:\/\/www.welovecycling.com\/es\/2025\/04\/14\/almeida-luce-galones-en-la-itzulia-2025\/#breadcrumb"},"inLanguage":"es-ES","potentialAction":[{"@type":"ReadAction","target":["https:\/\/www.welovecycling.com\/es\/2025\/04\/14\/almeida-luce-galones-en-la-itzulia-2025\/"]}]},{"@type":"ImageObject","inLanguage":"es-ES","@id":"https:\/\/www.welovecycling.com\/es\/2025\/04\/14\/almeida-luce-galones-en-la-itzulia-2025\/#primaryimage","url":"https:\/\/d2p6e6u75xmxt8.cloudfront.net\/6\/2025\/04\/Almeida.webp","contentUrl":"https:\/\/d2p6e6u75xmxt8.cloudfront.net\/6\/2025\/04\/Almeida.webp","width":2000,"height":1333},{"@type":"BreadcrumbList","@id":"https:\/\/www.welovecycling.com\/es\/2025\/04\/14\/almeida-luce-galones-en-la-itzulia-2025\/#breadcrumb","itemListElement":[{"@type":"ListItem","position":1,"name":"Home","item":"https:\/\/www.welovecycling.com\/es\/"},{"@type":"ListItem","position":2,"name":"Almeida luce galones en la Itzulia 2025"}]},{"@type":"WebSite","@id":"https:\/\/www.welovecycling.com\/es\/#website","url":"https:\/\/www.welovecycling.com\/es\/","name":"\u0160koda We Love Cycling - Spain","description":"\u0160koda WeLoveCycling Spain","potentialAction":[{"@type":"SearchAction","target":{"@type":"EntryPoint","urlTemplate":"https:\/\/www.welovecycling.com\/es\/?s={search_term_string}"},"query-input":{"@type":"PropertyValueSpecification","valueRequired":true,"valueName":"search_term_string"}}],"inLanguage":"es-ES"},{"@type":"Person","@id":"https:\/\/www.welovecycling.com\/es\/#\/schema\/person\/deb61715b5812698ee79fb96f343ccd4","name":"We Love Cycling Spain","image":{"@type":"ImageObject","inLanguage":"es-ES","@id":"https:\/\/www.welovecycling.com\/es\/#\/schema\/person\/image\/","url":"https:\/\/secure.gravatar.com\/avatar\/c824b04e6df0e37a03219d0b6481672889df542894588964102459e46513159c?s=96&d=mm&r=g","contentUrl":"https:\/\/secure.gravatar.com\/avatar\/c824b04e6df0e37a03219d0b6481672889df542894588964102459e46513159c?s=96&d=mm&r=g","caption":"We Love Cycling Spain"},"url":"https:\/\/www.welovecycling.com\/es\/author\/amunoz\/"}]}},"_links":{"self":[{"href":"https:\/\/www.welovecycling.com\/es\/wp-json\/wp\/v2\/posts\/11617","targetHints":{"allow":["GET"]}}],"collection":[{"href":"https:\/\/www.welovecycling.com\/es\/wp-json\/wp\/v2\/posts"}],"about":[{"href":"https:\/\/www.welovecycling.com\/es\/wp-json\/wp\/v2\/types\/post"}],"author":[{"embeddable":true,"href":"https:\/\/www.welovecycling.com\/es\/wp-json\/wp\/v2\/users\/29"}],"replies":[{"embeddable":true,"href":"https:\/\/www.welovecycling.com\/es\/wp-json\/wp\/v2\/comments?post=11617"}],"version-history":[{"count":3,"href":"https:\/\/www.welovecycling.com\/es\/wp-json\/wp\/v2\/posts\/11617\/revisions"}],"predecessor-version":[{"id":11622,"href":"https:\/\/www.welovecycling.com\/es\/wp-json\/wp\/v2\/posts\/11617\/revisions\/11622"}],"wp:featuredmedia":[{"embeddable":true,"href":"https:\/\/www.welovecycling.com\/es\/wp-json\/wp\/v2\/media\/11620"}],"wp:attachment":[{"href":"https:\/\/www.welovecycling.com\/es\/wp-json\/wp\/v2\/media?parent=11617"}],"wp:term":[{"taxonomy":"category","embeddable":true,"href":"https:\/\/www.welovecycling.com\/es\/wp-json\/wp\/v2\/categories?post=11617"},{"taxonomy":"post_tag","embeddable":true,"href":"https:\/\/www.welovecycling.com\/es\/wp-json\/wp\/v2\/tags?post=11617"},{"taxonomy":"global-categories","embeddable":true,"href":"https:\/\/www.welovecycling.com\/es\/wp-json\/wp\/v2\/global-categories?post=11617"}],"curies":[{"name":"wp","href":"https:\/\/api.w.org\/{rel}","templated":true}]}}