{"id":11608,"date":"2025-04-02T11:53:06","date_gmt":"2025-04-02T09:53:06","guid":{"rendered":"https:\/\/www.welovecycling.com\/es\/?p=11608"},"modified":"2025-03-31T23:52:39","modified_gmt":"2025-03-31T21:52:39","slug":"luis-ocana","status":"publish","type":"post","link":"https:\/\/www.welovecycling.com\/es\/2025\/04\/02\/luis-ocana\/","title":{"rendered":"El ciclista que destruy\u00f3 a Merckx pero acab\u00f3 perdiendo. Luis Oca\u00f1a"},"content":{"rendered":"<p><strong>Hay ciertos nombres que quedar\u00e1n consagrados para siempre con letras de oro en el gran escenario del ciclismo. Coppi, Hinault e Indur\u00e1in son s\u00f3lo una peque\u00f1a parte de las leyendas del ciclismo que todav\u00eda nos dan v\u00e9rtigo. Sin embargo, el m\u00e1s conocido como el GOAT es, sin lugar a dudas, Eddy Merckx, el Can\u00edbal.<\/strong><\/p>\n<p><!--more--><\/p>\n<p>Sin embargo, aunque Merckx siempre ser\u00e1 con quien se comparen los ciclistas j\u00f3venes y viejos, hay un corredor que no s\u00f3lo se cruz\u00f3 con el mejor, sino que llev\u00f3 a Merckx a arrodillarse. Esta es la historia de Luis Oca\u00f1a, el escalador espa\u00f1ol que hizo lo que muchos cre\u00edan imposible: doblegar a Merckx. No s\u00f3lo lo venci\u00f3, sino que lo aniquil\u00f3. Y sin embargo, la historia recuerda a Merckx como el m\u00e1s grande de todos los tiempos, mientras que Oca\u00f1a sigue siendo un asterisco. Un hombre que lo tuvo todo y lo perdi\u00f3 de la forma m\u00e1s cruel. Esta es la historia de un corredor que podr\u00eda haber sido uno de los m\u00e1s grandes de todos los tiempos, pero al que la mala suerte, las brutales ca\u00eddas y la implacable fuerza del destino acabaron por doblegar.<\/p>\n<h2><strong>Oca\u00f1a-Merckx una rivalidad en ciernes<\/strong><\/h2>\n<p>Luis Oca\u00f1a no era un aspirante m\u00e1s. Era una fuerza de la naturaleza, un corredor que encarnaba la agresividad y la imprevisibilidad. Nacido en Espa\u00f1a pero criado en Francia, pose\u00eda la implacable capacidad escaladora de una aut\u00e9ntica cabra mont\u00e9s espa\u00f1ola combinada con la mente t\u00e1ctica de un experimentado corredor europeo. En 1971, Oca\u00f1a ten\u00eda veintitantos a\u00f1os. Aunque todav\u00eda era nuevo en el mundo de las carreras (hab\u00eda empezado a competir profesionalmente s\u00f3lo 3 a\u00f1os antes), Oca\u00f1a se hab\u00eda hecho un nombre como implacable m\u00e1quina de escalar. En su primer a\u00f1o como profesional, se proclam\u00f3 campe\u00f3n de Espa\u00f1a. En 1969, se meti\u00f3 de lleno en las grandes competiciones, ganando el pr\u00f3logo, dos etapas contrarreloj y la clasificaci\u00f3n de la monta\u00f1a en La Vuelta. Termin\u00f3 segundo en la clasificaci\u00f3n general. Un error que corrigi\u00f3 un a\u00f1o m\u00e1s tarde. Junto a su primera Gran Vuelta, Oca\u00f1a consigui\u00f3 ganar una etapa en <a href=\"https:\/\/www.welovecycling.com\/es\/2023\/07\/10\/puy-de-dome\/\">Puy-de-D\u00f4me<\/a> y termin\u00f3 31\u00ba en el Tour de Francia de 1970.<\/p>\n<p>Por otro lado, a finales de la d\u00e9cada de 1960, Eddy Merckx (de la misma edad que Oca\u00f1a) ya devoraba la competici\u00f3n: ganaba carreras a su antojo y bat\u00eda r\u00e9cords como si los establecieran ni\u00f1os. En pocas palabras, si te alineabas contra Merckx a finales de los 60 y principios de los 70, pr\u00e1cticamente estabas compitiendo por el segundo puesto. Sin embargo, en 1971, Oca\u00f1a decidi\u00f3 que no ser\u00eda un nombre m\u00e1s en la lista de v\u00edctimas de Merckx. Ten\u00eda otros planes.<\/p>\n<h2><strong>El Tour de 1971<\/strong><\/h2>\n<p>Se supon\u00eda que el Tour de Francia de 1971 iba a ser otro cap\u00edtulo de la leyenda de Eddy Merckx. Para entonces, ya hab\u00eda ganado el Tour en 1969 y 1970, y nadie cre\u00eda realmente que alguien pudiera pararle.<\/p>\n<figure id=\"attachment_11610\" aria-describedby=\"caption-attachment-11610\" style=\"width: 1250px\" class=\"wp-caption alignnone\"><a href=\"https:\/\/d2p6e6u75xmxt8.cloudfront.net\/6\/2025\/03\/profimedia-0330144409.webp\"><img loading=\"lazy\" decoding=\"async\" class=\"wp-image-11610 size-full\" src=\"https:\/\/d2p6e6u75xmxt8.cloudfront.net\/6\/2025\/03\/profimedia-0330144409.webp\" alt=\"Luis Ocana\" width=\"1250\" height=\"841\" srcset=\"https:\/\/d2p6e6u75xmxt8.cloudfront.net\/6\/2025\/03\/profimedia-0330144409.webp 1250w, https:\/\/d2p6e6u75xmxt8.cloudfront.net\/6\/2025\/03\/profimedia-0330144409-300x202.webp 300w, https:\/\/d2p6e6u75xmxt8.cloudfront.net\/6\/2025\/03\/profimedia-0330144409-1024x689.webp 1024w, https:\/\/d2p6e6u75xmxt8.cloudfront.net\/6\/2025\/03\/profimedia-0330144409-768x517.webp 768w, https:\/\/d2p6e6u75xmxt8.cloudfront.net\/6\/2025\/03\/profimedia-0330144409-400x269.webp 400w, https:\/\/d2p6e6u75xmxt8.cloudfront.net\/6\/2025\/03\/profimedia-0330144409-272x182.webp 272w\" sizes=\"auto, (max-width: 1250px) 100vw, 1250px\" \/><\/a><figcaption id=\"caption-attachment-11610\" class=\"wp-caption-text\">Luis Oca\u00f1a saluda a la multitud junto a su esposa y otros competidores, Herman Van Springel y Bernard Th\u00e9venet, en Par\u00eds, el 22 de julio de 1973, tras ganar la carrera ciclista del Tour de Francia y quedar l\u00edder de la clasificaci\u00f3n general con el maillot amarillo. \u00a9 Profimedia.<\/figcaption><\/figure>\n<p>Como era de esperar, Eddy Merckx empez\u00f3 fuerte. Las etapas llanas apenas supusieron un problema para el Can\u00edbal, que se comi\u00f3 a sus competidores con facilidad. Oca\u00f1a permaneci\u00f3 escondido en un segundo plano. Siguiendo los consejos del cinco veces ganador del Tour Jacques Anquetil, el espa\u00f1ol esper\u00f3 pacientemente las subidas. Cuando lleg\u00f3 la octava etapa, la primera llegada en alto, Oca\u00f1a estaba listo para brillar. A 5 km de la meta, el espa\u00f1ol lanz\u00f3 un contraataque devastador y, en un momento dado, lleg\u00f3 a tener 40 segundos de ventaja sobre sus perseguidores. Merckx consigui\u00f3 entrar en acci\u00f3n y reducir la p\u00e9rdida, pero Oca\u00f1a ya era tercero en la general, y lo mejor estaba por llegar.<\/p>\n<h2><strong>El d\u00eda que Oca\u00f1a aniquil\u00f3 a Merckx<\/strong><\/h2>\n<p>Durante la Etapa 10, Oca\u00f1a volvi\u00f3 a demostrar su potencia, pero el verdadero espect\u00e1culo estaba reservado para la Etapa 11, de Grenoble a Orci\u00e8res-Merlette. La etapa fue implacable, con casi 4.000 metros de escalada a trav\u00e9s de m\u00faltiples puertos alpinos. Oca\u00f1a, percibiendo un raro momento de debilidad por parte de Merckx, lanz\u00f3 un ataque que se convertir\u00eda en una de las actuaciones m\u00e1s <a href=\"https:\/\/www.welovecycling.com\/wide\/2021\/06\/30\/the-fall-of-eddy-merckx-the-greatest-tour-de-france-champion\/\">legendarias de la historia del Tour.<\/a><\/p>\n<p>Mientras Merckx luchaba contra el calor, Oca\u00f1a cabalgaba como un poseso. Dej\u00f3 atr\u00e1s al campe\u00f3n belga y, cuando cruz\u00f3 la l\u00ednea de meta, hab\u00eda aventajado al Can\u00edbal en 8 minutos y 42 segundos. Para ponerlo en perspectiva, en una \u00e9poca en la que Merckx dominaba casi todas las carreras en las que participaba, Oca\u00f1a acababa de aniquilarle.<\/p>\n<p>El espa\u00f1ol marc\u00f3 un ritmo tan alto que, tras la carrera, 61 ciclistas no pudieron terminar en el tiempo permitido. Esto significaba que s\u00f3lo quedaban 32 corredores en carrera. M\u00e1s tarde, los organizadores decidieron permitir que siguieran en carrera todos menos tres.<\/p>\n<p>Oca\u00f1a no s\u00f3lo freg\u00f3 el suelo con Merckx y otras leyendas como Van Impe y Zoetemelk, sino que \u00e9l solo estaba a punto de hacer saltar por los aires todo el Tour de Francia. No era s\u00f3lo una victoria de etapa, era una declaraci\u00f3n. El mundo del ciclismo estall\u00f3 en especulaciones. \u00bfPodr\u00eda ser este el hombre que destronara finalmente a Merckx? Merckx, a su favor, no era de los que se rinden f\u00e1cilmente. En las siguientes etapas, intent\u00f3 recortar la ventaja de Oca\u00f1a. Sin embargo, Oca\u00f1a igual\u00f3 todos sus movimientos y entr\u00f3 en los Pirineos con una c\u00f3moda ventaja, a punto de conseguir su primer t\u00edtulo del Tour de Francia. Pero la fe ten\u00eda otro plan.<\/p>\n<h2><strong>El Casi Campe\u00f3n<\/strong><\/h2>\n<p>El Col de Ment\u00e9, un puerto pirenaico brutal, fue donde el sue\u00f1o de Oca\u00f1a se convirti\u00f3 en pesadilla. En la 14\u00aa etapa, la carrera ya estaba tensa: Merckx, consciente de que necesitaba recuperar tiempo, hab\u00eda atacado sin descanso. Pero lo que ninguno de los dos esperaba es que el tiempo fuera a ser el factor decisivo.<\/p>\n<p>Cuando el pelot\u00f3n inici\u00f3 el descenso del Col de Ment\u00e9, el cielo se abri\u00f3. La lluvia ca\u00eda a c\u00e1ntaros, convirtiendo las estrechas y sinuosas carreteras en un traicionero tobog\u00e1n. Los corredores luchaban por mantenerse en pie. Muchos pincharon, y Oca\u00f1a no se libr\u00f3. Sin embargo, a diferencia de los dem\u00e1s, no se atrevi\u00f3 a parar, ya que Merckx estaba que explotaba ese d\u00eda. Para entonces, Oca\u00f1a hab\u00eda contrarrestado unos cinco ataques del belga y no estaba dispuesto a rendirse por un problema trivial como un pinchazo. A 3 km de la cima, ambos corredores se pasaron en una curva de izquierdas inundada y se cayeron. Merckx se levant\u00f3 r\u00e1pidamente y continu\u00f3 con peque\u00f1as contusiones. Oca\u00f1a, sin embargo, no tuvo tanta suerte. Otros ciclistas tambi\u00e9n se saltaron la curva y chocaron contra el cuerpo desprotegido del espa\u00f1ol.<\/p>\n<p>Oca\u00f1a, sin embargo, estaba decidido a ganar. Se levant\u00f3, pidiendo con la mano una rueda de repuesto al coche de su equipo. Pero el destino fue cruel aquel d\u00eda. Otro ciclista sali\u00f3 de la curva y le golpe\u00f3 una vez m\u00e1s. Esta vez, Oca\u00f1a cay\u00f3 al suelo, sin reaccionar y luchando por respirar.<\/p>\n<p>Se envi\u00f3 una ambulancia que r\u00e1pidamente llev\u00f3 al casi campe\u00f3n a la cima, donde un helic\u00f3ptero lo traslad\u00f3 al hospital cercano. El portador del maillot amarillo estaba inconsciente.<\/p>\n<p>A la ma\u00f1ana siguiente, Oca\u00f1a segu\u00eda en el hospital, incapaz siquiera de sentarse en una bicicleta, mientras Merckx continuaba su marcha hacia su tercera victoria consecutiva en el Tour de Francia. Por respeto a su competidor ca\u00eddo, el belga se neg\u00f3 a vestir el maillot amarillo que recibi\u00f3 tras el abandono de Oca\u00f1a. Oca\u00f1a hab\u00eda destrozado a Merckx, pero el Tour le hab\u00eda destrozado a \u00e9l.<\/p>\n<h2><strong>Otro Tour, otra oportunidad<\/strong><\/h2>\n<p>Tras uno de los abandonos m\u00e1s desgarradores de la historia, Oca\u00f1a volvi\u00f3 al Tour de Francia de 1972 en busca de venganza. Pero si la carrera de 1971 fue cruel con \u00e9l, la edici\u00f3n de 1972 fue francamente despiadada. El propio Merckx dudaba si participar o no en el Tour, ya que ese a\u00f1o quer\u00eda conquistar La Vuelta. Pero como muchos dec\u00edan con raz\u00f3n que s\u00f3lo hab\u00eda ganado el Tour de 1971 gracias a la suerte, el Can\u00edbal decidi\u00f3 demostrarles que estaban equivocados. Quer\u00eda sangre.<\/p>\n<p>Ambos corredores jugaban con cautela; Oca\u00f1a esperaba pacientemente las etapas de monta\u00f1a, mientras que Merckx almacenaba energ\u00eda para contrarrestar la potencia explosiva del espa\u00f1ol. As\u00ed, al final de la 6\u00aa etapa, ninguno de ellos iba en cabeza. Merckx era 2\u00ba, a 11 segundos de Guimard, y Oca\u00f1a 4\u00ba, a un minuto del l\u00edder. En la 7\u00aa etapa, Oca\u00f1a protagoniz\u00f3 su primer ataque devastador. El espa\u00f1ol arranc\u00f3 agresivamente desde el principio, y tras su segundo ataque, s\u00f3lo Merckx pudo mantener su rueda.<\/p>\n<p>Pero el destino volvi\u00f3 a golpearle. Oca\u00f1a pinch\u00f3 y poco despu\u00e9s choc\u00f3 con otro corredor. Merckx se escap\u00f3. Acab\u00f3 ganando 1 minuto y 49 segundos a su mayor rival.<\/p>\n<p>Merckx sab\u00eda que Oca\u00f1a era el \u00fanico que pod\u00eda vencerle. As\u00ed que se peg\u00f3 al espa\u00f1ol como una sombra. En la 12\u00aa etapa, Van Impe y Agostinho atacaron, pero a Merckx no le import\u00f3. Se puso a rueda de Oca\u00f1a. Sab\u00eda que si el espa\u00f1ol lograba escaparse, se comer\u00eda el liderato de Merckx en una sola etapa.<\/p>\n<p>Pero una vez m\u00e1s, Oca\u00f1a sac\u00f3 el palo corto. El espa\u00f1ol empez\u00f3 a perder velocidad. En las tres etapas siguientes, perdi\u00f3 m\u00e1s de 4 minutos respecto a Merckx e incluso perdi\u00f3 su segundo puesto en favor de Guimard. Despu\u00e9s de la 14\u00aa etapa, los m\u00e9dicos descubrieron que Oca\u00f1a corr\u00eda con una infecci\u00f3n pulmonar causada por su ca\u00edda en la 7\u00aa etapa. Aun as\u00ed, Oca\u00f1a era una fuerza a tener en cuenta. Con s\u00f3lo la mitad de su capacidad pulmonar, dio guerra a los mejores ciclistas del mundo. Pero al final, las estad\u00edsticas mostraron DNF.<\/p>\n<h2><strong>En la cima, pero sin Merckx\u00a0\u00a0<\/strong><\/h2>\n<p>Un a\u00f1o despu\u00e9s, Oca\u00f1a se tom\u00f3 la revancha. En 1973, domin\u00f3 el Tour de Francia, ganando por un margen absurdo de 15 minutos. Su escalada fue implacable, sus contrarrelojes fuertes y dej\u00f3 a sus rivales boqueando. Excepto que faltaba una cosa: Merckx.<\/p>\n<p>El Can\u00edbal se hab\u00eda saltado el Tour ese a\u00f1o, prefiriendo centrarse en la Vuelta y el Giro. Para Oca\u00f1a, la victoria fue agridulce. S\u00ed, era campe\u00f3n del Tour de Francia, pero el asterisco junto a su victoria era innegable. No hab\u00eda ganado a Merckx. Y eso le atormentaba.<\/p>\n<h2><strong>Cuando el cuerpo falla, la mente sigue<\/strong><\/h2>\n<p>Tras su victoria en el Tour de 1973, Oca\u00f1a no volvi\u00f3 a ser el mismo. Su cuerpo empez\u00f3 a romperse, las lesiones se acumularon y su agresivo estilo de ciclismo le pas\u00f3 factura. Mientras Merckx segu\u00eda aumentando su legado, Oca\u00f1a se desvanec\u00eda de los focos.<\/p>\n<p>En 1977 se retir\u00f3, con una carrera truncada no por falta de talento, sino por pura y cruel desgracia. Ten\u00eda todas las piezas de la grandeza, pero el ciclismo -como la vida- no siempre es justo.<\/p>\n<p>\u00bfY Oca\u00f1a? Nunca lo solt\u00f3 del todo. La jubilaci\u00f3n no fue amable con Luis. Luch\u00f3 contra problemas financieros, el deterioro de su salud y la depresi\u00f3n. Intent\u00f3 dedicarse a la viticultura e incluso hizo sus pinitos en la gesti\u00f3n del ciclismo, pero nada llen\u00f3 el vac\u00edo dejado por su legado inacabado. Entonces, en 1994, sobrevino la tragedia. A los 48 a\u00f1os, Oca\u00f1a se quit\u00f3 la vida.<\/p>\n<h2><strong>La legenda que deber\u00eda haber sido<\/strong><\/h2>\n<p>En efecto, Merckx pas\u00f3 a ser sin\u00f3nimo de ciclismo. Un nombre que trasciende el tiempo. Un \u00eddolo y un modelo a seguir para los aspirantes a ciclistas. Un destino que Oca\u00f1a se merece por igual. En una \u00e9poca en la que Merckx arrasaba, Oca\u00f1a estaba ah\u00ed para bajarle los humos. Un recordatorio de que, aunque era el mejor, hab\u00eda un ciclista que pod\u00eda derrotarle en cualquier momento, cualquier d\u00eda y en cualquier condici\u00f3n.<\/p>\n<p>Pero Oca\u00f1a fue mucho m\u00e1s que una nota a pie de p\u00e1gina en el legado de Merckx. Era un corredor que merec\u00eda m\u00e1s, un luchador que nunca se rindi\u00f3 y un ejemplo de c\u00f3mo el ciclismo es tan implacable, injusto e impredecible como la vida misma.<\/p>\n","protected":false},"excerpt":{"rendered":"<p>Hay ciertos nombres que quedar\u00e1n consagrados para siempre con letras de oro en el gran escenario del ciclismo. Coppi, Hinault [&hellip;]<\/p>\n","protected":false},"author":29,"featured_media":11614,"comment_status":"open","ping_status":"open","sticky":false,"template":"","format":"standard","meta":{"footnotes":""},"categories":[7],"tags":[],"global-categories":[],"class_list":["post-11608","post","type-post","status-publish","format-standard","has-post-thumbnail","hentry","category-carretera"],"yoast_head":"<!-- This site is optimized with the Yoast SEO Premium plugin v25.3 (Yoast SEO v25.9) - https:\/\/yoast.com\/wordpress\/plugins\/seo\/ -->\n<title>Luis Oca\u00f1a: The Man Who Destroyed Merckx But Still Lost<\/title>\n<meta name=\"robots\" content=\"index, follow, max-snippet:-1, max-image-preview:large, max-video-preview:-1\" \/>\n<link rel=\"canonical\" href=\"https:\/\/www.welovecycling.com\/es\/2025\/04\/02\/luis-ocana\/\" \/>\n<meta property=\"og:locale\" content=\"es_ES\" \/>\n<meta property=\"og:type\" content=\"article\" \/>\n<meta property=\"og:title\" content=\"El ciclista que destruy\u00f3 a Merckx pero acab\u00f3 perdiendo. Luis Oca\u00f1a\" \/>\n<meta property=\"og:description\" content=\"Hay ciertos nombres que quedar\u00e1n consagrados para siempre con letras de oro en el gran escenario del ciclismo. Coppi, Hinault [&hellip;]\" \/>\n<meta property=\"og:url\" content=\"https:\/\/www.welovecycling.com\/es\/2025\/04\/02\/luis-ocana\/\" \/>\n<meta property=\"og:site_name\" content=\"\u0160koda We Love Cycling - Spain\" \/>\n<meta property=\"article:published_time\" content=\"2025-04-02T09:53:06+00:00\" \/>\n<meta property=\"og:image\" content=\"https:\/\/d2p6e6u75xmxt8.cloudfront.net\/6\/2025\/03\/Luis-Ocana-profimedia-0330144401-CVR.webp\" \/>\n\t<meta property=\"og:image:width\" content=\"990\" \/>\n\t<meta property=\"og:image:height\" content=\"660\" \/>\n\t<meta property=\"og:image:type\" content=\"image\/webp\" \/>\n<meta name=\"author\" content=\"We Love Cycling Spain\" \/>\n<meta name=\"twitter:card\" content=\"summary_large_image\" \/>\n<meta name=\"twitter:label1\" content=\"Written by\" \/>\n\t<meta name=\"twitter:data1\" content=\"Martin Atanasov\" \/>\n\t<meta name=\"twitter:label2\" content=\"Est. reading time\" \/>\n\t<meta name=\"twitter:data2\" content=\"3\" \/>\n<script type=\"application\/ld+json\" class=\"yoast-schema-graph\">{\"@context\":\"https:\/\/schema.org\",\"@graph\":[{\"@type\":\"WebPage\",\"@id\":\"https:\/\/www.welovecycling.com\/es\/2025\/04\/02\/luis-ocana\/\",\"url\":\"https:\/\/www.welovecycling.com\/es\/2025\/04\/02\/luis-ocana\/\",\"name\":\"Luis Oca\u00f1a: The Man Who Destroyed Merckx But Still Lost\",\"isPartOf\":{\"@id\":\"https:\/\/www.welovecycling.com\/es\/#website\"},\"primaryImageOfPage\":{\"@id\":\"https:\/\/www.welovecycling.com\/es\/2025\/04\/02\/luis-ocana\/#primaryimage\"},\"image\":{\"@id\":\"https:\/\/www.welovecycling.com\/es\/2025\/04\/02\/luis-ocana\/#primaryimage\"},\"thumbnailUrl\":\"https:\/\/d2p6e6u75xmxt8.cloudfront.net\/6\/2025\/03\/Luis-Ocana-profimedia-0330144401-CVR.webp\",\"datePublished\":\"2025-04-02T09:53:06+00:00\",\"author\":{\"@id\":\"https:\/\/www.welovecycling.com\/es\/#\/schema\/person\/deb61715b5812698ee79fb96f343ccd4\"},\"breadcrumb\":{\"@id\":\"https:\/\/www.welovecycling.com\/es\/2025\/04\/02\/luis-ocana\/#breadcrumb\"},\"inLanguage\":\"es-ES\",\"potentialAction\":[{\"@type\":\"ReadAction\",\"target\":[\"https:\/\/www.welovecycling.com\/es\/2025\/04\/02\/luis-ocana\/\"]}]},{\"@type\":\"ImageObject\",\"inLanguage\":\"es-ES\",\"@id\":\"https:\/\/www.welovecycling.com\/es\/2025\/04\/02\/luis-ocana\/#primaryimage\",\"url\":\"https:\/\/d2p6e6u75xmxt8.cloudfront.net\/6\/2025\/03\/Luis-Ocana-profimedia-0330144401-CVR.webp\",\"contentUrl\":\"https:\/\/d2p6e6u75xmxt8.cloudfront.net\/6\/2025\/03\/Luis-Ocana-profimedia-0330144401-CVR.webp\",\"width\":990,\"height\":660,\"caption\":\"Luis Ocana\"},{\"@type\":\"BreadcrumbList\",\"@id\":\"https:\/\/www.welovecycling.com\/es\/2025\/04\/02\/luis-ocana\/#breadcrumb\",\"itemListElement\":[{\"@type\":\"ListItem\",\"position\":1,\"name\":\"Home\",\"item\":\"https:\/\/www.welovecycling.com\/es\/\"},{\"@type\":\"ListItem\",\"position\":2,\"name\":\"El ciclista que destruy\u00f3 a Merckx pero acab\u00f3 perdiendo. Luis Oca\u00f1a\"}]},{\"@type\":\"WebSite\",\"@id\":\"https:\/\/www.welovecycling.com\/es\/#website\",\"url\":\"https:\/\/www.welovecycling.com\/es\/\",\"name\":\"\u0160koda We Love Cycling - Spain\",\"description\":\"\u0160koda WeLoveCycling Spain\",\"potentialAction\":[{\"@type\":\"SearchAction\",\"target\":{\"@type\":\"EntryPoint\",\"urlTemplate\":\"https:\/\/www.welovecycling.com\/es\/?s={search_term_string}\"},\"query-input\":{\"@type\":\"PropertyValueSpecification\",\"valueRequired\":true,\"valueName\":\"search_term_string\"}}],\"inLanguage\":\"es-ES\"},{\"@type\":\"Person\",\"@id\":\"https:\/\/www.welovecycling.com\/es\/#\/schema\/person\/deb61715b5812698ee79fb96f343ccd4\",\"name\":\"We Love Cycling Spain\",\"image\":{\"@type\":\"ImageObject\",\"inLanguage\":\"es-ES\",\"@id\":\"https:\/\/www.welovecycling.com\/es\/#\/schema\/person\/image\/\",\"url\":\"https:\/\/secure.gravatar.com\/avatar\/c824b04e6df0e37a03219d0b6481672889df542894588964102459e46513159c?s=96&d=mm&r=g\",\"contentUrl\":\"https:\/\/secure.gravatar.com\/avatar\/c824b04e6df0e37a03219d0b6481672889df542894588964102459e46513159c?s=96&d=mm&r=g\",\"caption\":\"We Love Cycling Spain\"},\"url\":\"https:\/\/www.welovecycling.com\/es\/author\/amunoz\/\"}]}<\/script>\n<!-- \/ Yoast SEO Premium plugin. -->","yoast_head_json":{"title":"Luis Oca\u00f1a: The Man Who Destroyed Merckx But Still Lost","robots":{"index":"index","follow":"follow","max-snippet":"max-snippet:-1","max-image-preview":"max-image-preview:large","max-video-preview":"max-video-preview:-1"},"canonical":"https:\/\/www.welovecycling.com\/es\/2025\/04\/02\/luis-ocana\/","og_locale":"es_ES","og_type":"article","og_title":"El ciclista que destruy\u00f3 a Merckx pero acab\u00f3 perdiendo. Luis Oca\u00f1a","og_description":"Hay ciertos nombres que quedar\u00e1n consagrados para siempre con letras de oro en el gran escenario del ciclismo. Coppi, Hinault [&hellip;]","og_url":"https:\/\/www.welovecycling.com\/es\/2025\/04\/02\/luis-ocana\/","og_site_name":"\u0160koda We Love Cycling - Spain","article_published_time":"2025-04-02T09:53:06+00:00","og_image":[{"width":990,"height":660,"url":"https:\/\/d2p6e6u75xmxt8.cloudfront.net\/6\/2025\/03\/Luis-Ocana-profimedia-0330144401-CVR.webp","type":"image\/webp"}],"author":"We Love Cycling Spain","twitter_card":"summary_large_image","twitter_misc":{"Written by":"Martin Atanasov","Est. reading time":"3"},"schema":{"@context":"https:\/\/schema.org","@graph":[{"@type":"WebPage","@id":"https:\/\/www.welovecycling.com\/es\/2025\/04\/02\/luis-ocana\/","url":"https:\/\/www.welovecycling.com\/es\/2025\/04\/02\/luis-ocana\/","name":"Luis Oca\u00f1a: The Man Who Destroyed Merckx But Still Lost","isPartOf":{"@id":"https:\/\/www.welovecycling.com\/es\/#website"},"primaryImageOfPage":{"@id":"https:\/\/www.welovecycling.com\/es\/2025\/04\/02\/luis-ocana\/#primaryimage"},"image":{"@id":"https:\/\/www.welovecycling.com\/es\/2025\/04\/02\/luis-ocana\/#primaryimage"},"thumbnailUrl":"https:\/\/d2p6e6u75xmxt8.cloudfront.net\/6\/2025\/03\/Luis-Ocana-profimedia-0330144401-CVR.webp","datePublished":"2025-04-02T09:53:06+00:00","author":{"@id":"https:\/\/www.welovecycling.com\/es\/#\/schema\/person\/deb61715b5812698ee79fb96f343ccd4"},"breadcrumb":{"@id":"https:\/\/www.welovecycling.com\/es\/2025\/04\/02\/luis-ocana\/#breadcrumb"},"inLanguage":"es-ES","potentialAction":[{"@type":"ReadAction","target":["https:\/\/www.welovecycling.com\/es\/2025\/04\/02\/luis-ocana\/"]}]},{"@type":"ImageObject","inLanguage":"es-ES","@id":"https:\/\/www.welovecycling.com\/es\/2025\/04\/02\/luis-ocana\/#primaryimage","url":"https:\/\/d2p6e6u75xmxt8.cloudfront.net\/6\/2025\/03\/Luis-Ocana-profimedia-0330144401-CVR.webp","contentUrl":"https:\/\/d2p6e6u75xmxt8.cloudfront.net\/6\/2025\/03\/Luis-Ocana-profimedia-0330144401-CVR.webp","width":990,"height":660,"caption":"Luis Ocana"},{"@type":"BreadcrumbList","@id":"https:\/\/www.welovecycling.com\/es\/2025\/04\/02\/luis-ocana\/#breadcrumb","itemListElement":[{"@type":"ListItem","position":1,"name":"Home","item":"https:\/\/www.welovecycling.com\/es\/"},{"@type":"ListItem","position":2,"name":"El ciclista que destruy\u00f3 a Merckx pero acab\u00f3 perdiendo. Luis Oca\u00f1a"}]},{"@type":"WebSite","@id":"https:\/\/www.welovecycling.com\/es\/#website","url":"https:\/\/www.welovecycling.com\/es\/","name":"\u0160koda We Love Cycling - Spain","description":"\u0160koda WeLoveCycling Spain","potentialAction":[{"@type":"SearchAction","target":{"@type":"EntryPoint","urlTemplate":"https:\/\/www.welovecycling.com\/es\/?s={search_term_string}"},"query-input":{"@type":"PropertyValueSpecification","valueRequired":true,"valueName":"search_term_string"}}],"inLanguage":"es-ES"},{"@type":"Person","@id":"https:\/\/www.welovecycling.com\/es\/#\/schema\/person\/deb61715b5812698ee79fb96f343ccd4","name":"We Love Cycling Spain","image":{"@type":"ImageObject","inLanguage":"es-ES","@id":"https:\/\/www.welovecycling.com\/es\/#\/schema\/person\/image\/","url":"https:\/\/secure.gravatar.com\/avatar\/c824b04e6df0e37a03219d0b6481672889df542894588964102459e46513159c?s=96&d=mm&r=g","contentUrl":"https:\/\/secure.gravatar.com\/avatar\/c824b04e6df0e37a03219d0b6481672889df542894588964102459e46513159c?s=96&d=mm&r=g","caption":"We Love Cycling Spain"},"url":"https:\/\/www.welovecycling.com\/es\/author\/amunoz\/"}]}},"_links":{"self":[{"href":"https:\/\/www.welovecycling.com\/es\/wp-json\/wp\/v2\/posts\/11608","targetHints":{"allow":["GET"]}}],"collection":[{"href":"https:\/\/www.welovecycling.com\/es\/wp-json\/wp\/v2\/posts"}],"about":[{"href":"https:\/\/www.welovecycling.com\/es\/wp-json\/wp\/v2\/types\/post"}],"author":[{"embeddable":true,"href":"https:\/\/www.welovecycling.com\/es\/wp-json\/wp\/v2\/users\/29"}],"replies":[{"embeddable":true,"href":"https:\/\/www.welovecycling.com\/es\/wp-json\/wp\/v2\/comments?post=11608"}],"version-history":[{"count":2,"href":"https:\/\/www.welovecycling.com\/es\/wp-json\/wp\/v2\/posts\/11608\/revisions"}],"predecessor-version":[{"id":11616,"href":"https:\/\/www.welovecycling.com\/es\/wp-json\/wp\/v2\/posts\/11608\/revisions\/11616"}],"wp:featuredmedia":[{"embeddable":true,"href":"https:\/\/www.welovecycling.com\/es\/wp-json\/wp\/v2\/media\/11614"}],"wp:attachment":[{"href":"https:\/\/www.welovecycling.com\/es\/wp-json\/wp\/v2\/media?parent=11608"}],"wp:term":[{"taxonomy":"category","embeddable":true,"href":"https:\/\/www.welovecycling.com\/es\/wp-json\/wp\/v2\/categories?post=11608"},{"taxonomy":"post_tag","embeddable":true,"href":"https:\/\/www.welovecycling.com\/es\/wp-json\/wp\/v2\/tags?post=11608"},{"taxonomy":"global-categories","embeddable":true,"href":"https:\/\/www.welovecycling.com\/es\/wp-json\/wp\/v2\/global-categories?post=11608"}],"curies":[{"name":"wp","href":"https:\/\/api.w.org\/{rel}","templated":true}]}}