{"id":11603,"date":"2025-03-31T11:12:07","date_gmt":"2025-03-31T09:12:07","guid":{"rendered":"https:\/\/www.welovecycling.com\/es\/?p=11603"},"modified":"2025-03-31T11:12:07","modified_gmt":"2025-03-31T09:12:07","slug":"roglic-regresa-en-la-volta-2025","status":"publish","type":"post","link":"https:\/\/www.welovecycling.com\/es\/2025\/03\/31\/roglic-regresa-en-la-volta-2025\/","title":{"rendered":"Roglic &#8216;regresa&#8217; en La Volta 2025"},"content":{"rendered":"<p><strong>Es cierto que nunca se ha ido, aunque su actuaci\u00f3n en el Algarve gener\u00f3 dudas. La \u00faltima etapa de La Volta 2025 fue para Roglic la confirmaci\u00f3n de que a sus 35 a\u00f1os sigue siendo de los pocos ciclistas del pelot\u00f3n que tiene esa &#8216;magia&#8217; de resolver situaciones complicadas con ataques imposibles. Su arrancada en Montjuic en solitario frente soltando de rueda a los mejores ciclistas de La Volta, Ayuso incluido, son de las que se no se olvidan.<\/strong><\/p>\n<p><!--more--><\/p>\n<p>Porque en esta Volta 2025 la igualdad entre Ayuso y Roglic hab\u00eda estado en un segundo. Victoria para el de Javea en La Molina en sprint cerrado con el esloveno y vuelta a la tortilla al d\u00eda siguiente en Monserrat con triunfo para <strong>Roglic.<\/strong> Igualdad total antes de la mutilada etapa reina de Berga y todo pendiente de lo que pasase en la decisiva etapa de Montjuic del domingo.<\/p>\n<p><strong>Ayuso part\u00eda con el maillot de l\u00edder<\/strong> y un segundo de ventaja, que perdi\u00f3 con Roglic en la bonificaci\u00f3n del primer sprint del d\u00eda el Viladecans. Lo recuper\u00f3 en el siguiente sprint bonificado, ya dentro del circuito de Montjuic. Suya era La Volta si Roglic no venc\u00eda en el previsible sprint de meta. Pero todo cambi\u00f3 a falta de 20 kil\u00f3metros en el pen\u00faltimo paso por la zona m\u00e1s dura del Castillo de Montjuic. All\u00ed el esloveno puso ritmo y se llev\u00f3 a todos los favoritos a rueda. Arranc\u00f3 y solo Bernal hizo el intento de seguirle. Ayuso, m\u00e1s atr\u00e1s, vio como el colombiano se cortaba y no ten\u00eda fuerzas para ir a por el esloveno.<br \/>\n<a href=\"https:\/\/d2p6e6u75xmxt8.cloudfront.net\/6\/2025\/03\/volta-sprint.webp\"><img loading=\"lazy\" decoding=\"async\" class=\"aligncenter size-full wp-image-11605\" src=\"https:\/\/d2p6e6u75xmxt8.cloudfront.net\/6\/2025\/03\/volta-sprint.webp\" alt=\"\" width=\"1000\" height=\"667\" srcset=\"https:\/\/d2p6e6u75xmxt8.cloudfront.net\/6\/2025\/03\/volta-sprint.webp 1000w, https:\/\/d2p6e6u75xmxt8.cloudfront.net\/6\/2025\/03\/volta-sprint-300x200.webp 300w, https:\/\/d2p6e6u75xmxt8.cloudfront.net\/6\/2025\/03\/volta-sprint-768x512.webp 768w, https:\/\/d2p6e6u75xmxt8.cloudfront.net\/6\/2025\/03\/volta-sprint-400x267.webp 400w, https:\/\/d2p6e6u75xmxt8.cloudfront.net\/6\/2025\/03\/volta-sprint-272x182.webp 272w\" sizes=\"auto, (max-width: 1000px) 100vw, 1000px\" \/><\/a><\/p>\n<p>La apuesta de <strong>Roglic<\/strong> era valiente. Por detr\u00e1s hab\u00eda m\u00e1s de 20 corredores y Ayuso esperaba a sus gregarios de UAE para trabajar. Decisi\u00f3n l\u00f3gica. Pero ni <strong>Yates, ni Soler ni Torres<\/strong> pudieron restar ni un segundo a la ventaja del esloveno, que se instal\u00f3 en los 18 segundos. Algo trabaj\u00f3 Decathlon, pero sin la convicci\u00f3n suficiente. El grupo ve\u00eda a Roglic en las rectas, pero jam\u00e1s consigui\u00f3 alcanzarle. Solo <strong>Van Eetvelt y De Plus<\/strong> arrancaron en el \u00faltimo paso por el Castillo. Se acercaron a un pu\u00f1ado de segundos, pero no llegaron hasta un Roglic que levant\u00f3 los brazos en solitario en una de sus mayores exhibiciones como ciclista profesional. Ayuso, desfondado, acab\u00f3 el trig\u00e9simo en el sprint del grupo. Ya sabe que no debe fiarse de Roglic en el pr\u00f3ximo <a href=\"https:\/\/www.welovecycling.com\/es\/2025\/03\/23\/volta-2025\/\">Giro de Italia<\/a>.<\/p>\n<p>La Volta 2025 tambi\u00e9n sirvi\u00f3 para ver el buen estado de forma de <strong>Enric Mas,<\/strong> que siempre estuvo entre los mejores en todas las etapas de monta\u00f1a y que incluso arranc\u00f3 en Montjuic cuando el grupo dudaba en si perseguir a Roglic o no. El mallorqu\u00edn ir\u00e1 al Tour, aunque podr\u00eda estar en el Giro peleando con Roglic y Ayuso al menos por subirse al podio, igual que en esta Volta. Quien si estar\u00e1 en Italia ser\u00e1 <strong>Mikel Landa<\/strong>, que volvi\u00f3 a demostrar que est\u00e1 en una forma similar a la de La Volta 2024, cuando fue el primer &#8216;mortal&#8217; detr\u00e1s de Tadej Pogacar. Esta vez acab\u00f3 cuarto por su mala punta de velocidad en las llegadas de La Molina y Montserrat.<\/p>\n<h2><strong>Brennan se destapa<\/strong><\/h2>\n<p>Las etapas al sprint de La Volta, las dos primeras en Sant Feliu y Banyolas y la quinta en Amposta hab\u00edan visto la confirmaci\u00f3n de <a href=\"https:\/\/www.procyclingstats.com\/rider\/matthew-brennan\/2024\"><strong>Brennan<\/strong> <\/a>como unos de los velocistas del momento. El ingles, de solo 19 a\u00f1os, es un debutante en el World Tour. Venci\u00f3 con solvencia en Sant Feliu y Amposta y visti\u00f3 de l\u00edder dos d\u00edas. El triunfo en Banyolas se le escap\u00f3 por media rueda. Y todo despu\u00e9s de ganar ya esta temporada en los adoquines de Denain, que son como los de Roubaix y en dos carreras francesas m\u00e1s de segunda categor\u00eda.<\/p>\n<p>La suya es una aparici\u00f3n inesperada porque en 2024 solo hab\u00eda conseguido dos triunfos en Croacia y una victoria en el Giro sub 23. Pero este salto de calidad en La Volta a Catalunya que le ha permitido vencer a velocistas consolidados como <strong>Kaden Groves o Pavel Bittner<\/strong> le ponen en la n\u00f3mina de ciclistas r\u00e1pidos a tener en cuenta a lo largo de la pr\u00f3xima d\u00e9cada.<\/p>\n<p><a href=\"https:\/\/d2p6e6u75xmxt8.cloudfront.net\/6\/2025\/03\/volta25.webp\"><img loading=\"lazy\" decoding=\"async\" class=\"aligncenter size-full wp-image-11606\" src=\"https:\/\/d2p6e6u75xmxt8.cloudfront.net\/6\/2025\/03\/volta25.webp\" alt=\"\" width=\"1000\" height=\"667\" srcset=\"https:\/\/d2p6e6u75xmxt8.cloudfront.net\/6\/2025\/03\/volta25.webp 1000w, https:\/\/d2p6e6u75xmxt8.cloudfront.net\/6\/2025\/03\/volta25-300x200.webp 300w, https:\/\/d2p6e6u75xmxt8.cloudfront.net\/6\/2025\/03\/volta25-768x512.webp 768w, https:\/\/d2p6e6u75xmxt8.cloudfront.net\/6\/2025\/03\/volta25-400x267.webp 400w, https:\/\/d2p6e6u75xmxt8.cloudfront.net\/6\/2025\/03\/volta25-272x182.webp 272w\" sizes=\"auto, (max-width: 1000px) 100vw, 1000px\" \/><\/a><\/p>\n","protected":false},"excerpt":{"rendered":"<p>Es cierto que nunca se ha ido, aunque su actuaci\u00f3n en el Algarve gener\u00f3 dudas. La \u00faltima etapa de La [&hellip;]<\/p>\n","protected":false},"author":29,"featured_media":11604,"comment_status":"open","ping_status":"open","sticky":false,"template":"","format":"standard","meta":{"footnotes":""},"categories":[7],"tags":[],"global-categories":[1164],"class_list":["post-11603","post","type-post","status-publish","format-standard","has-post-thumbnail","hentry","category-carretera","global-categories-cycling"],"yoast_head":"<!-- This site is optimized with the Yoast SEO Premium plugin v25.3 (Yoast SEO v25.9) - https:\/\/yoast.com\/wordpress\/plugins\/seo\/ -->\n<title>Roglic &#039;regresa&#039; en La Volta 2025 - \u0160koda We Love Cycling - Spain<\/title>\n<meta name=\"description\" content=\"La Volta 2025 fue para Roglic la confirmaci\u00f3n de que a sus 35 a\u00f1os sigue siendo de los pocos ciclistas del pelot\u00f3n que tiene esa &#039;magia&#039;\" \/>\n<meta name=\"robots\" content=\"index, follow, max-snippet:-1, max-image-preview:large, max-video-preview:-1\" \/>\n<link rel=\"canonical\" href=\"https:\/\/www.welovecycling.com\/es\/2025\/03\/31\/roglic-regresa-en-la-volta-2025\/\" \/>\n<meta property=\"og:locale\" content=\"es_ES\" \/>\n<meta property=\"og:type\" content=\"article\" \/>\n<meta property=\"og:title\" content=\"Roglic &#039;regresa&#039; en La Volta 2025\" \/>\n<meta property=\"og:description\" content=\"La Volta 2025 fue para Roglic la confirmaci\u00f3n de que a sus 35 a\u00f1os sigue siendo de los pocos ciclistas del pelot\u00f3n que tiene esa &#039;magia&#039;\" \/>\n<meta property=\"og:url\" content=\"https:\/\/www.welovecycling.com\/es\/2025\/03\/31\/roglic-regresa-en-la-volta-2025\/\" \/>\n<meta property=\"og:site_name\" content=\"\u0160koda We Love Cycling - Spain\" \/>\n<meta property=\"article:published_time\" content=\"2025-03-31T09:12:07+00:00\" \/>\n<meta property=\"og:image\" content=\"https:\/\/d2p6e6u75xmxt8.cloudfront.net\/6\/2025\/03\/Roglic_Volta.webp\" \/>\n\t<meta property=\"og:image:width\" content=\"1000\" \/>\n\t<meta property=\"og:image:height\" content=\"667\" \/>\n\t<meta property=\"og:image:type\" content=\"image\/webp\" \/>\n<meta name=\"author\" content=\"We Love Cycling Spain\" \/>\n<meta name=\"twitter:card\" content=\"summary_large_image\" \/>\n<meta name=\"twitter:description\" content=\"La Volta 2025 fue para Roglic la confirmaci\u00f3n de que a sus 35 a\u00f1os sigue siendo de los pocos ciclistas del pelot\u00f3n que tiene esa &#039;magia&#039;\" \/>\n<meta name=\"twitter:label1\" content=\"Written by\" \/>\n\t<meta name=\"twitter:data1\" content=\"Luis Ortega @Ciclored\" \/>\n\t<meta name=\"twitter:label2\" content=\"Est. reading time\" \/>\n\t<meta name=\"twitter:data2\" content=\"4 minutes\" \/>\n<script type=\"application\/ld+json\" class=\"yoast-schema-graph\">{\"@context\":\"https:\/\/schema.org\",\"@graph\":[{\"@type\":\"WebPage\",\"@id\":\"https:\/\/www.welovecycling.com\/es\/2025\/03\/31\/roglic-regresa-en-la-volta-2025\/\",\"url\":\"https:\/\/www.welovecycling.com\/es\/2025\/03\/31\/roglic-regresa-en-la-volta-2025\/\",\"name\":\"Roglic 'regresa' en La Volta 2025 - \u0160koda We Love Cycling - Spain\",\"isPartOf\":{\"@id\":\"https:\/\/www.welovecycling.com\/es\/#website\"},\"primaryImageOfPage\":{\"@id\":\"https:\/\/www.welovecycling.com\/es\/2025\/03\/31\/roglic-regresa-en-la-volta-2025\/#primaryimage\"},\"image\":{\"@id\":\"https:\/\/www.welovecycling.com\/es\/2025\/03\/31\/roglic-regresa-en-la-volta-2025\/#primaryimage\"},\"thumbnailUrl\":\"https:\/\/d2p6e6u75xmxt8.cloudfront.net\/6\/2025\/03\/Roglic_Volta.webp\",\"datePublished\":\"2025-03-31T09:12:07+00:00\",\"author\":{\"@id\":\"https:\/\/www.welovecycling.com\/es\/#\/schema\/person\/deb61715b5812698ee79fb96f343ccd4\"},\"description\":\"La Volta 2025 fue para Roglic la confirmaci\u00f3n de que a sus 35 a\u00f1os sigue siendo de los pocos ciclistas del pelot\u00f3n que tiene esa 'magia'\",\"breadcrumb\":{\"@id\":\"https:\/\/www.welovecycling.com\/es\/2025\/03\/31\/roglic-regresa-en-la-volta-2025\/#breadcrumb\"},\"inLanguage\":\"es-ES\",\"potentialAction\":[{\"@type\":\"ReadAction\",\"target\":[\"https:\/\/www.welovecycling.com\/es\/2025\/03\/31\/roglic-regresa-en-la-volta-2025\/\"]}]},{\"@type\":\"ImageObject\",\"inLanguage\":\"es-ES\",\"@id\":\"https:\/\/www.welovecycling.com\/es\/2025\/03\/31\/roglic-regresa-en-la-volta-2025\/#primaryimage\",\"url\":\"https:\/\/d2p6e6u75xmxt8.cloudfront.net\/6\/2025\/03\/Roglic_Volta.webp\",\"contentUrl\":\"https:\/\/d2p6e6u75xmxt8.cloudfront.net\/6\/2025\/03\/Roglic_Volta.webp\",\"width\":1000,\"height\":667},{\"@type\":\"BreadcrumbList\",\"@id\":\"https:\/\/www.welovecycling.com\/es\/2025\/03\/31\/roglic-regresa-en-la-volta-2025\/#breadcrumb\",\"itemListElement\":[{\"@type\":\"ListItem\",\"position\":1,\"name\":\"Home\",\"item\":\"https:\/\/www.welovecycling.com\/es\/\"},{\"@type\":\"ListItem\",\"position\":2,\"name\":\"Roglic &#8216;regresa&#8217; en La Volta 2025\"}]},{\"@type\":\"WebSite\",\"@id\":\"https:\/\/www.welovecycling.com\/es\/#website\",\"url\":\"https:\/\/www.welovecycling.com\/es\/\",\"name\":\"\u0160koda We Love Cycling - Spain\",\"description\":\"\u0160koda WeLoveCycling Spain\",\"potentialAction\":[{\"@type\":\"SearchAction\",\"target\":{\"@type\":\"EntryPoint\",\"urlTemplate\":\"https:\/\/www.welovecycling.com\/es\/?s={search_term_string}\"},\"query-input\":{\"@type\":\"PropertyValueSpecification\",\"valueRequired\":true,\"valueName\":\"search_term_string\"}}],\"inLanguage\":\"es-ES\"},{\"@type\":\"Person\",\"@id\":\"https:\/\/www.welovecycling.com\/es\/#\/schema\/person\/deb61715b5812698ee79fb96f343ccd4\",\"name\":\"We Love Cycling Spain\",\"image\":{\"@type\":\"ImageObject\",\"inLanguage\":\"es-ES\",\"@id\":\"https:\/\/www.welovecycling.com\/es\/#\/schema\/person\/image\/\",\"url\":\"https:\/\/secure.gravatar.com\/avatar\/c824b04e6df0e37a03219d0b6481672889df542894588964102459e46513159c?s=96&d=mm&r=g\",\"contentUrl\":\"https:\/\/secure.gravatar.com\/avatar\/c824b04e6df0e37a03219d0b6481672889df542894588964102459e46513159c?s=96&d=mm&r=g\",\"caption\":\"We Love Cycling Spain\"},\"url\":\"https:\/\/www.welovecycling.com\/es\/author\/amunoz\/\"}]}<\/script>\n<!-- \/ Yoast SEO Premium plugin. -->","yoast_head_json":{"title":"Roglic 'regresa' en La Volta 2025 - \u0160koda We Love Cycling - Spain","description":"La Volta 2025 fue para Roglic la confirmaci\u00f3n de que a sus 35 a\u00f1os sigue siendo de los pocos ciclistas del pelot\u00f3n que tiene esa 'magia'","robots":{"index":"index","follow":"follow","max-snippet":"max-snippet:-1","max-image-preview":"max-image-preview:large","max-video-preview":"max-video-preview:-1"},"canonical":"https:\/\/www.welovecycling.com\/es\/2025\/03\/31\/roglic-regresa-en-la-volta-2025\/","og_locale":"es_ES","og_type":"article","og_title":"Roglic 'regresa' en La Volta 2025","og_description":"La Volta 2025 fue para Roglic la confirmaci\u00f3n de que a sus 35 a\u00f1os sigue siendo de los pocos ciclistas del pelot\u00f3n que tiene esa 'magia'","og_url":"https:\/\/www.welovecycling.com\/es\/2025\/03\/31\/roglic-regresa-en-la-volta-2025\/","og_site_name":"\u0160koda We Love Cycling - Spain","article_published_time":"2025-03-31T09:12:07+00:00","og_image":[{"width":1000,"height":667,"url":"https:\/\/d2p6e6u75xmxt8.cloudfront.net\/6\/2025\/03\/Roglic_Volta.webp","type":"image\/webp"}],"author":"We Love Cycling Spain","twitter_card":"summary_large_image","twitter_description":"La Volta 2025 fue para Roglic la confirmaci\u00f3n de que a sus 35 a\u00f1os sigue siendo de los pocos ciclistas del pelot\u00f3n que tiene esa 'magia'","twitter_misc":{"Written by":"Luis Ortega @Ciclored","Est. reading time":"4 minutes"},"schema":{"@context":"https:\/\/schema.org","@graph":[{"@type":"WebPage","@id":"https:\/\/www.welovecycling.com\/es\/2025\/03\/31\/roglic-regresa-en-la-volta-2025\/","url":"https:\/\/www.welovecycling.com\/es\/2025\/03\/31\/roglic-regresa-en-la-volta-2025\/","name":"Roglic 'regresa' en La Volta 2025 - \u0160koda We Love Cycling - Spain","isPartOf":{"@id":"https:\/\/www.welovecycling.com\/es\/#website"},"primaryImageOfPage":{"@id":"https:\/\/www.welovecycling.com\/es\/2025\/03\/31\/roglic-regresa-en-la-volta-2025\/#primaryimage"},"image":{"@id":"https:\/\/www.welovecycling.com\/es\/2025\/03\/31\/roglic-regresa-en-la-volta-2025\/#primaryimage"},"thumbnailUrl":"https:\/\/d2p6e6u75xmxt8.cloudfront.net\/6\/2025\/03\/Roglic_Volta.webp","datePublished":"2025-03-31T09:12:07+00:00","author":{"@id":"https:\/\/www.welovecycling.com\/es\/#\/schema\/person\/deb61715b5812698ee79fb96f343ccd4"},"description":"La Volta 2025 fue para Roglic la confirmaci\u00f3n de que a sus 35 a\u00f1os sigue siendo de los pocos ciclistas del pelot\u00f3n que tiene esa 'magia'","breadcrumb":{"@id":"https:\/\/www.welovecycling.com\/es\/2025\/03\/31\/roglic-regresa-en-la-volta-2025\/#breadcrumb"},"inLanguage":"es-ES","potentialAction":[{"@type":"ReadAction","target":["https:\/\/www.welovecycling.com\/es\/2025\/03\/31\/roglic-regresa-en-la-volta-2025\/"]}]},{"@type":"ImageObject","inLanguage":"es-ES","@id":"https:\/\/www.welovecycling.com\/es\/2025\/03\/31\/roglic-regresa-en-la-volta-2025\/#primaryimage","url":"https:\/\/d2p6e6u75xmxt8.cloudfront.net\/6\/2025\/03\/Roglic_Volta.webp","contentUrl":"https:\/\/d2p6e6u75xmxt8.cloudfront.net\/6\/2025\/03\/Roglic_Volta.webp","width":1000,"height":667},{"@type":"BreadcrumbList","@id":"https:\/\/www.welovecycling.com\/es\/2025\/03\/31\/roglic-regresa-en-la-volta-2025\/#breadcrumb","itemListElement":[{"@type":"ListItem","position":1,"name":"Home","item":"https:\/\/www.welovecycling.com\/es\/"},{"@type":"ListItem","position":2,"name":"Roglic &#8216;regresa&#8217; en La Volta 2025"}]},{"@type":"WebSite","@id":"https:\/\/www.welovecycling.com\/es\/#website","url":"https:\/\/www.welovecycling.com\/es\/","name":"\u0160koda We Love Cycling - Spain","description":"\u0160koda WeLoveCycling Spain","potentialAction":[{"@type":"SearchAction","target":{"@type":"EntryPoint","urlTemplate":"https:\/\/www.welovecycling.com\/es\/?s={search_term_string}"},"query-input":{"@type":"PropertyValueSpecification","valueRequired":true,"valueName":"search_term_string"}}],"inLanguage":"es-ES"},{"@type":"Person","@id":"https:\/\/www.welovecycling.com\/es\/#\/schema\/person\/deb61715b5812698ee79fb96f343ccd4","name":"We Love Cycling Spain","image":{"@type":"ImageObject","inLanguage":"es-ES","@id":"https:\/\/www.welovecycling.com\/es\/#\/schema\/person\/image\/","url":"https:\/\/secure.gravatar.com\/avatar\/c824b04e6df0e37a03219d0b6481672889df542894588964102459e46513159c?s=96&d=mm&r=g","contentUrl":"https:\/\/secure.gravatar.com\/avatar\/c824b04e6df0e37a03219d0b6481672889df542894588964102459e46513159c?s=96&d=mm&r=g","caption":"We Love Cycling Spain"},"url":"https:\/\/www.welovecycling.com\/es\/author\/amunoz\/"}]}},"_links":{"self":[{"href":"https:\/\/www.welovecycling.com\/es\/wp-json\/wp\/v2\/posts\/11603","targetHints":{"allow":["GET"]}}],"collection":[{"href":"https:\/\/www.welovecycling.com\/es\/wp-json\/wp\/v2\/posts"}],"about":[{"href":"https:\/\/www.welovecycling.com\/es\/wp-json\/wp\/v2\/types\/post"}],"author":[{"embeddable":true,"href":"https:\/\/www.welovecycling.com\/es\/wp-json\/wp\/v2\/users\/29"}],"replies":[{"embeddable":true,"href":"https:\/\/www.welovecycling.com\/es\/wp-json\/wp\/v2\/comments?post=11603"}],"version-history":[{"count":1,"href":"https:\/\/www.welovecycling.com\/es\/wp-json\/wp\/v2\/posts\/11603\/revisions"}],"predecessor-version":[{"id":11607,"href":"https:\/\/www.welovecycling.com\/es\/wp-json\/wp\/v2\/posts\/11603\/revisions\/11607"}],"wp:featuredmedia":[{"embeddable":true,"href":"https:\/\/www.welovecycling.com\/es\/wp-json\/wp\/v2\/media\/11604"}],"wp:attachment":[{"href":"https:\/\/www.welovecycling.com\/es\/wp-json\/wp\/v2\/media?parent=11603"}],"wp:term":[{"taxonomy":"category","embeddable":true,"href":"https:\/\/www.welovecycling.com\/es\/wp-json\/wp\/v2\/categories?post=11603"},{"taxonomy":"post_tag","embeddable":true,"href":"https:\/\/www.welovecycling.com\/es\/wp-json\/wp\/v2\/tags?post=11603"},{"taxonomy":"global-categories","embeddable":true,"href":"https:\/\/www.welovecycling.com\/es\/wp-json\/wp\/v2\/global-categories?post=11603"}],"curies":[{"name":"wp","href":"https:\/\/api.w.org\/{rel}","templated":true}]}}