{"id":116,"date":"2017-02-02T16:21:38","date_gmt":"2017-02-02T16:21:38","guid":{"rendered":"https:\/\/www.welovecycling.com\/es\/?p=116"},"modified":"2017-03-07T10:17:57","modified_gmt":"2017-03-07T10:17:57","slug":"diez-fotografias-emblematicas-la-historia-del-tour-francia","status":"publish","type":"post","link":"https:\/\/www.welovecycling.com\/es\/2017\/02\/02\/diez-fotografias-emblematicas-la-historia-del-tour-francia\/","title":{"rendered":"Diez fotograf\u00edas emblem\u00e1ticas de la historia del Tour de Francia"},"content":{"rendered":"<p><strong>Estas fotograf\u00edas simbolizan lo que a la vez amamos y odiamos de &#8220;La Grande Boucle&#8221;. El rico legado, la gloria eterna, la dedicaci\u00f3n irrompible y el enga\u00f1o desgarrador. Todo est\u00e1 ah\u00ed. As\u00ed que pong\u00e1monos c\u00f3modos y disfrutemos un poco de la nostalgia.<\/strong><\/p>\n<figure id=\"attachment_273\" aria-describedby=\"caption-attachment-273\" style=\"width: 640px\" class=\"wp-caption alignnone\"><a href=\"https:\/\/d2p6e6u75xmxt8.cloudfront.net\/6\/2017\/02\/1903.jpg\"><img loading=\"lazy\" decoding=\"async\" class=\"size-full wp-image-273\" src=\"https:\/\/d2p6e6u75xmxt8.cloudfront.net\/6\/2017\/02\/1903.jpg\" alt=\"\" width=\"640\" height=\"715\" srcset=\"https:\/\/d2p6e6u75xmxt8.cloudfront.net\/6\/2017\/02\/1903.jpg 640w, https:\/\/d2p6e6u75xmxt8.cloudfront.net\/6\/2017\/02\/1903-269x300.jpg 269w\" sizes=\"auto, (max-width: 640px) 100vw, 640px\" \/><\/a><figcaption id=\"caption-attachment-273\" class=\"wp-caption-text\">1903: El ganador del Tour de Francia, Maurice Garin.<\/figcaption><\/figure>\n<figure id=\"attachment_274\" aria-describedby=\"caption-attachment-274\" style=\"width: 850px\" class=\"wp-caption alignnone\"><a href=\"https:\/\/d2p6e6u75xmxt8.cloudfront.net\/6\/2017\/02\/1926.jpg\"><img loading=\"lazy\" decoding=\"async\" class=\"wp-image-274 size-full\" src=\"https:\/\/d2p6e6u75xmxt8.cloudfront.net\/6\/2017\/02\/1926.jpg\" width=\"850\" height=\"612\" srcset=\"https:\/\/d2p6e6u75xmxt8.cloudfront.net\/6\/2017\/02\/1926.jpg 850w, https:\/\/d2p6e6u75xmxt8.cloudfront.net\/6\/2017\/02\/1926-300x216.jpg 300w, https:\/\/d2p6e6u75xmxt8.cloudfront.net\/6\/2017\/02\/1926-768x553.jpg 768w\" sizes=\"auto, (max-width: 850px) 100vw, 850px\" \/><\/a><figcaption id=\"caption-attachment-274\" class=\"wp-caption-text\">1926: La \u00e9pica batalla empez\u00f3 a las 2 de la madrugada. Los ciclistas salieron bajo un aguacero e incluso tuvieron que apearse en el Tourmalet por culpa del barro. A las 22.00 horas, solo 30 ciclistas hab\u00edan cruzado la l\u00ednea de meta, y todav\u00eda faltaban 15 a la ma\u00f1ana siguiente.<\/figcaption><\/figure>\n<figure id=\"attachment_281\" aria-describedby=\"caption-attachment-281\" style=\"width: 850px\" class=\"wp-caption alignnone\"><a href=\"https:\/\/d2p6e6u75xmxt8.cloudfront.net\/6\/2017\/02\/19372.jpg\"><img loading=\"lazy\" decoding=\"async\" class=\"wp-image-281 size-full\" src=\"https:\/\/d2p6e6u75xmxt8.cloudfront.net\/6\/2017\/02\/19372.jpg\" width=\"850\" height=\"584\" srcset=\"https:\/\/d2p6e6u75xmxt8.cloudfront.net\/6\/2017\/02\/19372.jpg 850w, https:\/\/d2p6e6u75xmxt8.cloudfront.net\/6\/2017\/02\/19372-300x206.jpg 300w, https:\/\/d2p6e6u75xmxt8.cloudfront.net\/6\/2017\/02\/19372-768x528.jpg 768w\" sizes=\"auto, (max-width: 850px) 100vw, 850px\" \/><\/a><figcaption id=\"caption-attachment-281\" class=\"wp-caption-text\">1937: Gino Bartali, &#8220;el fraile volador&#8221;, en el puerto de Galibier. Lleg\u00f3 a ganar el Tour en 1938, pero es m\u00e1s conocido por ayudar a los partisanos en la Italia ocupada por los Nazis y salvar la vida de 800 jud\u00edos.<\/figcaption><\/figure>\n<figure id=\"attachment_275\" aria-describedby=\"caption-attachment-275\" style=\"width: 850px\" class=\"wp-caption alignnone\"><a href=\"https:\/\/d2p6e6u75xmxt8.cloudfront.net\/6\/2017\/02\/1937.jpg\"><img loading=\"lazy\" decoding=\"async\" class=\"wp-image-275 size-full\" src=\"https:\/\/d2p6e6u75xmxt8.cloudfront.net\/6\/2017\/02\/1937.jpg\" width=\"850\" height=\"601\" srcset=\"https:\/\/d2p6e6u75xmxt8.cloudfront.net\/6\/2017\/02\/1937.jpg 850w, https:\/\/d2p6e6u75xmxt8.cloudfront.net\/6\/2017\/02\/1937-300x212.jpg 300w, https:\/\/d2p6e6u75xmxt8.cloudfront.net\/6\/2017\/02\/1937-768x543.jpg 768w\" sizes=\"auto, (max-width: 850px) 100vw, 850px\" \/><\/a><figcaption id=\"caption-attachment-275\" class=\"wp-caption-text\">1937: Los ciclistas utilizaron los cambios de marchas por primera vez en 1937. Antes de su introducci\u00f3n, todos ten\u00edan que parar y cambiar la rueda trasera antes de las ascensiones.<\/figcaption><\/figure>\n<figure id=\"attachment_276\" aria-describedby=\"caption-attachment-276\" style=\"width: 850px\" class=\"wp-caption alignnone\"><a href=\"https:\/\/d2p6e6u75xmxt8.cloudfront.net\/6\/2017\/02\/1947.jpg\"><img loading=\"lazy\" decoding=\"async\" class=\"wp-image-276 size-full\" src=\"https:\/\/d2p6e6u75xmxt8.cloudfront.net\/6\/2017\/02\/1947.jpg\" width=\"850\" height=\"661\" srcset=\"https:\/\/d2p6e6u75xmxt8.cloudfront.net\/6\/2017\/02\/1947.jpg 850w, https:\/\/d2p6e6u75xmxt8.cloudfront.net\/6\/2017\/02\/1947-300x233.jpg 300w, https:\/\/d2p6e6u75xmxt8.cloudfront.net\/6\/2017\/02\/1947-768x597.jpg 768w\" sizes=\"auto, (max-width: 850px) 100vw, 850px\" \/><\/a><figcaption id=\"caption-attachment-276\" class=\"wp-caption-text\">1947: El Tour de Francia volvi\u00f3 a celebrarse dos a\u00f1os despu\u00e9s de concluir la Segunda Guerra Mundial. En la foto anterior, pueden verse los ciclistas abandonando la ciudad de Caen. Todav\u00eda son visibles los da\u00f1os de los edificios.<\/figcaption><\/figure>\n<figure id=\"attachment_277\" aria-describedby=\"caption-attachment-277\" style=\"width: 850px\" class=\"wp-caption alignnone\"><a href=\"https:\/\/d2p6e6u75xmxt8.cloudfront.net\/6\/2017\/02\/1967.jpg\"><img loading=\"lazy\" decoding=\"async\" class=\"wp-image-277 size-full\" src=\"https:\/\/d2p6e6u75xmxt8.cloudfront.net\/6\/2017\/02\/1967.jpg\" width=\"850\" height=\"555\" srcset=\"https:\/\/d2p6e6u75xmxt8.cloudfront.net\/6\/2017\/02\/1967.jpg 850w, https:\/\/d2p6e6u75xmxt8.cloudfront.net\/6\/2017\/02\/1967-300x196.jpg 300w, https:\/\/d2p6e6u75xmxt8.cloudfront.net\/6\/2017\/02\/1967-768x501.jpg 768w\" sizes=\"auto, (max-width: 850px) 100vw, 850px\" \/><\/a><figcaption id=\"caption-attachment-277\" class=\"wp-caption-text\">En 1967, Tom Simpson vest\u00eda la malla amarilla en su ascensi\u00f3n del Mont Ventoux en la 13\u00aa etapa. Se derrumb\u00f3 poco despu\u00e9s de llegar a la cima y muri\u00f3 all\u00ed mismo. Se cree que una mezcla de alcohol y anfetaminas para aumentar el rendimiento provoc\u00f3 la tragedia.<\/figcaption><\/figure>\n<figure id=\"attachment_278\" aria-describedby=\"caption-attachment-278\" style=\"width: 850px\" class=\"wp-caption alignnone\"><a href=\"https:\/\/d2p6e6u75xmxt8.cloudfront.net\/6\/2017\/02\/1969.jpg\"><img loading=\"lazy\" decoding=\"async\" class=\"wp-image-278 size-full\" src=\"https:\/\/d2p6e6u75xmxt8.cloudfront.net\/6\/2017\/02\/1969.jpg\" width=\"850\" height=\"849\" srcset=\"https:\/\/d2p6e6u75xmxt8.cloudfront.net\/6\/2017\/02\/1969.jpg 850w, https:\/\/d2p6e6u75xmxt8.cloudfront.net\/6\/2017\/02\/1969-150x150.jpg 150w, https:\/\/d2p6e6u75xmxt8.cloudfront.net\/6\/2017\/02\/1969-300x300.jpg 300w, https:\/\/d2p6e6u75xmxt8.cloudfront.net\/6\/2017\/02\/1969-768x767.jpg 768w\" sizes=\"auto, (max-width: 850px) 100vw, 850px\" \/><\/a><figcaption id=\"caption-attachment-278\" class=\"wp-caption-text\">1969: El inicio del reinado del Can\u00edbal. Eddie Merckx, ganador del Tour cinco veces entre 1969 y 1974, es considerado el mejor ciclista de todos los tiempos.<\/figcaption><\/figure>\n<figure id=\"attachment_279\" aria-describedby=\"caption-attachment-279\" style=\"width: 850px\" class=\"wp-caption alignnone\"><a href=\"https:\/\/d2p6e6u75xmxt8.cloudfront.net\/6\/2017\/02\/1987.jpg\"><img loading=\"lazy\" decoding=\"async\" class=\"wp-image-279 size-full\" src=\"https:\/\/d2p6e6u75xmxt8.cloudfront.net\/6\/2017\/02\/1987.jpg\" width=\"850\" height=\"566\" srcset=\"https:\/\/d2p6e6u75xmxt8.cloudfront.net\/6\/2017\/02\/1987.jpg 850w, https:\/\/d2p6e6u75xmxt8.cloudfront.net\/6\/2017\/02\/1987-300x200.jpg 300w, https:\/\/d2p6e6u75xmxt8.cloudfront.net\/6\/2017\/02\/1987-768x511.jpg 768w, https:\/\/d2p6e6u75xmxt8.cloudfront.net\/6\/2017\/02\/1987-272x182.jpg 272w\" sizes=\"auto, (max-width: 850px) 100vw, 850px\" \/><\/a><figcaption id=\"caption-attachment-279\" class=\"wp-caption-text\">1987: El ciclista colombiano Luis Herrer pos\u00f3 delante del Muro de Berl\u00edn, celebrando el 750 aniversario de la ciudad.<\/figcaption><\/figure>\n<figure id=\"attachment_280\" aria-describedby=\"caption-attachment-280\" style=\"width: 850px\" class=\"wp-caption alignnone\"><a href=\"https:\/\/d2p6e6u75xmxt8.cloudfront.net\/6\/2017\/02\/1997.jpg\"><img loading=\"lazy\" decoding=\"async\" class=\"wp-image-280 size-full\" src=\"https:\/\/d2p6e6u75xmxt8.cloudfront.net\/6\/2017\/02\/1997.jpg\" width=\"850\" height=\"564\" srcset=\"https:\/\/d2p6e6u75xmxt8.cloudfront.net\/6\/2017\/02\/1997.jpg 850w, https:\/\/d2p6e6u75xmxt8.cloudfront.net\/6\/2017\/02\/1997-300x199.jpg 300w, https:\/\/d2p6e6u75xmxt8.cloudfront.net\/6\/2017\/02\/1997-768x510.jpg 768w\" sizes=\"auto, (max-width: 850px) 100vw, 850px\" \/><\/a><figcaption id=\"caption-attachment-280\" class=\"wp-caption-text\">1997: Fue el primer alem\u00e1n en ganar el Tour de Francia, pero es m\u00e1s conocido por haber admitido doparse una d\u00e9cada despu\u00e9s.<\/figcaption><\/figure>\n<figure id=\"attachment_283\" aria-describedby=\"caption-attachment-283\" style=\"width: 2592px\" class=\"wp-caption alignnone\"><a href=\"https:\/\/d2p6e6u75xmxt8.cloudfront.net\/6\/2017\/02\/gty_oprah_winfrey_lance_armstrong_jc_150519.jpg\"><img loading=\"lazy\" decoding=\"async\" class=\"wp-image-283 size-full\" src=\"https:\/\/d2p6e6u75xmxt8.cloudfront.net\/6\/2017\/02\/gty_oprah_winfrey_lance_armstrong_jc_150519.jpg\" width=\"2592\" height=\"1713\" srcset=\"https:\/\/d2p6e6u75xmxt8.cloudfront.net\/6\/2017\/02\/gty_oprah_winfrey_lance_armstrong_jc_150519.jpg 2592w, https:\/\/d2p6e6u75xmxt8.cloudfront.net\/6\/2017\/02\/gty_oprah_winfrey_lance_armstrong_jc_150519-300x198.jpg 300w, https:\/\/d2p6e6u75xmxt8.cloudfront.net\/6\/2017\/02\/gty_oprah_winfrey_lance_armstrong_jc_150519-768x508.jpg 768w, https:\/\/d2p6e6u75xmxt8.cloudfront.net\/6\/2017\/02\/gty_oprah_winfrey_lance_armstrong_jc_150519-1024x677.jpg 1024w\" sizes=\"auto, (max-width: 2592px) 100vw, 2592px\" \/><\/a><figcaption id=\"caption-attachment-283\" class=\"wp-caption-text\">2013: Lance Armstrong fue despose\u00eddo de todas sus victorias en el Tour de Francia. Perdi\u00f3 siete t\u00edtulos por culpa del dopaje. Aqu\u00ed se le puede ver durante una terrible entrevista con Oprah Winfrey.<\/figcaption><\/figure>\n","protected":false},"excerpt":{"rendered":"<p>Estas fotograf\u00edas simbolizan lo que a la vez amamos y odiamos de &#8220;La Grande Boucle&#8221;. El rico legado, la gloria [&hellip;]<\/p>\n","protected":false},"author":19,"featured_media":287,"comment_status":"open","ping_status":"open","sticky":false,"template":"","format":"standard","meta":{"footnotes":""},"categories":[7],"tags":[21],"global-categories":[],"class_list":["post-116","post","type-post","status-publish","format-standard","has-post-thumbnail","hentry","category-carretera","tag-fotografias"],"yoast_head":"<!-- This site is optimized with the Yoast SEO Premium plugin v25.3 (Yoast SEO v25.9) - https:\/\/yoast.com\/wordpress\/plugins\/seo\/ -->\n<title>Diez fotograf\u00edas emblem\u00e1ticas de la historia del Tour de Francia - \u0160koda We Love Cycling - Spain<\/title>\n<meta name=\"robots\" content=\"index, follow, max-snippet:-1, max-image-preview:large, max-video-preview:-1\" \/>\n<link rel=\"canonical\" href=\"https:\/\/www.welovecycling.com\/es\/2017\/02\/02\/diez-fotografias-emblematicas-la-historia-del-tour-francia\/\" \/>\n<meta property=\"og:locale\" content=\"es_ES\" \/>\n<meta property=\"og:type\" content=\"article\" \/>\n<meta property=\"og:title\" content=\"Diez fotograf\u00edas emblem\u00e1ticas de la historia del Tour de Francia\" \/>\n<meta property=\"og:description\" content=\"Estas fotograf\u00edas simbolizan lo que a la vez amamos y odiamos de &#8220;La Grande Boucle&#8221;. El rico legado, la gloria [&hellip;]\" \/>\n<meta property=\"og:url\" content=\"https:\/\/www.welovecycling.com\/es\/2017\/02\/02\/diez-fotografias-emblematicas-la-historia-del-tour-francia\/\" \/>\n<meta property=\"og:site_name\" content=\"\u0160koda We Love Cycling - Spain\" \/>\n<meta property=\"article:published_time\" content=\"2017-02-02T16:21:38+00:00\" \/>\n<meta property=\"article:modified_time\" content=\"2017-03-07T10:17:57+00:00\" \/>\n<meta property=\"og:image\" content=\"https:\/\/d2p6e6u75xmxt8.cloudfront.net\/6\/2017\/02\/313113_13131313.jpg\" \/>\n\t<meta property=\"og:image:width\" content=\"1375\" \/>\n\t<meta property=\"og:image:height\" content=\"600\" \/>\n\t<meta property=\"og:image:type\" content=\"image\/jpeg\" \/>\n<meta name=\"twitter:card\" content=\"summary_large_image\" \/>\n<meta name=\"twitter:label1\" content=\"Written by\" \/>\n\t<meta name=\"twitter:data1\" content=\"\" \/>\n\t<meta name=\"twitter:label2\" content=\"Est. reading time\" \/>\n\t<meta name=\"twitter:data2\" content=\"2 minutes\" \/>\n<script type=\"application\/ld+json\" class=\"yoast-schema-graph\">{\"@context\":\"https:\/\/schema.org\",\"@graph\":[{\"@type\":\"WebPage\",\"@id\":\"https:\/\/www.welovecycling.com\/es\/2017\/02\/02\/diez-fotografias-emblematicas-la-historia-del-tour-francia\/\",\"url\":\"https:\/\/www.welovecycling.com\/es\/2017\/02\/02\/diez-fotografias-emblematicas-la-historia-del-tour-francia\/\",\"name\":\"Diez fotograf\u00edas emblem\u00e1ticas de la historia del Tour de Francia - \u0160koda We Love Cycling - Spain\",\"isPartOf\":{\"@id\":\"https:\/\/www.welovecycling.com\/es\/#website\"},\"primaryImageOfPage\":{\"@id\":\"https:\/\/www.welovecycling.com\/es\/2017\/02\/02\/diez-fotografias-emblematicas-la-historia-del-tour-francia\/#primaryimage\"},\"image\":{\"@id\":\"https:\/\/www.welovecycling.com\/es\/2017\/02\/02\/diez-fotografias-emblematicas-la-historia-del-tour-francia\/#primaryimage\"},\"thumbnailUrl\":\"https:\/\/d2p6e6u75xmxt8.cloudfront.net\/6\/2017\/02\/313113_13131313.jpg\",\"datePublished\":\"2017-02-02T16:21:38+00:00\",\"dateModified\":\"2017-03-07T10:17:57+00:00\",\"author\":{\"@id\":\"\"},\"breadcrumb\":{\"@id\":\"https:\/\/www.welovecycling.com\/es\/2017\/02\/02\/diez-fotografias-emblematicas-la-historia-del-tour-francia\/#breadcrumb\"},\"inLanguage\":\"es-ES\",\"potentialAction\":[{\"@type\":\"ReadAction\",\"target\":[\"https:\/\/www.welovecycling.com\/es\/2017\/02\/02\/diez-fotografias-emblematicas-la-historia-del-tour-francia\/\"]}]},{\"@type\":\"ImageObject\",\"inLanguage\":\"es-ES\",\"@id\":\"https:\/\/www.welovecycling.com\/es\/2017\/02\/02\/diez-fotografias-emblematicas-la-historia-del-tour-francia\/#primaryimage\",\"url\":\"https:\/\/d2p6e6u75xmxt8.cloudfront.net\/6\/2017\/02\/313113_13131313.jpg\",\"contentUrl\":\"https:\/\/d2p6e6u75xmxt8.cloudfront.net\/6\/2017\/02\/313113_13131313.jpg\",\"width\":1375,\"height\":600},{\"@type\":\"BreadcrumbList\",\"@id\":\"https:\/\/www.welovecycling.com\/es\/2017\/02\/02\/diez-fotografias-emblematicas-la-historia-del-tour-francia\/#breadcrumb\",\"itemListElement\":[{\"@type\":\"ListItem\",\"position\":1,\"name\":\"Home\",\"item\":\"https:\/\/www.welovecycling.com\/es\/\"},{\"@type\":\"ListItem\",\"position\":2,\"name\":\"Diez fotograf\u00edas emblem\u00e1ticas de la historia del Tour de Francia\"}]},{\"@type\":\"WebSite\",\"@id\":\"https:\/\/www.welovecycling.com\/es\/#website\",\"url\":\"https:\/\/www.welovecycling.com\/es\/\",\"name\":\"\u0160koda We Love Cycling - Spain\",\"description\":\"\u0160koda WeLoveCycling Spain\",\"potentialAction\":[{\"@type\":\"SearchAction\",\"target\":{\"@type\":\"EntryPoint\",\"urlTemplate\":\"https:\/\/www.welovecycling.com\/es\/?s={search_term_string}\"},\"query-input\":{\"@type\":\"PropertyValueSpecification\",\"valueRequired\":true,\"valueName\":\"search_term_string\"}}],\"inLanguage\":\"es-ES\"},{\"@type\":\"Person\",\"@id\":\"\",\"url\":\"https:\/\/www.welovecycling.com\/es\/author\/\"}]}<\/script>\n<!-- \/ Yoast SEO Premium plugin. -->","yoast_head_json":{"title":"Diez fotograf\u00edas emblem\u00e1ticas de la historia del Tour de Francia - \u0160koda We Love Cycling - Spain","robots":{"index":"index","follow":"follow","max-snippet":"max-snippet:-1","max-image-preview":"max-image-preview:large","max-video-preview":"max-video-preview:-1"},"canonical":"https:\/\/www.welovecycling.com\/es\/2017\/02\/02\/diez-fotografias-emblematicas-la-historia-del-tour-francia\/","og_locale":"es_ES","og_type":"article","og_title":"Diez fotograf\u00edas emblem\u00e1ticas de la historia del Tour de Francia","og_description":"Estas fotograf\u00edas simbolizan lo que a la vez amamos y odiamos de &#8220;La Grande Boucle&#8221;. El rico legado, la gloria [&hellip;]","og_url":"https:\/\/www.welovecycling.com\/es\/2017\/02\/02\/diez-fotografias-emblematicas-la-historia-del-tour-francia\/","og_site_name":"\u0160koda We Love Cycling - Spain","article_published_time":"2017-02-02T16:21:38+00:00","article_modified_time":"2017-03-07T10:17:57+00:00","og_image":[{"width":1375,"height":600,"url":"https:\/\/d2p6e6u75xmxt8.cloudfront.net\/6\/2017\/02\/313113_13131313.jpg","type":"image\/jpeg"}],"twitter_card":"summary_large_image","twitter_misc":{"Written by":"","Est. reading time":"2 minutes"},"schema":{"@context":"https:\/\/schema.org","@graph":[{"@type":"WebPage","@id":"https:\/\/www.welovecycling.com\/es\/2017\/02\/02\/diez-fotografias-emblematicas-la-historia-del-tour-francia\/","url":"https:\/\/www.welovecycling.com\/es\/2017\/02\/02\/diez-fotografias-emblematicas-la-historia-del-tour-francia\/","name":"Diez fotograf\u00edas emblem\u00e1ticas de la historia del Tour de Francia - \u0160koda We Love Cycling - Spain","isPartOf":{"@id":"https:\/\/www.welovecycling.com\/es\/#website"},"primaryImageOfPage":{"@id":"https:\/\/www.welovecycling.com\/es\/2017\/02\/02\/diez-fotografias-emblematicas-la-historia-del-tour-francia\/#primaryimage"},"image":{"@id":"https:\/\/www.welovecycling.com\/es\/2017\/02\/02\/diez-fotografias-emblematicas-la-historia-del-tour-francia\/#primaryimage"},"thumbnailUrl":"https:\/\/d2p6e6u75xmxt8.cloudfront.net\/6\/2017\/02\/313113_13131313.jpg","datePublished":"2017-02-02T16:21:38+00:00","dateModified":"2017-03-07T10:17:57+00:00","author":{"@id":""},"breadcrumb":{"@id":"https:\/\/www.welovecycling.com\/es\/2017\/02\/02\/diez-fotografias-emblematicas-la-historia-del-tour-francia\/#breadcrumb"},"inLanguage":"es-ES","potentialAction":[{"@type":"ReadAction","target":["https:\/\/www.welovecycling.com\/es\/2017\/02\/02\/diez-fotografias-emblematicas-la-historia-del-tour-francia\/"]}]},{"@type":"ImageObject","inLanguage":"es-ES","@id":"https:\/\/www.welovecycling.com\/es\/2017\/02\/02\/diez-fotografias-emblematicas-la-historia-del-tour-francia\/#primaryimage","url":"https:\/\/d2p6e6u75xmxt8.cloudfront.net\/6\/2017\/02\/313113_13131313.jpg","contentUrl":"https:\/\/d2p6e6u75xmxt8.cloudfront.net\/6\/2017\/02\/313113_13131313.jpg","width":1375,"height":600},{"@type":"BreadcrumbList","@id":"https:\/\/www.welovecycling.com\/es\/2017\/02\/02\/diez-fotografias-emblematicas-la-historia-del-tour-francia\/#breadcrumb","itemListElement":[{"@type":"ListItem","position":1,"name":"Home","item":"https:\/\/www.welovecycling.com\/es\/"},{"@type":"ListItem","position":2,"name":"Diez fotograf\u00edas emblem\u00e1ticas de la historia del Tour de Francia"}]},{"@type":"WebSite","@id":"https:\/\/www.welovecycling.com\/es\/#website","url":"https:\/\/www.welovecycling.com\/es\/","name":"\u0160koda We Love Cycling - Spain","description":"\u0160koda WeLoveCycling Spain","potentialAction":[{"@type":"SearchAction","target":{"@type":"EntryPoint","urlTemplate":"https:\/\/www.welovecycling.com\/es\/?s={search_term_string}"},"query-input":{"@type":"PropertyValueSpecification","valueRequired":true,"valueName":"search_term_string"}}],"inLanguage":"es-ES"},{"@type":"Person","@id":"","url":"https:\/\/www.welovecycling.com\/es\/author\/"}]}},"_links":{"self":[{"href":"https:\/\/www.welovecycling.com\/es\/wp-json\/wp\/v2\/posts\/116","targetHints":{"allow":["GET"]}}],"collection":[{"href":"https:\/\/www.welovecycling.com\/es\/wp-json\/wp\/v2\/posts"}],"about":[{"href":"https:\/\/www.welovecycling.com\/es\/wp-json\/wp\/v2\/types\/post"}],"author":[{"embeddable":true,"href":"https:\/\/www.welovecycling.com\/es\/wp-json\/wp\/v2\/users\/19"}],"replies":[{"embeddable":true,"href":"https:\/\/www.welovecycling.com\/es\/wp-json\/wp\/v2\/comments?post=116"}],"version-history":[{"count":2,"href":"https:\/\/www.welovecycling.com\/es\/wp-json\/wp\/v2\/posts\/116\/revisions"}],"predecessor-version":[{"id":290,"href":"https:\/\/www.welovecycling.com\/es\/wp-json\/wp\/v2\/posts\/116\/revisions\/290"}],"wp:featuredmedia":[{"embeddable":true,"href":"https:\/\/www.welovecycling.com\/es\/wp-json\/wp\/v2\/media\/287"}],"wp:attachment":[{"href":"https:\/\/www.welovecycling.com\/es\/wp-json\/wp\/v2\/media?parent=116"}],"wp:term":[{"taxonomy":"category","embeddable":true,"href":"https:\/\/www.welovecycling.com\/es\/wp-json\/wp\/v2\/categories?post=116"},{"taxonomy":"post_tag","embeddable":true,"href":"https:\/\/www.welovecycling.com\/es\/wp-json\/wp\/v2\/tags?post=116"},{"taxonomy":"global-categories","embeddable":true,"href":"https:\/\/www.welovecycling.com\/es\/wp-json\/wp\/v2\/global-categories?post=116"}],"curies":[{"name":"wp","href":"https:\/\/api.w.org\/{rel}","templated":true}]}}