{"id":11594,"date":"2025-03-25T14:22:10","date_gmt":"2025-03-25T12:22:10","guid":{"rendered":"https:\/\/www.welovecycling.com\/es\/?p=11594"},"modified":"2025-03-21T14:37:09","modified_gmt":"2025-03-21T12:37:09","slug":"tour-francia-2027","status":"publish","type":"post","link":"https:\/\/www.welovecycling.com\/es\/2025\/03\/25\/tour-francia-2027\/","title":{"rendered":"El Tour de Francia 2027 arrancar\u00e1 en el Reino Unido"},"content":{"rendered":"<p><strong>En 2027, los aficionados al ciclismo ser\u00e1n testigos de un momento hist\u00f3rico cuando la 114\u00aa edici\u00f3n del Tour de Francia y la 6\u00aa edici\u00f3n del Tour de Francia Femmes avec Zwift se embarquen en una aventura brit\u00e1nica. Por primera vez, el Grand D\u00e9part abarcar\u00e1 tres naciones del Reino Unido: Escocia, Gales e Inglaterra acoger\u00e1n las etapas inaugurales de la emblem\u00e1tica carrera.<\/strong><\/p>\n<p><!--more--><\/p>\n<h2><strong>Una primicia para Escocia, Gales e Inglaterra<\/strong><\/h2>\n<p>El Tour de Francia ha cruzado el Canal de la Mancha en varias ocasiones desde su primera visita en 1974, pero la edici\u00f3n de 2027 promete ser el viaje brit\u00e1nico m\u00e1s amplio hasta la fecha. Edimburgo ser\u00e1 el escenario de las primeras pedaladas de la carrera, en la que ser\u00e1 la primera visita del Tour a Escocia. A continuaci\u00f3n, la ruta atravesar\u00e1 Gales antes de culminar en Inglaterra, haciendo de esta Grand D\u00e9part una aut\u00e9ntica celebraci\u00f3n del patrimonio ciclista brit\u00e1nico.<\/p>\n<p>Esta ser\u00e1 la segunda vez que el Tour de France Femmes avec Zwift comience fuera de Francia, despu\u00e9s de su Grand D\u00e9part en los Pa\u00edses Bajos en 2024. Sin embargo, 2027 marcar\u00e1 la primera ocasi\u00f3n en la que tanto la carrera masculina como la femenina comiencen en el mismo pa\u00eds extranjero, lo que subraya a\u00fan m\u00e1s el creciente prestigio mundial del ciclismo femenino.<\/p>\n<blockquote class=\"instagram-media\" style=\"background: #FFF; border: 0; border-radius: 3px; box-shadow: 0 0 1px 0 rgba(0,0,0,0.5),0 1px 10px 0 rgba(0,0,0,0.15); margin: 1px; max-width: 540px; min-width: 326px; padding: 0; width: calc(100% - 2px);\" data-instgrm-captioned=\"\" data-instgrm-permalink=\"https:\/\/www.instagram.com\/reel\/DHZDkt9ODw7\/?utm_source=ig_embed&amp;utm_campaign=loading\" data-instgrm-version=\"14\">\n<div style=\"padding: 16px;\">\n<p>&nbsp;<\/p>\n<div style=\"display: flex; flex-direction: row; align-items: center;\">\n<div style=\"background-color: #f4f4f4; border-radius: 50%; flex-grow: 0; height: 40px; margin-right: 14px; width: 40px;\"><\/div>\n<div style=\"display: flex; flex-direction: column; flex-grow: 1; justify-content: center;\">\n<div style=\"background-color: #f4f4f4; border-radius: 4px; flex-grow: 0; height: 14px; margin-bottom: 6px; width: 100px;\"><\/div>\n<div style=\"background-color: #f4f4f4; border-radius: 4px; flex-grow: 0; height: 14px; width: 60px;\"><\/div>\n<\/div>\n<\/div>\n<div style=\"padding: 19% 0;\"><\/div>\n<div style=\"display: block; height: 50px; margin: 0 auto 12px; width: 50px;\"><\/div>\n<div style=\"padding-top: 8px;\">\n<div style=\"color: #3897f0; font-family: Arial,sans-serif; font-size: 14px; font-style: normal; font-weight: 550; line-height: 18px;\">Zobrazit p\u0159\u00edsp\u011bvek na Instagramu<\/div>\n<\/div>\n<div style=\"padding: 12.5% 0;\"><\/div>\n<div style=\"display: flex; flex-direction: row; margin-bottom: 14px; align-items: center;\">\n<div>\n<div style=\"background-color: #f4f4f4; border-radius: 50%; height: 12.5px; width: 12.5px; transform: translateX(0px) translateY(7px);\"><\/div>\n<div style=\"background-color: #f4f4f4; height: 12.5px; transform: rotate(-45deg) translateX(3px) translateY(1px); width: 12.5px; flex-grow: 0; margin-right: 14px; margin-left: 2px;\"><\/div>\n<div style=\"background-color: #f4f4f4; border-radius: 50%; height: 12.5px; width: 12.5px; transform: translateX(9px) translateY(-18px);\"><\/div>\n<\/div>\n<div style=\"margin-left: 8px;\">\n<div style=\"background-color: #f4f4f4; border-radius: 50%; flex-grow: 0; height: 20px; width: 20px;\"><\/div>\n<div style=\"width: 0; height: 0; border-top: 2px solid transparent; border-left: 6px solid #f4f4f4; border-bottom: 2px solid transparent; transform: translateX(16px) translateY(-4px) rotate(30deg);\"><\/div>\n<\/div>\n<div style=\"margin-left: auto;\">\n<div style=\"width: 0px; border-top: 8px solid #F4F4F4; border-right: 8px solid transparent; transform: translateY(16px);\"><\/div>\n<div style=\"background-color: #f4f4f4; flex-grow: 0; height: 12px; width: 16px; transform: translateY(-4px);\"><\/div>\n<div style=\"width: 0; height: 0; border-top: 8px solid #F4F4F4; border-left: 8px solid transparent; transform: translateY(-4px) translateX(8px);\"><\/div>\n<\/div>\n<\/div>\n<div style=\"display: flex; flex-direction: column; flex-grow: 1; justify-content: center; margin-bottom: 24px;\">\n<div style=\"background-color: #f4f4f4; border-radius: 4px; flex-grow: 0; height: 14px; margin-bottom: 6px; width: 224px;\"><\/div>\n<div style=\"background-color: #f4f4f4; border-radius: 4px; flex-grow: 0; height: 14px; width: 144px;\"><\/div>\n<\/div>\n<p>&nbsp;<\/p>\n<p style=\"color: #c9c8cd; font-family: Arial,sans-serif; font-size: 14px; line-height: 17px; margin-bottom: 0; margin-top: 8px; overflow: hidden; padding: 8px 0 7px; text-align: center; text-overflow: ellipsis; white-space: nowrap;\"><a style=\"color: #c9c8cd; font-family: Arial,sans-serif; font-size: 14px; font-style: normal; font-weight: normal; line-height: 17px; text-decoration: none;\" href=\"https:\/\/www.instagram.com\/reel\/DHZDkt9ODw7\/?utm_source=ig_embed&amp;utm_campaign=loading\" target=\"_blank\" rel=\"noopener\">P\u0159\u00edsp\u011bvek sd\u00edlen\u00fd Tour de France\u2122 (@letourdefrance)<\/a><\/p>\n<\/div>\n<\/blockquote>\n<p><script async src=\"\/\/www.instagram.com\/embed.js\"><\/script><\/p>\n<h2><strong>Idilio brit\u00e1nico con el Tour<\/strong><\/h2>\n<p>El Tour de Francia recal\u00f3 por primera vez en Inglaterra en 1974 con un circuito de una sola etapa en Plymouth. Dos d\u00e9cadas m\u00e1s tarde, la edici\u00f3n de 1994 celebr\u00f3 el reci\u00e9n inaugurado T\u00fanel del Canal con dos etapas en Brighton y Portsmouth. M\u00e1s recientemente, Gran Breta\u00f1a ha sido anfitriona de inolvidables Grands D\u00e9parts: en Londres (2007) y en <a href=\"https:\/\/www.welovecycling.com\/es\/2023\/01\/31\/destinos-ciclistas-desconocidos-europa\/\">Yorkshire<\/a> (2014), ambas con una inmensa afluencia de p\u00fablico y un apoyo entusiasta.<\/p>\n<p>Ahora, en 2027, la carrera elevar\u00e1 su relaci\u00f3n con Gran Breta\u00f1a al incorporar a tres de las cuatro Home Nations en sus cap\u00edtulos de apertura. La capital escocesa, Edimburgo, ser\u00e1 testigo del empuje inaugural del pelot\u00f3n antes de aventurarse hacia el sur, a Gales e Inglaterra, ofreciendo a los aficionados de todo el Reino Unido una oportunidad \u00fanica de ver en acci\u00f3n a los mejores ciclistas del mundo.<\/p>\n<h2><strong>Un hito para Tour de Francia Femenio<\/strong><\/h2>\n<p>La edici\u00f3n de 2027 del Tour de Francia Femmes avec Zwift har\u00e1 historia al embarcarse en su primer viaje fuera de Europa continental. Aunque la <a href=\"https:\/\/www.welovecycling.com\/es\/2024\/08\/11\/de-la-playa-a-alpe-dhuez-vollering-busca-su-segundo-tour-femenino\/\">carrera femenina<\/a> comenzar\u00e1 en una fecha diferente a la masculina, el Grand D\u00e9part compartido en Gran Breta\u00f1a simboliza un importante paso adelante para este deporte. Muestra un compromiso cada vez mayor para elevar el ciclismo femenino y garantizar que las principales carreras del mundo obtengan el mismo reconocimiento y la misma celebraci\u00f3n.<\/p>\n<p>A medida que aumenta la expectaci\u00f3n por esta innovadora trilog\u00eda brit\u00e1nica, los aficionados pueden esperar un Tour de Francia que no s\u00f3lo honre su rica historia, sino que tambi\u00e9n abrace el futuro del ciclismo a escala internacional. El Grand D\u00e9part de 2027 ser\u00e1 un espect\u00e1culo sin igual que unir\u00e1 Escocia, Gales e Inglaterra en una celebraci\u00f3n de la carrera m\u00e1s importante de este deporte.<\/p>\n","protected":false},"excerpt":{"rendered":"<p>En 2027, los aficionados al ciclismo ser\u00e1n testigos de un momento hist\u00f3rico cuando la 114\u00aa edici\u00f3n del Tour de Francia [&hellip;]<\/p>\n","protected":false},"author":29,"featured_media":11596,"comment_status":"open","ping_status":"open","sticky":false,"template":"","format":"standard","meta":{"footnotes":""},"categories":[7],"tags":[],"global-categories":[],"class_list":["post-11594","post","type-post","status-publish","format-standard","has-post-thumbnail","hentry","category-carretera"],"yoast_head":"<!-- This site is optimized with the Yoast SEO Premium plugin v25.3 (Yoast SEO v25.9) - https:\/\/yoast.com\/wordpress\/plugins\/seo\/ -->\n<title>El Tour de Francia 2027 arrancar\u00e1 en el Reino Unido<\/title>\n<meta name=\"description\" content=\"El Tour de Francia 2027 arrancar\u00e1 en Edimburgo, tanto la edici\u00f3n masculina como femenina y recorrer\u00e1 todo el Reino Unido.\" \/>\n<meta name=\"robots\" content=\"index, follow, max-snippet:-1, max-image-preview:large, max-video-preview:-1\" \/>\n<link rel=\"canonical\" href=\"https:\/\/www.welovecycling.com\/es\/2025\/03\/25\/tour-francia-2027\/\" \/>\n<meta property=\"og:locale\" content=\"es_ES\" \/>\n<meta property=\"og:type\" content=\"article\" \/>\n<meta property=\"og:title\" content=\"El Tour de Francia 2027 arrancar\u00e1 en el Reino Unido\" \/>\n<meta property=\"og:description\" content=\"El Tour de Francia 2027 arrancar\u00e1 en Edimburgo, tanto la edici\u00f3n masculina como femenina y recorrer\u00e1 todo el Reino Unido.\" \/>\n<meta property=\"og:url\" content=\"https:\/\/www.welovecycling.com\/es\/2025\/03\/25\/tour-francia-2027\/\" \/>\n<meta property=\"og:site_name\" content=\"\u0160koda We Love Cycling - Spain\" \/>\n<meta property=\"article:published_time\" content=\"2025-03-25T12:22:10+00:00\" \/>\n<meta property=\"og:image\" content=\"https:\/\/d2p6e6u75xmxt8.cloudfront.net\/6\/2025\/03\/Tour-de-France-Edinburgh-profimedia-0977203731-CVR.webp\" \/>\n\t<meta property=\"og:image:width\" content=\"990\" \/>\n\t<meta property=\"og:image:height\" content=\"660\" \/>\n\t<meta property=\"og:image:type\" content=\"image\/webp\" \/>\n<meta name=\"author\" content=\"We Love Cycling Spain\" \/>\n<meta name=\"twitter:card\" content=\"summary_large_image\" \/>\n<meta name=\"twitter:description\" content=\"El Tour de Francia 2027 arrancar\u00e1 en Edimburgo, tanto la edici\u00f3n masculina como femenina y recorrer\u00e1 todo el Reino Unido.\" \/>\n<meta name=\"twitter:label1\" content=\"Written by\" \/>\n\t<meta name=\"twitter:data1\" content=\"We Love Cycling\" \/>\n\t<meta name=\"twitter:label2\" content=\"Est. reading time\" \/>\n\t<meta name=\"twitter:data2\" content=\"2\" \/>\n<script type=\"application\/ld+json\" class=\"yoast-schema-graph\">{\"@context\":\"https:\/\/schema.org\",\"@graph\":[{\"@type\":\"WebPage\",\"@id\":\"https:\/\/www.welovecycling.com\/es\/2025\/03\/25\/tour-francia-2027\/\",\"url\":\"https:\/\/www.welovecycling.com\/es\/2025\/03\/25\/tour-francia-2027\/\",\"name\":\"El Tour de Francia 2027 arrancar\u00e1 en el Reino Unido\",\"isPartOf\":{\"@id\":\"https:\/\/www.welovecycling.com\/es\/#website\"},\"primaryImageOfPage\":{\"@id\":\"https:\/\/www.welovecycling.com\/es\/2025\/03\/25\/tour-francia-2027\/#primaryimage\"},\"image\":{\"@id\":\"https:\/\/www.welovecycling.com\/es\/2025\/03\/25\/tour-francia-2027\/#primaryimage\"},\"thumbnailUrl\":\"https:\/\/d2p6e6u75xmxt8.cloudfront.net\/6\/2025\/03\/Tour-de-France-Edinburgh-profimedia-0977203731-CVR.webp\",\"datePublished\":\"2025-03-25T12:22:10+00:00\",\"author\":{\"@id\":\"https:\/\/www.welovecycling.com\/es\/#\/schema\/person\/deb61715b5812698ee79fb96f343ccd4\"},\"description\":\"El Tour de Francia 2027 arrancar\u00e1 en Edimburgo, tanto la edici\u00f3n masculina como femenina y recorrer\u00e1 todo el Reino Unido.\",\"breadcrumb\":{\"@id\":\"https:\/\/www.welovecycling.com\/es\/2025\/03\/25\/tour-francia-2027\/#breadcrumb\"},\"inLanguage\":\"es-ES\",\"potentialAction\":[{\"@type\":\"ReadAction\",\"target\":[\"https:\/\/www.welovecycling.com\/es\/2025\/03\/25\/tour-francia-2027\/\"]}]},{\"@type\":\"ImageObject\",\"inLanguage\":\"es-ES\",\"@id\":\"https:\/\/www.welovecycling.com\/es\/2025\/03\/25\/tour-francia-2027\/#primaryimage\",\"url\":\"https:\/\/d2p6e6u75xmxt8.cloudfront.net\/6\/2025\/03\/Tour-de-France-Edinburgh-profimedia-0977203731-CVR.webp\",\"contentUrl\":\"https:\/\/d2p6e6u75xmxt8.cloudfront.net\/6\/2025\/03\/Tour-de-France-Edinburgh-profimedia-0977203731-CVR.webp\",\"width\":990,\"height\":660,\"caption\":\"Edinburgh\"},{\"@type\":\"BreadcrumbList\",\"@id\":\"https:\/\/www.welovecycling.com\/es\/2025\/03\/25\/tour-francia-2027\/#breadcrumb\",\"itemListElement\":[{\"@type\":\"ListItem\",\"position\":1,\"name\":\"Home\",\"item\":\"https:\/\/www.welovecycling.com\/es\/\"},{\"@type\":\"ListItem\",\"position\":2,\"name\":\"El Tour de Francia 2027 arrancar\u00e1 en el Reino Unido\"}]},{\"@type\":\"WebSite\",\"@id\":\"https:\/\/www.welovecycling.com\/es\/#website\",\"url\":\"https:\/\/www.welovecycling.com\/es\/\",\"name\":\"\u0160koda We Love Cycling - Spain\",\"description\":\"\u0160koda WeLoveCycling Spain\",\"potentialAction\":[{\"@type\":\"SearchAction\",\"target\":{\"@type\":\"EntryPoint\",\"urlTemplate\":\"https:\/\/www.welovecycling.com\/es\/?s={search_term_string}\"},\"query-input\":{\"@type\":\"PropertyValueSpecification\",\"valueRequired\":true,\"valueName\":\"search_term_string\"}}],\"inLanguage\":\"es-ES\"},{\"@type\":\"Person\",\"@id\":\"https:\/\/www.welovecycling.com\/es\/#\/schema\/person\/deb61715b5812698ee79fb96f343ccd4\",\"name\":\"We Love Cycling Spain\",\"image\":{\"@type\":\"ImageObject\",\"inLanguage\":\"es-ES\",\"@id\":\"https:\/\/www.welovecycling.com\/es\/#\/schema\/person\/image\/\",\"url\":\"https:\/\/secure.gravatar.com\/avatar\/c824b04e6df0e37a03219d0b6481672889df542894588964102459e46513159c?s=96&d=mm&r=g\",\"contentUrl\":\"https:\/\/secure.gravatar.com\/avatar\/c824b04e6df0e37a03219d0b6481672889df542894588964102459e46513159c?s=96&d=mm&r=g\",\"caption\":\"We Love Cycling Spain\"},\"url\":\"https:\/\/www.welovecycling.com\/es\/author\/amunoz\/\"}]}<\/script>\n<!-- \/ Yoast SEO Premium plugin. -->","yoast_head_json":{"title":"El Tour de Francia 2027 arrancar\u00e1 en el Reino Unido","description":"El Tour de Francia 2027 arrancar\u00e1 en Edimburgo, tanto la edici\u00f3n masculina como femenina y recorrer\u00e1 todo el Reino Unido.","robots":{"index":"index","follow":"follow","max-snippet":"max-snippet:-1","max-image-preview":"max-image-preview:large","max-video-preview":"max-video-preview:-1"},"canonical":"https:\/\/www.welovecycling.com\/es\/2025\/03\/25\/tour-francia-2027\/","og_locale":"es_ES","og_type":"article","og_title":"El Tour de Francia 2027 arrancar\u00e1 en el Reino Unido","og_description":"El Tour de Francia 2027 arrancar\u00e1 en Edimburgo, tanto la edici\u00f3n masculina como femenina y recorrer\u00e1 todo el Reino Unido.","og_url":"https:\/\/www.welovecycling.com\/es\/2025\/03\/25\/tour-francia-2027\/","og_site_name":"\u0160koda We Love Cycling - Spain","article_published_time":"2025-03-25T12:22:10+00:00","og_image":[{"width":990,"height":660,"url":"https:\/\/d2p6e6u75xmxt8.cloudfront.net\/6\/2025\/03\/Tour-de-France-Edinburgh-profimedia-0977203731-CVR.webp","type":"image\/webp"}],"author":"We Love Cycling Spain","twitter_card":"summary_large_image","twitter_description":"El Tour de Francia 2027 arrancar\u00e1 en Edimburgo, tanto la edici\u00f3n masculina como femenina y recorrer\u00e1 todo el Reino Unido.","twitter_misc":{"Written by":"We Love Cycling","Est. reading time":"2"},"schema":{"@context":"https:\/\/schema.org","@graph":[{"@type":"WebPage","@id":"https:\/\/www.welovecycling.com\/es\/2025\/03\/25\/tour-francia-2027\/","url":"https:\/\/www.welovecycling.com\/es\/2025\/03\/25\/tour-francia-2027\/","name":"El Tour de Francia 2027 arrancar\u00e1 en el Reino Unido","isPartOf":{"@id":"https:\/\/www.welovecycling.com\/es\/#website"},"primaryImageOfPage":{"@id":"https:\/\/www.welovecycling.com\/es\/2025\/03\/25\/tour-francia-2027\/#primaryimage"},"image":{"@id":"https:\/\/www.welovecycling.com\/es\/2025\/03\/25\/tour-francia-2027\/#primaryimage"},"thumbnailUrl":"https:\/\/d2p6e6u75xmxt8.cloudfront.net\/6\/2025\/03\/Tour-de-France-Edinburgh-profimedia-0977203731-CVR.webp","datePublished":"2025-03-25T12:22:10+00:00","author":{"@id":"https:\/\/www.welovecycling.com\/es\/#\/schema\/person\/deb61715b5812698ee79fb96f343ccd4"},"description":"El Tour de Francia 2027 arrancar\u00e1 en Edimburgo, tanto la edici\u00f3n masculina como femenina y recorrer\u00e1 todo el Reino Unido.","breadcrumb":{"@id":"https:\/\/www.welovecycling.com\/es\/2025\/03\/25\/tour-francia-2027\/#breadcrumb"},"inLanguage":"es-ES","potentialAction":[{"@type":"ReadAction","target":["https:\/\/www.welovecycling.com\/es\/2025\/03\/25\/tour-francia-2027\/"]}]},{"@type":"ImageObject","inLanguage":"es-ES","@id":"https:\/\/www.welovecycling.com\/es\/2025\/03\/25\/tour-francia-2027\/#primaryimage","url":"https:\/\/d2p6e6u75xmxt8.cloudfront.net\/6\/2025\/03\/Tour-de-France-Edinburgh-profimedia-0977203731-CVR.webp","contentUrl":"https:\/\/d2p6e6u75xmxt8.cloudfront.net\/6\/2025\/03\/Tour-de-France-Edinburgh-profimedia-0977203731-CVR.webp","width":990,"height":660,"caption":"Edinburgh"},{"@type":"BreadcrumbList","@id":"https:\/\/www.welovecycling.com\/es\/2025\/03\/25\/tour-francia-2027\/#breadcrumb","itemListElement":[{"@type":"ListItem","position":1,"name":"Home","item":"https:\/\/www.welovecycling.com\/es\/"},{"@type":"ListItem","position":2,"name":"El Tour de Francia 2027 arrancar\u00e1 en el Reino Unido"}]},{"@type":"WebSite","@id":"https:\/\/www.welovecycling.com\/es\/#website","url":"https:\/\/www.welovecycling.com\/es\/","name":"\u0160koda We Love Cycling - Spain","description":"\u0160koda WeLoveCycling Spain","potentialAction":[{"@type":"SearchAction","target":{"@type":"EntryPoint","urlTemplate":"https:\/\/www.welovecycling.com\/es\/?s={search_term_string}"},"query-input":{"@type":"PropertyValueSpecification","valueRequired":true,"valueName":"search_term_string"}}],"inLanguage":"es-ES"},{"@type":"Person","@id":"https:\/\/www.welovecycling.com\/es\/#\/schema\/person\/deb61715b5812698ee79fb96f343ccd4","name":"We Love Cycling Spain","image":{"@type":"ImageObject","inLanguage":"es-ES","@id":"https:\/\/www.welovecycling.com\/es\/#\/schema\/person\/image\/","url":"https:\/\/secure.gravatar.com\/avatar\/c824b04e6df0e37a03219d0b6481672889df542894588964102459e46513159c?s=96&d=mm&r=g","contentUrl":"https:\/\/secure.gravatar.com\/avatar\/c824b04e6df0e37a03219d0b6481672889df542894588964102459e46513159c?s=96&d=mm&r=g","caption":"We Love Cycling Spain"},"url":"https:\/\/www.welovecycling.com\/es\/author\/amunoz\/"}]}},"_links":{"self":[{"href":"https:\/\/www.welovecycling.com\/es\/wp-json\/wp\/v2\/posts\/11594","targetHints":{"allow":["GET"]}}],"collection":[{"href":"https:\/\/www.welovecycling.com\/es\/wp-json\/wp\/v2\/posts"}],"about":[{"href":"https:\/\/www.welovecycling.com\/es\/wp-json\/wp\/v2\/types\/post"}],"author":[{"embeddable":true,"href":"https:\/\/www.welovecycling.com\/es\/wp-json\/wp\/v2\/users\/29"}],"replies":[{"embeddable":true,"href":"https:\/\/www.welovecycling.com\/es\/wp-json\/wp\/v2\/comments?post=11594"}],"version-history":[{"count":1,"href":"https:\/\/www.welovecycling.com\/es\/wp-json\/wp\/v2\/posts\/11594\/revisions"}],"predecessor-version":[{"id":11600,"href":"https:\/\/www.welovecycling.com\/es\/wp-json\/wp\/v2\/posts\/11594\/revisions\/11600"}],"wp:featuredmedia":[{"embeddable":true,"href":"https:\/\/www.welovecycling.com\/es\/wp-json\/wp\/v2\/media\/11596"}],"wp:attachment":[{"href":"https:\/\/www.welovecycling.com\/es\/wp-json\/wp\/v2\/media?parent=11594"}],"wp:term":[{"taxonomy":"category","embeddable":true,"href":"https:\/\/www.welovecycling.com\/es\/wp-json\/wp\/v2\/categories?post=11594"},{"taxonomy":"post_tag","embeddable":true,"href":"https:\/\/www.welovecycling.com\/es\/wp-json\/wp\/v2\/tags?post=11594"},{"taxonomy":"global-categories","embeddable":true,"href":"https:\/\/www.welovecycling.com\/es\/wp-json\/wp\/v2\/global-categories?post=11594"}],"curies":[{"name":"wp","href":"https:\/\/api.w.org\/{rel}","templated":true}]}}