{"id":11593,"date":"2025-03-22T14:11:49","date_gmt":"2025-03-22T12:11:49","guid":{"rendered":"https:\/\/www.welovecycling.com\/es\/?p=11593"},"modified":"2025-03-21T14:21:19","modified_gmt":"2025-03-21T12:21:19","slug":"ciclista-suplente-grandes-vueltas","status":"publish","type":"post","link":"https:\/\/www.welovecycling.com\/es\/2025\/03\/22\/ciclista-suplente-grandes-vueltas\/","title":{"rendered":"\u00bfEs una buena idea el ciclista suplente en las Grandes Vueltas?"},"content":{"rendered":"<p><strong>En deportes de equipo como el f\u00fatbol, el b\u00e9isbol y el rugby, e incluso en competiciones de tenis por equipos, como la Copa Davis, los jugadores lesionados o enfermos pueden ser sustituidos por otros miembros del equipo mientras dure el partido o la competici\u00f3n. Pero en el ciclismo, que al fin y al cabo tambi\u00e9n es una competici\u00f3n por equipos, nunca ha sido as\u00ed. No hay ciclista suplente para las Grandes Vueltas.<\/strong><\/p>\n<p><!--more--><\/p>\n<p>Como consecuencia, se han dado casos de equipos que han terminado carreras por etapas sin la mitad de los corredores con los que empezaron la carrera o incluso menos. Por ejemplo, el Soudal-QuickStep de Remco Evenepoel termin\u00f3 el Giro de Italia 2023 sin seis de los ocho corredores que comenzaron la carrera, incluido <a href=\"https:\/\/www.welovecycling.com\/wide\/2024\/12\/04\/remco-evenepoel-suffers-multiple-fractures-in-training-collision-with-postal-vehicle\/\">Evenepoel.<\/a> El motivo de casi todos los abandonos fue el COVID-19, que caus\u00f3 estragos en todos los deportes durante unos a\u00f1os.<\/p>\n<h2><strong>El juego de XDS Astana<\/strong><\/h2>\n<p>Que yo sepa, aunque el tema de las sustituciones de corredores se ha planteado ocasionalmente, la UCI nunca ha considerado seriamente una norma de este tipo. Por eso, una <a href=\"https:\/\/x.com\/XDSAstanaTeam\/status\/1901231239765303655?ref_src=twsrc%5Etfw%7Ctwcamp%5Etweetembed%7Ctwterm%5E1901231239765303655%7Ctwgr%5E6ea656aaa9dce7675c4b523e9fd5b3bf3823c4c9%7Ctwcon%5Es1_&amp;ref_url=https%3A%2F%2Fcyclinguptodate.com%2Fcycling%2Fteam-substitutions-in-cycling-astana-joke-about-a-revolutionary-test-at-paris-nice\">\u00abbroma\u00bb<\/a> publicada en las redes sociales durante la reciente Par\u00eds-Niza por el XDS Astana caus\u00f3 un leve revuelo. \u00abUna gran iniciativa de los organizadores\u00bb, dec\u00eda el mensaje. \u00abEn la etapa 8, permitieron la sustituci\u00f3n de un corredor en una carrera por etapas como proyecto de prueba. En nuestro equipo, Davide Ballerini sustituir\u00e1 a Cees Bol. \u00bfLo veremos tambi\u00e9n en @LeTour?\u00bb.<\/p>\n<p>Bol abandon\u00f3 la carrera despu\u00e9s de la etapa 6 por una raz\u00f3n no aclarada, pero no hay pruebas de que fuera sustituido por Ballerini o cualquier otro corredor del XDS Astana. Y el equipo no ha hecho comentarios desde entonces sobre su puesto. Tal vez s\u00f3lo quer\u00eda iniciar una conversaci\u00f3n.<\/p>\n<p>No he descubierto ninguna corriente de apoyo a la idea por parte de corredores, directores de equipo o incluso aficionados a este deporte. Al contrario, cuando el jefe de <a href=\"https:\/\/cyclinguptodate.com\/movistar-team\">Movistar<\/a>, Eusebio Unzu\u00e9, sugiri\u00f3 un cambio de regla que permitir\u00eda a cualquier equipo que perdiera a un corredor durante la primera semana de una Gran Vuelta sustituirlo, una <a href=\"https:\/\/cyclinguptodate.com\/cycling\/poll-substitutions-for-riders-abandoning-in-the-first-week-of-a-grand-tour-good-idea-or-not\">encuesta informal<\/a> de CyclingUpToDate, que obtuvo 313 respuestas, descubri\u00f3 que dos de cada tres encuestados estaban en contra porque era \u00abdemasiado f\u00e1cil de explotar\u00bb.<\/p>\n<figure id=\"attachment_11595\" aria-describedby=\"caption-attachment-11595\" style=\"width: 990px\" class=\"wp-caption alignnone\"><a href=\"https:\/\/d2p6e6u75xmxt8.cloudfront.net\/6\/2025\/03\/Remco-Evenepoel-profimedia-0890853975-CVR.webp\"><img loading=\"lazy\" decoding=\"async\" class=\"wp-image-11595 size-full\" src=\"https:\/\/d2p6e6u75xmxt8.cloudfront.net\/6\/2025\/03\/Remco-Evenepoel-profimedia-0890853975-CVR.webp\" alt=\"Remco Evenepoel\" width=\"990\" height=\"660\" srcset=\"https:\/\/d2p6e6u75xmxt8.cloudfront.net\/6\/2025\/03\/Remco-Evenepoel-profimedia-0890853975-CVR.webp 990w, https:\/\/d2p6e6u75xmxt8.cloudfront.net\/6\/2025\/03\/Remco-Evenepoel-profimedia-0890853975-CVR-300x200.webp 300w, https:\/\/d2p6e6u75xmxt8.cloudfront.net\/6\/2025\/03\/Remco-Evenepoel-profimedia-0890853975-CVR-768x512.webp 768w, https:\/\/d2p6e6u75xmxt8.cloudfront.net\/6\/2025\/03\/Remco-Evenepoel-profimedia-0890853975-CVR-400x267.webp 400w, https:\/\/d2p6e6u75xmxt8.cloudfront.net\/6\/2025\/03\/Remco-Evenepoel-profimedia-0890853975-CVR-272x182.webp 272w\" sizes=\"auto, (max-width: 990px) 100vw, 990px\" \/><\/a><figcaption id=\"caption-attachment-11595\" class=\"wp-caption-text\">El Soudal-QuickStep de Remco Evenepoel termin\u00f3 el Giro de Italia 2023 sin seis de los ocho corredores que tomaron la salida, incluido Evenepoel. El motivo de casi todos los abandonos fue el COVID-19, que caus\u00f3 estragos en todos los deportes durante unos a\u00f1os \u00a9 Profimedia<\/figcaption><\/figure>\n<h2><strong><br \/>\nLefevere dice que no<\/strong><\/h2>\n<p>Preguntado al respecto, el antiguo jefe del Soudal-QuickStep, Patrick Lefevere, una de las leyendas de este deporte, se mostr\u00f3 en contra, afirmando que un gran atractivo del ciclismo es ver a los corredores responder a la desgracia y a las dificultades.<\/p>\n<p>\u00abDesgraciadamente, las ca\u00eddas y las enfermedades forman parte del ciclismo\u00bb, declar\u00f3 a <a href=\"https:\/\/www.hln.be\/wielrennen\/patrick-lefevere-schiet-voorstel-af-om-koerswissels-in-te-voeren-we-gaan-er-toch-geen-watjes-van-maken~a9fa369b\/?referrer=https%3A%2F%2Fwww.cyclingnews.com%2Fnews%2Flefevere-questions-idea-of-shortening-grand-tours-and-allowing-rider-substitutions%2F\">Het Laatste Nieuws.<\/a> \u00abUna gran parte del \u00e9xito de tu equipo es ser resistente, ser capaz de cambiar a un plan B. \u00c9sos son los momentos en los que los grandes campeones se levantan y se recuperan de un contratiempo. Eso es lo que la gente quiere ver. Las carreras son como el boxeo: que est\u00e9s contra las cuerdas en un momento determinado no significa que pierdas el combate\u00bb.<\/p>\n<p>Lefevere tambi\u00e9n se pregunt\u00f3 c\u00f3mo se podr\u00eda determinar si un corredor est\u00e1 indispuesto o lesionado hasta el punto de tener que abandonar una carrera, en lugar de simplemente en baja forma. De ese modo, los equipos podr\u00edan sustituir a un corredor d\u00e9bil por uno de sus mejores corredores que se haya mantenido en reserva y que llegue a la carrera m\u00e1s fresco que sus compa\u00f1eros.<\/p>\n<p>Matxin Joxean Fern\u00e1ndez, director del equipo UAE Team Emirates-XRG, ten\u00eda reservas similares. \u00abEs complicado\u00bb, declar\u00f3 a <a href=\"https:\/\/www.globalcyclingnetwork.com\/racing\/news\/creating-softies-patrick-lefevere-shoots-down-grand-tour-innovations?ref=escapecollective.com\">Het Laatste Nieuws.<\/a> \u00ab\u00bfQui\u00e9n va a evaluar si una ca\u00edda es lo suficientemente grave? \u00bfQu\u00e9 gravedad debe tener una lesi\u00f3n? \u00bfHay que romperse la r\u00f3tula o basta con sentir dolor en la rodilla? \u00bfY el cansancio? Despu\u00e9s de dos semanas de carrera, el agotamiento se parece mucho a estar enfermo\u00bb.<\/p>\n<h2><strong>El Tour de Francia es como subir el Everest<\/strong><\/h2>\n<p>Pero Fern\u00e1ndez ten\u00eda una sugerencia propia que implicar\u00eda cambios en el pelot\u00f3n al final de una carrera de Gran Vuelta. \u00abSin criterios m\u00e9dicos, dar\u00eda a cada equipo el derecho de cambiar a un corredor en la \u00faltima semana\u00bb.<\/p>\n<p>Eso sin duda convendr\u00eda a los grandes corredores de la CG, como la superestrella de Fern\u00e1ndez, Tadej Poga\u010dar, o su archirrival en el Visma-Lease a Bike, Jonas Vingegaard, porque podr\u00edan contar con un corredor de apoyo descansado para la monta\u00f1a. O, dependiendo de la naturaleza de las etapas de la \u00faltima semana, un equipo podr\u00eda insertar a un velocista fresco para intentar ganar algunas carreras contra rivales cansados. Y si todo el mundo tiene la oportunidad de hacer un cambio, entonces es justo.<\/p>\n<p>S\u00ed, justo puede ser, pero tambi\u00e9n es cursi. Lefevere tiene raz\u00f3n. Cualquier sustituci\u00f3n reducir\u00eda la credibilidad de la carrera y tambi\u00e9n de los corredores. Imaginemos un equipo intentando escalar el Everest cuando, a mitad de camino, uno de los escaladores cae enfermo. Un alpinista sustituto llega en helic\u00f3ptero y termina la ascensi\u00f3n con el equipo. \u00abLo hemos conseguido\u00bb, se alegran al bajar de la monta\u00f1a.<\/p>\n<p>Bueno, s\u00ed, pero en realidad no. <strong>La met\u00e1fora del boxeo de Lefevere es muy buena, pero yo siempre he visto la carrera del Tour de Francia como una escalada de monta\u00f1a<\/strong>. Hay que escalar monta\u00f1as individuales, por supuesto, pero el recorrido en s\u00ed es como una monta\u00f1a que hay que escalar desde la etapa 1 hasta la \u00abcima final\u00bb de la etapa 21. Este a\u00f1o, esa monta\u00f1a ser\u00e1 de 3,5 kil\u00f3metros. Este a\u00f1o, esa monta\u00f1a tendr\u00e1 3.320 km de altura. O se sube de principio a fin o no se sube.<\/p>\n","protected":false},"excerpt":{"rendered":"<p>En deportes de equipo como el f\u00fatbol, el b\u00e9isbol y el rugby, e incluso en competiciones de tenis por equipos, [&hellip;]<\/p>\n","protected":false},"author":29,"featured_media":11598,"comment_status":"open","ping_status":"open","sticky":false,"template":"","format":"standard","meta":{"footnotes":""},"categories":[7],"tags":[],"global-categories":[],"class_list":["post-11593","post","type-post","status-publish","format-standard","has-post-thumbnail","hentry","category-carretera"],"yoast_head":"<!-- This site is optimized with the Yoast SEO Premium plugin v25.3 (Yoast SEO v25.9) - https:\/\/yoast.com\/wordpress\/plugins\/seo\/ -->\n<title>\u00bfEs una buena idea el ciclista suplente en las Grandes Vueltas? - \u0160koda We Love Cycling - Spain<\/title>\n<meta name=\"description\" content=\"\u00bfEs una buena idea el ciclista suplente en las Grandes Vueltas? Lefevere, Matxin y Eusebio Unzue opinan al respecto.\" \/>\n<meta name=\"robots\" content=\"index, follow, max-snippet:-1, max-image-preview:large, max-video-preview:-1\" \/>\n<link rel=\"canonical\" href=\"https:\/\/www.welovecycling.com\/es\/2025\/03\/22\/ciclista-suplente-grandes-vueltas\/\" \/>\n<meta property=\"og:locale\" content=\"es_ES\" \/>\n<meta property=\"og:type\" content=\"article\" \/>\n<meta property=\"og:title\" content=\"\u00bfEs una buena idea el ciclista suplente en las Grandes Vueltas?\" \/>\n<meta property=\"og:description\" content=\"\u00bfEs una buena idea el ciclista suplente en las Grandes Vueltas? Lefevere, Matxin y Eusebio Unzue opinan al respecto.\" \/>\n<meta property=\"og:url\" content=\"https:\/\/www.welovecycling.com\/es\/2025\/03\/22\/ciclista-suplente-grandes-vueltas\/\" \/>\n<meta property=\"og:site_name\" content=\"\u0160koda We Love Cycling - Spain\" \/>\n<meta property=\"article:published_time\" content=\"2025-03-22T12:11:49+00:00\" \/>\n<meta property=\"og:image\" content=\"https:\/\/d2p6e6u75xmxt8.cloudfront.net\/6\/2025\/03\/Tour-de-France-Peloton-profimedia-0704565592-CVR.webp\" \/>\n\t<meta property=\"og:image:width\" content=\"990\" \/>\n\t<meta property=\"og:image:height\" content=\"660\" \/>\n\t<meta property=\"og:image:type\" content=\"image\/webp\" \/>\n<meta name=\"author\" content=\"We Love Cycling Spain\" \/>\n<meta name=\"twitter:card\" content=\"summary_large_image\" \/>\n<meta name=\"twitter:description\" content=\"\u00bfEs una buena idea el ciclista suplente en las Grandes Vueltas? Lefevere, Matxin y Eusebio Unzue opinan al respecto.\" \/>\n<meta name=\"twitter:label1\" content=\"Written by\" \/>\n\t<meta name=\"twitter:data1\" content=\"Siegfried Mortkowitz\" \/>\n\t<meta name=\"twitter:label2\" content=\"Est. reading time\" \/>\n\t<meta name=\"twitter:data2\" content=\"3\" \/>\n<script type=\"application\/ld+json\" class=\"yoast-schema-graph\">{\"@context\":\"https:\/\/schema.org\",\"@graph\":[{\"@type\":\"WebPage\",\"@id\":\"https:\/\/www.welovecycling.com\/es\/2025\/03\/22\/ciclista-suplente-grandes-vueltas\/\",\"url\":\"https:\/\/www.welovecycling.com\/es\/2025\/03\/22\/ciclista-suplente-grandes-vueltas\/\",\"name\":\"\u00bfEs una buena idea el ciclista suplente en las Grandes Vueltas? - \u0160koda We Love Cycling - Spain\",\"isPartOf\":{\"@id\":\"https:\/\/www.welovecycling.com\/es\/#website\"},\"primaryImageOfPage\":{\"@id\":\"https:\/\/www.welovecycling.com\/es\/2025\/03\/22\/ciclista-suplente-grandes-vueltas\/#primaryimage\"},\"image\":{\"@id\":\"https:\/\/www.welovecycling.com\/es\/2025\/03\/22\/ciclista-suplente-grandes-vueltas\/#primaryimage\"},\"thumbnailUrl\":\"https:\/\/d2p6e6u75xmxt8.cloudfront.net\/6\/2025\/03\/Tour-de-France-Peloton-profimedia-0704565592-CVR.webp\",\"datePublished\":\"2025-03-22T12:11:49+00:00\",\"author\":{\"@id\":\"https:\/\/www.welovecycling.com\/es\/#\/schema\/person\/deb61715b5812698ee79fb96f343ccd4\"},\"description\":\"\u00bfEs una buena idea el ciclista suplente en las Grandes Vueltas? Lefevere, Matxin y Eusebio Unzue opinan al respecto.\",\"breadcrumb\":{\"@id\":\"https:\/\/www.welovecycling.com\/es\/2025\/03\/22\/ciclista-suplente-grandes-vueltas\/#breadcrumb\"},\"inLanguage\":\"es-ES\",\"potentialAction\":[{\"@type\":\"ReadAction\",\"target\":[\"https:\/\/www.welovecycling.com\/es\/2025\/03\/22\/ciclista-suplente-grandes-vueltas\/\"]}]},{\"@type\":\"ImageObject\",\"inLanguage\":\"es-ES\",\"@id\":\"https:\/\/www.welovecycling.com\/es\/2025\/03\/22\/ciclista-suplente-grandes-vueltas\/#primaryimage\",\"url\":\"https:\/\/d2p6e6u75xmxt8.cloudfront.net\/6\/2025\/03\/Tour-de-France-Peloton-profimedia-0704565592-CVR.webp\",\"contentUrl\":\"https:\/\/d2p6e6u75xmxt8.cloudfront.net\/6\/2025\/03\/Tour-de-France-Peloton-profimedia-0704565592-CVR.webp\",\"width\":990,\"height\":660,\"caption\":\"Tour de France\"},{\"@type\":\"BreadcrumbList\",\"@id\":\"https:\/\/www.welovecycling.com\/es\/2025\/03\/22\/ciclista-suplente-grandes-vueltas\/#breadcrumb\",\"itemListElement\":[{\"@type\":\"ListItem\",\"position\":1,\"name\":\"Home\",\"item\":\"https:\/\/www.welovecycling.com\/es\/\"},{\"@type\":\"ListItem\",\"position\":2,\"name\":\"\u00bfEs una buena idea el ciclista suplente en las Grandes Vueltas?\"}]},{\"@type\":\"WebSite\",\"@id\":\"https:\/\/www.welovecycling.com\/es\/#website\",\"url\":\"https:\/\/www.welovecycling.com\/es\/\",\"name\":\"\u0160koda We Love Cycling - Spain\",\"description\":\"\u0160koda WeLoveCycling Spain\",\"potentialAction\":[{\"@type\":\"SearchAction\",\"target\":{\"@type\":\"EntryPoint\",\"urlTemplate\":\"https:\/\/www.welovecycling.com\/es\/?s={search_term_string}\"},\"query-input\":{\"@type\":\"PropertyValueSpecification\",\"valueRequired\":true,\"valueName\":\"search_term_string\"}}],\"inLanguage\":\"es-ES\"},{\"@type\":\"Person\",\"@id\":\"https:\/\/www.welovecycling.com\/es\/#\/schema\/person\/deb61715b5812698ee79fb96f343ccd4\",\"name\":\"We Love Cycling Spain\",\"image\":{\"@type\":\"ImageObject\",\"inLanguage\":\"es-ES\",\"@id\":\"https:\/\/www.welovecycling.com\/es\/#\/schema\/person\/image\/\",\"url\":\"https:\/\/secure.gravatar.com\/avatar\/c824b04e6df0e37a03219d0b6481672889df542894588964102459e46513159c?s=96&d=mm&r=g\",\"contentUrl\":\"https:\/\/secure.gravatar.com\/avatar\/c824b04e6df0e37a03219d0b6481672889df542894588964102459e46513159c?s=96&d=mm&r=g\",\"caption\":\"We Love Cycling Spain\"},\"url\":\"https:\/\/www.welovecycling.com\/es\/author\/amunoz\/\"}]}<\/script>\n<!-- \/ Yoast SEO Premium plugin. -->","yoast_head_json":{"title":"\u00bfEs una buena idea el ciclista suplente en las Grandes Vueltas? - \u0160koda We Love Cycling - Spain","description":"\u00bfEs una buena idea el ciclista suplente en las Grandes Vueltas? Lefevere, Matxin y Eusebio Unzue opinan al respecto.","robots":{"index":"index","follow":"follow","max-snippet":"max-snippet:-1","max-image-preview":"max-image-preview:large","max-video-preview":"max-video-preview:-1"},"canonical":"https:\/\/www.welovecycling.com\/es\/2025\/03\/22\/ciclista-suplente-grandes-vueltas\/","og_locale":"es_ES","og_type":"article","og_title":"\u00bfEs una buena idea el ciclista suplente en las Grandes Vueltas?","og_description":"\u00bfEs una buena idea el ciclista suplente en las Grandes Vueltas? Lefevere, Matxin y Eusebio Unzue opinan al respecto.","og_url":"https:\/\/www.welovecycling.com\/es\/2025\/03\/22\/ciclista-suplente-grandes-vueltas\/","og_site_name":"\u0160koda We Love Cycling - Spain","article_published_time":"2025-03-22T12:11:49+00:00","og_image":[{"width":990,"height":660,"url":"https:\/\/d2p6e6u75xmxt8.cloudfront.net\/6\/2025\/03\/Tour-de-France-Peloton-profimedia-0704565592-CVR.webp","type":"image\/webp"}],"author":"We Love Cycling Spain","twitter_card":"summary_large_image","twitter_description":"\u00bfEs una buena idea el ciclista suplente en las Grandes Vueltas? Lefevere, Matxin y Eusebio Unzue opinan al respecto.","twitter_misc":{"Written by":"Siegfried Mortkowitz","Est. reading time":"3"},"schema":{"@context":"https:\/\/schema.org","@graph":[{"@type":"WebPage","@id":"https:\/\/www.welovecycling.com\/es\/2025\/03\/22\/ciclista-suplente-grandes-vueltas\/","url":"https:\/\/www.welovecycling.com\/es\/2025\/03\/22\/ciclista-suplente-grandes-vueltas\/","name":"\u00bfEs una buena idea el ciclista suplente en las Grandes Vueltas? - \u0160koda We Love Cycling - Spain","isPartOf":{"@id":"https:\/\/www.welovecycling.com\/es\/#website"},"primaryImageOfPage":{"@id":"https:\/\/www.welovecycling.com\/es\/2025\/03\/22\/ciclista-suplente-grandes-vueltas\/#primaryimage"},"image":{"@id":"https:\/\/www.welovecycling.com\/es\/2025\/03\/22\/ciclista-suplente-grandes-vueltas\/#primaryimage"},"thumbnailUrl":"https:\/\/d2p6e6u75xmxt8.cloudfront.net\/6\/2025\/03\/Tour-de-France-Peloton-profimedia-0704565592-CVR.webp","datePublished":"2025-03-22T12:11:49+00:00","author":{"@id":"https:\/\/www.welovecycling.com\/es\/#\/schema\/person\/deb61715b5812698ee79fb96f343ccd4"},"description":"\u00bfEs una buena idea el ciclista suplente en las Grandes Vueltas? Lefevere, Matxin y Eusebio Unzue opinan al respecto.","breadcrumb":{"@id":"https:\/\/www.welovecycling.com\/es\/2025\/03\/22\/ciclista-suplente-grandes-vueltas\/#breadcrumb"},"inLanguage":"es-ES","potentialAction":[{"@type":"ReadAction","target":["https:\/\/www.welovecycling.com\/es\/2025\/03\/22\/ciclista-suplente-grandes-vueltas\/"]}]},{"@type":"ImageObject","inLanguage":"es-ES","@id":"https:\/\/www.welovecycling.com\/es\/2025\/03\/22\/ciclista-suplente-grandes-vueltas\/#primaryimage","url":"https:\/\/d2p6e6u75xmxt8.cloudfront.net\/6\/2025\/03\/Tour-de-France-Peloton-profimedia-0704565592-CVR.webp","contentUrl":"https:\/\/d2p6e6u75xmxt8.cloudfront.net\/6\/2025\/03\/Tour-de-France-Peloton-profimedia-0704565592-CVR.webp","width":990,"height":660,"caption":"Tour de France"},{"@type":"BreadcrumbList","@id":"https:\/\/www.welovecycling.com\/es\/2025\/03\/22\/ciclista-suplente-grandes-vueltas\/#breadcrumb","itemListElement":[{"@type":"ListItem","position":1,"name":"Home","item":"https:\/\/www.welovecycling.com\/es\/"},{"@type":"ListItem","position":2,"name":"\u00bfEs una buena idea el ciclista suplente en las Grandes Vueltas?"}]},{"@type":"WebSite","@id":"https:\/\/www.welovecycling.com\/es\/#website","url":"https:\/\/www.welovecycling.com\/es\/","name":"\u0160koda We Love Cycling - Spain","description":"\u0160koda WeLoveCycling Spain","potentialAction":[{"@type":"SearchAction","target":{"@type":"EntryPoint","urlTemplate":"https:\/\/www.welovecycling.com\/es\/?s={search_term_string}"},"query-input":{"@type":"PropertyValueSpecification","valueRequired":true,"valueName":"search_term_string"}}],"inLanguage":"es-ES"},{"@type":"Person","@id":"https:\/\/www.welovecycling.com\/es\/#\/schema\/person\/deb61715b5812698ee79fb96f343ccd4","name":"We Love Cycling Spain","image":{"@type":"ImageObject","inLanguage":"es-ES","@id":"https:\/\/www.welovecycling.com\/es\/#\/schema\/person\/image\/","url":"https:\/\/secure.gravatar.com\/avatar\/c824b04e6df0e37a03219d0b6481672889df542894588964102459e46513159c?s=96&d=mm&r=g","contentUrl":"https:\/\/secure.gravatar.com\/avatar\/c824b04e6df0e37a03219d0b6481672889df542894588964102459e46513159c?s=96&d=mm&r=g","caption":"We Love Cycling Spain"},"url":"https:\/\/www.welovecycling.com\/es\/author\/amunoz\/"}]}},"_links":{"self":[{"href":"https:\/\/www.welovecycling.com\/es\/wp-json\/wp\/v2\/posts\/11593","targetHints":{"allow":["GET"]}}],"collection":[{"href":"https:\/\/www.welovecycling.com\/es\/wp-json\/wp\/v2\/posts"}],"about":[{"href":"https:\/\/www.welovecycling.com\/es\/wp-json\/wp\/v2\/types\/post"}],"author":[{"embeddable":true,"href":"https:\/\/www.welovecycling.com\/es\/wp-json\/wp\/v2\/users\/29"}],"replies":[{"embeddable":true,"href":"https:\/\/www.welovecycling.com\/es\/wp-json\/wp\/v2\/comments?post=11593"}],"version-history":[{"count":2,"href":"https:\/\/www.welovecycling.com\/es\/wp-json\/wp\/v2\/posts\/11593\/revisions"}],"predecessor-version":[{"id":11599,"href":"https:\/\/www.welovecycling.com\/es\/wp-json\/wp\/v2\/posts\/11593\/revisions\/11599"}],"wp:featuredmedia":[{"embeddable":true,"href":"https:\/\/www.welovecycling.com\/es\/wp-json\/wp\/v2\/media\/11598"}],"wp:attachment":[{"href":"https:\/\/www.welovecycling.com\/es\/wp-json\/wp\/v2\/media?parent=11593"}],"wp:term":[{"taxonomy":"category","embeddable":true,"href":"https:\/\/www.welovecycling.com\/es\/wp-json\/wp\/v2\/categories?post=11593"},{"taxonomy":"post_tag","embeddable":true,"href":"https:\/\/www.welovecycling.com\/es\/wp-json\/wp\/v2\/tags?post=11593"},{"taxonomy":"global-categories","embeddable":true,"href":"https:\/\/www.welovecycling.com\/es\/wp-json\/wp\/v2\/global-categories?post=11593"}],"curies":[{"name":"wp","href":"https:\/\/api.w.org\/{rel}","templated":true}]}}