{"id":11588,"date":"2025-03-21T13:20:08","date_gmt":"2025-03-21T11:20:08","guid":{"rendered":"https:\/\/www.welovecycling.com\/es\/?p=11588"},"modified":"2025-03-21T13:20:08","modified_gmt":"2025-03-21T11:20:08","slug":"tramos-sterrato-strade-bianche","status":"publish","type":"post","link":"https:\/\/www.welovecycling.com\/es\/2025\/03\/21\/tramos-sterrato-strade-bianche\/","title":{"rendered":"Los tramos de sterrato m\u00e1s decisivos de la Strade Bianche"},"content":{"rendered":"<p><strong>La Strade Bianche se ha convertido por m\u00e9ritos propios en una de las cl\u00e1sicas m\u00e1s divertidas y competidas del a\u00f1o. Solo los nombres de su palmar\u00e9s, Pogacar, Cancellara, Van der Poel, Van Aert o Pidcock dejan a las claras que los mejores ciclistas de los \u00faltimos a\u00f1os se la han tomado muy en serio. Por eso pese a ser &#8216;joven&#8217; los tramos de sterrato de la Strade Bianche est\u00e1n empezando a adquirir el apelativo de m\u00edticos. Eso s\u00ed, todav\u00eda no tienen el nombre de otro tramos famosos de las cl\u00e1sicas como Kapelmuur, Arenberg o La Redoute, por eso en este art\u00edculo les quiero poner nombre, apellidos y descripci\u00f3n.<\/strong><\/p>\n<p><!--more--><\/p>\n<p>La carrera italiana discurre por el coraz\u00f3n de la Toscana, en los alrededores de Siena. Eso significa que no hay un metro llano, pero tampoco grandes monta\u00f1as. Solo una sucesi\u00f3n de colinas cortas. Algunas asfaltadas y otras en caminos de tierra, que comunican las fincas y villas de la regi\u00f3n. El estado de la tierra es pr\u00e1cticamente perfecto. Aplanado, liso, con muy poca gravilla suelta. Ideal para ir r\u00e1pido con una bici de carretera a poco que le pongas 28 o 30 de cubierta\/tubeless.<\/p>\n<p>Desde el recorrido inicial, cuando se llamaba <a href=\"https:\/\/es.wikipedia.org\/wiki\/Strade_Bianche\">Montepaschi Eroica<\/a> en 2007, al actual, ha habido varios cambios y se han ido incorporando tramos de sterrato. El trazado actual es m\u00e1s parecido al de 2012, cuando la compro RCS (Giro de Italia), paso a llamarse Strade Bianche y tuvo la salida y llegada en la ciudad de Siena. Desde entonces los tramos decisivos est\u00e1n cerca Siena, aunque los m\u00e1s duros en longitud distan 80 kil\u00f3metros, como m\u00ednimo de la l\u00ednea de meta.<\/p>\n<p>Vamos a ponerles nombre para que si decides ir a la Toscana a pedalear, o a hacer la versi\u00f3n cicloturista de la Strade Bianche, sepas a lo que te enfrentas. O, si tu objetivo solo es disfrutarlo por televisi\u00f3n, sepas como es cada uno de ellos.<\/p>\n<h2><b>Monte de Santa Maria<\/b><\/h2>\n<p>Con 11, 5 kil\u00f3metros de longitud y tramos de subida de hasta al 18% el <a href=\"https:\/\/espanol.eurosport.com\/ciclismo\/strade-bianche\/2025\/sector-propio-fabian-cancellara-monte-sante-marie_sto20106070\/story.shtml\">Monte de Santa Maria<\/a> es sin duda el tramo m\u00e1s duro de la Strade Bianche. Tambi\u00e9n le da su nombre <a href=\"https:\/\/www.welovecycling.com\/es\/2017\/07\/04\/twitter-ciclismo\/\">Fabian Cancellara,<\/a> el \u00fanico hasta 2025 que hab\u00eda ganado tres veces la carrera. Hasta 2023 el tramo se situaba a 50 kil\u00f3metros de meta, pero despu\u00e9s de la ampliaci\u00f3n del recorrido de la carrera en 2024 est\u00e1 a 80 de meta. Eso no import\u00f3 a <a href=\"https:\/\/www.welovecycling.com\/es\/2024\/07\/21\/pogacar-un-tour-sin-macula-y-un-giro-strade-lieja\/\">Tadej Pogacar,<\/a> que arranc\u00f3 all\u00ed para dar la exhibici\u00f3n m\u00e1s brutal de la historia de la Strade.<\/p>\n<p>Lo complicado no solo es su longitud y los cinco kil\u00f3metros de subida, con rampas siempre <strong>entre el 15 y el 18%<\/strong>. Sino las tres bajadas r\u00e1pidas, una de ellas con dos curvas al final, que hacen peligroso el descenso. Aunque no para todos, porque all\u00ed Pidcock salt\u00f3 del pelot\u00f3n y atrap\u00f3 a los fugados haciendo un alarde de t\u00e9cnica en el descenso para acabar apunt\u00e1ndose la edici\u00f3n de 2023.<\/p>\n<blockquote class=\"twitter-tweet\">\n<p dir=\"ltr\" lang=\"fr\">Bis repetita pour Pogacar ? Apr\u00e8s son r\u00e9cital d&#8217;anthologie en 2024, le Slov\u00e8ne sera de retour ce samedi sur les Strade Bianche, \u00e9videmment \u00e0 suivre sur Eurosport et Max ! <a href=\"https:\/\/twitter.com\/hashtag\/LesRP?src=hash&amp;ref_src=twsrc%5Etfw\">#LesRP<\/a> <a href=\"https:\/\/t.co\/vPfLspGjby\">pic.twitter.com\/vPfLspGjby<\/a><\/p>\n<p>\u2014 Eurosport France (@Eurosport_FR) <a href=\"https:\/\/twitter.com\/Eurosport_FR\/status\/1898077599357698490?ref_src=twsrc%5Etfw\">March 7, 2025<\/a><\/p><\/blockquote>\n<p><script async src=\"https:\/\/platform.twitter.com\/widgets.js\" charset=\"utf-8\"><\/script><\/p>\n<h2><b>San Martino in Grania<\/b><\/h2>\n<p>Con 9,5 kil\u00f3metros de tierra y una subida final con rampas del <strong>14% el tramo de San Martino in Grania<\/strong> siempre suele romper el pelot\u00f3n de la Strade Bianche. Adem\u00e1s est\u00e1 situado en un lugar estrat\u00e9gico, despu\u00e9s del nuevo tramo de Serravalle y justo ante del Monte de Santa Maria.<\/p>\n<p>Arranca con un tramo llano entre cipreses y despu\u00e9s tiene una sucesi\u00f3n de subidas duras y bajadas cortas, aunque algunas complicadas.<br \/>\n<img loading=\"lazy\" decoding=\"async\" class=\"alignnone size-extra-large\" src=\"https:\/\/gfstradebianche.it\/wp-content\/uploads\/2025\/02\/sterrato-6-lungo.jpg\" width=\"1200\" height=\"720\" \/><\/p>\n<h2><b>Serravalle<\/b><\/h2>\n<p>Este tramo se incorpor\u00f3 en la edici\u00f3n de 2025 y hasta entonces solo formaba parte de la versi\u00f3n cicloturista de la Gran Fondo. Arranca con un tramo corto en el que se puede ir r\u00e1pido. Despu\u00e9s una subida de casi dos kil\u00f3metros con alguna rampa del 12% y una bajada m\u00e1s que complicada con dos curvas al final. La \u00faltima parte es totalmente llana, se puede ir a m\u00e1s de 40 por hora, pero tiene agujeros y piedras sueltas. Al final suma 9,3 kil\u00f3metros de sterrato.<\/p>\n<h2><b>Colle Pinzuto<\/b><\/h2>\n<p>Desde 2024 se sube en dos ocasiones, la segunda vez a solo 13 kil\u00f3metros de la l\u00ednea de meta. Es corto, solo 2,4 kil\u00f3metros, pero arranca con una subida empinad\u00edsima de 800 metros con rampas de hasta el 15%. All\u00ed fue donde Pogacar arranc\u00f3 en esta edici\u00f3n de 2025 para soltar a <strong>Pidcock <\/strong>. Despu\u00e9s del tramo m\u00e1s duro el camino sigue subiendo, aunque con desniveles del 3\/4% hasta salir a la carretera.<br \/>\n<img loading=\"lazy\" decoding=\"async\" class=\"alignnone size-extra-large\" src=\"https:\/\/gfstradebianche.it\/wp-content\/uploads\/2025\/02\/sterrato-9-lungo.jpg\" width=\"1200\" height=\"720\" \/><\/p>\n<h2><b>Le Tolfe<\/b><\/h2>\n<p>Le Tolfe es el \u00faltimo tramo de tierra de la Strade Bianche, aunque no la \u00faltima subida porque desde su cima, a 10 de meta, aun quedan tres repechos de asfalto y el muro final de adoquines de Via Santa Caterina, ya dentro de la ciudad de Siena.<\/p>\n<p>Al igual que Colle Pinzuto, desde 2024 se pasa en dos ocasiones, la \u00faltima para despedir el sterrato hasta el a\u00f1o siguiente. Se llega despu\u00e9s de un tramo asfaltado cuesta arriba bastante duro. Los primeros 500 metros son cuesta abajo y si hay barro dan miedo porque se pillan con facilidad los 70 kil\u00f3metros hora. Y justo despu\u00e9s otros 500 metros, pero esta vez empinados, mucho, con rampas de hasta el 18%. All\u00ed se cans\u00f3 de atacar Van der Poel, en 2021, aunque no pudo soltar a Alaphilippe y Bernal, con los que lleg\u00f3 a Siena.<\/p>\n<blockquote class=\"twitter-tweet\">\n<p dir=\"ltr\" lang=\"pt\">Usina de For\u00e7a Mathieu van der Poel. Strade Bianchi 2021. \ud83e\udd2f <a href=\"https:\/\/t.co\/odxf0pI4V6\">pic.twitter.com\/odxf0pI4V6<\/a><\/p>\n<p>\u2014 BikeBlz (@BikeBlz) <a href=\"https:\/\/twitter.com\/BikeBlz\/status\/1727614271725408260?ref_src=twsrc%5Etfw\">November 23, 2023<\/a><\/p><\/blockquote>\n<p><script async src=\"https:\/\/platform.twitter.com\/widgets.js\" charset=\"utf-8\"><\/script><br \/>\n<img loading=\"lazy\" decoding=\"async\" class=\"alignnone size-extra-large\" src=\"https:\/\/gfstradebianche.it\/wp-content\/uploads\/2025\/02\/sterrato-10-lungo.jpg\" width=\"1200\" height=\"720\" \/><\/p>\n","protected":false},"excerpt":{"rendered":"<p>La Strade Bianche se ha convertido por m\u00e9ritos propios en una de las cl\u00e1sicas m\u00e1s divertidas y competidas del a\u00f1o. [&hellip;]<\/p>\n","protected":false},"author":29,"featured_media":10662,"comment_status":"open","ping_status":"open","sticky":false,"template":"","format":"standard","meta":{"footnotes":""},"categories":[7],"tags":[345],"global-categories":[1164],"class_list":["post-11588","post","type-post","status-publish","format-standard","has-post-thumbnail","hentry","category-carretera","tag-strade-bianche","global-categories-cycling"],"yoast_head":"<!-- This site is optimized with the Yoast SEO Premium plugin v25.3 (Yoast SEO v25.9) - https:\/\/yoast.com\/wordpress\/plugins\/seo\/ -->\n<title>Los tramos de sterrato m\u00e1s decisivos de la Strade Bianche - \u0160koda We Love Cycling - Spain<\/title>\n<meta name=\"description\" content=\"Los tramos de sterrato m\u00e1s decisivos de la Strade Bianche. Desde Monte de Santa Maria a Le Tolfe o el Colle Pinzuto.\" \/>\n<meta name=\"robots\" content=\"index, follow, max-snippet:-1, max-image-preview:large, max-video-preview:-1\" \/>\n<link rel=\"canonical\" href=\"https:\/\/www.welovecycling.com\/es\/2025\/03\/21\/tramos-sterrato-strade-bianche\/\" \/>\n<meta property=\"og:locale\" content=\"es_ES\" \/>\n<meta property=\"og:type\" content=\"article\" \/>\n<meta property=\"og:title\" content=\"Los tramos de sterrato m\u00e1s decisivos de la Strade Bianche\" \/>\n<meta property=\"og:description\" content=\"Los tramos de sterrato m\u00e1s decisivos de la Strade Bianche. Desde Monte de Santa Maria a Le Tolfe o el Colle Pinzuto.\" \/>\n<meta property=\"og:url\" content=\"https:\/\/www.welovecycling.com\/es\/2025\/03\/21\/tramos-sterrato-strade-bianche\/\" \/>\n<meta property=\"og:site_name\" content=\"\u0160koda We Love Cycling - Spain\" \/>\n<meta property=\"article:published_time\" content=\"2025-03-21T11:20:08+00:00\" \/>\n<meta property=\"og:image\" content=\"https:\/\/d2p6e6u75xmxt8.cloudfront.net\/6\/2024\/03\/pogacar_strade.webp\" \/>\n\t<meta property=\"og:image:width\" content=\"1200\" \/>\n\t<meta property=\"og:image:height\" content=\"675\" \/>\n\t<meta property=\"og:image:type\" content=\"image\/webp\" \/>\n<meta name=\"author\" content=\"We Love Cycling Spain\" \/>\n<meta name=\"twitter:card\" content=\"summary_large_image\" \/>\n<meta name=\"twitter:description\" content=\"Los tramos de sterrato m\u00e1s decisivos de la Strade Bianche. Desde Monte de Santa Maria a Le Tolfe o el Colle Pinzuto.\" \/>\n<meta name=\"twitter:label1\" content=\"Written by\" \/>\n\t<meta name=\"twitter:data1\" content=\"Luis Ortega @Ciclored\" \/>\n\t<meta name=\"twitter:label2\" content=\"Est. reading time\" \/>\n\t<meta name=\"twitter:data2\" content=\"5 minutes\" \/>\n<script type=\"application\/ld+json\" class=\"yoast-schema-graph\">{\"@context\":\"https:\/\/schema.org\",\"@graph\":[{\"@type\":\"WebPage\",\"@id\":\"https:\/\/www.welovecycling.com\/es\/2025\/03\/21\/tramos-sterrato-strade-bianche\/\",\"url\":\"https:\/\/www.welovecycling.com\/es\/2025\/03\/21\/tramos-sterrato-strade-bianche\/\",\"name\":\"Los tramos de sterrato m\u00e1s decisivos de la Strade Bianche - \u0160koda We Love Cycling - Spain\",\"isPartOf\":{\"@id\":\"https:\/\/www.welovecycling.com\/es\/#website\"},\"primaryImageOfPage\":{\"@id\":\"https:\/\/www.welovecycling.com\/es\/2025\/03\/21\/tramos-sterrato-strade-bianche\/#primaryimage\"},\"image\":{\"@id\":\"https:\/\/www.welovecycling.com\/es\/2025\/03\/21\/tramos-sterrato-strade-bianche\/#primaryimage\"},\"thumbnailUrl\":\"https:\/\/d2p6e6u75xmxt8.cloudfront.net\/6\/2024\/03\/pogacar_strade.webp\",\"datePublished\":\"2025-03-21T11:20:08+00:00\",\"author\":{\"@id\":\"https:\/\/www.welovecycling.com\/es\/#\/schema\/person\/deb61715b5812698ee79fb96f343ccd4\"},\"description\":\"Los tramos de sterrato m\u00e1s decisivos de la Strade Bianche. Desde Monte de Santa Maria a Le Tolfe o el Colle Pinzuto.\",\"breadcrumb\":{\"@id\":\"https:\/\/www.welovecycling.com\/es\/2025\/03\/21\/tramos-sterrato-strade-bianche\/#breadcrumb\"},\"inLanguage\":\"es-ES\",\"potentialAction\":[{\"@type\":\"ReadAction\",\"target\":[\"https:\/\/www.welovecycling.com\/es\/2025\/03\/21\/tramos-sterrato-strade-bianche\/\"]}]},{\"@type\":\"ImageObject\",\"inLanguage\":\"es-ES\",\"@id\":\"https:\/\/www.welovecycling.com\/es\/2025\/03\/21\/tramos-sterrato-strade-bianche\/#primaryimage\",\"url\":\"https:\/\/d2p6e6u75xmxt8.cloudfront.net\/6\/2024\/03\/pogacar_strade.webp\",\"contentUrl\":\"https:\/\/d2p6e6u75xmxt8.cloudfront.net\/6\/2024\/03\/pogacar_strade.webp\",\"width\":1200,\"height\":675},{\"@type\":\"BreadcrumbList\",\"@id\":\"https:\/\/www.welovecycling.com\/es\/2025\/03\/21\/tramos-sterrato-strade-bianche\/#breadcrumb\",\"itemListElement\":[{\"@type\":\"ListItem\",\"position\":1,\"name\":\"Home\",\"item\":\"https:\/\/www.welovecycling.com\/es\/\"},{\"@type\":\"ListItem\",\"position\":2,\"name\":\"Los tramos de sterrato m\u00e1s decisivos de la Strade Bianche\"}]},{\"@type\":\"WebSite\",\"@id\":\"https:\/\/www.welovecycling.com\/es\/#website\",\"url\":\"https:\/\/www.welovecycling.com\/es\/\",\"name\":\"\u0160koda We Love Cycling - Spain\",\"description\":\"\u0160koda WeLoveCycling Spain\",\"potentialAction\":[{\"@type\":\"SearchAction\",\"target\":{\"@type\":\"EntryPoint\",\"urlTemplate\":\"https:\/\/www.welovecycling.com\/es\/?s={search_term_string}\"},\"query-input\":{\"@type\":\"PropertyValueSpecification\",\"valueRequired\":true,\"valueName\":\"search_term_string\"}}],\"inLanguage\":\"es-ES\"},{\"@type\":\"Person\",\"@id\":\"https:\/\/www.welovecycling.com\/es\/#\/schema\/person\/deb61715b5812698ee79fb96f343ccd4\",\"name\":\"We Love Cycling Spain\",\"image\":{\"@type\":\"ImageObject\",\"inLanguage\":\"es-ES\",\"@id\":\"https:\/\/www.welovecycling.com\/es\/#\/schema\/person\/image\/\",\"url\":\"https:\/\/secure.gravatar.com\/avatar\/c824b04e6df0e37a03219d0b6481672889df542894588964102459e46513159c?s=96&d=mm&r=g\",\"contentUrl\":\"https:\/\/secure.gravatar.com\/avatar\/c824b04e6df0e37a03219d0b6481672889df542894588964102459e46513159c?s=96&d=mm&r=g\",\"caption\":\"We Love Cycling Spain\"},\"url\":\"https:\/\/www.welovecycling.com\/es\/author\/amunoz\/\"}]}<\/script>\n<!-- \/ Yoast SEO Premium plugin. -->","yoast_head_json":{"title":"Los tramos de sterrato m\u00e1s decisivos de la Strade Bianche - \u0160koda We Love Cycling - Spain","description":"Los tramos de sterrato m\u00e1s decisivos de la Strade Bianche. Desde Monte de Santa Maria a Le Tolfe o el Colle Pinzuto.","robots":{"index":"index","follow":"follow","max-snippet":"max-snippet:-1","max-image-preview":"max-image-preview:large","max-video-preview":"max-video-preview:-1"},"canonical":"https:\/\/www.welovecycling.com\/es\/2025\/03\/21\/tramos-sterrato-strade-bianche\/","og_locale":"es_ES","og_type":"article","og_title":"Los tramos de sterrato m\u00e1s decisivos de la Strade Bianche","og_description":"Los tramos de sterrato m\u00e1s decisivos de la Strade Bianche. Desde Monte de Santa Maria a Le Tolfe o el Colle Pinzuto.","og_url":"https:\/\/www.welovecycling.com\/es\/2025\/03\/21\/tramos-sterrato-strade-bianche\/","og_site_name":"\u0160koda We Love Cycling - Spain","article_published_time":"2025-03-21T11:20:08+00:00","og_image":[{"width":1200,"height":675,"url":"https:\/\/d2p6e6u75xmxt8.cloudfront.net\/6\/2024\/03\/pogacar_strade.webp","type":"image\/webp"}],"author":"We Love Cycling Spain","twitter_card":"summary_large_image","twitter_description":"Los tramos de sterrato m\u00e1s decisivos de la Strade Bianche. Desde Monte de Santa Maria a Le Tolfe o el Colle Pinzuto.","twitter_misc":{"Written by":"Luis Ortega @Ciclored","Est. reading time":"5 minutes"},"schema":{"@context":"https:\/\/schema.org","@graph":[{"@type":"WebPage","@id":"https:\/\/www.welovecycling.com\/es\/2025\/03\/21\/tramos-sterrato-strade-bianche\/","url":"https:\/\/www.welovecycling.com\/es\/2025\/03\/21\/tramos-sterrato-strade-bianche\/","name":"Los tramos de sterrato m\u00e1s decisivos de la Strade Bianche - \u0160koda We Love Cycling - Spain","isPartOf":{"@id":"https:\/\/www.welovecycling.com\/es\/#website"},"primaryImageOfPage":{"@id":"https:\/\/www.welovecycling.com\/es\/2025\/03\/21\/tramos-sterrato-strade-bianche\/#primaryimage"},"image":{"@id":"https:\/\/www.welovecycling.com\/es\/2025\/03\/21\/tramos-sterrato-strade-bianche\/#primaryimage"},"thumbnailUrl":"https:\/\/d2p6e6u75xmxt8.cloudfront.net\/6\/2024\/03\/pogacar_strade.webp","datePublished":"2025-03-21T11:20:08+00:00","author":{"@id":"https:\/\/www.welovecycling.com\/es\/#\/schema\/person\/deb61715b5812698ee79fb96f343ccd4"},"description":"Los tramos de sterrato m\u00e1s decisivos de la Strade Bianche. Desde Monte de Santa Maria a Le Tolfe o el Colle Pinzuto.","breadcrumb":{"@id":"https:\/\/www.welovecycling.com\/es\/2025\/03\/21\/tramos-sterrato-strade-bianche\/#breadcrumb"},"inLanguage":"es-ES","potentialAction":[{"@type":"ReadAction","target":["https:\/\/www.welovecycling.com\/es\/2025\/03\/21\/tramos-sterrato-strade-bianche\/"]}]},{"@type":"ImageObject","inLanguage":"es-ES","@id":"https:\/\/www.welovecycling.com\/es\/2025\/03\/21\/tramos-sterrato-strade-bianche\/#primaryimage","url":"https:\/\/d2p6e6u75xmxt8.cloudfront.net\/6\/2024\/03\/pogacar_strade.webp","contentUrl":"https:\/\/d2p6e6u75xmxt8.cloudfront.net\/6\/2024\/03\/pogacar_strade.webp","width":1200,"height":675},{"@type":"BreadcrumbList","@id":"https:\/\/www.welovecycling.com\/es\/2025\/03\/21\/tramos-sterrato-strade-bianche\/#breadcrumb","itemListElement":[{"@type":"ListItem","position":1,"name":"Home","item":"https:\/\/www.welovecycling.com\/es\/"},{"@type":"ListItem","position":2,"name":"Los tramos de sterrato m\u00e1s decisivos de la Strade Bianche"}]},{"@type":"WebSite","@id":"https:\/\/www.welovecycling.com\/es\/#website","url":"https:\/\/www.welovecycling.com\/es\/","name":"\u0160koda We Love Cycling - Spain","description":"\u0160koda WeLoveCycling Spain","potentialAction":[{"@type":"SearchAction","target":{"@type":"EntryPoint","urlTemplate":"https:\/\/www.welovecycling.com\/es\/?s={search_term_string}"},"query-input":{"@type":"PropertyValueSpecification","valueRequired":true,"valueName":"search_term_string"}}],"inLanguage":"es-ES"},{"@type":"Person","@id":"https:\/\/www.welovecycling.com\/es\/#\/schema\/person\/deb61715b5812698ee79fb96f343ccd4","name":"We Love Cycling Spain","image":{"@type":"ImageObject","inLanguage":"es-ES","@id":"https:\/\/www.welovecycling.com\/es\/#\/schema\/person\/image\/","url":"https:\/\/secure.gravatar.com\/avatar\/c824b04e6df0e37a03219d0b6481672889df542894588964102459e46513159c?s=96&d=mm&r=g","contentUrl":"https:\/\/secure.gravatar.com\/avatar\/c824b04e6df0e37a03219d0b6481672889df542894588964102459e46513159c?s=96&d=mm&r=g","caption":"We Love Cycling Spain"},"url":"https:\/\/www.welovecycling.com\/es\/author\/amunoz\/"}]}},"_links":{"self":[{"href":"https:\/\/www.welovecycling.com\/es\/wp-json\/wp\/v2\/posts\/11588","targetHints":{"allow":["GET"]}}],"collection":[{"href":"https:\/\/www.welovecycling.com\/es\/wp-json\/wp\/v2\/posts"}],"about":[{"href":"https:\/\/www.welovecycling.com\/es\/wp-json\/wp\/v2\/types\/post"}],"author":[{"embeddable":true,"href":"https:\/\/www.welovecycling.com\/es\/wp-json\/wp\/v2\/users\/29"}],"replies":[{"embeddable":true,"href":"https:\/\/www.welovecycling.com\/es\/wp-json\/wp\/v2\/comments?post=11588"}],"version-history":[{"count":2,"href":"https:\/\/www.welovecycling.com\/es\/wp-json\/wp\/v2\/posts\/11588\/revisions"}],"predecessor-version":[{"id":11590,"href":"https:\/\/www.welovecycling.com\/es\/wp-json\/wp\/v2\/posts\/11588\/revisions\/11590"}],"wp:featuredmedia":[{"embeddable":true,"href":"https:\/\/www.welovecycling.com\/es\/wp-json\/wp\/v2\/media\/10662"}],"wp:attachment":[{"href":"https:\/\/www.welovecycling.com\/es\/wp-json\/wp\/v2\/media?parent=11588"}],"wp:term":[{"taxonomy":"category","embeddable":true,"href":"https:\/\/www.welovecycling.com\/es\/wp-json\/wp\/v2\/categories?post=11588"},{"taxonomy":"post_tag","embeddable":true,"href":"https:\/\/www.welovecycling.com\/es\/wp-json\/wp\/v2\/tags?post=11588"},{"taxonomy":"global-categories","embeddable":true,"href":"https:\/\/www.welovecycling.com\/es\/wp-json\/wp\/v2\/global-categories?post=11588"}],"curies":[{"name":"wp","href":"https:\/\/api.w.org\/{rel}","templated":true}]}}