{"id":11580,"date":"2025-03-18T10:32:24","date_gmt":"2025-03-18T08:32:24","guid":{"rendered":"https:\/\/www.welovecycling.com\/es\/?p=11580"},"modified":"2025-03-17T23:53:05","modified_gmt":"2025-03-17T21:53:05","slug":"superestrellas-ciclismo","status":"publish","type":"post","link":"https:\/\/www.welovecycling.com\/es\/2025\/03\/18\/superestrellas-ciclismo\/","title":{"rendered":"\u00bfCu\u00e1ntas superestrellas hay en el ciclismo?"},"content":{"rendered":"<p><strong>Vivimos en la era de la hip\u00e9rbole. Todo lo que ocurre es \u00abhist\u00f3rico\u00bb, \u00absin precedentes\u00bb, \u00abmagn\u00edfico\u00bb, \u00ablegendario\u00bb o \u00abr\u00e9cord\u00bb. Especialmente en el deporte, ning\u00fan superlativo se queda corto para describir acontecimientos y jugadores, y todos los deportes, seg\u00fan los comentaristas al menos, cuentan ahora con docenas de superestrellas y\/o leyendas, atletas que son \u00ababsolutamente magn\u00edficos\u00bb y se cuentan entre \u00ablos mejores de todos los tiempos\u00bb.<\/strong><\/p>\n<p><!--more--><\/p>\n<p>Parte de la raz\u00f3n de esta evoluci\u00f3n son todos los datos de que disponemos ahora, de modo que casi todas las semanas se baten r\u00e9cords de haza\u00f1as que no formaban parte del conjunto de r\u00e9cords antes de que tuvi\u00e9ramos los datos, como \u00abel mayor n\u00famero de goles marcados en un partido de f\u00fatbol el primer martes despu\u00e9s de Navidad\u00bb o \u00abel saque de tenis m\u00e1s r\u00e1pido jam\u00e1s realizado por un jugador zurdo que una vez se reuni\u00f3 con el Presidente\u00bb.<\/p>\n<p>Pero creo que la raz\u00f3n principal es que los deportes compiten con la televisi\u00f3n y el cine por patrocinadores y espectadores, y los medios visuales est\u00e1n ahora invadidos por los superh\u00e9roes. En los \u00faltimos 10 a\u00f1os, las pel\u00edculas de superh\u00e9roes se han convertido en un g\u00e9nero dominante en Hollywood, con franquicias como el Marvel Cinematic Universe y el DC Extended Universe a la cabeza del movimiento. En los \u00faltimos 10 a\u00f1os, Hollywood ha producido m\u00e1s de 100 pel\u00edculas de superh\u00e9roes. Como resultado, ya sea por difusi\u00f3n cultural, cuando un determinado elemento se extiende de una instituci\u00f3n cultural a otra, o simplemente porque la pl\u00e9tora de superh\u00e9roes ha subido el list\u00f3n de lo que los espectadores esperan de un espect\u00e1culo, ya no basta con ser una estrella; hay que ser una superestrella para llamar la atenci\u00f3n.<\/p>\n<p>Esto tambi\u00e9n se aplica al ciclismo. Por ejemplo, durante la <a href=\"https:\/\/www.welovecycling.com\/wide\/2025\/03\/10\/pogacar-overcomes-crash-and-brave-pidcock-to-win-third-strade-bianche\/\">Strade Bianche del s\u00e1bado pasado<\/a>, cuando Tom Pidcock y Tadej Poga\u010dar arrancaron juntos en el Monte Santa Maria un comentarista dijo algo as\u00ed como: \u00abY aqu\u00ed ten\u00e9is a dos superestrellas pedaleando juntas\u00bb. Eso me hizo pensar. Poga\u010dar es innegablemente una superestrella y quiz\u00e1s el mejor corredor de carretera de todos los tiempos. Pero, \u00bfy Pidcock?<\/p>\n<p>El corredor del Q36.5, de 26 a\u00f1os, realiz\u00f3 una magn\u00edfica carrera el s\u00e1bado, permaneciendo junto al esloveno, que de otro modo ser\u00eda inalcanzable, durante unos 60 km e incluso esper\u00e1ndole despu\u00e9s de que se estrellara en un descenso a gran velocidad. Pidcock lleg\u00f3 a decir que hab\u00eda sido \u00abuna de mis mejores actuaciones, creo. Estoy contento\u00bb. Y luego a\u00f1adi\u00f3: \u00abPero por supuesto, al final, a\u00fan atac\u00f3 y se march\u00f3\u00bb. Es ese \u00abpero, por supuesto\u00bb en la declaraci\u00f3n de Pidcock a los periodistas lo que refleja tanto su honestidad como su reconocimiento de que Poga\u010dar est\u00e1 hecho de una pasta diferente a la suya.<\/p>\n<figure id=\"attachment_11581\" aria-describedby=\"caption-attachment-11581\" style=\"width: 990px\" class=\"wp-caption alignnone\"><a href=\"https:\/\/d2p6e6u75xmxt8.cloudfront.net\/6\/2025\/03\/Tom-Pidcock-profimedia-0959183928-CVR.webp\"><img loading=\"lazy\" decoding=\"async\" class=\"wp-image-11581 size-full\" src=\"https:\/\/d2p6e6u75xmxt8.cloudfront.net\/6\/2025\/03\/Tom-Pidcock-profimedia-0959183928-CVR.webp\" alt=\"Tom Pidcock\" width=\"990\" height=\"660\" srcset=\"https:\/\/d2p6e6u75xmxt8.cloudfront.net\/6\/2025\/03\/Tom-Pidcock-profimedia-0959183928-CVR.webp 990w, https:\/\/d2p6e6u75xmxt8.cloudfront.net\/6\/2025\/03\/Tom-Pidcock-profimedia-0959183928-CVR-300x200.webp 300w, https:\/\/d2p6e6u75xmxt8.cloudfront.net\/6\/2025\/03\/Tom-Pidcock-profimedia-0959183928-CVR-768x512.webp 768w, https:\/\/d2p6e6u75xmxt8.cloudfront.net\/6\/2025\/03\/Tom-Pidcock-profimedia-0959183928-CVR-400x267.webp 400w, https:\/\/d2p6e6u75xmxt8.cloudfront.net\/6\/2025\/03\/Tom-Pidcock-profimedia-0959183928-CVR-272x182.webp 272w\" sizes=\"auto, (max-width: 990px) 100vw, 990px\" \/><\/a><figcaption id=\"caption-attachment-11581\" class=\"wp-caption-text\">\u00bfEs Pidcock una superestrella? \u00a9 Profimedia<\/figcaption><\/figure>\n<p>Poga\u010dar es una superestrella, mientras que Pidcock es \u00absimplemente\u00bb una estrella, un ciclista estupendo, emocionante de ver, valiente y fuerte. Pidcock estuvo tan bien el s\u00e1bado que llev\u00f3 a <a href=\"https:\/\/www.welovecycling.com\/wide\/2024\/07\/31\/opinion-is-tadej-pogacar-the-goat\/\">Poga\u010dar<\/a> a otra actuaci\u00f3n de superestrella. Me he convertido en un fan suyo y le animar\u00e9 en todas las carreras, si no para que gane, s\u00ed para que ofrezca otra actuaci\u00f3n estelar. Es un gran ciclista de un d\u00eda, pero s\u00e9 que hay tres superestrellas de un d\u00eda que casi siempre le ganan: Poga\u010dar, Remco Evenepoel y Mathieu van der Poel. De estos tres, el esloveno es la superestrella de las superestrellas porque tambi\u00e9n destaca en las carreras del Gran Tour.<\/p>\n<p>En las Grandes Vueltas se encuentra el que, en mi opini\u00f3n, es la cuarta superestrella de este deporte, Jonas Vingegaard. Algunos aficionados al ciclismo probablemente discrepar\u00edan porque el dan\u00e9s concentra sus esfuerzos en una sola carrera, el Tour de Francia, que ha ganado dos veces, y no corre las Cl\u00e1sicas. Probablemente tambi\u00e9n dir\u00edan que necesita ganar al menos dos Tours m\u00e1s para obtener el estatus de superestrella. Pero no estoy de acuerdo. Cuando est\u00e1 sano y en plena forma, es el \u00fanico corredor del mundo que puede vencer a Poga\u010dar en una Gran Vuelta, como ya ha hecho dos veces. Eso le convierte en una superestrella en mi opini\u00f3n, aunque admito que su estrella brilla menos que la de su \u00fanico rival.<\/p>\n<p>En cualquier caso, lo que quiero decir es que s\u00f3lo a estos cuatro corredores se les puede conceder el estatus de superestrellas hoy en d\u00eda. Me encantar\u00eda a\u00f1adir a <strong>Wout van Aert<\/strong> a este grupo de \u00e9lite, pero su \u00faltima victoria significativa en carretera se produjo en la E3 Saxo Classic de 2023, cuando venci\u00f3 tanto a Poga\u010dar como a van der Poel. Desde entonces, las ca\u00eddas y las lesiones han afectado a su forma y este a\u00f1o parece haber perdido cierta ferocidad competitiva que es una caracter\u00edstica esencial de las superestrellas.<\/p>\n<p>Pero, \u00bfqu\u00e9 hay del otro corredor esloveno, <strong>Primo\u017e Rogli\u010d, que ha ganado 88 carreras, incluidas cinco Grandes Vueltas -cuatro Vueltas y un Giro<\/strong>-, pero nunca el Tour de Francia, y que venci\u00f3 tanto a Poga\u010dar como a van der Poel en la Lieja-Bastogne-Lieja de 2020? Es una pregunta excelente. Pero las dos superestrellas eran j\u00f3venes entonces y estaban empezando a dar sus primeros pasos (Poga\u010dar ten\u00eda 21 a\u00f1os, van der Poel 23), mientras que Rogli\u010d estaba en su mejor momento.<\/p>\n<p>Y en el Tour de Francia de ese a\u00f1o, Poga\u010dar se tom\u00f3 la revancha de una forma que puso de manifiesto la diferencia entre ambos corredores. Rogli\u010d lleg\u00f3 a la cronoescalada de la 20\u00aa etapa con 57 segundos de ventaja sobre su joven compatriota, pero simplemente arruin\u00f3 la carrera. Quien le haya visto subir la pendiente de La Planche des Belles Filles hacia la meta aquel d\u00eda, con el rostro contorsionado por la angustia y el casco torcido, nunca lo olvidar\u00e1. Mi sensaci\u00f3n es que una superestrella podr\u00eda haber perdido la contrarreloj, y el Tour, contra Poga\u010dar aquel d\u00eda, pero no habr\u00eda parecido tan desesperado, tan poco parecido a una superestrella. <strong>Rogli\u010d<\/strong> ha sido, y sigue siendo, una de las grandes estrellas del ciclismo, como lo es ahora Pidcock.<\/p>\n<p>No existen pautas para definir a una superestrella, pero creo que reconocer\u00e9 a una cuando la haya visto correr unas cuantas veces. Las superestrellas son aves raras, las \u00e9lites del deporte: Messi y Ronaldo, Federer, Djokovic y Nadal. Deben ser raras porque si todo el mundo es una superestrella, entonces nadie es una superestrella. El deporte y el espect\u00e1culo no se enriquecen con decenas de superestrellas. Al contrario, al igual que una moneda rara le da su valor, es la rareza de la superestrella lo que hace brillar a un deporte.<\/p>\n<p>Por \u00faltimo, estas actuaciones demuestran que las ideas anticuadas sobre la resistencia y las capacidades de las mujeres en el ciclismo est\u00e1n listas para ser desechadas. A medida que el ciclismo femenino sigue desarroll\u00e1ndose, est\u00e1 claro que el argumento a favor de la igualdad de oportunidades en las distancias y formatos de las carreras es m\u00e1s fuerte que nunca.<\/p>\n","protected":false},"excerpt":{"rendered":"<p>Vivimos en la era de la hip\u00e9rbole. Todo lo que ocurre es \u00abhist\u00f3rico\u00bb, \u00absin precedentes\u00bb, \u00abmagn\u00edfico\u00bb, \u00ablegendario\u00bb o \u00abr\u00e9cord\u00bb. Especialmente [&hellip;]<\/p>\n","protected":false},"author":29,"featured_media":11584,"comment_status":"open","ping_status":"open","sticky":false,"template":"","format":"standard","meta":{"footnotes":""},"categories":[7,1],"tags":[],"global-categories":[],"class_list":["post-11580","post","type-post","status-publish","format-standard","has-post-thumbnail","hentry","category-carretera","category-uncategorized"],"yoast_head":"<!-- This site is optimized with the Yoast SEO Premium plugin v25.3 (Yoast SEO v25.9) - https:\/\/yoast.com\/wordpress\/plugins\/seo\/ -->\n<title>\u00bfCu\u00e1ntas superestrellas hay en el ciclismo? - \u0160koda We Love Cycling - Spain<\/title>\n<meta name=\"description\" content=\"\u00bfCu\u00e1ntas superestrellas hay en el ciclismo? Pogacar, Evenepoel, Van der Poel y Vingegaard son las aut\u00e9nticas superestrellas.\" \/>\n<meta name=\"robots\" content=\"index, follow, max-snippet:-1, max-image-preview:large, max-video-preview:-1\" \/>\n<link rel=\"canonical\" href=\"https:\/\/www.welovecycling.com\/es\/2025\/03\/18\/superestrellas-ciclismo\/\" \/>\n<meta property=\"og:locale\" content=\"es_ES\" \/>\n<meta property=\"og:type\" content=\"article\" \/>\n<meta property=\"og:title\" content=\"\u00bfCu\u00e1ntas superestrellas hay en el ciclismo?\" \/>\n<meta property=\"og:description\" content=\"\u00bfCu\u00e1ntas superestrellas hay en el ciclismo? Pogacar, Evenepoel, Van der Poel y Vingegaard son las aut\u00e9nticas superestrellas.\" \/>\n<meta property=\"og:url\" content=\"https:\/\/www.welovecycling.com\/es\/2025\/03\/18\/superestrellas-ciclismo\/\" \/>\n<meta property=\"og:site_name\" content=\"\u0160koda We Love Cycling - Spain\" \/>\n<meta property=\"article:published_time\" content=\"2025-03-18T08:32:24+00:00\" \/>\n<meta property=\"og:image\" content=\"https:\/\/d2p6e6u75xmxt8.cloudfront.net\/6\/2025\/03\/VIngegaard-Evenepoel-Pogacar-Tour-Podium-profimedia-0892113143-CVR.webp\" \/>\n\t<meta property=\"og:image:width\" content=\"990\" \/>\n\t<meta property=\"og:image:height\" content=\"660\" \/>\n\t<meta property=\"og:image:type\" content=\"image\/webp\" \/>\n<meta name=\"author\" content=\"We Love Cycling Spain\" \/>\n<meta name=\"twitter:card\" content=\"summary_large_image\" \/>\n<meta name=\"twitter:description\" content=\"\u00bfCu\u00e1ntas superestrellas hay en el ciclismo? Pogacar, Evenepoel, Van der Poel y Vingegaard son las aut\u00e9nticas superestrellas.\" \/>\n<meta name=\"twitter:label1\" content=\"Written by\" \/>\n\t<meta name=\"twitter:data1\" content=\"Siegfried Mortkowitz\" \/>\n\t<meta name=\"twitter:label2\" content=\"Est. reading time\" \/>\n\t<meta name=\"twitter:data2\" content=\"3\" \/>\n<script type=\"application\/ld+json\" class=\"yoast-schema-graph\">{\"@context\":\"https:\/\/schema.org\",\"@graph\":[{\"@type\":\"WebPage\",\"@id\":\"https:\/\/www.welovecycling.com\/es\/2025\/03\/18\/superestrellas-ciclismo\/\",\"url\":\"https:\/\/www.welovecycling.com\/es\/2025\/03\/18\/superestrellas-ciclismo\/\",\"name\":\"\u00bfCu\u00e1ntas superestrellas hay en el ciclismo? - \u0160koda We Love Cycling - Spain\",\"isPartOf\":{\"@id\":\"https:\/\/www.welovecycling.com\/es\/#website\"},\"primaryImageOfPage\":{\"@id\":\"https:\/\/www.welovecycling.com\/es\/2025\/03\/18\/superestrellas-ciclismo\/#primaryimage\"},\"image\":{\"@id\":\"https:\/\/www.welovecycling.com\/es\/2025\/03\/18\/superestrellas-ciclismo\/#primaryimage\"},\"thumbnailUrl\":\"https:\/\/d2p6e6u75xmxt8.cloudfront.net\/6\/2025\/03\/VIngegaard-Evenepoel-Pogacar-Tour-Podium-profimedia-0892113143-CVR.webp\",\"datePublished\":\"2025-03-18T08:32:24+00:00\",\"author\":{\"@id\":\"https:\/\/www.welovecycling.com\/es\/#\/schema\/person\/deb61715b5812698ee79fb96f343ccd4\"},\"description\":\"\u00bfCu\u00e1ntas superestrellas hay en el ciclismo? Pogacar, Evenepoel, Van der Poel y Vingegaard son las aut\u00e9nticas superestrellas.\",\"breadcrumb\":{\"@id\":\"https:\/\/www.welovecycling.com\/es\/2025\/03\/18\/superestrellas-ciclismo\/#breadcrumb\"},\"inLanguage\":\"es-ES\",\"potentialAction\":[{\"@type\":\"ReadAction\",\"target\":[\"https:\/\/www.welovecycling.com\/es\/2025\/03\/18\/superestrellas-ciclismo\/\"]}]},{\"@type\":\"ImageObject\",\"inLanguage\":\"es-ES\",\"@id\":\"https:\/\/www.welovecycling.com\/es\/2025\/03\/18\/superestrellas-ciclismo\/#primaryimage\",\"url\":\"https:\/\/d2p6e6u75xmxt8.cloudfront.net\/6\/2025\/03\/VIngegaard-Evenepoel-Pogacar-Tour-Podium-profimedia-0892113143-CVR.webp\",\"contentUrl\":\"https:\/\/d2p6e6u75xmxt8.cloudfront.net\/6\/2025\/03\/VIngegaard-Evenepoel-Pogacar-Tour-Podium-profimedia-0892113143-CVR.webp\",\"width\":990,\"height\":660,\"caption\":\"Tour de France Podium\"},{\"@type\":\"BreadcrumbList\",\"@id\":\"https:\/\/www.welovecycling.com\/es\/2025\/03\/18\/superestrellas-ciclismo\/#breadcrumb\",\"itemListElement\":[{\"@type\":\"ListItem\",\"position\":1,\"name\":\"Home\",\"item\":\"https:\/\/www.welovecycling.com\/es\/\"},{\"@type\":\"ListItem\",\"position\":2,\"name\":\"\u00bfCu\u00e1ntas superestrellas hay en el ciclismo?\"}]},{\"@type\":\"WebSite\",\"@id\":\"https:\/\/www.welovecycling.com\/es\/#website\",\"url\":\"https:\/\/www.welovecycling.com\/es\/\",\"name\":\"\u0160koda We Love Cycling - Spain\",\"description\":\"\u0160koda WeLoveCycling Spain\",\"potentialAction\":[{\"@type\":\"SearchAction\",\"target\":{\"@type\":\"EntryPoint\",\"urlTemplate\":\"https:\/\/www.welovecycling.com\/es\/?s={search_term_string}\"},\"query-input\":{\"@type\":\"PropertyValueSpecification\",\"valueRequired\":true,\"valueName\":\"search_term_string\"}}],\"inLanguage\":\"es-ES\"},{\"@type\":\"Person\",\"@id\":\"https:\/\/www.welovecycling.com\/es\/#\/schema\/person\/deb61715b5812698ee79fb96f343ccd4\",\"name\":\"We Love Cycling Spain\",\"image\":{\"@type\":\"ImageObject\",\"inLanguage\":\"es-ES\",\"@id\":\"https:\/\/www.welovecycling.com\/es\/#\/schema\/person\/image\/\",\"url\":\"https:\/\/secure.gravatar.com\/avatar\/c824b04e6df0e37a03219d0b6481672889df542894588964102459e46513159c?s=96&d=mm&r=g\",\"contentUrl\":\"https:\/\/secure.gravatar.com\/avatar\/c824b04e6df0e37a03219d0b6481672889df542894588964102459e46513159c?s=96&d=mm&r=g\",\"caption\":\"We Love Cycling Spain\"},\"url\":\"https:\/\/www.welovecycling.com\/es\/author\/amunoz\/\"}]}<\/script>\n<!-- \/ Yoast SEO Premium plugin. -->","yoast_head_json":{"title":"\u00bfCu\u00e1ntas superestrellas hay en el ciclismo? - \u0160koda We Love Cycling - Spain","description":"\u00bfCu\u00e1ntas superestrellas hay en el ciclismo? Pogacar, Evenepoel, Van der Poel y Vingegaard son las aut\u00e9nticas superestrellas.","robots":{"index":"index","follow":"follow","max-snippet":"max-snippet:-1","max-image-preview":"max-image-preview:large","max-video-preview":"max-video-preview:-1"},"canonical":"https:\/\/www.welovecycling.com\/es\/2025\/03\/18\/superestrellas-ciclismo\/","og_locale":"es_ES","og_type":"article","og_title":"\u00bfCu\u00e1ntas superestrellas hay en el ciclismo?","og_description":"\u00bfCu\u00e1ntas superestrellas hay en el ciclismo? Pogacar, Evenepoel, Van der Poel y Vingegaard son las aut\u00e9nticas superestrellas.","og_url":"https:\/\/www.welovecycling.com\/es\/2025\/03\/18\/superestrellas-ciclismo\/","og_site_name":"\u0160koda We Love Cycling - Spain","article_published_time":"2025-03-18T08:32:24+00:00","og_image":[{"width":990,"height":660,"url":"https:\/\/d2p6e6u75xmxt8.cloudfront.net\/6\/2025\/03\/VIngegaard-Evenepoel-Pogacar-Tour-Podium-profimedia-0892113143-CVR.webp","type":"image\/webp"}],"author":"We Love Cycling Spain","twitter_card":"summary_large_image","twitter_description":"\u00bfCu\u00e1ntas superestrellas hay en el ciclismo? Pogacar, Evenepoel, Van der Poel y Vingegaard son las aut\u00e9nticas superestrellas.","twitter_misc":{"Written by":"Siegfried Mortkowitz","Est. reading time":"3"},"schema":{"@context":"https:\/\/schema.org","@graph":[{"@type":"WebPage","@id":"https:\/\/www.welovecycling.com\/es\/2025\/03\/18\/superestrellas-ciclismo\/","url":"https:\/\/www.welovecycling.com\/es\/2025\/03\/18\/superestrellas-ciclismo\/","name":"\u00bfCu\u00e1ntas superestrellas hay en el ciclismo? - \u0160koda We Love Cycling - Spain","isPartOf":{"@id":"https:\/\/www.welovecycling.com\/es\/#website"},"primaryImageOfPage":{"@id":"https:\/\/www.welovecycling.com\/es\/2025\/03\/18\/superestrellas-ciclismo\/#primaryimage"},"image":{"@id":"https:\/\/www.welovecycling.com\/es\/2025\/03\/18\/superestrellas-ciclismo\/#primaryimage"},"thumbnailUrl":"https:\/\/d2p6e6u75xmxt8.cloudfront.net\/6\/2025\/03\/VIngegaard-Evenepoel-Pogacar-Tour-Podium-profimedia-0892113143-CVR.webp","datePublished":"2025-03-18T08:32:24+00:00","author":{"@id":"https:\/\/www.welovecycling.com\/es\/#\/schema\/person\/deb61715b5812698ee79fb96f343ccd4"},"description":"\u00bfCu\u00e1ntas superestrellas hay en el ciclismo? Pogacar, Evenepoel, Van der Poel y Vingegaard son las aut\u00e9nticas superestrellas.","breadcrumb":{"@id":"https:\/\/www.welovecycling.com\/es\/2025\/03\/18\/superestrellas-ciclismo\/#breadcrumb"},"inLanguage":"es-ES","potentialAction":[{"@type":"ReadAction","target":["https:\/\/www.welovecycling.com\/es\/2025\/03\/18\/superestrellas-ciclismo\/"]}]},{"@type":"ImageObject","inLanguage":"es-ES","@id":"https:\/\/www.welovecycling.com\/es\/2025\/03\/18\/superestrellas-ciclismo\/#primaryimage","url":"https:\/\/d2p6e6u75xmxt8.cloudfront.net\/6\/2025\/03\/VIngegaard-Evenepoel-Pogacar-Tour-Podium-profimedia-0892113143-CVR.webp","contentUrl":"https:\/\/d2p6e6u75xmxt8.cloudfront.net\/6\/2025\/03\/VIngegaard-Evenepoel-Pogacar-Tour-Podium-profimedia-0892113143-CVR.webp","width":990,"height":660,"caption":"Tour de France Podium"},{"@type":"BreadcrumbList","@id":"https:\/\/www.welovecycling.com\/es\/2025\/03\/18\/superestrellas-ciclismo\/#breadcrumb","itemListElement":[{"@type":"ListItem","position":1,"name":"Home","item":"https:\/\/www.welovecycling.com\/es\/"},{"@type":"ListItem","position":2,"name":"\u00bfCu\u00e1ntas superestrellas hay en el ciclismo?"}]},{"@type":"WebSite","@id":"https:\/\/www.welovecycling.com\/es\/#website","url":"https:\/\/www.welovecycling.com\/es\/","name":"\u0160koda We Love Cycling - Spain","description":"\u0160koda WeLoveCycling Spain","potentialAction":[{"@type":"SearchAction","target":{"@type":"EntryPoint","urlTemplate":"https:\/\/www.welovecycling.com\/es\/?s={search_term_string}"},"query-input":{"@type":"PropertyValueSpecification","valueRequired":true,"valueName":"search_term_string"}}],"inLanguage":"es-ES"},{"@type":"Person","@id":"https:\/\/www.welovecycling.com\/es\/#\/schema\/person\/deb61715b5812698ee79fb96f343ccd4","name":"We Love Cycling Spain","image":{"@type":"ImageObject","inLanguage":"es-ES","@id":"https:\/\/www.welovecycling.com\/es\/#\/schema\/person\/image\/","url":"https:\/\/secure.gravatar.com\/avatar\/c824b04e6df0e37a03219d0b6481672889df542894588964102459e46513159c?s=96&d=mm&r=g","contentUrl":"https:\/\/secure.gravatar.com\/avatar\/c824b04e6df0e37a03219d0b6481672889df542894588964102459e46513159c?s=96&d=mm&r=g","caption":"We Love Cycling Spain"},"url":"https:\/\/www.welovecycling.com\/es\/author\/amunoz\/"}]}},"_links":{"self":[{"href":"https:\/\/www.welovecycling.com\/es\/wp-json\/wp\/v2\/posts\/11580","targetHints":{"allow":["GET"]}}],"collection":[{"href":"https:\/\/www.welovecycling.com\/es\/wp-json\/wp\/v2\/posts"}],"about":[{"href":"https:\/\/www.welovecycling.com\/es\/wp-json\/wp\/v2\/types\/post"}],"author":[{"embeddable":true,"href":"https:\/\/www.welovecycling.com\/es\/wp-json\/wp\/v2\/users\/29"}],"replies":[{"embeddable":true,"href":"https:\/\/www.welovecycling.com\/es\/wp-json\/wp\/v2\/comments?post=11580"}],"version-history":[{"count":2,"href":"https:\/\/www.welovecycling.com\/es\/wp-json\/wp\/v2\/posts\/11580\/revisions"}],"predecessor-version":[{"id":11586,"href":"https:\/\/www.welovecycling.com\/es\/wp-json\/wp\/v2\/posts\/11580\/revisions\/11586"}],"wp:featuredmedia":[{"embeddable":true,"href":"https:\/\/www.welovecycling.com\/es\/wp-json\/wp\/v2\/media\/11584"}],"wp:attachment":[{"href":"https:\/\/www.welovecycling.com\/es\/wp-json\/wp\/v2\/media?parent=11580"}],"wp:term":[{"taxonomy":"category","embeddable":true,"href":"https:\/\/www.welovecycling.com\/es\/wp-json\/wp\/v2\/categories?post=11580"},{"taxonomy":"post_tag","embeddable":true,"href":"https:\/\/www.welovecycling.com\/es\/wp-json\/wp\/v2\/tags?post=11580"},{"taxonomy":"global-categories","embeddable":true,"href":"https:\/\/www.welovecycling.com\/es\/wp-json\/wp\/v2\/global-categories?post=11580"}],"curies":[{"name":"wp","href":"https:\/\/api.w.org\/{rel}","templated":true}]}}