{"id":11579,"date":"2025-03-17T23:42:16","date_gmt":"2025-03-17T21:42:16","guid":{"rendered":"https:\/\/www.welovecycling.com\/es\/?p=11579"},"modified":"2025-03-17T23:42:16","modified_gmt":"2025-03-17T21:42:16","slug":"peloton-femenino","status":"publish","type":"post","link":"https:\/\/www.welovecycling.com\/es\/2025\/03\/17\/peloton-femenino\/","title":{"rendered":"\u00bfC\u00f3mo de r\u00e1pido puede rodar el pelot\u00f3n femenino?"},"content":{"rendered":"<p><strong>El ciclismo profesional femenino ha experimentado una r\u00e1pida trayectoria en los \u00faltimos a\u00f1os, tanto en t\u00e9rminos de popularidad como de velocidad. En ning\u00fan lugar fue esto m\u00e1s evidente que a principios de este a\u00f1o, durante la segunda etapa del Tour de los EAU 2025, donde se estableci\u00f3 un nuevo r\u00e9cord con una asombrosa velocidad media de 48,407 km\/h en un recorrido de 111 km. Con carreteras des\u00e9rticas llanas y anchas y vientos cruzados implacables, la carrera fue una demostraci\u00f3n de habilidad, estrategia y potencia bruta. La victoria de Lorena Wiebes era de esperar, dada su formidable habilidad en el sprint, pero lo que m\u00e1s destac\u00f3 fue la excepcional velocidad mantenida por el grupo delantero.<\/strong><\/p>\n<p><!--more--><\/p>\n<p>Wiebes, junto con Elisa Longo Borghini, Lara Gillespie, Karlijn Swinkels y Lily Williams, formaron una escapada al principio de la carrera y mantuvieron a raya al pelot\u00f3n de principio a fin. Esta actuaci\u00f3n no s\u00f3lo pulveriz\u00f3 r\u00e9cords anteriores, sino que tambi\u00e9n permiti\u00f3 vislumbrar la acelerada evoluci\u00f3n del ciclismo profesional femenino.<\/p>\n<h2><b>R\u00e9cords de velocidad en el ciclismo femenino<\/b><\/h2>\n<p>Para poner el rendimiento del UAE Tour en perspectiva, la anterior velocidad media m\u00e1s r\u00e1pida en una etapa femenina del WorldTour se registr\u00f3 en la Etapa 4 de La Vuelta Femenina en 2024, donde Kristen Faulkner se hizo con la victoria con una velocidad media de 46,75 km\/h. Antes de eso, la marca m\u00e1s r\u00e1pida era de 45,9 km\/h, establecida en la Etapa 2 de la Vuelta a Burgos de 2023.<\/p>\n<p>El ciclismo femenino se ha percibido hist\u00f3ricamente como m\u00e1s lento que el masculino debido a las diferencias fisiol\u00f3gicas, pero la brecha se est\u00e1 reduciendo. Con un mejor entrenamiento, mejores condiciones de carrera y t\u00e1cticas cada vez m\u00e1s agresivas, los n\u00fameros cuentan una historia diferente. Cada a\u00f1o siguen cayendo r\u00e9cords, y el \u00faltimo hito en el Tour de los Emiratos \u00c1rabes Unidos demuestra que los pelotones femeninos ruedan m\u00e1s r\u00e1pido y de forma m\u00e1s estrat\u00e9gica que nunca.<\/p>\n<h2><b>Dentro de carrera: La perspectiva de las ciclistas<\/b><\/h2>\n<p>El incre\u00edble ritmo de la segunda etapa del UAE Tour sorprendi\u00f3 incluso a las integrantes de la escapada. Lily Williams, que termin\u00f3 segunda por detr\u00e1s de Wiebes, expres\u00f3 su asombro al enterarse de la velocidad r\u00e9cord.<\/p>\n<p>\u00abVaya, es asqueroso\u00bb, <a href=\"https:\/\/www.cyclingnews.com\/news\/the-womens-peloton-just-set-that-fastest-ever-speed-for-a-worldtour-stage-at-the-uae-tour-women\/\">dijo<\/a>. \u00abEs una locura; cada a\u00f1o el nivel progresa m\u00e1s y m\u00e1s, y es divertido sentir que estoy en el filo de la navaja\u00bb.<\/p>\n<p>Williams, medalla de oro ol\u00edmpica en ciclismo en pista, admiti\u00f3 que no esperaba llegar a la meta con el grupo de escapada.<\/p>\n<p>\u00abEl abanico empez\u00f3 enseguida y, sinceramente, pens\u00e9 que nos dejar\u00edan colgados hasta la segunda secci\u00f3n de viento cruzado y que luego vendr\u00edan con velocidad cuando estuvi\u00e9ramos fatigados, as\u00ed que no hice demasiado en la primera parte\u00bb, explic\u00f3. \u00abPero una vez que llegamos al viento de cola, ten\u00edamos una diferencia de tres minutos y nos limitamos a pedalear. Longo Borghini intentaba ganar tiempo en la CG, as\u00ed que el UAE estaba obligado a hacer el trabajo, pero yo estaba realmente al l\u00edmite\u00bb.<\/p>\n<p>Para Williams y sus compa\u00f1eras de escapada, la intensidad del esfuerzo era innegable. \u00abHac\u00eda viento, por eso la carrera fue tan r\u00e1pida, pero la voluntad de crear un abanico y mantener ese esfuerzo durante 110 km es un s\u00edmbolo de que la gente entiende lo que pasa en una carrera ciclista. Siempre ser\u00e1 un poco diferente de las carreras masculinas, pero nos estamos acercando a los niveles que la gente cree que deber\u00edamos alcanzar\u00bb.<\/p>\n<h2><b>\u00bfA qu\u00e9 se debe ese aumento de la velocidad?<\/b><\/h2>\n<p>Varios factores contribuyen al aumento de la velocidad en el ciclismo profesional femenino.<\/p>\n<p><strong>Avances en entrenamiento y nutrici\u00f3n<\/strong><\/p>\n<p>En la \u00faltima d\u00e9cada, los equipos femeninos han realizado importantes inversiones en ciencia del deporte, planes de entrenamiento basados en datos y estrategias de nutrici\u00f3n perfeccionadas. Las ciclistas entrenan de forma m\u00e1s eficiente y optimizan la recuperaci\u00f3n, lo que se traduce en una mayor producci\u00f3n de potencia sostenible.<\/p>\n<p><strong>Equipamiento y aerodin\u00e1mica<\/strong><\/p>\n<p>La tecnolog\u00eda de las bicicletas sigue mejorando, con cuadros m\u00e1s ligeros, una aerodin\u00e1mica optimizada y avances en la eficiencia de las ruedas y la transmisi\u00f3n que desempe\u00f1an un papel clave en la velocidad total. Los equipos tambi\u00e9n est\u00e1n invirtiendo m\u00e1s en pruebas aerodin\u00e1micas, asegur\u00e1ndose de que sus ciclistas est\u00e1n colocados de la forma m\u00e1s eficiente posible sobre la bicicleta.<\/p>\n<p><strong>T\u00e1cticas de carrera y mayor profesionalizaci\u00f3n<\/strong><\/p>\n<p>El ciclismo femenino es cada vez m\u00e1s agresivo, con equipos dispuestos a asumir riesgos y aumentar el ritmo. Se ha profundizado en el conocimiento de t\u00e1cticas como los escalones, las salidas en cabeza y las estrategias de escapada, lo que hace que las carreras sean m\u00e1s r\u00e1pidas y din\u00e1micas.<\/p>\n<p><strong>Mayor profundidad en el pelot\u00f3n<\/strong><\/p>\n<p>Cada vez son m\u00e1s los ciclistas que alcanzan los niveles m\u00e1s altos de la competici\u00f3n, lo que crea un campo m\u00e1s profundo y competitivo. Esta mayor reserva de talento conduce a carreras m\u00e1s r\u00e1pidas, ya que m\u00e1s ciclistas son capaces de mantener altas intensidades durante periodos m\u00e1s largos.<\/p>\n<h2><b>\u00bfEst\u00e1n las mujeres limitadas por la fisiolog\u00eda?<\/b><\/h2>\n<p>A pesar de las suposiciones mantenidas durante mucho tiempo, la investigaci\u00f3n actual sugiere que hemos subestimado las capacidades de las mujeres. Es un hecho biol\u00f3gico que los hombres, por t\u00e9rmino medio, tienen mayor masa muscular, mayor capacidad pulmonar y mayor capacidad aer\u00f3bica por kilogramo de peso corporal. Estas diferencias fisiol\u00f3gicas explican la diferencia de rendimiento del 10-12% entre hombres y mujeres de \u00e9lite en los deportes de resistencia, incluido el ciclismo.<\/p>\n<p>Sin embargo, las mujeres poseen ventajas fisiol\u00f3gicas que brillan con luz propia en las pruebas de ultraresistencia. <a href=\"https:\/\/www.bbc.com\/news\/world-49284389\">Los estudios han demostrado<\/a> que las mujeres tardan m\u00e1s en alcanzar la fatiga absoluta en determinadas tareas f\u00edsicas y son m\u00e1s eficientes a la hora de utilizar la grasa como fuente de energ\u00eda. En condiciones extremas, como el fr\u00edo extremo o las distancias ultralargas, las mujeres suelen rendir igual o mejor que los hombres.<\/p>\n<p>Entonces, \u00bfpor qu\u00e9 las carreras femeninas no reflejan una diferencia del 10-12% en distancia o duraci\u00f3n con respecto a las masculinas? Una de las razones podr\u00eda ser la persistencia de prejuicios y percepciones anticuadas sobre lo que las mujeres pueden o deben hacer en el deporte. Mientras que el Tour de Francia masculino recorre m\u00e1s de 3.000 km a lo largo de tres semanas, el Tour de Francia femenino s\u00f3lo dura ocho d\u00edas. Con unos resultados cada vez mejores, cabe preguntarse por qu\u00e9 las distancias de las carreras femeninas siguen siendo m\u00e1s cortas que las de sus hom\u00f3logos masculinos.<\/p>\n<h2><b>\u00bfQu\u00e9 significa esto para el ciclismo femenino?<\/b><\/h2>\n<p>La velocidad r\u00e9cord de la segunda etapa del Tour de EAU sugiere que, con las continuas mejoras en entrenamiento, equipamiento y t\u00e1cticas, las carreras femeninas ser\u00e1n a\u00fan m\u00e1s r\u00e1pidas e intensas. El creciente talento acelerar\u00e1 a\u00fan m\u00e1s el ritmo, haciendo que las escapadas y los ataques agresivos sean m\u00e1s habituales.<\/p>\n<p>A medida que mejore el rendimiento de las mujeres, ser\u00e1 m\u00e1s dif\u00edcil ignorar las peticiones de recorridos m\u00e1s largos y exigentes. Carreras como la Par\u00eds-Roubaix Femmes y el Tour de Francia Femmes ampliado ya han demostrado que las mujeres pueden hacer frente a retos extremos de resistencia, as\u00ed que \u00bfpor qu\u00e9 detenerse ah\u00ed?<\/p>\n<p>Unas carreras m\u00e1s r\u00e1pidas y emocionantes conllevan una mayor participaci\u00f3n del p\u00fablico. M\u00e1s espectadores, patrocinadores y la atenci\u00f3n de los medios de comunicaci\u00f3n ayudar\u00e1n a impulsar una mayor inversi\u00f3n en el deporte, lo que permitir\u00e1 a los equipos seguir superando los l\u00edmites del rendimiento.<\/p>\n<p>Por \u00faltimo, estas actuaciones demuestran que las ideas anticuadas sobre la resistencia y las capacidades de las mujeres en el ciclismo est\u00e1n listas para ser desechadas. A medida que el ciclismo femenino sigue desarroll\u00e1ndose, est\u00e1 claro que el argumento a favor de la igualdad de oportunidades en las distancias y formatos de las carreras es m\u00e1s fuerte que nunca.<\/p>\n","protected":false},"excerpt":{"rendered":"<p>El ciclismo profesional femenino ha experimentado una r\u00e1pida trayectoria en los \u00faltimos a\u00f1os, tanto en t\u00e9rminos de popularidad como de [&hellip;]<\/p>\n","protected":false},"author":29,"featured_media":11582,"comment_status":"open","ping_status":"open","sticky":false,"template":"","format":"standard","meta":{"footnotes":""},"categories":[7],"tags":[],"global-categories":[],"class_list":["post-11579","post","type-post","status-publish","format-standard","has-post-thumbnail","hentry","category-carretera"],"yoast_head":"<!-- This site is optimized with the Yoast SEO Premium plugin v25.3 (Yoast SEO v25.9) - https:\/\/yoast.com\/wordpress\/plugins\/seo\/ -->\n<title>\u00bfC\u00f3mo de r\u00e1pido puede rodar el pelot\u00f3n femenino? - \u0160koda We Love Cycling - Spain<\/title>\n<meta name=\"description\" content=\"\u00bfC\u00f3mo de r\u00e1pido puede rodar el pelot\u00f3n femenino? En el Tour de UAE se bati\u00f3 el r\u00e9cord de velocidad en una etapa con m\u00e1s de 45 kil\u00f3metros hora.\" \/>\n<meta name=\"robots\" content=\"index, follow, max-snippet:-1, max-image-preview:large, max-video-preview:-1\" \/>\n<link rel=\"canonical\" href=\"https:\/\/www.welovecycling.com\/es\/2025\/03\/17\/peloton-femenino\/\" \/>\n<meta property=\"og:locale\" content=\"es_ES\" \/>\n<meta property=\"og:type\" content=\"article\" \/>\n<meta property=\"og:title\" content=\"\u00bfC\u00f3mo de r\u00e1pido puede rodar el pelot\u00f3n femenino?\" \/>\n<meta property=\"og:description\" content=\"\u00bfC\u00f3mo de r\u00e1pido puede rodar el pelot\u00f3n femenino? En el Tour de UAE se bati\u00f3 el r\u00e9cord de velocidad en una etapa con m\u00e1s de 45 kil\u00f3metros hora.\" \/>\n<meta property=\"og:url\" content=\"https:\/\/www.welovecycling.com\/es\/2025\/03\/17\/peloton-femenino\/\" \/>\n<meta property=\"og:site_name\" content=\"\u0160koda We Love Cycling - Spain\" \/>\n<meta property=\"article:published_time\" content=\"2025-03-17T21:42:16+00:00\" \/>\n<meta property=\"og:image\" content=\"https:\/\/d2p6e6u75xmxt8.cloudfront.net\/6\/2025\/03\/Women39s-Peloton-Tour-de-Romandie-profimedia-0905837187-CVR.webp\" \/>\n\t<meta property=\"og:image:width\" content=\"990\" \/>\n\t<meta property=\"og:image:height\" content=\"660\" \/>\n\t<meta property=\"og:image:type\" content=\"image\/webp\" \/>\n<meta name=\"author\" content=\"We Love Cycling Spain\" \/>\n<meta name=\"twitter:card\" content=\"summary_large_image\" \/>\n<meta name=\"twitter:description\" content=\"\u00bfC\u00f3mo de r\u00e1pido puede rodar el pelot\u00f3n femenino? En el Tour de UAE se bati\u00f3 el r\u00e9cord de velocidad en una etapa con m\u00e1s de 45 kil\u00f3metros hora.\" \/>\n<meta name=\"twitter:label1\" content=\"Written by\" \/>\n\t<meta name=\"twitter:data1\" content=\"Megan Flottorp\" \/>\n\t<meta name=\"twitter:label2\" content=\"Est. reading time\" \/>\n\t<meta name=\"twitter:data2\" content=\"3\" \/>\n<script type=\"application\/ld+json\" class=\"yoast-schema-graph\">{\"@context\":\"https:\/\/schema.org\",\"@graph\":[{\"@type\":\"WebPage\",\"@id\":\"https:\/\/www.welovecycling.com\/es\/2025\/03\/17\/peloton-femenino\/\",\"url\":\"https:\/\/www.welovecycling.com\/es\/2025\/03\/17\/peloton-femenino\/\",\"name\":\"\u00bfC\u00f3mo de r\u00e1pido puede rodar el pelot\u00f3n femenino? - \u0160koda We Love Cycling - Spain\",\"isPartOf\":{\"@id\":\"https:\/\/www.welovecycling.com\/es\/#website\"},\"primaryImageOfPage\":{\"@id\":\"https:\/\/www.welovecycling.com\/es\/2025\/03\/17\/peloton-femenino\/#primaryimage\"},\"image\":{\"@id\":\"https:\/\/www.welovecycling.com\/es\/2025\/03\/17\/peloton-femenino\/#primaryimage\"},\"thumbnailUrl\":\"https:\/\/d2p6e6u75xmxt8.cloudfront.net\/6\/2025\/03\/Women39s-Peloton-Tour-de-Romandie-profimedia-0905837187-CVR.webp\",\"datePublished\":\"2025-03-17T21:42:16+00:00\",\"author\":{\"@id\":\"https:\/\/www.welovecycling.com\/es\/#\/schema\/person\/deb61715b5812698ee79fb96f343ccd4\"},\"description\":\"\u00bfC\u00f3mo de r\u00e1pido puede rodar el pelot\u00f3n femenino? En el Tour de UAE se bati\u00f3 el r\u00e9cord de velocidad en una etapa con m\u00e1s de 45 kil\u00f3metros hora.\",\"breadcrumb\":{\"@id\":\"https:\/\/www.welovecycling.com\/es\/2025\/03\/17\/peloton-femenino\/#breadcrumb\"},\"inLanguage\":\"es-ES\",\"potentialAction\":[{\"@type\":\"ReadAction\",\"target\":[\"https:\/\/www.welovecycling.com\/es\/2025\/03\/17\/peloton-femenino\/\"]}]},{\"@type\":\"ImageObject\",\"inLanguage\":\"es-ES\",\"@id\":\"https:\/\/www.welovecycling.com\/es\/2025\/03\/17\/peloton-femenino\/#primaryimage\",\"url\":\"https:\/\/d2p6e6u75xmxt8.cloudfront.net\/6\/2025\/03\/Women39s-Peloton-Tour-de-Romandie-profimedia-0905837187-CVR.webp\",\"contentUrl\":\"https:\/\/d2p6e6u75xmxt8.cloudfront.net\/6\/2025\/03\/Women39s-Peloton-Tour-de-Romandie-profimedia-0905837187-CVR.webp\",\"width\":990,\"height\":660,\"caption\":\"Women's Peloton\"},{\"@type\":\"BreadcrumbList\",\"@id\":\"https:\/\/www.welovecycling.com\/es\/2025\/03\/17\/peloton-femenino\/#breadcrumb\",\"itemListElement\":[{\"@type\":\"ListItem\",\"position\":1,\"name\":\"Home\",\"item\":\"https:\/\/www.welovecycling.com\/es\/\"},{\"@type\":\"ListItem\",\"position\":2,\"name\":\"\u00bfC\u00f3mo de r\u00e1pido puede rodar el pelot\u00f3n femenino?\"}]},{\"@type\":\"WebSite\",\"@id\":\"https:\/\/www.welovecycling.com\/es\/#website\",\"url\":\"https:\/\/www.welovecycling.com\/es\/\",\"name\":\"\u0160koda We Love Cycling - Spain\",\"description\":\"\u0160koda WeLoveCycling Spain\",\"potentialAction\":[{\"@type\":\"SearchAction\",\"target\":{\"@type\":\"EntryPoint\",\"urlTemplate\":\"https:\/\/www.welovecycling.com\/es\/?s={search_term_string}\"},\"query-input\":{\"@type\":\"PropertyValueSpecification\",\"valueRequired\":true,\"valueName\":\"search_term_string\"}}],\"inLanguage\":\"es-ES\"},{\"@type\":\"Person\",\"@id\":\"https:\/\/www.welovecycling.com\/es\/#\/schema\/person\/deb61715b5812698ee79fb96f343ccd4\",\"name\":\"We Love Cycling Spain\",\"image\":{\"@type\":\"ImageObject\",\"inLanguage\":\"es-ES\",\"@id\":\"https:\/\/www.welovecycling.com\/es\/#\/schema\/person\/image\/\",\"url\":\"https:\/\/secure.gravatar.com\/avatar\/c824b04e6df0e37a03219d0b6481672889df542894588964102459e46513159c?s=96&d=mm&r=g\",\"contentUrl\":\"https:\/\/secure.gravatar.com\/avatar\/c824b04e6df0e37a03219d0b6481672889df542894588964102459e46513159c?s=96&d=mm&r=g\",\"caption\":\"We Love Cycling Spain\"},\"url\":\"https:\/\/www.welovecycling.com\/es\/author\/amunoz\/\"}]}<\/script>\n<!-- \/ Yoast SEO Premium plugin. -->","yoast_head_json":{"title":"\u00bfC\u00f3mo de r\u00e1pido puede rodar el pelot\u00f3n femenino? - \u0160koda We Love Cycling - Spain","description":"\u00bfC\u00f3mo de r\u00e1pido puede rodar el pelot\u00f3n femenino? En el Tour de UAE se bati\u00f3 el r\u00e9cord de velocidad en una etapa con m\u00e1s de 45 kil\u00f3metros hora.","robots":{"index":"index","follow":"follow","max-snippet":"max-snippet:-1","max-image-preview":"max-image-preview:large","max-video-preview":"max-video-preview:-1"},"canonical":"https:\/\/www.welovecycling.com\/es\/2025\/03\/17\/peloton-femenino\/","og_locale":"es_ES","og_type":"article","og_title":"\u00bfC\u00f3mo de r\u00e1pido puede rodar el pelot\u00f3n femenino?","og_description":"\u00bfC\u00f3mo de r\u00e1pido puede rodar el pelot\u00f3n femenino? En el Tour de UAE se bati\u00f3 el r\u00e9cord de velocidad en una etapa con m\u00e1s de 45 kil\u00f3metros hora.","og_url":"https:\/\/www.welovecycling.com\/es\/2025\/03\/17\/peloton-femenino\/","og_site_name":"\u0160koda We Love Cycling - Spain","article_published_time":"2025-03-17T21:42:16+00:00","og_image":[{"width":990,"height":660,"url":"https:\/\/d2p6e6u75xmxt8.cloudfront.net\/6\/2025\/03\/Women39s-Peloton-Tour-de-Romandie-profimedia-0905837187-CVR.webp","type":"image\/webp"}],"author":"We Love Cycling Spain","twitter_card":"summary_large_image","twitter_description":"\u00bfC\u00f3mo de r\u00e1pido puede rodar el pelot\u00f3n femenino? En el Tour de UAE se bati\u00f3 el r\u00e9cord de velocidad en una etapa con m\u00e1s de 45 kil\u00f3metros hora.","twitter_misc":{"Written by":"Megan Flottorp","Est. reading time":"3"},"schema":{"@context":"https:\/\/schema.org","@graph":[{"@type":"WebPage","@id":"https:\/\/www.welovecycling.com\/es\/2025\/03\/17\/peloton-femenino\/","url":"https:\/\/www.welovecycling.com\/es\/2025\/03\/17\/peloton-femenino\/","name":"\u00bfC\u00f3mo de r\u00e1pido puede rodar el pelot\u00f3n femenino? - \u0160koda We Love Cycling - Spain","isPartOf":{"@id":"https:\/\/www.welovecycling.com\/es\/#website"},"primaryImageOfPage":{"@id":"https:\/\/www.welovecycling.com\/es\/2025\/03\/17\/peloton-femenino\/#primaryimage"},"image":{"@id":"https:\/\/www.welovecycling.com\/es\/2025\/03\/17\/peloton-femenino\/#primaryimage"},"thumbnailUrl":"https:\/\/d2p6e6u75xmxt8.cloudfront.net\/6\/2025\/03\/Women39s-Peloton-Tour-de-Romandie-profimedia-0905837187-CVR.webp","datePublished":"2025-03-17T21:42:16+00:00","author":{"@id":"https:\/\/www.welovecycling.com\/es\/#\/schema\/person\/deb61715b5812698ee79fb96f343ccd4"},"description":"\u00bfC\u00f3mo de r\u00e1pido puede rodar el pelot\u00f3n femenino? En el Tour de UAE se bati\u00f3 el r\u00e9cord de velocidad en una etapa con m\u00e1s de 45 kil\u00f3metros hora.","breadcrumb":{"@id":"https:\/\/www.welovecycling.com\/es\/2025\/03\/17\/peloton-femenino\/#breadcrumb"},"inLanguage":"es-ES","potentialAction":[{"@type":"ReadAction","target":["https:\/\/www.welovecycling.com\/es\/2025\/03\/17\/peloton-femenino\/"]}]},{"@type":"ImageObject","inLanguage":"es-ES","@id":"https:\/\/www.welovecycling.com\/es\/2025\/03\/17\/peloton-femenino\/#primaryimage","url":"https:\/\/d2p6e6u75xmxt8.cloudfront.net\/6\/2025\/03\/Women39s-Peloton-Tour-de-Romandie-profimedia-0905837187-CVR.webp","contentUrl":"https:\/\/d2p6e6u75xmxt8.cloudfront.net\/6\/2025\/03\/Women39s-Peloton-Tour-de-Romandie-profimedia-0905837187-CVR.webp","width":990,"height":660,"caption":"Women's Peloton"},{"@type":"BreadcrumbList","@id":"https:\/\/www.welovecycling.com\/es\/2025\/03\/17\/peloton-femenino\/#breadcrumb","itemListElement":[{"@type":"ListItem","position":1,"name":"Home","item":"https:\/\/www.welovecycling.com\/es\/"},{"@type":"ListItem","position":2,"name":"\u00bfC\u00f3mo de r\u00e1pido puede rodar el pelot\u00f3n femenino?"}]},{"@type":"WebSite","@id":"https:\/\/www.welovecycling.com\/es\/#website","url":"https:\/\/www.welovecycling.com\/es\/","name":"\u0160koda We Love Cycling - Spain","description":"\u0160koda WeLoveCycling Spain","potentialAction":[{"@type":"SearchAction","target":{"@type":"EntryPoint","urlTemplate":"https:\/\/www.welovecycling.com\/es\/?s={search_term_string}"},"query-input":{"@type":"PropertyValueSpecification","valueRequired":true,"valueName":"search_term_string"}}],"inLanguage":"es-ES"},{"@type":"Person","@id":"https:\/\/www.welovecycling.com\/es\/#\/schema\/person\/deb61715b5812698ee79fb96f343ccd4","name":"We Love Cycling Spain","image":{"@type":"ImageObject","inLanguage":"es-ES","@id":"https:\/\/www.welovecycling.com\/es\/#\/schema\/person\/image\/","url":"https:\/\/secure.gravatar.com\/avatar\/c824b04e6df0e37a03219d0b6481672889df542894588964102459e46513159c?s=96&d=mm&r=g","contentUrl":"https:\/\/secure.gravatar.com\/avatar\/c824b04e6df0e37a03219d0b6481672889df542894588964102459e46513159c?s=96&d=mm&r=g","caption":"We Love Cycling Spain"},"url":"https:\/\/www.welovecycling.com\/es\/author\/amunoz\/"}]}},"_links":{"self":[{"href":"https:\/\/www.welovecycling.com\/es\/wp-json\/wp\/v2\/posts\/11579","targetHints":{"allow":["GET"]}}],"collection":[{"href":"https:\/\/www.welovecycling.com\/es\/wp-json\/wp\/v2\/posts"}],"about":[{"href":"https:\/\/www.welovecycling.com\/es\/wp-json\/wp\/v2\/types\/post"}],"author":[{"embeddable":true,"href":"https:\/\/www.welovecycling.com\/es\/wp-json\/wp\/v2\/users\/29"}],"replies":[{"embeddable":true,"href":"https:\/\/www.welovecycling.com\/es\/wp-json\/wp\/v2\/comments?post=11579"}],"version-history":[{"count":1,"href":"https:\/\/www.welovecycling.com\/es\/wp-json\/wp\/v2\/posts\/11579\/revisions"}],"predecessor-version":[{"id":11585,"href":"https:\/\/www.welovecycling.com\/es\/wp-json\/wp\/v2\/posts\/11579\/revisions\/11585"}],"wp:featuredmedia":[{"embeddable":true,"href":"https:\/\/www.welovecycling.com\/es\/wp-json\/wp\/v2\/media\/11582"}],"wp:attachment":[{"href":"https:\/\/www.welovecycling.com\/es\/wp-json\/wp\/v2\/media?parent=11579"}],"wp:term":[{"taxonomy":"category","embeddable":true,"href":"https:\/\/www.welovecycling.com\/es\/wp-json\/wp\/v2\/categories?post=11579"},{"taxonomy":"post_tag","embeddable":true,"href":"https:\/\/www.welovecycling.com\/es\/wp-json\/wp\/v2\/tags?post=11579"},{"taxonomy":"global-categories","embeddable":true,"href":"https:\/\/www.welovecycling.com\/es\/wp-json\/wp\/v2\/global-categories?post=11579"}],"curies":[{"name":"wp","href":"https:\/\/api.w.org\/{rel}","templated":true}]}}