{"id":11573,"date":"2025-03-13T18:11:13","date_gmt":"2025-03-13T16:11:13","guid":{"rendered":"https:\/\/www.welovecycling.com\/es\/?p=11573"},"modified":"2025-03-13T18:11:13","modified_gmt":"2025-03-13T16:11:13","slug":"vuelta-femenina-2025","status":"publish","type":"post","link":"https:\/\/www.welovecycling.com\/es\/2025\/03\/13\/vuelta-femenina-2025\/","title":{"rendered":"La Vuelta Femenina 2025 sue\u00f1a con Cotobello"},"content":{"rendered":"<p><strong>Parece osado preverlo, porque en una semana de ciclismo femenino suceden muchas cosas, pero La Vuelta Femenina 2025 se present\u00f3 en Barcelona con las ciclistas so\u00f1ando con el puerto de <a href=\"https:\/\/www.39x28altimetrias.com\/cotobello.html#google_vignette\">Cotobello.<\/a> No es el m\u00e1s duro que han subido en las \u00faltimas ediciones, pero si el final de una ic\u00f3nica etapa de monta\u00f1a con m\u00e1s de 2.500 metros de desnivel y el enlazado de Colladiella y Colladona. Asturias en estado puro.<\/strong><\/p>\n<p><!--more--><\/p>\n<p>Pero eso suceder\u00e1 el s\u00e1bado 10 de mayo. Antes, en Barcelona, la Vuelta Femenina arrancar\u00e1 un domingo 4 de mayo con una contrarreloj por equipos que se antoja como el escenario perfecto para probar como funcionar\u00e1 la organizaci\u00f3n dentro un a\u00f1o y dos meses la <a href=\"https:\/\/www.letour.fr\/es\/la-carrera\/grands-departs\/grand-depart-2026\">Grand Depart del Tour de Francia 2026.<\/a> Son cosas que suele hacer ASO, la empresa encargada de la organizaci\u00f3n de ambas carreras. Probar cosas con otras carreras antes y luego ponerlas en pr\u00e1ctica en el Tour de Francia, su gran referente.<\/p>\n<p>La crono por equipos de Barcelona de la Vuelta Femenina, aunque solo tiene ocho kil\u00f3metros por la parte noble de la ciudad, de la Diagonal a Pedralbes, ser\u00e1 suficiente para abrir los primeros huecos en las favoritas.<\/p>\n<p>Sobre todo porque las dos siguientes jornadas parecen dispuestas para las velocistas tipo Kool y <a href=\"https:\/\/www.welovecycling.com\/es\/2024\/05\/01\/el-viento-rompe-la-vuelta-femenina-2024\/\">Wiebes<\/a>, aunque siempre pasan cosas. Recuerden los abanicos del <a href=\"https:\/\/www.welovecycling.com\/es\/2024\/05\/01\/el-viento-rompe-la-vuelta-femenina-2024\/\">d\u00eda La Roda<\/a>, por ejemplo. Y las dos son propicias para jugar a ciclistas si sopla viento de costado. La primera de Sant Boi de Llobregat a Molins de Rei, todav\u00eda en los alrededores de Barcelona, y luego al d\u00eda siguiente entre Barbastro y Huesca por las planicies del norte de Arag\u00f3n.<\/p>\n<h2><strong>Emboscadas<\/strong><\/h2>\n<p>El mi\u00e9rcoles 7 de mayo llega una etapa propicia para emboscadas y para que las favoritas que no est\u00e9n atentas puedan perder tiempo. Las monta\u00f1as aragonesas y un territorio agreste pueden hacer el resto. Entre Pedrola y Borja se sube primero el <strong>Moncayo<\/strong>, un segunda que puede hacer diferencias y despu\u00e9s el Puerto del Buste, con la cima a solo 11 kil\u00f3metros (todos en bajada) hasta la l\u00ednea de meta de Borja.<\/p>\n<p>Ser\u00e1 la antesala de la primera llegada en alto, las m\u00edticas Lagunas de Neila burgalesas. Ser\u00e1 una etapa larga, de 120 kil\u00f3metros, con terreno complicado desde la salida de Golmayo, con un puerto previo, el segunda Alto de Rozavientos y sobre todo un final dur\u00edsimo en las <strong>Lagunas de Neila<\/strong>, que siempre hacen diferencias, tanto en la Vuelta a Burgos masculina como femenina. Ser\u00e1 un d\u00eda en el que nadie se podr\u00e1 esconder y que dejar\u00e1 la clasificaci\u00f3n general bastante perfilada.<\/p>\n<p><img loading=\"lazy\" decoding=\"async\" class=\"alignnone size-extra-large\" src=\"https:\/\/img.aso.fr\/core_app\/img-cycling-lvf-png\/5\/5097\/0:0,1771:1319-960-0-70\/9b929\" width=\"960\" height=\"715\" \/><\/p>\n<p>Sobre todo porque la pen\u00faltima etapa en la planicie palentina entre Becerril de Campos y Baltan\u00e1s no deber\u00eda tener incidencia en la general, salvo que aparezca el viento y haya equipos dispuestos a recuperar el tiempo perdido en la monta\u00f1a.<\/p>\n<h2><strong>Cotobello<\/strong><\/h2>\n<p>Todo desembocar\u00e1 en una jornada final de alt\u00edsima monta\u00f1a <a href=\"https:\/\/www.lavueltafemenina.es\/es\/etapa-7\">de 150 kil\u00f3metros,<\/a> una distancia poco habitual en el ciclismo femenino. Se sale de La Robla para descender el puerto de Pajares y entrar en Asturias. Dos puertos complicados como Colladona y Colladiella, con subidas duras y descensos peligrosos (sobre todo si hay lluvia) y un final en Cotobello con sus 10 kil\u00f3metros a una media del 8%, suficiente para recuperar m\u00e1s de un minuto y dinamitar la clasificaci\u00f3n general.<\/p>\n<p><img loading=\"lazy\" decoding=\"async\" class=\"alignnone size-extra-large\" src=\"https:\/\/img.aso.fr\/core_app\/img-cycling-lvf-png\/7\/5101\/0:0,2194:1293-960-0-70\/6dfac\" width=\"960\" height=\"566\" \/><\/p>\n<p><strong>Etapas:<\/strong><\/p>\n<p>\u00b7\u00a0Domingo 4 de mayo, 1\u00aa etapa: Barcelona Barcelona (contrarreloj por equipos, 8 km)<\/p>\n<p>\u00b7\u00a0Lunes 5 de mayo, 2\u00aa etapa: Molins de Rei Sant Boi de Llobregat (99 km)<\/p>\n<p>\u00b7\u00a0Martes 6 de mayo, 3\u00aa etapa: Barbastro Huesca (132 km)<\/p>\n<p>\u00b7\u00a0Mi\u00e9rcoles 7 de mayo, 4\u00aa etapa: Pedrola Borja (111 km)<\/p>\n<p>\u00b7\u00a0Jueves 8 de mayo, 5\u00aa etapa:\u00a0Golmayo\u00a0Lagunas de Neila (120 km)<\/p>\n<p>\u00b7\u00a0Viernes 9 de mayo, 6\u00aa etapa: Becerril de Campos Baltan\u00e1s (126 km)<\/p>\n<p>\u00b7\u00a0S\u00e1bado 10 de mayo, 7\u00aa etapa: La Robla\u00a0Cotobello. Asturias (152 km)<\/p>\n","protected":false},"excerpt":{"rendered":"<p>Parece osado preverlo, porque en una semana de ciclismo femenino suceden muchas cosas, pero La Vuelta Femenina 2025 se present\u00f3 [&hellip;]<\/p>\n","protected":false},"author":29,"featured_media":10792,"comment_status":"open","ping_status":"open","sticky":false,"template":"","format":"standard","meta":{"footnotes":""},"categories":[7],"tags":[],"global-categories":[1164],"class_list":["post-11573","post","type-post","status-publish","format-standard","has-post-thumbnail","hentry","category-carretera","global-categories-cycling"],"yoast_head":"<!-- This site is optimized with the Yoast SEO Premium plugin v25.3 (Yoast SEO v25.9) - https:\/\/yoast.com\/wordpress\/plugins\/seo\/ -->\n<title>La Vuelta Femenina 2025 sue\u00f1a con Cotobello - \u0160koda We Love Cycling - Spain<\/title>\n<meta name=\"description\" content=\"La Vuelta Femenina 2025 sue\u00f1a con Cotobello. Asi es el recorrido de la Vuelta 2025. Desde Barcelona a Asturias del 4 al 10 de mayo.\" \/>\n<meta name=\"robots\" content=\"index, follow, max-snippet:-1, max-image-preview:large, max-video-preview:-1\" \/>\n<link rel=\"canonical\" href=\"https:\/\/www.welovecycling.com\/es\/2025\/03\/13\/vuelta-femenina-2025\/\" \/>\n<meta property=\"og:locale\" content=\"es_ES\" \/>\n<meta property=\"og:type\" content=\"article\" \/>\n<meta property=\"og:title\" content=\"La Vuelta Femenina 2025 sue\u00f1a con Cotobello\" \/>\n<meta property=\"og:description\" content=\"La Vuelta Femenina 2025 sue\u00f1a con Cotobello. Asi es el recorrido de la Vuelta 2025. Desde Barcelona a Asturias del 4 al 10 de mayo.\" \/>\n<meta property=\"og:url\" content=\"https:\/\/www.welovecycling.com\/es\/2025\/03\/13\/vuelta-femenina-2025\/\" \/>\n<meta property=\"og:site_name\" content=\"\u0160koda We Love Cycling - Spain\" \/>\n<meta property=\"article:published_time\" content=\"2025-03-13T16:11:13+00:00\" \/>\n<meta property=\"og:image\" content=\"https:\/\/d2p6e6u75xmxt8.cloudfront.net\/6\/2024\/05\/vollering-vuelta.webp\" \/>\n\t<meta property=\"og:image:width\" content=\"1000\" \/>\n\t<meta property=\"og:image:height\" content=\"667\" \/>\n\t<meta property=\"og:image:type\" content=\"image\/webp\" \/>\n<meta name=\"author\" content=\"We Love Cycling Spain\" \/>\n<meta name=\"twitter:card\" content=\"summary_large_image\" \/>\n<meta name=\"twitter:description\" content=\"La Vuelta Femenina 2025 sue\u00f1a con Cotobello. Asi es el recorrido de la Vuelta 2025. Desde Barcelona a Asturias del 4 al 10 de mayo.\" \/>\n<meta name=\"twitter:label1\" content=\"Written by\" \/>\n\t<meta name=\"twitter:data1\" content=\"Luis Ortega @Ciclored\" \/>\n\t<meta name=\"twitter:label2\" content=\"Est. reading time\" \/>\n\t<meta name=\"twitter:data2\" content=\"3 minutes\" \/>\n<script type=\"application\/ld+json\" class=\"yoast-schema-graph\">{\"@context\":\"https:\/\/schema.org\",\"@graph\":[{\"@type\":\"WebPage\",\"@id\":\"https:\/\/www.welovecycling.com\/es\/2025\/03\/13\/vuelta-femenina-2025\/\",\"url\":\"https:\/\/www.welovecycling.com\/es\/2025\/03\/13\/vuelta-femenina-2025\/\",\"name\":\"La Vuelta Femenina 2025 sue\u00f1a con Cotobello - \u0160koda We Love Cycling - Spain\",\"isPartOf\":{\"@id\":\"https:\/\/www.welovecycling.com\/es\/#website\"},\"primaryImageOfPage\":{\"@id\":\"https:\/\/www.welovecycling.com\/es\/2025\/03\/13\/vuelta-femenina-2025\/#primaryimage\"},\"image\":{\"@id\":\"https:\/\/www.welovecycling.com\/es\/2025\/03\/13\/vuelta-femenina-2025\/#primaryimage\"},\"thumbnailUrl\":\"https:\/\/d2p6e6u75xmxt8.cloudfront.net\/6\/2024\/05\/vollering-vuelta.webp\",\"datePublished\":\"2025-03-13T16:11:13+00:00\",\"author\":{\"@id\":\"https:\/\/www.welovecycling.com\/es\/#\/schema\/person\/deb61715b5812698ee79fb96f343ccd4\"},\"description\":\"La Vuelta Femenina 2025 sue\u00f1a con Cotobello. Asi es el recorrido de la Vuelta 2025. Desde Barcelona a Asturias del 4 al 10 de mayo.\",\"breadcrumb\":{\"@id\":\"https:\/\/www.welovecycling.com\/es\/2025\/03\/13\/vuelta-femenina-2025\/#breadcrumb\"},\"inLanguage\":\"es-ES\",\"potentialAction\":[{\"@type\":\"ReadAction\",\"target\":[\"https:\/\/www.welovecycling.com\/es\/2025\/03\/13\/vuelta-femenina-2025\/\"]}]},{\"@type\":\"ImageObject\",\"inLanguage\":\"es-ES\",\"@id\":\"https:\/\/www.welovecycling.com\/es\/2025\/03\/13\/vuelta-femenina-2025\/#primaryimage\",\"url\":\"https:\/\/d2p6e6u75xmxt8.cloudfront.net\/6\/2024\/05\/vollering-vuelta.webp\",\"contentUrl\":\"https:\/\/d2p6e6u75xmxt8.cloudfront.net\/6\/2024\/05\/vollering-vuelta.webp\",\"width\":1000,\"height\":667},{\"@type\":\"BreadcrumbList\",\"@id\":\"https:\/\/www.welovecycling.com\/es\/2025\/03\/13\/vuelta-femenina-2025\/#breadcrumb\",\"itemListElement\":[{\"@type\":\"ListItem\",\"position\":1,\"name\":\"Home\",\"item\":\"https:\/\/www.welovecycling.com\/es\/\"},{\"@type\":\"ListItem\",\"position\":2,\"name\":\"La Vuelta Femenina 2025 sue\u00f1a con Cotobello\"}]},{\"@type\":\"WebSite\",\"@id\":\"https:\/\/www.welovecycling.com\/es\/#website\",\"url\":\"https:\/\/www.welovecycling.com\/es\/\",\"name\":\"\u0160koda We Love Cycling - Spain\",\"description\":\"\u0160koda WeLoveCycling Spain\",\"potentialAction\":[{\"@type\":\"SearchAction\",\"target\":{\"@type\":\"EntryPoint\",\"urlTemplate\":\"https:\/\/www.welovecycling.com\/es\/?s={search_term_string}\"},\"query-input\":{\"@type\":\"PropertyValueSpecification\",\"valueRequired\":true,\"valueName\":\"search_term_string\"}}],\"inLanguage\":\"es-ES\"},{\"@type\":\"Person\",\"@id\":\"https:\/\/www.welovecycling.com\/es\/#\/schema\/person\/deb61715b5812698ee79fb96f343ccd4\",\"name\":\"We Love Cycling Spain\",\"image\":{\"@type\":\"ImageObject\",\"inLanguage\":\"es-ES\",\"@id\":\"https:\/\/www.welovecycling.com\/es\/#\/schema\/person\/image\/\",\"url\":\"https:\/\/secure.gravatar.com\/avatar\/c824b04e6df0e37a03219d0b6481672889df542894588964102459e46513159c?s=96&d=mm&r=g\",\"contentUrl\":\"https:\/\/secure.gravatar.com\/avatar\/c824b04e6df0e37a03219d0b6481672889df542894588964102459e46513159c?s=96&d=mm&r=g\",\"caption\":\"We Love Cycling Spain\"},\"url\":\"https:\/\/www.welovecycling.com\/es\/author\/amunoz\/\"}]}<\/script>\n<!-- \/ Yoast SEO Premium plugin. -->","yoast_head_json":{"title":"La Vuelta Femenina 2025 sue\u00f1a con Cotobello - \u0160koda We Love Cycling - Spain","description":"La Vuelta Femenina 2025 sue\u00f1a con Cotobello. Asi es el recorrido de la Vuelta 2025. Desde Barcelona a Asturias del 4 al 10 de mayo.","robots":{"index":"index","follow":"follow","max-snippet":"max-snippet:-1","max-image-preview":"max-image-preview:large","max-video-preview":"max-video-preview:-1"},"canonical":"https:\/\/www.welovecycling.com\/es\/2025\/03\/13\/vuelta-femenina-2025\/","og_locale":"es_ES","og_type":"article","og_title":"La Vuelta Femenina 2025 sue\u00f1a con Cotobello","og_description":"La Vuelta Femenina 2025 sue\u00f1a con Cotobello. Asi es el recorrido de la Vuelta 2025. Desde Barcelona a Asturias del 4 al 10 de mayo.","og_url":"https:\/\/www.welovecycling.com\/es\/2025\/03\/13\/vuelta-femenina-2025\/","og_site_name":"\u0160koda We Love Cycling - Spain","article_published_time":"2025-03-13T16:11:13+00:00","og_image":[{"width":1000,"height":667,"url":"https:\/\/d2p6e6u75xmxt8.cloudfront.net\/6\/2024\/05\/vollering-vuelta.webp","type":"image\/webp"}],"author":"We Love Cycling Spain","twitter_card":"summary_large_image","twitter_description":"La Vuelta Femenina 2025 sue\u00f1a con Cotobello. Asi es el recorrido de la Vuelta 2025. Desde Barcelona a Asturias del 4 al 10 de mayo.","twitter_misc":{"Written by":"Luis Ortega @Ciclored","Est. reading time":"3 minutes"},"schema":{"@context":"https:\/\/schema.org","@graph":[{"@type":"WebPage","@id":"https:\/\/www.welovecycling.com\/es\/2025\/03\/13\/vuelta-femenina-2025\/","url":"https:\/\/www.welovecycling.com\/es\/2025\/03\/13\/vuelta-femenina-2025\/","name":"La Vuelta Femenina 2025 sue\u00f1a con Cotobello - \u0160koda We Love Cycling - Spain","isPartOf":{"@id":"https:\/\/www.welovecycling.com\/es\/#website"},"primaryImageOfPage":{"@id":"https:\/\/www.welovecycling.com\/es\/2025\/03\/13\/vuelta-femenina-2025\/#primaryimage"},"image":{"@id":"https:\/\/www.welovecycling.com\/es\/2025\/03\/13\/vuelta-femenina-2025\/#primaryimage"},"thumbnailUrl":"https:\/\/d2p6e6u75xmxt8.cloudfront.net\/6\/2024\/05\/vollering-vuelta.webp","datePublished":"2025-03-13T16:11:13+00:00","author":{"@id":"https:\/\/www.welovecycling.com\/es\/#\/schema\/person\/deb61715b5812698ee79fb96f343ccd4"},"description":"La Vuelta Femenina 2025 sue\u00f1a con Cotobello. Asi es el recorrido de la Vuelta 2025. Desde Barcelona a Asturias del 4 al 10 de mayo.","breadcrumb":{"@id":"https:\/\/www.welovecycling.com\/es\/2025\/03\/13\/vuelta-femenina-2025\/#breadcrumb"},"inLanguage":"es-ES","potentialAction":[{"@type":"ReadAction","target":["https:\/\/www.welovecycling.com\/es\/2025\/03\/13\/vuelta-femenina-2025\/"]}]},{"@type":"ImageObject","inLanguage":"es-ES","@id":"https:\/\/www.welovecycling.com\/es\/2025\/03\/13\/vuelta-femenina-2025\/#primaryimage","url":"https:\/\/d2p6e6u75xmxt8.cloudfront.net\/6\/2024\/05\/vollering-vuelta.webp","contentUrl":"https:\/\/d2p6e6u75xmxt8.cloudfront.net\/6\/2024\/05\/vollering-vuelta.webp","width":1000,"height":667},{"@type":"BreadcrumbList","@id":"https:\/\/www.welovecycling.com\/es\/2025\/03\/13\/vuelta-femenina-2025\/#breadcrumb","itemListElement":[{"@type":"ListItem","position":1,"name":"Home","item":"https:\/\/www.welovecycling.com\/es\/"},{"@type":"ListItem","position":2,"name":"La Vuelta Femenina 2025 sue\u00f1a con Cotobello"}]},{"@type":"WebSite","@id":"https:\/\/www.welovecycling.com\/es\/#website","url":"https:\/\/www.welovecycling.com\/es\/","name":"\u0160koda We Love Cycling - Spain","description":"\u0160koda WeLoveCycling Spain","potentialAction":[{"@type":"SearchAction","target":{"@type":"EntryPoint","urlTemplate":"https:\/\/www.welovecycling.com\/es\/?s={search_term_string}"},"query-input":{"@type":"PropertyValueSpecification","valueRequired":true,"valueName":"search_term_string"}}],"inLanguage":"es-ES"},{"@type":"Person","@id":"https:\/\/www.welovecycling.com\/es\/#\/schema\/person\/deb61715b5812698ee79fb96f343ccd4","name":"We Love Cycling Spain","image":{"@type":"ImageObject","inLanguage":"es-ES","@id":"https:\/\/www.welovecycling.com\/es\/#\/schema\/person\/image\/","url":"https:\/\/secure.gravatar.com\/avatar\/c824b04e6df0e37a03219d0b6481672889df542894588964102459e46513159c?s=96&d=mm&r=g","contentUrl":"https:\/\/secure.gravatar.com\/avatar\/c824b04e6df0e37a03219d0b6481672889df542894588964102459e46513159c?s=96&d=mm&r=g","caption":"We Love Cycling Spain"},"url":"https:\/\/www.welovecycling.com\/es\/author\/amunoz\/"}]}},"_links":{"self":[{"href":"https:\/\/www.welovecycling.com\/es\/wp-json\/wp\/v2\/posts\/11573","targetHints":{"allow":["GET"]}}],"collection":[{"href":"https:\/\/www.welovecycling.com\/es\/wp-json\/wp\/v2\/posts"}],"about":[{"href":"https:\/\/www.welovecycling.com\/es\/wp-json\/wp\/v2\/types\/post"}],"author":[{"embeddable":true,"href":"https:\/\/www.welovecycling.com\/es\/wp-json\/wp\/v2\/users\/29"}],"replies":[{"embeddable":true,"href":"https:\/\/www.welovecycling.com\/es\/wp-json\/wp\/v2\/comments?post=11573"}],"version-history":[{"count":2,"href":"https:\/\/www.welovecycling.com\/es\/wp-json\/wp\/v2\/posts\/11573\/revisions"}],"predecessor-version":[{"id":11575,"href":"https:\/\/www.welovecycling.com\/es\/wp-json\/wp\/v2\/posts\/11573\/revisions\/11575"}],"wp:featuredmedia":[{"embeddable":true,"href":"https:\/\/www.welovecycling.com\/es\/wp-json\/wp\/v2\/media\/10792"}],"wp:attachment":[{"href":"https:\/\/www.welovecycling.com\/es\/wp-json\/wp\/v2\/media?parent=11573"}],"wp:term":[{"taxonomy":"category","embeddable":true,"href":"https:\/\/www.welovecycling.com\/es\/wp-json\/wp\/v2\/categories?post=11573"},{"taxonomy":"post_tag","embeddable":true,"href":"https:\/\/www.welovecycling.com\/es\/wp-json\/wp\/v2\/tags?post=11573"},{"taxonomy":"global-categories","embeddable":true,"href":"https:\/\/www.welovecycling.com\/es\/wp-json\/wp\/v2\/global-categories?post=11573"}],"curies":[{"name":"wp","href":"https:\/\/api.w.org\/{rel}","templated":true}]}}