{"id":11551,"date":"2025-03-02T09:57:13","date_gmt":"2025-03-02T07:57:13","guid":{"rendered":"https:\/\/www.welovecycling.com\/es\/?p=11551"},"modified":"2025-03-01T19:38:45","modified_gmt":"2025-03-01T17:38:45","slug":"andalucia-bike-race-2025","status":"publish","type":"post","link":"https:\/\/www.welovecycling.com\/es\/2025\/03\/02\/andalucia-bike-race-2025\/","title":{"rendered":"Una Andaluc\u00eda Bike Race 2025 para la historia"},"content":{"rendered":"<p><strong>Seis etapas, paisajes de postal por Granada, Ja\u00e9n y Cordoba y un pelot\u00f3n de 650 bikers dando espect\u00e1culo. La Andaluc\u00eda Bike Race 2025 se ha confirmado como una de las pruebas por etapas de MTB m\u00e1s importantes del mundo, con Fabian Rabensteiner \u2013 Casey South venciendo en la categor\u00eda masculina y Tessa Kortekaas \u2013 M\u00f3nica Calder\u00f3n haciendo un pleno absoluto entre las chicas.<\/strong><\/p>\n<p><!--more--><\/p>\n<p>La carrera lleg\u00f3 con emoci\u00f3n a la que suele ser la etapa clave, la \u0160koda Super Stage del pen\u00faltimo d\u00eda. Esta vez en C\u00f3rdoba, con mucha monta\u00f1a, <a href=\"https:\/\/www.andaluciabikerace.com\/es\/recorrido\">1700 metros de desnivel en solo 78 kil\u00f3metros,<\/a> y la amenaza de mucha lluvia. Es cierto que <strong>Fabian Rabensteiner \u2013 Casey South<\/strong> ten\u00edan cierto margen en la categor\u00eda masculina y mucha m\u00e1s <strong>Tessa Kortekaas \u2013 M\u00f3nica Calder\u00f3n <\/strong>en la femenina. Pero cuando llega el fr\u00edo y la lluvia cambian el escenario y puede pasar cualquier cosa. Y m\u00e1s si es entre monta\u00f1as y senderos complicados.<\/p>\n<p>La previsi\u00f3n era tan mala que la etapa fue recortada en 10 kil\u00f3metros y 300 metros de desnivel, aunque al final hubo tregua. Los biker no se libraron de la lluvia, pero cay\u00f3 mucho menos de los que se esperaba. Por el camino, el <a href=\"https:\/\/www.welovecycling.com\/es\/2022\/03\/01\/andalucia-bike-race-2022\/\">Cerro Muriano<\/a>, Santa Mar\u00eda de Trasierra y via el canal del Guadalmellato, transitando por la sierra y su multitud de senderos, para terminar en Los Morales, zona muy habitual en etapas cordobesas y el Parque de la Asomadilla donde estaba la meta.<\/p>\n<blockquote class=\"instagram-media\" style=\"background: #FFF; border: 0; border-radius: 3px; box-shadow: 0 0 1px 0 rgba(0,0,0,0.5),0 1px 10px 0 rgba(0,0,0,0.15); margin: 1px; max-width: 540px; min-width: 326px; padding: 0; width: calc(100% - 2px);\" data-instgrm-captioned=\"\" data-instgrm-permalink=\"https:\/\/www.instagram.com\/reel\/DGoHSzVsNKa\/?utm_source=ig_embed&amp;utm_campaign=loading\" data-instgrm-version=\"14\">\n<div style=\"padding: 16px;\">\n<p>&nbsp;<\/p>\n<div style=\"display: flex; flex-direction: row; align-items: center;\">\n<div style=\"background-color: #f4f4f4; border-radius: 50%; flex-grow: 0; height: 40px; margin-right: 14px; width: 40px;\"><\/div>\n<div style=\"display: flex; flex-direction: column; flex-grow: 1; justify-content: center;\">\n<div style=\"background-color: #f4f4f4; border-radius: 4px; flex-grow: 0; height: 14px; margin-bottom: 6px; width: 100px;\"><\/div>\n<div style=\"background-color: #f4f4f4; border-radius: 4px; flex-grow: 0; height: 14px; width: 60px;\"><\/div>\n<\/div>\n<\/div>\n<div style=\"padding: 19% 0;\"><\/div>\n<div style=\"display: block; height: 50px; margin: 0 auto 12px; width: 50px;\"><\/div>\n<div style=\"padding-top: 8px;\">\n<div style=\"color: #3897f0; font-family: Arial,sans-serif; font-size: 14px; font-style: normal; font-weight: 550; line-height: 18px;\">Ver esta publicaci\u00f3n en Instagram<\/div>\n<\/div>\n<div style=\"padding: 12.5% 0;\"><\/div>\n<div style=\"display: flex; flex-direction: row; margin-bottom: 14px; align-items: center;\">\n<div>\n<div style=\"background-color: #f4f4f4; border-radius: 50%; height: 12.5px; width: 12.5px; transform: translateX(0px) translateY(7px);\"><\/div>\n<div style=\"background-color: #f4f4f4; height: 12.5px; transform: rotate(-45deg) translateX(3px) translateY(1px); width: 12.5px; flex-grow: 0; margin-right: 14px; margin-left: 2px;\"><\/div>\n<div style=\"background-color: #f4f4f4; border-radius: 50%; height: 12.5px; width: 12.5px; transform: translateX(9px) translateY(-18px);\"><\/div>\n<\/div>\n<div style=\"margin-left: 8px;\">\n<div style=\"background-color: #f4f4f4; border-radius: 50%; flex-grow: 0; height: 20px; width: 20px;\"><\/div>\n<div style=\"width: 0; height: 0; border-top: 2px solid transparent; border-left: 6px solid #f4f4f4; border-bottom: 2px solid transparent; transform: translateX(16px) translateY(-4px) rotate(30deg);\"><\/div>\n<\/div>\n<div style=\"margin-left: auto;\">\n<div style=\"width: 0px; border-top: 8px solid #F4F4F4; border-right: 8px solid transparent; transform: translateY(16px);\"><\/div>\n<div style=\"background-color: #f4f4f4; flex-grow: 0; height: 12px; width: 16px; transform: translateY(-4px);\"><\/div>\n<div style=\"width: 0; height: 0; border-top: 8px solid #F4F4F4; border-left: 8px solid transparent; transform: translateY(-4px) translateX(8px);\"><\/div>\n<\/div>\n<\/div>\n<div style=\"display: flex; flex-direction: column; flex-grow: 1; justify-content: center; margin-bottom: 24px;\">\n<div style=\"background-color: #f4f4f4; border-radius: 4px; flex-grow: 0; height: 14px; margin-bottom: 6px; width: 224px;\"><\/div>\n<div style=\"background-color: #f4f4f4; border-radius: 4px; flex-grow: 0; height: 14px; width: 144px;\"><\/div>\n<\/div>\n<p>&nbsp;<\/p>\n<p style=\"color: #c9c8cd; font-family: Arial,sans-serif; font-size: 14px; line-height: 17px; margin-bottom: 0; margin-top: 8px; overflow: hidden; padding: 8px 0 7px; text-align: center; text-overflow: ellipsis; white-space: nowrap;\"><a style=\"color: #c9c8cd; font-family: Arial,sans-serif; font-size: 14px; font-style: normal; font-weight: normal; line-height: 17px; text-decoration: none;\" href=\"https:\/\/www.instagram.com\/reel\/DGoHSzVsNKa\/?utm_source=ig_embed&amp;utm_campaign=loading\" target=\"_blank\" rel=\"noopener\">Una publicaci\u00f3n compartida de Andaluc\u00eda Bike Race by Garmin (@andaluciabikerace)<\/a><\/p>\n<\/div>\n<\/blockquote>\n<p><script async src=\"\/\/www.instagram.com\/embed.js\"><\/script><\/p>\n<p>La \u0160koda Super Stage dej\u00f3 en categor\u00eda masculina una victoria fue local para Miguel Mu\u00f1oz y Luis Francisco P\u00e9rez del Klimatiza Orbea Team, que aprovecharon su conocimiento del terreno. Los atletas locales estrenan el casillero particular del equipo tal en una prueba UCI.\u00a0 A pocos segundos, David Valero y Tiago Ferreira del BH Coloma Team, que se reafirman como pareja a pelear por el top 3. En tercer lugar, Fabian Rabensteiner y Casey South del Torpado Kenda FSA Factory, que sellan su victoria antes de la crono del \u00faltimo d\u00eda.<\/p>\n<p>En categor\u00eda femenina, M\u00f3nica Calderon y Tessa Kortekaas del ISB Cannondale volvieron a superar con un amplio margen a sus rivales. \u201cUna etapa muy dura porque todo era subida y bajada, \u00edbamos intercalando liderato y con un buen ritmo hasta el final.\u201d, han comentado en meta. En segunda posici\u00f3n, llegaron Meritxell Figueras y Claudia Peretti del Cannondale Protour Olympia. Antonia Daubermann y Daniela H\u00f6fler, acabaron a 10 minutos de las segundas clasificadas para completar el podio de la Skoda Super Stage.<\/p>\n<p>Y el <a href=\"https:\/\/www.andaluciabikerace.com\/media\/uploads\/2025\/03\/E6categorias.pdf\">\u00faltimo d\u00eda pocos cambios<\/a>. La victoria en la etapa de Miguel Mu\u00f1oz y Luis Francisco P\u00e9rez les permiti\u00f3 entrar en el tercer caj\u00f3n del podio, pero lejos de los vencedores Fabian Rabensteiner y Casey South. Entre las chicas M\u00f3nica Calder\u00f3n y Tessa Kortekaas siguieron a lo suyo sumando el sexto triunfo consecutivo.<\/p>\n<h2><strong>\u0160koda Team<\/strong><\/h2>\n<p>El equipo <strong>Skoda We Love Cycling tuvo a Misha Sekulova y a David Salmer\u00f3n<\/strong>, Ellos se encargaron de &#8216;sufrir&#8217; y pedalear todas las etapas y de contar desde dentro como ha sido esta edici\u00f3n de 2025.<\/p>\n<blockquote class=\"instagram-media\" style=\"background: #FFF; border: 0; border-radius: 3px; box-shadow: 0 0 1px 0 rgba(0,0,0,0.5),0 1px 10px 0 rgba(0,0,0,0.15); margin: 1px; max-width: 540px; min-width: 326px; padding: 0; width: calc(100% - 2px);\" data-instgrm-captioned=\"\" data-instgrm-permalink=\"https:\/\/www.instagram.com\/reel\/DGjJptlATfu\/?utm_source=ig_embed&amp;utm_campaign=loading\" data-instgrm-version=\"14\">\n<div style=\"padding: 16px;\">\n<p>&nbsp;<\/p>\n<div style=\"display: flex; flex-direction: row; align-items: center;\">\n<div style=\"background-color: #f4f4f4; border-radius: 50%; flex-grow: 0; height: 40px; margin-right: 14px; width: 40px;\"><\/div>\n<div style=\"display: flex; flex-direction: column; flex-grow: 1; justify-content: center;\">\n<div style=\"background-color: #f4f4f4; border-radius: 4px; flex-grow: 0; height: 14px; margin-bottom: 6px; width: 100px;\"><\/div>\n<div style=\"background-color: #f4f4f4; border-radius: 4px; flex-grow: 0; height: 14px; width: 60px;\"><\/div>\n<\/div>\n<\/div>\n<div style=\"padding: 19% 0;\"><\/div>\n<div style=\"display: block; height: 50px; margin: 0 auto 12px; width: 50px;\"><\/div>\n<div style=\"padding-top: 8px;\">\n<div style=\"color: #3897f0; font-family: Arial,sans-serif; font-size: 14px; font-style: normal; font-weight: 550; line-height: 18px;\">Ver esta publicaci\u00f3n en Instagram<\/div>\n<\/div>\n<div style=\"padding: 12.5% 0;\"><\/div>\n<div style=\"display: flex; flex-direction: row; margin-bottom: 14px; align-items: center;\">\n<div>\n<div style=\"background-color: #f4f4f4; border-radius: 50%; height: 12.5px; width: 12.5px; transform: translateX(0px) translateY(7px);\"><\/div>\n<div style=\"background-color: #f4f4f4; height: 12.5px; transform: rotate(-45deg) translateX(3px) translateY(1px); width: 12.5px; flex-grow: 0; margin-right: 14px; margin-left: 2px;\"><\/div>\n<div style=\"background-color: #f4f4f4; border-radius: 50%; height: 12.5px; width: 12.5px; transform: translateX(9px) translateY(-18px);\"><\/div>\n<\/div>\n<div style=\"margin-left: 8px;\">\n<div style=\"background-color: #f4f4f4; border-radius: 50%; flex-grow: 0; height: 20px; width: 20px;\"><\/div>\n<div style=\"width: 0; height: 0; border-top: 2px solid transparent; border-left: 6px solid #f4f4f4; border-bottom: 2px solid transparent; transform: translateX(16px) translateY(-4px) rotate(30deg);\"><\/div>\n<\/div>\n<div style=\"margin-left: auto;\">\n<div style=\"width: 0px; border-top: 8px solid #F4F4F4; border-right: 8px solid transparent; transform: translateY(16px);\"><\/div>\n<div style=\"background-color: #f4f4f4; flex-grow: 0; height: 12px; width: 16px; transform: translateY(-4px);\"><\/div>\n<div style=\"width: 0; height: 0; border-top: 8px solid #F4F4F4; border-left: 8px solid transparent; transform: translateY(-4px) translateX(8px);\"><\/div>\n<\/div>\n<\/div>\n<div style=\"display: flex; flex-direction: column; flex-grow: 1; justify-content: center; margin-bottom: 24px;\">\n<div style=\"background-color: #f4f4f4; border-radius: 4px; flex-grow: 0; height: 14px; margin-bottom: 6px; width: 224px;\"><\/div>\n<div style=\"background-color: #f4f4f4; border-radius: 4px; flex-grow: 0; height: 14px; width: 144px;\"><\/div>\n<\/div>\n<p>&nbsp;<\/p>\n<p style=\"color: #c9c8cd; font-family: Arial,sans-serif; font-size: 14px; line-height: 17px; margin-bottom: 0; margin-top: 8px; overflow: hidden; padding: 8px 0 7px; text-align: center; text-overflow: ellipsis; white-space: nowrap;\"><a style=\"color: #c9c8cd; font-family: Arial,sans-serif; font-size: 14px; font-style: normal; font-weight: normal; line-height: 17px; text-decoration: none;\" href=\"https:\/\/www.instagram.com\/reel\/DGjJptlATfu\/?utm_source=ig_embed&amp;utm_campaign=loading\" target=\"_blank\" rel=\"noopener\">Una publicaci\u00f3n compartida de Misha \ud83e\uddb7\ud83c\udfcb\ufe0f\u200d\u2640\ufe0f\ud83d\udeb5\u200d\u2640\ufe0f\ud83c\udf4b (@misha_sekulova)<\/a><\/p>\n<\/div>\n<\/blockquote>\n<p><script async src=\"\/\/www.instagram.com\/embed.js\"><\/script><br \/>\nPara los 305 kil\u00f3metros de recorrido y 8.630 metros de desnivel positivo por los senderos de las seis etapas de la Andaluc\u00eda Bike Race la organizaci\u00f3n cont\u00f3 \u00a0total de 11 veh\u00edculos \u0160koda, entre los modelos Superb Combi, Octavia Combi y Kodiaq, que ofrecieron apoyo garantizando el correcto desarrollo de cada etapa y demostrando, una vez m\u00e1s, el compromiso de la marca con el ciclismo.<\/p>\n<p>&nbsp;<\/p>\n","protected":false},"excerpt":{"rendered":"<p>Seis etapas, paisajes de postal por Granada, Ja\u00e9n y Cordoba y un pelot\u00f3n de 650 bikers dando espect\u00e1culo. La Andaluc\u00eda [&hellip;]<\/p>\n","protected":false},"author":29,"featured_media":11552,"comment_status":"open","ping_status":"open","sticky":false,"template":"","format":"standard","meta":{"footnotes":""},"categories":[9],"tags":[],"global-categories":[],"class_list":["post-11551","post","type-post","status-publish","format-standard","has-post-thumbnail","hentry","category-mtb-aventura"],"yoast_head":"<!-- This site is optimized with the Yoast SEO Premium plugin v25.3 (Yoast SEO v25.9) - https:\/\/yoast.com\/wordpress\/plugins\/seo\/ -->\n<title>Una Andaluc\u00eda Bike Race 2025 para la historia - \u0160koda We Love Cycling - Spain<\/title>\n<meta name=\"description\" content=\"Una Andaluc\u00eda Bike Race 2025 para la historia. Seis etapas, paisajes de postal por Granada, Ja\u00e9n y Cordoba y un pelot\u00f3n de 650 bikers dando espect\u00e1culo.\" \/>\n<meta name=\"robots\" content=\"index, follow, max-snippet:-1, max-image-preview:large, max-video-preview:-1\" \/>\n<link rel=\"canonical\" href=\"https:\/\/www.welovecycling.com\/es\/2025\/03\/02\/andalucia-bike-race-2025\/\" \/>\n<meta property=\"og:locale\" content=\"es_ES\" \/>\n<meta property=\"og:type\" content=\"article\" \/>\n<meta property=\"og:title\" content=\"Una Andaluc\u00eda Bike Race 2025 para la historia\" \/>\n<meta property=\"og:description\" content=\"Una Andaluc\u00eda Bike Race 2025 para la historia. Seis etapas, paisajes de postal por Granada, Ja\u00e9n y Cordoba y un pelot\u00f3n de 650 bikers dando espect\u00e1culo.\" \/>\n<meta property=\"og:url\" content=\"https:\/\/www.welovecycling.com\/es\/2025\/03\/02\/andalucia-bike-race-2025\/\" \/>\n<meta property=\"og:site_name\" content=\"\u0160koda We Love Cycling - Spain\" \/>\n<meta property=\"article:published_time\" content=\"2025-03-02T07:57:13+00:00\" \/>\n<meta property=\"og:image\" content=\"https:\/\/d2p6e6u75xmxt8.cloudfront.net\/6\/2025\/03\/ABR25.webp\" \/>\n\t<meta property=\"og:image:width\" content=\"676\" \/>\n\t<meta property=\"og:image:height\" content=\"592\" \/>\n\t<meta property=\"og:image:type\" content=\"image\/webp\" \/>\n<meta name=\"author\" content=\"We Love Cycling Spain\" \/>\n<meta name=\"twitter:card\" content=\"summary_large_image\" \/>\n<meta name=\"twitter:description\" content=\"Una Andaluc\u00eda Bike Race 2025 para la historia. Seis etapas, paisajes de postal por Granada, Ja\u00e9n y Cordoba y un pelot\u00f3n de 650 bikers dando espect\u00e1culo.\" \/>\n<meta name=\"twitter:label1\" content=\"Written by\" \/>\n\t<meta name=\"twitter:data1\" content=\"Luis Ortega @ciclored\" \/>\n\t<meta name=\"twitter:label2\" content=\"Est. reading time\" \/>\n\t<meta name=\"twitter:data2\" content=\"3 minutes\" \/>\n<script type=\"application\/ld+json\" class=\"yoast-schema-graph\">{\"@context\":\"https:\/\/schema.org\",\"@graph\":[{\"@type\":\"WebPage\",\"@id\":\"https:\/\/www.welovecycling.com\/es\/2025\/03\/02\/andalucia-bike-race-2025\/\",\"url\":\"https:\/\/www.welovecycling.com\/es\/2025\/03\/02\/andalucia-bike-race-2025\/\",\"name\":\"Una Andaluc\u00eda Bike Race 2025 para la historia - \u0160koda We Love Cycling - Spain\",\"isPartOf\":{\"@id\":\"https:\/\/www.welovecycling.com\/es\/#website\"},\"primaryImageOfPage\":{\"@id\":\"https:\/\/www.welovecycling.com\/es\/2025\/03\/02\/andalucia-bike-race-2025\/#primaryimage\"},\"image\":{\"@id\":\"https:\/\/www.welovecycling.com\/es\/2025\/03\/02\/andalucia-bike-race-2025\/#primaryimage\"},\"thumbnailUrl\":\"https:\/\/d2p6e6u75xmxt8.cloudfront.net\/6\/2025\/03\/ABR25.webp\",\"datePublished\":\"2025-03-02T07:57:13+00:00\",\"author\":{\"@id\":\"https:\/\/www.welovecycling.com\/es\/#\/schema\/person\/deb61715b5812698ee79fb96f343ccd4\"},\"description\":\"Una Andaluc\u00eda Bike Race 2025 para la historia. Seis etapas, paisajes de postal por Granada, Ja\u00e9n y Cordoba y un pelot\u00f3n de 650 bikers dando espect\u00e1culo.\",\"breadcrumb\":{\"@id\":\"https:\/\/www.welovecycling.com\/es\/2025\/03\/02\/andalucia-bike-race-2025\/#breadcrumb\"},\"inLanguage\":\"es-ES\",\"potentialAction\":[{\"@type\":\"ReadAction\",\"target\":[\"https:\/\/www.welovecycling.com\/es\/2025\/03\/02\/andalucia-bike-race-2025\/\"]}]},{\"@type\":\"ImageObject\",\"inLanguage\":\"es-ES\",\"@id\":\"https:\/\/www.welovecycling.com\/es\/2025\/03\/02\/andalucia-bike-race-2025\/#primaryimage\",\"url\":\"https:\/\/d2p6e6u75xmxt8.cloudfront.net\/6\/2025\/03\/ABR25.webp\",\"contentUrl\":\"https:\/\/d2p6e6u75xmxt8.cloudfront.net\/6\/2025\/03\/ABR25.webp\",\"width\":676,\"height\":592},{\"@type\":\"BreadcrumbList\",\"@id\":\"https:\/\/www.welovecycling.com\/es\/2025\/03\/02\/andalucia-bike-race-2025\/#breadcrumb\",\"itemListElement\":[{\"@type\":\"ListItem\",\"position\":1,\"name\":\"Home\",\"item\":\"https:\/\/www.welovecycling.com\/es\/\"},{\"@type\":\"ListItem\",\"position\":2,\"name\":\"Una Andaluc\u00eda Bike Race 2025 para la historia\"}]},{\"@type\":\"WebSite\",\"@id\":\"https:\/\/www.welovecycling.com\/es\/#website\",\"url\":\"https:\/\/www.welovecycling.com\/es\/\",\"name\":\"\u0160koda We Love Cycling - Spain\",\"description\":\"\u0160koda WeLoveCycling Spain\",\"potentialAction\":[{\"@type\":\"SearchAction\",\"target\":{\"@type\":\"EntryPoint\",\"urlTemplate\":\"https:\/\/www.welovecycling.com\/es\/?s={search_term_string}\"},\"query-input\":{\"@type\":\"PropertyValueSpecification\",\"valueRequired\":true,\"valueName\":\"search_term_string\"}}],\"inLanguage\":\"es-ES\"},{\"@type\":\"Person\",\"@id\":\"https:\/\/www.welovecycling.com\/es\/#\/schema\/person\/deb61715b5812698ee79fb96f343ccd4\",\"name\":\"We Love Cycling Spain\",\"image\":{\"@type\":\"ImageObject\",\"inLanguage\":\"es-ES\",\"@id\":\"https:\/\/www.welovecycling.com\/es\/#\/schema\/person\/image\/\",\"url\":\"https:\/\/secure.gravatar.com\/avatar\/c824b04e6df0e37a03219d0b6481672889df542894588964102459e46513159c?s=96&d=mm&r=g\",\"contentUrl\":\"https:\/\/secure.gravatar.com\/avatar\/c824b04e6df0e37a03219d0b6481672889df542894588964102459e46513159c?s=96&d=mm&r=g\",\"caption\":\"We Love Cycling Spain\"},\"url\":\"https:\/\/www.welovecycling.com\/es\/author\/amunoz\/\"}]}<\/script>\n<!-- \/ Yoast SEO Premium plugin. -->","yoast_head_json":{"title":"Una Andaluc\u00eda Bike Race 2025 para la historia - \u0160koda We Love Cycling - Spain","description":"Una Andaluc\u00eda Bike Race 2025 para la historia. Seis etapas, paisajes de postal por Granada, Ja\u00e9n y Cordoba y un pelot\u00f3n de 650 bikers dando espect\u00e1culo.","robots":{"index":"index","follow":"follow","max-snippet":"max-snippet:-1","max-image-preview":"max-image-preview:large","max-video-preview":"max-video-preview:-1"},"canonical":"https:\/\/www.welovecycling.com\/es\/2025\/03\/02\/andalucia-bike-race-2025\/","og_locale":"es_ES","og_type":"article","og_title":"Una Andaluc\u00eda Bike Race 2025 para la historia","og_description":"Una Andaluc\u00eda Bike Race 2025 para la historia. Seis etapas, paisajes de postal por Granada, Ja\u00e9n y Cordoba y un pelot\u00f3n de 650 bikers dando espect\u00e1culo.","og_url":"https:\/\/www.welovecycling.com\/es\/2025\/03\/02\/andalucia-bike-race-2025\/","og_site_name":"\u0160koda We Love Cycling - Spain","article_published_time":"2025-03-02T07:57:13+00:00","og_image":[{"width":676,"height":592,"url":"https:\/\/d2p6e6u75xmxt8.cloudfront.net\/6\/2025\/03\/ABR25.webp","type":"image\/webp"}],"author":"We Love Cycling Spain","twitter_card":"summary_large_image","twitter_description":"Una Andaluc\u00eda Bike Race 2025 para la historia. Seis etapas, paisajes de postal por Granada, Ja\u00e9n y Cordoba y un pelot\u00f3n de 650 bikers dando espect\u00e1culo.","twitter_misc":{"Written by":"Luis Ortega @ciclored","Est. reading time":"3 minutes"},"schema":{"@context":"https:\/\/schema.org","@graph":[{"@type":"WebPage","@id":"https:\/\/www.welovecycling.com\/es\/2025\/03\/02\/andalucia-bike-race-2025\/","url":"https:\/\/www.welovecycling.com\/es\/2025\/03\/02\/andalucia-bike-race-2025\/","name":"Una Andaluc\u00eda Bike Race 2025 para la historia - \u0160koda We Love Cycling - Spain","isPartOf":{"@id":"https:\/\/www.welovecycling.com\/es\/#website"},"primaryImageOfPage":{"@id":"https:\/\/www.welovecycling.com\/es\/2025\/03\/02\/andalucia-bike-race-2025\/#primaryimage"},"image":{"@id":"https:\/\/www.welovecycling.com\/es\/2025\/03\/02\/andalucia-bike-race-2025\/#primaryimage"},"thumbnailUrl":"https:\/\/d2p6e6u75xmxt8.cloudfront.net\/6\/2025\/03\/ABR25.webp","datePublished":"2025-03-02T07:57:13+00:00","author":{"@id":"https:\/\/www.welovecycling.com\/es\/#\/schema\/person\/deb61715b5812698ee79fb96f343ccd4"},"description":"Una Andaluc\u00eda Bike Race 2025 para la historia. Seis etapas, paisajes de postal por Granada, Ja\u00e9n y Cordoba y un pelot\u00f3n de 650 bikers dando espect\u00e1culo.","breadcrumb":{"@id":"https:\/\/www.welovecycling.com\/es\/2025\/03\/02\/andalucia-bike-race-2025\/#breadcrumb"},"inLanguage":"es-ES","potentialAction":[{"@type":"ReadAction","target":["https:\/\/www.welovecycling.com\/es\/2025\/03\/02\/andalucia-bike-race-2025\/"]}]},{"@type":"ImageObject","inLanguage":"es-ES","@id":"https:\/\/www.welovecycling.com\/es\/2025\/03\/02\/andalucia-bike-race-2025\/#primaryimage","url":"https:\/\/d2p6e6u75xmxt8.cloudfront.net\/6\/2025\/03\/ABR25.webp","contentUrl":"https:\/\/d2p6e6u75xmxt8.cloudfront.net\/6\/2025\/03\/ABR25.webp","width":676,"height":592},{"@type":"BreadcrumbList","@id":"https:\/\/www.welovecycling.com\/es\/2025\/03\/02\/andalucia-bike-race-2025\/#breadcrumb","itemListElement":[{"@type":"ListItem","position":1,"name":"Home","item":"https:\/\/www.welovecycling.com\/es\/"},{"@type":"ListItem","position":2,"name":"Una Andaluc\u00eda Bike Race 2025 para la historia"}]},{"@type":"WebSite","@id":"https:\/\/www.welovecycling.com\/es\/#website","url":"https:\/\/www.welovecycling.com\/es\/","name":"\u0160koda We Love Cycling - Spain","description":"\u0160koda WeLoveCycling Spain","potentialAction":[{"@type":"SearchAction","target":{"@type":"EntryPoint","urlTemplate":"https:\/\/www.welovecycling.com\/es\/?s={search_term_string}"},"query-input":{"@type":"PropertyValueSpecification","valueRequired":true,"valueName":"search_term_string"}}],"inLanguage":"es-ES"},{"@type":"Person","@id":"https:\/\/www.welovecycling.com\/es\/#\/schema\/person\/deb61715b5812698ee79fb96f343ccd4","name":"We Love Cycling Spain","image":{"@type":"ImageObject","inLanguage":"es-ES","@id":"https:\/\/www.welovecycling.com\/es\/#\/schema\/person\/image\/","url":"https:\/\/secure.gravatar.com\/avatar\/c824b04e6df0e37a03219d0b6481672889df542894588964102459e46513159c?s=96&d=mm&r=g","contentUrl":"https:\/\/secure.gravatar.com\/avatar\/c824b04e6df0e37a03219d0b6481672889df542894588964102459e46513159c?s=96&d=mm&r=g","caption":"We Love Cycling Spain"},"url":"https:\/\/www.welovecycling.com\/es\/author\/amunoz\/"}]}},"_links":{"self":[{"href":"https:\/\/www.welovecycling.com\/es\/wp-json\/wp\/v2\/posts\/11551","targetHints":{"allow":["GET"]}}],"collection":[{"href":"https:\/\/www.welovecycling.com\/es\/wp-json\/wp\/v2\/posts"}],"about":[{"href":"https:\/\/www.welovecycling.com\/es\/wp-json\/wp\/v2\/types\/post"}],"author":[{"embeddable":true,"href":"https:\/\/www.welovecycling.com\/es\/wp-json\/wp\/v2\/users\/29"}],"replies":[{"embeddable":true,"href":"https:\/\/www.welovecycling.com\/es\/wp-json\/wp\/v2\/comments?post=11551"}],"version-history":[{"count":1,"href":"https:\/\/www.welovecycling.com\/es\/wp-json\/wp\/v2\/posts\/11551\/revisions"}],"predecessor-version":[{"id":11553,"href":"https:\/\/www.welovecycling.com\/es\/wp-json\/wp\/v2\/posts\/11551\/revisions\/11553"}],"wp:featuredmedia":[{"embeddable":true,"href":"https:\/\/www.welovecycling.com\/es\/wp-json\/wp\/v2\/media\/11552"}],"wp:attachment":[{"href":"https:\/\/www.welovecycling.com\/es\/wp-json\/wp\/v2\/media?parent=11551"}],"wp:term":[{"taxonomy":"category","embeddable":true,"href":"https:\/\/www.welovecycling.com\/es\/wp-json\/wp\/v2\/categories?post=11551"},{"taxonomy":"post_tag","embeddable":true,"href":"https:\/\/www.welovecycling.com\/es\/wp-json\/wp\/v2\/tags?post=11551"},{"taxonomy":"global-categories","embeddable":true,"href":"https:\/\/www.welovecycling.com\/es\/wp-json\/wp\/v2\/global-categories?post=11551"}],"curies":[{"name":"wp","href":"https:\/\/api.w.org\/{rel}","templated":true}]}}