{"id":11547,"date":"2025-03-01T18:19:44","date_gmt":"2025-03-01T16:19:44","guid":{"rendered":"https:\/\/www.welovecycling.com\/es\/?p=11547"},"modified":"2025-03-01T18:19:44","modified_gmt":"2025-03-01T16:19:44","slug":"soren-waerenskjold-se-salta-el-escalafon-en-la-omloop","status":"publish","type":"post","link":"https:\/\/www.welovecycling.com\/es\/2025\/03\/01\/soren-waerenskjold-se-salta-el-escalafon-en-la-omloop\/","title":{"rendered":"Soren Waerenskjold se salta el escalaf\u00f3n en la Omloop"},"content":{"rendered":"<p><strong>Esta vez sirvi\u00f3 esconderse y dar el \u00faltimo relevo. El pelot\u00f3n de la Omloop volvi\u00f3 a ser un acorde\u00f3n, que se alarg\u00f3 y se encogi\u00f3 para romperse varias veces, pero en el que nadie impidi\u00f3 un sprint masivo. En Ninove, donde todos esperaban a Philippsen y Van Aert, apareci\u00f3 el noruego del Uno X Waerenskjold, vestido totalmente de invierno, para saltarse todo el escalaf\u00f3n y sumar su primer triunfo de adoquines en un sprint descontrolado.<\/strong><\/p>\n<p><!--more--><\/p>\n<p>El ciclismo, a veces, es una prueba t\u00e1ctica en la que no siempre gana el m\u00e1s fuerte. En los dos \u00faltimos muros de adoquines, <strong><a href=\"https:\/\/www.welovecycling.com\/es\/2019\/05\/20\/muros-de-adoquines-flandes\/\">Kapelmuur<\/a> y Bosberg<\/strong>, el que marc\u00f3 el ritmo e intent\u00f3 romper el grupo de los favoritos fue el checo Vakec, del Lidl Trek. Solo lo consigui\u00f3 en parte. Arranc\u00f3 en la zona m\u00e1s dura del muro de la capilla, justo despu\u00e9s de las cocheras. Estir\u00f3 el pelot\u00f3n porque hasta all\u00ed hab\u00edan llegado m\u00e1s de 60 corredores. Lo dej\u00f3 en cinco, pero no hubo entendimiento. All\u00ed estaban <a href=\"https:\/\/www.welovecycling.com\/es\/2025\/02\/28\/wout-van-aert-adoquines\/\">Van Aert<\/a> y Philippsen, los dos grandes favoritos. Por detr\u00e1s entro media docena de ciclistas m\u00e1s.<\/p>\n<p>Un grupo de 12 ciclistas en cabeza con el <a href=\"https:\/\/www.welovecycling.com\/es\/2024\/02\/25\/el-elemento-wout-de-categoria-en-los-adoquines\/\">Bosberg<\/a> como \u00fanico muro por delante y un pelot\u00f3n de 30 organizado tirando por detr\u00e1s a diez segundos. Ante esa escena de carrera, para resolverla, o eres muy bueno, como Van Aert en 2022, que resolvi\u00f3 el solo en los diez kil\u00f3metros siguientes planos y te aprovechas de la t\u00e1ctica de equipo, como le sucedi\u00f3 a Tratnik en 2024, escudado por la fortaleza del Visma.<\/p>\n<blockquote class=\"instagram-media\" style=\"background: #FFF; border: 0; border-radius: 3px; box-shadow: 0 0 1px 0 rgba(0,0,0,0.5),0 1px 10px 0 rgba(0,0,0,0.15); margin: 1px; max-width: 540px; min-width: 326px; padding: 0; width: calc(100% - 2px);\" data-instgrm-captioned=\"\" data-instgrm-permalink=\"https:\/\/www.instagram.com\/reel\/DGqFm6IoCNh\/?utm_source=ig_embed&amp;utm_campaign=loading\" data-instgrm-version=\"14\">\n<div style=\"padding: 16px;\">\n<p>&nbsp;<\/p>\n<div style=\"display: flex; flex-direction: row; align-items: center;\">\n<div style=\"background-color: #f4f4f4; border-radius: 50%; flex-grow: 0; height: 40px; margin-right: 14px; width: 40px;\"><\/div>\n<div style=\"display: flex; flex-direction: column; flex-grow: 1; justify-content: center;\">\n<div style=\"background-color: #f4f4f4; border-radius: 4px; flex-grow: 0; height: 14px; margin-bottom: 6px; width: 100px;\"><\/div>\n<div style=\"background-color: #f4f4f4; border-radius: 4px; flex-grow: 0; height: 14px; width: 60px;\"><\/div>\n<\/div>\n<\/div>\n<div style=\"padding: 19% 0;\"><\/div>\n<div style=\"display: block; height: 50px; margin: 0 auto 12px; width: 50px;\"><\/div>\n<div style=\"padding-top: 8px;\">\n<div style=\"color: #3897f0; font-family: Arial,sans-serif; font-size: 14px; font-style: normal; font-weight: 550; line-height: 18px;\">Ver esta publicaci\u00f3n en Instagram<\/div>\n<\/div>\n<div style=\"padding: 12.5% 0;\"><\/div>\n<div style=\"display: flex; flex-direction: row; margin-bottom: 14px; align-items: center;\">\n<div>\n<div style=\"background-color: #f4f4f4; border-radius: 50%; height: 12.5px; width: 12.5px; transform: translateX(0px) translateY(7px);\"><\/div>\n<div style=\"background-color: #f4f4f4; height: 12.5px; transform: rotate(-45deg) translateX(3px) translateY(1px); width: 12.5px; flex-grow: 0; margin-right: 14px; margin-left: 2px;\"><\/div>\n<div style=\"background-color: #f4f4f4; border-radius: 50%; height: 12.5px; width: 12.5px; transform: translateX(9px) translateY(-18px);\"><\/div>\n<\/div>\n<div style=\"margin-left: 8px;\">\n<div style=\"background-color: #f4f4f4; border-radius: 50%; flex-grow: 0; height: 20px; width: 20px;\"><\/div>\n<div style=\"width: 0; height: 0; border-top: 2px solid transparent; border-left: 6px solid #f4f4f4; border-bottom: 2px solid transparent; transform: translateX(16px) translateY(-4px) rotate(30deg);\"><\/div>\n<\/div>\n<div style=\"margin-left: auto;\">\n<div style=\"width: 0px; border-top: 8px solid #F4F4F4; border-right: 8px solid transparent; transform: translateY(16px);\"><\/div>\n<div style=\"background-color: #f4f4f4; flex-grow: 0; height: 12px; width: 16px; transform: translateY(-4px);\"><\/div>\n<div style=\"width: 0; height: 0; border-top: 8px solid #F4F4F4; border-left: 8px solid transparent; transform: translateY(-4px) translateX(8px);\"><\/div>\n<\/div>\n<\/div>\n<div style=\"display: flex; flex-direction: column; flex-grow: 1; justify-content: center; margin-bottom: 24px;\">\n<div style=\"background-color: #f4f4f4; border-radius: 4px; flex-grow: 0; height: 14px; margin-bottom: 6px; width: 224px;\"><\/div>\n<div style=\"background-color: #f4f4f4; border-radius: 4px; flex-grow: 0; height: 14px; width: 144px;\"><\/div>\n<\/div>\n<p>&nbsp;<\/p>\n<p style=\"color: #c9c8cd; font-family: Arial,sans-serif; font-size: 14px; line-height: 17px; margin-bottom: 0; margin-top: 8px; overflow: hidden; padding: 8px 0 7px; text-align: center; text-overflow: ellipsis; white-space: nowrap;\"><a style=\"color: #c9c8cd; font-family: Arial,sans-serif; font-size: 14px; font-style: normal; font-weight: normal; line-height: 17px; text-decoration: none;\" href=\"https:\/\/www.instagram.com\/reel\/DGqFm6IoCNh\/?utm_source=ig_embed&amp;utm_campaign=loading\" target=\"_blank\" rel=\"noopener\">Una publicaci\u00f3n compartida de Omloop Nieuwsblad (@omloophetnieuwsbladofficial)<\/a><\/p>\n<\/div>\n<\/blockquote>\n<p><script async src=\"\/\/www.instagram.com\/embed.js\"><\/script><\/p>\n<p>En este 2025 Van Aert no estaba tan fuerte. Es m\u00e1s, se cort\u00f3 despu\u00e9s de <strong>Molenberg<\/strong> y tuvo que echar mano de <strong>Jorgenson y Benoot<\/strong> para cerrar el hueco con los Alpecin, que tiraban como locos por delante cuando vieron que el belga se hab\u00eda quedado fuera de juego. Incluso se dej\u00f3 ir cuando vio que era muy complicado atrapar. Le salv\u00f3 que por delante se par\u00f3 y que hab\u00eda m\u00e1s equipos interesados en llegar al grupo de cabeza.<\/p>\n<p>Philippsen, el otro gran favorito, hab\u00eda puesto a su equipo a trabajar desde Molenberg. No para saltar, sino para reducir el grupo al m\u00ednimo posible. Su \u00fanico objetivo era cargarse a posibles rivales en un sprint en el que, en teor\u00eda, nadie le podr\u00eda hacer sombra. Por eso el belga tampoco se movi\u00f3 en Bosberg.<\/p>\n<p>El \u00fanico que lo intent\u00f3 fue Vacek. Apret\u00f3 en la larga y ancha recta cuesta arriba del Bosberg. Le sigui\u00f3 el noruego del Uno X Abrahamsen y Van Aert. Pero all\u00ed no se solt\u00f3 nadie. Sufrieron muchos, si. Pero ni un hueco. Es m\u00e1s incluso recortaron unos segunditos m\u00e1s el grupo perseguidor.<\/p>\n<p>En los 10 \u00faltimos kil\u00f3metros lo intent\u00f3 Stefan Kung, el gigante suizo. Alcanz\u00f3 10 segundos de ventaja. Contrarreloj pura. Infructuosa. Igual que el intento de Yves Lampaert, del Soudal, un cl\u00e1sico de los adoquines. Imposible. Por detr\u00e1s ya se hab\u00edan organizado dos equipos, Visma y Alpecin, para llegar al <a href=\"https:\/\/www.procyclingstats.com\/race\/omloop-het-nieuwsblad\/2025\/result\">sprint masivo con medio centenar de ciclistas<\/a>.<\/p>\n<blockquote class=\"twitter-tweet\">\n<p dir=\"ltr\" lang=\"da\">The last kilometer of the Men Elite race. \ud83c\udfc1<br \/>\nMassive sprint by W\u00e6renskjold! \ud83d\udc4f\ud83d\udc4f<a href=\"https:\/\/twitter.com\/hashtag\/OHN25?src=hash&amp;ref_src=twsrc%5Etfw\">#OHN25<\/a> <a href=\"https:\/\/twitter.com\/hashtag\/FLCS?src=hash&amp;ref_src=twsrc%5Etfw\">#FLCS<\/a> <a href=\"https:\/\/t.co\/9MjFDgHbjh\">pic.twitter.com\/9MjFDgHbjh<\/a><\/p>\n<p>\u2014 Omloop Nieuwsblad (@OmloopHNB) <a href=\"https:\/\/twitter.com\/OmloopHNB\/status\/1895856480936739025?ref_src=twsrc%5Etfw\">March 1, 2025<\/a><\/p><\/blockquote>\n<p><script async src=\"https:\/\/platform.twitter.com\/widgets.js\" charset=\"utf-8\"><\/script><\/p>\n<p>Lo que sucedi\u00f3 en la recta de meta fue consecuencia de todo lo anterior. Desaparecieron todos los Visma y los Alpecin. Van Aert, demasiado atr\u00e1s, nunca pudo remontar y acab\u00f3 und\u00e9cimo. Philipsen, sin lanzador, se tuvo que buscar la vida \u00e9l solo. Y por ah\u00ed surgieron dos gigantes, <strong>Waerenskjold (Uno X) y Magnier (Soudal)<\/strong>, que no hab\u00edan aparecido en toda la carrera, para copar un podio imprevisto si miramos el prestigio acumulado en los \u00faltimos a\u00f1os, pero que, si nos centramos en 2025, no sorprende tanto. Los dos se repartieron victorias en la Estrella de Besseges y el franc\u00e9s adem\u00e1s hab\u00eda sido segundo en el sprint de Figueira en Portugal.<\/p>\n<p><strong>Waerenskjold<\/strong> estrena al Uno X como equipo ganador en los adoquines en la primera prueba prestigiosa del a\u00f1o, el Soudal encuentra en <a href=\"https:\/\/www.procyclingstats.com\/rider\/paul-magnier\/2025\">Magnier<\/a> a un nuevo baluarte en las pruebas favoritas para el equipo belga y Visma, Ineos y UAE, que metieron a varios corredores en el grupo final, ya saben que necesitan un poco m\u00e1s para romper el pelot\u00f3n en este tipo de cl\u00e1sicas.<\/p>\n<blockquote class=\"instagram-media\" style=\"background: #FFF; border: 0; border-radius: 3px; box-shadow: 0 0 1px 0 rgba(0,0,0,0.5),0 1px 10px 0 rgba(0,0,0,0.15); margin: 1px; max-width: 540px; min-width: 326px; padding: 0; width: calc(100% - 2px);\" data-instgrm-captioned=\"\" data-instgrm-permalink=\"https:\/\/www.instagram.com\/p\/DGqVKbMsDdx\/?utm_source=ig_embed&amp;utm_campaign=loading\" data-instgrm-version=\"14\">\n<div style=\"padding: 16px;\">\n<p>&nbsp;<\/p>\n<div style=\"display: flex; flex-direction: row; align-items: center;\">\n<div style=\"background-color: #f4f4f4; border-radius: 50%; flex-grow: 0; height: 40px; margin-right: 14px; width: 40px;\"><\/div>\n<div style=\"display: flex; flex-direction: column; flex-grow: 1; justify-content: center;\">\n<div style=\"background-color: #f4f4f4; border-radius: 4px; flex-grow: 0; height: 14px; margin-bottom: 6px; width: 100px;\"><\/div>\n<div style=\"background-color: #f4f4f4; border-radius: 4px; flex-grow: 0; height: 14px; width: 60px;\"><\/div>\n<\/div>\n<\/div>\n<div style=\"padding: 19% 0;\"><\/div>\n<div style=\"display: block; height: 50px; margin: 0 auto 12px; width: 50px;\"><\/div>\n<div style=\"padding-top: 8px;\">\n<div style=\"color: #3897f0; font-family: Arial,sans-serif; font-size: 14px; font-style: normal; font-weight: 550; line-height: 18px;\">Ver esta publicaci\u00f3n en Instagram<\/div>\n<\/div>\n<div style=\"padding: 12.5% 0;\"><\/div>\n<div style=\"display: flex; flex-direction: row; margin-bottom: 14px; align-items: center;\">\n<div>\n<div style=\"background-color: #f4f4f4; border-radius: 50%; height: 12.5px; width: 12.5px; transform: translateX(0px) translateY(7px);\"><\/div>\n<div style=\"background-color: #f4f4f4; height: 12.5px; transform: rotate(-45deg) translateX(3px) translateY(1px); width: 12.5px; flex-grow: 0; margin-right: 14px; margin-left: 2px;\"><\/div>\n<div style=\"background-color: #f4f4f4; border-radius: 50%; height: 12.5px; width: 12.5px; transform: translateX(9px) translateY(-18px);\"><\/div>\n<\/div>\n<div style=\"margin-left: 8px;\">\n<div style=\"background-color: #f4f4f4; border-radius: 50%; flex-grow: 0; height: 20px; width: 20px;\"><\/div>\n<div style=\"width: 0; height: 0; border-top: 2px solid transparent; border-left: 6px solid #f4f4f4; border-bottom: 2px solid transparent; transform: translateX(16px) translateY(-4px) rotate(30deg);\"><\/div>\n<\/div>\n<div style=\"margin-left: auto;\">\n<div style=\"width: 0px; border-top: 8px solid #F4F4F4; border-right: 8px solid transparent; transform: translateY(16px);\"><\/div>\n<div style=\"background-color: #f4f4f4; flex-grow: 0; height: 12px; width: 16px; transform: translateY(-4px);\"><\/div>\n<div style=\"width: 0; height: 0; border-top: 8px solid #F4F4F4; border-left: 8px solid transparent; transform: translateY(-4px) translateX(8px);\"><\/div>\n<\/div>\n<\/div>\n<div style=\"display: flex; flex-direction: column; flex-grow: 1; justify-content: center; margin-bottom: 24px;\">\n<div style=\"background-color: #f4f4f4; border-radius: 4px; flex-grow: 0; height: 14px; margin-bottom: 6px; width: 224px;\"><\/div>\n<div style=\"background-color: #f4f4f4; border-radius: 4px; flex-grow: 0; height: 14px; width: 144px;\"><\/div>\n<\/div>\n<p>&nbsp;<\/p>\n<p style=\"color: #c9c8cd; font-family: Arial,sans-serif; font-size: 14px; line-height: 17px; margin-bottom: 0; margin-top: 8px; overflow: hidden; padding: 8px 0 7px; text-align: center; text-overflow: ellipsis; white-space: nowrap;\"><a style=\"color: #c9c8cd; font-family: Arial,sans-serif; font-size: 14px; font-style: normal; font-weight: normal; line-height: 17px; text-decoration: none;\" href=\"https:\/\/www.instagram.com\/p\/DGqVKbMsDdx\/?utm_source=ig_embed&amp;utm_campaign=loading\" target=\"_blank\" rel=\"noopener\">Una publicaci\u00f3n compartida de Omloop Nieuwsblad (@omloophetnieuwsbladofficial)<\/a><\/p>\n<\/div>\n<\/blockquote>\n<p><script async src=\"\/\/www.instagram.com\/embed.js\"><\/script><\/p>\n","protected":false},"excerpt":{"rendered":"<p>Esta vez sirvi\u00f3 esconderse y dar el \u00faltimo relevo. El pelot\u00f3n de la Omloop volvi\u00f3 a ser un acorde\u00f3n, que [&hellip;]<\/p>\n","protected":false},"author":29,"featured_media":11549,"comment_status":"open","ping_status":"open","sticky":false,"template":"","format":"standard","meta":{"footnotes":""},"categories":[7],"tags":[2340],"global-categories":[1164],"class_list":["post-11547","post","type-post","status-publish","format-standard","has-post-thumbnail","hentry","category-carretera","tag-omloop","global-categories-cycling"],"yoast_head":"<!-- This site is optimized with the Yoast SEO Premium plugin v25.3 (Yoast SEO v25.9) - https:\/\/yoast.com\/wordpress\/plugins\/seo\/ -->\n<title>Soren Waerenskjold se salta el escalaf\u00f3n en la Omloop - \u0160koda We Love Cycling - Spain<\/title>\n<meta name=\"description\" content=\"Soren Waerenskjold se salta el escalaf\u00f3n en la Omloop. El noruego sorprendi\u00f3 a los favoritos en la primera prueba de adoquines.\" \/>\n<meta name=\"robots\" content=\"index, follow, max-snippet:-1, max-image-preview:large, max-video-preview:-1\" \/>\n<link rel=\"canonical\" href=\"https:\/\/www.welovecycling.com\/es\/2025\/03\/01\/soren-waerenskjold-se-salta-el-escalafon-en-la-omloop\/\" \/>\n<meta property=\"og:locale\" content=\"es_ES\" \/>\n<meta property=\"og:type\" content=\"article\" \/>\n<meta property=\"og:title\" content=\"Soren Waerenskjold se salta el escalaf\u00f3n en la Omloop\" \/>\n<meta property=\"og:description\" content=\"Soren Waerenskjold se salta el escalaf\u00f3n en la Omloop. El noruego sorprendi\u00f3 a los favoritos en la primera prueba de adoquines.\" \/>\n<meta property=\"og:url\" content=\"https:\/\/www.welovecycling.com\/es\/2025\/03\/01\/soren-waerenskjold-se-salta-el-escalafon-en-la-omloop\/\" \/>\n<meta property=\"og:site_name\" content=\"\u0160koda We Love Cycling - Spain\" \/>\n<meta property=\"article:published_time\" content=\"2025-03-01T16:19:44+00:00\" \/>\n<meta property=\"og:image\" content=\"https:\/\/d2p6e6u75xmxt8.cloudfront.net\/6\/2025\/03\/soren.webp\" \/>\n\t<meta property=\"og:image:width\" content=\"1167\" \/>\n\t<meta property=\"og:image:height\" content=\"766\" \/>\n\t<meta property=\"og:image:type\" content=\"image\/webp\" \/>\n<meta name=\"author\" content=\"We Love Cycling Spain\" \/>\n<meta name=\"twitter:card\" content=\"summary_large_image\" \/>\n<meta name=\"twitter:description\" content=\"Soren Waerenskjold se salta el escalaf\u00f3n en la Omloop. El noruego sorprendi\u00f3 a los favoritos en la primera prueba de adoquines.\" \/>\n<meta name=\"twitter:label1\" content=\"Written by\" \/>\n\t<meta name=\"twitter:data1\" content=\"Luis Ortega @Ciclored\" \/>\n\t<meta name=\"twitter:label2\" content=\"Est. reading time\" \/>\n\t<meta name=\"twitter:data2\" content=\"4 minutes\" \/>\n<script type=\"application\/ld+json\" class=\"yoast-schema-graph\">{\"@context\":\"https:\/\/schema.org\",\"@graph\":[{\"@type\":\"WebPage\",\"@id\":\"https:\/\/www.welovecycling.com\/es\/2025\/03\/01\/soren-waerenskjold-se-salta-el-escalafon-en-la-omloop\/\",\"url\":\"https:\/\/www.welovecycling.com\/es\/2025\/03\/01\/soren-waerenskjold-se-salta-el-escalafon-en-la-omloop\/\",\"name\":\"Soren Waerenskjold se salta el escalaf\u00f3n en la Omloop - \u0160koda We Love Cycling - Spain\",\"isPartOf\":{\"@id\":\"https:\/\/www.welovecycling.com\/es\/#website\"},\"primaryImageOfPage\":{\"@id\":\"https:\/\/www.welovecycling.com\/es\/2025\/03\/01\/soren-waerenskjold-se-salta-el-escalafon-en-la-omloop\/#primaryimage\"},\"image\":{\"@id\":\"https:\/\/www.welovecycling.com\/es\/2025\/03\/01\/soren-waerenskjold-se-salta-el-escalafon-en-la-omloop\/#primaryimage\"},\"thumbnailUrl\":\"https:\/\/d2p6e6u75xmxt8.cloudfront.net\/6\/2025\/03\/soren.webp\",\"datePublished\":\"2025-03-01T16:19:44+00:00\",\"author\":{\"@id\":\"https:\/\/www.welovecycling.com\/es\/#\/schema\/person\/deb61715b5812698ee79fb96f343ccd4\"},\"description\":\"Soren Waerenskjold se salta el escalaf\u00f3n en la Omloop. El noruego sorprendi\u00f3 a los favoritos en la primera prueba de adoquines.\",\"breadcrumb\":{\"@id\":\"https:\/\/www.welovecycling.com\/es\/2025\/03\/01\/soren-waerenskjold-se-salta-el-escalafon-en-la-omloop\/#breadcrumb\"},\"inLanguage\":\"es-ES\",\"potentialAction\":[{\"@type\":\"ReadAction\",\"target\":[\"https:\/\/www.welovecycling.com\/es\/2025\/03\/01\/soren-waerenskjold-se-salta-el-escalafon-en-la-omloop\/\"]}]},{\"@type\":\"ImageObject\",\"inLanguage\":\"es-ES\",\"@id\":\"https:\/\/www.welovecycling.com\/es\/2025\/03\/01\/soren-waerenskjold-se-salta-el-escalafon-en-la-omloop\/#primaryimage\",\"url\":\"https:\/\/d2p6e6u75xmxt8.cloudfront.net\/6\/2025\/03\/soren.webp\",\"contentUrl\":\"https:\/\/d2p6e6u75xmxt8.cloudfront.net\/6\/2025\/03\/soren.webp\",\"width\":1167,\"height\":766},{\"@type\":\"BreadcrumbList\",\"@id\":\"https:\/\/www.welovecycling.com\/es\/2025\/03\/01\/soren-waerenskjold-se-salta-el-escalafon-en-la-omloop\/#breadcrumb\",\"itemListElement\":[{\"@type\":\"ListItem\",\"position\":1,\"name\":\"Home\",\"item\":\"https:\/\/www.welovecycling.com\/es\/\"},{\"@type\":\"ListItem\",\"position\":2,\"name\":\"Soren Waerenskjold se salta el escalaf\u00f3n en la Omloop\"}]},{\"@type\":\"WebSite\",\"@id\":\"https:\/\/www.welovecycling.com\/es\/#website\",\"url\":\"https:\/\/www.welovecycling.com\/es\/\",\"name\":\"\u0160koda We Love Cycling - Spain\",\"description\":\"\u0160koda WeLoveCycling Spain\",\"potentialAction\":[{\"@type\":\"SearchAction\",\"target\":{\"@type\":\"EntryPoint\",\"urlTemplate\":\"https:\/\/www.welovecycling.com\/es\/?s={search_term_string}\"},\"query-input\":{\"@type\":\"PropertyValueSpecification\",\"valueRequired\":true,\"valueName\":\"search_term_string\"}}],\"inLanguage\":\"es-ES\"},{\"@type\":\"Person\",\"@id\":\"https:\/\/www.welovecycling.com\/es\/#\/schema\/person\/deb61715b5812698ee79fb96f343ccd4\",\"name\":\"We Love Cycling Spain\",\"image\":{\"@type\":\"ImageObject\",\"inLanguage\":\"es-ES\",\"@id\":\"https:\/\/www.welovecycling.com\/es\/#\/schema\/person\/image\/\",\"url\":\"https:\/\/secure.gravatar.com\/avatar\/c824b04e6df0e37a03219d0b6481672889df542894588964102459e46513159c?s=96&d=mm&r=g\",\"contentUrl\":\"https:\/\/secure.gravatar.com\/avatar\/c824b04e6df0e37a03219d0b6481672889df542894588964102459e46513159c?s=96&d=mm&r=g\",\"caption\":\"We Love Cycling Spain\"},\"url\":\"https:\/\/www.welovecycling.com\/es\/author\/amunoz\/\"}]}<\/script>\n<!-- \/ Yoast SEO Premium plugin. -->","yoast_head_json":{"title":"Soren Waerenskjold se salta el escalaf\u00f3n en la Omloop - \u0160koda We Love Cycling - Spain","description":"Soren Waerenskjold se salta el escalaf\u00f3n en la Omloop. El noruego sorprendi\u00f3 a los favoritos en la primera prueba de adoquines.","robots":{"index":"index","follow":"follow","max-snippet":"max-snippet:-1","max-image-preview":"max-image-preview:large","max-video-preview":"max-video-preview:-1"},"canonical":"https:\/\/www.welovecycling.com\/es\/2025\/03\/01\/soren-waerenskjold-se-salta-el-escalafon-en-la-omloop\/","og_locale":"es_ES","og_type":"article","og_title":"Soren Waerenskjold se salta el escalaf\u00f3n en la Omloop","og_description":"Soren Waerenskjold se salta el escalaf\u00f3n en la Omloop. El noruego sorprendi\u00f3 a los favoritos en la primera prueba de adoquines.","og_url":"https:\/\/www.welovecycling.com\/es\/2025\/03\/01\/soren-waerenskjold-se-salta-el-escalafon-en-la-omloop\/","og_site_name":"\u0160koda We Love Cycling - Spain","article_published_time":"2025-03-01T16:19:44+00:00","og_image":[{"width":1167,"height":766,"url":"https:\/\/d2p6e6u75xmxt8.cloudfront.net\/6\/2025\/03\/soren.webp","type":"image\/webp"}],"author":"We Love Cycling Spain","twitter_card":"summary_large_image","twitter_description":"Soren Waerenskjold se salta el escalaf\u00f3n en la Omloop. El noruego sorprendi\u00f3 a los favoritos en la primera prueba de adoquines.","twitter_misc":{"Written by":"Luis Ortega @Ciclored","Est. reading time":"4 minutes"},"schema":{"@context":"https:\/\/schema.org","@graph":[{"@type":"WebPage","@id":"https:\/\/www.welovecycling.com\/es\/2025\/03\/01\/soren-waerenskjold-se-salta-el-escalafon-en-la-omloop\/","url":"https:\/\/www.welovecycling.com\/es\/2025\/03\/01\/soren-waerenskjold-se-salta-el-escalafon-en-la-omloop\/","name":"Soren Waerenskjold se salta el escalaf\u00f3n en la Omloop - \u0160koda We Love Cycling - Spain","isPartOf":{"@id":"https:\/\/www.welovecycling.com\/es\/#website"},"primaryImageOfPage":{"@id":"https:\/\/www.welovecycling.com\/es\/2025\/03\/01\/soren-waerenskjold-se-salta-el-escalafon-en-la-omloop\/#primaryimage"},"image":{"@id":"https:\/\/www.welovecycling.com\/es\/2025\/03\/01\/soren-waerenskjold-se-salta-el-escalafon-en-la-omloop\/#primaryimage"},"thumbnailUrl":"https:\/\/d2p6e6u75xmxt8.cloudfront.net\/6\/2025\/03\/soren.webp","datePublished":"2025-03-01T16:19:44+00:00","author":{"@id":"https:\/\/www.welovecycling.com\/es\/#\/schema\/person\/deb61715b5812698ee79fb96f343ccd4"},"description":"Soren Waerenskjold se salta el escalaf\u00f3n en la Omloop. El noruego sorprendi\u00f3 a los favoritos en la primera prueba de adoquines.","breadcrumb":{"@id":"https:\/\/www.welovecycling.com\/es\/2025\/03\/01\/soren-waerenskjold-se-salta-el-escalafon-en-la-omloop\/#breadcrumb"},"inLanguage":"es-ES","potentialAction":[{"@type":"ReadAction","target":["https:\/\/www.welovecycling.com\/es\/2025\/03\/01\/soren-waerenskjold-se-salta-el-escalafon-en-la-omloop\/"]}]},{"@type":"ImageObject","inLanguage":"es-ES","@id":"https:\/\/www.welovecycling.com\/es\/2025\/03\/01\/soren-waerenskjold-se-salta-el-escalafon-en-la-omloop\/#primaryimage","url":"https:\/\/d2p6e6u75xmxt8.cloudfront.net\/6\/2025\/03\/soren.webp","contentUrl":"https:\/\/d2p6e6u75xmxt8.cloudfront.net\/6\/2025\/03\/soren.webp","width":1167,"height":766},{"@type":"BreadcrumbList","@id":"https:\/\/www.welovecycling.com\/es\/2025\/03\/01\/soren-waerenskjold-se-salta-el-escalafon-en-la-omloop\/#breadcrumb","itemListElement":[{"@type":"ListItem","position":1,"name":"Home","item":"https:\/\/www.welovecycling.com\/es\/"},{"@type":"ListItem","position":2,"name":"Soren Waerenskjold se salta el escalaf\u00f3n en la Omloop"}]},{"@type":"WebSite","@id":"https:\/\/www.welovecycling.com\/es\/#website","url":"https:\/\/www.welovecycling.com\/es\/","name":"\u0160koda We Love Cycling - Spain","description":"\u0160koda WeLoveCycling Spain","potentialAction":[{"@type":"SearchAction","target":{"@type":"EntryPoint","urlTemplate":"https:\/\/www.welovecycling.com\/es\/?s={search_term_string}"},"query-input":{"@type":"PropertyValueSpecification","valueRequired":true,"valueName":"search_term_string"}}],"inLanguage":"es-ES"},{"@type":"Person","@id":"https:\/\/www.welovecycling.com\/es\/#\/schema\/person\/deb61715b5812698ee79fb96f343ccd4","name":"We Love Cycling Spain","image":{"@type":"ImageObject","inLanguage":"es-ES","@id":"https:\/\/www.welovecycling.com\/es\/#\/schema\/person\/image\/","url":"https:\/\/secure.gravatar.com\/avatar\/c824b04e6df0e37a03219d0b6481672889df542894588964102459e46513159c?s=96&d=mm&r=g","contentUrl":"https:\/\/secure.gravatar.com\/avatar\/c824b04e6df0e37a03219d0b6481672889df542894588964102459e46513159c?s=96&d=mm&r=g","caption":"We Love Cycling Spain"},"url":"https:\/\/www.welovecycling.com\/es\/author\/amunoz\/"}]}},"_links":{"self":[{"href":"https:\/\/www.welovecycling.com\/es\/wp-json\/wp\/v2\/posts\/11547","targetHints":{"allow":["GET"]}}],"collection":[{"href":"https:\/\/www.welovecycling.com\/es\/wp-json\/wp\/v2\/posts"}],"about":[{"href":"https:\/\/www.welovecycling.com\/es\/wp-json\/wp\/v2\/types\/post"}],"author":[{"embeddable":true,"href":"https:\/\/www.welovecycling.com\/es\/wp-json\/wp\/v2\/users\/29"}],"replies":[{"embeddable":true,"href":"https:\/\/www.welovecycling.com\/es\/wp-json\/wp\/v2\/comments?post=11547"}],"version-history":[{"count":2,"href":"https:\/\/www.welovecycling.com\/es\/wp-json\/wp\/v2\/posts\/11547\/revisions"}],"predecessor-version":[{"id":11550,"href":"https:\/\/www.welovecycling.com\/es\/wp-json\/wp\/v2\/posts\/11547\/revisions\/11550"}],"wp:featuredmedia":[{"embeddable":true,"href":"https:\/\/www.welovecycling.com\/es\/wp-json\/wp\/v2\/media\/11549"}],"wp:attachment":[{"href":"https:\/\/www.welovecycling.com\/es\/wp-json\/wp\/v2\/media?parent=11547"}],"wp:term":[{"taxonomy":"category","embeddable":true,"href":"https:\/\/www.welovecycling.com\/es\/wp-json\/wp\/v2\/categories?post=11547"},{"taxonomy":"post_tag","embeddable":true,"href":"https:\/\/www.welovecycling.com\/es\/wp-json\/wp\/v2\/tags?post=11547"},{"taxonomy":"global-categories","embeddable":true,"href":"https:\/\/www.welovecycling.com\/es\/wp-json\/wp\/v2\/global-categories?post=11547"}],"curies":[{"name":"wp","href":"https:\/\/api.w.org\/{rel}","templated":true}]}}