{"id":11532,"date":"2025-02-28T21:04:45","date_gmt":"2025-02-28T19:04:45","guid":{"rendered":"https:\/\/www.welovecycling.com\/es\/?p=11532"},"modified":"2025-02-25T21:11:48","modified_gmt":"2025-02-25T19:11:48","slug":"wout-van-aert-adoquines","status":"publish","type":"post","link":"https:\/\/www.welovecycling.com\/es\/2025\/02\/28\/wout-van-aert-adoquines\/","title":{"rendered":"Wout van Aert ya mira a las cl\u00e1sicas de adoquines"},"content":{"rendered":"<p><strong>Tras un prometedor comienzo de su temporada 2025 en la Volta al Algarve, Wout van Aert tiene la vista puesta en las pr\u00f3ximas cl\u00e1sicas de primavera, empezando por la Omloop Het Nieuwsblad. Aunque se le escap\u00f3 por poco la victoria en la contrarreloj final de Portugal, el belga sigue siendo optimista sobre su estado de forma y sus posibilidades en las semanas cruciales que se avecinan.<\/strong><\/p>\n<p><!--more--><\/p>\n<h2><strong>Un duelo familiar con Vingegaard<\/strong><\/h2>\n<p>Los compa\u00f1eros de equipo del Visma-Lease a Bike Wout van Aert y <a href=\"https:\/\/www.welovecycling.com\/wide\/2025\/02\/24\/pogacar-wins-his-race-while-vingegaard-strikes-late-to-deny-almeida\/\">Jonas Vingegaard<\/a> ocuparon los dos primeros puestos en la contrarreloj final del Algarve, haci\u00e9ndose eco de sus actuaciones en carreras pasadas. En el Tour de Francia de 2022, Vingegaard permiti\u00f3 a Van Aert hacerse con la victoria de etapa en Rocamadour. Esta vez, sin embargo, no hubo tales concesiones, ya que Vingegaard necesitaba cada segundo para asegurarse la victoria en la general.<\/p>\n<p>Van Aert, que hab\u00eda liderado la clasificaci\u00f3n durante m\u00e1s de una hora, fue finalmente superado por su compa\u00f1ero de equipo, terminando a 11 segundos. Van Aert, que hab\u00eda liderado la clasificaci\u00f3n durante m\u00e1s de una hora, se vio finalmente superado por su compa\u00f1ero de equipo, que termin\u00f3 a 11 segundos. Aunque esto signific\u00f3 perder su primera victoria del a\u00f1o, Van Aert se tom\u00f3 la actuaci\u00f3n como una se\u00f1al positiva para su pr\u00f3xima campa\u00f1a de cl\u00e1sicas.<\/p>\n<p>\u00abEn general, ha sido una buena semana\u00bb, dijo Van Aert a <a href=\"https:\/\/www.welovecycling.com\/wide\/2025\/02\/24\/pogacar-wins-his-race-while-vingegaard-strikes-late-to-deny-almeida\/\">VTM<\/a>. \u00abHab\u00eda varios equipos WorldTour en la salida, as\u00ed que cada d\u00eda era una verdadera lucha. Sent\u00ed que iba mejorando a medida que avanzaba la carrera\u00bb.<\/p>\n<figure id=\"attachment_11534\" aria-describedby=\"caption-attachment-11534\" style=\"width: 990px\" class=\"wp-caption alignnone\"><a href=\"https:\/\/d2p6e6u75xmxt8.cloudfront.net\/6\/2025\/02\/Jonas-Vingegaard-profimedia-0968204306-CVR.webp\"><img loading=\"lazy\" decoding=\"async\" class=\"wp-image-11534 size-full\" src=\"https:\/\/d2p6e6u75xmxt8.cloudfront.net\/6\/2025\/02\/Jonas-Vingegaard-profimedia-0968204306-CVR.webp\" alt=\"Jonas Vingegaard\" width=\"990\" height=\"660\" srcset=\"https:\/\/d2p6e6u75xmxt8.cloudfront.net\/6\/2025\/02\/Jonas-Vingegaard-profimedia-0968204306-CVR.webp 990w, https:\/\/d2p6e6u75xmxt8.cloudfront.net\/6\/2025\/02\/Jonas-Vingegaard-profimedia-0968204306-CVR-300x200.webp 300w, https:\/\/d2p6e6u75xmxt8.cloudfront.net\/6\/2025\/02\/Jonas-Vingegaard-profimedia-0968204306-CVR-768x512.webp 768w, https:\/\/d2p6e6u75xmxt8.cloudfront.net\/6\/2025\/02\/Jonas-Vingegaard-profimedia-0968204306-CVR-400x267.webp 400w, https:\/\/d2p6e6u75xmxt8.cloudfront.net\/6\/2025\/02\/Jonas-Vingegaard-profimedia-0968204306-CVR-272x182.webp 272w\" sizes=\"auto, (max-width: 990px) 100vw, 990px\" \/><\/a><figcaption id=\"caption-attachment-11534\" class=\"wp-caption-text\">Los compa\u00f1eros de equipo del Visma-Lease a Bike Wout van Aert y Jonas Vingegaard ocuparon los dos primeros puestos en la contrarreloj final del Algarve. \u00a9 Profimedia<\/figcaption><\/figure>\n<p>&nbsp;<\/p>\n<h2><strong>Ganando confianza para las cl\u00e1sicas<\/strong><\/h2>\n<p>El camino de vuelta a la forma no ha sido f\u00e1cil para Van Aert tras su ca\u00edda en la Vuelta a Espa\u00f1a 2024, que le oblig\u00f3 a abandonar la carrera cuando lideraba tanto la clasificaci\u00f3n por puntos como la de la monta\u00f1a. Sin embargo, sus actuaciones en Espa\u00f1a y Portugal le han tranquilizado.<\/p>\n<p>\u00abEsta semana ha sido ideal, y apenas siento molestias en la rodilla\u00bb, declar\u00f3. \u00abMi rodilla derecha sigue siendo mi punto m\u00e1s d\u00e9bil, pero todos estamos trabajando en ello en el equipo. Tambi\u00e9n fue bueno recuperar la confianza en el pelot\u00f3n\u00bb.<\/p>\n<p>Su rendimiento en la contrarreloj fue especialmente impresionante teniendo en cuenta que hab\u00eda pasado la mayor parte de sus \u00faltimos entrenamientos centr\u00e1ndose en largos recorridos de resistencia en lugar de una preparaci\u00f3n espec\u00edfica para la contrarreloj. \u00abNo se est\u00e1n descuidando las contrarrelojes\u00bb, dijo Arthur van Dongen, de Visma, \u201cpero ahora mismo la atenci\u00f3n se centra en otra cosa\u201d.<\/p>\n<h2><strong>Omloop y mas all\u00e1. Pensando en grande<\/strong><\/h2>\n<p>Con su confianza en aumento, Van Aert se centra ahora en el fin de semana inaugural, donde afrontar\u00e1 la Omloop Het Nieuwsblad como su primera gran prueba del a\u00f1o.<\/p>\n<p>\u00ab\u00bfEstoy donde quiero estar? Es dif\u00edcil de decir, porque cada a\u00f1o es diferente\u00bb, dijo. \u00abDespu\u00e9s del fin de semana inaugural, tendr\u00e9 una imagen mucho m\u00e1s clara\u00bb.<\/p>\n<p>M\u00e1s all\u00e1 de Omloop, Van Aert tiene como objetivo el Tour de Flandes, donde ha estado ag\u00f3nicamente cerca pero a\u00fan no ha ganado.<\/p>\n<p>\u00abCon el palmar\u00e9s que tengo y las oportunidades que se me presentan, tengo que atreverme a apuntar alto. Y eso significa ir a por los dos Monumentos\u00bb.<\/p>\n<p>Uno de sus rivales clave ser\u00e1 Tadej Poga\u010dar, reci\u00e9n llegado de su victoria en el UAE Tour. Van Aert reconoce la fortaleza del esloveno, pero no se deja intimidar. \u00abParece que contin\u00faa donde lo dej\u00f3 en 2024, lo que era de esperar. Pero creo que los tipos que pueden pon\u00e9rselo dif\u00edcil no estaban all\u00ed en el UAE Tour\u00bb, <a href=\"https:\/\/sporza.be\/nl\/2025\/02\/23\/-nagelbijtende-wout-van-aert-ziet-tijdritzege-door-vingers-glippen-maar-is-toch-tevreden-gelukt-om-procentje-te-winnen~1740329446000\/\">dijo a Sporza.<\/a><\/p>\n<p>Con las carreras de principio de temporada a sus espaldas y una forma cada vez mejor, Van Aert est\u00e1 listo para afrontar las cl\u00e1sicas con renovada determinaci\u00f3n. El belga sabe que el camino hacia la victoria ser\u00e1 duro, pero si su actuaci\u00f3n en el Algarve sirve de algo, sin duda est\u00e1 en el buen camino.<\/p>\n","protected":false},"excerpt":{"rendered":"<p>Tras un prometedor comienzo de su temporada 2025 en la Volta al Algarve, Wout van Aert tiene la vista puesta [&hellip;]<\/p>\n","protected":false},"author":29,"featured_media":11537,"comment_status":"open","ping_status":"open","sticky":false,"template":"","format":"standard","meta":{"footnotes":""},"categories":[7],"tags":[],"global-categories":[],"class_list":["post-11532","post","type-post","status-publish","format-standard","has-post-thumbnail","hentry","category-carretera"],"yoast_head":"<!-- This site is optimized with the Yoast SEO Premium plugin v25.3 (Yoast SEO v25.9) - https:\/\/yoast.com\/wordpress\/plugins\/seo\/ -->\n<title>Wout van Aert ya mira a las cl\u00e1sicas de adoquines - \u0160koda We Love Cycling - Spain<\/title>\n<meta name=\"description\" content=\"Wout van Aert ya mira a las cl\u00e1sicas de adoquines. El belga est\u00e1 recuperado completamente para la Omloop Het Niewsblaad.\" \/>\n<meta name=\"robots\" content=\"index, follow, max-snippet:-1, max-image-preview:large, max-video-preview:-1\" \/>\n<link rel=\"canonical\" href=\"https:\/\/www.welovecycling.com\/es\/2025\/02\/28\/wout-van-aert-adoquines\/\" \/>\n<meta property=\"og:locale\" content=\"es_ES\" \/>\n<meta property=\"og:type\" content=\"article\" \/>\n<meta property=\"og:title\" content=\"Wout van Aert ya mira a las cl\u00e1sicas de adoquines\" \/>\n<meta property=\"og:description\" content=\"Wout van Aert ya mira a las cl\u00e1sicas de adoquines. El belga est\u00e1 recuperado completamente para la Omloop Het Niewsblaad.\" \/>\n<meta property=\"og:url\" content=\"https:\/\/www.welovecycling.com\/es\/2025\/02\/28\/wout-van-aert-adoquines\/\" \/>\n<meta property=\"og:site_name\" content=\"\u0160koda We Love Cycling - Spain\" \/>\n<meta property=\"article:published_time\" content=\"2025-02-28T19:04:45+00:00\" \/>\n<meta property=\"og:image\" content=\"https:\/\/d2p6e6u75xmxt8.cloudfront.net\/6\/2025\/02\/Wout-van-Aert-Volta-Algarve-profimedia-0967573409-CVR.webp\" \/>\n\t<meta property=\"og:image:width\" content=\"990\" \/>\n\t<meta property=\"og:image:height\" content=\"660\" \/>\n\t<meta property=\"og:image:type\" content=\"image\/webp\" \/>\n<meta name=\"author\" content=\"We Love Cycling Spain\" \/>\n<meta name=\"twitter:card\" content=\"summary_large_image\" \/>\n<meta name=\"twitter:description\" content=\"Wout van Aert ya mira a las cl\u00e1sicas de adoquines. El belga est\u00e1 recuperado completamente para la Omloop Het Niewsblaad.\" \/>\n<meta name=\"twitter:label1\" content=\"Written by\" \/>\n\t<meta name=\"twitter:data1\" content=\"Monica Buck\" \/>\n\t<meta name=\"twitter:label2\" content=\"Est. reading time\" \/>\n\t<meta name=\"twitter:data2\" content=\"2\" \/>\n<script type=\"application\/ld+json\" class=\"yoast-schema-graph\">{\"@context\":\"https:\/\/schema.org\",\"@graph\":[{\"@type\":\"WebPage\",\"@id\":\"https:\/\/www.welovecycling.com\/es\/2025\/02\/28\/wout-van-aert-adoquines\/\",\"url\":\"https:\/\/www.welovecycling.com\/es\/2025\/02\/28\/wout-van-aert-adoquines\/\",\"name\":\"Wout van Aert ya mira a las cl\u00e1sicas de adoquines - \u0160koda We Love Cycling - Spain\",\"isPartOf\":{\"@id\":\"https:\/\/www.welovecycling.com\/es\/#website\"},\"primaryImageOfPage\":{\"@id\":\"https:\/\/www.welovecycling.com\/es\/2025\/02\/28\/wout-van-aert-adoquines\/#primaryimage\"},\"image\":{\"@id\":\"https:\/\/www.welovecycling.com\/es\/2025\/02\/28\/wout-van-aert-adoquines\/#primaryimage\"},\"thumbnailUrl\":\"https:\/\/d2p6e6u75xmxt8.cloudfront.net\/6\/2025\/02\/Wout-van-Aert-Volta-Algarve-profimedia-0967573409-CVR.webp\",\"datePublished\":\"2025-02-28T19:04:45+00:00\",\"author\":{\"@id\":\"https:\/\/www.welovecycling.com\/es\/#\/schema\/person\/deb61715b5812698ee79fb96f343ccd4\"},\"description\":\"Wout van Aert ya mira a las cl\u00e1sicas de adoquines. El belga est\u00e1 recuperado completamente para la Omloop Het Niewsblaad.\",\"breadcrumb\":{\"@id\":\"https:\/\/www.welovecycling.com\/es\/2025\/02\/28\/wout-van-aert-adoquines\/#breadcrumb\"},\"inLanguage\":\"es-ES\",\"potentialAction\":[{\"@type\":\"ReadAction\",\"target\":[\"https:\/\/www.welovecycling.com\/es\/2025\/02\/28\/wout-van-aert-adoquines\/\"]}]},{\"@type\":\"ImageObject\",\"inLanguage\":\"es-ES\",\"@id\":\"https:\/\/www.welovecycling.com\/es\/2025\/02\/28\/wout-van-aert-adoquines\/#primaryimage\",\"url\":\"https:\/\/d2p6e6u75xmxt8.cloudfront.net\/6\/2025\/02\/Wout-van-Aert-Volta-Algarve-profimedia-0967573409-CVR.webp\",\"contentUrl\":\"https:\/\/d2p6e6u75xmxt8.cloudfront.net\/6\/2025\/02\/Wout-van-Aert-Volta-Algarve-profimedia-0967573409-CVR.webp\",\"width\":990,\"height\":660,\"caption\":\"Wout van Aert\"},{\"@type\":\"BreadcrumbList\",\"@id\":\"https:\/\/www.welovecycling.com\/es\/2025\/02\/28\/wout-van-aert-adoquines\/#breadcrumb\",\"itemListElement\":[{\"@type\":\"ListItem\",\"position\":1,\"name\":\"Home\",\"item\":\"https:\/\/www.welovecycling.com\/es\/\"},{\"@type\":\"ListItem\",\"position\":2,\"name\":\"Wout van Aert ya mira a las cl\u00e1sicas de adoquines\"}]},{\"@type\":\"WebSite\",\"@id\":\"https:\/\/www.welovecycling.com\/es\/#website\",\"url\":\"https:\/\/www.welovecycling.com\/es\/\",\"name\":\"\u0160koda We Love Cycling - Spain\",\"description\":\"\u0160koda WeLoveCycling Spain\",\"potentialAction\":[{\"@type\":\"SearchAction\",\"target\":{\"@type\":\"EntryPoint\",\"urlTemplate\":\"https:\/\/www.welovecycling.com\/es\/?s={search_term_string}\"},\"query-input\":{\"@type\":\"PropertyValueSpecification\",\"valueRequired\":true,\"valueName\":\"search_term_string\"}}],\"inLanguage\":\"es-ES\"},{\"@type\":\"Person\",\"@id\":\"https:\/\/www.welovecycling.com\/es\/#\/schema\/person\/deb61715b5812698ee79fb96f343ccd4\",\"name\":\"We Love Cycling Spain\",\"image\":{\"@type\":\"ImageObject\",\"inLanguage\":\"es-ES\",\"@id\":\"https:\/\/www.welovecycling.com\/es\/#\/schema\/person\/image\/\",\"url\":\"https:\/\/secure.gravatar.com\/avatar\/c824b04e6df0e37a03219d0b6481672889df542894588964102459e46513159c?s=96&d=mm&r=g\",\"contentUrl\":\"https:\/\/secure.gravatar.com\/avatar\/c824b04e6df0e37a03219d0b6481672889df542894588964102459e46513159c?s=96&d=mm&r=g\",\"caption\":\"We Love Cycling Spain\"},\"url\":\"https:\/\/www.welovecycling.com\/es\/author\/amunoz\/\"}]}<\/script>\n<!-- \/ Yoast SEO Premium plugin. -->","yoast_head_json":{"title":"Wout van Aert ya mira a las cl\u00e1sicas de adoquines - \u0160koda We Love Cycling - Spain","description":"Wout van Aert ya mira a las cl\u00e1sicas de adoquines. El belga est\u00e1 recuperado completamente para la Omloop Het Niewsblaad.","robots":{"index":"index","follow":"follow","max-snippet":"max-snippet:-1","max-image-preview":"max-image-preview:large","max-video-preview":"max-video-preview:-1"},"canonical":"https:\/\/www.welovecycling.com\/es\/2025\/02\/28\/wout-van-aert-adoquines\/","og_locale":"es_ES","og_type":"article","og_title":"Wout van Aert ya mira a las cl\u00e1sicas de adoquines","og_description":"Wout van Aert ya mira a las cl\u00e1sicas de adoquines. El belga est\u00e1 recuperado completamente para la Omloop Het Niewsblaad.","og_url":"https:\/\/www.welovecycling.com\/es\/2025\/02\/28\/wout-van-aert-adoquines\/","og_site_name":"\u0160koda We Love Cycling - Spain","article_published_time":"2025-02-28T19:04:45+00:00","og_image":[{"width":990,"height":660,"url":"https:\/\/d2p6e6u75xmxt8.cloudfront.net\/6\/2025\/02\/Wout-van-Aert-Volta-Algarve-profimedia-0967573409-CVR.webp","type":"image\/webp"}],"author":"We Love Cycling Spain","twitter_card":"summary_large_image","twitter_description":"Wout van Aert ya mira a las cl\u00e1sicas de adoquines. El belga est\u00e1 recuperado completamente para la Omloop Het Niewsblaad.","twitter_misc":{"Written by":"Monica Buck","Est. reading time":"2"},"schema":{"@context":"https:\/\/schema.org","@graph":[{"@type":"WebPage","@id":"https:\/\/www.welovecycling.com\/es\/2025\/02\/28\/wout-van-aert-adoquines\/","url":"https:\/\/www.welovecycling.com\/es\/2025\/02\/28\/wout-van-aert-adoquines\/","name":"Wout van Aert ya mira a las cl\u00e1sicas de adoquines - \u0160koda We Love Cycling - Spain","isPartOf":{"@id":"https:\/\/www.welovecycling.com\/es\/#website"},"primaryImageOfPage":{"@id":"https:\/\/www.welovecycling.com\/es\/2025\/02\/28\/wout-van-aert-adoquines\/#primaryimage"},"image":{"@id":"https:\/\/www.welovecycling.com\/es\/2025\/02\/28\/wout-van-aert-adoquines\/#primaryimage"},"thumbnailUrl":"https:\/\/d2p6e6u75xmxt8.cloudfront.net\/6\/2025\/02\/Wout-van-Aert-Volta-Algarve-profimedia-0967573409-CVR.webp","datePublished":"2025-02-28T19:04:45+00:00","author":{"@id":"https:\/\/www.welovecycling.com\/es\/#\/schema\/person\/deb61715b5812698ee79fb96f343ccd4"},"description":"Wout van Aert ya mira a las cl\u00e1sicas de adoquines. El belga est\u00e1 recuperado completamente para la Omloop Het Niewsblaad.","breadcrumb":{"@id":"https:\/\/www.welovecycling.com\/es\/2025\/02\/28\/wout-van-aert-adoquines\/#breadcrumb"},"inLanguage":"es-ES","potentialAction":[{"@type":"ReadAction","target":["https:\/\/www.welovecycling.com\/es\/2025\/02\/28\/wout-van-aert-adoquines\/"]}]},{"@type":"ImageObject","inLanguage":"es-ES","@id":"https:\/\/www.welovecycling.com\/es\/2025\/02\/28\/wout-van-aert-adoquines\/#primaryimage","url":"https:\/\/d2p6e6u75xmxt8.cloudfront.net\/6\/2025\/02\/Wout-van-Aert-Volta-Algarve-profimedia-0967573409-CVR.webp","contentUrl":"https:\/\/d2p6e6u75xmxt8.cloudfront.net\/6\/2025\/02\/Wout-van-Aert-Volta-Algarve-profimedia-0967573409-CVR.webp","width":990,"height":660,"caption":"Wout van Aert"},{"@type":"BreadcrumbList","@id":"https:\/\/www.welovecycling.com\/es\/2025\/02\/28\/wout-van-aert-adoquines\/#breadcrumb","itemListElement":[{"@type":"ListItem","position":1,"name":"Home","item":"https:\/\/www.welovecycling.com\/es\/"},{"@type":"ListItem","position":2,"name":"Wout van Aert ya mira a las cl\u00e1sicas de adoquines"}]},{"@type":"WebSite","@id":"https:\/\/www.welovecycling.com\/es\/#website","url":"https:\/\/www.welovecycling.com\/es\/","name":"\u0160koda We Love Cycling - Spain","description":"\u0160koda WeLoveCycling Spain","potentialAction":[{"@type":"SearchAction","target":{"@type":"EntryPoint","urlTemplate":"https:\/\/www.welovecycling.com\/es\/?s={search_term_string}"},"query-input":{"@type":"PropertyValueSpecification","valueRequired":true,"valueName":"search_term_string"}}],"inLanguage":"es-ES"},{"@type":"Person","@id":"https:\/\/www.welovecycling.com\/es\/#\/schema\/person\/deb61715b5812698ee79fb96f343ccd4","name":"We Love Cycling Spain","image":{"@type":"ImageObject","inLanguage":"es-ES","@id":"https:\/\/www.welovecycling.com\/es\/#\/schema\/person\/image\/","url":"https:\/\/secure.gravatar.com\/avatar\/c824b04e6df0e37a03219d0b6481672889df542894588964102459e46513159c?s=96&d=mm&r=g","contentUrl":"https:\/\/secure.gravatar.com\/avatar\/c824b04e6df0e37a03219d0b6481672889df542894588964102459e46513159c?s=96&d=mm&r=g","caption":"We Love Cycling Spain"},"url":"https:\/\/www.welovecycling.com\/es\/author\/amunoz\/"}]}},"_links":{"self":[{"href":"https:\/\/www.welovecycling.com\/es\/wp-json\/wp\/v2\/posts\/11532","targetHints":{"allow":["GET"]}}],"collection":[{"href":"https:\/\/www.welovecycling.com\/es\/wp-json\/wp\/v2\/posts"}],"about":[{"href":"https:\/\/www.welovecycling.com\/es\/wp-json\/wp\/v2\/types\/post"}],"author":[{"embeddable":true,"href":"https:\/\/www.welovecycling.com\/es\/wp-json\/wp\/v2\/users\/29"}],"replies":[{"embeddable":true,"href":"https:\/\/www.welovecycling.com\/es\/wp-json\/wp\/v2\/comments?post=11532"}],"version-history":[{"count":2,"href":"https:\/\/www.welovecycling.com\/es\/wp-json\/wp\/v2\/posts\/11532\/revisions"}],"predecessor-version":[{"id":11538,"href":"https:\/\/www.welovecycling.com\/es\/wp-json\/wp\/v2\/posts\/11532\/revisions\/11538"}],"wp:featuredmedia":[{"embeddable":true,"href":"https:\/\/www.welovecycling.com\/es\/wp-json\/wp\/v2\/media\/11537"}],"wp:attachment":[{"href":"https:\/\/www.welovecycling.com\/es\/wp-json\/wp\/v2\/media?parent=11532"}],"wp:term":[{"taxonomy":"category","embeddable":true,"href":"https:\/\/www.welovecycling.com\/es\/wp-json\/wp\/v2\/categories?post=11532"},{"taxonomy":"post_tag","embeddable":true,"href":"https:\/\/www.welovecycling.com\/es\/wp-json\/wp\/v2\/tags?post=11532"},{"taxonomy":"global-categories","embeddable":true,"href":"https:\/\/www.welovecycling.com\/es\/wp-json\/wp\/v2\/global-categories?post=11532"}],"curies":[{"name":"wp","href":"https:\/\/api.w.org\/{rel}","templated":true}]}}