{"id":11531,"date":"2025-02-27T21:15:51","date_gmt":"2025-02-27T19:15:51","guid":{"rendered":"https:\/\/www.welovecycling.com\/es\/?p=11531"},"modified":"2025-02-25T21:29:08","modified_gmt":"2025-02-25T19:29:08","slug":"guardar-tu-bici","status":"publish","type":"post","link":"https:\/\/www.welovecycling.com\/es\/2025\/02\/27\/guardar-tu-bici\/","title":{"rendered":"Como no guardar tu bici"},"content":{"rendered":"<p style=\"font-weight: 400;\"><strong>Los ciclistas pueden ser meticulosos en todo: sus planes de entrenamiento, su nutrici\u00f3n, el ajuste milim\u00e9trico de la altura de su sill\u00edn. \u00bfPero cuando se trata de guardar la bici? Un caos. Algunos tratan su bicicleta como una obra de arte de valor incalculable, exponi\u00e9ndola cuidadosamente en un santuario climatizado, mientras que otros la tratan como un viejo cortac\u00e9sped, arroj\u00e1ndola a un rinc\u00f3n oscuro y h\u00famedo hasta la pr\u00f3xima salida.<\/strong><\/p>\n<p><!--more--><\/p>\n<p style=\"font-weight: 400;\">Hay una forma correcta de guardar una bicicleta, y muchas formas incorrectas. Si tu objetivo es acortar la vida \u00fatil de tu moto, asegurarte costosas reparaciones y generar el tipo de ruidos que hacen que los mec\u00e1nicos muevan la cabeza en se\u00f1al de desaprobaci\u00f3n, estas son las mejores formas de hacerlo.<\/p>\n<h2><strong>Dejala en el jard\u00edn<\/strong><\/h2>\n<p>Ya que estamos hablando de los peores lugares para guardar su bicicleta, debemos obtener esto fuera del camino. No tienes 12 a\u00f1os. Tu bici no cuesta tanto como dos helados y un chocolate. As\u00ed que tirarla al patio trasero sin miramientos no acabar\u00e1 bien.<\/p>\n<p>En primer lugar, la naturaleza se comer\u00e1 tu bici para desayunar. Lluvia, polvo, nieve, da\u00f1os por rayos UV, hielo y un mont\u00f3n de bichos a los que les encantar\u00e1 afilar sus dientes en tus cables y neum\u00e1ticos. Adem\u00e1s, puedes conseguir cinco estrellas en Insect Advisor por el extraordinario hotel de bichos que has creado simplemente dejando tu bici al aire libre. Habr\u00e1 mucha demanda de tu cuadro. Desgraciadamente, lo m\u00e1s probable es que las avispas o los avispones se hagan con el primer puesto. En cualquier caso, no es lo ideal si quieres volver a montar en bici&#8230; nunca. Tu bici se merece algo mejor, y lo sabes.<\/p>\n<h2><strong>Guardar sin limpiar<\/strong><\/h2>\n<p>Todo el mundo sabe que limpiar la bicicleta despu\u00e9s de una salida es una extravagancia innecesaria. \u00bfPor qu\u00e9 perder el tiempo restregando el barro del cuadro cuando puedes dejar que se seque y se desprenda de forma natural? \u00bfPor qu\u00e9 desengrasar la cadena cuando puedes a\u00f1adir m\u00e1s lubricante sobre la suciedad y dar por terminado el d\u00eda?<\/p>\n<p>Bueno, en realidad hay varias razones. Para empezar, la suciedad, el polvo y la mugre son peque\u00f1as part\u00edculas de papel de lija que se introducen lentamente en las piezas m\u00f3viles. Si no las controlas, ir\u00e1n desgastando tu transmisi\u00f3n, los platos y, finalmente, convertir\u00e1n tus cambios en una monta\u00f1a rusa impredecible y de pesadilla.<\/p>\n<p>No te vas a la cama con los pies llenos de barro y la cara llena de polvo, \u00bfverdad? Entonces, \u00bfpor qu\u00e9 crees que est\u00e1 bien dejar la moto as\u00ed, aunque s\u00f3lo sea una noche? T\u00f3mate media hora m\u00e1s para limpiarla y lubricarla. Has pasado un d\u00eda entero divirti\u00e9ndote y seguro que puedes dedicar unos 30 minutos a lavarla como es debido.<\/p>\n<figure id=\"attachment_8532\" aria-describedby=\"caption-attachment-8532\" style=\"width: 900px\" class=\"wp-caption alignnone\"><a href=\"https:\/\/d2p6e6u75xmxt8.cloudfront.net\/6\/2022\/01\/Cleaning-bike-in-the-shower-CVR.jpg\"><img loading=\"lazy\" decoding=\"async\" class=\"wp-image-8532 size-full\" src=\"https:\/\/d2p6e6u75xmxt8.cloudfront.net\/6\/2022\/01\/Cleaning-bike-in-the-shower-CVR.jpg\" alt=\"Bicycle cleaning\" width=\"900\" height=\"600\" \/><\/a><figcaption id=\"caption-attachment-8532\" class=\"wp-caption-text\">Encuentra tiempo para limpiar tu bici.<\/figcaption><\/figure>\n<h2><strong><br \/>\nGuardarla en el maletero del coche<\/strong><\/h2>\n<p>Al principio, parece una idea brillante. \u00bfPor qu\u00e9 guardar la bicicleta en otro sitio cuando siempre puede estar lista en el maletero? No hay necesidad de perder un tiempo precioso carg\u00e1ndola antes de un viaje, \u00a1ya est\u00e1 ah\u00ed! Sin embargo, guardar la bicicleta en la parte trasera del coche es la forma m\u00e1s r\u00e1pida de destruir tanto la bicicleta como el veh\u00edculo.<\/p>\n<p>\u00bfTe has sentado alguna vez en un asiento de cuero que ha estado al sol durante horas? Ahora imagina lo que ese tipo de temperatura provoca en los neum\u00e1ticos, el l\u00edquido de frenos y las juntas de goma. La exposici\u00f3n prolongada al calor convertir\u00e1 los neum\u00e1ticos en algo parecido a un chicle gastado. Lo mismo ocurre con el sill\u00edn: si te gustan las quemaduras de tercer grado en el trasero, \u00e9ste es tu m\u00e9todo.<\/p>\n<p>Las bajas temperaturas son igual de despiadadas. Si dejas la bicicleta en el coche durante el invierno, la suspensi\u00f3n se endurecer\u00e1, los frenos hidr\u00e1ulicos se volver\u00e1n esponjosos y el cuadro se enfriar\u00e1 m\u00e1s que tu motivaci\u00f3n para rodar a temperaturas bajo cero.<\/p>\n<p>Y luego est\u00e1 el traqueteo. Tu bici, por muy bien calzada que est\u00e9, se desplazar\u00e1 cada vez que gires o frenes, da\u00f1ando sutilmente tu transmisi\u00f3n. \u00bfEse \u00abruido misterioso\u00bb que oyes semanas despu\u00e9s? Es la queja formal de tu desviador.<\/p>\n<h2><strong>Apilarla<\/strong><\/h2>\n<p>Algunas personas tienen garajes que funcionan como santuarios de bicicletas bien organizados. Otros tienen garajes que parecen una explosi\u00f3n en una tienda de segunda mano. Si tu bici est\u00e1 en alg\u00fan lugar de estos \u00faltimos, semienterrada bajo adornos navide\u00f1os, muebles viejos y una cinta de correr de 2007, enhorabuena: est\u00e1s contribuyendo activamente a su lenta desaparici\u00f3n. Las bicicletas no est\u00e1n pensadas para ser soportes de almacenamiento y, sin embargo, a menudo acaban soportando un impresionante surtido de trastos dom\u00e9sticos. Guardar tu bici as\u00ed convertir\u00e1 inevitablemente tus ruedas en un cuadro vanguardista de <a href=\"https:\/\/en.wikipedia.org\/wiki\/Salvador_Dal%C3%AD\">Salvador Dal\u00ed.<\/a><\/p>\n<p>Adem\u00e1s, \u00bfc\u00f3mo se supone que vas a llegar a tu bici? \u00bfLo sacas todo para volver a meterlo despu\u00e9s de sacar la bici? \u00bfO se tira la bici al principio del mont\u00f3n? Al menos esto \u00faltimo no da\u00f1ar\u00e1 tus ruedas. Sin embargo, da\u00f1ar\u00e1 el desviador, y lo m\u00e1s probable es que los cables intenten llevarse todo el mont\u00f3n. As\u00ed que lo m\u00e1s probable es que tengas que comprar un nuevo juego de cables antes de cada salida. Encantador, \u00bfverdad?<\/p>\n<h2><strong>Tirarla en el s\u00f3tano<\/strong><\/h2>\n<p>No hay nada malo en guardar la bicicleta en un s\u00f3tano o en un garaje. Sin embargo, guardarla sin m\u00e1s, pensando que no pasa nada mientras no est\u00e9 en el exterior, es sencillamente rid\u00edculo.<\/p>\n<p>La humedad, por supuesto, es su mayor enemigo. Pero incluso si consigues que tu moto est\u00e9 en un lugar seco sin cambios bruscos de temperatura, ya tienes medio camino recorrido. Ahora, todo lo que tienes que hacer es asegurarte de que las ara\u00f1as no har\u00e1n de ella su hogar, de que el polvo no intentar\u00e1 enterrarla como una villa romana y de que no se caer\u00e1 y romper\u00e1 todo a su alrededor, incluidas algunas piezas importantes.<\/p>\n<p>En otras palabras, aseg\u00farate de que tu bici tiene un lugar dedicado donde no sufrir\u00e1 las inclemencias del tiempo ni los bichos varios. Una simple funda, rociada con repelente de ara\u00f1as (que debes volver a aplicar cada 3 meses) y un colgador de pared o un soporte har\u00e1n el trabajo.<\/p>\n<h2><strong>Colgadores de techo el cualquier sitio<\/strong><\/h2>\n<p>Colgar una bicicleta del techo parece un excelente truco para ahorrar espacio. Y lo es. De hecho, hay muchos lugares en los que colgar la bicicleta del techo es una soluci\u00f3n excelente. Por otro lado, hay otros tantos, o incluso m\u00e1s, que pueden arruinarte la vida.<\/p>\n<p>Por ejemplo, por muy bien que limpies la <a href=\"https:\/\/www.welovecycling.com\/wide\/2024\/03\/12\/maintenance-whats-the-best-way-to-clean-my-bike\/\">bici despu\u00e9s de cada salida<\/a>, colocarla encima de la mesa del comedor es un poco inapetente. Adem\u00e1s, ponerla encima de la cama es un poco sospechoso. \u00bfQu\u00e9 pasar\u00e1 si est\u00e1s durmiendo y las perchas se rompen o se sueltan? S\u00ed, \u00e9sa no es una alarma que nadie desee experimentar, sobre todo porque no podr\u00e1s elegir entre posponer los gritos agonizantes.<\/p>\n<p>As\u00ed que, aunque un colgador de techo es una buena idea, debes tener en cuenta d\u00f3nde colocarlo. Cualquier sitio donde pueda caerte encima es una mala idea. En realidad, cualquier sitio donde pueda da\u00f1ar art\u00edculos dom\u00e9sticos caros est\u00e1 fuera de lugar.<\/p>\n<h2><strong>Colgar la bici de la rueda delantera<\/strong><\/h2>\n<p>Por fin tienes el lugar perfecto para guardar tu bicicleta. Ahora, todo lo que tienes que hacer es no meter la pata por c\u00f3mo colocas la bici. Por ejemplo, \u00bfsu bicicleta cuelga del neum\u00e1tico delantero? En alg\u00fan lugar, de alguna manera, esto se convirti\u00f3 en una pr\u00e1ctica com\u00fan. Esto no lo hace menos terrible. Colgar una bici por la rueda delantera parece una soluci\u00f3n de almacenamiento que ocupa poco espacio. \u00bfCu\u00e1l es el problema? La f\u00edsica, la gravedad y el funcionamiento de los frenos hidr\u00e1ulicos.<\/p>\n<p>Si tienes frenos de disco hidr\u00e1ulicos, guardar la bicicleta en vertical puede hacer que se introduzcan burbujas de aire en el sistema, lo que provoca un frenado esponjoso y sin respuesta. Si tienes suerte, lo notar\u00e1s antes de tu pr\u00f3xima salida. Si tienes mala suerte, te dar\u00e1s cuenta a alta velocidad cuando tus frenos decidan tomarse medio segundo de vacaciones. Hay mejores formas de guardar la bicicleta, que no implican sabotear tu propio sistema de frenado para ahorrar espacio.<\/p>\n<h2><strong>La forma correcta de guardar la bici<\/strong><\/h2>\n<p style=\"font-weight: 400;\">Bueno, ya sabes lo que no debes hacer. A\u00fan as\u00ed, queda una gran pregunta: \u00bfc\u00f3mo se supone que debes guardar tu bicicleta? Es muy sencillo. Aseg\u00farate de que la bici est\u00e1 en el interior, en un lugar seco donde las temperaturas no fluct\u00faen demasiado r\u00e1pido. Aseg\u00farate de limpiarla siempre antes de guardarla. Sin excepciones. Intenta mantenerla alejada del suelo con un soporte para bicicletas, un soporte de pared o un portabicicletas. Por \u00faltimo, no la pierdas de vista. Tu bicicleta nunca debe sentirse olvidada. Dale un toque de lubricante de vez en cuando y s\u00e1cala a dar una vuelta, incluso durante los meses de invierno. Montar en la nieve es divertido.<\/p>\n","protected":false},"excerpt":{"rendered":"<p>Los ciclistas pueden ser meticulosos en todo: sus planes de entrenamiento, su nutrici\u00f3n, el ajuste milim\u00e9trico de la altura de [&hellip;]<\/p>\n","protected":false},"author":29,"featured_media":11535,"comment_status":"open","ping_status":"open","sticky":false,"template":"","format":"standard","meta":{"footnotes":""},"categories":[7,8,9],"tags":[],"global-categories":[],"class_list":["post-11531","post","type-post","status-publish","format-standard","has-post-thumbnail","hentry","category-carretera","category-life-style","category-mtb-aventura"],"yoast_head":"<!-- This site is optimized with the Yoast SEO Premium plugin v25.3 (Yoast SEO v25.9) - https:\/\/yoast.com\/wordpress\/plugins\/seo\/ -->\n<title>Como no guardar tu bici - \u0160koda We Love Cycling - Spain<\/title>\n<meta name=\"description\" content=\"Consejos para guardar tu bici en invierno de forma adecuada y que no sufra da\u00f1os para la primavera.\" \/>\n<meta name=\"robots\" content=\"index, follow, max-snippet:-1, max-image-preview:large, max-video-preview:-1\" \/>\n<link rel=\"canonical\" href=\"https:\/\/www.welovecycling.com\/es\/2025\/02\/27\/guardar-tu-bici\/\" \/>\n<meta property=\"og:locale\" content=\"es_ES\" \/>\n<meta property=\"og:type\" content=\"article\" \/>\n<meta property=\"og:title\" content=\"Como no guardar tu bici\" \/>\n<meta property=\"og:description\" content=\"Consejos para guardar tu bici en invierno de forma adecuada y que no sufra da\u00f1os para la primavera.\" \/>\n<meta property=\"og:url\" content=\"https:\/\/www.welovecycling.com\/es\/2025\/02\/27\/guardar-tu-bici\/\" \/>\n<meta property=\"og:site_name\" content=\"\u0160koda We Love Cycling - Spain\" \/>\n<meta property=\"article:published_time\" content=\"2025-02-27T19:15:51+00:00\" \/>\n<meta property=\"og:image\" content=\"https:\/\/d2p6e6u75xmxt8.cloudfront.net\/6\/2025\/02\/Old-Broken-Bicycle-profimedia-0965358310-CVR.webp\" \/>\n\t<meta property=\"og:image:width\" content=\"990\" \/>\n\t<meta property=\"og:image:height\" content=\"660\" \/>\n\t<meta property=\"og:image:type\" content=\"image\/webp\" \/>\n<meta name=\"author\" content=\"We Love Cycling Spain\" \/>\n<meta name=\"twitter:card\" content=\"summary_large_image\" \/>\n<meta name=\"twitter:description\" content=\"Consejos para guardar tu bici en invierno de forma adecuada y que no sufra da\u00f1os para la primavera.\" \/>\n<meta name=\"twitter:label1\" content=\"Written by\" \/>\n\t<meta name=\"twitter:data1\" content=\"Martin Atanasov\" \/>\n\t<meta name=\"twitter:label2\" content=\"Est. reading time\" \/>\n\t<meta name=\"twitter:data2\" content=\"3\" \/>\n<script type=\"application\/ld+json\" class=\"yoast-schema-graph\">{\"@context\":\"https:\/\/schema.org\",\"@graph\":[{\"@type\":\"WebPage\",\"@id\":\"https:\/\/www.welovecycling.com\/es\/2025\/02\/27\/guardar-tu-bici\/\",\"url\":\"https:\/\/www.welovecycling.com\/es\/2025\/02\/27\/guardar-tu-bici\/\",\"name\":\"Como no guardar tu bici - \u0160koda We Love Cycling - Spain\",\"isPartOf\":{\"@id\":\"https:\/\/www.welovecycling.com\/es\/#website\"},\"primaryImageOfPage\":{\"@id\":\"https:\/\/www.welovecycling.com\/es\/2025\/02\/27\/guardar-tu-bici\/#primaryimage\"},\"image\":{\"@id\":\"https:\/\/www.welovecycling.com\/es\/2025\/02\/27\/guardar-tu-bici\/#primaryimage\"},\"thumbnailUrl\":\"https:\/\/d2p6e6u75xmxt8.cloudfront.net\/6\/2025\/02\/Old-Broken-Bicycle-profimedia-0965358310-CVR.webp\",\"datePublished\":\"2025-02-27T19:15:51+00:00\",\"author\":{\"@id\":\"https:\/\/www.welovecycling.com\/es\/#\/schema\/person\/deb61715b5812698ee79fb96f343ccd4\"},\"description\":\"Consejos para guardar tu bici en invierno de forma adecuada y que no sufra da\u00f1os para la primavera.\",\"breadcrumb\":{\"@id\":\"https:\/\/www.welovecycling.com\/es\/2025\/02\/27\/guardar-tu-bici\/#breadcrumb\"},\"inLanguage\":\"es-ES\",\"potentialAction\":[{\"@type\":\"ReadAction\",\"target\":[\"https:\/\/www.welovecycling.com\/es\/2025\/02\/27\/guardar-tu-bici\/\"]}]},{\"@type\":\"ImageObject\",\"inLanguage\":\"es-ES\",\"@id\":\"https:\/\/www.welovecycling.com\/es\/2025\/02\/27\/guardar-tu-bici\/#primaryimage\",\"url\":\"https:\/\/d2p6e6u75xmxt8.cloudfront.net\/6\/2025\/02\/Old-Broken-Bicycle-profimedia-0965358310-CVR.webp\",\"contentUrl\":\"https:\/\/d2p6e6u75xmxt8.cloudfront.net\/6\/2025\/02\/Old-Broken-Bicycle-profimedia-0965358310-CVR.webp\",\"width\":990,\"height\":660,\"caption\":\"Old bicycle\"},{\"@type\":\"BreadcrumbList\",\"@id\":\"https:\/\/www.welovecycling.com\/es\/2025\/02\/27\/guardar-tu-bici\/#breadcrumb\",\"itemListElement\":[{\"@type\":\"ListItem\",\"position\":1,\"name\":\"Home\",\"item\":\"https:\/\/www.welovecycling.com\/es\/\"},{\"@type\":\"ListItem\",\"position\":2,\"name\":\"Como no guardar tu bici\"}]},{\"@type\":\"WebSite\",\"@id\":\"https:\/\/www.welovecycling.com\/es\/#website\",\"url\":\"https:\/\/www.welovecycling.com\/es\/\",\"name\":\"\u0160koda We Love Cycling - Spain\",\"description\":\"\u0160koda WeLoveCycling Spain\",\"potentialAction\":[{\"@type\":\"SearchAction\",\"target\":{\"@type\":\"EntryPoint\",\"urlTemplate\":\"https:\/\/www.welovecycling.com\/es\/?s={search_term_string}\"},\"query-input\":{\"@type\":\"PropertyValueSpecification\",\"valueRequired\":true,\"valueName\":\"search_term_string\"}}],\"inLanguage\":\"es-ES\"},{\"@type\":\"Person\",\"@id\":\"https:\/\/www.welovecycling.com\/es\/#\/schema\/person\/deb61715b5812698ee79fb96f343ccd4\",\"name\":\"We Love Cycling Spain\",\"image\":{\"@type\":\"ImageObject\",\"inLanguage\":\"es-ES\",\"@id\":\"https:\/\/www.welovecycling.com\/es\/#\/schema\/person\/image\/\",\"url\":\"https:\/\/secure.gravatar.com\/avatar\/c824b04e6df0e37a03219d0b6481672889df542894588964102459e46513159c?s=96&d=mm&r=g\",\"contentUrl\":\"https:\/\/secure.gravatar.com\/avatar\/c824b04e6df0e37a03219d0b6481672889df542894588964102459e46513159c?s=96&d=mm&r=g\",\"caption\":\"We Love Cycling Spain\"},\"url\":\"https:\/\/www.welovecycling.com\/es\/author\/amunoz\/\"}]}<\/script>\n<!-- \/ Yoast SEO Premium plugin. -->","yoast_head_json":{"title":"Como no guardar tu bici - \u0160koda We Love Cycling - Spain","description":"Consejos para guardar tu bici en invierno de forma adecuada y que no sufra da\u00f1os para la primavera.","robots":{"index":"index","follow":"follow","max-snippet":"max-snippet:-1","max-image-preview":"max-image-preview:large","max-video-preview":"max-video-preview:-1"},"canonical":"https:\/\/www.welovecycling.com\/es\/2025\/02\/27\/guardar-tu-bici\/","og_locale":"es_ES","og_type":"article","og_title":"Como no guardar tu bici","og_description":"Consejos para guardar tu bici en invierno de forma adecuada y que no sufra da\u00f1os para la primavera.","og_url":"https:\/\/www.welovecycling.com\/es\/2025\/02\/27\/guardar-tu-bici\/","og_site_name":"\u0160koda We Love Cycling - Spain","article_published_time":"2025-02-27T19:15:51+00:00","og_image":[{"width":990,"height":660,"url":"https:\/\/d2p6e6u75xmxt8.cloudfront.net\/6\/2025\/02\/Old-Broken-Bicycle-profimedia-0965358310-CVR.webp","type":"image\/webp"}],"author":"We Love Cycling Spain","twitter_card":"summary_large_image","twitter_description":"Consejos para guardar tu bici en invierno de forma adecuada y que no sufra da\u00f1os para la primavera.","twitter_misc":{"Written by":"Martin Atanasov","Est. reading time":"3"},"schema":{"@context":"https:\/\/schema.org","@graph":[{"@type":"WebPage","@id":"https:\/\/www.welovecycling.com\/es\/2025\/02\/27\/guardar-tu-bici\/","url":"https:\/\/www.welovecycling.com\/es\/2025\/02\/27\/guardar-tu-bici\/","name":"Como no guardar tu bici - \u0160koda We Love Cycling - Spain","isPartOf":{"@id":"https:\/\/www.welovecycling.com\/es\/#website"},"primaryImageOfPage":{"@id":"https:\/\/www.welovecycling.com\/es\/2025\/02\/27\/guardar-tu-bici\/#primaryimage"},"image":{"@id":"https:\/\/www.welovecycling.com\/es\/2025\/02\/27\/guardar-tu-bici\/#primaryimage"},"thumbnailUrl":"https:\/\/d2p6e6u75xmxt8.cloudfront.net\/6\/2025\/02\/Old-Broken-Bicycle-profimedia-0965358310-CVR.webp","datePublished":"2025-02-27T19:15:51+00:00","author":{"@id":"https:\/\/www.welovecycling.com\/es\/#\/schema\/person\/deb61715b5812698ee79fb96f343ccd4"},"description":"Consejos para guardar tu bici en invierno de forma adecuada y que no sufra da\u00f1os para la primavera.","breadcrumb":{"@id":"https:\/\/www.welovecycling.com\/es\/2025\/02\/27\/guardar-tu-bici\/#breadcrumb"},"inLanguage":"es-ES","potentialAction":[{"@type":"ReadAction","target":["https:\/\/www.welovecycling.com\/es\/2025\/02\/27\/guardar-tu-bici\/"]}]},{"@type":"ImageObject","inLanguage":"es-ES","@id":"https:\/\/www.welovecycling.com\/es\/2025\/02\/27\/guardar-tu-bici\/#primaryimage","url":"https:\/\/d2p6e6u75xmxt8.cloudfront.net\/6\/2025\/02\/Old-Broken-Bicycle-profimedia-0965358310-CVR.webp","contentUrl":"https:\/\/d2p6e6u75xmxt8.cloudfront.net\/6\/2025\/02\/Old-Broken-Bicycle-profimedia-0965358310-CVR.webp","width":990,"height":660,"caption":"Old bicycle"},{"@type":"BreadcrumbList","@id":"https:\/\/www.welovecycling.com\/es\/2025\/02\/27\/guardar-tu-bici\/#breadcrumb","itemListElement":[{"@type":"ListItem","position":1,"name":"Home","item":"https:\/\/www.welovecycling.com\/es\/"},{"@type":"ListItem","position":2,"name":"Como no guardar tu bici"}]},{"@type":"WebSite","@id":"https:\/\/www.welovecycling.com\/es\/#website","url":"https:\/\/www.welovecycling.com\/es\/","name":"\u0160koda We Love Cycling - Spain","description":"\u0160koda WeLoveCycling Spain","potentialAction":[{"@type":"SearchAction","target":{"@type":"EntryPoint","urlTemplate":"https:\/\/www.welovecycling.com\/es\/?s={search_term_string}"},"query-input":{"@type":"PropertyValueSpecification","valueRequired":true,"valueName":"search_term_string"}}],"inLanguage":"es-ES"},{"@type":"Person","@id":"https:\/\/www.welovecycling.com\/es\/#\/schema\/person\/deb61715b5812698ee79fb96f343ccd4","name":"We Love Cycling Spain","image":{"@type":"ImageObject","inLanguage":"es-ES","@id":"https:\/\/www.welovecycling.com\/es\/#\/schema\/person\/image\/","url":"https:\/\/secure.gravatar.com\/avatar\/c824b04e6df0e37a03219d0b6481672889df542894588964102459e46513159c?s=96&d=mm&r=g","contentUrl":"https:\/\/secure.gravatar.com\/avatar\/c824b04e6df0e37a03219d0b6481672889df542894588964102459e46513159c?s=96&d=mm&r=g","caption":"We Love Cycling Spain"},"url":"https:\/\/www.welovecycling.com\/es\/author\/amunoz\/"}]}},"_links":{"self":[{"href":"https:\/\/www.welovecycling.com\/es\/wp-json\/wp\/v2\/posts\/11531","targetHints":{"allow":["GET"]}}],"collection":[{"href":"https:\/\/www.welovecycling.com\/es\/wp-json\/wp\/v2\/posts"}],"about":[{"href":"https:\/\/www.welovecycling.com\/es\/wp-json\/wp\/v2\/types\/post"}],"author":[{"embeddable":true,"href":"https:\/\/www.welovecycling.com\/es\/wp-json\/wp\/v2\/users\/29"}],"replies":[{"embeddable":true,"href":"https:\/\/www.welovecycling.com\/es\/wp-json\/wp\/v2\/comments?post=11531"}],"version-history":[{"count":2,"href":"https:\/\/www.welovecycling.com\/es\/wp-json\/wp\/v2\/posts\/11531\/revisions"}],"predecessor-version":[{"id":11539,"href":"https:\/\/www.welovecycling.com\/es\/wp-json\/wp\/v2\/posts\/11531\/revisions\/11539"}],"wp:featuredmedia":[{"embeddable":true,"href":"https:\/\/www.welovecycling.com\/es\/wp-json\/wp\/v2\/media\/11535"}],"wp:attachment":[{"href":"https:\/\/www.welovecycling.com\/es\/wp-json\/wp\/v2\/media?parent=11531"}],"wp:term":[{"taxonomy":"category","embeddable":true,"href":"https:\/\/www.welovecycling.com\/es\/wp-json\/wp\/v2\/categories?post=11531"},{"taxonomy":"post_tag","embeddable":true,"href":"https:\/\/www.welovecycling.com\/es\/wp-json\/wp\/v2\/tags?post=11531"},{"taxonomy":"global-categories","embeddable":true,"href":"https:\/\/www.welovecycling.com\/es\/wp-json\/wp\/v2\/global-categories?post=11531"}],"curies":[{"name":"wp","href":"https:\/\/api.w.org\/{rel}","templated":true}]}}