{"id":11524,"date":"2025-02-25T16:58:33","date_gmt":"2025-02-25T14:58:33","guid":{"rendered":"https:\/\/www.welovecycling.com\/es\/?p=11524"},"modified":"2025-02-25T17:00:43","modified_gmt":"2025-02-25T15:00:43","slug":"o-gran-camino-se-hace-mayor","status":"publish","type":"post","link":"https:\/\/www.welovecycling.com\/es\/2025\/02\/25\/o-gran-camino-se-hace-mayor\/","title":{"rendered":"O Gran Cami\u00f1o se hace mayor"},"content":{"rendered":"<p><strong>La carrera gallega O Gran Cami\u00f1o llega a la cuarta edici\u00f3n en 2025 con una etapa m\u00e1s, la quinta, en tierras portuguesas, perfiles sin un cent\u00edmetro llano, una contrarreloj que puede ser decisiva y un plantel del ciclistas sin un claro favorito para suceder en el podio a Alejandro Valverde y Jonas <a href=\"https:\/\/www.welovecycling.com\/es\/2023\/09\/03\/vingegaard-y-pogacar-batieron-record-vatios-tour\/\">Vingegaard,<\/a> los ilustres vencedores de las tres ediciones anteriores. Arranca el mi\u00e9rcoles 26 de febrero y finalizar\u00e1 el domingo 2 de marzo.<\/strong><\/p>\n<p><!--more--><\/p>\n<p data-start=\"130\" data-end=\"507\">O Gran Cami\u00f1o, adem\u00e1s, ser\u00e1 m\u00e1s indulgente en las condiciones clim\u00e1ticas que en sus tres ediciones precedentes. Para 2025 no hay previstas ni lluvias, ni nieve ni fr\u00edo extremo. Solo la complicada <a href=\"https:\/\/ograncamino.gal\/\">orograf\u00eda gallega y la velocidad<\/a>, que cada vez se corre m\u00e1s, ser\u00e1n los grandes rivales de un pelot\u00f3n con solo dos equipos <strong>World Tour, Movistar y Soudal Quick Step<\/strong>,\u00a0 pero con dos de los mejores continentales profesionales del mundo, Israel y Uno-X, los cuatro conjuntos espa\u00f1oles de la categor\u00eda, Kern Pharma, Caja Rural, Euskaltel y Burgos Bh, adem\u00e1s del Polti Visit Malta, Bardiani y equipos de calidad como el Arabay o la versi\u00f3n conti del Groupama FDJ.<\/p>\n<p>Entre los nombres ilustres<strong>, Carlos Canal y Oliveira,<\/strong> del Movistar, que se pueden ver beneficiados de la contrarreloj de 15 kil\u00f3metros del tercer d\u00eda, escaladores como <strong>Derek Gee, Fag\u00fandez o Knox,<\/strong> porque tambi\u00e9n hay monta\u00f1a casi todos los d\u00edas u hombres completos como<strong> Cort Nielsen o Ibon Ruiz,<\/strong> que pueden ganar casi cualquier d\u00eda. Eso es lo que va a dar emoci\u00f3n a la carrera, que sin un claro favorito no habr\u00e1 equipos dispuestos a controlar y terreno complicado y emboscadas hay de sobra.<\/p>\n<p>Ya sabemos como es <strong>Galicia, sin un metro llano y con opciones de saltar la clasificaci\u00f3n por los aires cada d\u00eda.<\/strong> Es cierto que la carrera empieza en el norte de Portugal con, quiz\u00e1s, la jornada menos complicada de todas, pero ya acumula casi 2.000 metros de desnivel en 200 kil\u00f3metros. Al d\u00eda siguiente, entre Mar\u00edn y Estrada se acumulan 2.500 metros de desnivel en 144 kil\u00f3metros con tres puertos de tercera, pero un final complicado casi siempre en subida camino de Estrada.<\/p>\n<p>La crono del viernes 28 de febrero podr\u00e1 dejar aclarada la clasificaci\u00f3n. Es cierto que son solo 15 kil\u00f3metros, pero favorece a grandes especialistas. Tambi\u00e9n dejar\u00e1 las piernas tocadas para la que es, en teor\u00eda la etapa reina. El s\u00e1bado 1 de marzo se atravesar\u00e1 la provincia de Lugo en una etapa de 140 kil\u00f3metros y 3.200 metros de desnivel. Un tercera, un segunda y el <a href=\"https:\/\/ograncamino.gal\/libro-de-ruta\">Alto de Pintinidoira,<\/a> de primera, a solo 15 kil\u00f3metros de meta, pero desde all\u00ed no hay bajada, sino una zona de repechos dura hasta Piedrafita do Cebreiro.<\/p>\n<p>La \u00faltima etapa, <strong>Cami\u00f1o da Coru\u00f1a<\/strong>, arranca en Betanzos para sumar 160 kil\u00f3metros y 2.800 metros de desnivel antes de llegar a Santiago de Compostela. All\u00ed habr\u00e1 un circuito con doble subida al alto de Lampai y seis tramos de sterrato en O Milladoiro.<\/p>\n<h3 data-start=\"204\" data-end=\"236\">Etapas de O Gran Cami\u00f1o 2025<\/h3>\n<p data-start=\"241\" data-end=\"293\"><strong data-start=\"241\" data-end=\"293\">Etapa 1: Maia (Portugal) \u2013 Matosinhos (Portugal)<\/strong><\/p>\n<ol data-start=\"238\" data-end=\"1826\">\n<li style=\"list-style-type: none;\">\n<ul data-start=\"297\" data-end=\"554\">\n<li data-start=\"297\" data-end=\"331\"><strong data-start=\"299\" data-end=\"308\">Fecha<\/strong>: 26 de febrero de 2025<\/li>\n<li data-start=\"335\" data-end=\"360\"><strong data-start=\"337\" data-end=\"350\">Distancia<\/strong>: 190,6 km<\/li>\n<li data-start=\"364\" data-end=\"554\"><strong data-start=\"366\" data-end=\"381\">Descripci\u00f3n<\/strong>: Por primera vez, la carrera inicia fuera de Espa\u00f1a, comenzando en Maia y finalizando en Matosinhos, recorriendo el norte de Portugal.\n<p data-start=\"559\" data-end=\"589\"><strong data-start=\"559\" data-end=\"589\">Etapa 2: Mar\u00edn \u2013 A Estrada<\/strong><\/p>\n<ul data-start=\"593\" data-end=\"839\">\n<li data-start=\"593\" data-end=\"627\"><strong data-start=\"595\" data-end=\"604\">Fecha<\/strong>: 27 de febrero de 2025<\/li>\n<li data-start=\"631\" data-end=\"656\"><strong data-start=\"633\" data-end=\"646\">Distancia<\/strong>: 144,8 km<\/li>\n<li data-start=\"660\" data-end=\"839\"><strong data-start=\"662\" data-end=\"677\">Descripci\u00f3n<\/strong>: Esta etapa transcurre \u00edntegramente en Pontevedra, partiendo de Mar\u00edn en la provincia de y culminando en A Estrada.\n<p data-start=\"844\" data-end=\"910\"><strong data-start=\"844\" data-end=\"910\">Etapa 3: Ourense \u2013 Pereiro de Aguiar (Contrarreloj Individual)<\/strong><\/p>\n<ul data-start=\"914\" data-end=\"1195\">\n<li data-start=\"914\" data-end=\"948\"><strong data-start=\"916\" data-end=\"925\">Fecha<\/strong>: 28 de febrero de 2025<\/li>\n<li data-start=\"952\" data-end=\"976\"><strong data-start=\"954\" data-end=\"967\">Distancia<\/strong>: 15,5 km<\/li>\n<li data-start=\"980\" data-end=\"1195\"><strong data-start=\"982\" data-end=\"997\">Descripci\u00f3n<\/strong>: Una contrarreloj individual que comienza en Ourense y finaliza en Pereiro de Aguiar, presentando un recorrido plano pero t\u00e9cnico que pondr\u00e1 a prueba a los especialistas.\n<p data-start=\"1200\" data-end=\"1255\"><strong data-start=\"1200\" data-end=\"1255\">Etapa 4: A Pobra do Broll\u00f3n \u2013 Pedrafita do Cebreiro<\/strong><\/p>\n<ul data-start=\"1259\" data-end=\"1504\">\n<li data-start=\"1259\" data-end=\"1290\"><strong data-start=\"1261\" data-end=\"1270\">Fecha<\/strong>: 1 de marzo de 2025<\/li>\n<li data-start=\"1294\" data-end=\"1317\"><strong data-start=\"1296\" data-end=\"1309\">Distancia<\/strong>: 142 km<\/li>\n<li data-start=\"1321\" data-end=\"1504\"><strong data-start=\"1323\" data-end=\"1338\">Descripci\u00f3n<\/strong>: Considerada la etapa reina, con un recorrido monta\u00f1oso por Lugo que pondr\u00e1 en problemas a los a los ciclistas en su camino hacia Pedrafita do Cebreiro, pero sin final en alto.<br \/>\n<a href=\"https:\/\/d2p6e6u75xmxt8.cloudfront.net\/6\/2025\/02\/perfiles_Mesa-de-trabajo-1-copia-3.webp\"><img loading=\"lazy\" decoding=\"async\" class=\"aligncenter size-large wp-image-11525\" src=\"https:\/\/d2p6e6u75xmxt8.cloudfront.net\/6\/2025\/02\/perfiles_Mesa-de-trabajo-1-copia-3-1024x576.webp\" alt=\"\" width=\"1024\" height=\"576\" srcset=\"https:\/\/d2p6e6u75xmxt8.cloudfront.net\/6\/2025\/02\/perfiles_Mesa-de-trabajo-1-copia-3-1024x576.webp 1024w, https:\/\/d2p6e6u75xmxt8.cloudfront.net\/6\/2025\/02\/perfiles_Mesa-de-trabajo-1-copia-3-300x169.webp 300w, https:\/\/d2p6e6u75xmxt8.cloudfront.net\/6\/2025\/02\/perfiles_Mesa-de-trabajo-1-copia-3-768x432.webp 768w, https:\/\/d2p6e6u75xmxt8.cloudfront.net\/6\/2025\/02\/perfiles_Mesa-de-trabajo-1-copia-3-400x225.webp 400w, https:\/\/d2p6e6u75xmxt8.cloudfront.net\/6\/2025\/02\/perfiles_Mesa-de-trabajo-1-copia-3.webp 1134w\" sizes=\"auto, (max-width: 1024px) 100vw, 1024px\" \/><\/a><\/p>\n<p data-start=\"1509\" data-end=\"1555\"><strong data-start=\"1509\" data-end=\"1555\">Etapa 5: Betanzos \u2013 Santiago de Compostela<\/strong><\/p>\n<ul data-start=\"1559\" data-end=\"1826\">\n<li data-start=\"1559\" data-end=\"1590\"><strong data-start=\"1561\" data-end=\"1570\">Fecha<\/strong>: 2 de marzo de 2025<\/li>\n<li data-start=\"1594\" data-end=\"1619\"><strong data-start=\"1596\" data-end=\"1609\">Distancia<\/strong>: 165,3 km<\/li>\n<li data-start=\"1623\" data-end=\"1826\"><strong data-start=\"1625\" data-end=\"1640\">Descripci\u00f3n<\/strong>: La etapa final parte de Betanzos y culmina en la emblem\u00e1tica ciudad de Santiago de Compostela, ofreciendo un cierre espectacular a la competici\u00f3n con sterrato inclu\u00eddo.<a href=\"https:\/\/d2p6e6u75xmxt8.cloudfront.net\/6\/2025\/02\/perfiles_Mesa-de-trabajo-1-copia-4-1.webp\"><img loading=\"lazy\" decoding=\"async\" class=\"aligncenter size-large wp-image-11526\" src=\"https:\/\/d2p6e6u75xmxt8.cloudfront.net\/6\/2025\/02\/perfiles_Mesa-de-trabajo-1-copia-4-1-1024x576.webp\" alt=\"\" width=\"1024\" height=\"576\" srcset=\"https:\/\/d2p6e6u75xmxt8.cloudfront.net\/6\/2025\/02\/perfiles_Mesa-de-trabajo-1-copia-4-1-1024x576.webp 1024w, https:\/\/d2p6e6u75xmxt8.cloudfront.net\/6\/2025\/02\/perfiles_Mesa-de-trabajo-1-copia-4-1-300x169.webp 300w, https:\/\/d2p6e6u75xmxt8.cloudfront.net\/6\/2025\/02\/perfiles_Mesa-de-trabajo-1-copia-4-1-768x432.webp 768w, https:\/\/d2p6e6u75xmxt8.cloudfront.net\/6\/2025\/02\/perfiles_Mesa-de-trabajo-1-copia-4-1-400x225.webp 400w, https:\/\/d2p6e6u75xmxt8.cloudfront.net\/6\/2025\/02\/perfiles_Mesa-de-trabajo-1-copia-4-1.webp 1134w\" sizes=\"auto, (max-width: 1024px) 100vw, 1024px\" \/><\/a><\/li>\n<\/ul>\n<\/li>\n<\/ul>\n<\/li>\n<\/ul>\n<\/li>\n<\/ul>\n<\/li>\n<\/ul>\n<\/li>\n<\/ol>\n<h3 data-start=\"2057\" data-end=\"2081\"><strong data-start=\"2061\" data-end=\"2079\">D\u00f3nde seguirla<\/strong><\/h3>\n<p data-start=\"2082\" data-end=\"2185\">\ud83d\udcfa La carrera ser\u00e1 transmitida en directo por Eurosport y GCN+ para los aficionados de todo el mundo.<\/p>\n","protected":false},"excerpt":{"rendered":"<p>La carrera gallega O Gran Cami\u00f1o llega a la cuarta edici\u00f3n en 2025 con una etapa m\u00e1s, la quinta, en [&hellip;]<\/p>\n","protected":false},"author":29,"featured_media":11527,"comment_status":"open","ping_status":"open","sticky":false,"template":"","format":"standard","meta":{"footnotes":""},"categories":[7],"tags":[],"global-categories":[1164],"class_list":["post-11524","post","type-post","status-publish","format-standard","has-post-thumbnail","hentry","category-carretera","global-categories-cycling"],"yoast_head":"<!-- This site is optimized with the Yoast SEO Premium plugin v25.3 (Yoast SEO v25.9) - https:\/\/yoast.com\/wordpress\/plugins\/seo\/ -->\n<title>O Gran Cami\u00f1o se hace mayor - \u0160koda We Love Cycling - Spain<\/title>\n<meta name=\"description\" content=\"O Gran Cami\u00f1o se hace mayor. La cuarta edici\u00f3n de la carrera tendr\u00e1 cinco etapas sin un claro favorito.\" \/>\n<meta name=\"robots\" content=\"index, follow, max-snippet:-1, max-image-preview:large, max-video-preview:-1\" \/>\n<link rel=\"canonical\" href=\"https:\/\/www.welovecycling.com\/es\/2025\/02\/25\/o-gran-camino-se-hace-mayor\/\" \/>\n<meta property=\"og:locale\" content=\"es_ES\" \/>\n<meta property=\"og:type\" content=\"article\" \/>\n<meta property=\"og:title\" content=\"O Gran Cami\u00f1o se hace mayor\" \/>\n<meta property=\"og:description\" content=\"O Gran Cami\u00f1o se hace mayor. La cuarta edici\u00f3n de la carrera tendr\u00e1 cinco etapas sin un claro favorito.\" \/>\n<meta property=\"og:url\" content=\"https:\/\/www.welovecycling.com\/es\/2025\/02\/25\/o-gran-camino-se-hace-mayor\/\" \/>\n<meta property=\"og:site_name\" content=\"\u0160koda We Love Cycling - Spain\" \/>\n<meta property=\"article:published_time\" content=\"2025-02-25T14:58:33+00:00\" \/>\n<meta property=\"article:modified_time\" content=\"2025-02-25T15:00:43+00:00\" \/>\n<meta property=\"og:image\" content=\"https:\/\/d2p6e6u75xmxt8.cloudfront.net\/6\/2025\/02\/O-gran-Camino.webp\" \/>\n\t<meta property=\"og:image:width\" content=\"1257\" \/>\n\t<meta property=\"og:image:height\" content=\"713\" \/>\n\t<meta property=\"og:image:type\" content=\"image\/webp\" \/>\n<meta name=\"author\" content=\"We Love Cycling Spain\" \/>\n<meta name=\"twitter:card\" content=\"summary_large_image\" \/>\n<meta name=\"twitter:description\" content=\"O Gran Cami\u00f1o se hace mayor. La cuarta edici\u00f3n de la carrera tendr\u00e1 cinco etapas sin un claro favorito.\" \/>\n<meta name=\"twitter:label1\" content=\"Written by\" \/>\n\t<meta name=\"twitter:data1\" content=\"Luis Ortega @ciclored\" \/>\n\t<meta name=\"twitter:label2\" content=\"Est. reading time\" \/>\n\t<meta name=\"twitter:data2\" content=\"4 minutes\" \/>\n<script type=\"application\/ld+json\" class=\"yoast-schema-graph\">{\"@context\":\"https:\/\/schema.org\",\"@graph\":[{\"@type\":\"WebPage\",\"@id\":\"https:\/\/www.welovecycling.com\/es\/2025\/02\/25\/o-gran-camino-se-hace-mayor\/\",\"url\":\"https:\/\/www.welovecycling.com\/es\/2025\/02\/25\/o-gran-camino-se-hace-mayor\/\",\"name\":\"O Gran Cami\u00f1o se hace mayor - \u0160koda We Love Cycling - Spain\",\"isPartOf\":{\"@id\":\"https:\/\/www.welovecycling.com\/es\/#website\"},\"primaryImageOfPage\":{\"@id\":\"https:\/\/www.welovecycling.com\/es\/2025\/02\/25\/o-gran-camino-se-hace-mayor\/#primaryimage\"},\"image\":{\"@id\":\"https:\/\/www.welovecycling.com\/es\/2025\/02\/25\/o-gran-camino-se-hace-mayor\/#primaryimage\"},\"thumbnailUrl\":\"https:\/\/d2p6e6u75xmxt8.cloudfront.net\/6\/2025\/02\/O-gran-Camino.webp\",\"datePublished\":\"2025-02-25T14:58:33+00:00\",\"dateModified\":\"2025-02-25T15:00:43+00:00\",\"author\":{\"@id\":\"https:\/\/www.welovecycling.com\/es\/#\/schema\/person\/deb61715b5812698ee79fb96f343ccd4\"},\"description\":\"O Gran Cami\u00f1o se hace mayor. La cuarta edici\u00f3n de la carrera tendr\u00e1 cinco etapas sin un claro favorito.\",\"breadcrumb\":{\"@id\":\"https:\/\/www.welovecycling.com\/es\/2025\/02\/25\/o-gran-camino-se-hace-mayor\/#breadcrumb\"},\"inLanguage\":\"es-ES\",\"potentialAction\":[{\"@type\":\"ReadAction\",\"target\":[\"https:\/\/www.welovecycling.com\/es\/2025\/02\/25\/o-gran-camino-se-hace-mayor\/\"]}]},{\"@type\":\"ImageObject\",\"inLanguage\":\"es-ES\",\"@id\":\"https:\/\/www.welovecycling.com\/es\/2025\/02\/25\/o-gran-camino-se-hace-mayor\/#primaryimage\",\"url\":\"https:\/\/d2p6e6u75xmxt8.cloudfront.net\/6\/2025\/02\/O-gran-Camino.webp\",\"contentUrl\":\"https:\/\/d2p6e6u75xmxt8.cloudfront.net\/6\/2025\/02\/O-gran-Camino.webp\",\"width\":1257,\"height\":713},{\"@type\":\"BreadcrumbList\",\"@id\":\"https:\/\/www.welovecycling.com\/es\/2025\/02\/25\/o-gran-camino-se-hace-mayor\/#breadcrumb\",\"itemListElement\":[{\"@type\":\"ListItem\",\"position\":1,\"name\":\"Home\",\"item\":\"https:\/\/www.welovecycling.com\/es\/\"},{\"@type\":\"ListItem\",\"position\":2,\"name\":\"O Gran Cami\u00f1o se hace mayor\"}]},{\"@type\":\"WebSite\",\"@id\":\"https:\/\/www.welovecycling.com\/es\/#website\",\"url\":\"https:\/\/www.welovecycling.com\/es\/\",\"name\":\"\u0160koda We Love Cycling - Spain\",\"description\":\"\u0160koda WeLoveCycling Spain\",\"potentialAction\":[{\"@type\":\"SearchAction\",\"target\":{\"@type\":\"EntryPoint\",\"urlTemplate\":\"https:\/\/www.welovecycling.com\/es\/?s={search_term_string}\"},\"query-input\":{\"@type\":\"PropertyValueSpecification\",\"valueRequired\":true,\"valueName\":\"search_term_string\"}}],\"inLanguage\":\"es-ES\"},{\"@type\":\"Person\",\"@id\":\"https:\/\/www.welovecycling.com\/es\/#\/schema\/person\/deb61715b5812698ee79fb96f343ccd4\",\"name\":\"We Love Cycling Spain\",\"image\":{\"@type\":\"ImageObject\",\"inLanguage\":\"es-ES\",\"@id\":\"https:\/\/www.welovecycling.com\/es\/#\/schema\/person\/image\/\",\"url\":\"https:\/\/secure.gravatar.com\/avatar\/c824b04e6df0e37a03219d0b6481672889df542894588964102459e46513159c?s=96&d=mm&r=g\",\"contentUrl\":\"https:\/\/secure.gravatar.com\/avatar\/c824b04e6df0e37a03219d0b6481672889df542894588964102459e46513159c?s=96&d=mm&r=g\",\"caption\":\"We Love Cycling Spain\"},\"url\":\"https:\/\/www.welovecycling.com\/es\/author\/amunoz\/\"}]}<\/script>\n<!-- \/ Yoast SEO Premium plugin. -->","yoast_head_json":{"title":"O Gran Cami\u00f1o se hace mayor - \u0160koda We Love Cycling - Spain","description":"O Gran Cami\u00f1o se hace mayor. La cuarta edici\u00f3n de la carrera tendr\u00e1 cinco etapas sin un claro favorito.","robots":{"index":"index","follow":"follow","max-snippet":"max-snippet:-1","max-image-preview":"max-image-preview:large","max-video-preview":"max-video-preview:-1"},"canonical":"https:\/\/www.welovecycling.com\/es\/2025\/02\/25\/o-gran-camino-se-hace-mayor\/","og_locale":"es_ES","og_type":"article","og_title":"O Gran Cami\u00f1o se hace mayor","og_description":"O Gran Cami\u00f1o se hace mayor. La cuarta edici\u00f3n de la carrera tendr\u00e1 cinco etapas sin un claro favorito.","og_url":"https:\/\/www.welovecycling.com\/es\/2025\/02\/25\/o-gran-camino-se-hace-mayor\/","og_site_name":"\u0160koda We Love Cycling - Spain","article_published_time":"2025-02-25T14:58:33+00:00","article_modified_time":"2025-02-25T15:00:43+00:00","og_image":[{"width":1257,"height":713,"url":"https:\/\/d2p6e6u75xmxt8.cloudfront.net\/6\/2025\/02\/O-gran-Camino.webp","type":"image\/webp"}],"author":"We Love Cycling Spain","twitter_card":"summary_large_image","twitter_description":"O Gran Cami\u00f1o se hace mayor. La cuarta edici\u00f3n de la carrera tendr\u00e1 cinco etapas sin un claro favorito.","twitter_misc":{"Written by":"Luis Ortega @ciclored","Est. reading time":"4 minutes"},"schema":{"@context":"https:\/\/schema.org","@graph":[{"@type":"WebPage","@id":"https:\/\/www.welovecycling.com\/es\/2025\/02\/25\/o-gran-camino-se-hace-mayor\/","url":"https:\/\/www.welovecycling.com\/es\/2025\/02\/25\/o-gran-camino-se-hace-mayor\/","name":"O Gran Cami\u00f1o se hace mayor - \u0160koda We Love Cycling - Spain","isPartOf":{"@id":"https:\/\/www.welovecycling.com\/es\/#website"},"primaryImageOfPage":{"@id":"https:\/\/www.welovecycling.com\/es\/2025\/02\/25\/o-gran-camino-se-hace-mayor\/#primaryimage"},"image":{"@id":"https:\/\/www.welovecycling.com\/es\/2025\/02\/25\/o-gran-camino-se-hace-mayor\/#primaryimage"},"thumbnailUrl":"https:\/\/d2p6e6u75xmxt8.cloudfront.net\/6\/2025\/02\/O-gran-Camino.webp","datePublished":"2025-02-25T14:58:33+00:00","dateModified":"2025-02-25T15:00:43+00:00","author":{"@id":"https:\/\/www.welovecycling.com\/es\/#\/schema\/person\/deb61715b5812698ee79fb96f343ccd4"},"description":"O Gran Cami\u00f1o se hace mayor. La cuarta edici\u00f3n de la carrera tendr\u00e1 cinco etapas sin un claro favorito.","breadcrumb":{"@id":"https:\/\/www.welovecycling.com\/es\/2025\/02\/25\/o-gran-camino-se-hace-mayor\/#breadcrumb"},"inLanguage":"es-ES","potentialAction":[{"@type":"ReadAction","target":["https:\/\/www.welovecycling.com\/es\/2025\/02\/25\/o-gran-camino-se-hace-mayor\/"]}]},{"@type":"ImageObject","inLanguage":"es-ES","@id":"https:\/\/www.welovecycling.com\/es\/2025\/02\/25\/o-gran-camino-se-hace-mayor\/#primaryimage","url":"https:\/\/d2p6e6u75xmxt8.cloudfront.net\/6\/2025\/02\/O-gran-Camino.webp","contentUrl":"https:\/\/d2p6e6u75xmxt8.cloudfront.net\/6\/2025\/02\/O-gran-Camino.webp","width":1257,"height":713},{"@type":"BreadcrumbList","@id":"https:\/\/www.welovecycling.com\/es\/2025\/02\/25\/o-gran-camino-se-hace-mayor\/#breadcrumb","itemListElement":[{"@type":"ListItem","position":1,"name":"Home","item":"https:\/\/www.welovecycling.com\/es\/"},{"@type":"ListItem","position":2,"name":"O Gran Cami\u00f1o se hace mayor"}]},{"@type":"WebSite","@id":"https:\/\/www.welovecycling.com\/es\/#website","url":"https:\/\/www.welovecycling.com\/es\/","name":"\u0160koda We Love Cycling - Spain","description":"\u0160koda WeLoveCycling Spain","potentialAction":[{"@type":"SearchAction","target":{"@type":"EntryPoint","urlTemplate":"https:\/\/www.welovecycling.com\/es\/?s={search_term_string}"},"query-input":{"@type":"PropertyValueSpecification","valueRequired":true,"valueName":"search_term_string"}}],"inLanguage":"es-ES"},{"@type":"Person","@id":"https:\/\/www.welovecycling.com\/es\/#\/schema\/person\/deb61715b5812698ee79fb96f343ccd4","name":"We Love Cycling Spain","image":{"@type":"ImageObject","inLanguage":"es-ES","@id":"https:\/\/www.welovecycling.com\/es\/#\/schema\/person\/image\/","url":"https:\/\/secure.gravatar.com\/avatar\/c824b04e6df0e37a03219d0b6481672889df542894588964102459e46513159c?s=96&d=mm&r=g","contentUrl":"https:\/\/secure.gravatar.com\/avatar\/c824b04e6df0e37a03219d0b6481672889df542894588964102459e46513159c?s=96&d=mm&r=g","caption":"We Love Cycling Spain"},"url":"https:\/\/www.welovecycling.com\/es\/author\/amunoz\/"}]}},"_links":{"self":[{"href":"https:\/\/www.welovecycling.com\/es\/wp-json\/wp\/v2\/posts\/11524","targetHints":{"allow":["GET"]}}],"collection":[{"href":"https:\/\/www.welovecycling.com\/es\/wp-json\/wp\/v2\/posts"}],"about":[{"href":"https:\/\/www.welovecycling.com\/es\/wp-json\/wp\/v2\/types\/post"}],"author":[{"embeddable":true,"href":"https:\/\/www.welovecycling.com\/es\/wp-json\/wp\/v2\/users\/29"}],"replies":[{"embeddable":true,"href":"https:\/\/www.welovecycling.com\/es\/wp-json\/wp\/v2\/comments?post=11524"}],"version-history":[{"count":2,"href":"https:\/\/www.welovecycling.com\/es\/wp-json\/wp\/v2\/posts\/11524\/revisions"}],"predecessor-version":[{"id":11529,"href":"https:\/\/www.welovecycling.com\/es\/wp-json\/wp\/v2\/posts\/11524\/revisions\/11529"}],"wp:featuredmedia":[{"embeddable":true,"href":"https:\/\/www.welovecycling.com\/es\/wp-json\/wp\/v2\/media\/11527"}],"wp:attachment":[{"href":"https:\/\/www.welovecycling.com\/es\/wp-json\/wp\/v2\/media?parent=11524"}],"wp:term":[{"taxonomy":"category","embeddable":true,"href":"https:\/\/www.welovecycling.com\/es\/wp-json\/wp\/v2\/categories?post=11524"},{"taxonomy":"post_tag","embeddable":true,"href":"https:\/\/www.welovecycling.com\/es\/wp-json\/wp\/v2\/tags?post=11524"},{"taxonomy":"global-categories","embeddable":true,"href":"https:\/\/www.welovecycling.com\/es\/wp-json\/wp\/v2\/global-categories?post=11524"}],"curies":[{"name":"wp","href":"https:\/\/api.w.org\/{rel}","templated":true}]}}