{"id":1152,"date":"2017-08-09T19:26:08","date_gmt":"2017-08-09T17:26:08","guid":{"rendered":"https:\/\/www.welovecycling.com\/es\/?p=1152"},"modified":"2017-08-09T19:31:26","modified_gmt":"2017-08-09T17:31:26","slug":"gante-la-ciudad-las-bicis","status":"publish","type":"post","link":"https:\/\/www.welovecycling.com\/es\/2017\/08\/09\/gante-la-ciudad-las-bicis\/","title":{"rendered":"Gante, la ciudad de las bicis"},"content":{"rendered":"<p><strong>Si en alg\u00fan lugar el ciclismo es m\u00e1s que un deporte es en la regi\u00f3n belga de Flandes y Gante, quiz\u00e1s pueda ser considerada la ciudad de las bicis. Totalmente plana, habitada por un alto n\u00famero de estudiantes y con normas de tr\u00e1fico que favorecen a los ciclistas. Gante se ha convertido, sin duda, en las ciudad de las bicis.<\/strong><br \/>\n<!--more--><\/p>\n<p>De las<strong> 250.000 personas que habitan <a href=\"http:\/\/www.visitflanders.com\/es\/destinos\/gante\/index.jsp\">Gante<\/a>,<\/strong> casi 50.000 son estudiantes, y no hay medio de <strong>transporte m\u00e1s econ\u00f3mico y efectivo que la bicicleta. Pese a que no hay datos, solo con pasear por las calles puedes intuir que hay incluso m\u00e1s bicicletas que habitantes<\/strong>. Eso s\u00ed, ser\u00eda un error pensar que solo hay ciclistas urbanos con libros en las mochilas en Gante. La <a href=\"http:\/\/www.visitflanders.com\/es\/temas\/ciclismo-en-flandes\/\">tradici\u00f3n ciclista de Flandes<\/a>, tanto deportiva como medio de transporte, viene de lejos. En una regi\u00f3n pr\u00e1cticamente plana y con distancias cortas\u00a0el coche tiene complicado competir con la bicicleta.<\/p>\n<figure style=\"width: 1024px\" class=\"wp-caption alignnone\"><img loading=\"lazy\" decoding=\"async\" src=\"https:\/\/farm6.static.flickr.com\/5346\/31280749951_8b0fc1e839_b.jpg\" alt=\"\" width=\"1024\" height=\"576\" \/><figcaption class=\"wp-caption-text\">Aparcamiento de la estaci\u00f3n de Sint Pieters. Gante. Foto Facebook<\/figcaption><\/figure>\n<p>&nbsp;<\/p>\n<p>Por eso lo primero que llama la atenci\u00f3n al visitar el centro de Gante, seguramente uno de los m\u00e1s espectaculares de todo Flandes, es la limpieza de sus edificios y la ausencia de humos. <strong>Los coches casi no tienen presencia en el n\u00facleo de la ciudad.<\/strong> En primer lugar por la pol\u00edtica restrictiva de tr\u00e1fico y despu\u00e9s por el transporte p\u00fablico (tranv\u00eda) y la comodidad, seguridad y rapidez que aportan las bicicletas.<\/p>\n<h2>Parte de la vida de Gante<\/h2>\n<p>La gran diferencia con respecto a las ciudades espa\u00f1olas <strong>son las normas de tr\u00e1fico\u00a0y la adaptaci\u00f3n de la ciudad al ciclista urbano<\/strong>. En Gante (y en todo Flandes), el ciclista suele tener prioridad sobre el coche en las rotondas y en los carriles bici.\u00a0Adem\u00e1s est\u00e1n todos perfectamente se\u00f1alizados y de forma visible. Incluso en calles de direcci\u00f3n \u00fanica para coches el ciclista puede circulan en sentido contrario si lo hace por su derecha.<\/p>\n<p><a href=\"https:\/\/d2p6e6u75xmxt8.cloudfront.net\/6\/2017\/08\/Gante-2017.jpg\"><img loading=\"lazy\" decoding=\"async\" class=\"aligncenter size-large wp-image-1164\" src=\"https:\/\/d2p6e6u75xmxt8.cloudfront.net\/6\/2017\/08\/Gante-2017-1024x768.jpg\" alt=\"\" width=\"1024\" height=\"768\" srcset=\"https:\/\/d2p6e6u75xmxt8.cloudfront.net\/6\/2017\/08\/Gante-2017.jpg 1024w, https:\/\/d2p6e6u75xmxt8.cloudfront.net\/6\/2017\/08\/Gante-2017-300x225.jpg 300w, https:\/\/d2p6e6u75xmxt8.cloudfront.net\/6\/2017\/08\/Gante-2017-768x576.jpg 768w\" sizes=\"auto, (max-width: 1024px) 100vw, 1024px\" \/><\/a><\/p>\n<p>El otro punto que distancia a<strong> Gante de las ciudades de Espa\u00f1a es la seguridad, tanto del ciclista como de la bicicleta.<\/strong> Lo m\u00e1s habitual en la ciudad flamenca es <strong>ver decenas de bicicletas aparcadas en la calle, la mayor\u00eda sin candados ni medidas de seguridad<\/strong>. Pero tambi\u00e9n existe la opci\u00f3n de aparcamiento vigilado y subterr\u00e1neo de bicis justo debajo de la plaza m\u00e1s importante de la ciudad. O en las dos estaciones de tren (Sint Pieters y GentBrugge) , donde se acumulan cientos de bicicletas, tanto de usuarios particulares como destinadas al alquiler, sin pr\u00e1cticamente ninguna medida de seguridad.<\/p>\n<p>La bicicleta se ha &#8216;adue\u00f1ado&#8217; tanto de la ciudad de Gante que<strong> la emplean en todas las escalas sociales como medio de transporte<\/strong>. No es extra\u00f1o ver por la ma\u00f1ana a oficinistas acudir a su trabajo pedaleando (incluso en d\u00edas de lluvia), a los ni\u00f1os ir al colegio y gente de cualquier edad haciendo la compra con la bicicleta cargada de bolsas. Tambi\u00e9n, aunque pudiese parecer extra\u00f1o, para salir de fiesta por la noche a los pubs del centro de Gante, zapatos de tac\u00f3n para las chicas incluidos.<\/p>\n<h2>Rutas por Gante<\/h2>\n<p>A nivel usuario es muy sencillo emplear una bicicleta en <a href=\"http:\/\/www.visitflanders.com\/es\/destinos\/gante\/index.jsp\">Gante.<\/a> Solo tienes que ir a alguna de sus estaciones y alquilar una, tienen de todos los modelos, durante el tiempo que la vayas a necesitar. A partir de ah\u00ed se abre un abanico de posibilidades. El centro hist\u00f3rico es el destino habitual.<strong> El castillo de Gravensten, la Catedral de\u00a0Sint-Baafs, la Iglesia de\u00a0Sint-Niklaaskerk, el Ayuntamiento, el Campanario de Belfort, la plaza de\u00a0Korenmarkt, el puente de\u00a0Sint-Michiels, el muelle de Graslei y sus canales<\/strong> constituyen un conjunto de obligada visita.<\/p>\n<p><a href=\"https:\/\/d2p6e6u75xmxt8.cloudfront.net\/6\/2017\/08\/8.JPG.jpg\"><img loading=\"lazy\" decoding=\"async\" class=\"aligncenter size-full wp-image-1163\" src=\"https:\/\/d2p6e6u75xmxt8.cloudfront.net\/6\/2017\/08\/8.JPG.jpg\" alt=\"\" width=\"1022\" height=\"800\" srcset=\"https:\/\/d2p6e6u75xmxt8.cloudfront.net\/6\/2017\/08\/8.JPG.jpg 1022w, https:\/\/d2p6e6u75xmxt8.cloudfront.net\/6\/2017\/08\/8.JPG-300x235.jpg 300w, https:\/\/d2p6e6u75xmxt8.cloudfront.net\/6\/2017\/08\/8.JPG-768x601.jpg 768w\" sizes=\"auto, (max-width: 1022px) 100vw, 1022px\" \/><\/a><\/p>\n<p>Pero lo bueno de <a href=\"http:\/\/www.visitflanders.com\/es\/temas\/ciclismo-en-flandes\/cicloturismo\/rutas\/circuitos-ciclistas-tematicos\/\">Flandes<\/a> es que la bicicleta te permite desplazarte por todas las ciudades de alrededor solo siguiendo las indicaciones y por carriles bici seguros. Puedes ir hasta Brujas, \u00a0bajar por la ribera del <a href=\"https:\/\/visit.gent.be\/es\/la-ruta-de-la-regi%C3%B3n-del-r%C3%ADo-lys?from_category=3343&amp;context=tourist\">rio Lys<\/a> hasta Deinze, visitar el patrimonio del <a href=\"https:\/\/visit.gent.be\/es\/rutas-en-bici-con-puntos-de-enlace?from_category=3343&amp;context=tourist\">Tour de Flandes en Oudenaarde<\/a> o seguir la ruta de<a href=\"https:\/\/visit.gent.be\/es\/ruta-de-los-castillos?from_category=3343&amp;context=tourist\"> los Castillos y Abad\u00eda<\/a>s de la zona.<\/p>\n","protected":false},"excerpt":{"rendered":"<p>Si en alg\u00fan lugar el ciclismo es m\u00e1s que un deporte es en la regi\u00f3n belga de Flandes y Gante, [&hellip;]<\/p>\n","protected":false},"author":29,"featured_media":1168,"comment_status":"open","ping_status":"open","sticky":false,"template":"","format":"standard","meta":{"footnotes":""},"categories":[6],"tags":[65,66,64],"global-categories":[],"class_list":["post-1152","post","type-post","status-publish","format-standard","has-post-thumbnail","hentry","category-urban","tag-ciclismo-urbana","tag-ciudades-ciclistas","tag-gante"],"yoast_head":"<!-- This site is optimized with the Yoast SEO Premium plugin v25.3 (Yoast SEO v25.9) - https:\/\/yoast.com\/wordpress\/plugins\/seo\/ -->\n<title>Gante, la ciudad de las bicis - \u0160koda We Love Cycling - Spain<\/title>\n<meta name=\"description\" content=\"Gante, la ciudad de las bicis. La ciudad de Flandes en la que el ciclista urbano tiene su para\u00edso.\" \/>\n<meta name=\"robots\" content=\"index, follow, max-snippet:-1, max-image-preview:large, max-video-preview:-1\" \/>\n<link rel=\"canonical\" href=\"https:\/\/www.welovecycling.com\/es\/2017\/08\/09\/gante-la-ciudad-las-bicis\/\" \/>\n<meta property=\"og:locale\" content=\"es_ES\" \/>\n<meta property=\"og:type\" content=\"article\" \/>\n<meta property=\"og:title\" content=\"Gante, la ciudad de las bicis\" \/>\n<meta property=\"og:description\" content=\"Si en alg\u00fan lugar el ciclismo es m\u00e1s que un deporte es en la regi\u00f3n belga de Flandes y Gante, quiz\u00e1s pueda ser considerada la ciudad de las bicis. Totalmente plana, habitada por un alto n\u00famero de estudiantes y con normas de tr\u00e1fico que favorecen a los ciclistas. Gante se ha convertido, sin duda, en las ciudad de las bicis.\" \/>\n<meta property=\"og:url\" content=\"https:\/\/www.welovecycling.com\/es\/2017\/08\/09\/gante-la-ciudad-las-bicis\/\" \/>\n<meta property=\"og:site_name\" content=\"\u0160koda We Love Cycling - Spain\" \/>\n<meta property=\"article:published_time\" content=\"2017-08-09T17:26:08+00:00\" \/>\n<meta property=\"article:modified_time\" content=\"2017-08-09T17:31:26+00:00\" \/>\n<meta property=\"og:image\" content=\"https:\/\/d2p6e6u75xmxt8.cloudfront.net\/6\/2017\/08\/Gante-4.jpg\" \/>\n\t<meta property=\"og:image:width\" content=\"1600\" \/>\n\t<meta property=\"og:image:height\" content=\"1200\" \/>\n\t<meta property=\"og:image:type\" content=\"image\/jpeg\" \/>\n<meta name=\"author\" content=\"We Love Cycling Spain\" \/>\n<meta name=\"twitter:card\" content=\"summary_large_image\" \/>\n<meta name=\"twitter:title\" content=\"Gante, la ciudad de las bicis\" \/>\n<meta name=\"twitter:description\" content=\"Si en alg\u00fan lugar el ciclismo es m\u00e1s que un deporte es en la regi\u00f3n belga de Flandes y Gante, quiz\u00e1s pueda ser considerada la ciudad de las bicis. Totalmente plana, habitada por un alto n\u00famero de estudiantes y con normas de tr\u00e1fico que favorecen a los ciclistas. Gante se ha convertido, sin duda, en las ciudad de las bicis.\" \/>\n<meta name=\"twitter:label1\" content=\"Written by\" \/>\n\t<meta name=\"twitter:data1\" content=\"Luis Ortega @ciclored\" \/>\n\t<meta name=\"twitter:label2\" content=\"Est. reading time\" \/>\n\t<meta name=\"twitter:data2\" content=\"4 minutes\" \/>\n<script type=\"application\/ld+json\" class=\"yoast-schema-graph\">{\"@context\":\"https:\/\/schema.org\",\"@graph\":[{\"@type\":\"WebPage\",\"@id\":\"https:\/\/www.welovecycling.com\/es\/2017\/08\/09\/gante-la-ciudad-las-bicis\/\",\"url\":\"https:\/\/www.welovecycling.com\/es\/2017\/08\/09\/gante-la-ciudad-las-bicis\/\",\"name\":\"Gante, la ciudad de las bicis - \u0160koda We Love Cycling - Spain\",\"isPartOf\":{\"@id\":\"https:\/\/www.welovecycling.com\/es\/#website\"},\"primaryImageOfPage\":{\"@id\":\"https:\/\/www.welovecycling.com\/es\/2017\/08\/09\/gante-la-ciudad-las-bicis\/#primaryimage\"},\"image\":{\"@id\":\"https:\/\/www.welovecycling.com\/es\/2017\/08\/09\/gante-la-ciudad-las-bicis\/#primaryimage\"},\"thumbnailUrl\":\"https:\/\/d2p6e6u75xmxt8.cloudfront.net\/6\/2017\/08\/Gante-4.jpg\",\"datePublished\":\"2017-08-09T17:26:08+00:00\",\"dateModified\":\"2017-08-09T17:31:26+00:00\",\"author\":{\"@id\":\"https:\/\/www.welovecycling.com\/es\/#\/schema\/person\/deb61715b5812698ee79fb96f343ccd4\"},\"description\":\"Gante, la ciudad de las bicis. La ciudad de Flandes en la que el ciclista urbano tiene su para\u00edso.\",\"breadcrumb\":{\"@id\":\"https:\/\/www.welovecycling.com\/es\/2017\/08\/09\/gante-la-ciudad-las-bicis\/#breadcrumb\"},\"inLanguage\":\"es-ES\",\"potentialAction\":[{\"@type\":\"ReadAction\",\"target\":[\"https:\/\/www.welovecycling.com\/es\/2017\/08\/09\/gante-la-ciudad-las-bicis\/\"]}]},{\"@type\":\"ImageObject\",\"inLanguage\":\"es-ES\",\"@id\":\"https:\/\/www.welovecycling.com\/es\/2017\/08\/09\/gante-la-ciudad-las-bicis\/#primaryimage\",\"url\":\"https:\/\/d2p6e6u75xmxt8.cloudfront.net\/6\/2017\/08\/Gante-4.jpg\",\"contentUrl\":\"https:\/\/d2p6e6u75xmxt8.cloudfront.net\/6\/2017\/08\/Gante-4.jpg\",\"width\":1600,\"height\":1200},{\"@type\":\"BreadcrumbList\",\"@id\":\"https:\/\/www.welovecycling.com\/es\/2017\/08\/09\/gante-la-ciudad-las-bicis\/#breadcrumb\",\"itemListElement\":[{\"@type\":\"ListItem\",\"position\":1,\"name\":\"Home\",\"item\":\"https:\/\/www.welovecycling.com\/es\/\"},{\"@type\":\"ListItem\",\"position\":2,\"name\":\"Gante, la ciudad de las bicis\"}]},{\"@type\":\"WebSite\",\"@id\":\"https:\/\/www.welovecycling.com\/es\/#website\",\"url\":\"https:\/\/www.welovecycling.com\/es\/\",\"name\":\"\u0160koda We Love Cycling - Spain\",\"description\":\"\u0160koda WeLoveCycling Spain\",\"potentialAction\":[{\"@type\":\"SearchAction\",\"target\":{\"@type\":\"EntryPoint\",\"urlTemplate\":\"https:\/\/www.welovecycling.com\/es\/?s={search_term_string}\"},\"query-input\":{\"@type\":\"PropertyValueSpecification\",\"valueRequired\":true,\"valueName\":\"search_term_string\"}}],\"inLanguage\":\"es-ES\"},{\"@type\":\"Person\",\"@id\":\"https:\/\/www.welovecycling.com\/es\/#\/schema\/person\/deb61715b5812698ee79fb96f343ccd4\",\"name\":\"We Love Cycling Spain\",\"image\":{\"@type\":\"ImageObject\",\"inLanguage\":\"es-ES\",\"@id\":\"https:\/\/www.welovecycling.com\/es\/#\/schema\/person\/image\/\",\"url\":\"https:\/\/secure.gravatar.com\/avatar\/c824b04e6df0e37a03219d0b6481672889df542894588964102459e46513159c?s=96&d=mm&r=g\",\"contentUrl\":\"https:\/\/secure.gravatar.com\/avatar\/c824b04e6df0e37a03219d0b6481672889df542894588964102459e46513159c?s=96&d=mm&r=g\",\"caption\":\"We Love Cycling Spain\"},\"url\":\"https:\/\/www.welovecycling.com\/es\/author\/amunoz\/\"}]}<\/script>\n<!-- \/ Yoast SEO Premium plugin. -->","yoast_head_json":{"title":"Gante, la ciudad de las bicis - \u0160koda We Love Cycling - Spain","description":"Gante, la ciudad de las bicis. La ciudad de Flandes en la que el ciclista urbano tiene su para\u00edso.","robots":{"index":"index","follow":"follow","max-snippet":"max-snippet:-1","max-image-preview":"max-image-preview:large","max-video-preview":"max-video-preview:-1"},"canonical":"https:\/\/www.welovecycling.com\/es\/2017\/08\/09\/gante-la-ciudad-las-bicis\/","og_locale":"es_ES","og_type":"article","og_title":"Gante, la ciudad de las bicis","og_description":"Si en alg\u00fan lugar el ciclismo es m\u00e1s que un deporte es en la regi\u00f3n belga de Flandes y Gante, quiz\u00e1s pueda ser considerada la ciudad de las bicis. Totalmente plana, habitada por un alto n\u00famero de estudiantes y con normas de tr\u00e1fico que favorecen a los ciclistas. Gante se ha convertido, sin duda, en las ciudad de las bicis.","og_url":"https:\/\/www.welovecycling.com\/es\/2017\/08\/09\/gante-la-ciudad-las-bicis\/","og_site_name":"\u0160koda We Love Cycling - Spain","article_published_time":"2017-08-09T17:26:08+00:00","article_modified_time":"2017-08-09T17:31:26+00:00","og_image":[{"width":1600,"height":1200,"url":"https:\/\/d2p6e6u75xmxt8.cloudfront.net\/6\/2017\/08\/Gante-4.jpg","type":"image\/jpeg"}],"author":"We Love Cycling Spain","twitter_card":"summary_large_image","twitter_title":"Gante, la ciudad de las bicis","twitter_description":"Si en alg\u00fan lugar el ciclismo es m\u00e1s que un deporte es en la regi\u00f3n belga de Flandes y Gante, quiz\u00e1s pueda ser considerada la ciudad de las bicis. Totalmente plana, habitada por un alto n\u00famero de estudiantes y con normas de tr\u00e1fico que favorecen a los ciclistas. Gante se ha convertido, sin duda, en las ciudad de las bicis.","twitter_misc":{"Written by":"Luis Ortega @ciclored","Est. reading time":"4 minutes"},"schema":{"@context":"https:\/\/schema.org","@graph":[{"@type":"WebPage","@id":"https:\/\/www.welovecycling.com\/es\/2017\/08\/09\/gante-la-ciudad-las-bicis\/","url":"https:\/\/www.welovecycling.com\/es\/2017\/08\/09\/gante-la-ciudad-las-bicis\/","name":"Gante, la ciudad de las bicis - \u0160koda We Love Cycling - Spain","isPartOf":{"@id":"https:\/\/www.welovecycling.com\/es\/#website"},"primaryImageOfPage":{"@id":"https:\/\/www.welovecycling.com\/es\/2017\/08\/09\/gante-la-ciudad-las-bicis\/#primaryimage"},"image":{"@id":"https:\/\/www.welovecycling.com\/es\/2017\/08\/09\/gante-la-ciudad-las-bicis\/#primaryimage"},"thumbnailUrl":"https:\/\/d2p6e6u75xmxt8.cloudfront.net\/6\/2017\/08\/Gante-4.jpg","datePublished":"2017-08-09T17:26:08+00:00","dateModified":"2017-08-09T17:31:26+00:00","author":{"@id":"https:\/\/www.welovecycling.com\/es\/#\/schema\/person\/deb61715b5812698ee79fb96f343ccd4"},"description":"Gante, la ciudad de las bicis. La ciudad de Flandes en la que el ciclista urbano tiene su para\u00edso.","breadcrumb":{"@id":"https:\/\/www.welovecycling.com\/es\/2017\/08\/09\/gante-la-ciudad-las-bicis\/#breadcrumb"},"inLanguage":"es-ES","potentialAction":[{"@type":"ReadAction","target":["https:\/\/www.welovecycling.com\/es\/2017\/08\/09\/gante-la-ciudad-las-bicis\/"]}]},{"@type":"ImageObject","inLanguage":"es-ES","@id":"https:\/\/www.welovecycling.com\/es\/2017\/08\/09\/gante-la-ciudad-las-bicis\/#primaryimage","url":"https:\/\/d2p6e6u75xmxt8.cloudfront.net\/6\/2017\/08\/Gante-4.jpg","contentUrl":"https:\/\/d2p6e6u75xmxt8.cloudfront.net\/6\/2017\/08\/Gante-4.jpg","width":1600,"height":1200},{"@type":"BreadcrumbList","@id":"https:\/\/www.welovecycling.com\/es\/2017\/08\/09\/gante-la-ciudad-las-bicis\/#breadcrumb","itemListElement":[{"@type":"ListItem","position":1,"name":"Home","item":"https:\/\/www.welovecycling.com\/es\/"},{"@type":"ListItem","position":2,"name":"Gante, la ciudad de las bicis"}]},{"@type":"WebSite","@id":"https:\/\/www.welovecycling.com\/es\/#website","url":"https:\/\/www.welovecycling.com\/es\/","name":"\u0160koda We Love Cycling - Spain","description":"\u0160koda WeLoveCycling Spain","potentialAction":[{"@type":"SearchAction","target":{"@type":"EntryPoint","urlTemplate":"https:\/\/www.welovecycling.com\/es\/?s={search_term_string}"},"query-input":{"@type":"PropertyValueSpecification","valueRequired":true,"valueName":"search_term_string"}}],"inLanguage":"es-ES"},{"@type":"Person","@id":"https:\/\/www.welovecycling.com\/es\/#\/schema\/person\/deb61715b5812698ee79fb96f343ccd4","name":"We Love Cycling Spain","image":{"@type":"ImageObject","inLanguage":"es-ES","@id":"https:\/\/www.welovecycling.com\/es\/#\/schema\/person\/image\/","url":"https:\/\/secure.gravatar.com\/avatar\/c824b04e6df0e37a03219d0b6481672889df542894588964102459e46513159c?s=96&d=mm&r=g","contentUrl":"https:\/\/secure.gravatar.com\/avatar\/c824b04e6df0e37a03219d0b6481672889df542894588964102459e46513159c?s=96&d=mm&r=g","caption":"We Love Cycling Spain"},"url":"https:\/\/www.welovecycling.com\/es\/author\/amunoz\/"}]}},"_links":{"self":[{"href":"https:\/\/www.welovecycling.com\/es\/wp-json\/wp\/v2\/posts\/1152","targetHints":{"allow":["GET"]}}],"collection":[{"href":"https:\/\/www.welovecycling.com\/es\/wp-json\/wp\/v2\/posts"}],"about":[{"href":"https:\/\/www.welovecycling.com\/es\/wp-json\/wp\/v2\/types\/post"}],"author":[{"embeddable":true,"href":"https:\/\/www.welovecycling.com\/es\/wp-json\/wp\/v2\/users\/29"}],"replies":[{"embeddable":true,"href":"https:\/\/www.welovecycling.com\/es\/wp-json\/wp\/v2\/comments?post=1152"}],"version-history":[{"count":2,"href":"https:\/\/www.welovecycling.com\/es\/wp-json\/wp\/v2\/posts\/1152\/revisions"}],"predecessor-version":[{"id":1170,"href":"https:\/\/www.welovecycling.com\/es\/wp-json\/wp\/v2\/posts\/1152\/revisions\/1170"}],"wp:featuredmedia":[{"embeddable":true,"href":"https:\/\/www.welovecycling.com\/es\/wp-json\/wp\/v2\/media\/1168"}],"wp:attachment":[{"href":"https:\/\/www.welovecycling.com\/es\/wp-json\/wp\/v2\/media?parent=1152"}],"wp:term":[{"taxonomy":"category","embeddable":true,"href":"https:\/\/www.welovecycling.com\/es\/wp-json\/wp\/v2\/categories?post=1152"},{"taxonomy":"post_tag","embeddable":true,"href":"https:\/\/www.welovecycling.com\/es\/wp-json\/wp\/v2\/tags?post=1152"},{"taxonomy":"global-categories","embeddable":true,"href":"https:\/\/www.welovecycling.com\/es\/wp-json\/wp\/v2\/global-categories?post=1152"}],"curies":[{"name":"wp","href":"https:\/\/api.w.org\/{rel}","templated":true}]}}