{"id":11517,"date":"2025-02-27T20:26:41","date_gmt":"2025-02-27T18:26:41","guid":{"rendered":"https:\/\/www.welovecycling.com\/es\/?p=11517"},"modified":"2025-02-25T20:49:30","modified_gmt":"2025-02-25T18:49:30","slug":"reinas-gravel","status":"publish","type":"post","link":"https:\/\/www.welovecycling.com\/es\/2025\/02\/27\/reinas-gravel\/","title":{"rendered":"Reinas del gravel: \u00bfEn que mujeres fijarse en 2025?"},"content":{"rendered":"<p><strong>El gravel ha pasado r\u00e1pidamente de ser una disciplina de nicho a convertirse en uno de los segmentos m\u00e1s apasionantes e integradores del deporte. Las mujeres han estado a la vanguardia de esta evoluci\u00f3n, dando forma a la cultura, el panorama de las carreras y la accesibilidad del ciclismo sobre grava. Con su \u00e9nfasis en la aventura, la camarader\u00eda y el desaf\u00edo personal, el gravel proporciona un espacio \u00fanico en el que las ciclistas no s\u00f3lo participan, sino que tambi\u00e9n impulsan un cambio significativo. A medida que nos adentramos en la temporada 2025, \u00bfqu\u00e9 podemos esperar de las mujeres del gravel?<\/strong><\/p>\n<p><!--more--><\/p>\n<h2><b>El crecimiento de las carreras gravel desde la base<\/b><\/h2>\n<p>A diferencia del ciclismo de carretera tradicional, en el que dominan los equipos tradicionales y las estructuras de carreras de larga duraci\u00f3n, el gravel se ha desarrollado como un movimiento de base. Las mujeres han desempe\u00f1ado un papel crucial en la construcci\u00f3n de esta comunidad desde la base, ya sea organizando eventos dirigidos por mujeres, abogando por la igualdad de oportunidades en las carreras o simplemente present\u00e1ndose y superando los l\u00edmites de lo posible.<\/p>\n<p>Uno de los cambios m\u00e1s notables de los \u00faltimos a\u00f1os es la presencia cada vez mayor de mujeres en las carreras de grava m\u00e1s importantes. Carreras como Unbound Gravel y SBT GRVL han experimentado un aumento significativo de la participaci\u00f3n femenina, gracias en parte a una mayor cobertura medi\u00e1tica, la paridad de premios y las iniciativas de formaci\u00f3n centradas en la mujer. El impacto de estos esfuerzos es claro: m\u00e1s mujeres que nunca se apuntan a sus primeras carreras de gravel, inspiradas por una cultura que prioriza la inclusi\u00f3n sobre la exclusividad.<\/p>\n<p>El crecimiento de eventos y organizaciones espec\u00edficos para mujeres tambi\u00e9n ha desempe\u00f1ado un papel fundamental en este movimiento. Grupos como Girls Gone Gravel han desempe\u00f1ado un papel decisivo a la hora de crear comunidades, proporcionar recursos y animar a las mujeres a explorar la conducci\u00f3n sobre grava. Sus iniciativas abarcan desde la organizaci\u00f3n de eventos hasta el ofrecimiento de consejos sobre equipamiento y entrenamiento, todo ello adaptado para apoyar a las ciclistas.<\/p>\n<h2><b>Eventos destacados del gravel femenino<\/b><\/h2>\n<p>Afortunadamente, el calendario de 2025 est\u00e1 repleto de eventos que celebran y apoyan a las ciclistas de gravilla. He aqu\u00ed algunos de los m\u00e1s destacados:<\/p>\n<p><a href=\"https:\/\/www.thedustybandita.com\/\"><span style=\"font-weight: 400;\">The Dusty Bandita<\/span><\/a> (7 de junio de 2025, Ovando, MT): Esta carrera femenina de gravel ofrece opciones de 45 y 80 millas, con el objetivo de inspirar a las participantes a superar sus l\u00edmites en medio de los impresionantes paisajes de Montana. Es un evento que hace hincapi\u00e9 en el desaf\u00edo y la comunidad, animando a las mujeres a \u00abcavar hondo, escalar las grandes subidas y tomar la l\u00ednea interior\u00bb.<\/p>\n<p><a href=\"https:\/\/www.prairiebloomcc.com\/superbloom-gravel\">Glenwood Superbloom Women&#8217;s Gravel Event<\/a> (6 de septiembre de 2025, Glenwood, AR): Celebrado como una experiencia emocionante y empoderadora, este evento honra el esp\u00edritu de las mujeres en el ciclismo. Enclavado en el pintoresco Arkansas, ofrece una oportunidad \u00fanica para que las ciclistas conecten y conquisten diversos terrenos.<\/p>\n<p><a href=\"https:\/\/www.gravelworlds.com\/\">Gravel Worlds<\/a> (20-24 de agosto de 2025, Lincoln, NE): En su decimosexta edici\u00f3n, los Mundiales de Gravel siguen siendo un referente en la comunidad de la grava. Con Garmin como patrocinador principal, el evento subraya su compromiso de proporcionar una plataforma para todos los ciclistas, incluyendo un fuerte enfoque en la participaci\u00f3n de las mujeres.<\/p>\n<h2><b>Figuras destacadas del gravel femenino<\/b><\/h2>\n<p>La escena del gravel cuenta con una lista de talentosas corredoras que han causado un gran impacto. \u00c9stas son s\u00f3lo algunas de nuestras favoritas a las que no hay que perder de vista esta temporada:<\/p>\n<h4><b>Xan Crees<\/b><\/h4>\n<blockquote class=\"instagram-media\" style=\"background: #FFF; border: 0; border-radius: 3px; box-shadow: 0 0 1px 0 rgba(0,0,0,0.5),0 1px 10px 0 rgba(0,0,0,0.15); margin: 1px; max-width: 540px; min-width: 326px; padding: 0; width: calc(100% - 2px);\" data-instgrm-captioned=\"\" data-instgrm-permalink=\"https:\/\/www.instagram.com\/p\/DF0nIm4N7o2\/?utm_source=ig_embed&amp;utm_campaign=loading\" data-instgrm-version=\"14\">\n<div style=\"padding: 16px;\">\n<p>&nbsp;<\/p>\n<div style=\"display: flex; flex-direction: row; align-items: center;\">\n<div style=\"background-color: #f4f4f4; border-radius: 50%; flex-grow: 0; height: 40px; margin-right: 14px; width: 40px;\"><\/div>\n<div style=\"display: flex; flex-direction: column; flex-grow: 1; justify-content: center;\">\n<div style=\"background-color: #f4f4f4; border-radius: 4px; flex-grow: 0; height: 14px; margin-bottom: 6px; width: 100px;\"><\/div>\n<div style=\"background-color: #f4f4f4; border-radius: 4px; flex-grow: 0; height: 14px; width: 60px;\"><\/div>\n<\/div>\n<\/div>\n<div style=\"padding: 19% 0;\"><\/div>\n<div style=\"display: block; height: 50px; margin: 0 auto 12px; width: 50px;\"><\/div>\n<div style=\"padding-top: 8px;\">\n<div style=\"color: #3897f0; font-family: Arial,sans-serif; font-size: 14px; font-style: normal; font-weight: 550; line-height: 18px;\">View this post on Instagram<\/div>\n<\/div>\n<div style=\"padding: 12.5% 0;\"><\/div>\n<div style=\"display: flex; flex-direction: row; margin-bottom: 14px; align-items: center;\">\n<div>\n<div style=\"background-color: #f4f4f4; border-radius: 50%; height: 12.5px; width: 12.5px; transform: translateX(0px) translateY(7px);\"><\/div>\n<div style=\"background-color: #f4f4f4; height: 12.5px; transform: rotate(-45deg) translateX(3px) translateY(1px); width: 12.5px; flex-grow: 0; margin-right: 14px; margin-left: 2px;\"><\/div>\n<div style=\"background-color: #f4f4f4; border-radius: 50%; height: 12.5px; width: 12.5px; transform: translateX(9px) translateY(-18px);\"><\/div>\n<\/div>\n<div style=\"margin-left: 8px;\">\n<div style=\"background-color: #f4f4f4; border-radius: 50%; flex-grow: 0; height: 20px; width: 20px;\"><\/div>\n<div style=\"width: 0; height: 0; border-top: 2px solid transparent; border-left: 6px solid #f4f4f4; border-bottom: 2px solid transparent; transform: translateX(16px) translateY(-4px) rotate(30deg);\"><\/div>\n<\/div>\n<div style=\"margin-left: auto;\">\n<div style=\"width: 0px; border-top: 8px solid #F4F4F4; border-right: 8px solid transparent; transform: translateY(16px);\"><\/div>\n<div style=\"background-color: #f4f4f4; flex-grow: 0; height: 12px; width: 16px; transform: translateY(-4px);\"><\/div>\n<div style=\"width: 0; height: 0; border-top: 8px solid #F4F4F4; border-left: 8px solid transparent; transform: translateY(-4px) translateX(8px);\"><\/div>\n<\/div>\n<\/div>\n<div style=\"display: flex; flex-direction: column; flex-grow: 1; justify-content: center; margin-bottom: 24px;\">\n<div style=\"background-color: #f4f4f4; border-radius: 4px; flex-grow: 0; height: 14px; margin-bottom: 6px; width: 224px;\"><\/div>\n<div style=\"background-color: #f4f4f4; border-radius: 4px; flex-grow: 0; height: 14px; width: 144px;\"><\/div>\n<\/div>\n<p>&nbsp;<\/p>\n<p style=\"color: #c9c8cd; font-family: Arial,sans-serif; font-size: 14px; line-height: 17px; margin-bottom: 0; margin-top: 8px; overflow: hidden; padding: 8px 0 7px; text-align: center; text-overflow: ellipsis; white-space: nowrap;\"><a style=\"color: #c9c8cd; font-family: Arial,sans-serif; font-size: 14px; font-style: normal; font-weight: normal; line-height: 17px; text-decoration: none;\" href=\"https:\/\/www.instagram.com\/p\/DF0nIm4N7o2\/?utm_source=ig_embed&amp;utm_campaign=loading\" target=\"_blank\" rel=\"noopener\">A post shared by Xan Crees \u2728 (@xancrees)<\/a><\/p>\n<\/div>\n<\/blockquote>\n<p><script async src=\"\/\/www.instagram.com\/embed.js\"><\/script> Natural de Derby (Reino Unido), Xan ha ascendido r\u00e1pidamente en las disciplinas de gravel y ciclocross. En 2023 se proclam\u00f3 campeona nacional brit\u00e1nica de gravel, demostrando su versatilidad. Su trayectoria, desde las carreras en clubes locales hasta convertirse en campeona nacional, sirve de inspiraci\u00f3n a muchos aspirantes a ciclistas.<\/p>\n<h4><b>Sof\u00eda Rodr\u00edguez<\/b><\/h4>\n<p>Surgida como una competidora formidable, Sof\u00eda se asegur\u00f3 la victoria en la primera edici\u00f3n de la Carrera de Tierra de Castell\u00f3n. Su actuaci\u00f3n puso de relieve sus proezas personales y llam\u00f3 la atenci\u00f3n sobre el creciente protagonismo de las carreras sobre tierra en regiones como Castell\u00f3n y la Comunidad Valenciana en general.<\/p>\n<h4><b>Sarah Sturm<\/b><\/h4>\n<p>Conocida por su versatilidad y su enfoque comunitario del deporte, Sarah sigue destacando en la escena del gravel. Su experiencia en ciclismo de monta\u00f1a y ciclocross le ha ayudado a aportar un estilo din\u00e1mico y agresivo a las carreras de gravel, mientras que su defensa de la inclusi\u00f3n en el ciclismo la convierte en una atleta digna de seguir.<\/p>\n<h4><b>Lauren De Crescenzo<\/b><\/h4>\n<p>Lauren, ex corredora de carretera convertida en estrella del gravel, salt\u00f3 a los titulares con su dominante victoria en Unbound Gravel 200 en 2021. Contin\u00faa siendo una fuerza importante en la disciplina, aprovechando su resistencia y su experiencia en carreras de carretera para afrontar desaf\u00edos de grava de larga distancia con una consistencia notable.<\/p>\n<h4><b>Emily Newsom<\/b><\/h4>\n<p>En su transici\u00f3n de las carreras profesionales de carretera a la grava, Emily ha demostrado una adaptabilidad excepcional, compitiendo al m\u00e1s alto nivel en eventos como Big Sugar Gravel y la UCI Gravel World Series. Su amplia experiencia en carreras de resistencia en carretera le proporciona una ventaja en las carreras de grava m\u00e1s largas y t\u00e1cticas.<\/p>\n<h4><b>Amity Rockwell<\/b><\/h4>\n<p>Como antigua ganadora de Unbound Gravel, Amity sigue siendo una figura clave en la creciente disciplina de las carreras sobre grava. Su resistencia y experiencia en pruebas de larga distancia la convierten en una de las favoritas para las carreras m\u00e1s importantes de 2025.<\/p>\n<h4>\u00a0Nuevas caras del gravel<\/h4>\n<p>Los ciclistas que han abandonado el ciclismo de carretera o de monta\u00f1a est\u00e1n aportando nuevas energ\u00edas a las carreras sobre tierra. Ciclistas como Sof\u00eda G\u00f3mez Villafa\u00f1e y Haley Smith se han centrado cada vez m\u00e1s en las pruebas sobre grava, demostrando su capacidad para adaptarse y destacar en esta disciplina. Sus trayectorias en el ciclismo de monta\u00f1a cross-country y en las carreras de carretera aportan diferentes puntos fuertes a la escena del gravel, lo que las convierte en ciclistas interesantes a tener en cuenta en las pr\u00f3ximas temporadas.<\/p>\n<h2><b>El cambiante panorama de la competici\u00f3n<\/b><\/h2>\n<p>La din\u00e1mica de las carreras de gravel est\u00e1 evolucionando, con las mujeres en el centro de algunos de los desarrollos m\u00e1s emocionantes. A diferencia de las carreras de carretera tradicionales, las pruebas de gravel suelen contar con salidas masivas, lo que significa que hombres y mujeres corren juntos. Esto crea desaf\u00edos y oportunidades t\u00e1cticas \u00fanicas, especialmente para las mujeres de \u00e9lite que deben navegar por la din\u00e1mica de grupo, las estrategias de drafting y el ritmo con campos mixtos.<\/p>\n<p>Algunas atletas y organizadores de eventos han empezado a experimentar con formatos de carrera alternativos, como salidas separadas para las mujeres, para permitir una competici\u00f3n m\u00e1s directa dentro del campo femenino. Estos cambios est\u00e1n suscitando valiosos debates sobre c\u00f3mo mantener el esp\u00edritu de la grava al tiempo que se garantiza una din\u00e1mica de carrera justa y convincente.<\/p>\n<h2><b>Retos y oportunidades de futuro<\/b><\/h2>\n<p>Aunque el ciclismo de monta\u00f1a ha hecho grandes progresos en materia de igualdad de g\u00e9nero, a\u00fan quedan retos por superar. La representaci\u00f3n en la cobertura medi\u00e1tica, las oportunidades de patrocinio y los puestos de liderazgo en el sector siguen estando por detr\u00e1s del crecimiento de la participaci\u00f3n femenina en este deporte. Garantizar que las mujeres reciban la misma visibilidad en las retransmisiones de las carreras, los patrocinios de las marcas y los premios en met\u00e1lico ser\u00e1 fundamental para mantener el impulso.<\/p>\n<p>Sin embargo, las oportunidades superan a los retos. El ciclismo femenino de monta\u00f1a tiene que ver con la comunidad, la aventura y la redefinici\u00f3n de lo que puede ser el ciclismo. A medida que m\u00e1s mujeres se suman a este deporte, aportan nueva energ\u00eda, ideas y perspectivas que seguir\u00e1n mejorando el ciclismo sobre grava.<\/p>\n","protected":false},"excerpt":{"rendered":"<p>El gravel ha pasado r\u00e1pidamente de ser una disciplina de nicho a convertirse en uno de los segmentos m\u00e1s apasionantes [&hellip;]<\/p>\n","protected":false},"author":29,"featured_media":11519,"comment_status":"open","ping_status":"open","sticky":false,"template":"","format":"standard","meta":{"footnotes":""},"categories":[9],"tags":[],"global-categories":[],"class_list":["post-11517","post","type-post","status-publish","format-standard","has-post-thumbnail","hentry","category-mtb-aventura"],"yoast_head":"<!-- This site is optimized with the Yoast SEO Premium plugin v25.3 (Yoast SEO v25.9) - https:\/\/yoast.com\/wordpress\/plugins\/seo\/ -->\n<title>Reinas del gravel: \u00bfEn que mujeres fijarse en 2025?<\/title>\n<meta name=\"description\" content=\"Reinas del gravel: \u00bfEn que mujeres fijarse en 2025? Las j\u00f3venes promesas del gravel mundial para esta temporada.\" \/>\n<meta name=\"robots\" content=\"index, follow, max-snippet:-1, max-image-preview:large, max-video-preview:-1\" \/>\n<link rel=\"canonical\" href=\"https:\/\/www.welovecycling.com\/es\/2025\/02\/27\/reinas-gravel\/\" \/>\n<meta property=\"og:locale\" content=\"es_ES\" \/>\n<meta property=\"og:type\" content=\"article\" \/>\n<meta property=\"og:title\" content=\"Reinas del gravel: \u00bfEn que mujeres fijarse en 2025?\" \/>\n<meta property=\"og:description\" content=\"Reinas del gravel: \u00bfEn que mujeres fijarse en 2025? Las j\u00f3venes promesas del gravel mundial para esta temporada.\" \/>\n<meta property=\"og:url\" content=\"https:\/\/www.welovecycling.com\/es\/2025\/02\/27\/reinas-gravel\/\" \/>\n<meta property=\"og:site_name\" content=\"\u0160koda We Love Cycling - Spain\" \/>\n<meta property=\"article:published_time\" content=\"2025-02-27T18:26:41+00:00\" \/>\n<meta property=\"og:image\" content=\"https:\/\/d2p6e6u75xmxt8.cloudfront.net\/6\/2025\/02\/Women-Gravel-Cycling-profimedia-0922185014-CVR.webp\" \/>\n\t<meta property=\"og:image:width\" content=\"990\" \/>\n\t<meta property=\"og:image:height\" content=\"660\" \/>\n\t<meta property=\"og:image:type\" content=\"image\/webp\" \/>\n<meta name=\"author\" content=\"We Love Cycling Spain\" \/>\n<meta name=\"twitter:card\" content=\"summary_large_image\" \/>\n<meta name=\"twitter:description\" content=\"Reinas del gravel: \u00bfEn que mujeres fijarse en 2025? Las j\u00f3venes promesas del gravel mundial para esta temporada.\" \/>\n<meta name=\"twitter:label1\" content=\"Written by\" \/>\n\t<meta name=\"twitter:data1\" content=\"Megan Flottorp\" \/>\n\t<meta name=\"twitter:label2\" content=\"Est. reading time\" \/>\n\t<meta name=\"twitter:data2\" content=\"4\" \/>\n<script type=\"application\/ld+json\" class=\"yoast-schema-graph\">{\"@context\":\"https:\/\/schema.org\",\"@graph\":[{\"@type\":\"WebPage\",\"@id\":\"https:\/\/www.welovecycling.com\/es\/2025\/02\/27\/reinas-gravel\/\",\"url\":\"https:\/\/www.welovecycling.com\/es\/2025\/02\/27\/reinas-gravel\/\",\"name\":\"Reinas del gravel: \u00bfEn que mujeres fijarse en 2025?\",\"isPartOf\":{\"@id\":\"https:\/\/www.welovecycling.com\/es\/#website\"},\"primaryImageOfPage\":{\"@id\":\"https:\/\/www.welovecycling.com\/es\/2025\/02\/27\/reinas-gravel\/#primaryimage\"},\"image\":{\"@id\":\"https:\/\/www.welovecycling.com\/es\/2025\/02\/27\/reinas-gravel\/#primaryimage\"},\"thumbnailUrl\":\"https:\/\/d2p6e6u75xmxt8.cloudfront.net\/6\/2025\/02\/Women-Gravel-Cycling-profimedia-0922185014-CVR.webp\",\"datePublished\":\"2025-02-27T18:26:41+00:00\",\"author\":{\"@id\":\"https:\/\/www.welovecycling.com\/es\/#\/schema\/person\/deb61715b5812698ee79fb96f343ccd4\"},\"description\":\"Reinas del gravel: \u00bfEn que mujeres fijarse en 2025? Las j\u00f3venes promesas del gravel mundial para esta temporada.\",\"breadcrumb\":{\"@id\":\"https:\/\/www.welovecycling.com\/es\/2025\/02\/27\/reinas-gravel\/#breadcrumb\"},\"inLanguage\":\"es-ES\",\"potentialAction\":[{\"@type\":\"ReadAction\",\"target\":[\"https:\/\/www.welovecycling.com\/es\/2025\/02\/27\/reinas-gravel\/\"]}]},{\"@type\":\"ImageObject\",\"inLanguage\":\"es-ES\",\"@id\":\"https:\/\/www.welovecycling.com\/es\/2025\/02\/27\/reinas-gravel\/#primaryimage\",\"url\":\"https:\/\/d2p6e6u75xmxt8.cloudfront.net\/6\/2025\/02\/Women-Gravel-Cycling-profimedia-0922185014-CVR.webp\",\"contentUrl\":\"https:\/\/d2p6e6u75xmxt8.cloudfront.net\/6\/2025\/02\/Women-Gravel-Cycling-profimedia-0922185014-CVR.webp\",\"width\":990,\"height\":660,\"caption\":\"Women's Cycling\"},{\"@type\":\"BreadcrumbList\",\"@id\":\"https:\/\/www.welovecycling.com\/es\/2025\/02\/27\/reinas-gravel\/#breadcrumb\",\"itemListElement\":[{\"@type\":\"ListItem\",\"position\":1,\"name\":\"Home\",\"item\":\"https:\/\/www.welovecycling.com\/es\/\"},{\"@type\":\"ListItem\",\"position\":2,\"name\":\"Reinas del gravel: \u00bfEn que mujeres fijarse en 2025?\"}]},{\"@type\":\"WebSite\",\"@id\":\"https:\/\/www.welovecycling.com\/es\/#website\",\"url\":\"https:\/\/www.welovecycling.com\/es\/\",\"name\":\"\u0160koda We Love Cycling - Spain\",\"description\":\"\u0160koda WeLoveCycling Spain\",\"potentialAction\":[{\"@type\":\"SearchAction\",\"target\":{\"@type\":\"EntryPoint\",\"urlTemplate\":\"https:\/\/www.welovecycling.com\/es\/?s={search_term_string}\"},\"query-input\":{\"@type\":\"PropertyValueSpecification\",\"valueRequired\":true,\"valueName\":\"search_term_string\"}}],\"inLanguage\":\"es-ES\"},{\"@type\":\"Person\",\"@id\":\"https:\/\/www.welovecycling.com\/es\/#\/schema\/person\/deb61715b5812698ee79fb96f343ccd4\",\"name\":\"We Love Cycling Spain\",\"image\":{\"@type\":\"ImageObject\",\"inLanguage\":\"es-ES\",\"@id\":\"https:\/\/www.welovecycling.com\/es\/#\/schema\/person\/image\/\",\"url\":\"https:\/\/secure.gravatar.com\/avatar\/c824b04e6df0e37a03219d0b6481672889df542894588964102459e46513159c?s=96&d=mm&r=g\",\"contentUrl\":\"https:\/\/secure.gravatar.com\/avatar\/c824b04e6df0e37a03219d0b6481672889df542894588964102459e46513159c?s=96&d=mm&r=g\",\"caption\":\"We Love Cycling Spain\"},\"url\":\"https:\/\/www.welovecycling.com\/es\/author\/amunoz\/\"}]}<\/script>\n<!-- \/ Yoast SEO Premium plugin. -->","yoast_head_json":{"title":"Reinas del gravel: \u00bfEn que mujeres fijarse en 2025?","description":"Reinas del gravel: \u00bfEn que mujeres fijarse en 2025? Las j\u00f3venes promesas del gravel mundial para esta temporada.","robots":{"index":"index","follow":"follow","max-snippet":"max-snippet:-1","max-image-preview":"max-image-preview:large","max-video-preview":"max-video-preview:-1"},"canonical":"https:\/\/www.welovecycling.com\/es\/2025\/02\/27\/reinas-gravel\/","og_locale":"es_ES","og_type":"article","og_title":"Reinas del gravel: \u00bfEn que mujeres fijarse en 2025?","og_description":"Reinas del gravel: \u00bfEn que mujeres fijarse en 2025? Las j\u00f3venes promesas del gravel mundial para esta temporada.","og_url":"https:\/\/www.welovecycling.com\/es\/2025\/02\/27\/reinas-gravel\/","og_site_name":"\u0160koda We Love Cycling - Spain","article_published_time":"2025-02-27T18:26:41+00:00","og_image":[{"width":990,"height":660,"url":"https:\/\/d2p6e6u75xmxt8.cloudfront.net\/6\/2025\/02\/Women-Gravel-Cycling-profimedia-0922185014-CVR.webp","type":"image\/webp"}],"author":"We Love Cycling Spain","twitter_card":"summary_large_image","twitter_description":"Reinas del gravel: \u00bfEn que mujeres fijarse en 2025? Las j\u00f3venes promesas del gravel mundial para esta temporada.","twitter_misc":{"Written by":"Megan Flottorp","Est. reading time":"4"},"schema":{"@context":"https:\/\/schema.org","@graph":[{"@type":"WebPage","@id":"https:\/\/www.welovecycling.com\/es\/2025\/02\/27\/reinas-gravel\/","url":"https:\/\/www.welovecycling.com\/es\/2025\/02\/27\/reinas-gravel\/","name":"Reinas del gravel: \u00bfEn que mujeres fijarse en 2025?","isPartOf":{"@id":"https:\/\/www.welovecycling.com\/es\/#website"},"primaryImageOfPage":{"@id":"https:\/\/www.welovecycling.com\/es\/2025\/02\/27\/reinas-gravel\/#primaryimage"},"image":{"@id":"https:\/\/www.welovecycling.com\/es\/2025\/02\/27\/reinas-gravel\/#primaryimage"},"thumbnailUrl":"https:\/\/d2p6e6u75xmxt8.cloudfront.net\/6\/2025\/02\/Women-Gravel-Cycling-profimedia-0922185014-CVR.webp","datePublished":"2025-02-27T18:26:41+00:00","author":{"@id":"https:\/\/www.welovecycling.com\/es\/#\/schema\/person\/deb61715b5812698ee79fb96f343ccd4"},"description":"Reinas del gravel: \u00bfEn que mujeres fijarse en 2025? Las j\u00f3venes promesas del gravel mundial para esta temporada.","breadcrumb":{"@id":"https:\/\/www.welovecycling.com\/es\/2025\/02\/27\/reinas-gravel\/#breadcrumb"},"inLanguage":"es-ES","potentialAction":[{"@type":"ReadAction","target":["https:\/\/www.welovecycling.com\/es\/2025\/02\/27\/reinas-gravel\/"]}]},{"@type":"ImageObject","inLanguage":"es-ES","@id":"https:\/\/www.welovecycling.com\/es\/2025\/02\/27\/reinas-gravel\/#primaryimage","url":"https:\/\/d2p6e6u75xmxt8.cloudfront.net\/6\/2025\/02\/Women-Gravel-Cycling-profimedia-0922185014-CVR.webp","contentUrl":"https:\/\/d2p6e6u75xmxt8.cloudfront.net\/6\/2025\/02\/Women-Gravel-Cycling-profimedia-0922185014-CVR.webp","width":990,"height":660,"caption":"Women's Cycling"},{"@type":"BreadcrumbList","@id":"https:\/\/www.welovecycling.com\/es\/2025\/02\/27\/reinas-gravel\/#breadcrumb","itemListElement":[{"@type":"ListItem","position":1,"name":"Home","item":"https:\/\/www.welovecycling.com\/es\/"},{"@type":"ListItem","position":2,"name":"Reinas del gravel: \u00bfEn que mujeres fijarse en 2025?"}]},{"@type":"WebSite","@id":"https:\/\/www.welovecycling.com\/es\/#website","url":"https:\/\/www.welovecycling.com\/es\/","name":"\u0160koda We Love Cycling - Spain","description":"\u0160koda WeLoveCycling Spain","potentialAction":[{"@type":"SearchAction","target":{"@type":"EntryPoint","urlTemplate":"https:\/\/www.welovecycling.com\/es\/?s={search_term_string}"},"query-input":{"@type":"PropertyValueSpecification","valueRequired":true,"valueName":"search_term_string"}}],"inLanguage":"es-ES"},{"@type":"Person","@id":"https:\/\/www.welovecycling.com\/es\/#\/schema\/person\/deb61715b5812698ee79fb96f343ccd4","name":"We Love Cycling Spain","image":{"@type":"ImageObject","inLanguage":"es-ES","@id":"https:\/\/www.welovecycling.com\/es\/#\/schema\/person\/image\/","url":"https:\/\/secure.gravatar.com\/avatar\/c824b04e6df0e37a03219d0b6481672889df542894588964102459e46513159c?s=96&d=mm&r=g","contentUrl":"https:\/\/secure.gravatar.com\/avatar\/c824b04e6df0e37a03219d0b6481672889df542894588964102459e46513159c?s=96&d=mm&r=g","caption":"We Love Cycling Spain"},"url":"https:\/\/www.welovecycling.com\/es\/author\/amunoz\/"}]}},"_links":{"self":[{"href":"https:\/\/www.welovecycling.com\/es\/wp-json\/wp\/v2\/posts\/11517","targetHints":{"allow":["GET"]}}],"collection":[{"href":"https:\/\/www.welovecycling.com\/es\/wp-json\/wp\/v2\/posts"}],"about":[{"href":"https:\/\/www.welovecycling.com\/es\/wp-json\/wp\/v2\/types\/post"}],"author":[{"embeddable":true,"href":"https:\/\/www.welovecycling.com\/es\/wp-json\/wp\/v2\/users\/29"}],"replies":[{"embeddable":true,"href":"https:\/\/www.welovecycling.com\/es\/wp-json\/wp\/v2\/comments?post=11517"}],"version-history":[{"count":1,"href":"https:\/\/www.welovecycling.com\/es\/wp-json\/wp\/v2\/posts\/11517\/revisions"}],"predecessor-version":[{"id":11530,"href":"https:\/\/www.welovecycling.com\/es\/wp-json\/wp\/v2\/posts\/11517\/revisions\/11530"}],"wp:featuredmedia":[{"embeddable":true,"href":"https:\/\/www.welovecycling.com\/es\/wp-json\/wp\/v2\/media\/11519"}],"wp:attachment":[{"href":"https:\/\/www.welovecycling.com\/es\/wp-json\/wp\/v2\/media?parent=11517"}],"wp:term":[{"taxonomy":"category","embeddable":true,"href":"https:\/\/www.welovecycling.com\/es\/wp-json\/wp\/v2\/categories?post=11517"},{"taxonomy":"post_tag","embeddable":true,"href":"https:\/\/www.welovecycling.com\/es\/wp-json\/wp\/v2\/tags?post=11517"},{"taxonomy":"global-categories","embeddable":true,"href":"https:\/\/www.welovecycling.com\/es\/wp-json\/wp\/v2\/global-categories?post=11517"}],"curies":[{"name":"wp","href":"https:\/\/api.w.org\/{rel}","templated":true}]}}