{"id":11505,"date":"2025-02-11T14:23:34","date_gmt":"2025-02-11T12:23:34","guid":{"rendered":"https:\/\/www.welovecycling.com\/es\/?p=11505"},"modified":"2025-02-11T14:23:34","modified_gmt":"2025-02-11T12:23:34","slug":"hotel-peter-sagan","status":"publish","type":"post","link":"https:\/\/www.welovecycling.com\/es\/2025\/02\/11\/hotel-peter-sagan\/","title":{"rendered":"As\u00ed es el Hotel de Peter Sagan en Eslovaquia"},"content":{"rendered":"<p style=\"font-weight: 400;\"><strong>\u00bfSab\u00edas que Peter Sagan tiene un hotel? Se llama SP Resort &amp; Spa y est\u00e1 situado en su ciudad natal, \u017dilina (Eslovaquia). \u00bfTienes curiosidad por saber c\u00f3mo es el monumento arquitect\u00f3nico a un tricampe\u00f3n del mundo? Fuimos a verlo con nuestros propios ojos.<\/strong><\/p>\n<p style=\"font-weight: 400;\"><!--more--><\/p>\n<p>No tiene p\u00e9rdida: incluso la calle que lleva al hotel se llama oficialmente \u00abCalle del Campe\u00f3n del Mundo\u00bb. Sutil, \u00bfverdad? El <a href=\"https:\/\/www.sp-resort.sk\/\">SP Resort<\/a> est\u00e1 situado en el pueblo de Z\u00e1vodie, a s\u00f3lo 2 kil\u00f3metros del centro hist\u00f3rico de \u017dilina. El hotel dispone de habitaciones con aire acondicionado, un restaurante con una soleada terraza con vistas a \u017dilina y a las monta\u00f1as Mal\u00e1 y Ve\u013ek\u00e1 Fatra, una cafeter\u00eda, un centro de bienestar, servicios de masajes, un gimnasio y un impresionante museo.<\/p>\n<p>\u00bfY el hotel? Una mezcla de estilo americano y neocl\u00e1sico. El interior es moderno, limpio y acogedor. Encima del mostrador de recepci\u00f3n hay relojes que muestran la hora actual en Richmond, Doha y Bergen, las ciudades donde Peter conquist\u00f3 sus t\u00edtulos mundiales. Cerca, las relucientes medallas de oro de 2015, 2016 y 2017 se exhiben con orgullo en una vitrina iluminada. Si te sientes contemplativo, puedes sentarse en uno de los sillones bajo un retrato en blanco y negro de Peter con una chaqueta de cuero.<\/p>\n<p><a href=\"https:\/\/d2p6e6u75xmxt8.cloudfront.net\/6\/2025\/02\/Peter-Sagan-Museum-2.webp\"><img loading=\"lazy\" decoding=\"async\" class=\"alignnone size-full wp-image-11498\" src=\"https:\/\/d2p6e6u75xmxt8.cloudfront.net\/6\/2025\/02\/Peter-Sagan-Museum-2.webp\" alt=\"Peter Sagan Museum\" width=\"990\" height=\"660\" srcset=\"https:\/\/d2p6e6u75xmxt8.cloudfront.net\/6\/2025\/02\/Peter-Sagan-Museum-2.webp 990w, https:\/\/d2p6e6u75xmxt8.cloudfront.net\/6\/2025\/02\/Peter-Sagan-Museum-2-300x200.webp 300w, https:\/\/d2p6e6u75xmxt8.cloudfront.net\/6\/2025\/02\/Peter-Sagan-Museum-2-768x512.webp 768w, https:\/\/d2p6e6u75xmxt8.cloudfront.net\/6\/2025\/02\/Peter-Sagan-Museum-2-400x267.webp 400w, https:\/\/d2p6e6u75xmxt8.cloudfront.net\/6\/2025\/02\/Peter-Sagan-Museum-2-272x182.webp 272w\" sizes=\"auto, (max-width: 990px) 100vw, 990px\" \/><\/a><\/p>\n<div id='gallery-1' class='gallery galleryid-11505 gallery-columns-2 gallery-size-large'><figure class='gallery-item'>\n\t\t\t<div class='gallery-icon landscape'>\n\t\t\t\t<a href='https:\/\/d2p6e6u75xmxt8.cloudfront.net\/6\/2025\/02\/Peter-Sagan-Museum-2.webp'><img loading=\"lazy\" decoding=\"async\" width=\"990\" height=\"660\" src=\"https:\/\/d2p6e6u75xmxt8.cloudfront.net\/6\/2025\/02\/Peter-Sagan-Museum-2.webp\" class=\"attachment-large size-large\" alt=\"Peter Sagan Museum\" srcset=\"https:\/\/d2p6e6u75xmxt8.cloudfront.net\/6\/2025\/02\/Peter-Sagan-Museum-2.webp 990w, https:\/\/d2p6e6u75xmxt8.cloudfront.net\/6\/2025\/02\/Peter-Sagan-Museum-2-300x200.webp 300w, https:\/\/d2p6e6u75xmxt8.cloudfront.net\/6\/2025\/02\/Peter-Sagan-Museum-2-768x512.webp 768w, https:\/\/d2p6e6u75xmxt8.cloudfront.net\/6\/2025\/02\/Peter-Sagan-Museum-2-400x267.webp 400w, https:\/\/d2p6e6u75xmxt8.cloudfront.net\/6\/2025\/02\/Peter-Sagan-Museum-2-272x182.webp 272w\" sizes=\"auto, (max-width: 990px) 100vw, 990px\" \/><\/a>\n\t\t\t<\/div><\/figure><figure class='gallery-item'>\n\t\t\t<div class='gallery-icon landscape'>\n\t\t\t\t<a href='https:\/\/d2p6e6u75xmxt8.cloudfront.net\/6\/2025\/02\/Peter-Sagan-Hotel.webp'><img loading=\"lazy\" decoding=\"async\" width=\"990\" height=\"660\" src=\"https:\/\/d2p6e6u75xmxt8.cloudfront.net\/6\/2025\/02\/Peter-Sagan-Hotel.webp\" class=\"attachment-large size-large\" alt=\"\" srcset=\"https:\/\/d2p6e6u75xmxt8.cloudfront.net\/6\/2025\/02\/Peter-Sagan-Hotel.webp 990w, https:\/\/d2p6e6u75xmxt8.cloudfront.net\/6\/2025\/02\/Peter-Sagan-Hotel-300x200.webp 300w, https:\/\/d2p6e6u75xmxt8.cloudfront.net\/6\/2025\/02\/Peter-Sagan-Hotel-768x512.webp 768w, https:\/\/d2p6e6u75xmxt8.cloudfront.net\/6\/2025\/02\/Peter-Sagan-Hotel-400x267.webp 400w, https:\/\/d2p6e6u75xmxt8.cloudfront.net\/6\/2025\/02\/Peter-Sagan-Hotel-272x182.webp 272w\" sizes=\"auto, (max-width: 990px) 100vw, 990px\" \/><\/a>\n\t\t\t<\/div><\/figure>\n\t\t<\/div>\n\n<p style=\"font-weight: 400;\">El logotipo del hotel, con las iniciales SP entrelazadas, est\u00e1 por todas partes: en el mostrador de recepci\u00f3n, en los vasos, en la pared de m\u00e1rmol que da acceso al vest\u00edbulo, en el fondo de la piscina, en el men\u00fa, en la exposici\u00f3n del museo e incluso grabado en las tapas de las papeleras. Elegante y rid\u00edculo al mismo tiempo.<\/p>\n<p>Y luego est\u00e1 el eslogan: \u00ab\u00bfPor qu\u00e9 tan serio?\u00bb. &#8211; una famosa frase de una pel\u00edcula que Peter reivindic\u00f3 como suya y que se ha convertido en su marca de f\u00e1brica. Aunque no nos cruzamos con Peter (vive en M\u00f3naco), s\u00ed vimos a su hermano mayor, Juraj, tambi\u00e9n ex ciclista profesional, que dirige el hotel.<\/p>\n<p>Cada habitaci\u00f3n lleva el nombre de un hito de la carrera de Peter, de carreras importantes o de disciplinas ciclistas. Puedes elegir alojarte en California, Roubaix, Flandes, MTB, Gravel, Tour, Eslovaquia, Suiza, Quebec, Australia, Vuelta o Giro. Cada habitaci\u00f3n es tem\u00e1tica y est\u00e1 llena de elementos de dise\u00f1o y recuerdos que celebran la vida y los logros de Peter.<\/p>\n<p>Para quienes deseen saber m\u00e1s sobre los logros de Peter, el hotel ofrece una sala de exposiciones de 300 metros cuadrados por s\u00f3lo 5 euros, repleta de trofeos, medallas, maillots y bicicletas de sus carreras m\u00e1s famosas. Para ser un museo dedicado a una persona viva, la escala es casi exagerada, pero bueno, Peter Sagan nunca hizo las cosas a medias. La exposici\u00f3n es una celebraci\u00f3n del talento, la valent\u00eda, la aventura y la vida sobre dos ruedas.<\/p>\n<p>\u00bfEl \u00fanico inconveniente? La moqueta beige de la mayor\u00eda de las salas. Si eres un cliente habitual que va y viene entre el restaurante y el centro de bienestar, estar\u00e1s bien. Pero si, como nosotros, est\u00e1s probando los famosos senderos <a href=\"https:\/\/okoeverywhere.com\/oko-trails\/\">OKO Everywhere<\/a> en las colinas embarradas que rodean el hotel, puede que tengas un problema.<\/p>\n<p>El suelo local es muy arcilloso y, tras una semana de lluvias, los senderos se convirtieron en un lodazal que se pegaba a nuestras bicicletas, ropas y zapatos. Al volver al hotel cada noche, parec\u00eda que acab\u00e1bamos de sobrevivir a una lucha de barro. A pesar de nuestros esfuerzos por contener el desorden, inevitablemente dej\u00e1bamos huellas marrones por todas partes. El personal, sin embargo, no se inmut\u00f3, ni siquiera cuando nuestro grupo cubierto de barro se cruz\u00f3 con los invitados a la boda, vestidos de punta en blanco. Est\u00e1 claro que el hotel es respetuoso con los ciclistas, aunque imagino que hizo falta una hidrolimpiadora para limpiar lo que ensuciamos.<\/p>\n<p><strong>SP Resort &amp; Spa<\/strong> es un hotel construido por un ciclista para ciclistas. Si buscas un regalo \u00fanico para un fan de Peter Sagan o un entusiasta del ciclismo, res\u00e9rvale una estancia en \u017dilina. Les encantar\u00e1. Y no te olvides de probar los senderos OKO Everywhere mientras est\u00e9s all\u00ed, pero esa es una historia para otra ocasi\u00f3n.<\/p>\n<p>Fotos: Adam Mar\u0161\u00e1l, Petr Bure\u0161 y SP Resort &amp; Spa<\/p>\n","protected":false},"excerpt":{"rendered":"<p>\u00bfSab\u00edas que Peter Sagan tiene un hotel? Se llama SP Resort &amp; Spa y est\u00e1 situado en su ciudad natal, [&hellip;]<\/p>\n","protected":false},"author":29,"featured_media":11511,"comment_status":"open","ping_status":"open","sticky":false,"template":"","format":"standard","meta":{"footnotes":""},"categories":[7,8,9],"tags":[314],"global-categories":[],"class_list":["post-11505","post","type-post","status-publish","format-standard","has-post-thumbnail","hentry","category-carretera","category-life-style","category-mtb-aventura","tag-peter-sagan"],"yoast_head":"<!-- This site is optimized with the Yoast SEO Premium plugin v25.3 (Yoast SEO v25.9) - https:\/\/yoast.com\/wordpress\/plugins\/seo\/ -->\n<title>As\u00ed es el Hotel de Peter Sagan en Eslovaquia - \u0160koda We Love Cycling - Spain<\/title>\n<meta name=\"description\" content=\"As\u00ed es el Hotel de Peter Sagan en Eslovaquia. Ideado para ciclistas en su Zilina natal. Tambi\u00e9n tiene museo de Peter Sagan.\" \/>\n<meta name=\"robots\" content=\"index, follow, max-snippet:-1, max-image-preview:large, max-video-preview:-1\" \/>\n<link rel=\"canonical\" href=\"https:\/\/www.welovecycling.com\/es\/2025\/02\/11\/hotel-peter-sagan\/\" \/>\n<meta property=\"og:locale\" content=\"es_ES\" \/>\n<meta property=\"og:type\" content=\"article\" \/>\n<meta property=\"og:title\" content=\"As\u00ed es el Hotel de Peter Sagan en Eslovaquia\" \/>\n<meta property=\"og:description\" content=\"As\u00ed es el Hotel de Peter Sagan en Eslovaquia. Ideado para ciclistas en su Zilina natal. Tambi\u00e9n tiene museo de Peter Sagan.\" \/>\n<meta property=\"og:url\" content=\"https:\/\/www.welovecycling.com\/es\/2025\/02\/11\/hotel-peter-sagan\/\" \/>\n<meta property=\"og:site_name\" content=\"\u0160koda We Love Cycling - Spain\" \/>\n<meta property=\"article:published_time\" content=\"2025-02-11T12:23:34+00:00\" \/>\n<meta property=\"og:image\" content=\"https:\/\/d2p6e6u75xmxt8.cloudfront.net\/6\/2025\/02\/Peter-Sagan-Museum-CVR.webp\" \/>\n\t<meta property=\"og:image:width\" content=\"990\" \/>\n\t<meta property=\"og:image:height\" content=\"660\" \/>\n\t<meta property=\"og:image:type\" content=\"image\/webp\" \/>\n<meta name=\"author\" content=\"We Love Cycling Spain\" \/>\n<meta name=\"twitter:card\" content=\"summary_large_image\" \/>\n<meta name=\"twitter:description\" content=\"As\u00ed es el Hotel de Peter Sagan en Eslovaquia. Ideado para ciclistas en su Zilina natal. Tambi\u00e9n tiene museo de Peter Sagan.\" \/>\n<meta name=\"twitter:label1\" content=\"Written by\" \/>\n\t<meta name=\"twitter:data1\" content=\"Adam Marsal\" \/>\n\t<meta name=\"twitter:label2\" content=\"Est. reading time\" \/>\n\t<meta name=\"twitter:data2\" content=\"2\" \/>\n<script type=\"application\/ld+json\" class=\"yoast-schema-graph\">{\"@context\":\"https:\/\/schema.org\",\"@graph\":[{\"@type\":\"WebPage\",\"@id\":\"https:\/\/www.welovecycling.com\/es\/2025\/02\/11\/hotel-peter-sagan\/\",\"url\":\"https:\/\/www.welovecycling.com\/es\/2025\/02\/11\/hotel-peter-sagan\/\",\"name\":\"As\u00ed es el Hotel de Peter Sagan en Eslovaquia - \u0160koda We Love Cycling - Spain\",\"isPartOf\":{\"@id\":\"https:\/\/www.welovecycling.com\/es\/#website\"},\"primaryImageOfPage\":{\"@id\":\"https:\/\/www.welovecycling.com\/es\/2025\/02\/11\/hotel-peter-sagan\/#primaryimage\"},\"image\":{\"@id\":\"https:\/\/www.welovecycling.com\/es\/2025\/02\/11\/hotel-peter-sagan\/#primaryimage\"},\"thumbnailUrl\":\"https:\/\/d2p6e6u75xmxt8.cloudfront.net\/6\/2025\/02\/Peter-Sagan-Museum-CVR.webp\",\"datePublished\":\"2025-02-11T12:23:34+00:00\",\"author\":{\"@id\":\"https:\/\/www.welovecycling.com\/es\/#\/schema\/person\/deb61715b5812698ee79fb96f343ccd4\"},\"description\":\"As\u00ed es el Hotel de Peter Sagan en Eslovaquia. Ideado para ciclistas en su Zilina natal. Tambi\u00e9n tiene museo de Peter Sagan.\",\"breadcrumb\":{\"@id\":\"https:\/\/www.welovecycling.com\/es\/2025\/02\/11\/hotel-peter-sagan\/#breadcrumb\"},\"inLanguage\":\"es-ES\",\"potentialAction\":[{\"@type\":\"ReadAction\",\"target\":[\"https:\/\/www.welovecycling.com\/es\/2025\/02\/11\/hotel-peter-sagan\/\"]}]},{\"@type\":\"ImageObject\",\"inLanguage\":\"es-ES\",\"@id\":\"https:\/\/www.welovecycling.com\/es\/2025\/02\/11\/hotel-peter-sagan\/#primaryimage\",\"url\":\"https:\/\/d2p6e6u75xmxt8.cloudfront.net\/6\/2025\/02\/Peter-Sagan-Museum-CVR.webp\",\"contentUrl\":\"https:\/\/d2p6e6u75xmxt8.cloudfront.net\/6\/2025\/02\/Peter-Sagan-Museum-CVR.webp\",\"width\":990,\"height\":660,\"caption\":\"Peter Sagan Museum\"},{\"@type\":\"BreadcrumbList\",\"@id\":\"https:\/\/www.welovecycling.com\/es\/2025\/02\/11\/hotel-peter-sagan\/#breadcrumb\",\"itemListElement\":[{\"@type\":\"ListItem\",\"position\":1,\"name\":\"Home\",\"item\":\"https:\/\/www.welovecycling.com\/es\/\"},{\"@type\":\"ListItem\",\"position\":2,\"name\":\"As\u00ed es el Hotel de Peter Sagan en Eslovaquia\"}]},{\"@type\":\"WebSite\",\"@id\":\"https:\/\/www.welovecycling.com\/es\/#website\",\"url\":\"https:\/\/www.welovecycling.com\/es\/\",\"name\":\"\u0160koda We Love Cycling - Spain\",\"description\":\"\u0160koda WeLoveCycling Spain\",\"potentialAction\":[{\"@type\":\"SearchAction\",\"target\":{\"@type\":\"EntryPoint\",\"urlTemplate\":\"https:\/\/www.welovecycling.com\/es\/?s={search_term_string}\"},\"query-input\":{\"@type\":\"PropertyValueSpecification\",\"valueRequired\":true,\"valueName\":\"search_term_string\"}}],\"inLanguage\":\"es-ES\"},{\"@type\":\"Person\",\"@id\":\"https:\/\/www.welovecycling.com\/es\/#\/schema\/person\/deb61715b5812698ee79fb96f343ccd4\",\"name\":\"We Love Cycling Spain\",\"image\":{\"@type\":\"ImageObject\",\"inLanguage\":\"es-ES\",\"@id\":\"https:\/\/www.welovecycling.com\/es\/#\/schema\/person\/image\/\",\"url\":\"https:\/\/secure.gravatar.com\/avatar\/c824b04e6df0e37a03219d0b6481672889df542894588964102459e46513159c?s=96&d=mm&r=g\",\"contentUrl\":\"https:\/\/secure.gravatar.com\/avatar\/c824b04e6df0e37a03219d0b6481672889df542894588964102459e46513159c?s=96&d=mm&r=g\",\"caption\":\"We Love Cycling Spain\"},\"url\":\"https:\/\/www.welovecycling.com\/es\/author\/amunoz\/\"}]}<\/script>\n<!-- \/ Yoast SEO Premium plugin. -->","yoast_head_json":{"title":"As\u00ed es el Hotel de Peter Sagan en Eslovaquia - \u0160koda We Love Cycling - Spain","description":"As\u00ed es el Hotel de Peter Sagan en Eslovaquia. Ideado para ciclistas en su Zilina natal. Tambi\u00e9n tiene museo de Peter Sagan.","robots":{"index":"index","follow":"follow","max-snippet":"max-snippet:-1","max-image-preview":"max-image-preview:large","max-video-preview":"max-video-preview:-1"},"canonical":"https:\/\/www.welovecycling.com\/es\/2025\/02\/11\/hotel-peter-sagan\/","og_locale":"es_ES","og_type":"article","og_title":"As\u00ed es el Hotel de Peter Sagan en Eslovaquia","og_description":"As\u00ed es el Hotel de Peter Sagan en Eslovaquia. Ideado para ciclistas en su Zilina natal. Tambi\u00e9n tiene museo de Peter Sagan.","og_url":"https:\/\/www.welovecycling.com\/es\/2025\/02\/11\/hotel-peter-sagan\/","og_site_name":"\u0160koda We Love Cycling - Spain","article_published_time":"2025-02-11T12:23:34+00:00","og_image":[{"width":990,"height":660,"url":"https:\/\/d2p6e6u75xmxt8.cloudfront.net\/6\/2025\/02\/Peter-Sagan-Museum-CVR.webp","type":"image\/webp"}],"author":"We Love Cycling Spain","twitter_card":"summary_large_image","twitter_description":"As\u00ed es el Hotel de Peter Sagan en Eslovaquia. Ideado para ciclistas en su Zilina natal. Tambi\u00e9n tiene museo de Peter Sagan.","twitter_misc":{"Written by":"Adam Marsal","Est. reading time":"2"},"schema":{"@context":"https:\/\/schema.org","@graph":[{"@type":"WebPage","@id":"https:\/\/www.welovecycling.com\/es\/2025\/02\/11\/hotel-peter-sagan\/","url":"https:\/\/www.welovecycling.com\/es\/2025\/02\/11\/hotel-peter-sagan\/","name":"As\u00ed es el Hotel de Peter Sagan en Eslovaquia - \u0160koda We Love Cycling - Spain","isPartOf":{"@id":"https:\/\/www.welovecycling.com\/es\/#website"},"primaryImageOfPage":{"@id":"https:\/\/www.welovecycling.com\/es\/2025\/02\/11\/hotel-peter-sagan\/#primaryimage"},"image":{"@id":"https:\/\/www.welovecycling.com\/es\/2025\/02\/11\/hotel-peter-sagan\/#primaryimage"},"thumbnailUrl":"https:\/\/d2p6e6u75xmxt8.cloudfront.net\/6\/2025\/02\/Peter-Sagan-Museum-CVR.webp","datePublished":"2025-02-11T12:23:34+00:00","author":{"@id":"https:\/\/www.welovecycling.com\/es\/#\/schema\/person\/deb61715b5812698ee79fb96f343ccd4"},"description":"As\u00ed es el Hotel de Peter Sagan en Eslovaquia. Ideado para ciclistas en su Zilina natal. Tambi\u00e9n tiene museo de Peter Sagan.","breadcrumb":{"@id":"https:\/\/www.welovecycling.com\/es\/2025\/02\/11\/hotel-peter-sagan\/#breadcrumb"},"inLanguage":"es-ES","potentialAction":[{"@type":"ReadAction","target":["https:\/\/www.welovecycling.com\/es\/2025\/02\/11\/hotel-peter-sagan\/"]}]},{"@type":"ImageObject","inLanguage":"es-ES","@id":"https:\/\/www.welovecycling.com\/es\/2025\/02\/11\/hotel-peter-sagan\/#primaryimage","url":"https:\/\/d2p6e6u75xmxt8.cloudfront.net\/6\/2025\/02\/Peter-Sagan-Museum-CVR.webp","contentUrl":"https:\/\/d2p6e6u75xmxt8.cloudfront.net\/6\/2025\/02\/Peter-Sagan-Museum-CVR.webp","width":990,"height":660,"caption":"Peter Sagan Museum"},{"@type":"BreadcrumbList","@id":"https:\/\/www.welovecycling.com\/es\/2025\/02\/11\/hotel-peter-sagan\/#breadcrumb","itemListElement":[{"@type":"ListItem","position":1,"name":"Home","item":"https:\/\/www.welovecycling.com\/es\/"},{"@type":"ListItem","position":2,"name":"As\u00ed es el Hotel de Peter Sagan en Eslovaquia"}]},{"@type":"WebSite","@id":"https:\/\/www.welovecycling.com\/es\/#website","url":"https:\/\/www.welovecycling.com\/es\/","name":"\u0160koda We Love Cycling - Spain","description":"\u0160koda WeLoveCycling Spain","potentialAction":[{"@type":"SearchAction","target":{"@type":"EntryPoint","urlTemplate":"https:\/\/www.welovecycling.com\/es\/?s={search_term_string}"},"query-input":{"@type":"PropertyValueSpecification","valueRequired":true,"valueName":"search_term_string"}}],"inLanguage":"es-ES"},{"@type":"Person","@id":"https:\/\/www.welovecycling.com\/es\/#\/schema\/person\/deb61715b5812698ee79fb96f343ccd4","name":"We Love Cycling Spain","image":{"@type":"ImageObject","inLanguage":"es-ES","@id":"https:\/\/www.welovecycling.com\/es\/#\/schema\/person\/image\/","url":"https:\/\/secure.gravatar.com\/avatar\/c824b04e6df0e37a03219d0b6481672889df542894588964102459e46513159c?s=96&d=mm&r=g","contentUrl":"https:\/\/secure.gravatar.com\/avatar\/c824b04e6df0e37a03219d0b6481672889df542894588964102459e46513159c?s=96&d=mm&r=g","caption":"We Love Cycling Spain"},"url":"https:\/\/www.welovecycling.com\/es\/author\/amunoz\/"}]}},"_links":{"self":[{"href":"https:\/\/www.welovecycling.com\/es\/wp-json\/wp\/v2\/posts\/11505","targetHints":{"allow":["GET"]}}],"collection":[{"href":"https:\/\/www.welovecycling.com\/es\/wp-json\/wp\/v2\/posts"}],"about":[{"href":"https:\/\/www.welovecycling.com\/es\/wp-json\/wp\/v2\/types\/post"}],"author":[{"embeddable":true,"href":"https:\/\/www.welovecycling.com\/es\/wp-json\/wp\/v2\/users\/29"}],"replies":[{"embeddable":true,"href":"https:\/\/www.welovecycling.com\/es\/wp-json\/wp\/v2\/comments?post=11505"}],"version-history":[{"count":2,"href":"https:\/\/www.welovecycling.com\/es\/wp-json\/wp\/v2\/posts\/11505\/revisions"}],"predecessor-version":[{"id":11512,"href":"https:\/\/www.welovecycling.com\/es\/wp-json\/wp\/v2\/posts\/11505\/revisions\/11512"}],"wp:featuredmedia":[{"embeddable":true,"href":"https:\/\/www.welovecycling.com\/es\/wp-json\/wp\/v2\/media\/11511"}],"wp:attachment":[{"href":"https:\/\/www.welovecycling.com\/es\/wp-json\/wp\/v2\/media?parent=11505"}],"wp:term":[{"taxonomy":"category","embeddable":true,"href":"https:\/\/www.welovecycling.com\/es\/wp-json\/wp\/v2\/categories?post=11505"},{"taxonomy":"post_tag","embeddable":true,"href":"https:\/\/www.welovecycling.com\/es\/wp-json\/wp\/v2\/tags?post=11505"},{"taxonomy":"global-categories","embeddable":true,"href":"https:\/\/www.welovecycling.com\/es\/wp-json\/wp\/v2\/global-categories?post=11505"}],"curies":[{"name":"wp","href":"https:\/\/api.w.org\/{rel}","templated":true}]}}