{"id":11497,"date":"2025-02-17T14:58:34","date_gmt":"2025-02-17T12:58:34","guid":{"rendered":"https:\/\/www.welovecycling.com\/es\/?p=11497"},"modified":"2025-02-11T15:12:41","modified_gmt":"2025-02-11T13:12:41","slug":"mindfulness-para-ciclistas","status":"publish","type":"post","link":"https:\/\/www.welovecycling.com\/es\/2025\/02\/17\/mindfulness-para-ciclistas\/","title":{"rendered":"Mindfulness para ciclistas: Las ventajas de rodar lento en invierno"},"content":{"rendered":"<p style=\"font-weight: 400;\"><strong>El invierno ofrece un tel\u00f3n de fondo \u00fanico para el ciclismo: las bajas temperaturas y las condiciones h\u00famedas o nevadas suelen propiciar una experiencia de entrenamiento m\u00e1s tranquila, lenta e introspectiva. Por ello, creemos que es el momento perfecto para salir del ritmo acelerado de la vida diaria, centrarse en uno mismo y adoptar el concepto de rodaje lento. As\u00ed que, en lugar de ver los meses de invierno como un obst\u00e1culo para tus objetivos ciclistas, te invitamos a que aproveches el motivo y cambies de marcha -tanto f\u00edsica como mentalmente- incorporando a tu rutina un ciclismo m\u00e1s consciente.<\/strong><\/p>\n<p><!--more--><\/p>\n<h2 style=\"font-weight: 400;\"><b>La ciencia detr\u00e1s del mindfulness y el ciclismo<\/b><\/h2>\n<p>Investigaciones recientes subrayan los beneficios del mindfulness para la salud mental y f\u00edsica, sobre todo cuando se combina con ejercicio. Un<a href=\"https:\/\/pmc.ncbi.nlm.nih.gov\/articles\/PMC9915077\/\"> estudio de 2023<\/a> descubri\u00f3 que las intervenciones basadas en mindfulness mejoraban el estado de \u00e1nimo y reduc\u00edan los niveles de estr\u00e9s en los deportistas. En concreto, el mindfulness ayud\u00f3 a mejorar la concentraci\u00f3n y la resistencia, lo que permiti\u00f3 a los deportistas rendir mejor y reducir la ansiedad.<\/p>\n<p>Para los ciclistas, el mindfulness puede profundizar la conexi\u00f3n tanto con el cuerpo como con el entorno. Mindfulness, en esencia, es el acto de mantener conscientemente la atenci\u00f3n en el cambiante momento presente. El <a href=\"https:\/\/www.pedalmind.com\/guides\/what-is-mindful-cycling\/\">Proyecto PedalMind<\/a> explica que la pr\u00e1ctica de la atenci\u00f3n plena nos permite afrontar nuestros pensamientos, emociones y est\u00edmulos externos sin juzgarlos. El ciclismo se presta naturalmente a la atenci\u00f3n plena, ya que los ciclistas suelen estar inmersos en su entorno y eval\u00faan constantemente su entorno para navegar con seguridad. Este enfoque en el momento presente permite una conexi\u00f3n m\u00e1s profunda con el viaje y con nosotros mismos.<\/p>\n<h2 style=\"font-weight: 400;\"><strong>Beneficios del mindfulness fuera de la bici<\/strong><\/h2>\n<p>Lo m\u00e1s destacable del mindfulness para los ciclistas es la facilidad con la que esta habilidad puede trasladarse a la vida m\u00e1s all\u00e1 de la bicicleta. Seg\u00fan el Proyecto PedalMind, los ciclistas ya saben lo que es la atenci\u00f3n plena, lo que facilita la transferencia de estas habilidades a la vida cotidiana. Con la pr\u00e1ctica, los beneficios de la atenci\u00f3n plena pueden multiplicarse, incluyendo:<\/p>\n<p>Un sistema nervioso parasimp\u00e1tico equilibrado, que ayuda a promover la relajaci\u00f3n, <a href=\"https:\/\/www.welovecycling.com\/wide\/2021\/08\/05\/stress-and-anxiety-can-be-a-barrier-to-cycling-heres-how-to-overcome-it\/\">reducir el estr\u00e9s<\/a> e incluso mejorar el rendimiento ciclista.<br \/>\nReducci\u00f3n de la ansiedad y la tensi\u00f3n arterial.<br \/>\nMejora de la claridad mental, la capacidad de atenci\u00f3n y la concentraci\u00f3n.<br \/>\nMayor conciencia de uno mismo.<\/p>\n<p>Melissa Balmer, fundadora de <a href=\"http:\/\/pedallove.org\/\">PedalLove.org,<\/a> subraya que practicar mindfulness fuera de la bicicleta puede transformar nuestra forma de relacionarnos con los dem\u00e1s. \u00abLa conciencia del momento presente nos ayuda a reconocer cu\u00e1ndo no estamos participando plenamente en las conversaciones, ya sea en el trabajo, en casa o con los amigos\u00bb, explica.<\/p>\n<p>En lugar de esperar nuestro turno para hablar o distraernos con el parloteo de nuestra mente, practicar la atenci\u00f3n plena en las interacciones cotidianas nos permite conectar de forma m\u00e1s aut\u00e9ntica con los dem\u00e1s. \u00abLos ver\u00e1s y oir\u00e1s de verdad\u00bb, dice Balmer. \u00abPuede ser una experiencia incre\u00edble\u00bb.<\/p>\n<p>De hecho, Balmer afirma que no hay ning\u00fan aspecto de la vida humana en el que practicar mindfulness -permanecer aqu\u00ed y ahora- no te \u00abbeneficie radicalmente a ti y a aquellos con los que interact\u00faas.\u00bb<\/p>\n<figure id=\"attachment_9358\" aria-describedby=\"caption-attachment-9358\" style=\"width: 990px\" class=\"wp-caption alignnone\"><a href=\"https:\/\/d2p6e6u75xmxt8.cloudfront.net\/6\/2022\/10\/Cyclist-Nature-profimedia-0730490956-CVR.jpg\"><img loading=\"lazy\" decoding=\"async\" class=\"wp-image-9358 size-full\" src=\"https:\/\/d2p6e6u75xmxt8.cloudfront.net\/6\/2022\/10\/Cyclist-Nature-profimedia-0730490956-CVR.jpg\" alt=\"Cyclist in nature\" width=\"990\" height=\"660\" srcset=\"https:\/\/d2p6e6u75xmxt8.cloudfront.net\/6\/2022\/10\/Cyclist-Nature-profimedia-0730490956-CVR.jpg 990w, https:\/\/d2p6e6u75xmxt8.cloudfront.net\/6\/2022\/10\/Cyclist-Nature-profimedia-0730490956-CVR-300x200.jpg 300w, https:\/\/d2p6e6u75xmxt8.cloudfront.net\/6\/2022\/10\/Cyclist-Nature-profimedia-0730490956-CVR-768x512.jpg 768w, https:\/\/d2p6e6u75xmxt8.cloudfront.net\/6\/2022\/10\/Cyclist-Nature-profimedia-0730490956-CVR-272x182.jpg 272w\" sizes=\"auto, (max-width: 990px) 100vw, 990px\" \/><\/a><figcaption id=\"caption-attachment-9358\" class=\"wp-caption-text\">El invierno es el momento perfecto para salir de la acelerada cinta de correr de la vida diaria, cambiar tu enfoque hacia dentro y abrazar el concepto de ir despacio. \u00a9 Profimedia<\/figcaption><\/figure>\n<h2 style=\"font-weight: 400;\"><strong><br \/>\nConsejos para integrar la meditaci\u00f3n y la atenci\u00f3n plena en tu rutina ciclista<\/strong><\/h2>\n<h4 style=\"font-weight: 400;\">Atenci\u00f3n a la respiraci\u00f3n<\/h4>\n<p style=\"font-weight: 400;\">Una de las formas m\u00e1s sencillas de cultivar la atenci\u00f3n plena sobre la bicicleta es concentrarse en la respiraci\u00f3n. Esto resulta especialmente \u00fatil cuando se pedalea solo, ya que permite sintonizar con el ritmo del cuerpo. Investigaciones realizadas en 2023 demuestran que las t\u00e9cnicas de respiraci\u00f3n profunda y consciente mejoran la eficiencia del ox\u00edgeno, reducen el estr\u00e9s y aumentan la resistencia general. Los deportistas que incorporan la respiraci\u00f3n concentrada a sus rutinas experimentan una mayor regulaci\u00f3n emocional y menos fatiga.<\/p>\n<h4 style=\"font-weight: 400;\">Centrarse en los sentidos<\/h4>\n<p style=\"font-weight: 400;\">Lo ames o lo odies, el ciclismo en invierno aporta sus propias experiencias sensoriales. El aire fresco, el aroma de la tierra h\u00fameda, el suave crujido de la escarcha bajo los neum\u00e1ticos&#8230; cada elemento puede ser un momento de atenci\u00f3n plena. Al cultivar este tipo de atenci\u00f3n activa, podemos aprender a restablecer la claridad mental y reducir las distracciones, sobre la bicicleta y fuera de ella.<\/p>\n<h4 style=\"font-weight: 400;\"><strong>Reducir la velocidad y sintonizar<\/strong><\/h4>\n<p style=\"font-weight: 400;\">El movimiento slow ride anima a los ciclistas a centrarse en la calidad de su experiencia m\u00e1s que en la cantidad de kil\u00f3metros. Los estudios sugieren <a href=\"https:\/\/www.psychologytoday.com\/intl\/blog\/pain-rehabilitation\/202401\/5-ways-mindfulness-rewires-your-brain-and-improves-your-life\">que reducir la velocidad<\/a> y centrarse en el presente puede ser un poderoso ant\u00eddoto contra el estr\u00e9s. As\u00ed que perm\u00edtete parar y disfrutar de lo que te rodea, ya sea contemplando una puesta de sol invernal o simplemente deteni\u00e9ndote junto a un arroyo helado. Tomemos el ejemplo del doctor Steve Taylor, profesor titular de psicolog\u00eda en la Universidad Leeds Beckett, que explica su decisi\u00f3n de empezar a ir al trabajo en bicicleta:<\/p>\n<p>\u00abLo mejor de ir en bicicleta fue que me permiti\u00f3 asimilar mucho m\u00e1s la realidad del viaje. Vi muchas casas antiguas interesantes y hermosos \u00e1rboles y parterres antiguos en los que nunca hab\u00eda reparado mientras entrenaba. Vi desv\u00edos hacia avenidas tranquilas que simplemente hab\u00eda pasado por alto.<\/p>\n<p>Y lo mejor de todo es que pod\u00eda pasar el tiempo mirando al cielo, a las nubes y los espacios azules que quedaban entre ellas y la luz del sol matutino que las atravesaba. Todas las ma\u00f1anas llegaba al trabajo con energ\u00eda y satisfecho. Me asombraba lo mucho que me hab\u00eda perdido del viaje mientras conduc\u00eda, y cu\u00e1nta m\u00e1s realidad percib\u00eda simplemente viajando m\u00e1s despacio\u00bb.<\/p>\n<h4 style=\"font-weight: 400;\">Movimiento y postura consciente<\/h4>\n<p style=\"font-weight: 400;\">Presta atenci\u00f3n a las sensaciones f\u00edsicas del pedaleo. \u00bfMantienes la tensi\u00f3n en los hombros o aprietas la mand\u00edbula? \u00bfLos brazos est\u00e1n relajados? Una conducci\u00f3n consciente consiste en percibir estas sutiles se\u00f1ales del cuerpo y ajustarlas en tiempo real. Como ciclista e instructor de yoga, puedo asegurarte que el movimiento consciente sobre la bicicleta te ayudar\u00e1 a aprender a escuchar a tu cuerpo, reduciendo el riesgo de lesiones y mejorando la eficacia general. La conciencia corporal que cultivas prestando atenci\u00f3n a las se\u00f1ales que te da tu cuerpo se correlacionar\u00e1 directamente con una mejora de la t\u00e9cnica y una reducci\u00f3n de las lesiones a medida que aprendes a ajustar la postura y evitar esfuerzos innecesarios.<\/p>\n<h4 style=\"font-weight: 400;\"><strong>La importancia de la constancia<\/strong><\/h4>\n<p style=\"font-weight: 400;\">El mindfulness, como cualquier otra pr\u00e1ctica, requiere constancia. Durante el invierno, con su clima a menudo m\u00e1s dif\u00edcil, puede ser tentador saltarse una salida. Sin embargo, comprometerse con el ciclismo consciente -ya sea una sesi\u00f3n de entrenamiento, una vuelta corta y lenta por tu barrio o un viaje m\u00e1s largo por carreteras tranquilas- puede crear una base s\u00f3lida para el bienestar mental y f\u00edsico.<\/p>\n<h4 style=\"font-weight: 400;\">Aprovecha el invierno como un retiro de mindfulness<\/h4>\n<p style=\"font-weight: 400;\">El ciclismo no siempre consiste en superar tus l\u00edmites o perseguir tiempos m\u00e1s r\u00e1pidos. Especialmente en invierno, es una oportunidad para abrazar el movimiento slow ride. Al integrar la atenci\u00f3n plena en tu rutina ciclista, creas una experiencia m\u00e1s profunda y reflexiva que fortalece el cuerpo y alimenta el alma. Recuerda que en el ciclismo, al igual que en la vida, los momentos m\u00e1s tranquilos suelen traer las mayores recompensas.<\/p>\n","protected":false},"excerpt":{"rendered":"<p>El invierno ofrece un tel\u00f3n de fondo \u00fanico para el ciclismo: las bajas temperaturas y las condiciones h\u00famedas o nevadas [&hellip;]<\/p>\n","protected":false},"author":29,"featured_media":11502,"comment_status":"open","ping_status":"open","sticky":false,"template":"","format":"standard","meta":{"footnotes":""},"categories":[7,8,9,6],"tags":[2338],"global-categories":[],"class_list":["post-11497","post","type-post","status-publish","format-standard","has-post-thumbnail","hentry","category-carretera","category-life-style","category-mtb-aventura","category-urban","tag-mindfulness"],"yoast_head":"<!-- This site is optimized with the Yoast SEO Premium plugin v25.3 (Yoast SEO v25.9) - https:\/\/yoast.com\/wordpress\/plugins\/seo\/ -->\n<title>Mindfulness para ciclistas: Las ventajas de rodar lento en invierno<\/title>\n<meta name=\"description\" content=\"Mindfulness para ciclistas: Las ventajas de rodar lento en invierno. Consejos que te pueden ayudar como ciclista.\" \/>\n<meta name=\"robots\" content=\"index, follow, max-snippet:-1, max-image-preview:large, max-video-preview:-1\" \/>\n<link rel=\"canonical\" href=\"https:\/\/www.welovecycling.com\/es\/2025\/02\/17\/mindfulness-para-ciclistas\/\" \/>\n<meta property=\"og:locale\" content=\"es_ES\" \/>\n<meta property=\"og:type\" content=\"article\" \/>\n<meta property=\"og:title\" content=\"Mindfulness para ciclistas: Las ventajas de rodar lento en invierno\" \/>\n<meta property=\"og:description\" content=\"Mindfulness para ciclistas: Las ventajas de rodar lento en invierno. Consejos que te pueden ayudar como ciclista.\" \/>\n<meta property=\"og:url\" content=\"https:\/\/www.welovecycling.com\/es\/2025\/02\/17\/mindfulness-para-ciclistas\/\" \/>\n<meta property=\"og:site_name\" content=\"\u0160koda We Love Cycling - Spain\" \/>\n<meta property=\"article:published_time\" content=\"2025-02-17T12:58:34+00:00\" \/>\n<meta property=\"og:image\" content=\"https:\/\/d2p6e6u75xmxt8.cloudfront.net\/6\/2025\/02\/Cyclist-Cold-Fog-profimedia-0958561366-CVR.webp\" \/>\n\t<meta property=\"og:image:width\" content=\"990\" \/>\n\t<meta property=\"og:image:height\" content=\"660\" \/>\n\t<meta property=\"og:image:type\" content=\"image\/webp\" \/>\n<meta name=\"author\" content=\"We Love Cycling Spain\" \/>\n<meta name=\"twitter:card\" content=\"summary_large_image\" \/>\n<meta name=\"twitter:description\" content=\"Mindfulness para ciclistas: Las ventajas de rodar lento en invierno. Consejos que te pueden ayudar como ciclista.\" \/>\n<meta name=\"twitter:label1\" content=\"Written by\" \/>\n\t<meta name=\"twitter:data1\" content=\"Megan Flottorp\" \/>\n\t<meta name=\"twitter:label2\" content=\"Est. reading time\" \/>\n\t<meta name=\"twitter:data2\" content=\"4\" \/>\n<script type=\"application\/ld+json\" class=\"yoast-schema-graph\">{\"@context\":\"https:\/\/schema.org\",\"@graph\":[{\"@type\":\"WebPage\",\"@id\":\"https:\/\/www.welovecycling.com\/es\/2025\/02\/17\/mindfulness-para-ciclistas\/\",\"url\":\"https:\/\/www.welovecycling.com\/es\/2025\/02\/17\/mindfulness-para-ciclistas\/\",\"name\":\"Mindfulness para ciclistas: Las ventajas de rodar lento en invierno\",\"isPartOf\":{\"@id\":\"https:\/\/www.welovecycling.com\/es\/#website\"},\"primaryImageOfPage\":{\"@id\":\"https:\/\/www.welovecycling.com\/es\/2025\/02\/17\/mindfulness-para-ciclistas\/#primaryimage\"},\"image\":{\"@id\":\"https:\/\/www.welovecycling.com\/es\/2025\/02\/17\/mindfulness-para-ciclistas\/#primaryimage\"},\"thumbnailUrl\":\"https:\/\/d2p6e6u75xmxt8.cloudfront.net\/6\/2025\/02\/Cyclist-Cold-Fog-profimedia-0958561366-CVR.webp\",\"datePublished\":\"2025-02-17T12:58:34+00:00\",\"author\":{\"@id\":\"https:\/\/www.welovecycling.com\/es\/#\/schema\/person\/deb61715b5812698ee79fb96f343ccd4\"},\"description\":\"Mindfulness para ciclistas: Las ventajas de rodar lento en invierno. Consejos que te pueden ayudar como ciclista.\",\"breadcrumb\":{\"@id\":\"https:\/\/www.welovecycling.com\/es\/2025\/02\/17\/mindfulness-para-ciclistas\/#breadcrumb\"},\"inLanguage\":\"es-ES\",\"potentialAction\":[{\"@type\":\"ReadAction\",\"target\":[\"https:\/\/www.welovecycling.com\/es\/2025\/02\/17\/mindfulness-para-ciclistas\/\"]}]},{\"@type\":\"ImageObject\",\"inLanguage\":\"es-ES\",\"@id\":\"https:\/\/www.welovecycling.com\/es\/2025\/02\/17\/mindfulness-para-ciclistas\/#primaryimage\",\"url\":\"https:\/\/d2p6e6u75xmxt8.cloudfront.net\/6\/2025\/02\/Cyclist-Cold-Fog-profimedia-0958561366-CVR.webp\",\"contentUrl\":\"https:\/\/d2p6e6u75xmxt8.cloudfront.net\/6\/2025\/02\/Cyclist-Cold-Fog-profimedia-0958561366-CVR.webp\",\"width\":990,\"height\":660,\"caption\":\"Cyclist in winter\"},{\"@type\":\"BreadcrumbList\",\"@id\":\"https:\/\/www.welovecycling.com\/es\/2025\/02\/17\/mindfulness-para-ciclistas\/#breadcrumb\",\"itemListElement\":[{\"@type\":\"ListItem\",\"position\":1,\"name\":\"Home\",\"item\":\"https:\/\/www.welovecycling.com\/es\/\"},{\"@type\":\"ListItem\",\"position\":2,\"name\":\"Mindfulness para ciclistas: Las ventajas de rodar lento en invierno\"}]},{\"@type\":\"WebSite\",\"@id\":\"https:\/\/www.welovecycling.com\/es\/#website\",\"url\":\"https:\/\/www.welovecycling.com\/es\/\",\"name\":\"\u0160koda We Love Cycling - Spain\",\"description\":\"\u0160koda WeLoveCycling Spain\",\"potentialAction\":[{\"@type\":\"SearchAction\",\"target\":{\"@type\":\"EntryPoint\",\"urlTemplate\":\"https:\/\/www.welovecycling.com\/es\/?s={search_term_string}\"},\"query-input\":{\"@type\":\"PropertyValueSpecification\",\"valueRequired\":true,\"valueName\":\"search_term_string\"}}],\"inLanguage\":\"es-ES\"},{\"@type\":\"Person\",\"@id\":\"https:\/\/www.welovecycling.com\/es\/#\/schema\/person\/deb61715b5812698ee79fb96f343ccd4\",\"name\":\"We Love Cycling Spain\",\"image\":{\"@type\":\"ImageObject\",\"inLanguage\":\"es-ES\",\"@id\":\"https:\/\/www.welovecycling.com\/es\/#\/schema\/person\/image\/\",\"url\":\"https:\/\/secure.gravatar.com\/avatar\/c824b04e6df0e37a03219d0b6481672889df542894588964102459e46513159c?s=96&d=mm&r=g\",\"contentUrl\":\"https:\/\/secure.gravatar.com\/avatar\/c824b04e6df0e37a03219d0b6481672889df542894588964102459e46513159c?s=96&d=mm&r=g\",\"caption\":\"We Love Cycling Spain\"},\"url\":\"https:\/\/www.welovecycling.com\/es\/author\/amunoz\/\"}]}<\/script>\n<!-- \/ Yoast SEO Premium plugin. -->","yoast_head_json":{"title":"Mindfulness para ciclistas: Las ventajas de rodar lento en invierno","description":"Mindfulness para ciclistas: Las ventajas de rodar lento en invierno. Consejos que te pueden ayudar como ciclista.","robots":{"index":"index","follow":"follow","max-snippet":"max-snippet:-1","max-image-preview":"max-image-preview:large","max-video-preview":"max-video-preview:-1"},"canonical":"https:\/\/www.welovecycling.com\/es\/2025\/02\/17\/mindfulness-para-ciclistas\/","og_locale":"es_ES","og_type":"article","og_title":"Mindfulness para ciclistas: Las ventajas de rodar lento en invierno","og_description":"Mindfulness para ciclistas: Las ventajas de rodar lento en invierno. Consejos que te pueden ayudar como ciclista.","og_url":"https:\/\/www.welovecycling.com\/es\/2025\/02\/17\/mindfulness-para-ciclistas\/","og_site_name":"\u0160koda We Love Cycling - Spain","article_published_time":"2025-02-17T12:58:34+00:00","og_image":[{"width":990,"height":660,"url":"https:\/\/d2p6e6u75xmxt8.cloudfront.net\/6\/2025\/02\/Cyclist-Cold-Fog-profimedia-0958561366-CVR.webp","type":"image\/webp"}],"author":"We Love Cycling Spain","twitter_card":"summary_large_image","twitter_description":"Mindfulness para ciclistas: Las ventajas de rodar lento en invierno. Consejos que te pueden ayudar como ciclista.","twitter_misc":{"Written by":"Megan Flottorp","Est. reading time":"4"},"schema":{"@context":"https:\/\/schema.org","@graph":[{"@type":"WebPage","@id":"https:\/\/www.welovecycling.com\/es\/2025\/02\/17\/mindfulness-para-ciclistas\/","url":"https:\/\/www.welovecycling.com\/es\/2025\/02\/17\/mindfulness-para-ciclistas\/","name":"Mindfulness para ciclistas: Las ventajas de rodar lento en invierno","isPartOf":{"@id":"https:\/\/www.welovecycling.com\/es\/#website"},"primaryImageOfPage":{"@id":"https:\/\/www.welovecycling.com\/es\/2025\/02\/17\/mindfulness-para-ciclistas\/#primaryimage"},"image":{"@id":"https:\/\/www.welovecycling.com\/es\/2025\/02\/17\/mindfulness-para-ciclistas\/#primaryimage"},"thumbnailUrl":"https:\/\/d2p6e6u75xmxt8.cloudfront.net\/6\/2025\/02\/Cyclist-Cold-Fog-profimedia-0958561366-CVR.webp","datePublished":"2025-02-17T12:58:34+00:00","author":{"@id":"https:\/\/www.welovecycling.com\/es\/#\/schema\/person\/deb61715b5812698ee79fb96f343ccd4"},"description":"Mindfulness para ciclistas: Las ventajas de rodar lento en invierno. Consejos que te pueden ayudar como ciclista.","breadcrumb":{"@id":"https:\/\/www.welovecycling.com\/es\/2025\/02\/17\/mindfulness-para-ciclistas\/#breadcrumb"},"inLanguage":"es-ES","potentialAction":[{"@type":"ReadAction","target":["https:\/\/www.welovecycling.com\/es\/2025\/02\/17\/mindfulness-para-ciclistas\/"]}]},{"@type":"ImageObject","inLanguage":"es-ES","@id":"https:\/\/www.welovecycling.com\/es\/2025\/02\/17\/mindfulness-para-ciclistas\/#primaryimage","url":"https:\/\/d2p6e6u75xmxt8.cloudfront.net\/6\/2025\/02\/Cyclist-Cold-Fog-profimedia-0958561366-CVR.webp","contentUrl":"https:\/\/d2p6e6u75xmxt8.cloudfront.net\/6\/2025\/02\/Cyclist-Cold-Fog-profimedia-0958561366-CVR.webp","width":990,"height":660,"caption":"Cyclist in winter"},{"@type":"BreadcrumbList","@id":"https:\/\/www.welovecycling.com\/es\/2025\/02\/17\/mindfulness-para-ciclistas\/#breadcrumb","itemListElement":[{"@type":"ListItem","position":1,"name":"Home","item":"https:\/\/www.welovecycling.com\/es\/"},{"@type":"ListItem","position":2,"name":"Mindfulness para ciclistas: Las ventajas de rodar lento en invierno"}]},{"@type":"WebSite","@id":"https:\/\/www.welovecycling.com\/es\/#website","url":"https:\/\/www.welovecycling.com\/es\/","name":"\u0160koda We Love Cycling - Spain","description":"\u0160koda WeLoveCycling Spain","potentialAction":[{"@type":"SearchAction","target":{"@type":"EntryPoint","urlTemplate":"https:\/\/www.welovecycling.com\/es\/?s={search_term_string}"},"query-input":{"@type":"PropertyValueSpecification","valueRequired":true,"valueName":"search_term_string"}}],"inLanguage":"es-ES"},{"@type":"Person","@id":"https:\/\/www.welovecycling.com\/es\/#\/schema\/person\/deb61715b5812698ee79fb96f343ccd4","name":"We Love Cycling Spain","image":{"@type":"ImageObject","inLanguage":"es-ES","@id":"https:\/\/www.welovecycling.com\/es\/#\/schema\/person\/image\/","url":"https:\/\/secure.gravatar.com\/avatar\/c824b04e6df0e37a03219d0b6481672889df542894588964102459e46513159c?s=96&d=mm&r=g","contentUrl":"https:\/\/secure.gravatar.com\/avatar\/c824b04e6df0e37a03219d0b6481672889df542894588964102459e46513159c?s=96&d=mm&r=g","caption":"We Love Cycling Spain"},"url":"https:\/\/www.welovecycling.com\/es\/author\/amunoz\/"}]}},"_links":{"self":[{"href":"https:\/\/www.welovecycling.com\/es\/wp-json\/wp\/v2\/posts\/11497","targetHints":{"allow":["GET"]}}],"collection":[{"href":"https:\/\/www.welovecycling.com\/es\/wp-json\/wp\/v2\/posts"}],"about":[{"href":"https:\/\/www.welovecycling.com\/es\/wp-json\/wp\/v2\/types\/post"}],"author":[{"embeddable":true,"href":"https:\/\/www.welovecycling.com\/es\/wp-json\/wp\/v2\/users\/29"}],"replies":[{"embeddable":true,"href":"https:\/\/www.welovecycling.com\/es\/wp-json\/wp\/v2\/comments?post=11497"}],"version-history":[{"count":2,"href":"https:\/\/www.welovecycling.com\/es\/wp-json\/wp\/v2\/posts\/11497\/revisions"}],"predecessor-version":[{"id":11515,"href":"https:\/\/www.welovecycling.com\/es\/wp-json\/wp\/v2\/posts\/11497\/revisions\/11515"}],"wp:featuredmedia":[{"embeddable":true,"href":"https:\/\/www.welovecycling.com\/es\/wp-json\/wp\/v2\/media\/11502"}],"wp:attachment":[{"href":"https:\/\/www.welovecycling.com\/es\/wp-json\/wp\/v2\/media?parent=11497"}],"wp:term":[{"taxonomy":"category","embeddable":true,"href":"https:\/\/www.welovecycling.com\/es\/wp-json\/wp\/v2\/categories?post=11497"},{"taxonomy":"post_tag","embeddable":true,"href":"https:\/\/www.welovecycling.com\/es\/wp-json\/wp\/v2\/tags?post=11497"},{"taxonomy":"global-categories","embeddable":true,"href":"https:\/\/www.welovecycling.com\/es\/wp-json\/wp\/v2\/global-categories?post=11497"}],"curies":[{"name":"wp","href":"https:\/\/api.w.org\/{rel}","templated":true}]}}