{"id":11494,"date":"2025-02-21T15:37:46","date_gmt":"2025-02-21T13:37:46","guid":{"rendered":"https:\/\/www.welovecycling.com\/es\/?p=11494"},"modified":"2025-02-11T21:05:41","modified_gmt":"2025-02-11T19:05:41","slug":"vitamina-d","status":"publish","type":"post","link":"https:\/\/www.welovecycling.com\/es\/2025\/02\/21\/vitamina-d\/","title":{"rendered":"Entrenar en bici en invierno. Que no te falte vitamina D"},"content":{"rendered":"<p style=\"font-weight: 400;\"><strong>Entrenar en invierno puede ser estimulante: el aire fresco, las carreteras tranquilas y la sensaci\u00f3n de aventura. Pero hay algo que quiz\u00e1 no hayas tenido en cuenta: tus niveles de vitamina D. Veamos por qu\u00e9 la vitamina D es importante para los ciclistas, c\u00f3mo afecta el invierno a sus niveles y qu\u00e9 puede hacer para mantener su energ\u00eda durante toda la temporada.<\/strong><\/p>\n<p><!--more--><\/p>\n<h2 style=\"font-weight: 400;\"><strong>\u00bfPor qu\u00e9 los ciclistas necesitan Vitamina D?<\/strong><\/h2>\n<p>La vitamina D no s\u00f3lo es importante para la salud \u00f3sea, sino que tambi\u00e9n desempe\u00f1a un papel importante en el rendimiento ciclista.<\/p>\n<p><strong>M\u00fasculos m\u00e1s fuertes<\/strong> &#8211; Ayuda a que los m\u00fasculos funcionen de forma eficiente, lo que se traduce en una mayor potencia en las subidas y una recuperaci\u00f3n m\u00e1s r\u00e1pida tras las salidas largas. La vitamina D <a href=\"https:\/\/pmc.ncbi.nlm.nih.gov\/articles\/PMC3725481\/\">desempe\u00f1a un papel clave en la contracci\u00f3n muscular<\/a> y la producci\u00f3n de energ\u00eda, ayudando a <a href=\"https:\/\/pmc.ncbi.nlm.nih.gov\/articles\/PMC2901845\/\">prevenir los calambres y la fatiga muscular<\/a> para que puedas seguir empujando a trav\u00e9s de rutas complicadas<\/p>\n<p><strong>Mejor inmunidad<\/strong> &#8211; Un sistema inmunitario fuerte significa menos d\u00edas de baja por enfermedad y m\u00e1s tiempo sobre la bicicleta. Los niveles bajos de vitamina D se han relacionado con una mayor susceptibilidad a los resfriados y las infecciones respiratorias, que pueden mantenerte alejado de la bicicleta durante semanas. Mantener altos los niveles de vitamina D puede ayudar al organismo a combatir las enfermedades invernales con mayor eficacia.<\/p>\n<p><strong>Huesos m\u00e1s fuertes (obviamente)<\/strong> &#8211; Ayuda a tu cuerpo a absorber el calcio, reduciendo el riesgo de fracturas si te caes en un terreno helado. Unos huesos fuertes son especialmente importantes en invierno, cuando las ca\u00eddas y los accidentes son m\u00e1s probables debido a las condiciones resbaladizas.<\/p>\n<p style=\"font-weight: 400;\">El <a href=\"https:\/\/pubmed.ncbi.nlm.nih.gov\/20795941\/\">cuerpo produce<\/a> vitamina D de forma natural cuando la piel se expone a la luz solar. Pero en invierno, este proceso se ralentiza, por lo que muchos ciclistas se sienten lentos, doloridos o incluso enferman con m\u00e1s frecuencia.<\/p>\n<h2><strong>Conseguir vitamina D en invierno<\/strong><\/h2>\n<p>Montar en bicicleta con tiempo fr\u00edo tiene sus ventajas, pero tambi\u00e9n hace que sea m\u00e1s dif\u00edcil obtener suficiente vitamina D. He aqu\u00ed por qu\u00e9:<\/p>\n<p><strong>Menos luz solar &#8211;<\/strong> Los d\u00edas m\u00e1s cortos significan menos oportunidades de exposici\u00f3n al sol, especialmente si montas en bicicleta a primera hora de la ma\u00f1ana o a \u00faltima de la tarde. Si te desplazas antes de que salga el sol o despu\u00e9s de que se ponga, te est\u00e1s perdiendo las horas de luz que ayudan a mantener la producci\u00f3n de vitamina D.<\/p>\n<p><strong>Menos rayos UVB &#8211;<\/strong> En invierno, el sol permanece m\u00e1s bajo en el cielo, lo que reduce los rayos UVB que desencadenan la producci\u00f3n de vitamina D en la piel. Incluso en los d\u00edas m\u00e1s luminosos, la menor intensidad de la luz solar hace que el cuerpo tenga dificultades para generar suficiente vitamina D. Este efecto es a\u00fan m\u00e1s pronunciado en las latitudes altas, donde el \u00e1ngulo del sol es demasiado bajo para proporcionar una exposici\u00f3n adecuada a los rayos UVB durante meses seguidos.<\/p>\n<p><strong>M\u00e1s entrenamiento en interiores:<\/strong> si haces kil\u00f3metros en rodillo en lugar de al aire libre, la exposici\u00f3n a la luz solar es a\u00fan menor. Aunque el entrenamiento en interiores es excelente para mantenerse en forma, elimina cualquier oportunidad de exposici\u00f3n al sol, por lo que es a\u00fan m\u00e1s importante encontrar formas alternativas de aumentar la vitamina D.<\/p>\n<h2><strong>\u00bfC\u00f3mo mantener altos los niveles de vitamina D?<\/strong><\/h2>\n<p>\u00bfLa buena noticia? No tienes por qu\u00e9 dejar que el invierno te robe tus fuerzas. A continuaci\u00f3n te explicamos c\u00f3mo mantenerte a tope con la vitamina D:<\/p>\n<p><strong>Sal al aire libre siempre que puedas:<\/strong>\u00a0Incluso un corto paseo al mediod\u00eda o un caf\u00e9 al aire libre pueden ayudarte a aumentar tus niveles de vitamina D.<\/p>\n<p><strong>Consuma alimentos ricos en vitamina D<\/strong>: Incluye en tu dieta alimentos como el salm\u00f3n, la caballa, los huevos y los productos l\u00e1cteos enriquecidos para mantener altos tus niveles.<\/p>\n<p><strong>Considera la posibilidad de tomar un suplemento:<\/strong> Si no tomas suficiente sol, <a href=\"https:\/\/pubmed.ncbi.nlm.nih.gov\/23410885\/\">un suplemento de vitamina D<\/a> puede ayudarle a compensar la carencia. (Consulta a un profesional sanitario para saber cu\u00e1l es la dosis adecuada).<\/p>\n<p><strong>Escucha a tu cuerpo:<\/strong> Si te sientes muy cansado, dolorido o indispuesto, puede que merezca la pena que compruebes sus niveles de vitamina D.<\/p>\n<p><strong>Equilibra tu entrenamiento:<\/strong> El entrenamiento de fuerza y una <a href=\"https:\/\/www.welovecycling.com\/wide\/2025\/01\/21\/cycling-nutrition-myths-that-are-slowing-you-down\/\">buena nutrici\u00f3n<\/a> van de la mano con el ciclismo. Una rutina equilibrada mantiene tu cuerpo fuerte y resistente en invierno.<\/p>\n<h2><strong>Sigue pedaleando en invierno<\/strong><\/h2>\n<p style=\"font-weight: 400;\">Puede que el invierno traiga menos horas de luz, pero eso no significa que el ciclismo tenga que resentirse. Con un poco de planificaci\u00f3n y algunos h\u00e1bitos sencillos, puedes mantener altos tus niveles de vitamina D, tu energ\u00eda y tus piernas fuertes. As\u00ed que abr\u00edgate, disfruta del fr\u00edo y de la estaci\u00f3n: tu cuerpo (y tu bicicleta tambi\u00e9n, \u00bfverdad?) te lo agradecer\u00e1n.<\/p>\n","protected":false},"excerpt":{"rendered":"<p>Entrenar en invierno puede ser estimulante: el aire fresco, las carreteras tranquilas y la sensaci\u00f3n de aventura. Pero hay algo [&hellip;]<\/p>\n","protected":false},"author":29,"featured_media":11227,"comment_status":"open","ping_status":"open","sticky":false,"template":"","format":"standard","meta":{"footnotes":""},"categories":[7,9,1],"tags":[2339],"global-categories":[],"class_list":["post-11494","post","type-post","status-publish","format-standard","has-post-thumbnail","hentry","category-carretera","category-mtb-aventura","category-uncategorized","tag-vitamina-d"],"yoast_head":"<!-- This site is optimized with the Yoast SEO Premium plugin v25.3 (Yoast SEO v25.9) - https:\/\/yoast.com\/wordpress\/plugins\/seo\/ -->\n<title>Entrenar en bici en invierno. Que no te falte vitamina D - \u0160koda We Love Cycling - Spain<\/title>\n<meta name=\"description\" content=\"Entrenar en bici en invierno. Que no te falte vitamina D. Asi puedes mantener altos los niveles de vitamina D en invierno.\" \/>\n<meta name=\"robots\" content=\"index, follow, max-snippet:-1, max-image-preview:large, max-video-preview:-1\" \/>\n<link rel=\"canonical\" href=\"https:\/\/www.welovecycling.com\/es\/2025\/02\/21\/vitamina-d\/\" \/>\n<meta property=\"og:locale\" content=\"es_ES\" \/>\n<meta property=\"og:type\" content=\"article\" \/>\n<meta property=\"og:title\" content=\"Entrenar en bici en invierno. Que no te falte vitamina D\" \/>\n<meta property=\"og:description\" content=\"Entrenar en bici en invierno. Que no te falte vitamina D. Asi puedes mantener altos los niveles de vitamina D en invierno.\" \/>\n<meta property=\"og:url\" content=\"https:\/\/www.welovecycling.com\/es\/2025\/02\/21\/vitamina-d\/\" \/>\n<meta property=\"og:site_name\" content=\"\u0160koda We Love Cycling - Spain\" \/>\n<meta property=\"article:published_time\" content=\"2025-02-21T13:37:46+00:00\" \/>\n<meta property=\"og:image\" content=\"https:\/\/d2p6e6u75xmxt8.cloudfront.net\/6\/2024\/10\/Gravel-Path-Handlebars-profimedia-0906602013-CVR.webp\" \/>\n\t<meta property=\"og:image:width\" content=\"990\" \/>\n\t<meta property=\"og:image:height\" content=\"660\" \/>\n\t<meta property=\"og:image:type\" content=\"image\/webp\" \/>\n<meta name=\"author\" content=\"We Love Cycling Spain\" \/>\n<meta name=\"twitter:card\" content=\"summary_large_image\" \/>\n<meta name=\"twitter:label1\" content=\"Written by\" \/>\n\t<meta name=\"twitter:data1\" content=\"Monica Buck\" \/>\n\t<meta name=\"twitter:label2\" content=\"Est. reading time\" \/>\n\t<meta name=\"twitter:data2\" content=\"3\" \/>\n<script type=\"application\/ld+json\" class=\"yoast-schema-graph\">{\"@context\":\"https:\/\/schema.org\",\"@graph\":[{\"@type\":\"WebPage\",\"@id\":\"https:\/\/www.welovecycling.com\/es\/2025\/02\/21\/vitamina-d\/\",\"url\":\"https:\/\/www.welovecycling.com\/es\/2025\/02\/21\/vitamina-d\/\",\"name\":\"Entrenar en bici en invierno. Que no te falte vitamina D - \u0160koda We Love Cycling - Spain\",\"isPartOf\":{\"@id\":\"https:\/\/www.welovecycling.com\/es\/#website\"},\"primaryImageOfPage\":{\"@id\":\"https:\/\/www.welovecycling.com\/es\/2025\/02\/21\/vitamina-d\/#primaryimage\"},\"image\":{\"@id\":\"https:\/\/www.welovecycling.com\/es\/2025\/02\/21\/vitamina-d\/#primaryimage\"},\"thumbnailUrl\":\"https:\/\/d2p6e6u75xmxt8.cloudfront.net\/6\/2024\/10\/Gravel-Path-Handlebars-profimedia-0906602013-CVR.webp\",\"datePublished\":\"2025-02-21T13:37:46+00:00\",\"author\":{\"@id\":\"https:\/\/www.welovecycling.com\/es\/#\/schema\/person\/deb61715b5812698ee79fb96f343ccd4\"},\"description\":\"Entrenar en bici en invierno. Que no te falte vitamina D. Asi puedes mantener altos los niveles de vitamina D en invierno.\",\"breadcrumb\":{\"@id\":\"https:\/\/www.welovecycling.com\/es\/2025\/02\/21\/vitamina-d\/#breadcrumb\"},\"inLanguage\":\"es-ES\",\"potentialAction\":[{\"@type\":\"ReadAction\",\"target\":[\"https:\/\/www.welovecycling.com\/es\/2025\/02\/21\/vitamina-d\/\"]}]},{\"@type\":\"ImageObject\",\"inLanguage\":\"es-ES\",\"@id\":\"https:\/\/www.welovecycling.com\/es\/2025\/02\/21\/vitamina-d\/#primaryimage\",\"url\":\"https:\/\/d2p6e6u75xmxt8.cloudfront.net\/6\/2024\/10\/Gravel-Path-Handlebars-profimedia-0906602013-CVR.webp\",\"contentUrl\":\"https:\/\/d2p6e6u75xmxt8.cloudfront.net\/6\/2024\/10\/Gravel-Path-Handlebars-profimedia-0906602013-CVR.webp\",\"width\":990,\"height\":660,\"caption\":\"Bike handlbars\"},{\"@type\":\"BreadcrumbList\",\"@id\":\"https:\/\/www.welovecycling.com\/es\/2025\/02\/21\/vitamina-d\/#breadcrumb\",\"itemListElement\":[{\"@type\":\"ListItem\",\"position\":1,\"name\":\"Home\",\"item\":\"https:\/\/www.welovecycling.com\/es\/\"},{\"@type\":\"ListItem\",\"position\":2,\"name\":\"Entrenar en bici en invierno. Que no te falte vitamina D\"}]},{\"@type\":\"WebSite\",\"@id\":\"https:\/\/www.welovecycling.com\/es\/#website\",\"url\":\"https:\/\/www.welovecycling.com\/es\/\",\"name\":\"\u0160koda We Love Cycling - Spain\",\"description\":\"\u0160koda WeLoveCycling Spain\",\"potentialAction\":[{\"@type\":\"SearchAction\",\"target\":{\"@type\":\"EntryPoint\",\"urlTemplate\":\"https:\/\/www.welovecycling.com\/es\/?s={search_term_string}\"},\"query-input\":{\"@type\":\"PropertyValueSpecification\",\"valueRequired\":true,\"valueName\":\"search_term_string\"}}],\"inLanguage\":\"es-ES\"},{\"@type\":\"Person\",\"@id\":\"https:\/\/www.welovecycling.com\/es\/#\/schema\/person\/deb61715b5812698ee79fb96f343ccd4\",\"name\":\"We Love Cycling Spain\",\"image\":{\"@type\":\"ImageObject\",\"inLanguage\":\"es-ES\",\"@id\":\"https:\/\/www.welovecycling.com\/es\/#\/schema\/person\/image\/\",\"url\":\"https:\/\/secure.gravatar.com\/avatar\/c824b04e6df0e37a03219d0b6481672889df542894588964102459e46513159c?s=96&d=mm&r=g\",\"contentUrl\":\"https:\/\/secure.gravatar.com\/avatar\/c824b04e6df0e37a03219d0b6481672889df542894588964102459e46513159c?s=96&d=mm&r=g\",\"caption\":\"We Love Cycling Spain\"},\"url\":\"https:\/\/www.welovecycling.com\/es\/author\/amunoz\/\"}]}<\/script>\n<!-- \/ Yoast SEO Premium plugin. -->","yoast_head_json":{"title":"Entrenar en bici en invierno. Que no te falte vitamina D - \u0160koda We Love Cycling - Spain","description":"Entrenar en bici en invierno. Que no te falte vitamina D. Asi puedes mantener altos los niveles de vitamina D en invierno.","robots":{"index":"index","follow":"follow","max-snippet":"max-snippet:-1","max-image-preview":"max-image-preview:large","max-video-preview":"max-video-preview:-1"},"canonical":"https:\/\/www.welovecycling.com\/es\/2025\/02\/21\/vitamina-d\/","og_locale":"es_ES","og_type":"article","og_title":"Entrenar en bici en invierno. Que no te falte vitamina D","og_description":"Entrenar en bici en invierno. Que no te falte vitamina D. Asi puedes mantener altos los niveles de vitamina D en invierno.","og_url":"https:\/\/www.welovecycling.com\/es\/2025\/02\/21\/vitamina-d\/","og_site_name":"\u0160koda We Love Cycling - Spain","article_published_time":"2025-02-21T13:37:46+00:00","og_image":[{"width":990,"height":660,"url":"https:\/\/d2p6e6u75xmxt8.cloudfront.net\/6\/2024\/10\/Gravel-Path-Handlebars-profimedia-0906602013-CVR.webp","type":"image\/webp"}],"author":"We Love Cycling Spain","twitter_card":"summary_large_image","twitter_misc":{"Written by":"Monica Buck","Est. reading time":"3"},"schema":{"@context":"https:\/\/schema.org","@graph":[{"@type":"WebPage","@id":"https:\/\/www.welovecycling.com\/es\/2025\/02\/21\/vitamina-d\/","url":"https:\/\/www.welovecycling.com\/es\/2025\/02\/21\/vitamina-d\/","name":"Entrenar en bici en invierno. Que no te falte vitamina D - \u0160koda We Love Cycling - Spain","isPartOf":{"@id":"https:\/\/www.welovecycling.com\/es\/#website"},"primaryImageOfPage":{"@id":"https:\/\/www.welovecycling.com\/es\/2025\/02\/21\/vitamina-d\/#primaryimage"},"image":{"@id":"https:\/\/www.welovecycling.com\/es\/2025\/02\/21\/vitamina-d\/#primaryimage"},"thumbnailUrl":"https:\/\/d2p6e6u75xmxt8.cloudfront.net\/6\/2024\/10\/Gravel-Path-Handlebars-profimedia-0906602013-CVR.webp","datePublished":"2025-02-21T13:37:46+00:00","author":{"@id":"https:\/\/www.welovecycling.com\/es\/#\/schema\/person\/deb61715b5812698ee79fb96f343ccd4"},"description":"Entrenar en bici en invierno. Que no te falte vitamina D. Asi puedes mantener altos los niveles de vitamina D en invierno.","breadcrumb":{"@id":"https:\/\/www.welovecycling.com\/es\/2025\/02\/21\/vitamina-d\/#breadcrumb"},"inLanguage":"es-ES","potentialAction":[{"@type":"ReadAction","target":["https:\/\/www.welovecycling.com\/es\/2025\/02\/21\/vitamina-d\/"]}]},{"@type":"ImageObject","inLanguage":"es-ES","@id":"https:\/\/www.welovecycling.com\/es\/2025\/02\/21\/vitamina-d\/#primaryimage","url":"https:\/\/d2p6e6u75xmxt8.cloudfront.net\/6\/2024\/10\/Gravel-Path-Handlebars-profimedia-0906602013-CVR.webp","contentUrl":"https:\/\/d2p6e6u75xmxt8.cloudfront.net\/6\/2024\/10\/Gravel-Path-Handlebars-profimedia-0906602013-CVR.webp","width":990,"height":660,"caption":"Bike handlbars"},{"@type":"BreadcrumbList","@id":"https:\/\/www.welovecycling.com\/es\/2025\/02\/21\/vitamina-d\/#breadcrumb","itemListElement":[{"@type":"ListItem","position":1,"name":"Home","item":"https:\/\/www.welovecycling.com\/es\/"},{"@type":"ListItem","position":2,"name":"Entrenar en bici en invierno. Que no te falte vitamina D"}]},{"@type":"WebSite","@id":"https:\/\/www.welovecycling.com\/es\/#website","url":"https:\/\/www.welovecycling.com\/es\/","name":"\u0160koda We Love Cycling - Spain","description":"\u0160koda WeLoveCycling Spain","potentialAction":[{"@type":"SearchAction","target":{"@type":"EntryPoint","urlTemplate":"https:\/\/www.welovecycling.com\/es\/?s={search_term_string}"},"query-input":{"@type":"PropertyValueSpecification","valueRequired":true,"valueName":"search_term_string"}}],"inLanguage":"es-ES"},{"@type":"Person","@id":"https:\/\/www.welovecycling.com\/es\/#\/schema\/person\/deb61715b5812698ee79fb96f343ccd4","name":"We Love Cycling Spain","image":{"@type":"ImageObject","inLanguage":"es-ES","@id":"https:\/\/www.welovecycling.com\/es\/#\/schema\/person\/image\/","url":"https:\/\/secure.gravatar.com\/avatar\/c824b04e6df0e37a03219d0b6481672889df542894588964102459e46513159c?s=96&d=mm&r=g","contentUrl":"https:\/\/secure.gravatar.com\/avatar\/c824b04e6df0e37a03219d0b6481672889df542894588964102459e46513159c?s=96&d=mm&r=g","caption":"We Love Cycling Spain"},"url":"https:\/\/www.welovecycling.com\/es\/author\/amunoz\/"}]}},"_links":{"self":[{"href":"https:\/\/www.welovecycling.com\/es\/wp-json\/wp\/v2\/posts\/11494","targetHints":{"allow":["GET"]}}],"collection":[{"href":"https:\/\/www.welovecycling.com\/es\/wp-json\/wp\/v2\/posts"}],"about":[{"href":"https:\/\/www.welovecycling.com\/es\/wp-json\/wp\/v2\/types\/post"}],"author":[{"embeddable":true,"href":"https:\/\/www.welovecycling.com\/es\/wp-json\/wp\/v2\/users\/29"}],"replies":[{"embeddable":true,"href":"https:\/\/www.welovecycling.com\/es\/wp-json\/wp\/v2\/comments?post=11494"}],"version-history":[{"count":1,"href":"https:\/\/www.welovecycling.com\/es\/wp-json\/wp\/v2\/posts\/11494\/revisions"}],"predecessor-version":[{"id":11516,"href":"https:\/\/www.welovecycling.com\/es\/wp-json\/wp\/v2\/posts\/11494\/revisions\/11516"}],"wp:featuredmedia":[{"embeddable":true,"href":"https:\/\/www.welovecycling.com\/es\/wp-json\/wp\/v2\/media\/11227"}],"wp:attachment":[{"href":"https:\/\/www.welovecycling.com\/es\/wp-json\/wp\/v2\/media?parent=11494"}],"wp:term":[{"taxonomy":"category","embeddable":true,"href":"https:\/\/www.welovecycling.com\/es\/wp-json\/wp\/v2\/categories?post=11494"},{"taxonomy":"post_tag","embeddable":true,"href":"https:\/\/www.welovecycling.com\/es\/wp-json\/wp\/v2\/tags?post=11494"},{"taxonomy":"global-categories","embeddable":true,"href":"https:\/\/www.welovecycling.com\/es\/wp-json\/wp\/v2\/global-categories?post=11494"}],"curies":[{"name":"wp","href":"https:\/\/api.w.org\/{rel}","templated":true}]}}