{"id":11476,"date":"2025-01-31T14:58:52","date_gmt":"2025-01-31T12:58:52","guid":{"rendered":"https:\/\/www.welovecycling.com\/es\/?p=11476"},"modified":"2025-01-31T14:58:52","modified_gmt":"2025-01-31T12:58:52","slug":"strava","status":"publish","type":"post","link":"https:\/\/www.welovecycling.com\/es\/2025\/01\/31\/strava\/","title":{"rendered":"Si no est\u00e1 en Strava, no sucedi\u00f3: La psicolog\u00eda del ciclista"},"content":{"rendered":"<p style=\"font-weight: 400;\"><strong>\u00abStrava o nunca ocurri\u00f3\u00bb. Lo sabes, \u00bfverdad? Es a lo que se ha reducido montar en bici. Y para ser honesto, eso no es intr\u00ednsecamente malo. Aunque ya han pasado los d\u00edas en los que pod\u00edas salir a dar una vuelta y a nadie le importaba por d\u00f3nde hab\u00edas rodado, cu\u00e1nto tiempo hab\u00edas tardado y a qu\u00e9 velocidad hab\u00edas subido o te hab\u00edas comido ese pastel durante la parada para el caf\u00e9.<\/strong><\/p>\n<p style=\"font-weight: 400;\"><!--more--><\/p>\n<p style=\"font-weight: 400;\">S\u00ed, Strava no es s\u00f3lo una herramienta de entrenamiento. Es Facebook para deportistas, pero especialmente para ciclistas. De hecho, nuestra especie estaba obsesionada con las estad\u00edsticas mucho antes de que se inventaran los smartphones. La \u00fanica diferencia es que compart\u00edamos nuestros r\u00e9cords a la antigua usanza: presumiendo durante las pausas para el caf\u00e9 o en reuniones sociales.<\/p>\n<p>Hoy esperamos que empiecen a llovernos los elogios en cuanto subimos nuestras m\u00e9tricas a la aplicaci\u00f3n. No hace falta crear una historia glorificadora en torno a tu esfuerzo. Sin emociones, sin conexi\u00f3n. S\u00f3lo estad\u00edsticas.<\/p>\n<p>Pero, \u00bfpor qu\u00e9 somos as\u00ed? \u00bfPor qu\u00e9 eliminamos parte de la alegr\u00eda de ser ciclista para mostrar unos n\u00fameros a gente cualquiera?<\/p>\n<h2><strong>La b\u00fasqueda de la validaci\u00f3n<\/strong><\/h2>\n<p>En esencia, Strava aprovecha las bases psicol\u00f3gicas que impulsan el comportamiento humano: nuestra necesidad de validaci\u00f3n, competici\u00f3n y comunidad. Somos criaturas sociales. Nos encanta formar parte de un grupo. Pero lo que m\u00e1s nos gusta es recibir premios de nuestros amigos, familiares o desconocidos. Aqu\u00ed es donde Strava saca partido. <strong>La estrella de oro digital de la plataforma, los kudos, se sienten como una peque\u00f1a palmadita en la espalda, un \u00abbien hecho\u00bb en miniatura de las \u00fanicas personas que te importan: otros ciclistas.<\/strong><\/p>\n<p>Algunas personas mucho m\u00e1s inteligentes que yo descubrieron que recibir reconocimiento digital, independientemente de qui\u00e9n lo otorgue, libera lo bueno. Me refiero a la <a href=\"https:\/\/www.welovecycling.com\/wide\/series\/dopamine-detox\/\">dopamina<\/a>, claro. \u00bfDe qu\u00e9 cre\u00edas que estaba hablando? La dopamina es la sustancia qu\u00edmica que te hace sentir bien.<\/p>\n<p>Por desgracia, al igual que la mayor\u00eda de las sustancias qu\u00edmicas, cuanta m\u00e1s dopamina recibes, m\u00e1s resistente se vuelve tu cuerpo. As\u00ed que no s\u00f3lo tienes que seguir recibiendo elogios, sino tambi\u00e9n aumentar su volumen e intentar recibir uno o dos comentarios. No hay nada mejor que recibir un comentario \u00abguau\u00bb de un completo desconocido. Este reconocimiento nos motiva a esforzarnos m\u00e1s, a rodar m\u00e1s tiempo y, s\u00ed, a subir de vez en cuando una entrada manual sospechosamente impresionante cuando se nos olvida pulsar \u00abgrabar\u00bb.<\/p>\n<p>Sin embargo, el deseo de validaci\u00f3n puede crear un trasfondo competitivo. Los ciclistas se encuentran comparando sus puntuaciones con las de sus compa\u00f1eros, pregunt\u00e1ndose en voz baja por qu\u00e9 sus repeticiones de cuestas perfectamente ejecutadas no han recibido tanto amor como el \u00abrelajante paseo dominical con caf\u00e9\u00bb de Karen.<\/p>\n<figure id=\"attachment_11478\" aria-describedby=\"caption-attachment-11478\" style=\"width: 990px\" class=\"wp-caption alignnone\"><a href=\"https:\/\/d2p6e6u75xmxt8.cloudfront.net\/6\/2025\/01\/Woman-Cyclist-Phone-profimedia-0958546215.webp\"><img loading=\"lazy\" decoding=\"async\" class=\"wp-image-11478 size-full\" src=\"https:\/\/d2p6e6u75xmxt8.cloudfront.net\/6\/2025\/01\/Woman-Cyclist-Phone-profimedia-0958546215.webp\" alt=\"A cyclist with phone\" width=\"990\" height=\"660\" srcset=\"https:\/\/d2p6e6u75xmxt8.cloudfront.net\/6\/2025\/01\/Woman-Cyclist-Phone-profimedia-0958546215.webp 990w, https:\/\/d2p6e6u75xmxt8.cloudfront.net\/6\/2025\/01\/Woman-Cyclist-Phone-profimedia-0958546215-300x200.webp 300w, https:\/\/d2p6e6u75xmxt8.cloudfront.net\/6\/2025\/01\/Woman-Cyclist-Phone-profimedia-0958546215-768x512.webp 768w, https:\/\/d2p6e6u75xmxt8.cloudfront.net\/6\/2025\/01\/Woman-Cyclist-Phone-profimedia-0958546215-400x267.webp 400w, https:\/\/d2p6e6u75xmxt8.cloudfront.net\/6\/2025\/01\/Woman-Cyclist-Phone-profimedia-0958546215-272x182.webp 272w\" sizes=\"auto, (max-width: 990px) 100vw, 990px\" \/><\/a><figcaption id=\"caption-attachment-11478\" class=\"wp-caption-text\">Strava no es solo para entrenar. \u00a9 Profimedia<\/figcaption><\/figure>\n<h2><strong><br \/>\nLa mentalidad KOM\/QOM<\/strong><\/h2>\n<p>El sistema Rey o Reina de la Monta\u00f1a (KOM\/QOM) es la joya de la corona de Strava. Permite a los ciclistas estar en carrera incluso cuando van solos. Perseguir un KOM satisface nuestro impulso innato de logro, nuestra necesidad de medirnos con los dem\u00e1s.<\/p>\n<p>La teor\u00eda de la<strong> comparaci\u00f3n social<\/strong> sugiere que medimos nuestras capacidades compar\u00e1ndonos con los dem\u00e1s. Esto est\u00e1 grabado en nuestra psicolog\u00eda desde que empezamos a jugar en el jard\u00edn de infancia. Tambi\u00e9n es un instinto humano b\u00e1sico, ya que hace 12.000 a\u00f1os ser mejor significaba sobrevivir.<\/p>\n<p>Por suerte, si hoy te caes en una escalada, no te comer\u00e1 una manada de lobos. Aun as\u00ed, te sentir\u00e1s abatido e incluso deprimido. Strava amplifica esta sensaci\u00f3n clasificando a los ciclistas en tablas de clasificaci\u00f3n, convirtiendo cada segmento en una prueba de forma f\u00edsica y agallas. La clasificaci\u00f3n no miente: o est\u00e1s en lo m\u00e1s alto o persigues a alguien que lo est\u00e1.<\/p>\n<p>Como era de esperar, la persecuci\u00f3n del KOM puede llegar a ser obsesiva. Si empiezas a planificar tus salidas en funci\u00f3n de la direcci\u00f3n del viento y las condiciones \u00f3ptimas, ser\u00e1 mejor que bajes el ritmo. No olvides que el ciclismo es divertido y que no todos los recorridos deben ser una persecuci\u00f3n.<\/p>\n<h2><strong>Los segmentos<\/strong><\/h2>\n<p>Los segmentos son la genial invenci\u00f3n de Strava, que transforma tramos mundanos de carretera en oportunidades para alcanzar la gloria. Cada segmento ofrece un objetivo cuantificable, ya sea batir tu mejor marca personal o superar al misterioso ciclista local que obviamente utiliz\u00f3 una e-bike. S\u00ed, Jacke, sabemos que no puedes subir 2,4 km a una media del 8% en 2:50. Esto se basa en la teor\u00eda de la fijaci\u00f3n de objetivos, que afirma que los objetivos espec\u00edficos y desafiantes aumentan la motivaci\u00f3n y el rendimiento. Los segmentos proporcionan estos peque\u00f1os retos, empujando a los ciclistas a poner a prueba sus l\u00edmites en busca del progreso.<\/p>\n<p>Sin embargo, los segmentos tambi\u00e9n desencadenan lo que los psic\u00f3logos denominan <strong>\u00abadicci\u00f3n al logro\u00bb.<\/strong> La emoci\u00f3n de establecer un nuevo r\u00e9cord o de ascender en la clasificaci\u00f3n puede eclipsar el objetivo general del recorrido. Los ciclistas pueden saltarse el calentamiento, agotarse antes de tiempo o asumir riesgos innecesarios, todo ello con tal de recortar unos segundos a un segmento.<\/p>\n<p>Adem\u00e1s, muchos simplemente ignorar\u00edan nuevas rutas s\u00f3lo para poder superar ese segmento concreto. El ciclismo no es eso.<\/p>\n<h2><strong>Miedo a olvidarse de grabar<\/strong><\/h2>\n<p>Del mismo modo, no se trata de que te graben. No pasa nada si te olvidas de pulsar el bot\u00f3n de inicio en el ordenador o en el reloj. No tienes que volver a bajar una dura subida del 15% para poder grabar tu tiempo.<\/p>\n<p>M\u00e1s de un ciclista tendr\u00e1 una rabieta si se olvida de grabar los primeros 10 minutos de su recorrido. Es como si les pagaran por hacerlo. Este fen\u00f3meno est\u00e1 ligado al concepto de validaci\u00f3n externa. Strava ha condicionado a los ciclistas a equiparar el valor de sus salidas con el reconocimiento p\u00fablico. Un recorrido no registrado se siente incompleto, como una historia no contada. Para hacer frente a esta situaci\u00f3n, algunos ciclistas recurren a las entradas manuales con descripciones detalladas de sus haza\u00f1as, mientras que otros repiten el recorrido s\u00f3lo para asegurarse de que est\u00e1 debidamente documentado. En cualquier caso, es un testimonio de lo profundamente que Strava se ha integrado en la psique del ciclista.<\/p>\n<p>Sin embargo, no deber\u00eda ser as\u00ed. Strava deber\u00eda mejorar tu experiencia, no dirigirla. Deber\u00edas poder parar y disfrutar de las vistas. Deber\u00edas poder hablar con tus amigos durante el recorrido. Deber\u00edas poder simplemente parar en un sem\u00e1foro en rojo. Strava no lo es todo. Sin embargo, muchos parecen olvidarlo.<\/p>\n<h2><strong>Why it matters<\/strong><\/h2>\n<p style=\"font-weight: 400;\">Cada salida puede ser una historia, no importa si Strava est\u00e1 vigilando cada pedalada tuya. Sin embargo, con Strava de tu parte, nadie puede afirmar que exageraste. La primera vez que baj\u00e9 a 100 km\/h, nadie lo habr\u00eda cre\u00eddo si Strava no lo hubiera confirmado. Pero puedes conseguir el mismo efecto si pedaleas con tus colegas. S\u00ed, puede que no digan: \u00ab&#8230;y luego apret\u00f3 a 1.200 vatios y pr\u00e1cticamente bati\u00f3 a <a href=\"https:\/\/www.welovecycling.com\/wide\/2024\/05\/17\/jonathan-milan-the-big-man-of-the-giro-sprints\/\">Jonathan Milan<\/a> en ese segmento de sprint\u00bb, pero ser\u00e1n mucho m\u00e1s pintorescos en su descripci\u00f3n de lo sucedido. Los n\u00fameros son s\u00f3lo n\u00fameros. No transmiten emociones. Y tu emoci\u00f3n siempre se multiplica cuando la compartes con otra persona.<\/p>\n<h2><strong>Sucedi\u00f3<\/strong><\/h2>\n<p>Al final, Strava no es m\u00e1s que una plataforma. Claro, es un fen\u00f3meno que refleja lo mejor y lo peor de la psicolog\u00eda humana. Pero en el fondo, Strava es una conexi\u00f3n social artificial dirigida a los ciclistas (y a otros deportistas). Aunque puede imitar el sentido de la sociedad, nunca podr\u00e1 sustituir a un buen paseo con muchos amigos, que termine con un par de cervezas fr\u00edas en el parque o en el pub.<\/p>\n<p>As\u00ed que, adelante, persigue ese KOM, sube ese recorrido y dale a tus amigos unos merecidos elogios. Pero no olvides por qu\u00e9 empezaste a montar en bici: no por las estad\u00edsticas, sino por el placer de pedalear.<\/p>\n","protected":false},"excerpt":{"rendered":"<p>\u00abStrava o nunca ocurri\u00f3\u00bb. Lo sabes, \u00bfverdad? Es a lo que se ha reducido montar en bici. Y para ser [&hellip;]<\/p>\n","protected":false},"author":29,"featured_media":11483,"comment_status":"open","ping_status":"open","sticky":false,"template":"","format":"standard","meta":{"footnotes":""},"categories":[7,9],"tags":[],"global-categories":[],"class_list":["post-11476","post","type-post","status-publish","format-standard","has-post-thumbnail","hentry","category-carretera","category-mtb-aventura"],"yoast_head":"<!-- This site is optimized with the Yoast SEO Premium plugin v25.3 (Yoast SEO v25.9) - https:\/\/yoast.com\/wordpress\/plugins\/seo\/ -->\n<title>Si no est\u00e1 en Strava, no sucedi\u00f3: La psicolog\u00eda del ciclista<\/title>\n<meta name=\"description\" content=\"Si no est\u00e1 en Strava, no sucedi\u00f3: La psicolog\u00eda del ciclista. As\u00ed piensa un ciclista cuando se mete en Strava.\" \/>\n<meta name=\"robots\" content=\"index, follow, max-snippet:-1, max-image-preview:large, max-video-preview:-1\" \/>\n<link rel=\"canonical\" href=\"https:\/\/www.welovecycling.com\/es\/2025\/01\/31\/strava\/\" \/>\n<meta property=\"og:locale\" content=\"es_ES\" \/>\n<meta property=\"og:type\" content=\"article\" \/>\n<meta property=\"og:title\" content=\"Si no est\u00e1 en Strava, no sucedi\u00f3: La psicolog\u00eda del ciclista\" \/>\n<meta property=\"og:description\" content=\"Si no est\u00e1 en Strava, no sucedi\u00f3: La psicolog\u00eda del ciclista. As\u00ed piensa un ciclista cuando se mete en Strava.\" \/>\n<meta property=\"og:url\" content=\"https:\/\/www.welovecycling.com\/es\/2025\/01\/31\/strava\/\" \/>\n<meta property=\"og:site_name\" content=\"\u0160koda We Love Cycling - Spain\" \/>\n<meta property=\"article:published_time\" content=\"2025-01-31T12:58:52+00:00\" \/>\n<meta property=\"og:image\" content=\"https:\/\/d2p6e6u75xmxt8.cloudfront.net\/6\/2025\/01\/Cyclist-With-Phone-profimedia-0912574669-CVR.webp\" \/>\n\t<meta property=\"og:image:width\" content=\"990\" \/>\n\t<meta property=\"og:image:height\" content=\"660\" \/>\n\t<meta property=\"og:image:type\" content=\"image\/webp\" \/>\n<meta name=\"author\" content=\"We Love Cycling Spain\" \/>\n<meta name=\"twitter:card\" content=\"summary_large_image\" \/>\n<meta name=\"twitter:description\" content=\"Si no est\u00e1 en Strava, no sucedi\u00f3: La psicolog\u00eda del ciclista. As\u00ed piensa un ciclista cuando se mete en Strava.\" \/>\n<meta name=\"twitter:label1\" content=\"Written by\" \/>\n\t<meta name=\"twitter:data1\" content=\"Martin Atanasov\" \/>\n\t<meta name=\"twitter:label2\" content=\"Est. reading time\" \/>\n\t<meta name=\"twitter:data2\" content=\"4\" \/>\n<script type=\"application\/ld+json\" class=\"yoast-schema-graph\">{\"@context\":\"https:\/\/schema.org\",\"@graph\":[{\"@type\":\"WebPage\",\"@id\":\"https:\/\/www.welovecycling.com\/es\/2025\/01\/31\/strava\/\",\"url\":\"https:\/\/www.welovecycling.com\/es\/2025\/01\/31\/strava\/\",\"name\":\"Si no est\u00e1 en Strava, no sucedi\u00f3: La psicolog\u00eda del ciclista\",\"isPartOf\":{\"@id\":\"https:\/\/www.welovecycling.com\/es\/#website\"},\"primaryImageOfPage\":{\"@id\":\"https:\/\/www.welovecycling.com\/es\/2025\/01\/31\/strava\/#primaryimage\"},\"image\":{\"@id\":\"https:\/\/www.welovecycling.com\/es\/2025\/01\/31\/strava\/#primaryimage\"},\"thumbnailUrl\":\"https:\/\/d2p6e6u75xmxt8.cloudfront.net\/6\/2025\/01\/Cyclist-With-Phone-profimedia-0912574669-CVR.webp\",\"datePublished\":\"2025-01-31T12:58:52+00:00\",\"author\":{\"@id\":\"https:\/\/www.welovecycling.com\/es\/#\/schema\/person\/deb61715b5812698ee79fb96f343ccd4\"},\"description\":\"Si no est\u00e1 en Strava, no sucedi\u00f3: La psicolog\u00eda del ciclista. As\u00ed piensa un ciclista cuando se mete en Strava.\",\"breadcrumb\":{\"@id\":\"https:\/\/www.welovecycling.com\/es\/2025\/01\/31\/strava\/#breadcrumb\"},\"inLanguage\":\"es-ES\",\"potentialAction\":[{\"@type\":\"ReadAction\",\"target\":[\"https:\/\/www.welovecycling.com\/es\/2025\/01\/31\/strava\/\"]}]},{\"@type\":\"ImageObject\",\"inLanguage\":\"es-ES\",\"@id\":\"https:\/\/www.welovecycling.com\/es\/2025\/01\/31\/strava\/#primaryimage\",\"url\":\"https:\/\/d2p6e6u75xmxt8.cloudfront.net\/6\/2025\/01\/Cyclist-With-Phone-profimedia-0912574669-CVR.webp\",\"contentUrl\":\"https:\/\/d2p6e6u75xmxt8.cloudfront.net\/6\/2025\/01\/Cyclist-With-Phone-profimedia-0912574669-CVR.webp\",\"width\":990,\"height\":660,\"caption\":\"Cyclist with a phone\"},{\"@type\":\"BreadcrumbList\",\"@id\":\"https:\/\/www.welovecycling.com\/es\/2025\/01\/31\/strava\/#breadcrumb\",\"itemListElement\":[{\"@type\":\"ListItem\",\"position\":1,\"name\":\"Home\",\"item\":\"https:\/\/www.welovecycling.com\/es\/\"},{\"@type\":\"ListItem\",\"position\":2,\"name\":\"Si no est\u00e1 en Strava, no sucedi\u00f3: La psicolog\u00eda del ciclista\"}]},{\"@type\":\"WebSite\",\"@id\":\"https:\/\/www.welovecycling.com\/es\/#website\",\"url\":\"https:\/\/www.welovecycling.com\/es\/\",\"name\":\"\u0160koda We Love Cycling - Spain\",\"description\":\"\u0160koda WeLoveCycling Spain\",\"potentialAction\":[{\"@type\":\"SearchAction\",\"target\":{\"@type\":\"EntryPoint\",\"urlTemplate\":\"https:\/\/www.welovecycling.com\/es\/?s={search_term_string}\"},\"query-input\":{\"@type\":\"PropertyValueSpecification\",\"valueRequired\":true,\"valueName\":\"search_term_string\"}}],\"inLanguage\":\"es-ES\"},{\"@type\":\"Person\",\"@id\":\"https:\/\/www.welovecycling.com\/es\/#\/schema\/person\/deb61715b5812698ee79fb96f343ccd4\",\"name\":\"We Love Cycling Spain\",\"image\":{\"@type\":\"ImageObject\",\"inLanguage\":\"es-ES\",\"@id\":\"https:\/\/www.welovecycling.com\/es\/#\/schema\/person\/image\/\",\"url\":\"https:\/\/secure.gravatar.com\/avatar\/c824b04e6df0e37a03219d0b6481672889df542894588964102459e46513159c?s=96&d=mm&r=g\",\"contentUrl\":\"https:\/\/secure.gravatar.com\/avatar\/c824b04e6df0e37a03219d0b6481672889df542894588964102459e46513159c?s=96&d=mm&r=g\",\"caption\":\"We Love Cycling Spain\"},\"url\":\"https:\/\/www.welovecycling.com\/es\/author\/amunoz\/\"}]}<\/script>\n<!-- \/ Yoast SEO Premium plugin. -->","yoast_head_json":{"title":"Si no est\u00e1 en Strava, no sucedi\u00f3: La psicolog\u00eda del ciclista","description":"Si no est\u00e1 en Strava, no sucedi\u00f3: La psicolog\u00eda del ciclista. As\u00ed piensa un ciclista cuando se mete en Strava.","robots":{"index":"index","follow":"follow","max-snippet":"max-snippet:-1","max-image-preview":"max-image-preview:large","max-video-preview":"max-video-preview:-1"},"canonical":"https:\/\/www.welovecycling.com\/es\/2025\/01\/31\/strava\/","og_locale":"es_ES","og_type":"article","og_title":"Si no est\u00e1 en Strava, no sucedi\u00f3: La psicolog\u00eda del ciclista","og_description":"Si no est\u00e1 en Strava, no sucedi\u00f3: La psicolog\u00eda del ciclista. As\u00ed piensa un ciclista cuando se mete en Strava.","og_url":"https:\/\/www.welovecycling.com\/es\/2025\/01\/31\/strava\/","og_site_name":"\u0160koda We Love Cycling - Spain","article_published_time":"2025-01-31T12:58:52+00:00","og_image":[{"width":990,"height":660,"url":"https:\/\/d2p6e6u75xmxt8.cloudfront.net\/6\/2025\/01\/Cyclist-With-Phone-profimedia-0912574669-CVR.webp","type":"image\/webp"}],"author":"We Love Cycling Spain","twitter_card":"summary_large_image","twitter_description":"Si no est\u00e1 en Strava, no sucedi\u00f3: La psicolog\u00eda del ciclista. As\u00ed piensa un ciclista cuando se mete en Strava.","twitter_misc":{"Written by":"Martin Atanasov","Est. reading time":"4"},"schema":{"@context":"https:\/\/schema.org","@graph":[{"@type":"WebPage","@id":"https:\/\/www.welovecycling.com\/es\/2025\/01\/31\/strava\/","url":"https:\/\/www.welovecycling.com\/es\/2025\/01\/31\/strava\/","name":"Si no est\u00e1 en Strava, no sucedi\u00f3: La psicolog\u00eda del ciclista","isPartOf":{"@id":"https:\/\/www.welovecycling.com\/es\/#website"},"primaryImageOfPage":{"@id":"https:\/\/www.welovecycling.com\/es\/2025\/01\/31\/strava\/#primaryimage"},"image":{"@id":"https:\/\/www.welovecycling.com\/es\/2025\/01\/31\/strava\/#primaryimage"},"thumbnailUrl":"https:\/\/d2p6e6u75xmxt8.cloudfront.net\/6\/2025\/01\/Cyclist-With-Phone-profimedia-0912574669-CVR.webp","datePublished":"2025-01-31T12:58:52+00:00","author":{"@id":"https:\/\/www.welovecycling.com\/es\/#\/schema\/person\/deb61715b5812698ee79fb96f343ccd4"},"description":"Si no est\u00e1 en Strava, no sucedi\u00f3: La psicolog\u00eda del ciclista. As\u00ed piensa un ciclista cuando se mete en Strava.","breadcrumb":{"@id":"https:\/\/www.welovecycling.com\/es\/2025\/01\/31\/strava\/#breadcrumb"},"inLanguage":"es-ES","potentialAction":[{"@type":"ReadAction","target":["https:\/\/www.welovecycling.com\/es\/2025\/01\/31\/strava\/"]}]},{"@type":"ImageObject","inLanguage":"es-ES","@id":"https:\/\/www.welovecycling.com\/es\/2025\/01\/31\/strava\/#primaryimage","url":"https:\/\/d2p6e6u75xmxt8.cloudfront.net\/6\/2025\/01\/Cyclist-With-Phone-profimedia-0912574669-CVR.webp","contentUrl":"https:\/\/d2p6e6u75xmxt8.cloudfront.net\/6\/2025\/01\/Cyclist-With-Phone-profimedia-0912574669-CVR.webp","width":990,"height":660,"caption":"Cyclist with a phone"},{"@type":"BreadcrumbList","@id":"https:\/\/www.welovecycling.com\/es\/2025\/01\/31\/strava\/#breadcrumb","itemListElement":[{"@type":"ListItem","position":1,"name":"Home","item":"https:\/\/www.welovecycling.com\/es\/"},{"@type":"ListItem","position":2,"name":"Si no est\u00e1 en Strava, no sucedi\u00f3: La psicolog\u00eda del ciclista"}]},{"@type":"WebSite","@id":"https:\/\/www.welovecycling.com\/es\/#website","url":"https:\/\/www.welovecycling.com\/es\/","name":"\u0160koda We Love Cycling - Spain","description":"\u0160koda WeLoveCycling Spain","potentialAction":[{"@type":"SearchAction","target":{"@type":"EntryPoint","urlTemplate":"https:\/\/www.welovecycling.com\/es\/?s={search_term_string}"},"query-input":{"@type":"PropertyValueSpecification","valueRequired":true,"valueName":"search_term_string"}}],"inLanguage":"es-ES"},{"@type":"Person","@id":"https:\/\/www.welovecycling.com\/es\/#\/schema\/person\/deb61715b5812698ee79fb96f343ccd4","name":"We Love Cycling Spain","image":{"@type":"ImageObject","inLanguage":"es-ES","@id":"https:\/\/www.welovecycling.com\/es\/#\/schema\/person\/image\/","url":"https:\/\/secure.gravatar.com\/avatar\/c824b04e6df0e37a03219d0b6481672889df542894588964102459e46513159c?s=96&d=mm&r=g","contentUrl":"https:\/\/secure.gravatar.com\/avatar\/c824b04e6df0e37a03219d0b6481672889df542894588964102459e46513159c?s=96&d=mm&r=g","caption":"We Love Cycling Spain"},"url":"https:\/\/www.welovecycling.com\/es\/author\/amunoz\/"}]}},"_links":{"self":[{"href":"https:\/\/www.welovecycling.com\/es\/wp-json\/wp\/v2\/posts\/11476","targetHints":{"allow":["GET"]}}],"collection":[{"href":"https:\/\/www.welovecycling.com\/es\/wp-json\/wp\/v2\/posts"}],"about":[{"href":"https:\/\/www.welovecycling.com\/es\/wp-json\/wp\/v2\/types\/post"}],"author":[{"embeddable":true,"href":"https:\/\/www.welovecycling.com\/es\/wp-json\/wp\/v2\/users\/29"}],"replies":[{"embeddable":true,"href":"https:\/\/www.welovecycling.com\/es\/wp-json\/wp\/v2\/comments?post=11476"}],"version-history":[{"count":2,"href":"https:\/\/www.welovecycling.com\/es\/wp-json\/wp\/v2\/posts\/11476\/revisions"}],"predecessor-version":[{"id":11487,"href":"https:\/\/www.welovecycling.com\/es\/wp-json\/wp\/v2\/posts\/11476\/revisions\/11487"}],"wp:featuredmedia":[{"embeddable":true,"href":"https:\/\/www.welovecycling.com\/es\/wp-json\/wp\/v2\/media\/11483"}],"wp:attachment":[{"href":"https:\/\/www.welovecycling.com\/es\/wp-json\/wp\/v2\/media?parent=11476"}],"wp:term":[{"taxonomy":"category","embeddable":true,"href":"https:\/\/www.welovecycling.com\/es\/wp-json\/wp\/v2\/categories?post=11476"},{"taxonomy":"post_tag","embeddable":true,"href":"https:\/\/www.welovecycling.com\/es\/wp-json\/wp\/v2\/tags?post=11476"},{"taxonomy":"global-categories","embeddable":true,"href":"https:\/\/www.welovecycling.com\/es\/wp-json\/wp\/v2\/global-categories?post=11476"}],"curies":[{"name":"wp","href":"https:\/\/api.w.org\/{rel}","templated":true}]}}